{"id":11045,"date":"2022-08-10T09:00:00","date_gmt":"2022-08-10T12:00:00","guid":{"rendered":"https:\/\/www.agenciainfra.com\/blog\/?p=11045"},"modified":"2022-08-09T11:17:23","modified_gmt":"2022-08-09T14:17:23","slug":"agentes-pedem-o-aumento-no-preco-teto-do-leilao-de-termicas-em-setembro","status":"publish","type":"post","link":"https:\/\/agenciainfra.com\/blog\/agentes-pedem-o-aumento-no-preco-teto-do-leilao-de-termicas-em-setembro\/","title":{"rendered":"Agentes pedem o aumento no pre\u00e7o teto do leil\u00e3o de t\u00e9rmicas em setembro"},"content":{"rendered":"\n<p class=\"has-text-align-right\"><strong>Alexandre Leoratti e Leila Coimbra,&nbsp;da Ag\u00eancia iNFRA<\/strong><\/p>\n\n\n\n<p>Agentes do setor de energia buscam aumentar o&nbsp;pre\u00e7o teto para a realiza\u00e7\u00e3o do primeiro leil\u00e3o de reserva de capacidade de t\u00e9rmicas a g\u00e1s previsto na lei 14.182\/2021, que permitiu a privatiza\u00e7\u00e3o da Eletrobras. H\u00e1 a exig\u00eancia legal de contrata\u00e7\u00e3o de 8 GW (gigawatts), dos quais 2 GW ser\u00e3o leiloados no dia 30 de setembro, v\u00e9speras das elei\u00e7\u00f5es.<br><br>Altera\u00e7\u00f5es na dosimetria das penaliza\u00e7\u00f5es tamb\u00e9m foram propostas pelos agentes. As mudan\u00e7as foram sugeridas por meio das consultas p\u00fablicas 35\/2022, da ANEEL (Ag\u00eancia Nacional de Energia El\u00e9trica) e 126\/2022, do MME (Minist\u00e9rio de Minas e Energia).<br><br>A an\u00e1lise \u00e9 de que os valores da energia n\u00e3o est\u00e3o de acordo com o atual pre\u00e7o do g\u00e1s no mercado internacional.&nbsp;Al\u00e9m disso, h\u00e1 um excesso nas&nbsp;penaliza\u00e7\u00f5es.&nbsp;<br><br>\u201cEst\u00e1 bem equacionado o programa&nbsp;do leil\u00e3o. Entretanto, a dosimetria usada foi maior nesse leil\u00e3o em rela\u00e7\u00e3o a diversos outros\u201d, afirmou Xisto Vieira, presidente da Abraget (Associa\u00e7\u00e3o Brasileira de Geradoras Termel\u00e9tricas).<br><br>Ele explica que a associa\u00e7\u00e3o sugeriu por meio de&nbsp;consulta&nbsp;p\u00fablica&nbsp;pequenos ajustes para um leil\u00e3o mais competitivo e com o&nbsp;maior n\u00famero de participantes.&nbsp;<br><br><strong>Pre\u00e7o Teto<\/strong><br>Em rela\u00e7\u00e3o ao pre\u00e7o teto refer\u00eancia para a gera\u00e7\u00e3o a g\u00e1s natural, o valor utilizado ter\u00e1 como base o Leil\u00e3o A-6, de 2019, atualizado pela EPE (Empresa de Pesquisa Energ\u00e9tica). O&nbsp;valor-base \u00e9 de R$ 450 MW\/h.&nbsp;<br><br>Segundo Jo\u00e3o Carlos Mello, presidente da Thymos Energia, uma corre\u00e7\u00e3o no pre\u00e7o teto pode evitar desist\u00eancias de players no leil\u00e3o. Ele explica que o MME estabeleceu o pre\u00e7o do certame por meio da m\u00e9dia do pre\u00e7o do g\u00e1s natural nos \u00faltimos 10 anos. Esse valor, explica Mello, pode n\u00e3o refletir o atual pre\u00e7o do g\u00e1s, em alta no mercado internacional, que teve uma explos\u00e3o nos \u00faltimos meses, com a guerra da Ucr\u00e2nia. &nbsp;<br><br>\u201cEsper\u00e1vamos R$ 550 MWh, que seria a conjuntura do&nbsp;g\u00e1s no momento. O teto est\u00e1 hoje para o leil\u00e3o na ordem de R$ 430 MWh. Acho que essa solu\u00e7\u00e3o de pegar a m\u00e9dia dos \u00faltimos 10 anos aperta um pouco o projeto. Isso porque, al\u00e9m do pre\u00e7o do g\u00e1s, tem gasoduto para fazer e uma s\u00e9rie de incertezas neste contexto\u201d, disse Mello.&nbsp;<br><br>Ele acrescenta que o maior problema pode acontecer em 2023, quando o leil\u00e3o ser\u00e1 com produtos no Sudeste, onde h\u00e1 gasodutos associados. \u201cComo h\u00e1 muita incerteza, pode haver desist\u00eancias. Um pequeno reajuste, entretanto, pode fazer com que o leil\u00e3o seja um sucesso\u201d, afirmou.<br><br>Ainda na precifica\u00e7\u00e3o do leil\u00e3o, parte do mercado esperava que o c\u00e1lculo para o valor m\u00e1ximo&nbsp;utilizasse como base o IPCA e uma pondera\u00e7\u00e3o do custo atual do g\u00e1s natural, na propor\u00e7\u00e3o de 60% para o IPCA e 40% para o&nbsp;pre\u00e7o do g\u00e1s. Entretanto, o MME optou por utilizar a m\u00e9dia do pre\u00e7o dos \u00faltimos dez anos.&nbsp;<br><br>Ser\u00e3o tr\u00eas produtos negociados: Regi\u00e3o Norte, para in\u00edcio de suprimento em 31 de dezembro de 2026; produto Regi\u00e3o Nordeste Maranh\u00e3o, para in\u00edcio de suprimento em 31 de dezembro de 2027; produto Regi\u00e3o Nordeste Piau\u00ed, para in\u00edcio de suprimento em 31 de dezembro de 2027. Ser\u00e3o 1.000 MW para o Norte e 1.000 MW para o Nordeste.&nbsp;<br><br><strong>Necessidade de leil\u00e3o<\/strong><br>Por outro lado, parte do mercado criticou a real necessidade do leil\u00e3o no atual cen\u00e1rio energ\u00e9tico no pa\u00eds. Segundo Fernando Porrua, diretor t\u00e9cnico da PSR, \u00e9 necess\u00e1rio avaliar se efetivamente&nbsp;seria preciso fazer um leil\u00e3o de t\u00e9rmicas e se o pa\u00eds precisar\u00e1 de nova gera\u00e7\u00e3o de energia nessa matriz a partir de 2026.<br><br>Ele destaca o alto n\u00edvel de inflexibilidade no certame, com 70% na m\u00e9dia anual, com restri\u00e7\u00e3o de, no m\u00e1ximo, 35% no per\u00edodo \u00famido.&nbsp;<br><br>\u201cA mensagem ao investidor \u00e9 que, tirando o per\u00edodo \u00famido, \u00e9 necess\u00e1rio entregar energia a g\u00e1s o tempo todo. O investidor vai olhar para o custo de oportunidade l\u00e1 fora, com o atual pre\u00e7o do g\u00e1s, e pode trazer uma condi\u00e7\u00e3o n\u00e3o muito interessante de valor e que n\u00e3o caiba no pre\u00e7o teto\u201d, afirmou.<\/p>\n","protected":false},"excerpt":{"rendered":"<p>Alexandre Leoratti e Leila Coimbra,&nbsp;da Ag\u00eancia iNFRA Agentes do setor de energia buscam aumentar o&nbsp;pre\u00e7o teto para a realiza\u00e7\u00e3o do primeiro leil\u00e3o de reserva de capacidade de t\u00e9rmicas a g\u00e1s previsto na lei 14.182\/2021, que permitiu a privatiza\u00e7\u00e3o da Eletrobras. H\u00e1 a exig\u00eancia legal de contrata\u00e7\u00e3o de 8 GW (gigawatts), dos quais 2 GW ser\u00e3o [&hellip;]<\/p>\n","protected":false},"author":1,"featured_media":3368,"comment_status":"closed","ping_status":"closed","sticky":false,"template":"","format":"standard","meta":{"_monsterinsights_skip_tracking":false,"_monsterinsights_sitenote_active":false,"_monsterinsights_sitenote_note":"","_monsterinsights_sitenote_category":0,"footnotes":""},"categories":[1,10],"tags":[724,53,50,25,343,254,71,212,5628,631],"class_list":["post-11045","post","type-post","status-publish","format-standard","has-post-thumbnail","hentry","category-geral","category-infraenergia","tag-abraget","tag-aneel","tag-eletrobras","tag-energia","tag-gas","tag-leilao","tag-mme","tag-preco","tag-reserva-de-capacidade","tag-termicas"],"yoast_head":"<!-- This site is optimized with the Yoast SEO Premium plugin v25.4 (Yoast SEO v26.0) - https:\/\/yoast.com\/wordpress\/plugins\/seo\/ -->\n<title>Agentes pedem o aumento no pre\u00e7o teto do leil\u00e3o de t\u00e9rmicas em setembro - Ag\u00eancia iNFRA<\/title>\n<meta name=\"robots\" content=\"index, follow, max-snippet:-1, max-image-preview:large, max-video-preview:-1\" \/>\n<link rel=\"canonical\" href=\"https:\/\/agenciainfra.com\/blog\/agentes-pedem-o-aumento-no-preco-teto-do-leilao-de-termicas-em-setembro\/\" \/>\n<meta property=\"og:locale\" content=\"pt_BR\" \/>\n<meta property=\"og:type\" content=\"article\" \/>\n<meta property=\"og:title\" content=\"Agentes pedem o aumento no pre\u00e7o teto do leil\u00e3o de t\u00e9rmicas em setembro\" \/>\n<meta property=\"og:description\" content=\"Alexandre Leoratti e Leila Coimbra,&nbsp;da Ag\u00eancia iNFRA Agentes do setor de energia buscam aumentar o&nbsp;pre\u00e7o teto para a realiza\u00e7\u00e3o do primeiro leil\u00e3o de reserva de capacidade de t\u00e9rmicas a g\u00e1s previsto na lei 14.182\/2021, que permitiu a privatiza\u00e7\u00e3o da Eletrobras. H\u00e1 a exig\u00eancia legal de contrata\u00e7\u00e3o de 8 GW (gigawatts), dos quais 2 GW ser\u00e3o [&hellip;]\" \/>\n<meta property=\"og:url\" content=\"https:\/\/agenciainfra.com\/blog\/agentes-pedem-o-aumento-no-preco-teto-do-leilao-de-termicas-em-setembro\/\" \/>\n<meta property=\"og:site_name\" content=\"Ag\u00eancia iNFRA\" \/>\n<meta property=\"article:publisher\" content=\"https:\/\/www.facebook.com\/ageninfra\" \/>\n<meta property=\"article:published_time\" content=\"2022-08-10T12:00:00+00:00\" \/>\n<meta property=\"og:image\" content=\"https:\/\/agenciainfra.com\/blog\/wp-content\/uploads\/2019\/06\/gas-natural-divulgacao-ebc.jpeg\" \/>\n\t<meta property=\"og:image:width\" content=\"3872\" \/>\n\t<meta property=\"og:image:height\" content=\"2592\" \/>\n\t<meta property=\"og:image:type\" content=\"image\/jpeg\" \/>\n<meta name=\"author\" content=\"Ag\u00eancia iNFRA\" \/>\n<meta name=\"twitter:card\" content=\"summary_large_image\" \/>\n<meta name=\"twitter:creator\" content=\"@agencia_infra\" \/>\n<meta name=\"twitter:site\" content=\"@agencia_infra\" \/>\n<meta name=\"twitter:label1\" content=\"Escrito por\" \/>\n\t<meta name=\"twitter:data1\" content=\"Ag\u00eancia iNFRA\" \/>\n\t<meta name=\"twitter:label2\" content=\"Est. tempo de leitura\" \/>\n\t<meta name=\"twitter:data2\" content=\"4 minutos\" \/>\n<script type=\"application\/ld+json\" class=\"yoast-schema-graph\">{\"@context\":\"https:\/\/schema.org\",\"@graph\":[{\"@type\":\"Article\",\"@id\":\"https:\/\/agenciainfra.com\/blog\/agentes-pedem-o-aumento-no-preco-teto-do-leilao-de-termicas-em-setembro\/#article\",\"isPartOf\":{\"@id\":\"https:\/\/agenciainfra.com\/blog\/agentes-pedem-o-aumento-no-preco-teto-do-leilao-de-termicas-em-setembro\/\"},\"author\":{\"name\":\"Ag\u00eancia iNFRA\",\"@id\":\"https:\/\/agenciainfra.com\/blog\/#\/schema\/person\/34af08dff6adea4cb22b06612ba7acfa\"},\"headline\":\"Agentes pedem o aumento no pre\u00e7o teto do leil\u00e3o de t\u00e9rmicas em setembro\",\"datePublished\":\"2022-08-10T12:00:00+00:00\",\"mainEntityOfPage\":{\"@id\":\"https:\/\/agenciainfra.com\/blog\/agentes-pedem-o-aumento-no-preco-teto-do-leilao-de-termicas-em-setembro\/\"},\"wordCount\":774,\"publisher\":{\"@id\":\"https:\/\/agenciainfra.com\/blog\/#organization\"},\"image\":{\"@id\":\"https:\/\/agenciainfra.com\/blog\/agentes-pedem-o-aumento-no-preco-teto-do-leilao-de-termicas-em-setembro\/#primaryimage\"},\"thumbnailUrl\":\"https:\/\/agenciainfra.com\/blog\/wp-content\/uploads\/2019\/06\/gas-natural-divulgacao-ebc-e1773146812799.jpeg\",\"keywords\":[\"abraget\",\"ANEEL\",\"Eletrobras\",\"energia\",\"g\u00e1s\",\"leil\u00e3o\",\"MME\",\"pre\u00e7o\",\"reserva de capacidade\",\"t\u00e9rmicas\"],\"articleSection\":[\"Geral\",\"iNFRAEnergia\"],\"inLanguage\":\"pt-BR\",\"copyrightYear\":\"2022\",\"copyrightHolder\":{\"@id\":\"https:\/\/agenciainfra.com\/blog\/#organization\"}},{\"@type\":\"WebPage\",\"@id\":\"https:\/\/agenciainfra.com\/blog\/agentes-pedem-o-aumento-no-preco-teto-do-leilao-de-termicas-em-setembro\/\",\"url\":\"https:\/\/agenciainfra.com\/blog\/agentes-pedem-o-aumento-no-preco-teto-do-leilao-de-termicas-em-setembro\/\",\"name\":\"Agentes pedem o aumento no pre\u00e7o teto do leil\u00e3o de t\u00e9rmicas em setembro - Ag\u00eancia iNFRA\",\"isPartOf\":{\"@id\":\"https:\/\/agenciainfra.com\/blog\/#website\"},\"primaryImageOfPage\":{\"@id\":\"https:\/\/agenciainfra.com\/blog\/agentes-pedem-o-aumento-no-preco-teto-do-leilao-de-termicas-em-setembro\/#primaryimage\"},\"image\":{\"@id\":\"https:\/\/agenciainfra.com\/blog\/agentes-pedem-o-aumento-no-preco-teto-do-leilao-de-termicas-em-setembro\/#primaryimage\"},\"thumbnailUrl\":\"https:\/\/agenciainfra.com\/blog\/wp-content\/uploads\/2019\/06\/gas-natural-divulgacao-ebc-e1773146812799.jpeg\",\"datePublished\":\"2022-08-10T12:00:00+00:00\",\"breadcrumb\":{\"@id\":\"https:\/\/agenciainfra.com\/blog\/agentes-pedem-o-aumento-no-preco-teto-do-leilao-de-termicas-em-setembro\/#breadcrumb\"},\"inLanguage\":\"pt-BR\",\"potentialAction\":[{\"@type\":\"ReadAction\",\"target\":[\"https:\/\/agenciainfra.com\/blog\/agentes-pedem-o-aumento-no-preco-teto-do-leilao-de-termicas-em-setembro\/\"]}]},{\"@type\":\"ImageObject\",\"inLanguage\":\"pt-BR\",\"@id\":\"https:\/\/agenciainfra.com\/blog\/agentes-pedem-o-aumento-no-preco-teto-do-leilao-de-termicas-em-setembro\/#primaryimage\",\"url\":\"https:\/\/agenciainfra.com\/blog\/wp-content\/uploads\/2019\/06\/gas-natural-divulgacao-ebc-e1773146812799.jpeg\",\"contentUrl\":\"https:\/\/agenciainfra.com\/blog\/wp-content\/uploads\/2019\/06\/gas-natural-divulgacao-ebc-e1773146812799.jpeg\",\"width\":1280,\"height\":857,\"caption\":\"Foto: Divulga\u00e7\u00e3o\/EBC\"},{\"@type\":\"BreadcrumbList\",\"@id\":\"https:\/\/agenciainfra.com\/blog\/agentes-pedem-o-aumento-no-preco-teto-do-leilao-de-termicas-em-setembro\/#breadcrumb\",\"itemListElement\":[{\"@type\":\"ListItem\",\"position\":1,\"name\":\"In\u00edcio\",\"item\":\"https:\/\/agenciainfra.com\/blog\/\"},{\"@type\":\"ListItem\",\"position\":2,\"name\":\"Agentes pedem o aumento no pre\u00e7o teto do leil\u00e3o de t\u00e9rmicas em setembro\"}]},{\"@type\":\"WebSite\",\"@id\":\"https:\/\/agenciainfra.com\/blog\/#website\",\"url\":\"https:\/\/agenciainfra.com\/blog\/\",\"name\":\"Ag\u00eancia iNFRA\",\"description\":\"Multiplataforma de informa\u00e7\u00e3o jornal\u00edstica refer\u00eancia na \u00e1rea de infraestrutura no Brasil!\",\"publisher\":{\"@id\":\"https:\/\/agenciainfra.com\/blog\/#organization\"},\"potentialAction\":[{\"@type\":\"SearchAction\",\"target\":{\"@type\":\"EntryPoint\",\"urlTemplate\":\"https:\/\/agenciainfra.com\/blog\/?s={search_term_string}\"},\"query-input\":{\"@type\":\"PropertyValueSpecification\",\"valueRequired\":true,\"valueName\":\"search_term_string\"}}],\"inLanguage\":\"pt-BR\"},{\"@type\":\"Organization\",\"@id\":\"https:\/\/agenciainfra.com\/blog\/#organization\",\"name\":\"Ag\u00eancia iNFRA\",\"url\":\"https:\/\/agenciainfra.com\/blog\/\",\"logo\":{\"@type\":\"ImageObject\",\"inLanguage\":\"pt-BR\",\"@id\":\"https:\/\/agenciainfra.com\/blog\/#\/schema\/logo\/image\/\",\"url\":\"https:\/\/agenciainfra.com\/blog\/wp-content\/uploads\/2023\/09\/iNFRA_5-e1761735885940.png\",\"contentUrl\":\"https:\/\/agenciainfra.com\/blog\/wp-content\/uploads\/2023\/09\/iNFRA_5-e1761735885940.png\",\"width\":1672,\"height\":454,\"caption\":\"Ag\u00eancia iNFRA\"},\"image\":{\"@id\":\"https:\/\/agenciainfra.com\/blog\/#\/schema\/logo\/image\/\"},\"sameAs\":[\"https:\/\/www.facebook.com\/ageninfra\",\"https:\/\/x.com\/agencia_infra\",\"https:\/\/www.linkedin.com\/company\/ag\u00eanciainfra\/\",\"https:\/\/www.instagram.com\/agenciainfra\/\"]},{\"@type\":\"Person\",\"@id\":\"https:\/\/agenciainfra.com\/blog\/#\/schema\/person\/34af08dff6adea4cb22b06612ba7acfa\",\"name\":\"Ag\u00eancia iNFRA\",\"image\":{\"@type\":\"ImageObject\",\"inLanguage\":\"pt-BR\",\"@id\":\"https:\/\/agenciainfra.com\/blog\/#\/schema\/person\/image\/\",\"url\":\"https:\/\/secure.gravatar.com\/avatar\/d189e01678f06d8eb84d4e01f08eb848b3fffe3f8443818d3c356c66892f5be8?s=96&d=mm&r=g\",\"contentUrl\":\"https:\/\/secure.gravatar.com\/avatar\/d189e01678f06d8eb84d4e01f08eb848b3fffe3f8443818d3c356c66892f5be8?s=96&d=mm&r=g\",\"caption\":\"Ag\u00eancia iNFRA\"},\"url\":\"https:\/\/agenciainfra.com\/blog\/author\/admin\/\"}]}<\/script>\n<!-- \/ Yoast SEO Premium plugin. -->","yoast_head_json":{"title":"Agentes pedem o aumento no pre\u00e7o teto do leil\u00e3o de t\u00e9rmicas em setembro - Ag\u00eancia iNFRA","robots":{"index":"index","follow":"follow","max-snippet":"max-snippet:-1","max-image-preview":"max-image-preview:large","max-video-preview":"max-video-preview:-1"},"canonical":"https:\/\/agenciainfra.com\/blog\/agentes-pedem-o-aumento-no-preco-teto-do-leilao-de-termicas-em-setembro\/","og_locale":"pt_BR","og_type":"article","og_title":"Agentes pedem o aumento no pre\u00e7o teto do leil\u00e3o de t\u00e9rmicas em setembro","og_description":"Alexandre Leoratti e Leila Coimbra,&nbsp;da Ag\u00eancia iNFRA Agentes do setor de energia buscam aumentar o&nbsp;pre\u00e7o teto para a realiza\u00e7\u00e3o do primeiro leil\u00e3o de reserva de capacidade de t\u00e9rmicas a g\u00e1s previsto na lei 14.182\/2021, que permitiu a privatiza\u00e7\u00e3o da Eletrobras. H\u00e1 a exig\u00eancia legal de contrata\u00e7\u00e3o de 8 GW (gigawatts), dos quais 2 GW ser\u00e3o [&hellip;]","og_url":"https:\/\/agenciainfra.com\/blog\/agentes-pedem-o-aumento-no-preco-teto-do-leilao-de-termicas-em-setembro\/","og_site_name":"Ag\u00eancia iNFRA","article_publisher":"https:\/\/www.facebook.com\/ageninfra","article_published_time":"2022-08-10T12:00:00+00:00","og_image":[{"width":3872,"height":2592,"url":"https:\/\/agenciainfra.com\/blog\/wp-content\/uploads\/2019\/06\/gas-natural-divulgacao-ebc.jpeg","type":"image\/jpeg"}],"author":"Ag\u00eancia iNFRA","twitter_card":"summary_large_image","twitter_creator":"@agencia_infra","twitter_site":"@agencia_infra","twitter_misc":{"Escrito por":"Ag\u00eancia iNFRA","Est. tempo de leitura":"4 minutos"},"schema":{"@context":"https:\/\/schema.org","@graph":[{"@type":"Article","@id":"https:\/\/agenciainfra.com\/blog\/agentes-pedem-o-aumento-no-preco-teto-do-leilao-de-termicas-em-setembro\/#article","isPartOf":{"@id":"https:\/\/agenciainfra.com\/blog\/agentes-pedem-o-aumento-no-preco-teto-do-leilao-de-termicas-em-setembro\/"},"author":{"name":"Ag\u00eancia iNFRA","@id":"https:\/\/agenciainfra.com\/blog\/#\/schema\/person\/34af08dff6adea4cb22b06612ba7acfa"},"headline":"Agentes pedem o aumento no pre\u00e7o teto do leil\u00e3o de t\u00e9rmicas em setembro","datePublished":"2022-08-10T12:00:00+00:00","mainEntityOfPage":{"@id":"https:\/\/agenciainfra.com\/blog\/agentes-pedem-o-aumento-no-preco-teto-do-leilao-de-termicas-em-setembro\/"},"wordCount":774,"publisher":{"@id":"https:\/\/agenciainfra.com\/blog\/#organization"},"image":{"@id":"https:\/\/agenciainfra.com\/blog\/agentes-pedem-o-aumento-no-preco-teto-do-leilao-de-termicas-em-setembro\/#primaryimage"},"thumbnailUrl":"https:\/\/agenciainfra.com\/blog\/wp-content\/uploads\/2019\/06\/gas-natural-divulgacao-ebc-e1773146812799.jpeg","keywords":["abraget","ANEEL","Eletrobras","energia","g\u00e1s","leil\u00e3o","MME","pre\u00e7o","reserva de capacidade","t\u00e9rmicas"],"articleSection":["Geral","iNFRAEnergia"],"inLanguage":"pt-BR","copyrightYear":"2022","copyrightHolder":{"@id":"https:\/\/agenciainfra.com\/blog\/#organization"}},{"@type":"WebPage","@id":"https:\/\/agenciainfra.com\/blog\/agentes-pedem-o-aumento-no-preco-teto-do-leilao-de-termicas-em-setembro\/","url":"https:\/\/agenciainfra.com\/blog\/agentes-pedem-o-aumento-no-preco-teto-do-leilao-de-termicas-em-setembro\/","name":"Agentes pedem o aumento no pre\u00e7o teto do leil\u00e3o de t\u00e9rmicas em setembro - Ag\u00eancia iNFRA","isPartOf":{"@id":"https:\/\/agenciainfra.com\/blog\/#website"},"primaryImageOfPage":{"@id":"https:\/\/agenciainfra.com\/blog\/agentes-pedem-o-aumento-no-preco-teto-do-leilao-de-termicas-em-setembro\/#primaryimage"},"image":{"@id":"https:\/\/agenciainfra.com\/blog\/agentes-pedem-o-aumento-no-preco-teto-do-leilao-de-termicas-em-setembro\/#primaryimage"},"thumbnailUrl":"https:\/\/agenciainfra.com\/blog\/wp-content\/uploads\/2019\/06\/gas-natural-divulgacao-ebc-e1773146812799.jpeg","datePublished":"2022-08-10T12:00:00+00:00","breadcrumb":{"@id":"https:\/\/agenciainfra.com\/blog\/agentes-pedem-o-aumento-no-preco-teto-do-leilao-de-termicas-em-setembro\/#breadcrumb"},"inLanguage":"pt-BR","potentialAction":[{"@type":"ReadAction","target":["https:\/\/agenciainfra.com\/blog\/agentes-pedem-o-aumento-no-preco-teto-do-leilao-de-termicas-em-setembro\/"]}]},{"@type":"ImageObject","inLanguage":"pt-BR","@id":"https:\/\/agenciainfra.com\/blog\/agentes-pedem-o-aumento-no-preco-teto-do-leilao-de-termicas-em-setembro\/#primaryimage","url":"https:\/\/agenciainfra.com\/blog\/wp-content\/uploads\/2019\/06\/gas-natural-divulgacao-ebc-e1773146812799.jpeg","contentUrl":"https:\/\/agenciainfra.com\/blog\/wp-content\/uploads\/2019\/06\/gas-natural-divulgacao-ebc-e1773146812799.jpeg","width":1280,"height":857,"caption":"Foto: Divulga\u00e7\u00e3o\/EBC"},{"@type":"BreadcrumbList","@id":"https:\/\/agenciainfra.com\/blog\/agentes-pedem-o-aumento-no-preco-teto-do-leilao-de-termicas-em-setembro\/#breadcrumb","itemListElement":[{"@type":"ListItem","position":1,"name":"In\u00edcio","item":"https:\/\/agenciainfra.com\/blog\/"},{"@type":"ListItem","position":2,"name":"Agentes pedem o aumento no pre\u00e7o teto do leil\u00e3o de t\u00e9rmicas em setembro"}]},{"@type":"WebSite","@id":"https:\/\/agenciainfra.com\/blog\/#website","url":"https:\/\/agenciainfra.com\/blog\/","name":"Ag\u00eancia iNFRA","description":"Multiplataforma de informa\u00e7\u00e3o jornal\u00edstica refer\u00eancia na \u00e1rea de infraestrutura no Brasil!","publisher":{"@id":"https:\/\/agenciainfra.com\/blog\/#organization"},"potentialAction":[{"@type":"SearchAction","target":{"@type":"EntryPoint","urlTemplate":"https:\/\/agenciainfra.com\/blog\/?s={search_term_string}"},"query-input":{"@type":"PropertyValueSpecification","valueRequired":true,"valueName":"search_term_string"}}],"inLanguage":"pt-BR"},{"@type":"Organization","@id":"https:\/\/agenciainfra.com\/blog\/#organization","name":"Ag\u00eancia iNFRA","url":"https:\/\/agenciainfra.com\/blog\/","logo":{"@type":"ImageObject","inLanguage":"pt-BR","@id":"https:\/\/agenciainfra.com\/blog\/#\/schema\/logo\/image\/","url":"https:\/\/agenciainfra.com\/blog\/wp-content\/uploads\/2023\/09\/iNFRA_5-e1761735885940.png","contentUrl":"https:\/\/agenciainfra.com\/blog\/wp-content\/uploads\/2023\/09\/iNFRA_5-e1761735885940.png","width":1672,"height":454,"caption":"Ag\u00eancia iNFRA"},"image":{"@id":"https:\/\/agenciainfra.com\/blog\/#\/schema\/logo\/image\/"},"sameAs":["https:\/\/www.facebook.com\/ageninfra","https:\/\/x.com\/agencia_infra","https:\/\/www.linkedin.com\/company\/ag\u00eanciainfra\/","https:\/\/www.instagram.com\/agenciainfra\/"]},{"@type":"Person","@id":"https:\/\/agenciainfra.com\/blog\/#\/schema\/person\/34af08dff6adea4cb22b06612ba7acfa","name":"Ag\u00eancia iNFRA","image":{"@type":"ImageObject","inLanguage":"pt-BR","@id":"https:\/\/agenciainfra.com\/blog\/#\/schema\/person\/image\/","url":"https:\/\/secure.gravatar.com\/avatar\/d189e01678f06d8eb84d4e01f08eb848b3fffe3f8443818d3c356c66892f5be8?s=96&d=mm&r=g","contentUrl":"https:\/\/secure.gravatar.com\/avatar\/d189e01678f06d8eb84d4e01f08eb848b3fffe3f8443818d3c356c66892f5be8?s=96&d=mm&r=g","caption":"Ag\u00eancia iNFRA"},"url":"https:\/\/agenciainfra.com\/blog\/author\/admin\/"}]}},"_links":{"self":[{"href":"https:\/\/agenciainfra.com\/blog\/wp-json\/wp\/v2\/posts\/11045","targetHints":{"allow":["GET"]}}],"collection":[{"href":"https:\/\/agenciainfra.com\/blog\/wp-json\/wp\/v2\/posts"}],"about":[{"href":"https:\/\/agenciainfra.com\/blog\/wp-json\/wp\/v2\/types\/post"}],"author":[{"embeddable":true,"href":"https:\/\/agenciainfra.com\/blog\/wp-json\/wp\/v2\/users\/1"}],"replies":[{"embeddable":true,"href":"https:\/\/agenciainfra.com\/blog\/wp-json\/wp\/v2\/comments?post=11045"}],"version-history":[{"count":0,"href":"https:\/\/agenciainfra.com\/blog\/wp-json\/wp\/v2\/posts\/11045\/revisions"}],"wp:featuredmedia":[{"embeddable":true,"href":"https:\/\/agenciainfra.com\/blog\/wp-json\/wp\/v2\/media\/3368"}],"wp:attachment":[{"href":"https:\/\/agenciainfra.com\/blog\/wp-json\/wp\/v2\/media?parent=11045"}],"wp:term":[{"taxonomy":"category","embeddable":true,"href":"https:\/\/agenciainfra.com\/blog\/wp-json\/wp\/v2\/categories?post=11045"},{"taxonomy":"post_tag","embeddable":true,"href":"https:\/\/agenciainfra.com\/blog\/wp-json\/wp\/v2\/tags?post=11045"}],"curies":[{"name":"wp","href":"https:\/\/api.w.org\/{rel}","templated":true}]}}