{"id":11084,"date":"2022-08-15T10:00:00","date_gmt":"2022-08-15T13:00:00","guid":{"rendered":"https:\/\/www.agenciainfra.com\/blog\/?p=11084"},"modified":"2022-08-13T13:19:03","modified_gmt":"2022-08-13T16:19:03","slug":"justica-determina-volta-da-cobranca-do-sse-no-terminal-de-conteineres-de-paranagua-pr","status":"publish","type":"post","link":"https:\/\/agenciainfra.com\/blog\/justica-determina-volta-da-cobranca-do-sse-no-terminal-de-conteineres-de-paranagua-pr\/","title":{"rendered":"Justi\u00e7a determina volta da cobran\u00e7a do SSE no terminal de cont\u00eaineres de Paranagu\u00e1 (PR)"},"content":{"rendered":"\n<p class=\"has-text-align-right\"><strong>Jenifer Ribeiro, da Ag\u00eancia iNFRA<\/strong><\/p>\n\n\n\n<p>Cumprindo liminar expedida pela Justi\u00e7a Federal, a ANTAQ (Ag\u00eancia Nacional de Transportes Aquavi\u00e1rios) determinou, na \u00faltima quinta-feira (11), que fosse reestabelecida a cobran\u00e7a do servi\u00e7o de SSE (Segrega\u00e7\u00e3o e Entrega de Cont\u00eaineres), tamb\u00e9m chamada de THC2 (Terminal Handling Charge 2), no terminal de cont\u00eaineres de Paranagu\u00e1 (PR).<br><br>Pela decis\u00e3o, comunicada \u00e0 ag\u00eancia pela AGU (Advocacia-Geral da Uni\u00e3o), a ANTAQ fica respons\u00e1vel pela fiscaliza\u00e7\u00e3o da cobran\u00e7a da taxa e poss\u00edveis abusividades por parte dos terminais molhados. Al\u00e9m dessa, existem outras contesta\u00e7\u00f5es \u00e0 proibi\u00e7\u00e3o de cobran\u00e7a do&nbsp;SSE\/THC2 em an\u00e1lise no judici\u00e1rio.&nbsp;Consultado, o Terminal de Cont\u00eaineres de Paranagu\u00e1 S\/A afirmou que n\u00e3o vai se pronunciar no momento sobre a determina\u00e7\u00e3o.<br><br>O SSE\/THC2 \u00e9 cobrado pelos terminais molhados para movimentar as cargas de importa\u00e7\u00e3o que v\u00e3o para os terminais secos. Os terminais molhados alegam que t\u00eam custos adicionais para fazer essa movimenta\u00e7\u00e3o, por isso fazem a cobran\u00e7a.&nbsp;<br><br>Por sua vez, os terminais secos alegam que essa cobran\u00e7a \u00e9 abusiva j\u00e1 que, para eles, esse custo est\u00e1 inclu\u00eddo no THC (Terminal Handling Charge) &#8211; valor pago pelos armadores (empresas de navega\u00e7\u00e3o) para que o terminal portu\u00e1rio fa\u00e7a a retirada das cargas. Os armadores cobram esse valor dos donos das cargas.<br><br><strong>Suspens\u00e3o no TCU&nbsp;<\/strong><br>No final do m\u00eas passado, a ANTAQ cumpriu decis\u00e3o do TCU (Tribunal de Contas da Uni\u00e3o) e suspendeu a cobran\u00e7a do SSE\/THC2 em todos os terminais portu\u00e1rios do pa\u00eds. Na ocasi\u00e3o, a autarquia entrou com recurso contra a decis\u00e3o do TCU&nbsp;que, segundo o tribunal, n\u00e3o tem&nbsp;previs\u00e3o para ser apreciado.<br><br>Como j\u00e1 informado em reportagem da&nbsp;<strong>Ag\u00eancia iNFRA<\/strong>, a ANTAQ teme que a suspens\u00e3o do SSE\/THC2 fa\u00e7a com que diversas empresas entrem com processos de reequil\u00edbrio dos contratos de arrendamento de terminais. Isso porque a cobran\u00e7a da taxa estava prevista nos contratos.<br><br>Al\u00e9m disso, a proibi\u00e7\u00e3o foi alvo de cr\u00edticas por parte dos representantes de empresas dos terminais molhados. Elas alegaram que a decis\u00e3o do TCU ampliou a inseguran\u00e7a jur\u00eddica para os investimentos nos terminais portu\u00e1rios. A decis\u00e3o do TCU suspendeu tamb\u00e9m audi\u00eancia p\u00fablica em andamento que colhia subs\u00eddios para estabelecer os procedimentos e crit\u00e9rios da an\u00e1lise de condutas abusivas associadas ao SSE\/THC2.<br><br><strong>Mudan\u00e7a de posicionamento<\/strong><br>Recentemente, o Departamento de Estudos Econ\u00f4micos do CADE (Conselho Administrativo de Defesa Econ\u00f4mica) concluiu que a cobran\u00e7a do SSE\/THC2 \u00e9 l\u00edcita. O trabalho foi elaborado durante tr\u00eas anos.&nbsp;A posi\u00e7\u00e3o do Cade at\u00e9 ent\u00e3o era de proibir a cobran\u00e7a. Com a mudan\u00e7a de posicionamento, a ANTAQ deixou de ficar sozinha entre os \u00f3rg\u00e3os de estado que eram a favor da cobran\u00e7a dessa taxa.<br><br>O estudo refor\u00e7ou ainda uma tentativa, iniciada em 2020, pelo atual diretor-geral da ANTAQ, Eduardo Nery, de alinhar os posicionamentos entre a ag\u00eancia reguladora e o CADE quanto \u00e0 legalidade da cobran\u00e7a.<\/p>\n","protected":false},"excerpt":{"rendered":"<p>Jenifer Ribeiro, da Ag\u00eancia iNFRA Cumprindo liminar expedida pela Justi\u00e7a Federal, a ANTAQ (Ag\u00eancia Nacional de Transportes Aquavi\u00e1rios) determinou, na \u00faltima quinta-feira (11), que fosse reestabelecida a cobran\u00e7a do servi\u00e7o de SSE (Segrega\u00e7\u00e3o e Entrega de Cont\u00eaineres), tamb\u00e9m chamada de THC2 (Terminal Handling Charge 2), no terminal de cont\u00eaineres de Paranagu\u00e1 (PR). Pela decis\u00e3o, comunicada [&hellip;]<\/p>\n","protected":false},"author":1,"featured_media":3531,"comment_status":"closed","ping_status":"closed","sticky":false,"template":"","format":"standard","meta":{"_monsterinsights_skip_tracking":false,"_monsterinsights_sitenote_active":false,"_monsterinsights_sitenote_note":"","_monsterinsights_sitenote_category":0,"footnotes":""},"categories":[1,7],"tags":[86,371,873,5651,310,5652,1717,18,104,553,552],"class_list":["post-11084","post","type-post","status-publish","format-standard","has-post-thumbnail","hentry","category-geral","category-infratransporte","tag-antaq","tag-cade","tag-conteineres","tag-paranagua-2","tag-portos","tag-reequilibrio-de-contrato","tag-sse","tag-tcu","tag-terminal","tag-thc","tag-thc2"],"yoast_head":"<!-- This site is optimized with the Yoast SEO Premium plugin v25.4 (Yoast SEO v26.0) - https:\/\/yoast.com\/wordpress\/plugins\/seo\/ -->\n<title>Justi\u00e7a determina volta da cobran\u00e7a do SSE no terminal de cont\u00eaineres de Paranagu\u00e1 (PR) - Ag\u00eancia iNFRA<\/title>\n<meta name=\"robots\" content=\"index, follow, max-snippet:-1, max-image-preview:large, max-video-preview:-1\" \/>\n<link rel=\"canonical\" href=\"https:\/\/agenciainfra.com\/blog\/justica-determina-volta-da-cobranca-do-sse-no-terminal-de-conteineres-de-paranagua-pr\/\" \/>\n<meta property=\"og:locale\" content=\"pt_BR\" \/>\n<meta property=\"og:type\" content=\"article\" \/>\n<meta property=\"og:title\" content=\"Justi\u00e7a determina volta da cobran\u00e7a do SSE no terminal de cont\u00eaineres de Paranagu\u00e1 (PR)\" \/>\n<meta property=\"og:description\" content=\"Jenifer Ribeiro, da Ag\u00eancia iNFRA Cumprindo liminar expedida pela Justi\u00e7a Federal, a ANTAQ (Ag\u00eancia Nacional de Transportes Aquavi\u00e1rios) determinou, na \u00faltima quinta-feira (11), que fosse reestabelecida a cobran\u00e7a do servi\u00e7o de SSE (Segrega\u00e7\u00e3o e Entrega de Cont\u00eaineres), tamb\u00e9m chamada de THC2 (Terminal Handling Charge 2), no terminal de cont\u00eaineres de Paranagu\u00e1 (PR). Pela decis\u00e3o, comunicada [&hellip;]\" \/>\n<meta property=\"og:url\" content=\"https:\/\/agenciainfra.com\/blog\/justica-determina-volta-da-cobranca-do-sse-no-terminal-de-conteineres-de-paranagua-pr\/\" \/>\n<meta property=\"og:site_name\" content=\"Ag\u00eancia iNFRA\" \/>\n<meta property=\"article:publisher\" content=\"https:\/\/www.facebook.com\/ageninfra\" \/>\n<meta property=\"article:published_time\" content=\"2022-08-15T13:00:00+00:00\" \/>\n<meta property=\"og:image\" content=\"https:\/\/agenciainfra.com\/blog\/wp-content\/uploads\/2019\/07\/porto-de-paranagua-foto-jose-fernando-ogura-anpr.jpg\" \/>\n\t<meta property=\"og:image:width\" content=\"3000\" \/>\n\t<meta property=\"og:image:height\" content=\"2000\" \/>\n\t<meta property=\"og:image:type\" content=\"image\/jpeg\" \/>\n<meta name=\"author\" content=\"Ag\u00eancia iNFRA\" \/>\n<meta name=\"twitter:card\" content=\"summary_large_image\" \/>\n<meta name=\"twitter:creator\" content=\"@agencia_infra\" \/>\n<meta name=\"twitter:site\" content=\"@agencia_infra\" \/>\n<meta name=\"twitter:label1\" content=\"Escrito por\" \/>\n\t<meta name=\"twitter:data1\" content=\"Ag\u00eancia iNFRA\" \/>\n\t<meta name=\"twitter:label2\" content=\"Est. tempo de leitura\" \/>\n\t<meta name=\"twitter:data2\" content=\"3 minutos\" \/>\n<script type=\"application\/ld+json\" class=\"yoast-schema-graph\">{\"@context\":\"https:\/\/schema.org\",\"@graph\":[{\"@type\":\"Article\",\"@id\":\"https:\/\/agenciainfra.com\/blog\/justica-determina-volta-da-cobranca-do-sse-no-terminal-de-conteineres-de-paranagua-pr\/#article\",\"isPartOf\":{\"@id\":\"https:\/\/agenciainfra.com\/blog\/justica-determina-volta-da-cobranca-do-sse-no-terminal-de-conteineres-de-paranagua-pr\/\"},\"author\":{\"name\":\"Ag\u00eancia iNFRA\",\"@id\":\"https:\/\/agenciainfra.com\/blog\/#\/schema\/person\/34af08dff6adea4cb22b06612ba7acfa\"},\"headline\":\"Justi\u00e7a determina volta da cobran\u00e7a do SSE no terminal de cont\u00eaineres de Paranagu\u00e1 (PR)\",\"datePublished\":\"2022-08-15T13:00:00+00:00\",\"mainEntityOfPage\":{\"@id\":\"https:\/\/agenciainfra.com\/blog\/justica-determina-volta-da-cobranca-do-sse-no-terminal-de-conteineres-de-paranagua-pr\/\"},\"wordCount\":561,\"publisher\":{\"@id\":\"https:\/\/agenciainfra.com\/blog\/#organization\"},\"image\":{\"@id\":\"https:\/\/agenciainfra.com\/blog\/justica-determina-volta-da-cobranca-do-sse-no-terminal-de-conteineres-de-paranagua-pr\/#primaryimage\"},\"thumbnailUrl\":\"https:\/\/agenciainfra.com\/blog\/wp-content\/uploads\/2019\/07\/porto-de-paranagua-foto-jose-fernando-ogura-anpr.jpg\",\"keywords\":[\"ANTAQ\",\"Cade\",\"cont\u00eaineres\",\"Paranagu\u00e1\",\"portos\",\"reequil\u00edbrio de contrato\",\"SSE\",\"TCU\",\"Terminal\",\"THC\",\"THC2\"],\"articleSection\":[\"Geral\",\"iNFRATransporte\"],\"inLanguage\":\"pt-BR\",\"copyrightYear\":\"2022\",\"copyrightHolder\":{\"@id\":\"https:\/\/agenciainfra.com\/blog\/#organization\"}},{\"@type\":\"WebPage\",\"@id\":\"https:\/\/agenciainfra.com\/blog\/justica-determina-volta-da-cobranca-do-sse-no-terminal-de-conteineres-de-paranagua-pr\/\",\"url\":\"https:\/\/agenciainfra.com\/blog\/justica-determina-volta-da-cobranca-do-sse-no-terminal-de-conteineres-de-paranagua-pr\/\",\"name\":\"Justi\u00e7a determina volta da cobran\u00e7a do SSE no terminal de cont\u00eaineres de Paranagu\u00e1 (PR) - Ag\u00eancia iNFRA\",\"isPartOf\":{\"@id\":\"https:\/\/agenciainfra.com\/blog\/#website\"},\"primaryImageOfPage\":{\"@id\":\"https:\/\/agenciainfra.com\/blog\/justica-determina-volta-da-cobranca-do-sse-no-terminal-de-conteineres-de-paranagua-pr\/#primaryimage\"},\"image\":{\"@id\":\"https:\/\/agenciainfra.com\/blog\/justica-determina-volta-da-cobranca-do-sse-no-terminal-de-conteineres-de-paranagua-pr\/#primaryimage\"},\"thumbnailUrl\":\"https:\/\/agenciainfra.com\/blog\/wp-content\/uploads\/2019\/07\/porto-de-paranagua-foto-jose-fernando-ogura-anpr.jpg\",\"datePublished\":\"2022-08-15T13:00:00+00:00\",\"breadcrumb\":{\"@id\":\"https:\/\/agenciainfra.com\/blog\/justica-determina-volta-da-cobranca-do-sse-no-terminal-de-conteineres-de-paranagua-pr\/#breadcrumb\"},\"inLanguage\":\"pt-BR\",\"potentialAction\":[{\"@type\":\"ReadAction\",\"target\":[\"https:\/\/agenciainfra.com\/blog\/justica-determina-volta-da-cobranca-do-sse-no-terminal-de-conteineres-de-paranagua-pr\/\"]}]},{\"@type\":\"ImageObject\",\"inLanguage\":\"pt-BR\",\"@id\":\"https:\/\/agenciainfra.com\/blog\/justica-determina-volta-da-cobranca-do-sse-no-terminal-de-conteineres-de-paranagua-pr\/#primaryimage\",\"url\":\"https:\/\/agenciainfra.com\/blog\/wp-content\/uploads\/2019\/07\/porto-de-paranagua-foto-jose-fernando-ogura-anpr.jpg\",\"contentUrl\":\"https:\/\/agenciainfra.com\/blog\/wp-content\/uploads\/2019\/07\/porto-de-paranagua-foto-jose-fernando-ogura-anpr.jpg\",\"width\":3000,\"height\":2000,\"caption\":\"Foto: Jos\u00e9 Fernando Ogura\/ANPr\"},{\"@type\":\"BreadcrumbList\",\"@id\":\"https:\/\/agenciainfra.com\/blog\/justica-determina-volta-da-cobranca-do-sse-no-terminal-de-conteineres-de-paranagua-pr\/#breadcrumb\",\"itemListElement\":[{\"@type\":\"ListItem\",\"position\":1,\"name\":\"In\u00edcio\",\"item\":\"https:\/\/agenciainfra.com\/blog\/\"},{\"@type\":\"ListItem\",\"position\":2,\"name\":\"Justi\u00e7a determina volta da cobran\u00e7a do SSE no terminal de cont\u00eaineres de Paranagu\u00e1 (PR)\"}]},{\"@type\":\"WebSite\",\"@id\":\"https:\/\/agenciainfra.com\/blog\/#website\",\"url\":\"https:\/\/agenciainfra.com\/blog\/\",\"name\":\"Ag\u00eancia iNFRA\",\"description\":\"Multiplataforma de informa\u00e7\u00e3o jornal\u00edstica refer\u00eancia na \u00e1rea de infraestrutura no Brasil!\",\"publisher\":{\"@id\":\"https:\/\/agenciainfra.com\/blog\/#organization\"},\"potentialAction\":[{\"@type\":\"SearchAction\",\"target\":{\"@type\":\"EntryPoint\",\"urlTemplate\":\"https:\/\/agenciainfra.com\/blog\/?s={search_term_string}\"},\"query-input\":{\"@type\":\"PropertyValueSpecification\",\"valueRequired\":true,\"valueName\":\"search_term_string\"}}],\"inLanguage\":\"pt-BR\"},{\"@type\":\"Organization\",\"@id\":\"https:\/\/agenciainfra.com\/blog\/#organization\",\"name\":\"Ag\u00eancia iNFRA\",\"url\":\"https:\/\/agenciainfra.com\/blog\/\",\"logo\":{\"@type\":\"ImageObject\",\"inLanguage\":\"pt-BR\",\"@id\":\"https:\/\/agenciainfra.com\/blog\/#\/schema\/logo\/image\/\",\"url\":\"https:\/\/agenciainfra.com\/blog\/wp-content\/uploads\/2023\/09\/iNFRA_5-e1761735885940.png\",\"contentUrl\":\"https:\/\/agenciainfra.com\/blog\/wp-content\/uploads\/2023\/09\/iNFRA_5-e1761735885940.png\",\"width\":1672,\"height\":454,\"caption\":\"Ag\u00eancia iNFRA\"},\"image\":{\"@id\":\"https:\/\/agenciainfra.com\/blog\/#\/schema\/logo\/image\/\"},\"sameAs\":[\"https:\/\/www.facebook.com\/ageninfra\",\"https:\/\/x.com\/agencia_infra\",\"https:\/\/www.linkedin.com\/company\/ag\u00eanciainfra\/\",\"https:\/\/www.instagram.com\/agenciainfra\/\"]},{\"@type\":\"Person\",\"@id\":\"https:\/\/agenciainfra.com\/blog\/#\/schema\/person\/34af08dff6adea4cb22b06612ba7acfa\",\"name\":\"Ag\u00eancia iNFRA\",\"image\":{\"@type\":\"ImageObject\",\"inLanguage\":\"pt-BR\",\"@id\":\"https:\/\/agenciainfra.com\/blog\/#\/schema\/person\/image\/\",\"url\":\"https:\/\/secure.gravatar.com\/avatar\/d189e01678f06d8eb84d4e01f08eb848b3fffe3f8443818d3c356c66892f5be8?s=96&d=mm&r=g\",\"contentUrl\":\"https:\/\/secure.gravatar.com\/avatar\/d189e01678f06d8eb84d4e01f08eb848b3fffe3f8443818d3c356c66892f5be8?s=96&d=mm&r=g\",\"caption\":\"Ag\u00eancia iNFRA\"},\"url\":\"https:\/\/agenciainfra.com\/blog\/author\/admin\/\"}]}<\/script>\n<!-- \/ Yoast SEO Premium plugin. -->","yoast_head_json":{"title":"Justi\u00e7a determina volta da cobran\u00e7a do SSE no terminal de cont\u00eaineres de Paranagu\u00e1 (PR) - Ag\u00eancia iNFRA","robots":{"index":"index","follow":"follow","max-snippet":"max-snippet:-1","max-image-preview":"max-image-preview:large","max-video-preview":"max-video-preview:-1"},"canonical":"https:\/\/agenciainfra.com\/blog\/justica-determina-volta-da-cobranca-do-sse-no-terminal-de-conteineres-de-paranagua-pr\/","og_locale":"pt_BR","og_type":"article","og_title":"Justi\u00e7a determina volta da cobran\u00e7a do SSE no terminal de cont\u00eaineres de Paranagu\u00e1 (PR)","og_description":"Jenifer Ribeiro, da Ag\u00eancia iNFRA Cumprindo liminar expedida pela Justi\u00e7a Federal, a ANTAQ (Ag\u00eancia Nacional de Transportes Aquavi\u00e1rios) determinou, na \u00faltima quinta-feira (11), que fosse reestabelecida a cobran\u00e7a do servi\u00e7o de SSE (Segrega\u00e7\u00e3o e Entrega de Cont\u00eaineres), tamb\u00e9m chamada de THC2 (Terminal Handling Charge 2), no terminal de cont\u00eaineres de Paranagu\u00e1 (PR). Pela decis\u00e3o, comunicada [&hellip;]","og_url":"https:\/\/agenciainfra.com\/blog\/justica-determina-volta-da-cobranca-do-sse-no-terminal-de-conteineres-de-paranagua-pr\/","og_site_name":"Ag\u00eancia iNFRA","article_publisher":"https:\/\/www.facebook.com\/ageninfra","article_published_time":"2022-08-15T13:00:00+00:00","og_image":[{"width":3000,"height":2000,"url":"https:\/\/agenciainfra.com\/blog\/wp-content\/uploads\/2019\/07\/porto-de-paranagua-foto-jose-fernando-ogura-anpr.jpg","type":"image\/jpeg"}],"author":"Ag\u00eancia iNFRA","twitter_card":"summary_large_image","twitter_creator":"@agencia_infra","twitter_site":"@agencia_infra","twitter_misc":{"Escrito por":"Ag\u00eancia iNFRA","Est. tempo de leitura":"3 minutos"},"schema":{"@context":"https:\/\/schema.org","@graph":[{"@type":"Article","@id":"https:\/\/agenciainfra.com\/blog\/justica-determina-volta-da-cobranca-do-sse-no-terminal-de-conteineres-de-paranagua-pr\/#article","isPartOf":{"@id":"https:\/\/agenciainfra.com\/blog\/justica-determina-volta-da-cobranca-do-sse-no-terminal-de-conteineres-de-paranagua-pr\/"},"author":{"name":"Ag\u00eancia iNFRA","@id":"https:\/\/agenciainfra.com\/blog\/#\/schema\/person\/34af08dff6adea4cb22b06612ba7acfa"},"headline":"Justi\u00e7a determina volta da cobran\u00e7a do SSE no terminal de cont\u00eaineres de Paranagu\u00e1 (PR)","datePublished":"2022-08-15T13:00:00+00:00","mainEntityOfPage":{"@id":"https:\/\/agenciainfra.com\/blog\/justica-determina-volta-da-cobranca-do-sse-no-terminal-de-conteineres-de-paranagua-pr\/"},"wordCount":561,"publisher":{"@id":"https:\/\/agenciainfra.com\/blog\/#organization"},"image":{"@id":"https:\/\/agenciainfra.com\/blog\/justica-determina-volta-da-cobranca-do-sse-no-terminal-de-conteineres-de-paranagua-pr\/#primaryimage"},"thumbnailUrl":"https:\/\/agenciainfra.com\/blog\/wp-content\/uploads\/2019\/07\/porto-de-paranagua-foto-jose-fernando-ogura-anpr.jpg","keywords":["ANTAQ","Cade","cont\u00eaineres","Paranagu\u00e1","portos","reequil\u00edbrio de contrato","SSE","TCU","Terminal","THC","THC2"],"articleSection":["Geral","iNFRATransporte"],"inLanguage":"pt-BR","copyrightYear":"2022","copyrightHolder":{"@id":"https:\/\/agenciainfra.com\/blog\/#organization"}},{"@type":"WebPage","@id":"https:\/\/agenciainfra.com\/blog\/justica-determina-volta-da-cobranca-do-sse-no-terminal-de-conteineres-de-paranagua-pr\/","url":"https:\/\/agenciainfra.com\/blog\/justica-determina-volta-da-cobranca-do-sse-no-terminal-de-conteineres-de-paranagua-pr\/","name":"Justi\u00e7a determina volta da cobran\u00e7a do SSE no terminal de cont\u00eaineres de Paranagu\u00e1 (PR) - Ag\u00eancia iNFRA","isPartOf":{"@id":"https:\/\/agenciainfra.com\/blog\/#website"},"primaryImageOfPage":{"@id":"https:\/\/agenciainfra.com\/blog\/justica-determina-volta-da-cobranca-do-sse-no-terminal-de-conteineres-de-paranagua-pr\/#primaryimage"},"image":{"@id":"https:\/\/agenciainfra.com\/blog\/justica-determina-volta-da-cobranca-do-sse-no-terminal-de-conteineres-de-paranagua-pr\/#primaryimage"},"thumbnailUrl":"https:\/\/agenciainfra.com\/blog\/wp-content\/uploads\/2019\/07\/porto-de-paranagua-foto-jose-fernando-ogura-anpr.jpg","datePublished":"2022-08-15T13:00:00+00:00","breadcrumb":{"@id":"https:\/\/agenciainfra.com\/blog\/justica-determina-volta-da-cobranca-do-sse-no-terminal-de-conteineres-de-paranagua-pr\/#breadcrumb"},"inLanguage":"pt-BR","potentialAction":[{"@type":"ReadAction","target":["https:\/\/agenciainfra.com\/blog\/justica-determina-volta-da-cobranca-do-sse-no-terminal-de-conteineres-de-paranagua-pr\/"]}]},{"@type":"ImageObject","inLanguage":"pt-BR","@id":"https:\/\/agenciainfra.com\/blog\/justica-determina-volta-da-cobranca-do-sse-no-terminal-de-conteineres-de-paranagua-pr\/#primaryimage","url":"https:\/\/agenciainfra.com\/blog\/wp-content\/uploads\/2019\/07\/porto-de-paranagua-foto-jose-fernando-ogura-anpr.jpg","contentUrl":"https:\/\/agenciainfra.com\/blog\/wp-content\/uploads\/2019\/07\/porto-de-paranagua-foto-jose-fernando-ogura-anpr.jpg","width":3000,"height":2000,"caption":"Foto: Jos\u00e9 Fernando Ogura\/ANPr"},{"@type":"BreadcrumbList","@id":"https:\/\/agenciainfra.com\/blog\/justica-determina-volta-da-cobranca-do-sse-no-terminal-de-conteineres-de-paranagua-pr\/#breadcrumb","itemListElement":[{"@type":"ListItem","position":1,"name":"In\u00edcio","item":"https:\/\/agenciainfra.com\/blog\/"},{"@type":"ListItem","position":2,"name":"Justi\u00e7a determina volta da cobran\u00e7a do SSE no terminal de cont\u00eaineres de Paranagu\u00e1 (PR)"}]},{"@type":"WebSite","@id":"https:\/\/agenciainfra.com\/blog\/#website","url":"https:\/\/agenciainfra.com\/blog\/","name":"Ag\u00eancia iNFRA","description":"Multiplataforma de informa\u00e7\u00e3o jornal\u00edstica refer\u00eancia na \u00e1rea de infraestrutura no Brasil!","publisher":{"@id":"https:\/\/agenciainfra.com\/blog\/#organization"},"potentialAction":[{"@type":"SearchAction","target":{"@type":"EntryPoint","urlTemplate":"https:\/\/agenciainfra.com\/blog\/?s={search_term_string}"},"query-input":{"@type":"PropertyValueSpecification","valueRequired":true,"valueName":"search_term_string"}}],"inLanguage":"pt-BR"},{"@type":"Organization","@id":"https:\/\/agenciainfra.com\/blog\/#organization","name":"Ag\u00eancia iNFRA","url":"https:\/\/agenciainfra.com\/blog\/","logo":{"@type":"ImageObject","inLanguage":"pt-BR","@id":"https:\/\/agenciainfra.com\/blog\/#\/schema\/logo\/image\/","url":"https:\/\/agenciainfra.com\/blog\/wp-content\/uploads\/2023\/09\/iNFRA_5-e1761735885940.png","contentUrl":"https:\/\/agenciainfra.com\/blog\/wp-content\/uploads\/2023\/09\/iNFRA_5-e1761735885940.png","width":1672,"height":454,"caption":"Ag\u00eancia iNFRA"},"image":{"@id":"https:\/\/agenciainfra.com\/blog\/#\/schema\/logo\/image\/"},"sameAs":["https:\/\/www.facebook.com\/ageninfra","https:\/\/x.com\/agencia_infra","https:\/\/www.linkedin.com\/company\/ag\u00eanciainfra\/","https:\/\/www.instagram.com\/agenciainfra\/"]},{"@type":"Person","@id":"https:\/\/agenciainfra.com\/blog\/#\/schema\/person\/34af08dff6adea4cb22b06612ba7acfa","name":"Ag\u00eancia iNFRA","image":{"@type":"ImageObject","inLanguage":"pt-BR","@id":"https:\/\/agenciainfra.com\/blog\/#\/schema\/person\/image\/","url":"https:\/\/secure.gravatar.com\/avatar\/d189e01678f06d8eb84d4e01f08eb848b3fffe3f8443818d3c356c66892f5be8?s=96&d=mm&r=g","contentUrl":"https:\/\/secure.gravatar.com\/avatar\/d189e01678f06d8eb84d4e01f08eb848b3fffe3f8443818d3c356c66892f5be8?s=96&d=mm&r=g","caption":"Ag\u00eancia iNFRA"},"url":"https:\/\/agenciainfra.com\/blog\/author\/admin\/"}]}},"_links":{"self":[{"href":"https:\/\/agenciainfra.com\/blog\/wp-json\/wp\/v2\/posts\/11084","targetHints":{"allow":["GET"]}}],"collection":[{"href":"https:\/\/agenciainfra.com\/blog\/wp-json\/wp\/v2\/posts"}],"about":[{"href":"https:\/\/agenciainfra.com\/blog\/wp-json\/wp\/v2\/types\/post"}],"author":[{"embeddable":true,"href":"https:\/\/agenciainfra.com\/blog\/wp-json\/wp\/v2\/users\/1"}],"replies":[{"embeddable":true,"href":"https:\/\/agenciainfra.com\/blog\/wp-json\/wp\/v2\/comments?post=11084"}],"version-history":[{"count":0,"href":"https:\/\/agenciainfra.com\/blog\/wp-json\/wp\/v2\/posts\/11084\/revisions"}],"wp:featuredmedia":[{"embeddable":true,"href":"https:\/\/agenciainfra.com\/blog\/wp-json\/wp\/v2\/media\/3531"}],"wp:attachment":[{"href":"https:\/\/agenciainfra.com\/blog\/wp-json\/wp\/v2\/media?parent=11084"}],"wp:term":[{"taxonomy":"category","embeddable":true,"href":"https:\/\/agenciainfra.com\/blog\/wp-json\/wp\/v2\/categories?post=11084"},{"taxonomy":"post_tag","embeddable":true,"href":"https:\/\/agenciainfra.com\/blog\/wp-json\/wp\/v2\/tags?post=11084"}],"curies":[{"name":"wp","href":"https:\/\/api.w.org\/{rel}","templated":true}]}}