{"id":11086,"date":"2022-08-16T09:00:00","date_gmt":"2022-08-16T12:00:00","guid":{"rendered":"https:\/\/www.agenciainfra.com\/blog\/?p=11086"},"modified":"2022-08-13T13:28:31","modified_gmt":"2022-08-13T16:28:31","slug":"antaq-aprova-os-estudos-de-viabilidade-tecnica-do-arrendamento-de-tres-terminais-portuarios","status":"publish","type":"post","link":"https:\/\/agenciainfra.com\/blog\/antaq-aprova-os-estudos-de-viabilidade-tecnica-do-arrendamento-de-tres-terminais-portuarios\/","title":{"rendered":"ANTAQ aprova os estudos de viabilidade t\u00e9cnica do arrendamento de tr\u00eas terminais portu\u00e1rios"},"content":{"rendered":"\n<p class=\"has-text-align-right\"><strong>da Ag\u00eancia iNFRA<\/strong><\/p>\n\n\n\n<p>A ANTAQ (Ag\u00eancia Nacional de Transportes Aquavi\u00e1rios) aprovou, em reuni\u00e3o de diretoria, na\u00a0\u00faltima quinta-feira (11), os estudos de viabilidade t\u00e9cnica para os arrendamentos de tr\u00eas terminais portu\u00e1rios, o VDC04, o POA02 e o POA11.<br><br>Com a aprova\u00e7\u00e3o, os processos seguem para o Minist\u00e9rio da Infraestrutura e depois para o TCU (Tribunal de Contas da Uni\u00e3o). Por se tratarem de projetos de arrendamentos simplificados ser\u00e1\u00a0dispensada a realiza\u00e7\u00e3o de audi\u00eancias p\u00fablicas sobre as licita\u00e7\u00f5es.\u00a0<br><br>Em rela\u00e7\u00e3o ao terminal VDC04, localizado no Porto Organizado de Vila do Conde (PA), a ANTAQ permitiu que os documentos faltantes para a licita\u00e7\u00e3o sejam entregues enquanto o processo de licita\u00e7\u00e3o corre, desde que isso aconte\u00e7a at\u00e9 a data da publica\u00e7\u00e3o do edital.\u00a0<br><br>Ainda precisa ser entregue a planta de situa\u00e7\u00e3o e localiza\u00e7\u00e3o do projeto em escala adequada e a inser\u00e7\u00e3o, nos documentos, do valor unit\u00e1rio do metro quadrado\u00a0da \u00e1rea a ser licitada na estrutura tarif\u00e1ria do porto organizado.<br><br>O VDC04 \u00e9 dedicado \u00e0 movimenta\u00e7\u00e3o e armazenagem de gran\u00e9is s\u00f3lidos minerais. Os outros dois terminais, localizados no Porto Organizado de Porto Alegre (RS), s\u00e3o destinados \u00e0 movimenta\u00e7\u00e3o e armazenagem de gran\u00e9is s\u00f3lidos (POA02) e \u00e0 movimenta\u00e7\u00e3o e armazenagem de gran\u00e9is s\u00f3lidos vegetais ou minerais (POA11).<br><br><strong>Revis\u00f5es tarif\u00e1rias<\/strong><br>A diretoria da ANTAQ aprovou ainda a revis\u00e3o e padroniza\u00e7\u00e3o da estrutura tarif\u00e1ria de dois portos. O porto de Vila do Conde (PA), que teve o \u00faltimo reajuste em 2015, ter\u00e1 um \u00edndice de reajuste m\u00e9dio de 11,13% com efeito m\u00e9dio tarif\u00e1rio de 14,15%.<br><br>J\u00e1 o porto de Recife (PE), que tamb\u00e9m teve a \u00faltima revis\u00e3o em 2015, ter\u00e1 um \u00edndice de reajuste m\u00e9dio de 121,57% com efeito m\u00e9dio tarif\u00e1rio de 92,92%. A diretora relatora, Fl\u00e1via Takafashi, justificou o percentual elevado afirmando que o d\u00e9ficit nas contas da companhia, entre 2015 a 2022, foi de 145,74%.<br><br><strong>Fips<\/strong><br>Outra delibera\u00e7\u00e3o da ANTAQ foi a aprova\u00e7\u00e3o do termo aditivo ao conv\u00eanio de coopera\u00e7\u00e3o t\u00e9cnica entre a autarquia e a ANTT (Ag\u00eancia Nacional de Transportes Terrestres). Em junho, a ANTT j\u00e1 havia aprovado esse termo aditivo.<br><br>O termo tem como objetivo melhorar a fiscaliza\u00e7\u00e3o na Ferradura do Porto de Santos e na Fips (Ferrovia Interna do Porto de Santos), que est\u00e1 em processo de desestatiza\u00e7\u00e3o &#8211; no in\u00edcio do m\u00eas passado, o TCU aprovou o modelo de desestatiza\u00e7\u00e3o da ferrovia interna.<br><br><strong>Agenda de avalia\u00e7\u00e3o<\/strong><br>A ANTAQ aprovou ainda a ARR 2022 (Agenda de Avalia\u00e7\u00e3o do Resultado Regulat\u00f3rio de 2022) a fim de cumprir o Decreto 10.411\/2020 que entre outras delibera\u00e7\u00f5es determinou que as ag\u00eancias reguladoras aprovassem essa agenda at\u00e9 o final deste ano.<br><br>A autarquia ainda n\u00e3o finalizou a elabora\u00e7\u00e3o da metodologia da aplica\u00e7\u00e3o da ARR mas, como precisa da agenda aprovada, a Superintend\u00eancia de Regula\u00e7\u00e3o da ANTAQ sugeriu um projeto piloto com duas normas.<br><br><strong>BR do Mar e opera\u00e7\u00f5es offshores<\/strong><br>Tamb\u00e9m durante a reuni\u00e3o, a diretora Fl\u00e1via Takafashi pediu vista ao processo que trata da proposta de revis\u00e3o e consolida\u00e7\u00e3o de norma de outorga para operar na navega\u00e7\u00e3o mar\u00edtima e de apoio e BR do Mar.\u00a0<br><br>J\u00e1 o processo que trata do enquadramento de embarca\u00e7\u00f5es em opera\u00e7\u00f5es offshore no conceito legal de navega\u00e7\u00e3o de apoio mar\u00edtimo foi exclu\u00eddo da pauta. No entanto, o diretor-geral e relator do item, Eduardo Nery, afirmou que o processo deve voltar para a pauta na pr\u00f3xima semana, &#8220;visto a relev\u00e2ncia do tema\u201d. A reuni\u00e3o completa de diretoria est\u00e1 dispon\u00edvel\u00a0<a rel=\"noreferrer noopener\" href=\"https:\/\/agenciainfra.us14.list-manage.com\/track\/click?u=d460dd1bcf9ba0ae040e1fc0f&amp;id=2856016975&amp;e=f0fa444791\" target=\"_blank\">neste link<\/a>.<\/p>\n","protected":false},"excerpt":{"rendered":"<p>da Ag\u00eancia iNFRA A ANTAQ (Ag\u00eancia Nacional de Transportes Aquavi\u00e1rios) aprovou, em reuni\u00e3o de diretoria, na\u00a0\u00faltima quinta-feira (11), os estudos de viabilidade t\u00e9cnica para os arrendamentos de tr\u00eas terminais portu\u00e1rios, o VDC04, o POA02 e o POA11. Com a aprova\u00e7\u00e3o, os processos seguem para o Minist\u00e9rio da Infraestrutura e depois para o TCU (Tribunal de [&hellip;]<\/p>\n","protected":false},"author":1,"featured_media":6458,"comment_status":"closed","ping_status":"closed","sticky":false,"template":"","format":"standard","meta":{"_monsterinsights_skip_tracking":false,"_monsterinsights_sitenote_active":false,"_monsterinsights_sitenote_note":"","_monsterinsights_sitenote_category":0,"footnotes":""},"categories":[1,7],"tags":[],"class_list":["post-11086","post","type-post","status-publish","format-standard","has-post-thumbnail","hentry","category-geral","category-infratransporte"],"yoast_head":"<!-- This site is optimized with the Yoast SEO Premium plugin v25.4 (Yoast SEO v26.0) - https:\/\/yoast.com\/wordpress\/plugins\/seo\/ -->\n<title>ANTAQ aprova os estudos de viabilidade t\u00e9cnica do arrendamento de tr\u00eas terminais portu\u00e1rios - Ag\u00eancia iNFRA<\/title>\n<meta name=\"robots\" content=\"index, follow, max-snippet:-1, max-image-preview:large, max-video-preview:-1\" \/>\n<link rel=\"canonical\" href=\"https:\/\/agenciainfra.com\/blog\/antaq-aprova-os-estudos-de-viabilidade-tecnica-do-arrendamento-de-tres-terminais-portuarios\/\" \/>\n<meta property=\"og:locale\" content=\"pt_BR\" \/>\n<meta property=\"og:type\" content=\"article\" \/>\n<meta property=\"og:title\" content=\"ANTAQ aprova os estudos de viabilidade t\u00e9cnica do arrendamento de tr\u00eas terminais portu\u00e1rios\" \/>\n<meta property=\"og:description\" content=\"da Ag\u00eancia iNFRA A ANTAQ (Ag\u00eancia Nacional de Transportes Aquavi\u00e1rios) aprovou, em reuni\u00e3o de diretoria, na\u00a0\u00faltima quinta-feira (11), os estudos de viabilidade t\u00e9cnica para os arrendamentos de tr\u00eas terminais portu\u00e1rios, o VDC04, o POA02 e o POA11. Com a aprova\u00e7\u00e3o, os processos seguem para o Minist\u00e9rio da Infraestrutura e depois para o TCU (Tribunal de [&hellip;]\" \/>\n<meta property=\"og:url\" content=\"https:\/\/agenciainfra.com\/blog\/antaq-aprova-os-estudos-de-viabilidade-tecnica-do-arrendamento-de-tres-terminais-portuarios\/\" \/>\n<meta property=\"og:site_name\" content=\"Ag\u00eancia iNFRA\" \/>\n<meta property=\"article:publisher\" content=\"https:\/\/www.facebook.com\/ageninfra\" \/>\n<meta property=\"article:published_time\" content=\"2022-08-16T12:00:00+00:00\" \/>\n<meta property=\"og:image\" content=\"https:\/\/agenciainfra.com\/blog\/wp-content\/uploads\/2020\/12\/fachada-antaq-foto-antaq.jpg\" \/>\n\t<meta property=\"og:image:width\" content=\"1280\" \/>\n\t<meta property=\"og:image:height\" content=\"719\" \/>\n\t<meta property=\"og:image:type\" content=\"image\/jpeg\" \/>\n<meta name=\"author\" content=\"Ag\u00eancia iNFRA\" \/>\n<meta name=\"twitter:card\" content=\"summary_large_image\" \/>\n<meta name=\"twitter:creator\" content=\"@agencia_infra\" \/>\n<meta name=\"twitter:site\" content=\"@agencia_infra\" \/>\n<meta name=\"twitter:label1\" content=\"Escrito por\" \/>\n\t<meta name=\"twitter:data1\" content=\"Ag\u00eancia iNFRA\" \/>\n\t<meta name=\"twitter:label2\" content=\"Est. tempo de leitura\" \/>\n\t<meta name=\"twitter:data2\" content=\"3 minutos\" \/>\n<script type=\"application\/ld+json\" class=\"yoast-schema-graph\">{\"@context\":\"https:\/\/schema.org\",\"@graph\":[{\"@type\":\"Article\",\"@id\":\"https:\/\/agenciainfra.com\/blog\/antaq-aprova-os-estudos-de-viabilidade-tecnica-do-arrendamento-de-tres-terminais-portuarios\/#article\",\"isPartOf\":{\"@id\":\"https:\/\/agenciainfra.com\/blog\/antaq-aprova-os-estudos-de-viabilidade-tecnica-do-arrendamento-de-tres-terminais-portuarios\/\"},\"author\":{\"name\":\"Ag\u00eancia iNFRA\",\"@id\":\"https:\/\/agenciainfra.com\/blog\/#\/schema\/person\/34af08dff6adea4cb22b06612ba7acfa\"},\"headline\":\"ANTAQ aprova os estudos de viabilidade t\u00e9cnica do arrendamento de tr\u00eas terminais portu\u00e1rios\",\"datePublished\":\"2022-08-16T12:00:00+00:00\",\"mainEntityOfPage\":{\"@id\":\"https:\/\/agenciainfra.com\/blog\/antaq-aprova-os-estudos-de-viabilidade-tecnica-do-arrendamento-de-tres-terminais-portuarios\/\"},\"wordCount\":645,\"publisher\":{\"@id\":\"https:\/\/agenciainfra.com\/blog\/#organization\"},\"image\":{\"@id\":\"https:\/\/agenciainfra.com\/blog\/antaq-aprova-os-estudos-de-viabilidade-tecnica-do-arrendamento-de-tres-terminais-portuarios\/#primaryimage\"},\"thumbnailUrl\":\"https:\/\/agenciainfra.com\/blog\/wp-content\/uploads\/2020\/12\/fachada-antaq-foto-antaq.jpg\",\"articleSection\":[\"Geral\",\"iNFRATransporte\"],\"inLanguage\":\"pt-BR\",\"copyrightYear\":\"2022\",\"copyrightHolder\":{\"@id\":\"https:\/\/agenciainfra.com\/blog\/#organization\"}},{\"@type\":\"WebPage\",\"@id\":\"https:\/\/agenciainfra.com\/blog\/antaq-aprova-os-estudos-de-viabilidade-tecnica-do-arrendamento-de-tres-terminais-portuarios\/\",\"url\":\"https:\/\/agenciainfra.com\/blog\/antaq-aprova-os-estudos-de-viabilidade-tecnica-do-arrendamento-de-tres-terminais-portuarios\/\",\"name\":\"ANTAQ aprova os estudos de viabilidade t\u00e9cnica do arrendamento de tr\u00eas terminais portu\u00e1rios - Ag\u00eancia iNFRA\",\"isPartOf\":{\"@id\":\"https:\/\/agenciainfra.com\/blog\/#website\"},\"primaryImageOfPage\":{\"@id\":\"https:\/\/agenciainfra.com\/blog\/antaq-aprova-os-estudos-de-viabilidade-tecnica-do-arrendamento-de-tres-terminais-portuarios\/#primaryimage\"},\"image\":{\"@id\":\"https:\/\/agenciainfra.com\/blog\/antaq-aprova-os-estudos-de-viabilidade-tecnica-do-arrendamento-de-tres-terminais-portuarios\/#primaryimage\"},\"thumbnailUrl\":\"https:\/\/agenciainfra.com\/blog\/wp-content\/uploads\/2020\/12\/fachada-antaq-foto-antaq.jpg\",\"datePublished\":\"2022-08-16T12:00:00+00:00\",\"breadcrumb\":{\"@id\":\"https:\/\/agenciainfra.com\/blog\/antaq-aprova-os-estudos-de-viabilidade-tecnica-do-arrendamento-de-tres-terminais-portuarios\/#breadcrumb\"},\"inLanguage\":\"pt-BR\",\"potentialAction\":[{\"@type\":\"ReadAction\",\"target\":[\"https:\/\/agenciainfra.com\/blog\/antaq-aprova-os-estudos-de-viabilidade-tecnica-do-arrendamento-de-tres-terminais-portuarios\/\"]}]},{\"@type\":\"ImageObject\",\"inLanguage\":\"pt-BR\",\"@id\":\"https:\/\/agenciainfra.com\/blog\/antaq-aprova-os-estudos-de-viabilidade-tecnica-do-arrendamento-de-tres-terminais-portuarios\/#primaryimage\",\"url\":\"https:\/\/agenciainfra.com\/blog\/wp-content\/uploads\/2020\/12\/fachada-antaq-foto-antaq.jpg\",\"contentUrl\":\"https:\/\/agenciainfra.com\/blog\/wp-content\/uploads\/2020\/12\/fachada-antaq-foto-antaq.jpg\",\"width\":1280,\"height\":719,\"caption\":\"Foto: ANTAQ\"},{\"@type\":\"BreadcrumbList\",\"@id\":\"https:\/\/agenciainfra.com\/blog\/antaq-aprova-os-estudos-de-viabilidade-tecnica-do-arrendamento-de-tres-terminais-portuarios\/#breadcrumb\",\"itemListElement\":[{\"@type\":\"ListItem\",\"position\":1,\"name\":\"In\u00edcio\",\"item\":\"https:\/\/agenciainfra.com\/blog\/\"},{\"@type\":\"ListItem\",\"position\":2,\"name\":\"ANTAQ aprova os estudos de viabilidade t\u00e9cnica do arrendamento de tr\u00eas terminais portu\u00e1rios\"}]},{\"@type\":\"WebSite\",\"@id\":\"https:\/\/agenciainfra.com\/blog\/#website\",\"url\":\"https:\/\/agenciainfra.com\/blog\/\",\"name\":\"Ag\u00eancia iNFRA\",\"description\":\"Multiplataforma de informa\u00e7\u00e3o jornal\u00edstica refer\u00eancia na \u00e1rea de infraestrutura no Brasil!\",\"publisher\":{\"@id\":\"https:\/\/agenciainfra.com\/blog\/#organization\"},\"potentialAction\":[{\"@type\":\"SearchAction\",\"target\":{\"@type\":\"EntryPoint\",\"urlTemplate\":\"https:\/\/agenciainfra.com\/blog\/?s={search_term_string}\"},\"query-input\":{\"@type\":\"PropertyValueSpecification\",\"valueRequired\":true,\"valueName\":\"search_term_string\"}}],\"inLanguage\":\"pt-BR\"},{\"@type\":\"Organization\",\"@id\":\"https:\/\/agenciainfra.com\/blog\/#organization\",\"name\":\"Ag\u00eancia iNFRA\",\"url\":\"https:\/\/agenciainfra.com\/blog\/\",\"logo\":{\"@type\":\"ImageObject\",\"inLanguage\":\"pt-BR\",\"@id\":\"https:\/\/agenciainfra.com\/blog\/#\/schema\/logo\/image\/\",\"url\":\"https:\/\/agenciainfra.com\/blog\/wp-content\/uploads\/2023\/09\/iNFRA_5-e1761735885940.png\",\"contentUrl\":\"https:\/\/agenciainfra.com\/blog\/wp-content\/uploads\/2023\/09\/iNFRA_5-e1761735885940.png\",\"width\":1672,\"height\":454,\"caption\":\"Ag\u00eancia iNFRA\"},\"image\":{\"@id\":\"https:\/\/agenciainfra.com\/blog\/#\/schema\/logo\/image\/\"},\"sameAs\":[\"https:\/\/www.facebook.com\/ageninfra\",\"https:\/\/x.com\/agencia_infra\",\"https:\/\/www.linkedin.com\/company\/ag\u00eanciainfra\/\",\"https:\/\/www.instagram.com\/agenciainfra\/\"]},{\"@type\":\"Person\",\"@id\":\"https:\/\/agenciainfra.com\/blog\/#\/schema\/person\/34af08dff6adea4cb22b06612ba7acfa\",\"name\":\"Ag\u00eancia iNFRA\",\"image\":{\"@type\":\"ImageObject\",\"inLanguage\":\"pt-BR\",\"@id\":\"https:\/\/agenciainfra.com\/blog\/#\/schema\/person\/image\/\",\"url\":\"https:\/\/secure.gravatar.com\/avatar\/d189e01678f06d8eb84d4e01f08eb848b3fffe3f8443818d3c356c66892f5be8?s=96&d=mm&r=g\",\"contentUrl\":\"https:\/\/secure.gravatar.com\/avatar\/d189e01678f06d8eb84d4e01f08eb848b3fffe3f8443818d3c356c66892f5be8?s=96&d=mm&r=g\",\"caption\":\"Ag\u00eancia iNFRA\"},\"url\":\"https:\/\/agenciainfra.com\/blog\/author\/admin\/\"}]}<\/script>\n<!-- \/ Yoast SEO Premium plugin. -->","yoast_head_json":{"title":"ANTAQ aprova os estudos de viabilidade t\u00e9cnica do arrendamento de tr\u00eas terminais portu\u00e1rios - Ag\u00eancia iNFRA","robots":{"index":"index","follow":"follow","max-snippet":"max-snippet:-1","max-image-preview":"max-image-preview:large","max-video-preview":"max-video-preview:-1"},"canonical":"https:\/\/agenciainfra.com\/blog\/antaq-aprova-os-estudos-de-viabilidade-tecnica-do-arrendamento-de-tres-terminais-portuarios\/","og_locale":"pt_BR","og_type":"article","og_title":"ANTAQ aprova os estudos de viabilidade t\u00e9cnica do arrendamento de tr\u00eas terminais portu\u00e1rios","og_description":"da Ag\u00eancia iNFRA A ANTAQ (Ag\u00eancia Nacional de Transportes Aquavi\u00e1rios) aprovou, em reuni\u00e3o de diretoria, na\u00a0\u00faltima quinta-feira (11), os estudos de viabilidade t\u00e9cnica para os arrendamentos de tr\u00eas terminais portu\u00e1rios, o VDC04, o POA02 e o POA11. Com a aprova\u00e7\u00e3o, os processos seguem para o Minist\u00e9rio da Infraestrutura e depois para o TCU (Tribunal de [&hellip;]","og_url":"https:\/\/agenciainfra.com\/blog\/antaq-aprova-os-estudos-de-viabilidade-tecnica-do-arrendamento-de-tres-terminais-portuarios\/","og_site_name":"Ag\u00eancia iNFRA","article_publisher":"https:\/\/www.facebook.com\/ageninfra","article_published_time":"2022-08-16T12:00:00+00:00","og_image":[{"width":1280,"height":719,"url":"https:\/\/agenciainfra.com\/blog\/wp-content\/uploads\/2020\/12\/fachada-antaq-foto-antaq.jpg","type":"image\/jpeg"}],"author":"Ag\u00eancia iNFRA","twitter_card":"summary_large_image","twitter_creator":"@agencia_infra","twitter_site":"@agencia_infra","twitter_misc":{"Escrito por":"Ag\u00eancia iNFRA","Est. tempo de leitura":"3 minutos"},"schema":{"@context":"https:\/\/schema.org","@graph":[{"@type":"Article","@id":"https:\/\/agenciainfra.com\/blog\/antaq-aprova-os-estudos-de-viabilidade-tecnica-do-arrendamento-de-tres-terminais-portuarios\/#article","isPartOf":{"@id":"https:\/\/agenciainfra.com\/blog\/antaq-aprova-os-estudos-de-viabilidade-tecnica-do-arrendamento-de-tres-terminais-portuarios\/"},"author":{"name":"Ag\u00eancia iNFRA","@id":"https:\/\/agenciainfra.com\/blog\/#\/schema\/person\/34af08dff6adea4cb22b06612ba7acfa"},"headline":"ANTAQ aprova os estudos de viabilidade t\u00e9cnica do arrendamento de tr\u00eas terminais portu\u00e1rios","datePublished":"2022-08-16T12:00:00+00:00","mainEntityOfPage":{"@id":"https:\/\/agenciainfra.com\/blog\/antaq-aprova-os-estudos-de-viabilidade-tecnica-do-arrendamento-de-tres-terminais-portuarios\/"},"wordCount":645,"publisher":{"@id":"https:\/\/agenciainfra.com\/blog\/#organization"},"image":{"@id":"https:\/\/agenciainfra.com\/blog\/antaq-aprova-os-estudos-de-viabilidade-tecnica-do-arrendamento-de-tres-terminais-portuarios\/#primaryimage"},"thumbnailUrl":"https:\/\/agenciainfra.com\/blog\/wp-content\/uploads\/2020\/12\/fachada-antaq-foto-antaq.jpg","articleSection":["Geral","iNFRATransporte"],"inLanguage":"pt-BR","copyrightYear":"2022","copyrightHolder":{"@id":"https:\/\/agenciainfra.com\/blog\/#organization"}},{"@type":"WebPage","@id":"https:\/\/agenciainfra.com\/blog\/antaq-aprova-os-estudos-de-viabilidade-tecnica-do-arrendamento-de-tres-terminais-portuarios\/","url":"https:\/\/agenciainfra.com\/blog\/antaq-aprova-os-estudos-de-viabilidade-tecnica-do-arrendamento-de-tres-terminais-portuarios\/","name":"ANTAQ aprova os estudos de viabilidade t\u00e9cnica do arrendamento de tr\u00eas terminais portu\u00e1rios - Ag\u00eancia iNFRA","isPartOf":{"@id":"https:\/\/agenciainfra.com\/blog\/#website"},"primaryImageOfPage":{"@id":"https:\/\/agenciainfra.com\/blog\/antaq-aprova-os-estudos-de-viabilidade-tecnica-do-arrendamento-de-tres-terminais-portuarios\/#primaryimage"},"image":{"@id":"https:\/\/agenciainfra.com\/blog\/antaq-aprova-os-estudos-de-viabilidade-tecnica-do-arrendamento-de-tres-terminais-portuarios\/#primaryimage"},"thumbnailUrl":"https:\/\/agenciainfra.com\/blog\/wp-content\/uploads\/2020\/12\/fachada-antaq-foto-antaq.jpg","datePublished":"2022-08-16T12:00:00+00:00","breadcrumb":{"@id":"https:\/\/agenciainfra.com\/blog\/antaq-aprova-os-estudos-de-viabilidade-tecnica-do-arrendamento-de-tres-terminais-portuarios\/#breadcrumb"},"inLanguage":"pt-BR","potentialAction":[{"@type":"ReadAction","target":["https:\/\/agenciainfra.com\/blog\/antaq-aprova-os-estudos-de-viabilidade-tecnica-do-arrendamento-de-tres-terminais-portuarios\/"]}]},{"@type":"ImageObject","inLanguage":"pt-BR","@id":"https:\/\/agenciainfra.com\/blog\/antaq-aprova-os-estudos-de-viabilidade-tecnica-do-arrendamento-de-tres-terminais-portuarios\/#primaryimage","url":"https:\/\/agenciainfra.com\/blog\/wp-content\/uploads\/2020\/12\/fachada-antaq-foto-antaq.jpg","contentUrl":"https:\/\/agenciainfra.com\/blog\/wp-content\/uploads\/2020\/12\/fachada-antaq-foto-antaq.jpg","width":1280,"height":719,"caption":"Foto: ANTAQ"},{"@type":"BreadcrumbList","@id":"https:\/\/agenciainfra.com\/blog\/antaq-aprova-os-estudos-de-viabilidade-tecnica-do-arrendamento-de-tres-terminais-portuarios\/#breadcrumb","itemListElement":[{"@type":"ListItem","position":1,"name":"In\u00edcio","item":"https:\/\/agenciainfra.com\/blog\/"},{"@type":"ListItem","position":2,"name":"ANTAQ aprova os estudos de viabilidade t\u00e9cnica do arrendamento de tr\u00eas terminais portu\u00e1rios"}]},{"@type":"WebSite","@id":"https:\/\/agenciainfra.com\/blog\/#website","url":"https:\/\/agenciainfra.com\/blog\/","name":"Ag\u00eancia iNFRA","description":"Multiplataforma de informa\u00e7\u00e3o jornal\u00edstica refer\u00eancia na \u00e1rea de infraestrutura no Brasil!","publisher":{"@id":"https:\/\/agenciainfra.com\/blog\/#organization"},"potentialAction":[{"@type":"SearchAction","target":{"@type":"EntryPoint","urlTemplate":"https:\/\/agenciainfra.com\/blog\/?s={search_term_string}"},"query-input":{"@type":"PropertyValueSpecification","valueRequired":true,"valueName":"search_term_string"}}],"inLanguage":"pt-BR"},{"@type":"Organization","@id":"https:\/\/agenciainfra.com\/blog\/#organization","name":"Ag\u00eancia iNFRA","url":"https:\/\/agenciainfra.com\/blog\/","logo":{"@type":"ImageObject","inLanguage":"pt-BR","@id":"https:\/\/agenciainfra.com\/blog\/#\/schema\/logo\/image\/","url":"https:\/\/agenciainfra.com\/blog\/wp-content\/uploads\/2023\/09\/iNFRA_5-e1761735885940.png","contentUrl":"https:\/\/agenciainfra.com\/blog\/wp-content\/uploads\/2023\/09\/iNFRA_5-e1761735885940.png","width":1672,"height":454,"caption":"Ag\u00eancia iNFRA"},"image":{"@id":"https:\/\/agenciainfra.com\/blog\/#\/schema\/logo\/image\/"},"sameAs":["https:\/\/www.facebook.com\/ageninfra","https:\/\/x.com\/agencia_infra","https:\/\/www.linkedin.com\/company\/ag\u00eanciainfra\/","https:\/\/www.instagram.com\/agenciainfra\/"]},{"@type":"Person","@id":"https:\/\/agenciainfra.com\/blog\/#\/schema\/person\/34af08dff6adea4cb22b06612ba7acfa","name":"Ag\u00eancia iNFRA","image":{"@type":"ImageObject","inLanguage":"pt-BR","@id":"https:\/\/agenciainfra.com\/blog\/#\/schema\/person\/image\/","url":"https:\/\/secure.gravatar.com\/avatar\/d189e01678f06d8eb84d4e01f08eb848b3fffe3f8443818d3c356c66892f5be8?s=96&d=mm&r=g","contentUrl":"https:\/\/secure.gravatar.com\/avatar\/d189e01678f06d8eb84d4e01f08eb848b3fffe3f8443818d3c356c66892f5be8?s=96&d=mm&r=g","caption":"Ag\u00eancia iNFRA"},"url":"https:\/\/agenciainfra.com\/blog\/author\/admin\/"}]}},"_links":{"self":[{"href":"https:\/\/agenciainfra.com\/blog\/wp-json\/wp\/v2\/posts\/11086","targetHints":{"allow":["GET"]}}],"collection":[{"href":"https:\/\/agenciainfra.com\/blog\/wp-json\/wp\/v2\/posts"}],"about":[{"href":"https:\/\/agenciainfra.com\/blog\/wp-json\/wp\/v2\/types\/post"}],"author":[{"embeddable":true,"href":"https:\/\/agenciainfra.com\/blog\/wp-json\/wp\/v2\/users\/1"}],"replies":[{"embeddable":true,"href":"https:\/\/agenciainfra.com\/blog\/wp-json\/wp\/v2\/comments?post=11086"}],"version-history":[{"count":0,"href":"https:\/\/agenciainfra.com\/blog\/wp-json\/wp\/v2\/posts\/11086\/revisions"}],"wp:featuredmedia":[{"embeddable":true,"href":"https:\/\/agenciainfra.com\/blog\/wp-json\/wp\/v2\/media\/6458"}],"wp:attachment":[{"href":"https:\/\/agenciainfra.com\/blog\/wp-json\/wp\/v2\/media?parent=11086"}],"wp:term":[{"taxonomy":"category","embeddable":true,"href":"https:\/\/agenciainfra.com\/blog\/wp-json\/wp\/v2\/categories?post=11086"},{"taxonomy":"post_tag","embeddable":true,"href":"https:\/\/agenciainfra.com\/blog\/wp-json\/wp\/v2\/tags?post=11086"}],"curies":[{"name":"wp","href":"https:\/\/api.w.org\/{rel}","templated":true}]}}