{"id":11089,"date":"2022-08-16T10:00:00","date_gmt":"2022-08-16T13:00:00","guid":{"rendered":"https:\/\/www.agenciainfra.com\/blog\/?p=11089"},"modified":"2022-08-13T13:40:11","modified_gmt":"2022-08-13T16:40:11","slug":"ainda-e-cedo-para-a-santos-brasil-posicionar-se-sobre-a-licitacao-do-terminal-sts10-avalia-ceo-da-empresa","status":"publish","type":"post","link":"https:\/\/agenciainfra.com\/blog\/ainda-e-cedo-para-a-santos-brasil-posicionar-se-sobre-a-licitacao-do-terminal-sts10-avalia-ceo-da-empresa\/","title":{"rendered":"&#8220;Ainda \u00e9 cedo para a Santos Brasil posicionar-se sobre a licita\u00e7\u00e3o do terminal STS10&#8221;, avalia CEO da empresa"},"content":{"rendered":"\n<p class=\"has-text-align-right\"><strong>Gabriel Tabatcheik, para a Ag\u00eancia iNFRA<\/strong><\/p>\n\n\n\n<p>O CEO da Santos Brasil, Ant\u00f4nio Carlos Sep\u00falveda, comentou sobre o futuro processo de licita\u00e7\u00e3o do terminal de cont\u00eaineres\u00a0STS10, localizado na regi\u00e3o Sabo\u00f3, na margem direita do Porto de Santos (SP), ao responder perguntas durante a teleconfer\u00eancia para apresenta\u00e7\u00e3o dos resultados financeiros do 2\u00ba trimestre de 2022 da empresa. A apresenta\u00e7\u00e3o foi realizada na \u00faltima quinta-feira (11).<br><br>Sep\u00falveda revelou que \u201co feedback que estamos recebendo do poder concedente \u00e9 que as contribui\u00e7\u00f5es da audi\u00eancia p\u00fablica foram muito ricas e que possivelmente haver\u00e1 altera\u00e7\u00f5es na proposta de edital\u201d. Por\u00e9m, disse que \u201cainda \u00e9 cedo\u201d para a empresa posicionar-se a respeito do certame licitat\u00f3rio.<br><br>A Santos Brasil \u00e9 um dos tr\u00eas grandes terminais de cont\u00eaineres que operam em Santos, juntamente com a BTP e a DPW. De acordo com ele, pela proposta original, n\u00e3o h\u00e1 restri\u00e7\u00f5es \u00e0 participa\u00e7\u00e3o da Santos Brasil. \u201cMas \u00e9 um edital que ainda est\u00e1 sendo muito discutido\u201d.<br><br>O PPI (Programa de Parcerias de Investimentos) qualificou o projeto de licita\u00e7\u00e3o do STS10 na Resolu\u00e7\u00e3o CPPI 172\/2021, que originou o\u202fDecreto 10.743\/2021. O futuro terminal compreender\u00e1 \u00e1reas da regi\u00e3o do Sabo\u00f3 e a expectativa \u00e9 de que sua \u00e1rea total chegue a\u00a0600 mil metros quadrados. O investimento previsto \u00e9 estimado em\u00a0R$ 3,29 bilh\u00f5es.<br><br><strong>SPA<\/strong><br>Na avalia\u00e7\u00e3o de Sep\u00falveda, as aten\u00e7\u00f5es est\u00e3o mais voltadas para o projeto de licita\u00e7\u00e3o da SPA (Santos Port Authority). O executivo qualificou a iniciativa como \u201cmuito importante\u201d.<br><br>\u201cO porto de Santos \u00e9 um porto hoje de 250 milh\u00f5es de toneladas, a expans\u00e3o para outras cargas agora \u00e9 muito mais complexa. Eu acho que o privado vai dar uma velocidade diferente, vai conseguir aproveitar ao m\u00e1ximo esse final de capacidade que o porto tem a oferecer. E eu acho que a comunidade hoje est\u00e1 muito mais debru\u00e7ada nisso do que qualquer outro projeto\u201d, avaliou.<br><br><strong>Santos Brasil<\/strong><br>Quanto aos resultados apresentados, a Santos Brasil demonstrou um aumento de 32% na receita l\u00edquida, comparando o segundo trimestre de 2022 com o mesmo per\u00edodo do ano passado. Foram movimentados R$ 500,9 milh\u00f5es ante R$ 379,5 milh\u00f5es do ano anterior.<br><br>O lucro subiu 69,3%, passando de R$ 60,5 milh\u00f5es para R$ 102,4 milh\u00f5es, tamb\u00e9m referente ao mesmo recorte temporal. Acesse a apresenta\u00e7\u00e3o completa\u00a0<a rel=\"noreferrer noopener\" href=\"https:\/\/agenciainfra.us14.list-manage.com\/track\/click?u=d460dd1bcf9ba0ae040e1fc0f&amp;id=1d1e041812&amp;e=f0fa444791\" target=\"_blank\">neste link<\/a>.<\/p>\n","protected":false},"excerpt":{"rendered":"<p>Gabriel Tabatcheik, para a Ag\u00eancia iNFRA O CEO da Santos Brasil, Ant\u00f4nio Carlos Sep\u00falveda, comentou sobre o futuro processo de licita\u00e7\u00e3o do terminal de cont\u00eaineres\u00a0STS10, localizado na regi\u00e3o Sabo\u00f3, na margem direita do Porto de Santos (SP), ao responder perguntas durante a teleconfer\u00eancia para apresenta\u00e7\u00e3o dos resultados financeiros do 2\u00ba trimestre de 2022 da empresa. [&hellip;]<\/p>\n","protected":false},"author":1,"featured_media":0,"comment_status":"closed","ping_status":"closed","sticky":false,"template":"","format":"standard","meta":{"_monsterinsights_skip_tracking":false,"_monsterinsights_sitenote_active":false,"_monsterinsights_sitenote_note":"","_monsterinsights_sitenote_category":0,"footnotes":""},"categories":[1,7],"tags":[86,1030,3748,316,260,36,1898,1941,4101,104],"class_list":["post-11089","post","type-post","status-publish","format-standard","hentry","category-geral","category-infratransporte","tag-antaq","tag-btp","tag-dpw","tag-licitacao","tag-porto-de-santos","tag-ppi","tag-santos-brasil","tag-spa","tag-sts10","tag-terminal"],"yoast_head":"<!-- This site is optimized with the Yoast SEO Premium plugin v25.4 (Yoast SEO v26.0) - https:\/\/yoast.com\/wordpress\/plugins\/seo\/ -->\n<title>&quot;Ainda \u00e9 cedo para a Santos Brasil posicionar-se sobre a licita\u00e7\u00e3o do terminal STS10&quot;, avalia CEO da empresa - Ag\u00eancia iNFRA<\/title>\n<meta name=\"robots\" content=\"index, follow, max-snippet:-1, max-image-preview:large, max-video-preview:-1\" \/>\n<link rel=\"canonical\" href=\"https:\/\/agenciainfra.com\/blog\/ainda-e-cedo-para-a-santos-brasil-posicionar-se-sobre-a-licitacao-do-terminal-sts10-avalia-ceo-da-empresa\/\" \/>\n<meta property=\"og:locale\" content=\"pt_BR\" \/>\n<meta property=\"og:type\" content=\"article\" \/>\n<meta property=\"og:title\" content=\"&quot;Ainda \u00e9 cedo para a Santos Brasil posicionar-se sobre a licita\u00e7\u00e3o do terminal STS10&quot;, avalia CEO da empresa\" \/>\n<meta property=\"og:description\" content=\"Gabriel Tabatcheik, para a Ag\u00eancia iNFRA O CEO da Santos Brasil, Ant\u00f4nio Carlos Sep\u00falveda, comentou sobre o futuro processo de licita\u00e7\u00e3o do terminal de cont\u00eaineres\u00a0STS10, localizado na regi\u00e3o Sabo\u00f3, na margem direita do Porto de Santos (SP), ao responder perguntas durante a teleconfer\u00eancia para apresenta\u00e7\u00e3o dos resultados financeiros do 2\u00ba trimestre de 2022 da empresa. [&hellip;]\" \/>\n<meta property=\"og:url\" content=\"https:\/\/agenciainfra.com\/blog\/ainda-e-cedo-para-a-santos-brasil-posicionar-se-sobre-a-licitacao-do-terminal-sts10-avalia-ceo-da-empresa\/\" \/>\n<meta property=\"og:site_name\" content=\"Ag\u00eancia iNFRA\" \/>\n<meta property=\"article:publisher\" content=\"https:\/\/www.facebook.com\/ageninfra\" \/>\n<meta property=\"article:published_time\" content=\"2022-08-16T13:00:00+00:00\" \/>\n<meta property=\"og:image\" content=\"https:\/\/agenciainfra.com\/blog\/wp-content\/uploads\/2022\/05\/porto-de-santos-santos-brasil.jpeg\" \/>\n\t<meta property=\"og:image:width\" content=\"1300\" \/>\n\t<meta property=\"og:image:height\" content=\"691\" \/>\n\t<meta property=\"og:image:type\" content=\"image\/jpeg\" \/>\n<meta name=\"author\" content=\"Ag\u00eancia iNFRA\" \/>\n<meta name=\"twitter:card\" content=\"summary_large_image\" \/>\n<meta name=\"twitter:creator\" content=\"@agencia_infra\" \/>\n<meta name=\"twitter:site\" content=\"@agencia_infra\" \/>\n<meta name=\"twitter:label1\" content=\"Escrito por\" \/>\n\t<meta name=\"twitter:data1\" content=\"Ag\u00eancia iNFRA\" \/>\n\t<meta name=\"twitter:label2\" content=\"Est. tempo de leitura\" \/>\n\t<meta name=\"twitter:data2\" content=\"2 minutos\" \/>\n<script type=\"application\/ld+json\" class=\"yoast-schema-graph\">{\"@context\":\"https:\/\/schema.org\",\"@graph\":[{\"@type\":\"Article\",\"@id\":\"https:\/\/agenciainfra.com\/blog\/ainda-e-cedo-para-a-santos-brasil-posicionar-se-sobre-a-licitacao-do-terminal-sts10-avalia-ceo-da-empresa\/#article\",\"isPartOf\":{\"@id\":\"https:\/\/agenciainfra.com\/blog\/ainda-e-cedo-para-a-santos-brasil-posicionar-se-sobre-a-licitacao-do-terminal-sts10-avalia-ceo-da-empresa\/\"},\"author\":{\"name\":\"Ag\u00eancia iNFRA\",\"@id\":\"https:\/\/agenciainfra.com\/blog\/#\/schema\/person\/34af08dff6adea4cb22b06612ba7acfa\"},\"headline\":\"&#8220;Ainda \u00e9 cedo para a Santos Brasil posicionar-se sobre a licita\u00e7\u00e3o do terminal STS10&#8221;, avalia CEO da empresa\",\"datePublished\":\"2022-08-16T13:00:00+00:00\",\"mainEntityOfPage\":{\"@id\":\"https:\/\/agenciainfra.com\/blog\/ainda-e-cedo-para-a-santos-brasil-posicionar-se-sobre-a-licitacao-do-terminal-sts10-avalia-ceo-da-empresa\/\"},\"wordCount\":409,\"publisher\":{\"@id\":\"https:\/\/agenciainfra.com\/blog\/#organization\"},\"keywords\":[\"ANTAQ\",\"BTP\",\"DPW\",\"licita\u00e7\u00e3o\",\"Porto de Santos\",\"PPI\",\"Santos Brasil\",\"SPA\",\"STS10\",\"Terminal\"],\"articleSection\":[\"Geral\",\"iNFRATransporte\"],\"inLanguage\":\"pt-BR\",\"copyrightYear\":\"2022\",\"copyrightHolder\":{\"@id\":\"https:\/\/agenciainfra.com\/blog\/#organization\"}},{\"@type\":\"WebPage\",\"@id\":\"https:\/\/agenciainfra.com\/blog\/ainda-e-cedo-para-a-santos-brasil-posicionar-se-sobre-a-licitacao-do-terminal-sts10-avalia-ceo-da-empresa\/\",\"url\":\"https:\/\/agenciainfra.com\/blog\/ainda-e-cedo-para-a-santos-brasil-posicionar-se-sobre-a-licitacao-do-terminal-sts10-avalia-ceo-da-empresa\/\",\"name\":\"\\\"Ainda \u00e9 cedo para a Santos Brasil posicionar-se sobre a licita\u00e7\u00e3o do terminal STS10\\\", avalia CEO da empresa - Ag\u00eancia iNFRA\",\"isPartOf\":{\"@id\":\"https:\/\/agenciainfra.com\/blog\/#website\"},\"datePublished\":\"2022-08-16T13:00:00+00:00\",\"breadcrumb\":{\"@id\":\"https:\/\/agenciainfra.com\/blog\/ainda-e-cedo-para-a-santos-brasil-posicionar-se-sobre-a-licitacao-do-terminal-sts10-avalia-ceo-da-empresa\/#breadcrumb\"},\"inLanguage\":\"pt-BR\",\"potentialAction\":[{\"@type\":\"ReadAction\",\"target\":[\"https:\/\/agenciainfra.com\/blog\/ainda-e-cedo-para-a-santos-brasil-posicionar-se-sobre-a-licitacao-do-terminal-sts10-avalia-ceo-da-empresa\/\"]}]},{\"@type\":\"BreadcrumbList\",\"@id\":\"https:\/\/agenciainfra.com\/blog\/ainda-e-cedo-para-a-santos-brasil-posicionar-se-sobre-a-licitacao-do-terminal-sts10-avalia-ceo-da-empresa\/#breadcrumb\",\"itemListElement\":[{\"@type\":\"ListItem\",\"position\":1,\"name\":\"In\u00edcio\",\"item\":\"https:\/\/agenciainfra.com\/blog\/\"},{\"@type\":\"ListItem\",\"position\":2,\"name\":\"&#8220;Ainda \u00e9 cedo para a Santos Brasil posicionar-se sobre a licita\u00e7\u00e3o do terminal STS10&#8221;, avalia CEO da empresa\"}]},{\"@type\":\"WebSite\",\"@id\":\"https:\/\/agenciainfra.com\/blog\/#website\",\"url\":\"https:\/\/agenciainfra.com\/blog\/\",\"name\":\"Ag\u00eancia iNFRA\",\"description\":\"Multiplataforma de informa\u00e7\u00e3o jornal\u00edstica refer\u00eancia na \u00e1rea de infraestrutura no Brasil!\",\"publisher\":{\"@id\":\"https:\/\/agenciainfra.com\/blog\/#organization\"},\"potentialAction\":[{\"@type\":\"SearchAction\",\"target\":{\"@type\":\"EntryPoint\",\"urlTemplate\":\"https:\/\/agenciainfra.com\/blog\/?s={search_term_string}\"},\"query-input\":{\"@type\":\"PropertyValueSpecification\",\"valueRequired\":true,\"valueName\":\"search_term_string\"}}],\"inLanguage\":\"pt-BR\"},{\"@type\":\"Organization\",\"@id\":\"https:\/\/agenciainfra.com\/blog\/#organization\",\"name\":\"Ag\u00eancia iNFRA\",\"url\":\"https:\/\/agenciainfra.com\/blog\/\",\"logo\":{\"@type\":\"ImageObject\",\"inLanguage\":\"pt-BR\",\"@id\":\"https:\/\/agenciainfra.com\/blog\/#\/schema\/logo\/image\/\",\"url\":\"https:\/\/agenciainfra.com\/blog\/wp-content\/uploads\/2023\/09\/iNFRA_5-e1761735885940.png\",\"contentUrl\":\"https:\/\/agenciainfra.com\/blog\/wp-content\/uploads\/2023\/09\/iNFRA_5-e1761735885940.png\",\"width\":1672,\"height\":454,\"caption\":\"Ag\u00eancia iNFRA\"},\"image\":{\"@id\":\"https:\/\/agenciainfra.com\/blog\/#\/schema\/logo\/image\/\"},\"sameAs\":[\"https:\/\/www.facebook.com\/ageninfra\",\"https:\/\/x.com\/agencia_infra\",\"https:\/\/www.linkedin.com\/company\/ag\u00eanciainfra\/\",\"https:\/\/www.instagram.com\/agenciainfra\/\"]},{\"@type\":\"Person\",\"@id\":\"https:\/\/agenciainfra.com\/blog\/#\/schema\/person\/34af08dff6adea4cb22b06612ba7acfa\",\"name\":\"Ag\u00eancia iNFRA\",\"image\":{\"@type\":\"ImageObject\",\"inLanguage\":\"pt-BR\",\"@id\":\"https:\/\/agenciainfra.com\/blog\/#\/schema\/person\/image\/\",\"url\":\"https:\/\/secure.gravatar.com\/avatar\/d189e01678f06d8eb84d4e01f08eb848b3fffe3f8443818d3c356c66892f5be8?s=96&d=mm&r=g\",\"contentUrl\":\"https:\/\/secure.gravatar.com\/avatar\/d189e01678f06d8eb84d4e01f08eb848b3fffe3f8443818d3c356c66892f5be8?s=96&d=mm&r=g\",\"caption\":\"Ag\u00eancia iNFRA\"},\"url\":\"https:\/\/agenciainfra.com\/blog\/author\/admin\/\"}]}<\/script>\n<!-- \/ Yoast SEO Premium plugin. -->","yoast_head_json":{"title":"\"Ainda \u00e9 cedo para a Santos Brasil posicionar-se sobre a licita\u00e7\u00e3o do terminal STS10\", avalia CEO da empresa - Ag\u00eancia iNFRA","robots":{"index":"index","follow":"follow","max-snippet":"max-snippet:-1","max-image-preview":"max-image-preview:large","max-video-preview":"max-video-preview:-1"},"canonical":"https:\/\/agenciainfra.com\/blog\/ainda-e-cedo-para-a-santos-brasil-posicionar-se-sobre-a-licitacao-do-terminal-sts10-avalia-ceo-da-empresa\/","og_locale":"pt_BR","og_type":"article","og_title":"\"Ainda \u00e9 cedo para a Santos Brasil posicionar-se sobre a licita\u00e7\u00e3o do terminal STS10\", avalia CEO da empresa","og_description":"Gabriel Tabatcheik, para a Ag\u00eancia iNFRA O CEO da Santos Brasil, Ant\u00f4nio Carlos Sep\u00falveda, comentou sobre o futuro processo de licita\u00e7\u00e3o do terminal de cont\u00eaineres\u00a0STS10, localizado na regi\u00e3o Sabo\u00f3, na margem direita do Porto de Santos (SP), ao responder perguntas durante a teleconfer\u00eancia para apresenta\u00e7\u00e3o dos resultados financeiros do 2\u00ba trimestre de 2022 da empresa. [&hellip;]","og_url":"https:\/\/agenciainfra.com\/blog\/ainda-e-cedo-para-a-santos-brasil-posicionar-se-sobre-a-licitacao-do-terminal-sts10-avalia-ceo-da-empresa\/","og_site_name":"Ag\u00eancia iNFRA","article_publisher":"https:\/\/www.facebook.com\/ageninfra","article_published_time":"2022-08-16T13:00:00+00:00","og_image":[{"width":1300,"height":691,"url":"https:\/\/agenciainfra.com\/blog\/wp-content\/uploads\/2022\/05\/porto-de-santos-santos-brasil.jpeg","type":"image\/jpeg"}],"author":"Ag\u00eancia iNFRA","twitter_card":"summary_large_image","twitter_creator":"@agencia_infra","twitter_site":"@agencia_infra","twitter_misc":{"Escrito por":"Ag\u00eancia iNFRA","Est. tempo de leitura":"2 minutos"},"schema":{"@context":"https:\/\/schema.org","@graph":[{"@type":"Article","@id":"https:\/\/agenciainfra.com\/blog\/ainda-e-cedo-para-a-santos-brasil-posicionar-se-sobre-a-licitacao-do-terminal-sts10-avalia-ceo-da-empresa\/#article","isPartOf":{"@id":"https:\/\/agenciainfra.com\/blog\/ainda-e-cedo-para-a-santos-brasil-posicionar-se-sobre-a-licitacao-do-terminal-sts10-avalia-ceo-da-empresa\/"},"author":{"name":"Ag\u00eancia iNFRA","@id":"https:\/\/agenciainfra.com\/blog\/#\/schema\/person\/34af08dff6adea4cb22b06612ba7acfa"},"headline":"&#8220;Ainda \u00e9 cedo para a Santos Brasil posicionar-se sobre a licita\u00e7\u00e3o do terminal STS10&#8221;, avalia CEO da empresa","datePublished":"2022-08-16T13:00:00+00:00","mainEntityOfPage":{"@id":"https:\/\/agenciainfra.com\/blog\/ainda-e-cedo-para-a-santos-brasil-posicionar-se-sobre-a-licitacao-do-terminal-sts10-avalia-ceo-da-empresa\/"},"wordCount":409,"publisher":{"@id":"https:\/\/agenciainfra.com\/blog\/#organization"},"keywords":["ANTAQ","BTP","DPW","licita\u00e7\u00e3o","Porto de Santos","PPI","Santos Brasil","SPA","STS10","Terminal"],"articleSection":["Geral","iNFRATransporte"],"inLanguage":"pt-BR","copyrightYear":"2022","copyrightHolder":{"@id":"https:\/\/agenciainfra.com\/blog\/#organization"}},{"@type":"WebPage","@id":"https:\/\/agenciainfra.com\/blog\/ainda-e-cedo-para-a-santos-brasil-posicionar-se-sobre-a-licitacao-do-terminal-sts10-avalia-ceo-da-empresa\/","url":"https:\/\/agenciainfra.com\/blog\/ainda-e-cedo-para-a-santos-brasil-posicionar-se-sobre-a-licitacao-do-terminal-sts10-avalia-ceo-da-empresa\/","name":"\"Ainda \u00e9 cedo para a Santos Brasil posicionar-se sobre a licita\u00e7\u00e3o do terminal STS10\", avalia CEO da empresa - Ag\u00eancia iNFRA","isPartOf":{"@id":"https:\/\/agenciainfra.com\/blog\/#website"},"datePublished":"2022-08-16T13:00:00+00:00","breadcrumb":{"@id":"https:\/\/agenciainfra.com\/blog\/ainda-e-cedo-para-a-santos-brasil-posicionar-se-sobre-a-licitacao-do-terminal-sts10-avalia-ceo-da-empresa\/#breadcrumb"},"inLanguage":"pt-BR","potentialAction":[{"@type":"ReadAction","target":["https:\/\/agenciainfra.com\/blog\/ainda-e-cedo-para-a-santos-brasil-posicionar-se-sobre-a-licitacao-do-terminal-sts10-avalia-ceo-da-empresa\/"]}]},{"@type":"BreadcrumbList","@id":"https:\/\/agenciainfra.com\/blog\/ainda-e-cedo-para-a-santos-brasil-posicionar-se-sobre-a-licitacao-do-terminal-sts10-avalia-ceo-da-empresa\/#breadcrumb","itemListElement":[{"@type":"ListItem","position":1,"name":"In\u00edcio","item":"https:\/\/agenciainfra.com\/blog\/"},{"@type":"ListItem","position":2,"name":"&#8220;Ainda \u00e9 cedo para a Santos Brasil posicionar-se sobre a licita\u00e7\u00e3o do terminal STS10&#8221;, avalia CEO da empresa"}]},{"@type":"WebSite","@id":"https:\/\/agenciainfra.com\/blog\/#website","url":"https:\/\/agenciainfra.com\/blog\/","name":"Ag\u00eancia iNFRA","description":"Multiplataforma de informa\u00e7\u00e3o jornal\u00edstica refer\u00eancia na \u00e1rea de infraestrutura no Brasil!","publisher":{"@id":"https:\/\/agenciainfra.com\/blog\/#organization"},"potentialAction":[{"@type":"SearchAction","target":{"@type":"EntryPoint","urlTemplate":"https:\/\/agenciainfra.com\/blog\/?s={search_term_string}"},"query-input":{"@type":"PropertyValueSpecification","valueRequired":true,"valueName":"search_term_string"}}],"inLanguage":"pt-BR"},{"@type":"Organization","@id":"https:\/\/agenciainfra.com\/blog\/#organization","name":"Ag\u00eancia iNFRA","url":"https:\/\/agenciainfra.com\/blog\/","logo":{"@type":"ImageObject","inLanguage":"pt-BR","@id":"https:\/\/agenciainfra.com\/blog\/#\/schema\/logo\/image\/","url":"https:\/\/agenciainfra.com\/blog\/wp-content\/uploads\/2023\/09\/iNFRA_5-e1761735885940.png","contentUrl":"https:\/\/agenciainfra.com\/blog\/wp-content\/uploads\/2023\/09\/iNFRA_5-e1761735885940.png","width":1672,"height":454,"caption":"Ag\u00eancia iNFRA"},"image":{"@id":"https:\/\/agenciainfra.com\/blog\/#\/schema\/logo\/image\/"},"sameAs":["https:\/\/www.facebook.com\/ageninfra","https:\/\/x.com\/agencia_infra","https:\/\/www.linkedin.com\/company\/ag\u00eanciainfra\/","https:\/\/www.instagram.com\/agenciainfra\/"]},{"@type":"Person","@id":"https:\/\/agenciainfra.com\/blog\/#\/schema\/person\/34af08dff6adea4cb22b06612ba7acfa","name":"Ag\u00eancia iNFRA","image":{"@type":"ImageObject","inLanguage":"pt-BR","@id":"https:\/\/agenciainfra.com\/blog\/#\/schema\/person\/image\/","url":"https:\/\/secure.gravatar.com\/avatar\/d189e01678f06d8eb84d4e01f08eb848b3fffe3f8443818d3c356c66892f5be8?s=96&d=mm&r=g","contentUrl":"https:\/\/secure.gravatar.com\/avatar\/d189e01678f06d8eb84d4e01f08eb848b3fffe3f8443818d3c356c66892f5be8?s=96&d=mm&r=g","caption":"Ag\u00eancia iNFRA"},"url":"https:\/\/agenciainfra.com\/blog\/author\/admin\/"}]}},"_links":{"self":[{"href":"https:\/\/agenciainfra.com\/blog\/wp-json\/wp\/v2\/posts\/11089","targetHints":{"allow":["GET"]}}],"collection":[{"href":"https:\/\/agenciainfra.com\/blog\/wp-json\/wp\/v2\/posts"}],"about":[{"href":"https:\/\/agenciainfra.com\/blog\/wp-json\/wp\/v2\/types\/post"}],"author":[{"embeddable":true,"href":"https:\/\/agenciainfra.com\/blog\/wp-json\/wp\/v2\/users\/1"}],"replies":[{"embeddable":true,"href":"https:\/\/agenciainfra.com\/blog\/wp-json\/wp\/v2\/comments?post=11089"}],"version-history":[{"count":0,"href":"https:\/\/agenciainfra.com\/blog\/wp-json\/wp\/v2\/posts\/11089\/revisions"}],"wp:attachment":[{"href":"https:\/\/agenciainfra.com\/blog\/wp-json\/wp\/v2\/media?parent=11089"}],"wp:term":[{"taxonomy":"category","embeddable":true,"href":"https:\/\/agenciainfra.com\/blog\/wp-json\/wp\/v2\/categories?post=11089"},{"taxonomy":"post_tag","embeddable":true,"href":"https:\/\/agenciainfra.com\/blog\/wp-json\/wp\/v2\/tags?post=11089"}],"curies":[{"name":"wp","href":"https:\/\/api.w.org\/{rel}","templated":true}]}}