{"id":11101,"date":"2022-08-18T10:00:00","date_gmt":"2022-08-18T13:00:00","guid":{"rendered":"https:\/\/www.agenciainfra.com\/blog\/?p=11101"},"modified":"2022-08-17T11:39:01","modified_gmt":"2022-08-17T14:39:01","slug":"antaq-tera-avaliacao-mais-sistematica-sobre-movimentacao-de-conteineres-vazios","status":"publish","type":"post","link":"https:\/\/agenciainfra.com\/blog\/antaq-tera-avaliacao-mais-sistematica-sobre-movimentacao-de-conteineres-vazios\/","title":{"rendered":"ANTAQ ter\u00e1 avalia\u00e7\u00e3o mais sistem\u00e1tica sobre movimenta\u00e7\u00e3o de cont\u00eaineres vazios"},"content":{"rendered":"\n<p class=\"has-text-align-right\"><strong>Dimmi Amora, da Ag\u00eancia iNFRA<\/strong><\/p>\n\n\n\n<p>O diretor-geral da ANTAQ (Ag\u00eancia Nacional de Transportes Aquavi\u00e1rios), Eduardo Nery, disse que a ag\u00eancia est\u00e1 trabalhando na constru\u00e7\u00e3o de um \u00edndice para avaliar a movimenta\u00e7\u00e3o de cont\u00eaineres vazios no pa\u00eds.<br><br>A informa\u00e7\u00e3o foi dada durante a apresenta\u00e7\u00e3o da diretoria de informa\u00e7\u00f5es sobre\u00a0a movimenta\u00e7\u00e3o portu\u00e1ria no primeiro semestre do ano, que teve uma queda de 3,3% em rela\u00e7\u00e3o ao mesmo per\u00edodo de 2021, com 581 milh\u00f5es de toneladas. Os dados foram divulgados\u00a0na \u00faltima segunda-feira (15). Acesse a apresenta\u00e7\u00e3o completa\u00a0<a rel=\"noreferrer noopener\" href=\"https:\/\/agenciainfra.us14.list-manage.com\/track\/click?u=d460dd1bcf9ba0ae040e1fc0f&amp;id=e6a6db17cc&amp;e=f0fa444791\" target=\"_blank\">neste link<\/a>.<br><br>A ag\u00eancia atribuiu a queda principalmente aos problemas no semestre passado causados pelo fechamento de cidades chinesas em decorr\u00eancia da Covid-19 e outras crises, como a invas\u00e3o russa na Ucr\u00e2nia.<br><br>O min\u00e9rio de ferro, que \u00e9 o principal produto exportado em volume no pa\u00eds e tem a China como principal compradora, teve redu\u00e7\u00e3o de volume de 6,4%. A exporta\u00e7\u00e3o de soja tamb\u00e9m caiu 11,2%. Destaque para altas em celulose (27%) e fertilizantes (14%). Os dirigentes da ag\u00eancia explicaram que, mesmo com a queda, a balan\u00e7a comercial brasileira n\u00e3o foi afetada (teve crescimento no per\u00edodo) por causa do aumento de pre\u00e7os de v\u00e1rias commodities.\u00a0<br><br><strong>Cabotagem<\/strong><br>A redu\u00e7\u00e3o dos volumes afetou tamb\u00e9m a cabotagem, que teve um crescimento no per\u00edodo um pouco abaixo da m\u00e9dia dos \u00faltimos, quando cresceu a mais de dois d\u00edgitos. Dessa vez, os volumes aumentaram 2,9%. Colaborou para isso o BR do Mar ainda n\u00e3o estar regulamentado, na avalia\u00e7\u00e3o do diretor-geral.<br><br>No caso dos cont\u00eaineres, houve queda na movimenta\u00e7\u00e3o em 4,4%. O movimento de cont\u00eaineres vazios em dire\u00e7\u00e3o \u00e0 China, 46% de todo o movimento do semestre para esse\u00a0pa\u00eds, chamou a aten\u00e7\u00e3o da diretoria que pediu para que seja feita uma pesquisa por um tempo mais longo sobre esse tipo de movimenta\u00e7\u00e3o.<br><br>A falta de cont\u00eaineres vazios \u00e9 um dos problemas causados no\u00a0sistema de transporte de cargas por cont\u00eaineres no mundo ap\u00f3s a pandemia da Covid-19. Os clientes apresentaram diversas reclama\u00e7\u00f5es de mau atendimento por parte dos armadores o que levou a ANTAQ a abrir um grupo de trabalho para avaliar.<br><br>Sem cont\u00eaineres vazios, os clientes costumam ter mais dificuldade para embarcar suas cargas, com os armadores exigindo que as devolu\u00e7\u00f5es sejam mais r\u00e1pidas, o que aumenta o custo para quem se utiliza dessa forma de transporte.<br><br>Fernando Serra, gerente de estat\u00edstica da ag\u00eancia, afirmou que a China estar levando mais cont\u00eaineres vazios \u00e9 uma tentativa de normalizar o mercado, visto ela ser a maior movimentadora desse tipo de carga.<br><br>O diretor-geral Eduardo Nery lembrou que, como o Brasil exporta mais que importa, h\u00e1 um desbalan\u00e7o cr\u00f4nico e ter uma parte dos cont\u00eaineres indo vazios \u00e9 algo esperado. Mas, segundo ele, \u00e9 preciso avaliar se o movimento do semestre passado est\u00e1 fora do padr\u00e3o e as poss\u00edveis consequ\u00eancias.<br><br><strong>Privatiza\u00e7\u00f5es<\/strong><br>Eduardo Nery afirmou que a ag\u00eancia trabalha para finalizar neste m\u00eas as audi\u00eancias p\u00fablicas sobre a desestatiza\u00e7\u00e3o do Porto de Santos (SP) e o arrendamento do novo terminal de cont\u00eaineres do porto, o STS10. Ao fim dessa etapa, o processo come\u00e7a a ser analisado pelo TCU (Tribunal de Contas da Uni\u00e3o) e, quando referendado, o governo pode lan\u00e7ar o edital.<br><br>A expectativa do minist\u00e9rio da Infraestrutura era mandar o processo do porto de Santos para o TCU nesta quinzena, com a espera\u00e7a de ainda publicar edital este ano. Nery disse que a diretriz da pasta \u00e9 para que os dois processos de an\u00e1lise de contribui\u00e7\u00f5es das audi\u00eancias p\u00fablicas sigam sendo tocados ao mesmo tempo.<br><br>Ele afirmou ainda que acredita ser dif\u00edcil que o STS10 seja licitado depois da concess\u00e3o do porto a uma empresa privada porque\u00a0v\u00ea com muita dificuldade essa companhia privada fazendo o arrendamento dessa \u00e1rea, que certamente ter\u00e1 an\u00e1lises de concentra\u00e7\u00e3o de mercado, mesmo se for feito por um privado.<\/p>\n","protected":false},"excerpt":{"rendered":"<p>Dimmi Amora, da Ag\u00eancia iNFRA O diretor-geral da ANTAQ (Ag\u00eancia Nacional de Transportes Aquavi\u00e1rios), Eduardo Nery, disse que a ag\u00eancia est\u00e1 trabalhando na constru\u00e7\u00e3o de um \u00edndice para avaliar a movimenta\u00e7\u00e3o de cont\u00eaineres vazios no pa\u00eds. A informa\u00e7\u00e3o foi dada durante a apresenta\u00e7\u00e3o da diretoria de informa\u00e7\u00f5es sobre\u00a0a movimenta\u00e7\u00e3o portu\u00e1ria no primeiro semestre do ano, [&hellip;]<\/p>\n","protected":false},"author":1,"featured_media":5949,"comment_status":"closed","ping_status":"closed","sticky":false,"template":"","format":"standard","meta":{"_monsterinsights_skip_tracking":false,"_monsterinsights_sitenote_active":false,"_monsterinsights_sitenote_note":"","_monsterinsights_sitenote_category":0,"footnotes":""},"categories":[7],"tags":[46,86,1245,407,873,1759,2932,418,625,4101,18],"class_list":["post-11101","post","type-post","status-publish","format-standard","has-post-thumbnail","hentry","category-infratransporte","tag-agencias-reguladoras","tag-antaq","tag-br-do-mar","tag-cabotagem","tag-conteineres","tag-covid-19","tag-eduardo-nery","tag-privatizacoes","tag-santos","tag-sts10","tag-tcu"],"yoast_head":"<!-- This site is optimized with the Yoast SEO Premium plugin v25.4 (Yoast SEO v26.0) - https:\/\/yoast.com\/wordpress\/plugins\/seo\/ -->\n<title>ANTAQ ter\u00e1 avalia\u00e7\u00e3o mais sistem\u00e1tica sobre movimenta\u00e7\u00e3o de cont\u00eaineres vazios - Ag\u00eancia iNFRA<\/title>\n<meta name=\"robots\" content=\"index, follow, max-snippet:-1, max-image-preview:large, max-video-preview:-1\" \/>\n<link rel=\"canonical\" href=\"https:\/\/agenciainfra.com\/blog\/antaq-tera-avaliacao-mais-sistematica-sobre-movimentacao-de-conteineres-vazios\/\" \/>\n<meta property=\"og:locale\" content=\"pt_BR\" \/>\n<meta property=\"og:type\" content=\"article\" \/>\n<meta property=\"og:title\" content=\"ANTAQ ter\u00e1 avalia\u00e7\u00e3o mais sistem\u00e1tica sobre movimenta\u00e7\u00e3o de cont\u00eaineres vazios\" \/>\n<meta property=\"og:description\" content=\"Dimmi Amora, da Ag\u00eancia iNFRA O diretor-geral da ANTAQ (Ag\u00eancia Nacional de Transportes Aquavi\u00e1rios), Eduardo Nery, disse que a ag\u00eancia est\u00e1 trabalhando na constru\u00e7\u00e3o de um \u00edndice para avaliar a movimenta\u00e7\u00e3o de cont\u00eaineres vazios no pa\u00eds. A informa\u00e7\u00e3o foi dada durante a apresenta\u00e7\u00e3o da diretoria de informa\u00e7\u00f5es sobre\u00a0a movimenta\u00e7\u00e3o portu\u00e1ria no primeiro semestre do ano, [&hellip;]\" \/>\n<meta property=\"og:url\" content=\"https:\/\/agenciainfra.com\/blog\/antaq-tera-avaliacao-mais-sistematica-sobre-movimentacao-de-conteineres-vazios\/\" \/>\n<meta property=\"og:site_name\" content=\"Ag\u00eancia iNFRA\" \/>\n<meta property=\"article:publisher\" content=\"https:\/\/www.facebook.com\/ageninfra\" \/>\n<meta property=\"article:published_time\" content=\"2022-08-18T13:00:00+00:00\" \/>\n<meta property=\"og:image\" content=\"https:\/\/agenciainfra.com\/blog\/wp-content\/uploads\/2020\/09\/navio-conteiner-foto-dominio-publico.jpg\" \/>\n\t<meta property=\"og:image:width\" content=\"1280\" \/>\n\t<meta property=\"og:image:height\" content=\"960\" \/>\n\t<meta property=\"og:image:type\" content=\"image\/jpeg\" \/>\n<meta name=\"author\" content=\"Ag\u00eancia iNFRA\" \/>\n<meta name=\"twitter:card\" content=\"summary_large_image\" \/>\n<meta name=\"twitter:creator\" content=\"@agencia_infra\" \/>\n<meta name=\"twitter:site\" content=\"@agencia_infra\" \/>\n<meta name=\"twitter:label1\" content=\"Escrito por\" \/>\n\t<meta name=\"twitter:data1\" content=\"Ag\u00eancia iNFRA\" \/>\n\t<meta name=\"twitter:label2\" content=\"Est. tempo de leitura\" \/>\n\t<meta name=\"twitter:data2\" content=\"3 minutos\" \/>\n<script type=\"application\/ld+json\" class=\"yoast-schema-graph\">{\"@context\":\"https:\/\/schema.org\",\"@graph\":[{\"@type\":\"Article\",\"@id\":\"https:\/\/agenciainfra.com\/blog\/antaq-tera-avaliacao-mais-sistematica-sobre-movimentacao-de-conteineres-vazios\/#article\",\"isPartOf\":{\"@id\":\"https:\/\/agenciainfra.com\/blog\/antaq-tera-avaliacao-mais-sistematica-sobre-movimentacao-de-conteineres-vazios\/\"},\"author\":{\"name\":\"Ag\u00eancia iNFRA\",\"@id\":\"https:\/\/agenciainfra.com\/blog\/#\/schema\/person\/34af08dff6adea4cb22b06612ba7acfa\"},\"headline\":\"ANTAQ ter\u00e1 avalia\u00e7\u00e3o mais sistem\u00e1tica sobre movimenta\u00e7\u00e3o de cont\u00eaineres vazios\",\"datePublished\":\"2022-08-18T13:00:00+00:00\",\"mainEntityOfPage\":{\"@id\":\"https:\/\/agenciainfra.com\/blog\/antaq-tera-avaliacao-mais-sistematica-sobre-movimentacao-de-conteineres-vazios\/\"},\"wordCount\":702,\"publisher\":{\"@id\":\"https:\/\/agenciainfra.com\/blog\/#organization\"},\"image\":{\"@id\":\"https:\/\/agenciainfra.com\/blog\/antaq-tera-avaliacao-mais-sistematica-sobre-movimentacao-de-conteineres-vazios\/#primaryimage\"},\"thumbnailUrl\":\"https:\/\/agenciainfra.com\/blog\/wp-content\/uploads\/2020\/09\/navio-conteiner-foto-dominio-publico-e1774873627913.jpg\",\"keywords\":[\"Ag\u00eancias Reguladoras\",\"ANTAQ\",\"BR do Mar\",\"cabotagem\",\"cont\u00eaineres\",\"Covid-19\",\"Eduardo Nery\",\"privatiza\u00e7\u00f5es\",\"Santos\",\"STS10\",\"TCU\"],\"articleSection\":[\"iNFRATransporte\"],\"inLanguage\":\"pt-BR\",\"copyrightYear\":\"2022\",\"copyrightHolder\":{\"@id\":\"https:\/\/agenciainfra.com\/blog\/#organization\"}},{\"@type\":\"WebPage\",\"@id\":\"https:\/\/agenciainfra.com\/blog\/antaq-tera-avaliacao-mais-sistematica-sobre-movimentacao-de-conteineres-vazios\/\",\"url\":\"https:\/\/agenciainfra.com\/blog\/antaq-tera-avaliacao-mais-sistematica-sobre-movimentacao-de-conteineres-vazios\/\",\"name\":\"ANTAQ ter\u00e1 avalia\u00e7\u00e3o mais sistem\u00e1tica sobre movimenta\u00e7\u00e3o de cont\u00eaineres vazios - Ag\u00eancia iNFRA\",\"isPartOf\":{\"@id\":\"https:\/\/agenciainfra.com\/blog\/#website\"},\"primaryImageOfPage\":{\"@id\":\"https:\/\/agenciainfra.com\/blog\/antaq-tera-avaliacao-mais-sistematica-sobre-movimentacao-de-conteineres-vazios\/#primaryimage\"},\"image\":{\"@id\":\"https:\/\/agenciainfra.com\/blog\/antaq-tera-avaliacao-mais-sistematica-sobre-movimentacao-de-conteineres-vazios\/#primaryimage\"},\"thumbnailUrl\":\"https:\/\/agenciainfra.com\/blog\/wp-content\/uploads\/2020\/09\/navio-conteiner-foto-dominio-publico-e1774873627913.jpg\",\"datePublished\":\"2022-08-18T13:00:00+00:00\",\"breadcrumb\":{\"@id\":\"https:\/\/agenciainfra.com\/blog\/antaq-tera-avaliacao-mais-sistematica-sobre-movimentacao-de-conteineres-vazios\/#breadcrumb\"},\"inLanguage\":\"pt-BR\",\"potentialAction\":[{\"@type\":\"ReadAction\",\"target\":[\"https:\/\/agenciainfra.com\/blog\/antaq-tera-avaliacao-mais-sistematica-sobre-movimentacao-de-conteineres-vazios\/\"]}]},{\"@type\":\"ImageObject\",\"inLanguage\":\"pt-BR\",\"@id\":\"https:\/\/agenciainfra.com\/blog\/antaq-tera-avaliacao-mais-sistematica-sobre-movimentacao-de-conteineres-vazios\/#primaryimage\",\"url\":\"https:\/\/agenciainfra.com\/blog\/wp-content\/uploads\/2020\/09\/navio-conteiner-foto-dominio-publico-e1774873627913.jpg\",\"contentUrl\":\"https:\/\/agenciainfra.com\/blog\/wp-content\/uploads\/2020\/09\/navio-conteiner-foto-dominio-publico-e1774873627913.jpg\",\"width\":1278,\"height\":810,\"caption\":\"Foto: Dom\u00ednio P\u00fablico\"},{\"@type\":\"BreadcrumbList\",\"@id\":\"https:\/\/agenciainfra.com\/blog\/antaq-tera-avaliacao-mais-sistematica-sobre-movimentacao-de-conteineres-vazios\/#breadcrumb\",\"itemListElement\":[{\"@type\":\"ListItem\",\"position\":1,\"name\":\"In\u00edcio\",\"item\":\"https:\/\/agenciainfra.com\/blog\/\"},{\"@type\":\"ListItem\",\"position\":2,\"name\":\"ANTAQ ter\u00e1 avalia\u00e7\u00e3o mais sistem\u00e1tica sobre movimenta\u00e7\u00e3o de cont\u00eaineres vazios\"}]},{\"@type\":\"WebSite\",\"@id\":\"https:\/\/agenciainfra.com\/blog\/#website\",\"url\":\"https:\/\/agenciainfra.com\/blog\/\",\"name\":\"Ag\u00eancia iNFRA\",\"description\":\"Multiplataforma de informa\u00e7\u00e3o jornal\u00edstica refer\u00eancia na \u00e1rea de infraestrutura no Brasil!\",\"publisher\":{\"@id\":\"https:\/\/agenciainfra.com\/blog\/#organization\"},\"potentialAction\":[{\"@type\":\"SearchAction\",\"target\":{\"@type\":\"EntryPoint\",\"urlTemplate\":\"https:\/\/agenciainfra.com\/blog\/?s={search_term_string}\"},\"query-input\":{\"@type\":\"PropertyValueSpecification\",\"valueRequired\":true,\"valueName\":\"search_term_string\"}}],\"inLanguage\":\"pt-BR\"},{\"@type\":\"Organization\",\"@id\":\"https:\/\/agenciainfra.com\/blog\/#organization\",\"name\":\"Ag\u00eancia iNFRA\",\"url\":\"https:\/\/agenciainfra.com\/blog\/\",\"logo\":{\"@type\":\"ImageObject\",\"inLanguage\":\"pt-BR\",\"@id\":\"https:\/\/agenciainfra.com\/blog\/#\/schema\/logo\/image\/\",\"url\":\"https:\/\/agenciainfra.com\/blog\/wp-content\/uploads\/2023\/09\/iNFRA_5-e1761735885940.png\",\"contentUrl\":\"https:\/\/agenciainfra.com\/blog\/wp-content\/uploads\/2023\/09\/iNFRA_5-e1761735885940.png\",\"width\":1672,\"height\":454,\"caption\":\"Ag\u00eancia iNFRA\"},\"image\":{\"@id\":\"https:\/\/agenciainfra.com\/blog\/#\/schema\/logo\/image\/\"},\"sameAs\":[\"https:\/\/www.facebook.com\/ageninfra\",\"https:\/\/x.com\/agencia_infra\",\"https:\/\/www.linkedin.com\/company\/ag\u00eanciainfra\/\",\"https:\/\/www.instagram.com\/agenciainfra\/\"]},{\"@type\":\"Person\",\"@id\":\"https:\/\/agenciainfra.com\/blog\/#\/schema\/person\/34af08dff6adea4cb22b06612ba7acfa\",\"name\":\"Ag\u00eancia iNFRA\",\"image\":{\"@type\":\"ImageObject\",\"inLanguage\":\"pt-BR\",\"@id\":\"https:\/\/agenciainfra.com\/blog\/#\/schema\/person\/image\/\",\"url\":\"https:\/\/secure.gravatar.com\/avatar\/d189e01678f06d8eb84d4e01f08eb848b3fffe3f8443818d3c356c66892f5be8?s=96&d=mm&r=g\",\"contentUrl\":\"https:\/\/secure.gravatar.com\/avatar\/d189e01678f06d8eb84d4e01f08eb848b3fffe3f8443818d3c356c66892f5be8?s=96&d=mm&r=g\",\"caption\":\"Ag\u00eancia iNFRA\"},\"url\":\"https:\/\/agenciainfra.com\/blog\/author\/admin\/\"}]}<\/script>\n<!-- \/ Yoast SEO Premium plugin. -->","yoast_head_json":{"title":"ANTAQ ter\u00e1 avalia\u00e7\u00e3o mais sistem\u00e1tica sobre movimenta\u00e7\u00e3o de cont\u00eaineres vazios - Ag\u00eancia iNFRA","robots":{"index":"index","follow":"follow","max-snippet":"max-snippet:-1","max-image-preview":"max-image-preview:large","max-video-preview":"max-video-preview:-1"},"canonical":"https:\/\/agenciainfra.com\/blog\/antaq-tera-avaliacao-mais-sistematica-sobre-movimentacao-de-conteineres-vazios\/","og_locale":"pt_BR","og_type":"article","og_title":"ANTAQ ter\u00e1 avalia\u00e7\u00e3o mais sistem\u00e1tica sobre movimenta\u00e7\u00e3o de cont\u00eaineres vazios","og_description":"Dimmi Amora, da Ag\u00eancia iNFRA O diretor-geral da ANTAQ (Ag\u00eancia Nacional de Transportes Aquavi\u00e1rios), Eduardo Nery, disse que a ag\u00eancia est\u00e1 trabalhando na constru\u00e7\u00e3o de um \u00edndice para avaliar a movimenta\u00e7\u00e3o de cont\u00eaineres vazios no pa\u00eds. A informa\u00e7\u00e3o foi dada durante a apresenta\u00e7\u00e3o da diretoria de informa\u00e7\u00f5es sobre\u00a0a movimenta\u00e7\u00e3o portu\u00e1ria no primeiro semestre do ano, [&hellip;]","og_url":"https:\/\/agenciainfra.com\/blog\/antaq-tera-avaliacao-mais-sistematica-sobre-movimentacao-de-conteineres-vazios\/","og_site_name":"Ag\u00eancia iNFRA","article_publisher":"https:\/\/www.facebook.com\/ageninfra","article_published_time":"2022-08-18T13:00:00+00:00","og_image":[{"width":1280,"height":960,"url":"https:\/\/agenciainfra.com\/blog\/wp-content\/uploads\/2020\/09\/navio-conteiner-foto-dominio-publico.jpg","type":"image\/jpeg"}],"author":"Ag\u00eancia iNFRA","twitter_card":"summary_large_image","twitter_creator":"@agencia_infra","twitter_site":"@agencia_infra","twitter_misc":{"Escrito por":"Ag\u00eancia iNFRA","Est. tempo de leitura":"3 minutos"},"schema":{"@context":"https:\/\/schema.org","@graph":[{"@type":"Article","@id":"https:\/\/agenciainfra.com\/blog\/antaq-tera-avaliacao-mais-sistematica-sobre-movimentacao-de-conteineres-vazios\/#article","isPartOf":{"@id":"https:\/\/agenciainfra.com\/blog\/antaq-tera-avaliacao-mais-sistematica-sobre-movimentacao-de-conteineres-vazios\/"},"author":{"name":"Ag\u00eancia iNFRA","@id":"https:\/\/agenciainfra.com\/blog\/#\/schema\/person\/34af08dff6adea4cb22b06612ba7acfa"},"headline":"ANTAQ ter\u00e1 avalia\u00e7\u00e3o mais sistem\u00e1tica sobre movimenta\u00e7\u00e3o de cont\u00eaineres vazios","datePublished":"2022-08-18T13:00:00+00:00","mainEntityOfPage":{"@id":"https:\/\/agenciainfra.com\/blog\/antaq-tera-avaliacao-mais-sistematica-sobre-movimentacao-de-conteineres-vazios\/"},"wordCount":702,"publisher":{"@id":"https:\/\/agenciainfra.com\/blog\/#organization"},"image":{"@id":"https:\/\/agenciainfra.com\/blog\/antaq-tera-avaliacao-mais-sistematica-sobre-movimentacao-de-conteineres-vazios\/#primaryimage"},"thumbnailUrl":"https:\/\/agenciainfra.com\/blog\/wp-content\/uploads\/2020\/09\/navio-conteiner-foto-dominio-publico-e1774873627913.jpg","keywords":["Ag\u00eancias Reguladoras","ANTAQ","BR do Mar","cabotagem","cont\u00eaineres","Covid-19","Eduardo Nery","privatiza\u00e7\u00f5es","Santos","STS10","TCU"],"articleSection":["iNFRATransporte"],"inLanguage":"pt-BR","copyrightYear":"2022","copyrightHolder":{"@id":"https:\/\/agenciainfra.com\/blog\/#organization"}},{"@type":"WebPage","@id":"https:\/\/agenciainfra.com\/blog\/antaq-tera-avaliacao-mais-sistematica-sobre-movimentacao-de-conteineres-vazios\/","url":"https:\/\/agenciainfra.com\/blog\/antaq-tera-avaliacao-mais-sistematica-sobre-movimentacao-de-conteineres-vazios\/","name":"ANTAQ ter\u00e1 avalia\u00e7\u00e3o mais sistem\u00e1tica sobre movimenta\u00e7\u00e3o de cont\u00eaineres vazios - Ag\u00eancia iNFRA","isPartOf":{"@id":"https:\/\/agenciainfra.com\/blog\/#website"},"primaryImageOfPage":{"@id":"https:\/\/agenciainfra.com\/blog\/antaq-tera-avaliacao-mais-sistematica-sobre-movimentacao-de-conteineres-vazios\/#primaryimage"},"image":{"@id":"https:\/\/agenciainfra.com\/blog\/antaq-tera-avaliacao-mais-sistematica-sobre-movimentacao-de-conteineres-vazios\/#primaryimage"},"thumbnailUrl":"https:\/\/agenciainfra.com\/blog\/wp-content\/uploads\/2020\/09\/navio-conteiner-foto-dominio-publico-e1774873627913.jpg","datePublished":"2022-08-18T13:00:00+00:00","breadcrumb":{"@id":"https:\/\/agenciainfra.com\/blog\/antaq-tera-avaliacao-mais-sistematica-sobre-movimentacao-de-conteineres-vazios\/#breadcrumb"},"inLanguage":"pt-BR","potentialAction":[{"@type":"ReadAction","target":["https:\/\/agenciainfra.com\/blog\/antaq-tera-avaliacao-mais-sistematica-sobre-movimentacao-de-conteineres-vazios\/"]}]},{"@type":"ImageObject","inLanguage":"pt-BR","@id":"https:\/\/agenciainfra.com\/blog\/antaq-tera-avaliacao-mais-sistematica-sobre-movimentacao-de-conteineres-vazios\/#primaryimage","url":"https:\/\/agenciainfra.com\/blog\/wp-content\/uploads\/2020\/09\/navio-conteiner-foto-dominio-publico-e1774873627913.jpg","contentUrl":"https:\/\/agenciainfra.com\/blog\/wp-content\/uploads\/2020\/09\/navio-conteiner-foto-dominio-publico-e1774873627913.jpg","width":1278,"height":810,"caption":"Foto: Dom\u00ednio P\u00fablico"},{"@type":"BreadcrumbList","@id":"https:\/\/agenciainfra.com\/blog\/antaq-tera-avaliacao-mais-sistematica-sobre-movimentacao-de-conteineres-vazios\/#breadcrumb","itemListElement":[{"@type":"ListItem","position":1,"name":"In\u00edcio","item":"https:\/\/agenciainfra.com\/blog\/"},{"@type":"ListItem","position":2,"name":"ANTAQ ter\u00e1 avalia\u00e7\u00e3o mais sistem\u00e1tica sobre movimenta\u00e7\u00e3o de cont\u00eaineres vazios"}]},{"@type":"WebSite","@id":"https:\/\/agenciainfra.com\/blog\/#website","url":"https:\/\/agenciainfra.com\/blog\/","name":"Ag\u00eancia iNFRA","description":"Multiplataforma de informa\u00e7\u00e3o jornal\u00edstica refer\u00eancia na \u00e1rea de infraestrutura no Brasil!","publisher":{"@id":"https:\/\/agenciainfra.com\/blog\/#organization"},"potentialAction":[{"@type":"SearchAction","target":{"@type":"EntryPoint","urlTemplate":"https:\/\/agenciainfra.com\/blog\/?s={search_term_string}"},"query-input":{"@type":"PropertyValueSpecification","valueRequired":true,"valueName":"search_term_string"}}],"inLanguage":"pt-BR"},{"@type":"Organization","@id":"https:\/\/agenciainfra.com\/blog\/#organization","name":"Ag\u00eancia iNFRA","url":"https:\/\/agenciainfra.com\/blog\/","logo":{"@type":"ImageObject","inLanguage":"pt-BR","@id":"https:\/\/agenciainfra.com\/blog\/#\/schema\/logo\/image\/","url":"https:\/\/agenciainfra.com\/blog\/wp-content\/uploads\/2023\/09\/iNFRA_5-e1761735885940.png","contentUrl":"https:\/\/agenciainfra.com\/blog\/wp-content\/uploads\/2023\/09\/iNFRA_5-e1761735885940.png","width":1672,"height":454,"caption":"Ag\u00eancia iNFRA"},"image":{"@id":"https:\/\/agenciainfra.com\/blog\/#\/schema\/logo\/image\/"},"sameAs":["https:\/\/www.facebook.com\/ageninfra","https:\/\/x.com\/agencia_infra","https:\/\/www.linkedin.com\/company\/ag\u00eanciainfra\/","https:\/\/www.instagram.com\/agenciainfra\/"]},{"@type":"Person","@id":"https:\/\/agenciainfra.com\/blog\/#\/schema\/person\/34af08dff6adea4cb22b06612ba7acfa","name":"Ag\u00eancia iNFRA","image":{"@type":"ImageObject","inLanguage":"pt-BR","@id":"https:\/\/agenciainfra.com\/blog\/#\/schema\/person\/image\/","url":"https:\/\/secure.gravatar.com\/avatar\/d189e01678f06d8eb84d4e01f08eb848b3fffe3f8443818d3c356c66892f5be8?s=96&d=mm&r=g","contentUrl":"https:\/\/secure.gravatar.com\/avatar\/d189e01678f06d8eb84d4e01f08eb848b3fffe3f8443818d3c356c66892f5be8?s=96&d=mm&r=g","caption":"Ag\u00eancia iNFRA"},"url":"https:\/\/agenciainfra.com\/blog\/author\/admin\/"}]}},"_links":{"self":[{"href":"https:\/\/agenciainfra.com\/blog\/wp-json\/wp\/v2\/posts\/11101","targetHints":{"allow":["GET"]}}],"collection":[{"href":"https:\/\/agenciainfra.com\/blog\/wp-json\/wp\/v2\/posts"}],"about":[{"href":"https:\/\/agenciainfra.com\/blog\/wp-json\/wp\/v2\/types\/post"}],"author":[{"embeddable":true,"href":"https:\/\/agenciainfra.com\/blog\/wp-json\/wp\/v2\/users\/1"}],"replies":[{"embeddable":true,"href":"https:\/\/agenciainfra.com\/blog\/wp-json\/wp\/v2\/comments?post=11101"}],"version-history":[{"count":0,"href":"https:\/\/agenciainfra.com\/blog\/wp-json\/wp\/v2\/posts\/11101\/revisions"}],"wp:featuredmedia":[{"embeddable":true,"href":"https:\/\/agenciainfra.com\/blog\/wp-json\/wp\/v2\/media\/5949"}],"wp:attachment":[{"href":"https:\/\/agenciainfra.com\/blog\/wp-json\/wp\/v2\/media?parent=11101"}],"wp:term":[{"taxonomy":"category","embeddable":true,"href":"https:\/\/agenciainfra.com\/blog\/wp-json\/wp\/v2\/categories?post=11101"},{"taxonomy":"post_tag","embeddable":true,"href":"https:\/\/agenciainfra.com\/blog\/wp-json\/wp\/v2\/tags?post=11101"}],"curies":[{"name":"wp","href":"https:\/\/api.w.org\/{rel}","templated":true}]}}