{"id":11109,"date":"2022-08-19T10:00:00","date_gmt":"2022-08-19T13:00:00","guid":{"rendered":"https:\/\/www.agenciainfra.com\/blog\/?p=11109"},"modified":"2022-08-18T11:09:20","modified_gmt":"2022-08-18T14:09:20","slug":"ccee-determina-desligamento-de-usinas-da-ambar-que-tiveram-operacao-flexibilizada-pela-aneel","status":"publish","type":"post","link":"https:\/\/agenciainfra.com\/blog\/ccee-determina-desligamento-de-usinas-da-ambar-que-tiveram-operacao-flexibilizada-pela-aneel\/","title":{"rendered":"CCEE determina desligamento de usinas da \u00c2mbar que tiveram opera\u00e7\u00e3o flexibilizada pela ANEEL"},"content":{"rendered":"\n<p class=\"has-text-align-right\"><strong>Alexandre Leoratti,&nbsp;da Ag\u00eancia iNFRA<\/strong><\/p>\n\n\n\n<p>A CCEE (C\u00e2mara de Comercializa\u00e7\u00e3o de Energia El\u00e9trica) determinou o desligamento das quatro usinas da \u00c2mbar Energia contratadas no PCS (Procedimento Competitivo Simplificado). Segundo a decis\u00e3o proferida em reuni\u00e3o extraordin\u00e1ria na \u00faltima ter\u00e7a-feira (16), os quatro empreendimentos\u00a0\u201cpermanecem com a conduta de descumprimentos de obriga\u00e7\u00f5es no \u00e2mbito da CCEE, pelo n\u00e3o pagamento na liquida\u00e7\u00e3o de Energia de Reserva de junho\/2022\u201d.\u00a0<br><br>A relatoria dos dois processos que determinaram o desligamento das usinas foi da conselheira Talita Porto. Em julho, a \u00c2mbar Energia foi autorizada pela ANEEL (Ag\u00eancia Nacional de Energia El\u00e9trica) a usar a t\u00e9rmica de Cuiab\u00e1 no lugar dessas quatro usinas a g\u00e1s que tiveram atraso no in\u00edcio de suas opera\u00e7\u00f5es, uma flexibiliza\u00e7\u00e3o que causou pol\u00eamica no setor el\u00e9trico.<br><br>A decis\u00e3o da ag\u00eancia reguladora chegou a ser questionada pelo ministro de Minas e Energia, Adolfo Sachsida, em\u00a0<a rel=\"noreferrer noopener\" href=\"https:\/\/agenciainfra.us14.list-manage.com\/track\/click?u=d460dd1bcf9ba0ae040e1fc0f&amp;id=40538b3a97&amp;e=f0fa444791\" target=\"_blank\">of\u00edcio<\/a>\u00a0enviado \u00e0 ent\u00e3o diretora-geral substituta, Camila Bomfim.<br><br>Apesar da decis\u00e3o da ANEEL, a CCEE notificou, em 1\u00ba de agosto, as usinas da \u00c2mbar dentre as outras 11 contratadas no leil\u00e3o simplificado que n\u00e3o foram totalmente entregues e que poder\u00e3o ter seus contratos rescindidos.<br><br>Na \u00faltima reuni\u00e3o p\u00fablica da ag\u00eancia, na ter\u00e7a-feira (16), o caso que discute o excludente de responsabilidade da empresa chegou a ser pautado, mas foi retirado da lista dos processos que seriam julgados. O relator do caso\u00a0\u00e9 o diretor Ricardo Tili.\u00a0<\/p>\n\n\n\n<p>Ap\u00f3s a sess\u00e3o p\u00fablica, o diretor-geral da ag\u00eancia, Sandoval Feitosa, afirmou, ao ser questionado&nbsp;sobre a validade da decis\u00e3o de permitir o funcionamento da usina de Cuiab\u00e1, que se o pedido de excludente de responsabilidade da \u00c2mbar for aceito, \u201cteria alguma justificativa para a n\u00e3o entrada de opera\u00e7\u00e3o no prazo\u201d.<br><br>\u201cPrimeiro, eu n\u00e3o estava no colegiado na decis\u00e3o que foi tomada. Mas me recordo que havia uma condi\u00e7\u00e3o de efic\u00e1cia l\u00e1. O ponto principal que precisa ser avaliado \u00e9 que tem um processo que foi retirado de pauta do diretor Ricardo Tili que avalia a excludente de responsabilidade. Ent\u00e3o, em tese, se a excludente de responsabilidade for aceita, teria alguma justificativa para a n\u00e3o entrada de opera\u00e7\u00e3o no prazo. Mas isso apenas em tese, j\u00e1 que o processo ainda n\u00e3o foi julgado\u201d, afirmou o diretor-geral da ag\u00eancia reguladora.<br><br>O PCS foi feito em setembro de 2021 como forma de contrata\u00e7\u00e3o emergencial de energia diante do cen\u00e1rio de crise h\u00eddrica. No total, foram contratados 17 empreendimentos.&nbsp;<\/p>\n\n\n\n<p>Segundo informou a&nbsp;ANEEL em 11 de agosto, sete usinas contratadas no PCS&nbsp;est\u00e3o conclu\u00eddas, com todas as unidades geradoras em opera\u00e7\u00e3o comercial.&nbsp;Al\u00e9m disso, um empreendimento encontra-se em teste, um est\u00e1 paralisado e os outros oito est\u00e3o em constru\u00e7\u00e3o. A diretoria da ag\u00eancia&nbsp;analisa atualmente&nbsp;o excludente de responsabilidade de nove usinas.<br><br><strong>Karpowership<\/strong><br>Em 9 de agosto, a diretoria revogou o contrato das usinas do grupo Karpowership pelo atraso nos empreendimentos. Al\u00e9m disso, a ag\u00eancia informou que a penalidade de rescis\u00e3o dos contratos encontra amparo na&nbsp;<a href=\"https:\/\/agenciainfra.us14.list-manage.com\/track\/click?u=d460dd1bcf9ba0ae040e1fc0f&amp;id=1b09965d2c&amp;e=f0fa444791\" target=\"_blank\" rel=\"noreferrer noopener\">Portaria MME n. 24\/2021.<\/a><br><br>A Karpowership entrou com o pedido de excludente de responsabilidade pelo descumprimento de cronograma de implanta\u00e7\u00e3o das termel\u00e9tricas Karkey 13, Karkey 19, Porsud I e Porsud II.<br><br>A defesa da empresa afirma que o atraso ocorreu por fatores externos, como a desist\u00eancia de outros players ligados ao projeto durante a formata\u00e7\u00e3o do empreendimento e o atraso na entrega de insumos em raz\u00e3o do fechamento do porto de Shanghai, na China, em raz\u00e3o do endurecimento do combate \u00e0 Covid-19 no pa\u00eds.<\/p>\n","protected":false},"excerpt":{"rendered":"<p>Alexandre Leoratti,&nbsp;da Ag\u00eancia iNFRA A CCEE (C\u00e2mara de Comercializa\u00e7\u00e3o de Energia El\u00e9trica) determinou o desligamento das quatro usinas da \u00c2mbar Energia contratadas no PCS (Procedimento Competitivo Simplificado). Segundo a decis\u00e3o proferida em reuni\u00e3o extraordin\u00e1ria na \u00faltima ter\u00e7a-feira (16), os quatro empreendimentos\u00a0\u201cpermanecem com a conduta de descumprimentos de obriga\u00e7\u00f5es no \u00e2mbito da CCEE, pelo n\u00e3o pagamento [&hellip;]<\/p>\n","protected":false},"author":1,"featured_media":6718,"comment_status":"closed","ping_status":"closed","sticky":false,"template":"","format":"standard","meta":{"_monsterinsights_skip_tracking":false,"_monsterinsights_sitenote_active":false,"_monsterinsights_sitenote_note":"","_monsterinsights_sitenote_category":0,"footnotes":""},"categories":[1,10],"tags":[5678,53,14,5679,5681,5684,71,5680,5589,5682,1026,5683],"class_list":["post-11109","post","type-post","status-publish","format-standard","has-post-thumbnail","hentry","category-geral","category-infraenergia","tag-ambar","tag-aneel","tag-ccee","tag-deslogamento-de-usinas","tag-energia-de-reserva","tag-karpowership","tag-mme","tag-operacao-flexibilizada","tag-pcs","tag-ricardo-tili","tag-sandoval-feitosa","tag-sessao-publica"],"yoast_head":"<!-- This site is optimized with the Yoast SEO Premium plugin v25.4 (Yoast SEO v26.0) - https:\/\/yoast.com\/wordpress\/plugins\/seo\/ -->\n<title>CCEE determina desligamento de usinas da \u00c2mbar que tiveram opera\u00e7\u00e3o flexibilizada pela ANEEL - Ag\u00eancia iNFRA<\/title>\n<meta name=\"robots\" content=\"index, follow, max-snippet:-1, max-image-preview:large, max-video-preview:-1\" \/>\n<link rel=\"canonical\" href=\"https:\/\/agenciainfra.com\/blog\/ccee-determina-desligamento-de-usinas-da-ambar-que-tiveram-operacao-flexibilizada-pela-aneel\/\" \/>\n<meta property=\"og:locale\" content=\"pt_BR\" \/>\n<meta property=\"og:type\" content=\"article\" \/>\n<meta property=\"og:title\" content=\"CCEE determina desligamento de usinas da \u00c2mbar que tiveram opera\u00e7\u00e3o flexibilizada pela ANEEL\" \/>\n<meta property=\"og:description\" content=\"Alexandre Leoratti,&nbsp;da Ag\u00eancia iNFRA A CCEE (C\u00e2mara de Comercializa\u00e7\u00e3o de Energia El\u00e9trica) determinou o desligamento das quatro usinas da \u00c2mbar Energia contratadas no PCS (Procedimento Competitivo Simplificado). Segundo a decis\u00e3o proferida em reuni\u00e3o extraordin\u00e1ria na \u00faltima ter\u00e7a-feira (16), os quatro empreendimentos\u00a0\u201cpermanecem com a conduta de descumprimentos de obriga\u00e7\u00f5es no \u00e2mbito da CCEE, pelo n\u00e3o pagamento [&hellip;]\" \/>\n<meta property=\"og:url\" content=\"https:\/\/agenciainfra.com\/blog\/ccee-determina-desligamento-de-usinas-da-ambar-que-tiveram-operacao-flexibilizada-pela-aneel\/\" \/>\n<meta property=\"og:site_name\" content=\"Ag\u00eancia iNFRA\" \/>\n<meta property=\"article:publisher\" content=\"https:\/\/www.facebook.com\/ageninfra\" \/>\n<meta property=\"article:published_time\" content=\"2022-08-19T13:00:00+00:00\" \/>\n<meta property=\"og:image\" content=\"https:\/\/agenciainfra.com\/blog\/wp-content\/uploads\/2021\/02\/energia-eletrica-foto-dominio-publico.jpg\" \/>\n\t<meta property=\"og:image:width\" content=\"1280\" \/>\n\t<meta property=\"og:image:height\" content=\"720\" \/>\n\t<meta property=\"og:image:type\" content=\"image\/jpeg\" \/>\n<meta name=\"author\" content=\"Ag\u00eancia iNFRA\" \/>\n<meta name=\"twitter:card\" content=\"summary_large_image\" \/>\n<meta name=\"twitter:creator\" content=\"@agencia_infra\" \/>\n<meta name=\"twitter:site\" content=\"@agencia_infra\" \/>\n<meta name=\"twitter:label1\" content=\"Escrito por\" \/>\n\t<meta name=\"twitter:data1\" content=\"Ag\u00eancia iNFRA\" \/>\n\t<meta name=\"twitter:label2\" content=\"Est. tempo de leitura\" \/>\n\t<meta name=\"twitter:data2\" content=\"3 minutos\" \/>\n<script type=\"application\/ld+json\" class=\"yoast-schema-graph\">{\"@context\":\"https:\/\/schema.org\",\"@graph\":[{\"@type\":\"Article\",\"@id\":\"https:\/\/agenciainfra.com\/blog\/ccee-determina-desligamento-de-usinas-da-ambar-que-tiveram-operacao-flexibilizada-pela-aneel\/#article\",\"isPartOf\":{\"@id\":\"https:\/\/agenciainfra.com\/blog\/ccee-determina-desligamento-de-usinas-da-ambar-que-tiveram-operacao-flexibilizada-pela-aneel\/\"},\"author\":{\"name\":\"Ag\u00eancia iNFRA\",\"@id\":\"https:\/\/agenciainfra.com\/blog\/#\/schema\/person\/34af08dff6adea4cb22b06612ba7acfa\"},\"headline\":\"CCEE determina desligamento de usinas da \u00c2mbar que tiveram opera\u00e7\u00e3o flexibilizada pela ANEEL\",\"datePublished\":\"2022-08-19T13:00:00+00:00\",\"mainEntityOfPage\":{\"@id\":\"https:\/\/agenciainfra.com\/blog\/ccee-determina-desligamento-de-usinas-da-ambar-que-tiveram-operacao-flexibilizada-pela-aneel\/\"},\"wordCount\":640,\"publisher\":{\"@id\":\"https:\/\/agenciainfra.com\/blog\/#organization\"},\"image\":{\"@id\":\"https:\/\/agenciainfra.com\/blog\/ccee-determina-desligamento-de-usinas-da-ambar-que-tiveram-operacao-flexibilizada-pela-aneel\/#primaryimage\"},\"thumbnailUrl\":\"https:\/\/agenciainfra.com\/blog\/wp-content\/uploads\/2021\/02\/energia-eletrica-foto-dominio-publico.jpg\",\"keywords\":[\"\u00c2mbar\",\"ANEEL\",\"ccee\",\"deslogamento de usinas\",\"energia de reserva\",\"Karpowership\",\"MME\",\"opera\u00e7\u00e3o flexibilizada\",\"PCS\",\"Ricardo Tili\",\"Sandoval Feitosa\",\"sess\u00e3o p\u00fablica\"],\"articleSection\":[\"Geral\",\"iNFRAEnergia\"],\"inLanguage\":\"pt-BR\",\"copyrightYear\":\"2022\",\"copyrightHolder\":{\"@id\":\"https:\/\/agenciainfra.com\/blog\/#organization\"}},{\"@type\":\"WebPage\",\"@id\":\"https:\/\/agenciainfra.com\/blog\/ccee-determina-desligamento-de-usinas-da-ambar-que-tiveram-operacao-flexibilizada-pela-aneel\/\",\"url\":\"https:\/\/agenciainfra.com\/blog\/ccee-determina-desligamento-de-usinas-da-ambar-que-tiveram-operacao-flexibilizada-pela-aneel\/\",\"name\":\"CCEE determina desligamento de usinas da \u00c2mbar que tiveram opera\u00e7\u00e3o flexibilizada pela ANEEL - Ag\u00eancia iNFRA\",\"isPartOf\":{\"@id\":\"https:\/\/agenciainfra.com\/blog\/#website\"},\"primaryImageOfPage\":{\"@id\":\"https:\/\/agenciainfra.com\/blog\/ccee-determina-desligamento-de-usinas-da-ambar-que-tiveram-operacao-flexibilizada-pela-aneel\/#primaryimage\"},\"image\":{\"@id\":\"https:\/\/agenciainfra.com\/blog\/ccee-determina-desligamento-de-usinas-da-ambar-que-tiveram-operacao-flexibilizada-pela-aneel\/#primaryimage\"},\"thumbnailUrl\":\"https:\/\/agenciainfra.com\/blog\/wp-content\/uploads\/2021\/02\/energia-eletrica-foto-dominio-publico.jpg\",\"datePublished\":\"2022-08-19T13:00:00+00:00\",\"breadcrumb\":{\"@id\":\"https:\/\/agenciainfra.com\/blog\/ccee-determina-desligamento-de-usinas-da-ambar-que-tiveram-operacao-flexibilizada-pela-aneel\/#breadcrumb\"},\"inLanguage\":\"pt-BR\",\"potentialAction\":[{\"@type\":\"ReadAction\",\"target\":[\"https:\/\/agenciainfra.com\/blog\/ccee-determina-desligamento-de-usinas-da-ambar-que-tiveram-operacao-flexibilizada-pela-aneel\/\"]}]},{\"@type\":\"ImageObject\",\"inLanguage\":\"pt-BR\",\"@id\":\"https:\/\/agenciainfra.com\/blog\/ccee-determina-desligamento-de-usinas-da-ambar-que-tiveram-operacao-flexibilizada-pela-aneel\/#primaryimage\",\"url\":\"https:\/\/agenciainfra.com\/blog\/wp-content\/uploads\/2021\/02\/energia-eletrica-foto-dominio-publico.jpg\",\"contentUrl\":\"https:\/\/agenciainfra.com\/blog\/wp-content\/uploads\/2021\/02\/energia-eletrica-foto-dominio-publico.jpg\",\"width\":1280,\"height\":720,\"caption\":\"Foto: Dom\u00ednio P\u00fablico\"},{\"@type\":\"BreadcrumbList\",\"@id\":\"https:\/\/agenciainfra.com\/blog\/ccee-determina-desligamento-de-usinas-da-ambar-que-tiveram-operacao-flexibilizada-pela-aneel\/#breadcrumb\",\"itemListElement\":[{\"@type\":\"ListItem\",\"position\":1,\"name\":\"In\u00edcio\",\"item\":\"https:\/\/agenciainfra.com\/blog\/\"},{\"@type\":\"ListItem\",\"position\":2,\"name\":\"CCEE determina desligamento de usinas da \u00c2mbar que tiveram opera\u00e7\u00e3o flexibilizada pela ANEEL\"}]},{\"@type\":\"WebSite\",\"@id\":\"https:\/\/agenciainfra.com\/blog\/#website\",\"url\":\"https:\/\/agenciainfra.com\/blog\/\",\"name\":\"Ag\u00eancia iNFRA\",\"description\":\"Multiplataforma de informa\u00e7\u00e3o jornal\u00edstica refer\u00eancia na \u00e1rea de infraestrutura no Brasil!\",\"publisher\":{\"@id\":\"https:\/\/agenciainfra.com\/blog\/#organization\"},\"potentialAction\":[{\"@type\":\"SearchAction\",\"target\":{\"@type\":\"EntryPoint\",\"urlTemplate\":\"https:\/\/agenciainfra.com\/blog\/?s={search_term_string}\"},\"query-input\":{\"@type\":\"PropertyValueSpecification\",\"valueRequired\":true,\"valueName\":\"search_term_string\"}}],\"inLanguage\":\"pt-BR\"},{\"@type\":\"Organization\",\"@id\":\"https:\/\/agenciainfra.com\/blog\/#organization\",\"name\":\"Ag\u00eancia iNFRA\",\"url\":\"https:\/\/agenciainfra.com\/blog\/\",\"logo\":{\"@type\":\"ImageObject\",\"inLanguage\":\"pt-BR\",\"@id\":\"https:\/\/agenciainfra.com\/blog\/#\/schema\/logo\/image\/\",\"url\":\"https:\/\/agenciainfra.com\/blog\/wp-content\/uploads\/2023\/09\/iNFRA_5-e1761735885940.png\",\"contentUrl\":\"https:\/\/agenciainfra.com\/blog\/wp-content\/uploads\/2023\/09\/iNFRA_5-e1761735885940.png\",\"width\":1672,\"height\":454,\"caption\":\"Ag\u00eancia iNFRA\"},\"image\":{\"@id\":\"https:\/\/agenciainfra.com\/blog\/#\/schema\/logo\/image\/\"},\"sameAs\":[\"https:\/\/www.facebook.com\/ageninfra\",\"https:\/\/x.com\/agencia_infra\",\"https:\/\/www.linkedin.com\/company\/ag\u00eanciainfra\/\",\"https:\/\/www.instagram.com\/agenciainfra\/\"]},{\"@type\":\"Person\",\"@id\":\"https:\/\/agenciainfra.com\/blog\/#\/schema\/person\/34af08dff6adea4cb22b06612ba7acfa\",\"name\":\"Ag\u00eancia iNFRA\",\"image\":{\"@type\":\"ImageObject\",\"inLanguage\":\"pt-BR\",\"@id\":\"https:\/\/agenciainfra.com\/blog\/#\/schema\/person\/image\/\",\"url\":\"https:\/\/secure.gravatar.com\/avatar\/d189e01678f06d8eb84d4e01f08eb848b3fffe3f8443818d3c356c66892f5be8?s=96&d=mm&r=g\",\"contentUrl\":\"https:\/\/secure.gravatar.com\/avatar\/d189e01678f06d8eb84d4e01f08eb848b3fffe3f8443818d3c356c66892f5be8?s=96&d=mm&r=g\",\"caption\":\"Ag\u00eancia iNFRA\"},\"url\":\"https:\/\/agenciainfra.com\/blog\/author\/admin\/\"}]}<\/script>\n<!-- \/ Yoast SEO Premium plugin. -->","yoast_head_json":{"title":"CCEE determina desligamento de usinas da \u00c2mbar que tiveram opera\u00e7\u00e3o flexibilizada pela ANEEL - Ag\u00eancia iNFRA","robots":{"index":"index","follow":"follow","max-snippet":"max-snippet:-1","max-image-preview":"max-image-preview:large","max-video-preview":"max-video-preview:-1"},"canonical":"https:\/\/agenciainfra.com\/blog\/ccee-determina-desligamento-de-usinas-da-ambar-que-tiveram-operacao-flexibilizada-pela-aneel\/","og_locale":"pt_BR","og_type":"article","og_title":"CCEE determina desligamento de usinas da \u00c2mbar que tiveram opera\u00e7\u00e3o flexibilizada pela ANEEL","og_description":"Alexandre Leoratti,&nbsp;da Ag\u00eancia iNFRA A CCEE (C\u00e2mara de Comercializa\u00e7\u00e3o de Energia El\u00e9trica) determinou o desligamento das quatro usinas da \u00c2mbar Energia contratadas no PCS (Procedimento Competitivo Simplificado). Segundo a decis\u00e3o proferida em reuni\u00e3o extraordin\u00e1ria na \u00faltima ter\u00e7a-feira (16), os quatro empreendimentos\u00a0\u201cpermanecem com a conduta de descumprimentos de obriga\u00e7\u00f5es no \u00e2mbito da CCEE, pelo n\u00e3o pagamento [&hellip;]","og_url":"https:\/\/agenciainfra.com\/blog\/ccee-determina-desligamento-de-usinas-da-ambar-que-tiveram-operacao-flexibilizada-pela-aneel\/","og_site_name":"Ag\u00eancia iNFRA","article_publisher":"https:\/\/www.facebook.com\/ageninfra","article_published_time":"2022-08-19T13:00:00+00:00","og_image":[{"width":1280,"height":720,"url":"https:\/\/agenciainfra.com\/blog\/wp-content\/uploads\/2021\/02\/energia-eletrica-foto-dominio-publico.jpg","type":"image\/jpeg"}],"author":"Ag\u00eancia iNFRA","twitter_card":"summary_large_image","twitter_creator":"@agencia_infra","twitter_site":"@agencia_infra","twitter_misc":{"Escrito por":"Ag\u00eancia iNFRA","Est. tempo de leitura":"3 minutos"},"schema":{"@context":"https:\/\/schema.org","@graph":[{"@type":"Article","@id":"https:\/\/agenciainfra.com\/blog\/ccee-determina-desligamento-de-usinas-da-ambar-que-tiveram-operacao-flexibilizada-pela-aneel\/#article","isPartOf":{"@id":"https:\/\/agenciainfra.com\/blog\/ccee-determina-desligamento-de-usinas-da-ambar-que-tiveram-operacao-flexibilizada-pela-aneel\/"},"author":{"name":"Ag\u00eancia iNFRA","@id":"https:\/\/agenciainfra.com\/blog\/#\/schema\/person\/34af08dff6adea4cb22b06612ba7acfa"},"headline":"CCEE determina desligamento de usinas da \u00c2mbar que tiveram opera\u00e7\u00e3o flexibilizada pela ANEEL","datePublished":"2022-08-19T13:00:00+00:00","mainEntityOfPage":{"@id":"https:\/\/agenciainfra.com\/blog\/ccee-determina-desligamento-de-usinas-da-ambar-que-tiveram-operacao-flexibilizada-pela-aneel\/"},"wordCount":640,"publisher":{"@id":"https:\/\/agenciainfra.com\/blog\/#organization"},"image":{"@id":"https:\/\/agenciainfra.com\/blog\/ccee-determina-desligamento-de-usinas-da-ambar-que-tiveram-operacao-flexibilizada-pela-aneel\/#primaryimage"},"thumbnailUrl":"https:\/\/agenciainfra.com\/blog\/wp-content\/uploads\/2021\/02\/energia-eletrica-foto-dominio-publico.jpg","keywords":["\u00c2mbar","ANEEL","ccee","deslogamento de usinas","energia de reserva","Karpowership","MME","opera\u00e7\u00e3o flexibilizada","PCS","Ricardo Tili","Sandoval Feitosa","sess\u00e3o p\u00fablica"],"articleSection":["Geral","iNFRAEnergia"],"inLanguage":"pt-BR","copyrightYear":"2022","copyrightHolder":{"@id":"https:\/\/agenciainfra.com\/blog\/#organization"}},{"@type":"WebPage","@id":"https:\/\/agenciainfra.com\/blog\/ccee-determina-desligamento-de-usinas-da-ambar-que-tiveram-operacao-flexibilizada-pela-aneel\/","url":"https:\/\/agenciainfra.com\/blog\/ccee-determina-desligamento-de-usinas-da-ambar-que-tiveram-operacao-flexibilizada-pela-aneel\/","name":"CCEE determina desligamento de usinas da \u00c2mbar que tiveram opera\u00e7\u00e3o flexibilizada pela ANEEL - Ag\u00eancia iNFRA","isPartOf":{"@id":"https:\/\/agenciainfra.com\/blog\/#website"},"primaryImageOfPage":{"@id":"https:\/\/agenciainfra.com\/blog\/ccee-determina-desligamento-de-usinas-da-ambar-que-tiveram-operacao-flexibilizada-pela-aneel\/#primaryimage"},"image":{"@id":"https:\/\/agenciainfra.com\/blog\/ccee-determina-desligamento-de-usinas-da-ambar-que-tiveram-operacao-flexibilizada-pela-aneel\/#primaryimage"},"thumbnailUrl":"https:\/\/agenciainfra.com\/blog\/wp-content\/uploads\/2021\/02\/energia-eletrica-foto-dominio-publico.jpg","datePublished":"2022-08-19T13:00:00+00:00","breadcrumb":{"@id":"https:\/\/agenciainfra.com\/blog\/ccee-determina-desligamento-de-usinas-da-ambar-que-tiveram-operacao-flexibilizada-pela-aneel\/#breadcrumb"},"inLanguage":"pt-BR","potentialAction":[{"@type":"ReadAction","target":["https:\/\/agenciainfra.com\/blog\/ccee-determina-desligamento-de-usinas-da-ambar-que-tiveram-operacao-flexibilizada-pela-aneel\/"]}]},{"@type":"ImageObject","inLanguage":"pt-BR","@id":"https:\/\/agenciainfra.com\/blog\/ccee-determina-desligamento-de-usinas-da-ambar-que-tiveram-operacao-flexibilizada-pela-aneel\/#primaryimage","url":"https:\/\/agenciainfra.com\/blog\/wp-content\/uploads\/2021\/02\/energia-eletrica-foto-dominio-publico.jpg","contentUrl":"https:\/\/agenciainfra.com\/blog\/wp-content\/uploads\/2021\/02\/energia-eletrica-foto-dominio-publico.jpg","width":1280,"height":720,"caption":"Foto: Dom\u00ednio P\u00fablico"},{"@type":"BreadcrumbList","@id":"https:\/\/agenciainfra.com\/blog\/ccee-determina-desligamento-de-usinas-da-ambar-que-tiveram-operacao-flexibilizada-pela-aneel\/#breadcrumb","itemListElement":[{"@type":"ListItem","position":1,"name":"In\u00edcio","item":"https:\/\/agenciainfra.com\/blog\/"},{"@type":"ListItem","position":2,"name":"CCEE determina desligamento de usinas da \u00c2mbar que tiveram opera\u00e7\u00e3o flexibilizada pela ANEEL"}]},{"@type":"WebSite","@id":"https:\/\/agenciainfra.com\/blog\/#website","url":"https:\/\/agenciainfra.com\/blog\/","name":"Ag\u00eancia iNFRA","description":"Multiplataforma de informa\u00e7\u00e3o jornal\u00edstica refer\u00eancia na \u00e1rea de infraestrutura no Brasil!","publisher":{"@id":"https:\/\/agenciainfra.com\/blog\/#organization"},"potentialAction":[{"@type":"SearchAction","target":{"@type":"EntryPoint","urlTemplate":"https:\/\/agenciainfra.com\/blog\/?s={search_term_string}"},"query-input":{"@type":"PropertyValueSpecification","valueRequired":true,"valueName":"search_term_string"}}],"inLanguage":"pt-BR"},{"@type":"Organization","@id":"https:\/\/agenciainfra.com\/blog\/#organization","name":"Ag\u00eancia iNFRA","url":"https:\/\/agenciainfra.com\/blog\/","logo":{"@type":"ImageObject","inLanguage":"pt-BR","@id":"https:\/\/agenciainfra.com\/blog\/#\/schema\/logo\/image\/","url":"https:\/\/agenciainfra.com\/blog\/wp-content\/uploads\/2023\/09\/iNFRA_5-e1761735885940.png","contentUrl":"https:\/\/agenciainfra.com\/blog\/wp-content\/uploads\/2023\/09\/iNFRA_5-e1761735885940.png","width":1672,"height":454,"caption":"Ag\u00eancia iNFRA"},"image":{"@id":"https:\/\/agenciainfra.com\/blog\/#\/schema\/logo\/image\/"},"sameAs":["https:\/\/www.facebook.com\/ageninfra","https:\/\/x.com\/agencia_infra","https:\/\/www.linkedin.com\/company\/ag\u00eanciainfra\/","https:\/\/www.instagram.com\/agenciainfra\/"]},{"@type":"Person","@id":"https:\/\/agenciainfra.com\/blog\/#\/schema\/person\/34af08dff6adea4cb22b06612ba7acfa","name":"Ag\u00eancia iNFRA","image":{"@type":"ImageObject","inLanguage":"pt-BR","@id":"https:\/\/agenciainfra.com\/blog\/#\/schema\/person\/image\/","url":"https:\/\/secure.gravatar.com\/avatar\/d189e01678f06d8eb84d4e01f08eb848b3fffe3f8443818d3c356c66892f5be8?s=96&d=mm&r=g","contentUrl":"https:\/\/secure.gravatar.com\/avatar\/d189e01678f06d8eb84d4e01f08eb848b3fffe3f8443818d3c356c66892f5be8?s=96&d=mm&r=g","caption":"Ag\u00eancia iNFRA"},"url":"https:\/\/agenciainfra.com\/blog\/author\/admin\/"}]}},"_links":{"self":[{"href":"https:\/\/agenciainfra.com\/blog\/wp-json\/wp\/v2\/posts\/11109","targetHints":{"allow":["GET"]}}],"collection":[{"href":"https:\/\/agenciainfra.com\/blog\/wp-json\/wp\/v2\/posts"}],"about":[{"href":"https:\/\/agenciainfra.com\/blog\/wp-json\/wp\/v2\/types\/post"}],"author":[{"embeddable":true,"href":"https:\/\/agenciainfra.com\/blog\/wp-json\/wp\/v2\/users\/1"}],"replies":[{"embeddable":true,"href":"https:\/\/agenciainfra.com\/blog\/wp-json\/wp\/v2\/comments?post=11109"}],"version-history":[{"count":0,"href":"https:\/\/agenciainfra.com\/blog\/wp-json\/wp\/v2\/posts\/11109\/revisions"}],"wp:featuredmedia":[{"embeddable":true,"href":"https:\/\/agenciainfra.com\/blog\/wp-json\/wp\/v2\/media\/6718"}],"wp:attachment":[{"href":"https:\/\/agenciainfra.com\/blog\/wp-json\/wp\/v2\/media?parent=11109"}],"wp:term":[{"taxonomy":"category","embeddable":true,"href":"https:\/\/agenciainfra.com\/blog\/wp-json\/wp\/v2\/categories?post=11109"},{"taxonomy":"post_tag","embeddable":true,"href":"https:\/\/agenciainfra.com\/blog\/wp-json\/wp\/v2\/tags?post=11109"}],"curies":[{"name":"wp","href":"https:\/\/api.w.org\/{rel}","templated":true}]}}