{"id":11111,"date":"2022-08-19T11:00:00","date_gmt":"2022-08-19T14:00:00","guid":{"rendered":"https:\/\/www.agenciainfra.com\/blog\/?p=11111"},"modified":"2022-08-18T11:27:25","modified_gmt":"2022-08-18T14:27:25","slug":"saneamento-precisa-de-r-308-bi-nos-proximos-4-anos-para-chegar-a-universalizacao-em-2033-indica-associacao","status":"publish","type":"post","link":"https:\/\/agenciainfra.com\/blog\/saneamento-precisa-de-r-308-bi-nos-proximos-4-anos-para-chegar-a-universalizacao-em-2033-indica-associacao\/","title":{"rendered":"Saneamento precisa de R$ 308 bi nos pr\u00f3ximos 4 anos para chegar \u00e0 universaliza\u00e7\u00e3o em 2033, indica associa\u00e7\u00e3o"},"content":{"rendered":"\n<p class=\"has-text-align-right\"><strong>Jenifer Ribeiro, da Ag\u00eancia iNFRA<\/strong><\/p>\n\n\n\n<p>O pa\u00eds precisa investir R$ 308 bilh\u00f5es no setor de saneamento b\u00e1sico no pr\u00f3ximo mandato presidencial, at\u00e9 2026, para conseguir viabilizar a universaliza\u00e7\u00e3o do servi\u00e7o at\u00e9 2033, prazo estipulado em lei. \u00c9 o que mostra\u00a0levantamento da Abcon Sidcon (Associa\u00e7\u00e3o e Sindicato Nacional das Concession\u00e1rias Privadas de Servi\u00e7os P\u00fablicos de \u00c1gua e Esgoto), divulgado nesta ter\u00e7a-feira (16).<br><br>O documento \u201c<a rel=\"noreferrer noopener\" href=\"https:\/\/agenciainfra.us14.list-manage.com\/track\/click?u=d460dd1bcf9ba0ae040e1fc0f&amp;id=84c3ca63b1&amp;e=f0fa444791\" target=\"_blank\">O in\u00edcio da D\u00e9cada do Saneamento \u2013 Uma agenda para a universaliza\u00e7\u00e3o<\/a>\u201d foi encaminhado\u00a0para as campanhas dos candidatos \u00e0 presid\u00eancia no 8\u00b0 Encontro Nacional das \u00c1guas. Ele destaca ainda que o valor anual de aportes seria de aproximadamente R$ 77 bilh\u00f5es, o equivalente a cinco vezes o total investido no setor em 2020, R$ 13,6 bilh\u00f5es.<br><br><strong>Propostas\u00a0<\/strong><br>O documento da Abcon apresenta nove compromissos aos presidenci\u00e1veis. Entre os t\u00f3picos, a associa\u00e7\u00e3o pede que continue sendo incentivada a participa\u00e7\u00e3o da iniciativa privada no setor. Al\u00e9m disso, o texto elenca a necessidade do apoio do governo para estruturar projetos de parceria por meio de bancos p\u00fablicos, como o BNDES e a Caixa Econ\u00f4mica Federal; e a prioriza\u00e7\u00e3o da presta\u00e7\u00e3o de servi\u00e7os de saneamento de forma regionalizada.<br><br>Durante o encontro, o s\u00f3cio da Portugal Ribeiro Advogados, Maur\u00edcio Portugal Ribeiro, declarou que um dos problemas do setor de saneamento \u00e9 a falta de estabilidade nas concess\u00f5es de n\u00edvel estadual. Destacou tamb\u00e9m que \u00e9 preciso que as normas de refer\u00eancias elaboradas pela ANA (Ag\u00eancia Nacional de \u00c1guas e Saneamento B\u00e1sico)\u00a0sejam mais detalhadas quando se trata dos contratos em andamento. Para ele, \u00e9 preciso deixar expl\u00edcito se aquela norma \u00e9 ou n\u00e3o v\u00e1lida para esses tipos de contratos.<br><br><strong>Foco nos resultados<\/strong><br>Por sua vez, o secret\u00e1rio substituto de Desenvolvimento da Infraestrutura do Minist\u00e9rio da Economia, Edson Silveira Sobrinho, disse que, durante a elabora\u00e7\u00e3o de novos projetos de saneamento b\u00e1sico, \u00e9 preciso focar em resultados, ou seja, nos indicadores de qualidade para o usu\u00e1rio. Segundo ele, essa \u00e9 uma forma de diminuir os custos para o consumidor final e para as empresas do setor, al\u00e9m de auxiliar na mitiga\u00e7\u00e3o de riscos dos contratos firmados.\u00a0<br><br>Outro ponto levantado durante o evento foi a poss\u00edvel mudan\u00e7a na participa\u00e7\u00e3o do BNDES nos investimentos destinados para o setor de saneamento.\u00a0A diretora de Cr\u00e9dito a Infraestrutura do BNDES, Solange Vieira, destacou que embora hoje o setor p\u00fablico tenha mais cr\u00e9dito aportado que o setor privado na \u00e1rea de saneamento, o marco deve mudar inverter esse cen\u00e1rio nos pr\u00f3ximos anos.<br><br><strong>Candidatos<\/strong><br>Durante o evento, a ex-ministra e coordenadora do setor de infraestrutura da campanha do ex-presidente Luiz In\u00e1cio Lula da Silva (PT), Miriam Belchior, destacou a necessidade de uma articula\u00e7\u00e3o \u201cmais forte\u201d com os estados e munic\u00edpios para viabilizar a presta\u00e7\u00e3o dos servi\u00e7os de saneamento.<br><br>Disse tamb\u00e9m, que as modelagens e estrutura\u00e7\u00e3o de projetos de concess\u00e3o ou PPPs (Parcerias P\u00fablico-Privadas), inclusive as de saneamento, devem continuar sendo feitas pelo BNDES e pela Caixa. Por\u00e9m, apontou a urg\u00eancia em haver uma expans\u00e3o para que outros bancos p\u00fablicos tamb\u00e9m tenham essa fun\u00e7\u00e3o.<br><br>J\u00e1 o representante do setor de infraestrutura da campanha de Ciro Gomes (PDT), Nelson Marconi, disse que, se eleito, Ciro quer antecipar as metas de universaliza\u00e7\u00e3o para 2030 &#8211; a previs\u00e3o do Marco Legal do Saneamento \u00e9 2033. Para isso, de acordo com o economista, seria preciso investimentos robustos para as empresas do setor, uma melhor organiza\u00e7\u00e3o das concess\u00f5es e das PPPs.<br><br>O representante afirmou ainda que, como \u00faltimo recurso, munic\u00edpios que n\u00e3o conseguirem entrar nos blocos e regionalizar o servi\u00e7o, poder\u00e3o ser financiados pelo governo federal. No entanto, esses recursos seriam destinados somente \u00e0 constru\u00e7\u00e3o da infraestrutura e sua manuten\u00e7\u00e3o seria feita em parceria com a iniciativa privada.\u00a0<br><br>Representantes dos outros dois candidatos mais bem colocados na pesquisa foram convidados para participar do evento, mas n\u00e3o compareceram. S\u00e3o eles: o atual presidente da Rep\u00fablica, Jair Bolsonaro (PL) e a senadora Simone Tebet (MDB).<\/p>\n","protected":false},"excerpt":{"rendered":"<p>Jenifer Ribeiro, da Ag\u00eancia iNFRA O pa\u00eds precisa investir R$ 308 bilh\u00f5es no setor de saneamento b\u00e1sico no pr\u00f3ximo mandato presidencial, at\u00e9 2026, para conseguir viabilizar a universaliza\u00e7\u00e3o do servi\u00e7o at\u00e9 2033, prazo estipulado em lei. \u00c9 o que mostra\u00a0levantamento da Abcon Sidcon (Associa\u00e7\u00e3o e Sindicato Nacional das Concession\u00e1rias Privadas de Servi\u00e7os P\u00fablicos de \u00c1gua [&hellip;]<\/p>\n","protected":false},"author":1,"featured_media":10882,"comment_status":"closed","ping_status":"closed","sticky":false,"template":"","format":"standard","meta":{"_monsterinsights_skip_tracking":false,"_monsterinsights_sitenote_active":false,"_monsterinsights_sitenote_note":"","_monsterinsights_sitenote_category":0,"footnotes":""},"categories":[1,7],"tags":[2203,660,103,2843,5635,5686,661,97,5677,179,5685,2192],"class_list":["post-11111","post","type-post","status-publish","format-standard","has-post-thumbnail","hentry","category-geral","category-infratransporte","tag-abcon","tag-agua","tag-bndes","tag-caixa","tag-eleicoes-2022","tag-encontro-nacional-das-aguas","tag-esgoto","tag-ppp","tag-propostas","tag-saneamento","tag-sidcon","tag-universalizacao"],"yoast_head":"<!-- This site is optimized with the Yoast SEO Premium plugin v25.4 (Yoast SEO v26.0) - https:\/\/yoast.com\/wordpress\/plugins\/seo\/ -->\n<title>Saneamento precisa de R$ 308 bi nos pr\u00f3ximos 4 anos para chegar \u00e0 universaliza\u00e7\u00e3o em 2033, indica associa\u00e7\u00e3o - Ag\u00eancia iNFRA<\/title>\n<meta name=\"robots\" content=\"index, follow, max-snippet:-1, max-image-preview:large, max-video-preview:-1\" \/>\n<link rel=\"canonical\" href=\"https:\/\/agenciainfra.com\/blog\/saneamento-precisa-de-r-308-bi-nos-proximos-4-anos-para-chegar-a-universalizacao-em-2033-indica-associacao\/\" \/>\n<meta property=\"og:locale\" content=\"pt_BR\" \/>\n<meta property=\"og:type\" content=\"article\" \/>\n<meta property=\"og:title\" content=\"Saneamento precisa de R$ 308 bi nos pr\u00f3ximos 4 anos para chegar \u00e0 universaliza\u00e7\u00e3o em 2033, indica associa\u00e7\u00e3o\" \/>\n<meta property=\"og:description\" content=\"Jenifer Ribeiro, da Ag\u00eancia iNFRA O pa\u00eds precisa investir R$ 308 bilh\u00f5es no setor de saneamento b\u00e1sico no pr\u00f3ximo mandato presidencial, at\u00e9 2026, para conseguir viabilizar a universaliza\u00e7\u00e3o do servi\u00e7o at\u00e9 2033, prazo estipulado em lei. \u00c9 o que mostra\u00a0levantamento da Abcon Sidcon (Associa\u00e7\u00e3o e Sindicato Nacional das Concession\u00e1rias Privadas de Servi\u00e7os P\u00fablicos de \u00c1gua [&hellip;]\" \/>\n<meta property=\"og:url\" content=\"https:\/\/agenciainfra.com\/blog\/saneamento-precisa-de-r-308-bi-nos-proximos-4-anos-para-chegar-a-universalizacao-em-2033-indica-associacao\/\" \/>\n<meta property=\"og:site_name\" content=\"Ag\u00eancia iNFRA\" \/>\n<meta property=\"article:publisher\" content=\"https:\/\/www.facebook.com\/ageninfra\" \/>\n<meta property=\"article:published_time\" content=\"2022-08-19T14:00:00+00:00\" \/>\n<meta property=\"og:image\" content=\"https:\/\/agenciainfra.com\/blog\/wp-content\/uploads\/2022\/07\/saneamento-basico-foto-prefeitura-de-sao-paulo.jpeg\" \/>\n\t<meta property=\"og:image:width\" content=\"1280\" \/>\n\t<meta property=\"og:image:height\" content=\"725\" \/>\n\t<meta property=\"og:image:type\" content=\"image\/jpeg\" \/>\n<meta name=\"author\" content=\"Ag\u00eancia iNFRA\" \/>\n<meta name=\"twitter:card\" content=\"summary_large_image\" \/>\n<meta name=\"twitter:creator\" content=\"@agencia_infra\" \/>\n<meta name=\"twitter:site\" content=\"@agencia_infra\" \/>\n<meta name=\"twitter:label1\" content=\"Escrito por\" \/>\n\t<meta name=\"twitter:data1\" content=\"Ag\u00eancia iNFRA\" \/>\n\t<meta name=\"twitter:label2\" content=\"Est. tempo de leitura\" \/>\n\t<meta name=\"twitter:data2\" content=\"3 minutos\" \/>\n<script type=\"application\/ld+json\" class=\"yoast-schema-graph\">{\"@context\":\"https:\/\/schema.org\",\"@graph\":[{\"@type\":\"Article\",\"@id\":\"https:\/\/agenciainfra.com\/blog\/saneamento-precisa-de-r-308-bi-nos-proximos-4-anos-para-chegar-a-universalizacao-em-2033-indica-associacao\/#article\",\"isPartOf\":{\"@id\":\"https:\/\/agenciainfra.com\/blog\/saneamento-precisa-de-r-308-bi-nos-proximos-4-anos-para-chegar-a-universalizacao-em-2033-indica-associacao\/\"},\"author\":{\"name\":\"Ag\u00eancia iNFRA\",\"@id\":\"https:\/\/agenciainfra.com\/blog\/#\/schema\/person\/34af08dff6adea4cb22b06612ba7acfa\"},\"headline\":\"Saneamento precisa de R$ 308 bi nos pr\u00f3ximos 4 anos para chegar \u00e0 universaliza\u00e7\u00e3o em 2033, indica associa\u00e7\u00e3o\",\"datePublished\":\"2022-08-19T14:00:00+00:00\",\"mainEntityOfPage\":{\"@id\":\"https:\/\/agenciainfra.com\/blog\/saneamento-precisa-de-r-308-bi-nos-proximos-4-anos-para-chegar-a-universalizacao-em-2033-indica-associacao\/\"},\"wordCount\":716,\"publisher\":{\"@id\":\"https:\/\/agenciainfra.com\/blog\/#organization\"},\"image\":{\"@id\":\"https:\/\/agenciainfra.com\/blog\/saneamento-precisa-de-r-308-bi-nos-proximos-4-anos-para-chegar-a-universalizacao-em-2033-indica-associacao\/#primaryimage\"},\"thumbnailUrl\":\"https:\/\/agenciainfra.com\/blog\/wp-content\/uploads\/2022\/07\/saneamento-basico-foto-prefeitura-de-sao-paulo.jpeg\",\"keywords\":[\"Abcon\",\"\u00e1gua\",\"BNDES\",\"Caixa\",\"Elei\u00e7\u00f5es 2022\",\"Encontro Nacional das \u00c1guas\",\"esgoto\",\"PPP\",\"propostas\",\"saneamento\",\"Sidcon\",\"universaliza\u00e7\u00e3o\"],\"articleSection\":[\"Geral\",\"iNFRATransporte\"],\"inLanguage\":\"pt-BR\",\"copyrightYear\":\"2022\",\"copyrightHolder\":{\"@id\":\"https:\/\/agenciainfra.com\/blog\/#organization\"}},{\"@type\":\"WebPage\",\"@id\":\"https:\/\/agenciainfra.com\/blog\/saneamento-precisa-de-r-308-bi-nos-proximos-4-anos-para-chegar-a-universalizacao-em-2033-indica-associacao\/\",\"url\":\"https:\/\/agenciainfra.com\/blog\/saneamento-precisa-de-r-308-bi-nos-proximos-4-anos-para-chegar-a-universalizacao-em-2033-indica-associacao\/\",\"name\":\"Saneamento precisa de R$ 308 bi nos pr\u00f3ximos 4 anos para chegar \u00e0 universaliza\u00e7\u00e3o em 2033, indica associa\u00e7\u00e3o - Ag\u00eancia iNFRA\",\"isPartOf\":{\"@id\":\"https:\/\/agenciainfra.com\/blog\/#website\"},\"primaryImageOfPage\":{\"@id\":\"https:\/\/agenciainfra.com\/blog\/saneamento-precisa-de-r-308-bi-nos-proximos-4-anos-para-chegar-a-universalizacao-em-2033-indica-associacao\/#primaryimage\"},\"image\":{\"@id\":\"https:\/\/agenciainfra.com\/blog\/saneamento-precisa-de-r-308-bi-nos-proximos-4-anos-para-chegar-a-universalizacao-em-2033-indica-associacao\/#primaryimage\"},\"thumbnailUrl\":\"https:\/\/agenciainfra.com\/blog\/wp-content\/uploads\/2022\/07\/saneamento-basico-foto-prefeitura-de-sao-paulo.jpeg\",\"datePublished\":\"2022-08-19T14:00:00+00:00\",\"breadcrumb\":{\"@id\":\"https:\/\/agenciainfra.com\/blog\/saneamento-precisa-de-r-308-bi-nos-proximos-4-anos-para-chegar-a-universalizacao-em-2033-indica-associacao\/#breadcrumb\"},\"inLanguage\":\"pt-BR\",\"potentialAction\":[{\"@type\":\"ReadAction\",\"target\":[\"https:\/\/agenciainfra.com\/blog\/saneamento-precisa-de-r-308-bi-nos-proximos-4-anos-para-chegar-a-universalizacao-em-2033-indica-associacao\/\"]}]},{\"@type\":\"ImageObject\",\"inLanguage\":\"pt-BR\",\"@id\":\"https:\/\/agenciainfra.com\/blog\/saneamento-precisa-de-r-308-bi-nos-proximos-4-anos-para-chegar-a-universalizacao-em-2033-indica-associacao\/#primaryimage\",\"url\":\"https:\/\/agenciainfra.com\/blog\/wp-content\/uploads\/2022\/07\/saneamento-basico-foto-prefeitura-de-sao-paulo.jpeg\",\"contentUrl\":\"https:\/\/agenciainfra.com\/blog\/wp-content\/uploads\/2022\/07\/saneamento-basico-foto-prefeitura-de-sao-paulo.jpeg\",\"width\":1280,\"height\":725,\"caption\":\"Foto: Divulga\u00e7\u00e3o\/Prefeitura de S\u00e3o Paulo\"},{\"@type\":\"BreadcrumbList\",\"@id\":\"https:\/\/agenciainfra.com\/blog\/saneamento-precisa-de-r-308-bi-nos-proximos-4-anos-para-chegar-a-universalizacao-em-2033-indica-associacao\/#breadcrumb\",\"itemListElement\":[{\"@type\":\"ListItem\",\"position\":1,\"name\":\"In\u00edcio\",\"item\":\"https:\/\/agenciainfra.com\/blog\/\"},{\"@type\":\"ListItem\",\"position\":2,\"name\":\"Saneamento precisa de R$ 308 bi nos pr\u00f3ximos 4 anos para chegar \u00e0 universaliza\u00e7\u00e3o em 2033, indica associa\u00e7\u00e3o\"}]},{\"@type\":\"WebSite\",\"@id\":\"https:\/\/agenciainfra.com\/blog\/#website\",\"url\":\"https:\/\/agenciainfra.com\/blog\/\",\"name\":\"Ag\u00eancia iNFRA\",\"description\":\"Multiplataforma de informa\u00e7\u00e3o jornal\u00edstica refer\u00eancia na \u00e1rea de infraestrutura no Brasil!\",\"publisher\":{\"@id\":\"https:\/\/agenciainfra.com\/blog\/#organization\"},\"potentialAction\":[{\"@type\":\"SearchAction\",\"target\":{\"@type\":\"EntryPoint\",\"urlTemplate\":\"https:\/\/agenciainfra.com\/blog\/?s={search_term_string}\"},\"query-input\":{\"@type\":\"PropertyValueSpecification\",\"valueRequired\":true,\"valueName\":\"search_term_string\"}}],\"inLanguage\":\"pt-BR\"},{\"@type\":\"Organization\",\"@id\":\"https:\/\/agenciainfra.com\/blog\/#organization\",\"name\":\"Ag\u00eancia iNFRA\",\"url\":\"https:\/\/agenciainfra.com\/blog\/\",\"logo\":{\"@type\":\"ImageObject\",\"inLanguage\":\"pt-BR\",\"@id\":\"https:\/\/agenciainfra.com\/blog\/#\/schema\/logo\/image\/\",\"url\":\"https:\/\/agenciainfra.com\/blog\/wp-content\/uploads\/2023\/09\/iNFRA_5-e1761735885940.png\",\"contentUrl\":\"https:\/\/agenciainfra.com\/blog\/wp-content\/uploads\/2023\/09\/iNFRA_5-e1761735885940.png\",\"width\":1672,\"height\":454,\"caption\":\"Ag\u00eancia iNFRA\"},\"image\":{\"@id\":\"https:\/\/agenciainfra.com\/blog\/#\/schema\/logo\/image\/\"},\"sameAs\":[\"https:\/\/www.facebook.com\/ageninfra\",\"https:\/\/x.com\/agencia_infra\",\"https:\/\/www.linkedin.com\/company\/ag\u00eanciainfra\/\",\"https:\/\/www.instagram.com\/agenciainfra\/\"]},{\"@type\":\"Person\",\"@id\":\"https:\/\/agenciainfra.com\/blog\/#\/schema\/person\/34af08dff6adea4cb22b06612ba7acfa\",\"name\":\"Ag\u00eancia iNFRA\",\"image\":{\"@type\":\"ImageObject\",\"inLanguage\":\"pt-BR\",\"@id\":\"https:\/\/agenciainfra.com\/blog\/#\/schema\/person\/image\/\",\"url\":\"https:\/\/secure.gravatar.com\/avatar\/d189e01678f06d8eb84d4e01f08eb848b3fffe3f8443818d3c356c66892f5be8?s=96&d=mm&r=g\",\"contentUrl\":\"https:\/\/secure.gravatar.com\/avatar\/d189e01678f06d8eb84d4e01f08eb848b3fffe3f8443818d3c356c66892f5be8?s=96&d=mm&r=g\",\"caption\":\"Ag\u00eancia iNFRA\"},\"url\":\"https:\/\/agenciainfra.com\/blog\/author\/admin\/\"}]}<\/script>\n<!-- \/ Yoast SEO Premium plugin. -->","yoast_head_json":{"title":"Saneamento precisa de R$ 308 bi nos pr\u00f3ximos 4 anos para chegar \u00e0 universaliza\u00e7\u00e3o em 2033, indica associa\u00e7\u00e3o - Ag\u00eancia iNFRA","robots":{"index":"index","follow":"follow","max-snippet":"max-snippet:-1","max-image-preview":"max-image-preview:large","max-video-preview":"max-video-preview:-1"},"canonical":"https:\/\/agenciainfra.com\/blog\/saneamento-precisa-de-r-308-bi-nos-proximos-4-anos-para-chegar-a-universalizacao-em-2033-indica-associacao\/","og_locale":"pt_BR","og_type":"article","og_title":"Saneamento precisa de R$ 308 bi nos pr\u00f3ximos 4 anos para chegar \u00e0 universaliza\u00e7\u00e3o em 2033, indica associa\u00e7\u00e3o","og_description":"Jenifer Ribeiro, da Ag\u00eancia iNFRA O pa\u00eds precisa investir R$ 308 bilh\u00f5es no setor de saneamento b\u00e1sico no pr\u00f3ximo mandato presidencial, at\u00e9 2026, para conseguir viabilizar a universaliza\u00e7\u00e3o do servi\u00e7o at\u00e9 2033, prazo estipulado em lei. \u00c9 o que mostra\u00a0levantamento da Abcon Sidcon (Associa\u00e7\u00e3o e Sindicato Nacional das Concession\u00e1rias Privadas de Servi\u00e7os P\u00fablicos de \u00c1gua [&hellip;]","og_url":"https:\/\/agenciainfra.com\/blog\/saneamento-precisa-de-r-308-bi-nos-proximos-4-anos-para-chegar-a-universalizacao-em-2033-indica-associacao\/","og_site_name":"Ag\u00eancia iNFRA","article_publisher":"https:\/\/www.facebook.com\/ageninfra","article_published_time":"2022-08-19T14:00:00+00:00","og_image":[{"width":1280,"height":725,"url":"https:\/\/agenciainfra.com\/blog\/wp-content\/uploads\/2022\/07\/saneamento-basico-foto-prefeitura-de-sao-paulo.jpeg","type":"image\/jpeg"}],"author":"Ag\u00eancia iNFRA","twitter_card":"summary_large_image","twitter_creator":"@agencia_infra","twitter_site":"@agencia_infra","twitter_misc":{"Escrito por":"Ag\u00eancia iNFRA","Est. tempo de leitura":"3 minutos"},"schema":{"@context":"https:\/\/schema.org","@graph":[{"@type":"Article","@id":"https:\/\/agenciainfra.com\/blog\/saneamento-precisa-de-r-308-bi-nos-proximos-4-anos-para-chegar-a-universalizacao-em-2033-indica-associacao\/#article","isPartOf":{"@id":"https:\/\/agenciainfra.com\/blog\/saneamento-precisa-de-r-308-bi-nos-proximos-4-anos-para-chegar-a-universalizacao-em-2033-indica-associacao\/"},"author":{"name":"Ag\u00eancia iNFRA","@id":"https:\/\/agenciainfra.com\/blog\/#\/schema\/person\/34af08dff6adea4cb22b06612ba7acfa"},"headline":"Saneamento precisa de R$ 308 bi nos pr\u00f3ximos 4 anos para chegar \u00e0 universaliza\u00e7\u00e3o em 2033, indica associa\u00e7\u00e3o","datePublished":"2022-08-19T14:00:00+00:00","mainEntityOfPage":{"@id":"https:\/\/agenciainfra.com\/blog\/saneamento-precisa-de-r-308-bi-nos-proximos-4-anos-para-chegar-a-universalizacao-em-2033-indica-associacao\/"},"wordCount":716,"publisher":{"@id":"https:\/\/agenciainfra.com\/blog\/#organization"},"image":{"@id":"https:\/\/agenciainfra.com\/blog\/saneamento-precisa-de-r-308-bi-nos-proximos-4-anos-para-chegar-a-universalizacao-em-2033-indica-associacao\/#primaryimage"},"thumbnailUrl":"https:\/\/agenciainfra.com\/blog\/wp-content\/uploads\/2022\/07\/saneamento-basico-foto-prefeitura-de-sao-paulo.jpeg","keywords":["Abcon","\u00e1gua","BNDES","Caixa","Elei\u00e7\u00f5es 2022","Encontro Nacional das \u00c1guas","esgoto","PPP","propostas","saneamento","Sidcon","universaliza\u00e7\u00e3o"],"articleSection":["Geral","iNFRATransporte"],"inLanguage":"pt-BR","copyrightYear":"2022","copyrightHolder":{"@id":"https:\/\/agenciainfra.com\/blog\/#organization"}},{"@type":"WebPage","@id":"https:\/\/agenciainfra.com\/blog\/saneamento-precisa-de-r-308-bi-nos-proximos-4-anos-para-chegar-a-universalizacao-em-2033-indica-associacao\/","url":"https:\/\/agenciainfra.com\/blog\/saneamento-precisa-de-r-308-bi-nos-proximos-4-anos-para-chegar-a-universalizacao-em-2033-indica-associacao\/","name":"Saneamento precisa de R$ 308 bi nos pr\u00f3ximos 4 anos para chegar \u00e0 universaliza\u00e7\u00e3o em 2033, indica associa\u00e7\u00e3o - Ag\u00eancia iNFRA","isPartOf":{"@id":"https:\/\/agenciainfra.com\/blog\/#website"},"primaryImageOfPage":{"@id":"https:\/\/agenciainfra.com\/blog\/saneamento-precisa-de-r-308-bi-nos-proximos-4-anos-para-chegar-a-universalizacao-em-2033-indica-associacao\/#primaryimage"},"image":{"@id":"https:\/\/agenciainfra.com\/blog\/saneamento-precisa-de-r-308-bi-nos-proximos-4-anos-para-chegar-a-universalizacao-em-2033-indica-associacao\/#primaryimage"},"thumbnailUrl":"https:\/\/agenciainfra.com\/blog\/wp-content\/uploads\/2022\/07\/saneamento-basico-foto-prefeitura-de-sao-paulo.jpeg","datePublished":"2022-08-19T14:00:00+00:00","breadcrumb":{"@id":"https:\/\/agenciainfra.com\/blog\/saneamento-precisa-de-r-308-bi-nos-proximos-4-anos-para-chegar-a-universalizacao-em-2033-indica-associacao\/#breadcrumb"},"inLanguage":"pt-BR","potentialAction":[{"@type":"ReadAction","target":["https:\/\/agenciainfra.com\/blog\/saneamento-precisa-de-r-308-bi-nos-proximos-4-anos-para-chegar-a-universalizacao-em-2033-indica-associacao\/"]}]},{"@type":"ImageObject","inLanguage":"pt-BR","@id":"https:\/\/agenciainfra.com\/blog\/saneamento-precisa-de-r-308-bi-nos-proximos-4-anos-para-chegar-a-universalizacao-em-2033-indica-associacao\/#primaryimage","url":"https:\/\/agenciainfra.com\/blog\/wp-content\/uploads\/2022\/07\/saneamento-basico-foto-prefeitura-de-sao-paulo.jpeg","contentUrl":"https:\/\/agenciainfra.com\/blog\/wp-content\/uploads\/2022\/07\/saneamento-basico-foto-prefeitura-de-sao-paulo.jpeg","width":1280,"height":725,"caption":"Foto: Divulga\u00e7\u00e3o\/Prefeitura de S\u00e3o Paulo"},{"@type":"BreadcrumbList","@id":"https:\/\/agenciainfra.com\/blog\/saneamento-precisa-de-r-308-bi-nos-proximos-4-anos-para-chegar-a-universalizacao-em-2033-indica-associacao\/#breadcrumb","itemListElement":[{"@type":"ListItem","position":1,"name":"In\u00edcio","item":"https:\/\/agenciainfra.com\/blog\/"},{"@type":"ListItem","position":2,"name":"Saneamento precisa de R$ 308 bi nos pr\u00f3ximos 4 anos para chegar \u00e0 universaliza\u00e7\u00e3o em 2033, indica associa\u00e7\u00e3o"}]},{"@type":"WebSite","@id":"https:\/\/agenciainfra.com\/blog\/#website","url":"https:\/\/agenciainfra.com\/blog\/","name":"Ag\u00eancia iNFRA","description":"Multiplataforma de informa\u00e7\u00e3o jornal\u00edstica refer\u00eancia na \u00e1rea de infraestrutura no Brasil!","publisher":{"@id":"https:\/\/agenciainfra.com\/blog\/#organization"},"potentialAction":[{"@type":"SearchAction","target":{"@type":"EntryPoint","urlTemplate":"https:\/\/agenciainfra.com\/blog\/?s={search_term_string}"},"query-input":{"@type":"PropertyValueSpecification","valueRequired":true,"valueName":"search_term_string"}}],"inLanguage":"pt-BR"},{"@type":"Organization","@id":"https:\/\/agenciainfra.com\/blog\/#organization","name":"Ag\u00eancia iNFRA","url":"https:\/\/agenciainfra.com\/blog\/","logo":{"@type":"ImageObject","inLanguage":"pt-BR","@id":"https:\/\/agenciainfra.com\/blog\/#\/schema\/logo\/image\/","url":"https:\/\/agenciainfra.com\/blog\/wp-content\/uploads\/2023\/09\/iNFRA_5-e1761735885940.png","contentUrl":"https:\/\/agenciainfra.com\/blog\/wp-content\/uploads\/2023\/09\/iNFRA_5-e1761735885940.png","width":1672,"height":454,"caption":"Ag\u00eancia iNFRA"},"image":{"@id":"https:\/\/agenciainfra.com\/blog\/#\/schema\/logo\/image\/"},"sameAs":["https:\/\/www.facebook.com\/ageninfra","https:\/\/x.com\/agencia_infra","https:\/\/www.linkedin.com\/company\/ag\u00eanciainfra\/","https:\/\/www.instagram.com\/agenciainfra\/"]},{"@type":"Person","@id":"https:\/\/agenciainfra.com\/blog\/#\/schema\/person\/34af08dff6adea4cb22b06612ba7acfa","name":"Ag\u00eancia iNFRA","image":{"@type":"ImageObject","inLanguage":"pt-BR","@id":"https:\/\/agenciainfra.com\/blog\/#\/schema\/person\/image\/","url":"https:\/\/secure.gravatar.com\/avatar\/d189e01678f06d8eb84d4e01f08eb848b3fffe3f8443818d3c356c66892f5be8?s=96&d=mm&r=g","contentUrl":"https:\/\/secure.gravatar.com\/avatar\/d189e01678f06d8eb84d4e01f08eb848b3fffe3f8443818d3c356c66892f5be8?s=96&d=mm&r=g","caption":"Ag\u00eancia iNFRA"},"url":"https:\/\/agenciainfra.com\/blog\/author\/admin\/"}]}},"_links":{"self":[{"href":"https:\/\/agenciainfra.com\/blog\/wp-json\/wp\/v2\/posts\/11111","targetHints":{"allow":["GET"]}}],"collection":[{"href":"https:\/\/agenciainfra.com\/blog\/wp-json\/wp\/v2\/posts"}],"about":[{"href":"https:\/\/agenciainfra.com\/blog\/wp-json\/wp\/v2\/types\/post"}],"author":[{"embeddable":true,"href":"https:\/\/agenciainfra.com\/blog\/wp-json\/wp\/v2\/users\/1"}],"replies":[{"embeddable":true,"href":"https:\/\/agenciainfra.com\/blog\/wp-json\/wp\/v2\/comments?post=11111"}],"version-history":[{"count":0,"href":"https:\/\/agenciainfra.com\/blog\/wp-json\/wp\/v2\/posts\/11111\/revisions"}],"wp:featuredmedia":[{"embeddable":true,"href":"https:\/\/agenciainfra.com\/blog\/wp-json\/wp\/v2\/media\/10882"}],"wp:attachment":[{"href":"https:\/\/agenciainfra.com\/blog\/wp-json\/wp\/v2\/media?parent=11111"}],"wp:term":[{"taxonomy":"category","embeddable":true,"href":"https:\/\/agenciainfra.com\/blog\/wp-json\/wp\/v2\/categories?post=11111"},{"taxonomy":"post_tag","embeddable":true,"href":"https:\/\/agenciainfra.com\/blog\/wp-json\/wp\/v2\/tags?post=11111"}],"curies":[{"name":"wp","href":"https:\/\/api.w.org\/{rel}","templated":true}]}}