{"id":11122,"date":"2022-08-20T09:00:00","date_gmt":"2022-08-20T12:00:00","guid":{"rendered":"https:\/\/www.agenciainfra.com\/blog\/?p=11122"},"modified":"2022-08-19T11:03:22","modified_gmt":"2022-08-19T14:03:22","slug":"ministro-diz-que-prepara-73-ativos-para-serem-leiloados-em-2023-e-2024","status":"publish","type":"post","link":"https:\/\/agenciainfra.com\/blog\/ministro-diz-que-prepara-73-ativos-para-serem-leiloados-em-2023-e-2024\/","title":{"rendered":"Ministro diz que prepara 73 ativos para serem leiloados em 2023 e 2024"},"content":{"rendered":"\n<p class=\"has-text-align-right\"><strong>da Ag\u00eancia iNFRA<\/strong><\/p>\n\n\n\n<p>O ministro da Infraestrutura, Marcelo Sampaio, afirmou em coletiva ap\u00f3s o leil\u00e3o da 7\u00aa Rodada de Concess\u00f5es Aeroportu\u00e1rias, realizada na \u00faltima quinta-feira (18), que a pasta est\u00e1 trabalhando na estrutura\u00e7\u00e3o de 73 ativos para serem concedidos nos pr\u00f3ximos dois anos.<br><br>Sampaio afirmou que o pa\u00eds vem h\u00e1 quatro d\u00e9cadas com um programa de concess\u00f5es e que o programa vai continuar, indicando que isso independe do vencedor do processo eleitoral deste ano.<br><br>A fala ocorreu durante a entrevista coletiva ap\u00f3s a batida de martelo do leil\u00e3o. Entre os ativos para 2023 e 2024 n\u00e3o constam alguns que o pr\u00f3prio Sampaio garantiu que far\u00e1 o leil\u00e3o este ano, apesar de haver d\u00favidas no mercado de que ser\u00e1 poss\u00edvel faz\u00ea-lo em 2022.<br><br>Segundo o ministro, at\u00e9 o fim do ano, a pasta ainda espera relicitar o Aeroporto de S\u00e3o Gon\u00e7alo do Amarante (RN), licitar dois lotes de rodovias do Paran\u00e1 e a BR-381\/MG, 13 arrendamentos portu\u00e1rios (entre eles o STS53 e o STS10, em Santos) e as desestatiza\u00e7\u00f5es portu\u00e1rias de Santos (SP), Itaja\u00ed (SC) e S\u00e3o Sebasti\u00e3o (SP).<br><br><strong>Projetos no TCU<\/strong><br>Tirando os projetos de relicita\u00e7\u00e3o do aeroporto potiguar, dos portos de Itaja\u00ed e S\u00e3o Sebasti\u00e3o e dos dois lotes rodovi\u00e1rios paranaenses, os outros ativos de grande porte citados est\u00e3o em processo de an\u00e1lise por parte das ag\u00eancias reguladoras de contribui\u00e7\u00f5es de audi\u00eancia p\u00fablica. Ainda t\u00eam que passar pela avalia\u00e7\u00e3o do TCU (Tribunal de Contas da Uni\u00e3o).<br><br>No caso do aeroporto, o processo no TCU est\u00e1 h\u00e1 mais de dois meses despachado para o relator, ministro Aroldo Cedraz, que chegou a pauta-lo, mas ele n\u00e3o foi votado. Nesta semana, o relator dos processos das desestatiza\u00e7\u00f5es portu\u00e1rias de Itaja\u00ed e S\u00e3o Sebasti\u00e3o, ministro Walton Alencar, tirou de pauta uma an\u00e1lise pr\u00e9via dos processos.<br><br>Sobre a desestatiza\u00e7\u00e3o do porto de Santos, que ainda est\u00e1 em avalia\u00e7\u00e3o pela ag\u00eancia, Sampaio afirmou que est\u00e1 pedindo ao TCU para \u201creduzir o tempo de an\u00e1lise\u201d, na tentativa de fazer o leil\u00e3o ainda em 2022. Segundo ele, mais de 90% dos documentos da concess\u00e3o j\u00e1 est\u00e3o com os t\u00e9cnicos do \u00f3rg\u00e3o.<br><br>Sobre projetos para 2023, Sampaio afirmou que um deles dever\u00e1 ser a proposta para a renova\u00e7\u00e3o antecipada da FCA (Ferrovia Centro-Atl\u00e2ntica) que at\u00e9 o fim do ano ser\u00e1 encaminhada para an\u00e1lise do \u00f3rg\u00e3o de controle.<br><br><strong>8\u00aa Rodada de Aeroportos<\/strong><br>Ele tamb\u00e9m citou a 8\u00aa Rodada de Concess\u00f5es Aeroportu\u00e1rias, que vai licitar conjuntamente os aeroportos do Gale\u00e3o e Santos Dumont (RJ). Sampaio defendeu a licita\u00e7\u00e3o conjunta dos dois ativos, como forma de melhorar a sinergia das unidades.<br><br>Mas alertou que o cronograma do governo, que \u00e9 licitar no fim de 2023, pode atrasar por causa do processo de devolu\u00e7\u00e3o do Aeroporto do Gale\u00e3o, cuja concession\u00e1ria Changi, de Cingapura, pediu a devolu\u00e7\u00e3o dentro da lei de relicita\u00e7\u00e3o.\u00a0<br><br>Na semana passada foi publicado o decreto que aprova a entrada da unidade no PPI para relicita\u00e7\u00e3o e, com isso, come\u00e7a a contar um prazo de 60 dias para a assinatura do aditivo que torna o processo irrevog\u00e1vel o pedido. Se inicia, ent\u00e3o, o prazo de dois anos para a relicita\u00e7\u00e3o do ativo.<br><br>Mesmo com a lei tendo sido publicada em 2017, nenhum projeto at\u00e9 hoje conseguiu ser relicitado por essas regras de devolu\u00e7\u00e3o. Segundo o ministro, os investimentos contratados pela pasta em concess\u00f5es no atual governo chegou a R$ 120 bilh\u00f5es. Com os leil\u00f5es prometidos at\u00e9 o fim do ano, &#8220;vai chegar a R$ 200 bilh\u00f5es&#8221;. A meta anunciada era de R$ 252 bilh\u00f5es.<\/p>\n","protected":false},"excerpt":{"rendered":"<p>da Ag\u00eancia iNFRA O ministro da Infraestrutura, Marcelo Sampaio, afirmou em coletiva ap\u00f3s o leil\u00e3o da 7\u00aa Rodada de Concess\u00f5es Aeroportu\u00e1rias, realizada na \u00faltima quinta-feira (18), que a pasta est\u00e1 trabalhando na estrutura\u00e7\u00e3o de 73 ativos para serem concedidos nos pr\u00f3ximos dois anos. Sampaio afirmou que o pa\u00eds vem h\u00e1 quatro d\u00e9cadas com um programa [&hellip;]<\/p>\n","protected":false},"author":1,"featured_media":11123,"comment_status":"closed","ping_status":"closed","sticky":false,"template":"","format":"standard","meta":{"_monsterinsights_skip_tracking":false,"_monsterinsights_sitenote_active":false,"_monsterinsights_sitenote_note":"","_monsterinsights_sitenote_category":0,"footnotes":""},"categories":[1,7],"tags":[5629,242,78,34,2056,260,5248,5687,4101,4929],"class_list":["post-11122","post","type-post","status-publish","format-standard","has-post-thumbnail","hentry","category-geral","category-infratransporte","tag-7a-rodada-de-concessoes-aeroportuarias","tag-anac","tag-concessoes","tag-infraestrutura","tag-porto-de-itajai","tag-porto-de-santos","tag-porto-de-sao-sebastiao","tag-sao-goncalo","tag-sts10","tag-sts53"],"yoast_head":"<!-- This site is optimized with the Yoast SEO Premium plugin v25.4 (Yoast SEO v26.0) - https:\/\/yoast.com\/wordpress\/plugins\/seo\/ -->\n<title>Ministro diz que prepara 73 ativos para serem leiloados em 2023 e 2024 - Ag\u00eancia iNFRA<\/title>\n<meta name=\"robots\" content=\"index, follow, max-snippet:-1, max-image-preview:large, max-video-preview:-1\" \/>\n<link rel=\"canonical\" href=\"https:\/\/agenciainfra.com\/blog\/ministro-diz-que-prepara-73-ativos-para-serem-leiloados-em-2023-e-2024\/\" \/>\n<meta property=\"og:locale\" content=\"pt_BR\" \/>\n<meta property=\"og:type\" content=\"article\" \/>\n<meta property=\"og:title\" content=\"Ministro diz que prepara 73 ativos para serem leiloados em 2023 e 2024\" \/>\n<meta property=\"og:description\" content=\"da Ag\u00eancia iNFRA O ministro da Infraestrutura, Marcelo Sampaio, afirmou em coletiva ap\u00f3s o leil\u00e3o da 7\u00aa Rodada de Concess\u00f5es Aeroportu\u00e1rias, realizada na \u00faltima quinta-feira (18), que a pasta est\u00e1 trabalhando na estrutura\u00e7\u00e3o de 73 ativos para serem concedidos nos pr\u00f3ximos dois anos. Sampaio afirmou que o pa\u00eds vem h\u00e1 quatro d\u00e9cadas com um programa [&hellip;]\" \/>\n<meta property=\"og:url\" content=\"https:\/\/agenciainfra.com\/blog\/ministro-diz-que-prepara-73-ativos-para-serem-leiloados-em-2023-e-2024\/\" \/>\n<meta property=\"og:site_name\" content=\"Ag\u00eancia iNFRA\" \/>\n<meta property=\"article:publisher\" content=\"https:\/\/www.facebook.com\/ageninfra\" \/>\n<meta property=\"article:published_time\" content=\"2022-08-20T12:00:00+00:00\" \/>\n<meta property=\"og:image\" content=\"https:\/\/agenciainfra.com\/blog\/wp-content\/uploads\/2022\/08\/marcelo-sampaio-foto-ricardo-botelho-minfra.jpg\" \/>\n\t<meta property=\"og:image:width\" content=\"1280\" \/>\n\t<meta property=\"og:image:height\" content=\"854\" \/>\n\t<meta property=\"og:image:type\" content=\"image\/jpeg\" \/>\n<meta name=\"author\" content=\"Ag\u00eancia iNFRA\" \/>\n<meta name=\"twitter:card\" content=\"summary_large_image\" \/>\n<meta name=\"twitter:creator\" content=\"@agencia_infra\" \/>\n<meta name=\"twitter:site\" content=\"@agencia_infra\" \/>\n<meta name=\"twitter:label1\" content=\"Escrito por\" \/>\n\t<meta name=\"twitter:data1\" content=\"Ag\u00eancia iNFRA\" \/>\n\t<meta name=\"twitter:label2\" content=\"Est. tempo de leitura\" \/>\n\t<meta name=\"twitter:data2\" content=\"3 minutos\" \/>\n<script type=\"application\/ld+json\" class=\"yoast-schema-graph\">{\"@context\":\"https:\/\/schema.org\",\"@graph\":[{\"@type\":\"Article\",\"@id\":\"https:\/\/agenciainfra.com\/blog\/ministro-diz-que-prepara-73-ativos-para-serem-leiloados-em-2023-e-2024\/#article\",\"isPartOf\":{\"@id\":\"https:\/\/agenciainfra.com\/blog\/ministro-diz-que-prepara-73-ativos-para-serem-leiloados-em-2023-e-2024\/\"},\"author\":{\"name\":\"Ag\u00eancia iNFRA\",\"@id\":\"https:\/\/agenciainfra.com\/blog\/#\/schema\/person\/34af08dff6adea4cb22b06612ba7acfa\"},\"headline\":\"Ministro diz que prepara 73 ativos para serem leiloados em 2023 e 2024\",\"datePublished\":\"2022-08-20T12:00:00+00:00\",\"mainEntityOfPage\":{\"@id\":\"https:\/\/agenciainfra.com\/blog\/ministro-diz-que-prepara-73-ativos-para-serem-leiloados-em-2023-e-2024\/\"},\"wordCount\":645,\"publisher\":{\"@id\":\"https:\/\/agenciainfra.com\/blog\/#organization\"},\"image\":{\"@id\":\"https:\/\/agenciainfra.com\/blog\/ministro-diz-que-prepara-73-ativos-para-serem-leiloados-em-2023-e-2024\/#primaryimage\"},\"thumbnailUrl\":\"https:\/\/agenciainfra.com\/blog\/wp-content\/uploads\/2022\/08\/marcelo-sampaio-foto-ricardo-botelho-minfra.jpg\",\"keywords\":[\"7\u00aa Rodada de Concess\u00f5es Aeroportu\u00e1rias\",\"ANAC\",\"concess\u00f5es\",\"Infraestrutura\",\"Porto de Itaja\u00ed\",\"Porto de Santos\",\"Porto de S\u00e3o Sebasti\u00e3o\",\"S\u00e3o Gon\u00e7alo\",\"STS10\",\"STS53\"],\"articleSection\":[\"Geral\",\"iNFRATransporte\"],\"inLanguage\":\"pt-BR\",\"copyrightYear\":\"2022\",\"copyrightHolder\":{\"@id\":\"https:\/\/agenciainfra.com\/blog\/#organization\"}},{\"@type\":\"WebPage\",\"@id\":\"https:\/\/agenciainfra.com\/blog\/ministro-diz-que-prepara-73-ativos-para-serem-leiloados-em-2023-e-2024\/\",\"url\":\"https:\/\/agenciainfra.com\/blog\/ministro-diz-que-prepara-73-ativos-para-serem-leiloados-em-2023-e-2024\/\",\"name\":\"Ministro diz que prepara 73 ativos para serem leiloados em 2023 e 2024 - Ag\u00eancia iNFRA\",\"isPartOf\":{\"@id\":\"https:\/\/agenciainfra.com\/blog\/#website\"},\"primaryImageOfPage\":{\"@id\":\"https:\/\/agenciainfra.com\/blog\/ministro-diz-que-prepara-73-ativos-para-serem-leiloados-em-2023-e-2024\/#primaryimage\"},\"image\":{\"@id\":\"https:\/\/agenciainfra.com\/blog\/ministro-diz-que-prepara-73-ativos-para-serem-leiloados-em-2023-e-2024\/#primaryimage\"},\"thumbnailUrl\":\"https:\/\/agenciainfra.com\/blog\/wp-content\/uploads\/2022\/08\/marcelo-sampaio-foto-ricardo-botelho-minfra.jpg\",\"datePublished\":\"2022-08-20T12:00:00+00:00\",\"breadcrumb\":{\"@id\":\"https:\/\/agenciainfra.com\/blog\/ministro-diz-que-prepara-73-ativos-para-serem-leiloados-em-2023-e-2024\/#breadcrumb\"},\"inLanguage\":\"pt-BR\",\"potentialAction\":[{\"@type\":\"ReadAction\",\"target\":[\"https:\/\/agenciainfra.com\/blog\/ministro-diz-que-prepara-73-ativos-para-serem-leiloados-em-2023-e-2024\/\"]}]},{\"@type\":\"ImageObject\",\"inLanguage\":\"pt-BR\",\"@id\":\"https:\/\/agenciainfra.com\/blog\/ministro-diz-que-prepara-73-ativos-para-serem-leiloados-em-2023-e-2024\/#primaryimage\",\"url\":\"https:\/\/agenciainfra.com\/blog\/wp-content\/uploads\/2022\/08\/marcelo-sampaio-foto-ricardo-botelho-minfra.jpg\",\"contentUrl\":\"https:\/\/agenciainfra.com\/blog\/wp-content\/uploads\/2022\/08\/marcelo-sampaio-foto-ricardo-botelho-minfra.jpg\",\"width\":1280,\"height\":854},{\"@type\":\"BreadcrumbList\",\"@id\":\"https:\/\/agenciainfra.com\/blog\/ministro-diz-que-prepara-73-ativos-para-serem-leiloados-em-2023-e-2024\/#breadcrumb\",\"itemListElement\":[{\"@type\":\"ListItem\",\"position\":1,\"name\":\"In\u00edcio\",\"item\":\"https:\/\/agenciainfra.com\/blog\/\"},{\"@type\":\"ListItem\",\"position\":2,\"name\":\"Ministro diz que prepara 73 ativos para serem leiloados em 2023 e 2024\"}]},{\"@type\":\"WebSite\",\"@id\":\"https:\/\/agenciainfra.com\/blog\/#website\",\"url\":\"https:\/\/agenciainfra.com\/blog\/\",\"name\":\"Ag\u00eancia iNFRA\",\"description\":\"Multiplataforma de informa\u00e7\u00e3o jornal\u00edstica refer\u00eancia na \u00e1rea de infraestrutura no Brasil!\",\"publisher\":{\"@id\":\"https:\/\/agenciainfra.com\/blog\/#organization\"},\"potentialAction\":[{\"@type\":\"SearchAction\",\"target\":{\"@type\":\"EntryPoint\",\"urlTemplate\":\"https:\/\/agenciainfra.com\/blog\/?s={search_term_string}\"},\"query-input\":{\"@type\":\"PropertyValueSpecification\",\"valueRequired\":true,\"valueName\":\"search_term_string\"}}],\"inLanguage\":\"pt-BR\"},{\"@type\":\"Organization\",\"@id\":\"https:\/\/agenciainfra.com\/blog\/#organization\",\"name\":\"Ag\u00eancia iNFRA\",\"url\":\"https:\/\/agenciainfra.com\/blog\/\",\"logo\":{\"@type\":\"ImageObject\",\"inLanguage\":\"pt-BR\",\"@id\":\"https:\/\/agenciainfra.com\/blog\/#\/schema\/logo\/image\/\",\"url\":\"https:\/\/agenciainfra.com\/blog\/wp-content\/uploads\/2023\/09\/iNFRA_5-e1761735885940.png\",\"contentUrl\":\"https:\/\/agenciainfra.com\/blog\/wp-content\/uploads\/2023\/09\/iNFRA_5-e1761735885940.png\",\"width\":1672,\"height\":454,\"caption\":\"Ag\u00eancia iNFRA\"},\"image\":{\"@id\":\"https:\/\/agenciainfra.com\/blog\/#\/schema\/logo\/image\/\"},\"sameAs\":[\"https:\/\/www.facebook.com\/ageninfra\",\"https:\/\/x.com\/agencia_infra\",\"https:\/\/www.linkedin.com\/company\/ag\u00eanciainfra\/\",\"https:\/\/www.instagram.com\/agenciainfra\/\"]},{\"@type\":\"Person\",\"@id\":\"https:\/\/agenciainfra.com\/blog\/#\/schema\/person\/34af08dff6adea4cb22b06612ba7acfa\",\"name\":\"Ag\u00eancia iNFRA\",\"image\":{\"@type\":\"ImageObject\",\"inLanguage\":\"pt-BR\",\"@id\":\"https:\/\/agenciainfra.com\/blog\/#\/schema\/person\/image\/\",\"url\":\"https:\/\/secure.gravatar.com\/avatar\/d189e01678f06d8eb84d4e01f08eb848b3fffe3f8443818d3c356c66892f5be8?s=96&d=mm&r=g\",\"contentUrl\":\"https:\/\/secure.gravatar.com\/avatar\/d189e01678f06d8eb84d4e01f08eb848b3fffe3f8443818d3c356c66892f5be8?s=96&d=mm&r=g\",\"caption\":\"Ag\u00eancia iNFRA\"},\"url\":\"https:\/\/agenciainfra.com\/blog\/author\/admin\/\"}]}<\/script>\n<!-- \/ Yoast SEO Premium plugin. -->","yoast_head_json":{"title":"Ministro diz que prepara 73 ativos para serem leiloados em 2023 e 2024 - Ag\u00eancia iNFRA","robots":{"index":"index","follow":"follow","max-snippet":"max-snippet:-1","max-image-preview":"max-image-preview:large","max-video-preview":"max-video-preview:-1"},"canonical":"https:\/\/agenciainfra.com\/blog\/ministro-diz-que-prepara-73-ativos-para-serem-leiloados-em-2023-e-2024\/","og_locale":"pt_BR","og_type":"article","og_title":"Ministro diz que prepara 73 ativos para serem leiloados em 2023 e 2024","og_description":"da Ag\u00eancia iNFRA O ministro da Infraestrutura, Marcelo Sampaio, afirmou em coletiva ap\u00f3s o leil\u00e3o da 7\u00aa Rodada de Concess\u00f5es Aeroportu\u00e1rias, realizada na \u00faltima quinta-feira (18), que a pasta est\u00e1 trabalhando na estrutura\u00e7\u00e3o de 73 ativos para serem concedidos nos pr\u00f3ximos dois anos. Sampaio afirmou que o pa\u00eds vem h\u00e1 quatro d\u00e9cadas com um programa [&hellip;]","og_url":"https:\/\/agenciainfra.com\/blog\/ministro-diz-que-prepara-73-ativos-para-serem-leiloados-em-2023-e-2024\/","og_site_name":"Ag\u00eancia iNFRA","article_publisher":"https:\/\/www.facebook.com\/ageninfra","article_published_time":"2022-08-20T12:00:00+00:00","og_image":[{"width":1280,"height":854,"url":"https:\/\/agenciainfra.com\/blog\/wp-content\/uploads\/2022\/08\/marcelo-sampaio-foto-ricardo-botelho-minfra.jpg","type":"image\/jpeg"}],"author":"Ag\u00eancia iNFRA","twitter_card":"summary_large_image","twitter_creator":"@agencia_infra","twitter_site":"@agencia_infra","twitter_misc":{"Escrito por":"Ag\u00eancia iNFRA","Est. tempo de leitura":"3 minutos"},"schema":{"@context":"https:\/\/schema.org","@graph":[{"@type":"Article","@id":"https:\/\/agenciainfra.com\/blog\/ministro-diz-que-prepara-73-ativos-para-serem-leiloados-em-2023-e-2024\/#article","isPartOf":{"@id":"https:\/\/agenciainfra.com\/blog\/ministro-diz-que-prepara-73-ativos-para-serem-leiloados-em-2023-e-2024\/"},"author":{"name":"Ag\u00eancia iNFRA","@id":"https:\/\/agenciainfra.com\/blog\/#\/schema\/person\/34af08dff6adea4cb22b06612ba7acfa"},"headline":"Ministro diz que prepara 73 ativos para serem leiloados em 2023 e 2024","datePublished":"2022-08-20T12:00:00+00:00","mainEntityOfPage":{"@id":"https:\/\/agenciainfra.com\/blog\/ministro-diz-que-prepara-73-ativos-para-serem-leiloados-em-2023-e-2024\/"},"wordCount":645,"publisher":{"@id":"https:\/\/agenciainfra.com\/blog\/#organization"},"image":{"@id":"https:\/\/agenciainfra.com\/blog\/ministro-diz-que-prepara-73-ativos-para-serem-leiloados-em-2023-e-2024\/#primaryimage"},"thumbnailUrl":"https:\/\/agenciainfra.com\/blog\/wp-content\/uploads\/2022\/08\/marcelo-sampaio-foto-ricardo-botelho-minfra.jpg","keywords":["7\u00aa Rodada de Concess\u00f5es Aeroportu\u00e1rias","ANAC","concess\u00f5es","Infraestrutura","Porto de Itaja\u00ed","Porto de Santos","Porto de S\u00e3o Sebasti\u00e3o","S\u00e3o Gon\u00e7alo","STS10","STS53"],"articleSection":["Geral","iNFRATransporte"],"inLanguage":"pt-BR","copyrightYear":"2022","copyrightHolder":{"@id":"https:\/\/agenciainfra.com\/blog\/#organization"}},{"@type":"WebPage","@id":"https:\/\/agenciainfra.com\/blog\/ministro-diz-que-prepara-73-ativos-para-serem-leiloados-em-2023-e-2024\/","url":"https:\/\/agenciainfra.com\/blog\/ministro-diz-que-prepara-73-ativos-para-serem-leiloados-em-2023-e-2024\/","name":"Ministro diz que prepara 73 ativos para serem leiloados em 2023 e 2024 - Ag\u00eancia iNFRA","isPartOf":{"@id":"https:\/\/agenciainfra.com\/blog\/#website"},"primaryImageOfPage":{"@id":"https:\/\/agenciainfra.com\/blog\/ministro-diz-que-prepara-73-ativos-para-serem-leiloados-em-2023-e-2024\/#primaryimage"},"image":{"@id":"https:\/\/agenciainfra.com\/blog\/ministro-diz-que-prepara-73-ativos-para-serem-leiloados-em-2023-e-2024\/#primaryimage"},"thumbnailUrl":"https:\/\/agenciainfra.com\/blog\/wp-content\/uploads\/2022\/08\/marcelo-sampaio-foto-ricardo-botelho-minfra.jpg","datePublished":"2022-08-20T12:00:00+00:00","breadcrumb":{"@id":"https:\/\/agenciainfra.com\/blog\/ministro-diz-que-prepara-73-ativos-para-serem-leiloados-em-2023-e-2024\/#breadcrumb"},"inLanguage":"pt-BR","potentialAction":[{"@type":"ReadAction","target":["https:\/\/agenciainfra.com\/blog\/ministro-diz-que-prepara-73-ativos-para-serem-leiloados-em-2023-e-2024\/"]}]},{"@type":"ImageObject","inLanguage":"pt-BR","@id":"https:\/\/agenciainfra.com\/blog\/ministro-diz-que-prepara-73-ativos-para-serem-leiloados-em-2023-e-2024\/#primaryimage","url":"https:\/\/agenciainfra.com\/blog\/wp-content\/uploads\/2022\/08\/marcelo-sampaio-foto-ricardo-botelho-minfra.jpg","contentUrl":"https:\/\/agenciainfra.com\/blog\/wp-content\/uploads\/2022\/08\/marcelo-sampaio-foto-ricardo-botelho-minfra.jpg","width":1280,"height":854},{"@type":"BreadcrumbList","@id":"https:\/\/agenciainfra.com\/blog\/ministro-diz-que-prepara-73-ativos-para-serem-leiloados-em-2023-e-2024\/#breadcrumb","itemListElement":[{"@type":"ListItem","position":1,"name":"In\u00edcio","item":"https:\/\/agenciainfra.com\/blog\/"},{"@type":"ListItem","position":2,"name":"Ministro diz que prepara 73 ativos para serem leiloados em 2023 e 2024"}]},{"@type":"WebSite","@id":"https:\/\/agenciainfra.com\/blog\/#website","url":"https:\/\/agenciainfra.com\/blog\/","name":"Ag\u00eancia iNFRA","description":"Multiplataforma de informa\u00e7\u00e3o jornal\u00edstica refer\u00eancia na \u00e1rea de infraestrutura no Brasil!","publisher":{"@id":"https:\/\/agenciainfra.com\/blog\/#organization"},"potentialAction":[{"@type":"SearchAction","target":{"@type":"EntryPoint","urlTemplate":"https:\/\/agenciainfra.com\/blog\/?s={search_term_string}"},"query-input":{"@type":"PropertyValueSpecification","valueRequired":true,"valueName":"search_term_string"}}],"inLanguage":"pt-BR"},{"@type":"Organization","@id":"https:\/\/agenciainfra.com\/blog\/#organization","name":"Ag\u00eancia iNFRA","url":"https:\/\/agenciainfra.com\/blog\/","logo":{"@type":"ImageObject","inLanguage":"pt-BR","@id":"https:\/\/agenciainfra.com\/blog\/#\/schema\/logo\/image\/","url":"https:\/\/agenciainfra.com\/blog\/wp-content\/uploads\/2023\/09\/iNFRA_5-e1761735885940.png","contentUrl":"https:\/\/agenciainfra.com\/blog\/wp-content\/uploads\/2023\/09\/iNFRA_5-e1761735885940.png","width":1672,"height":454,"caption":"Ag\u00eancia iNFRA"},"image":{"@id":"https:\/\/agenciainfra.com\/blog\/#\/schema\/logo\/image\/"},"sameAs":["https:\/\/www.facebook.com\/ageninfra","https:\/\/x.com\/agencia_infra","https:\/\/www.linkedin.com\/company\/ag\u00eanciainfra\/","https:\/\/www.instagram.com\/agenciainfra\/"]},{"@type":"Person","@id":"https:\/\/agenciainfra.com\/blog\/#\/schema\/person\/34af08dff6adea4cb22b06612ba7acfa","name":"Ag\u00eancia iNFRA","image":{"@type":"ImageObject","inLanguage":"pt-BR","@id":"https:\/\/agenciainfra.com\/blog\/#\/schema\/person\/image\/","url":"https:\/\/secure.gravatar.com\/avatar\/d189e01678f06d8eb84d4e01f08eb848b3fffe3f8443818d3c356c66892f5be8?s=96&d=mm&r=g","contentUrl":"https:\/\/secure.gravatar.com\/avatar\/d189e01678f06d8eb84d4e01f08eb848b3fffe3f8443818d3c356c66892f5be8?s=96&d=mm&r=g","caption":"Ag\u00eancia iNFRA"},"url":"https:\/\/agenciainfra.com\/blog\/author\/admin\/"}]}},"_links":{"self":[{"href":"https:\/\/agenciainfra.com\/blog\/wp-json\/wp\/v2\/posts\/11122","targetHints":{"allow":["GET"]}}],"collection":[{"href":"https:\/\/agenciainfra.com\/blog\/wp-json\/wp\/v2\/posts"}],"about":[{"href":"https:\/\/agenciainfra.com\/blog\/wp-json\/wp\/v2\/types\/post"}],"author":[{"embeddable":true,"href":"https:\/\/agenciainfra.com\/blog\/wp-json\/wp\/v2\/users\/1"}],"replies":[{"embeddable":true,"href":"https:\/\/agenciainfra.com\/blog\/wp-json\/wp\/v2\/comments?post=11122"}],"version-history":[{"count":0,"href":"https:\/\/agenciainfra.com\/blog\/wp-json\/wp\/v2\/posts\/11122\/revisions"}],"wp:featuredmedia":[{"embeddable":true,"href":"https:\/\/agenciainfra.com\/blog\/wp-json\/wp\/v2\/media\/11123"}],"wp:attachment":[{"href":"https:\/\/agenciainfra.com\/blog\/wp-json\/wp\/v2\/media?parent=11122"}],"wp:term":[{"taxonomy":"category","embeddable":true,"href":"https:\/\/agenciainfra.com\/blog\/wp-json\/wp\/v2\/categories?post=11122"},{"taxonomy":"post_tag","embeddable":true,"href":"https:\/\/agenciainfra.com\/blog\/wp-json\/wp\/v2\/tags?post=11122"}],"curies":[{"name":"wp","href":"https:\/\/api.w.org\/{rel}","templated":true}]}}