{"id":11149,"date":"2022-08-24T09:00:00","date_gmt":"2022-08-24T12:00:00","guid":{"rendered":"https:\/\/www.agenciainfra.com\/blog\/?p=11149"},"modified":"2022-08-23T11:36:31","modified_gmt":"2022-08-23T14:36:31","slug":"capacitacao-de-pessoal-sera-foco-de-acordo-da-valec-com-empresa-dos-eua","status":"publish","type":"post","link":"https:\/\/agenciainfra.com\/blog\/capacitacao-de-pessoal-sera-foco-de-acordo-da-valec-com-empresa-dos-eua\/","title":{"rendered":"Capacita\u00e7\u00e3o de pessoal ser\u00e1 foco de acordo da Valec com empresa dos EUA"},"content":{"rendered":"\n<p class=\"has-text-align-right\"><strong>da\u00a0Ag\u00eancia iNFRA<\/strong><\/p>\n\n\n\n<p>A\u00a0capacita\u00e7\u00e3o\u00a0de\u00a0pessoal\u00a0para o setor de ferrovias\u00a0ser\u00e1\u00a0o\u00a0foco\u00a0inicial\u00a0dos\u00a0projetos de parceria entre a\u00a0Valec, estatal federal de ferrovias, e Ensco,\u00a0empresa\u00a0de servi\u00e7os ferrovi\u00e1rios com sede nos\u00a0EUA. Um memorando de entendimentos foi assinado entre as duas empresas nesta ter\u00e7a-feira (19), em Bras\u00edlia, para a execu\u00e7\u00e3o de projetos em parceria.<\/p>\n\n\n\n<p>A inten\u00e7\u00e3o do diretor-presidente&nbsp;da&nbsp;estatal, Andr\u00e9 Khun,&nbsp;\u00e9 iniciar o treinamento de servidores&nbsp;da&nbsp;empresa&nbsp;nos&nbsp;EUA&nbsp;para que eles possam trazer novos conhecimentos para desenvolver a \u00e1rea de ferrovia privada no pa\u00eds. Segundo ele, h\u00e1 preocupa\u00e7\u00e3o com escassez de m\u00e3o de obras para projetos do setor nos pr\u00f3ximos anos.<\/p>\n\n\n\n<p>Ivan Aragona, gerente&nbsp;da&nbsp;companhia&nbsp;dos&nbsp;EUA, diz que a ideia \u00e9 trazer para o Brasil mais conhecimento sobre ferrovias em diversas \u00e1reas, o que j\u00e1 \u00e9 especialidade&nbsp;da&nbsp;companhia que atua h\u00e1 mais de quatro d\u00e9cadas na presta\u00e7\u00e3o de servi\u00e7os ferrovi\u00e1rios l\u00e1 e tamb\u00e9m prestando servi\u00e7os para concession\u00e1rias no Brasil.&nbsp;<\/p>\n\n\n\n<p><strong>Trechos devolvidos<\/strong><br>Outro&nbsp;foco&nbsp;do&nbsp;acordo, segundo Aragona, \u00e9 na prepara\u00e7\u00e3o para que seja poss\u00edvel utilizar trechos devolvidos para novas ferrovias em modelo de short line para carga ou para transporte de passageiros. Segundo ele, \u00e9 preciso pensar em modos seguros para se aproveitar esses trechos hoje sem uso.<\/p>\n\n\n\n<p>Matthew Dick, chefe de estrat\u00e9gia e desenvolvimento&nbsp;da&nbsp;Ensco, que assinou o protocolo, disse que o Brasil est\u00e1 iniciando um momento que os&nbsp;EUA&nbsp;j\u00e1 vivenciaram d\u00e9cadas atr\u00e1s e a inten\u00e7\u00e3o&nbsp;da&nbsp;empresa&nbsp;\u00e9 colaborar para trazer os aprendizados&nbsp;da&nbsp;experi\u00eancia&nbsp;da&nbsp;libera\u00e7\u00e3o do setor ferrovi\u00e1rio para investimentos privados.<\/p>\n\n\n\n<p>O diretor-presidente&nbsp;da&nbsp;Valec&nbsp;explicou que o memorando deixa a possibilidade de v\u00e1rios tipos de acordos com a&nbsp;empresa&nbsp;dos&nbsp;EUA, como auxiliar na presta\u00e7\u00e3o de servi\u00e7os, por exemplo, e que cada caso vai ser analisado para que se tenha o tipo de contrato adequado.<\/p>\n\n\n\n<p>A&nbsp;Valec&nbsp;tem sido procurada por companhias privadas que solicitaram autoriza\u00e7\u00f5es para construir ferrovias no pa\u00eds no ano passado&nbsp;para apoi\u00e1-las na realiza\u00e7\u00e3o de estudos de tra\u00e7ado, projetos, an\u00e1lises ambientais e de desapropria\u00e7\u00f5es, entre outros servi\u00e7os. Um&nbsp;acordo&nbsp;j\u00e1 foi firmado este ano para apoiar a elabora\u00e7\u00e3o de projetos de uma das autorizat\u00e1rias.<\/p>\n\n\n\n<p>A estatal, que se caracterizou pela constru\u00e7\u00e3o de ferrovias desde sua cria\u00e7\u00e3o na d\u00e9cada de 1970, se prepara para uma nova fase em que vai incorporar a EPL (Empresa&nbsp;de Planejamento e Log\u00edstica) para ser uma companhia de apoio \u00e0 estrutura\u00e7\u00e3o e desenvolvimento de projetos de infraestrutura. A parte de constru\u00e7\u00e3o de ferrovias estatais passar\u00e1 a ser feita pelo DNIT (Departamento Nacional de Infraestrutura de Transportes).&nbsp;<\/p>\n\n\n\n<p>A assinatura do memorando foi precedida de um debate sobre o setor ferrovi\u00e1rio que contou com a presen\u00e7a do diretor de neg\u00f3cios&nbsp;da&nbsp;estatal, Alex Trevizan, do diretor-presidente&nbsp;da&nbsp;ANTF (Associa\u00e7\u00e3o Nacional&nbsp;dos&nbsp;Transportadores Ferrovi\u00e1rios), Fernando Paes, e&nbsp;da&nbsp;diretora-executiva&nbsp;da&nbsp;ANPTrilhos (Associa\u00e7\u00e3o Nacional&nbsp;dos&nbsp;Transportadores de Passageiros sobre Trilhos), Roberta Marchesi. A media\u00e7\u00e3o do encontro foi do editor-chefe&nbsp;da&nbsp;<strong>Ag\u00eancia iNFRA<\/strong>, Dimmi Amora.<\/p>\n","protected":false},"excerpt":{"rendered":"<p>da\u00a0Ag\u00eancia iNFRA A\u00a0capacita\u00e7\u00e3o\u00a0de\u00a0pessoal\u00a0para o setor de ferrovias\u00a0ser\u00e1\u00a0o\u00a0foco\u00a0inicial\u00a0dos\u00a0projetos de parceria entre a\u00a0Valec, estatal federal de ferrovias, e Ensco,\u00a0empresa\u00a0de servi\u00e7os ferrovi\u00e1rios com sede nos\u00a0EUA. Um memorando de entendimentos foi assinado entre as duas empresas nesta ter\u00e7a-feira (19), em Bras\u00edlia, para a execu\u00e7\u00e3o de projetos em parceria. A inten\u00e7\u00e3o do diretor-presidente&nbsp;da&nbsp;estatal, Andr\u00e9 Khun,&nbsp;\u00e9 iniciar o treinamento de servidores&nbsp;da&nbsp;empresa&nbsp;nos&nbsp;EUA&nbsp;para [&hellip;]<\/p>\n","protected":false},"author":1,"featured_media":6554,"comment_status":"closed","ping_status":"closed","sticky":false,"template":"","format":"standard","meta":{"_monsterinsights_skip_tracking":false,"_monsterinsights_sitenote_active":false,"_monsterinsights_sitenote_note":"","_monsterinsights_sitenote_category":0,"footnotes":""},"categories":[1,7],"tags":[59,5701,328,5700,252,3922,120,1958,664,3328,160],"class_list":["post-11149","post","type-post","status-publish","format-standard","has-post-thumbnail","hentry","category-geral","category-infratransporte","tag-antf","tag-capacitacao","tag-dnit","tag-ensco","tag-epl","tag-eua","tag-ferrovias","tag-passageiros","tag-planejamento","tag-short-line","tag-valec"],"yoast_head":"<!-- This site is optimized with the Yoast SEO Premium plugin v25.4 (Yoast SEO v26.0) - https:\/\/yoast.com\/wordpress\/plugins\/seo\/ -->\n<title>Capacita\u00e7\u00e3o de pessoal ser\u00e1 foco de acordo da Valec com empresa dos EUA - Ag\u00eancia iNFRA<\/title>\n<meta name=\"robots\" content=\"index, follow, max-snippet:-1, max-image-preview:large, max-video-preview:-1\" \/>\n<link rel=\"canonical\" href=\"https:\/\/agenciainfra.com\/blog\/capacitacao-de-pessoal-sera-foco-de-acordo-da-valec-com-empresa-dos-eua\/\" \/>\n<meta property=\"og:locale\" content=\"pt_BR\" \/>\n<meta property=\"og:type\" content=\"article\" \/>\n<meta property=\"og:title\" content=\"Capacita\u00e7\u00e3o de pessoal ser\u00e1 foco de acordo da Valec com empresa dos EUA\" \/>\n<meta property=\"og:description\" content=\"da\u00a0Ag\u00eancia iNFRA A\u00a0capacita\u00e7\u00e3o\u00a0de\u00a0pessoal\u00a0para o setor de ferrovias\u00a0ser\u00e1\u00a0o\u00a0foco\u00a0inicial\u00a0dos\u00a0projetos de parceria entre a\u00a0Valec, estatal federal de ferrovias, e Ensco,\u00a0empresa\u00a0de servi\u00e7os ferrovi\u00e1rios com sede nos\u00a0EUA. Um memorando de entendimentos foi assinado entre as duas empresas nesta ter\u00e7a-feira (19), em Bras\u00edlia, para a execu\u00e7\u00e3o de projetos em parceria. A inten\u00e7\u00e3o do diretor-presidente&nbsp;da&nbsp;estatal, Andr\u00e9 Khun,&nbsp;\u00e9 iniciar o treinamento de servidores&nbsp;da&nbsp;empresa&nbsp;nos&nbsp;EUA&nbsp;para [&hellip;]\" \/>\n<meta property=\"og:url\" content=\"https:\/\/agenciainfra.com\/blog\/capacitacao-de-pessoal-sera-foco-de-acordo-da-valec-com-empresa-dos-eua\/\" \/>\n<meta property=\"og:site_name\" content=\"Ag\u00eancia iNFRA\" \/>\n<meta property=\"article:publisher\" content=\"https:\/\/www.facebook.com\/ageninfra\" \/>\n<meta property=\"article:published_time\" content=\"2022-08-24T12:00:00+00:00\" \/>\n<meta property=\"og:image\" content=\"https:\/\/agenciainfra.com\/blog\/wp-content\/uploads\/2020\/12\/fiol-foto-gondiberto-filho-valec.jpg\" \/>\n\t<meta property=\"og:image:width\" content=\"1280\" \/>\n\t<meta property=\"og:image:height\" content=\"960\" \/>\n\t<meta property=\"og:image:type\" content=\"image\/jpeg\" \/>\n<meta name=\"author\" content=\"Ag\u00eancia iNFRA\" \/>\n<meta name=\"twitter:card\" content=\"summary_large_image\" \/>\n<meta name=\"twitter:creator\" content=\"@agencia_infra\" \/>\n<meta name=\"twitter:site\" content=\"@agencia_infra\" \/>\n<meta name=\"twitter:label1\" content=\"Escrito por\" \/>\n\t<meta name=\"twitter:data1\" content=\"Ag\u00eancia iNFRA\" \/>\n\t<meta name=\"twitter:label2\" content=\"Est. tempo de leitura\" \/>\n\t<meta name=\"twitter:data2\" content=\"3 minutos\" \/>\n<script type=\"application\/ld+json\" class=\"yoast-schema-graph\">{\"@context\":\"https:\/\/schema.org\",\"@graph\":[{\"@type\":\"Article\",\"@id\":\"https:\/\/agenciainfra.com\/blog\/capacitacao-de-pessoal-sera-foco-de-acordo-da-valec-com-empresa-dos-eua\/#article\",\"isPartOf\":{\"@id\":\"https:\/\/agenciainfra.com\/blog\/capacitacao-de-pessoal-sera-foco-de-acordo-da-valec-com-empresa-dos-eua\/\"},\"author\":{\"name\":\"Ag\u00eancia iNFRA\",\"@id\":\"https:\/\/agenciainfra.com\/blog\/#\/schema\/person\/34af08dff6adea4cb22b06612ba7acfa\"},\"headline\":\"Capacita\u00e7\u00e3o de pessoal ser\u00e1 foco de acordo da Valec com empresa dos EUA\",\"datePublished\":\"2022-08-24T12:00:00+00:00\",\"mainEntityOfPage\":{\"@id\":\"https:\/\/agenciainfra.com\/blog\/capacitacao-de-pessoal-sera-foco-de-acordo-da-valec-com-empresa-dos-eua\/\"},\"wordCount\":603,\"publisher\":{\"@id\":\"https:\/\/agenciainfra.com\/blog\/#organization\"},\"image\":{\"@id\":\"https:\/\/agenciainfra.com\/blog\/capacitacao-de-pessoal-sera-foco-de-acordo-da-valec-com-empresa-dos-eua\/#primaryimage\"},\"thumbnailUrl\":\"https:\/\/agenciainfra.com\/blog\/wp-content\/uploads\/2020\/12\/fiol-foto-gondiberto-filho-valec.jpg\",\"keywords\":[\"ANTF\",\"capacita\u00e7\u00e3o\",\"DNIT\",\"Ensco\",\"EPL\",\"EUA\",\"Ferrovias\",\"passageiros\",\"planejamento\",\"short line\",\"Valec\"],\"articleSection\":[\"Geral\",\"iNFRATransporte\"],\"inLanguage\":\"pt-BR\",\"copyrightYear\":\"2022\",\"copyrightHolder\":{\"@id\":\"https:\/\/agenciainfra.com\/blog\/#organization\"}},{\"@type\":\"WebPage\",\"@id\":\"https:\/\/agenciainfra.com\/blog\/capacitacao-de-pessoal-sera-foco-de-acordo-da-valec-com-empresa-dos-eua\/\",\"url\":\"https:\/\/agenciainfra.com\/blog\/capacitacao-de-pessoal-sera-foco-de-acordo-da-valec-com-empresa-dos-eua\/\",\"name\":\"Capacita\u00e7\u00e3o de pessoal ser\u00e1 foco de acordo da Valec com empresa dos EUA - Ag\u00eancia iNFRA\",\"isPartOf\":{\"@id\":\"https:\/\/agenciainfra.com\/blog\/#website\"},\"primaryImageOfPage\":{\"@id\":\"https:\/\/agenciainfra.com\/blog\/capacitacao-de-pessoal-sera-foco-de-acordo-da-valec-com-empresa-dos-eua\/#primaryimage\"},\"image\":{\"@id\":\"https:\/\/agenciainfra.com\/blog\/capacitacao-de-pessoal-sera-foco-de-acordo-da-valec-com-empresa-dos-eua\/#primaryimage\"},\"thumbnailUrl\":\"https:\/\/agenciainfra.com\/blog\/wp-content\/uploads\/2020\/12\/fiol-foto-gondiberto-filho-valec.jpg\",\"datePublished\":\"2022-08-24T12:00:00+00:00\",\"breadcrumb\":{\"@id\":\"https:\/\/agenciainfra.com\/blog\/capacitacao-de-pessoal-sera-foco-de-acordo-da-valec-com-empresa-dos-eua\/#breadcrumb\"},\"inLanguage\":\"pt-BR\",\"potentialAction\":[{\"@type\":\"ReadAction\",\"target\":[\"https:\/\/agenciainfra.com\/blog\/capacitacao-de-pessoal-sera-foco-de-acordo-da-valec-com-empresa-dos-eua\/\"]}]},{\"@type\":\"ImageObject\",\"inLanguage\":\"pt-BR\",\"@id\":\"https:\/\/agenciainfra.com\/blog\/capacitacao-de-pessoal-sera-foco-de-acordo-da-valec-com-empresa-dos-eua\/#primaryimage\",\"url\":\"https:\/\/agenciainfra.com\/blog\/wp-content\/uploads\/2020\/12\/fiol-foto-gondiberto-filho-valec.jpg\",\"contentUrl\":\"https:\/\/agenciainfra.com\/blog\/wp-content\/uploads\/2020\/12\/fiol-foto-gondiberto-filho-valec.jpg\",\"width\":1280,\"height\":960,\"caption\":\"Foto: Valec\"},{\"@type\":\"BreadcrumbList\",\"@id\":\"https:\/\/agenciainfra.com\/blog\/capacitacao-de-pessoal-sera-foco-de-acordo-da-valec-com-empresa-dos-eua\/#breadcrumb\",\"itemListElement\":[{\"@type\":\"ListItem\",\"position\":1,\"name\":\"In\u00edcio\",\"item\":\"https:\/\/agenciainfra.com\/blog\/\"},{\"@type\":\"ListItem\",\"position\":2,\"name\":\"Capacita\u00e7\u00e3o de pessoal ser\u00e1 foco de acordo da Valec com empresa dos EUA\"}]},{\"@type\":\"WebSite\",\"@id\":\"https:\/\/agenciainfra.com\/blog\/#website\",\"url\":\"https:\/\/agenciainfra.com\/blog\/\",\"name\":\"Ag\u00eancia iNFRA\",\"description\":\"Multiplataforma de informa\u00e7\u00e3o jornal\u00edstica refer\u00eancia na \u00e1rea de infraestrutura no Brasil!\",\"publisher\":{\"@id\":\"https:\/\/agenciainfra.com\/blog\/#organization\"},\"potentialAction\":[{\"@type\":\"SearchAction\",\"target\":{\"@type\":\"EntryPoint\",\"urlTemplate\":\"https:\/\/agenciainfra.com\/blog\/?s={search_term_string}\"},\"query-input\":{\"@type\":\"PropertyValueSpecification\",\"valueRequired\":true,\"valueName\":\"search_term_string\"}}],\"inLanguage\":\"pt-BR\"},{\"@type\":\"Organization\",\"@id\":\"https:\/\/agenciainfra.com\/blog\/#organization\",\"name\":\"Ag\u00eancia iNFRA\",\"url\":\"https:\/\/agenciainfra.com\/blog\/\",\"logo\":{\"@type\":\"ImageObject\",\"inLanguage\":\"pt-BR\",\"@id\":\"https:\/\/agenciainfra.com\/blog\/#\/schema\/logo\/image\/\",\"url\":\"https:\/\/agenciainfra.com\/blog\/wp-content\/uploads\/2023\/09\/iNFRA_5-e1761735885940.png\",\"contentUrl\":\"https:\/\/agenciainfra.com\/blog\/wp-content\/uploads\/2023\/09\/iNFRA_5-e1761735885940.png\",\"width\":1672,\"height\":454,\"caption\":\"Ag\u00eancia iNFRA\"},\"image\":{\"@id\":\"https:\/\/agenciainfra.com\/blog\/#\/schema\/logo\/image\/\"},\"sameAs\":[\"https:\/\/www.facebook.com\/ageninfra\",\"https:\/\/x.com\/agencia_infra\",\"https:\/\/www.linkedin.com\/company\/ag\u00eanciainfra\/\",\"https:\/\/www.instagram.com\/agenciainfra\/\"]},{\"@type\":\"Person\",\"@id\":\"https:\/\/agenciainfra.com\/blog\/#\/schema\/person\/34af08dff6adea4cb22b06612ba7acfa\",\"name\":\"Ag\u00eancia iNFRA\",\"image\":{\"@type\":\"ImageObject\",\"inLanguage\":\"pt-BR\",\"@id\":\"https:\/\/agenciainfra.com\/blog\/#\/schema\/person\/image\/\",\"url\":\"https:\/\/secure.gravatar.com\/avatar\/d189e01678f06d8eb84d4e01f08eb848b3fffe3f8443818d3c356c66892f5be8?s=96&d=mm&r=g\",\"contentUrl\":\"https:\/\/secure.gravatar.com\/avatar\/d189e01678f06d8eb84d4e01f08eb848b3fffe3f8443818d3c356c66892f5be8?s=96&d=mm&r=g\",\"caption\":\"Ag\u00eancia iNFRA\"},\"url\":\"https:\/\/agenciainfra.com\/blog\/author\/admin\/\"}]}<\/script>\n<!-- \/ Yoast SEO Premium plugin. -->","yoast_head_json":{"title":"Capacita\u00e7\u00e3o de pessoal ser\u00e1 foco de acordo da Valec com empresa dos EUA - Ag\u00eancia iNFRA","robots":{"index":"index","follow":"follow","max-snippet":"max-snippet:-1","max-image-preview":"max-image-preview:large","max-video-preview":"max-video-preview:-1"},"canonical":"https:\/\/agenciainfra.com\/blog\/capacitacao-de-pessoal-sera-foco-de-acordo-da-valec-com-empresa-dos-eua\/","og_locale":"pt_BR","og_type":"article","og_title":"Capacita\u00e7\u00e3o de pessoal ser\u00e1 foco de acordo da Valec com empresa dos EUA","og_description":"da\u00a0Ag\u00eancia iNFRA A\u00a0capacita\u00e7\u00e3o\u00a0de\u00a0pessoal\u00a0para o setor de ferrovias\u00a0ser\u00e1\u00a0o\u00a0foco\u00a0inicial\u00a0dos\u00a0projetos de parceria entre a\u00a0Valec, estatal federal de ferrovias, e Ensco,\u00a0empresa\u00a0de servi\u00e7os ferrovi\u00e1rios com sede nos\u00a0EUA. Um memorando de entendimentos foi assinado entre as duas empresas nesta ter\u00e7a-feira (19), em Bras\u00edlia, para a execu\u00e7\u00e3o de projetos em parceria. A inten\u00e7\u00e3o do diretor-presidente&nbsp;da&nbsp;estatal, Andr\u00e9 Khun,&nbsp;\u00e9 iniciar o treinamento de servidores&nbsp;da&nbsp;empresa&nbsp;nos&nbsp;EUA&nbsp;para [&hellip;]","og_url":"https:\/\/agenciainfra.com\/blog\/capacitacao-de-pessoal-sera-foco-de-acordo-da-valec-com-empresa-dos-eua\/","og_site_name":"Ag\u00eancia iNFRA","article_publisher":"https:\/\/www.facebook.com\/ageninfra","article_published_time":"2022-08-24T12:00:00+00:00","og_image":[{"width":1280,"height":960,"url":"https:\/\/agenciainfra.com\/blog\/wp-content\/uploads\/2020\/12\/fiol-foto-gondiberto-filho-valec.jpg","type":"image\/jpeg"}],"author":"Ag\u00eancia iNFRA","twitter_card":"summary_large_image","twitter_creator":"@agencia_infra","twitter_site":"@agencia_infra","twitter_misc":{"Escrito por":"Ag\u00eancia iNFRA","Est. tempo de leitura":"3 minutos"},"schema":{"@context":"https:\/\/schema.org","@graph":[{"@type":"Article","@id":"https:\/\/agenciainfra.com\/blog\/capacitacao-de-pessoal-sera-foco-de-acordo-da-valec-com-empresa-dos-eua\/#article","isPartOf":{"@id":"https:\/\/agenciainfra.com\/blog\/capacitacao-de-pessoal-sera-foco-de-acordo-da-valec-com-empresa-dos-eua\/"},"author":{"name":"Ag\u00eancia iNFRA","@id":"https:\/\/agenciainfra.com\/blog\/#\/schema\/person\/34af08dff6adea4cb22b06612ba7acfa"},"headline":"Capacita\u00e7\u00e3o de pessoal ser\u00e1 foco de acordo da Valec com empresa dos EUA","datePublished":"2022-08-24T12:00:00+00:00","mainEntityOfPage":{"@id":"https:\/\/agenciainfra.com\/blog\/capacitacao-de-pessoal-sera-foco-de-acordo-da-valec-com-empresa-dos-eua\/"},"wordCount":603,"publisher":{"@id":"https:\/\/agenciainfra.com\/blog\/#organization"},"image":{"@id":"https:\/\/agenciainfra.com\/blog\/capacitacao-de-pessoal-sera-foco-de-acordo-da-valec-com-empresa-dos-eua\/#primaryimage"},"thumbnailUrl":"https:\/\/agenciainfra.com\/blog\/wp-content\/uploads\/2020\/12\/fiol-foto-gondiberto-filho-valec.jpg","keywords":["ANTF","capacita\u00e7\u00e3o","DNIT","Ensco","EPL","EUA","Ferrovias","passageiros","planejamento","short line","Valec"],"articleSection":["Geral","iNFRATransporte"],"inLanguage":"pt-BR","copyrightYear":"2022","copyrightHolder":{"@id":"https:\/\/agenciainfra.com\/blog\/#organization"}},{"@type":"WebPage","@id":"https:\/\/agenciainfra.com\/blog\/capacitacao-de-pessoal-sera-foco-de-acordo-da-valec-com-empresa-dos-eua\/","url":"https:\/\/agenciainfra.com\/blog\/capacitacao-de-pessoal-sera-foco-de-acordo-da-valec-com-empresa-dos-eua\/","name":"Capacita\u00e7\u00e3o de pessoal ser\u00e1 foco de acordo da Valec com empresa dos EUA - Ag\u00eancia iNFRA","isPartOf":{"@id":"https:\/\/agenciainfra.com\/blog\/#website"},"primaryImageOfPage":{"@id":"https:\/\/agenciainfra.com\/blog\/capacitacao-de-pessoal-sera-foco-de-acordo-da-valec-com-empresa-dos-eua\/#primaryimage"},"image":{"@id":"https:\/\/agenciainfra.com\/blog\/capacitacao-de-pessoal-sera-foco-de-acordo-da-valec-com-empresa-dos-eua\/#primaryimage"},"thumbnailUrl":"https:\/\/agenciainfra.com\/blog\/wp-content\/uploads\/2020\/12\/fiol-foto-gondiberto-filho-valec.jpg","datePublished":"2022-08-24T12:00:00+00:00","breadcrumb":{"@id":"https:\/\/agenciainfra.com\/blog\/capacitacao-de-pessoal-sera-foco-de-acordo-da-valec-com-empresa-dos-eua\/#breadcrumb"},"inLanguage":"pt-BR","potentialAction":[{"@type":"ReadAction","target":["https:\/\/agenciainfra.com\/blog\/capacitacao-de-pessoal-sera-foco-de-acordo-da-valec-com-empresa-dos-eua\/"]}]},{"@type":"ImageObject","inLanguage":"pt-BR","@id":"https:\/\/agenciainfra.com\/blog\/capacitacao-de-pessoal-sera-foco-de-acordo-da-valec-com-empresa-dos-eua\/#primaryimage","url":"https:\/\/agenciainfra.com\/blog\/wp-content\/uploads\/2020\/12\/fiol-foto-gondiberto-filho-valec.jpg","contentUrl":"https:\/\/agenciainfra.com\/blog\/wp-content\/uploads\/2020\/12\/fiol-foto-gondiberto-filho-valec.jpg","width":1280,"height":960,"caption":"Foto: Valec"},{"@type":"BreadcrumbList","@id":"https:\/\/agenciainfra.com\/blog\/capacitacao-de-pessoal-sera-foco-de-acordo-da-valec-com-empresa-dos-eua\/#breadcrumb","itemListElement":[{"@type":"ListItem","position":1,"name":"In\u00edcio","item":"https:\/\/agenciainfra.com\/blog\/"},{"@type":"ListItem","position":2,"name":"Capacita\u00e7\u00e3o de pessoal ser\u00e1 foco de acordo da Valec com empresa dos EUA"}]},{"@type":"WebSite","@id":"https:\/\/agenciainfra.com\/blog\/#website","url":"https:\/\/agenciainfra.com\/blog\/","name":"Ag\u00eancia iNFRA","description":"Multiplataforma de informa\u00e7\u00e3o jornal\u00edstica refer\u00eancia na \u00e1rea de infraestrutura no Brasil!","publisher":{"@id":"https:\/\/agenciainfra.com\/blog\/#organization"},"potentialAction":[{"@type":"SearchAction","target":{"@type":"EntryPoint","urlTemplate":"https:\/\/agenciainfra.com\/blog\/?s={search_term_string}"},"query-input":{"@type":"PropertyValueSpecification","valueRequired":true,"valueName":"search_term_string"}}],"inLanguage":"pt-BR"},{"@type":"Organization","@id":"https:\/\/agenciainfra.com\/blog\/#organization","name":"Ag\u00eancia iNFRA","url":"https:\/\/agenciainfra.com\/blog\/","logo":{"@type":"ImageObject","inLanguage":"pt-BR","@id":"https:\/\/agenciainfra.com\/blog\/#\/schema\/logo\/image\/","url":"https:\/\/agenciainfra.com\/blog\/wp-content\/uploads\/2023\/09\/iNFRA_5-e1761735885940.png","contentUrl":"https:\/\/agenciainfra.com\/blog\/wp-content\/uploads\/2023\/09\/iNFRA_5-e1761735885940.png","width":1672,"height":454,"caption":"Ag\u00eancia iNFRA"},"image":{"@id":"https:\/\/agenciainfra.com\/blog\/#\/schema\/logo\/image\/"},"sameAs":["https:\/\/www.facebook.com\/ageninfra","https:\/\/x.com\/agencia_infra","https:\/\/www.linkedin.com\/company\/ag\u00eanciainfra\/","https:\/\/www.instagram.com\/agenciainfra\/"]},{"@type":"Person","@id":"https:\/\/agenciainfra.com\/blog\/#\/schema\/person\/34af08dff6adea4cb22b06612ba7acfa","name":"Ag\u00eancia iNFRA","image":{"@type":"ImageObject","inLanguage":"pt-BR","@id":"https:\/\/agenciainfra.com\/blog\/#\/schema\/person\/image\/","url":"https:\/\/secure.gravatar.com\/avatar\/d189e01678f06d8eb84d4e01f08eb848b3fffe3f8443818d3c356c66892f5be8?s=96&d=mm&r=g","contentUrl":"https:\/\/secure.gravatar.com\/avatar\/d189e01678f06d8eb84d4e01f08eb848b3fffe3f8443818d3c356c66892f5be8?s=96&d=mm&r=g","caption":"Ag\u00eancia iNFRA"},"url":"https:\/\/agenciainfra.com\/blog\/author\/admin\/"}]}},"_links":{"self":[{"href":"https:\/\/agenciainfra.com\/blog\/wp-json\/wp\/v2\/posts\/11149","targetHints":{"allow":["GET"]}}],"collection":[{"href":"https:\/\/agenciainfra.com\/blog\/wp-json\/wp\/v2\/posts"}],"about":[{"href":"https:\/\/agenciainfra.com\/blog\/wp-json\/wp\/v2\/types\/post"}],"author":[{"embeddable":true,"href":"https:\/\/agenciainfra.com\/blog\/wp-json\/wp\/v2\/users\/1"}],"replies":[{"embeddable":true,"href":"https:\/\/agenciainfra.com\/blog\/wp-json\/wp\/v2\/comments?post=11149"}],"version-history":[{"count":0,"href":"https:\/\/agenciainfra.com\/blog\/wp-json\/wp\/v2\/posts\/11149\/revisions"}],"wp:featuredmedia":[{"embeddable":true,"href":"https:\/\/agenciainfra.com\/blog\/wp-json\/wp\/v2\/media\/6554"}],"wp:attachment":[{"href":"https:\/\/agenciainfra.com\/blog\/wp-json\/wp\/v2\/media?parent=11149"}],"wp:term":[{"taxonomy":"category","embeddable":true,"href":"https:\/\/agenciainfra.com\/blog\/wp-json\/wp\/v2\/categories?post=11149"},{"taxonomy":"post_tag","embeddable":true,"href":"https:\/\/agenciainfra.com\/blog\/wp-json\/wp\/v2\/tags?post=11149"}],"curies":[{"name":"wp","href":"https:\/\/api.w.org\/{rel}","templated":true}]}}