{"id":11215,"date":"2022-09-01T11:00:00","date_gmt":"2022-09-01T14:00:00","guid":{"rendered":"https:\/\/www.agenciainfra.com\/blog\/?p=11215"},"modified":"2022-09-01T09:59:04","modified_gmt":"2022-09-01T12:59:04","slug":"governanca-aeroespacial-precisa-integrar-industria","status":"publish","type":"post","link":"https:\/\/agenciainfra.com\/blog\/governanca-aeroespacial-precisa-integrar-industria\/","title":{"rendered":"Governan\u00e7a aeroespacial precisa integrar ind\u00fastria"},"content":{"rendered":"\n<p class=\"has-text-align-right\"><strong>Geocracia<\/strong><\/p>\n\n\n\n<p>\u201cA origem de nosso setor aeroespacial fez surgir v\u00e1rios atores p\u00fablicos que necessitam ser integrados em objetivos e projetos comuns, de forma que possa haver sinergia entre as relevantes iniciativas de cada um desses atores.\u201d A opini\u00e3o \u00e9 de Carlos Eduardo Valle Rosa, coronel aviador da Reserva da FAB (For\u00e7a A\u00e9rea Brasileira) e autor do recente livro\u00a0<a href=\"https:\/\/www2.fab.mil.br\/unifa\/index.php\/ultimas-noticias\/496-lancamento-de-livro-na-universidade-da-forca-aerea-geopolitica-aeroespacial\"><strong><em>Geopol\u00edtica Aeroespacial: Conhecimento Geogr\u00e1fico e Abordagem Estrat\u00e9gica<\/em><\/strong><\/a>.<\/p>\n\n\n\n<p>Doutor em Geografia (Geopol\u00edtica) e mestre em Ci\u00eancias Aeroespaciais, Valle Rosa diz em entrevista \u00e0 Ag\u00eancia Geocracia que, apesar das dificuldades, \u201cexiste potencial nacional para o desenvolvimento de iniciativas no setor\u201d que posicionem o pa\u00eds adequadamente no contexto da geopol\u00edtica aeroespacial\u201d e que uma das sa\u00eddas \u00e9 contar com o aporte de empresas privadas para complementar o or\u00e7amento p\u00fablico.<\/p>\n\n\n\n<p>Acompanhe a seguir a entrevista na \u00edntegra.<\/p>\n\n\n\n<p><strong>Em seu livro, voc\u00ea formula o conceito geopol\u00edtica aeroespacial a partir do estudo da geografia e de vari\u00e1veis pol\u00edticas, econ\u00f4micas, tecnol\u00f3gicas e ideol\u00f3gicas. O que seria exatamente essa geopol\u00edtica aeroespacial? Quais s\u00e3o as aproxima\u00e7\u00f5es e as diferen\u00e7as com o conceito de astropol\u00edtica utilizado internacionalmente?<\/strong><\/p>\n\n\n\n<p>A quest\u00e3o central, e ao nosso ver inovadora, \u00e9 a incorpora\u00e7\u00e3o aos estudos geopol\u00edticos de uma nova perspectiva geogr\u00e1fica, cuja representa\u00e7\u00e3o se d\u00e1 no conceito de ambiente aeroespacial. Ele \u00e9 representado geograficamente pela conjuga\u00e7\u00e3o dos segmentos \u2018espa\u00e7o a\u00e9reo\u2019 e \u2018espa\u00e7o exterior\u2019, em um ambiente conjugado, caracterizado como um&nbsp;<em>continuum<\/em>, sem limite f\u00edsico. Por esse motivo, a abordagem que propomos diferencia-se dos estudos tradicionais da geopol\u00edtica do transporte a\u00e9reo ou da astropol\u00edtica, ambas voltadas a explorar quest\u00f5es espec\u00edficas dos segmentos geogr\u00e1ficos que estudam. Em grande parte, a abordagem conjugada proposta no conceito de ambiente aeroespacial \u00e9 sustentada por argumentos que integram esse espa\u00e7o geogr\u00e1fico, como por exemplo, a aus\u00eancia de limites legais estabelecidos na legisla\u00e7\u00e3o internacional, a exist\u00eancia de uma ind\u00fastria aeroespacial ou os desenvolvimentos tecnol\u00f3gicos que sugerem a exist\u00eancia de espa\u00e7oportos, ve\u00edculos que transitem pela atmosfera, atinjam camadas orbitais terrestres do espa\u00e7o exterior e retornem para o pouso controlado. &nbsp;&nbsp;<\/p>\n\n\n\n<p><strong>\u00c9 lugar comum, nos meios internacionais, dizer que neste in\u00edcio de s\u00e9culo os pa\u00edses se dividir\u00e3o entre aqueles que programam e os que ser\u00e3o programados. Como est\u00e1 o Brasil em termos de geopol\u00edtica aeroespacial e o que se pode esperar do pa\u00eds nesse sentido?<\/strong><\/p>\n\n\n\n<p>O cap\u00edtulo final do livro indica cen\u00e1rios para o desenvolvimento do setor aeroespacial brasileiro. Tratamos de perspectivas que v\u00e3o desde posturas competitivas at\u00e9 aquelas pass\u00edveis de coopera\u00e7\u00e3o internacional, como forma de inserir o Brasil no debate da geopol\u00edtica aeroespacial. Um dos problemas que os experts nacionais apontaram para a elabora\u00e7\u00e3o desses cen\u00e1rios foi a quest\u00e3o da governan\u00e7a. A origem de nosso setor aeroespacial fez surgir v\u00e1rios atores p\u00fablicos que necessitam ser integrados em objetivos e projetos comuns, de forma que possa haver sinergia entre as relevantes iniciativas de cada um desses atores. Por certo que a quest\u00e3o or\u00e7ament\u00e1ria tamb\u00e9m imp\u00f5e significativos desafios para as atividades desse setor. H\u00e1 uma expectativa geral que o fen\u00f4meno do&nbsp;<em>New Space<\/em>&nbsp;(uma forma de agregar a iniciativa privada aos projetos aeroespaciais) seja uma das solu\u00e7\u00f5es poss\u00edveis para lidar com a quest\u00e3o dos recursos para investimos, pois o aporte de empresas privadas complementar\u00e1 o or\u00e7amento p\u00fablico, que tem sido o esteio da atividade aeroespacial.<\/p>\n\n\n\n<p><strong>Apesar da grande voca\u00e7\u00e3o aeroespacial brasileira com cases como o ITA, a Embraer, a base aeroespacial em Alc\u00e2ntara e a pr\u00f3pria quest\u00e3o geogr\u00e1fica, h\u00e1 muitas cr\u00edticas sobre a lentid\u00e3o do pa\u00eds nessa mat\u00e9ria, com uma ind\u00fastria ainda incipiente e que j\u00e1 foi ultrapassada por outros pa\u00edses emergentes como a \u00cdndia. Temos tempo ainda?<\/strong><\/p>\n\n\n\n<p>O exemplo da ind\u00fastria aeron\u00e1utica brasileira \u00e9 peculiar para que tenhamos uma vis\u00e3o positiva em torno desse tema. Na d\u00e9cada de 1960, produzimos o Bandeirante, uma aeronave pequena, turbo\u00e9lice e com tecnologia incipiente. Nesse mesmo momento, voava no hemisf\u00e9rio Norte o Concorde, aeronave supers\u00f4nica, com tecnologia de ponta. Hoje, a Embraer produz aeronaves sofisticadas, no mesmo n\u00edvel tecnol\u00f3gico que as aeronaves dos principais concorrentes. O que esse relato demonstra \u00e9 que, apesar das dificuldades do percurso, existe potencial nacional para o desenvolvimento de iniciativas no setor aeroespacial que posicionem o pa\u00eds adequadamente no contexto da geopol\u00edtica aeroespacial. Acredito que um aspecto fundamental nessa trajet\u00f3ria ser\u00e1 a quest\u00e3o do\u00a0<em>soft power\u00a0<\/em>(poder de influenciar), que destaco em um dos cap\u00edtulos da obra. Essa quest\u00e3o nos remete \u00e0 educa\u00e7\u00e3o (b\u00e1sica e superior) como um dos sustent\u00e1culos para uma verdadeira ideologia aeroespacial, que proponha a compreens\u00e3o do ambiente aeroespacial como recept\u00e1culo de tecnologias essenciais para a nossa sociedade, como por exemplo a telemedicina ou a teleduca\u00e7\u00e3o.\u00a0 \u00a0\u00a0\u00a0<\/p>\n\n\n\n<p><strong>O pa\u00eds anunciou recentemente os primeiros parceiros privados que ir\u00e3o operar o CLA da Base de Alc\u00e2ntara. O que esperar desse modelo?<\/strong><\/p>\n\n\n\n<p>O Centro de Alc\u00e2ntara possui vantagens locacionais que o tornam um importante ativo nacional para o desenvolvimento do setor aeroespacial. A proximidade da Linha do Equador, para citar uma dessas vantagens, viabiliza menor consumo de combust\u00edvel do foguete lan\u00e7ador para atingir a velocidade necess\u00e1ria para se adentrar no espa\u00e7o exterior, consequentemente, permitindo mais carga \u00fatil a ser transportada. A possibilidade de comercializa\u00e7\u00e3o das instala\u00e7\u00f5es para eventuais interessados \u00e9 um passo importante em cen\u00e1rios de coopera\u00e7\u00e3o e deve ser estimulada. Al\u00e9m do mais, a expans\u00e3o dessa utiliza\u00e7\u00e3o comercial pode trazer recursos financeiros importantes para a continuidade ou desenvolvimentos de novos projetos no setor aeroespacial, exemplo que se encaixa naquilo que anteriormente chamamos de&nbsp;<em>New Space.<\/em><\/p>\n\n\n\n<p><strong>O mundo vive uma nova corrida espacial, agora protagonizada por empresas privadas e pela atividade da geoinforma\u00e7\u00e3o. Na sua elabora\u00e7\u00e3o de cen\u00e1rios para a geopol\u00edtica espacial brasileira, como v\u00ea o pa\u00eds inserido nessa nova fase da economia global?<\/strong><\/p>\n\n\n\n<p>A geoinforma\u00e7\u00e3o tem sido essencial para in\u00fameras atividades da nossa sociedade, tais como a melhor utiliza\u00e7\u00e3o dos solos na agricultura. Essa capacidade depende, essencialmente, dos sensores de v\u00e1rias naturezas incorporados aos sat\u00e9lites de monitoramento remoto. Hoje, j\u00e1 existem empresas privadas que comercializam imagens satelitais com diversos prop\u00f3sitos, inclusive para planejamentos de guerra, como tem sido observado no conflito recente entre a R\u00fassia e a Ucr\u00e2nia. Para o Brasil, como sugerem os especialistas consultados na elabora\u00e7\u00e3o dos cen\u00e1rios, h\u00e1 oportunidades que surgem de eventuais coopera\u00e7\u00f5es internacionais, algumas delas j\u00e1 em curso, como \u00e9 o caso de Alc\u00e2ntara ou no desenvolvimento de sat\u00e9lites. Contudo, existem, e cada vez mais ser\u00e3o demandadas, iniciativas voltadas para a seguran\u00e7a nacional que colocar\u00e3o o Brasil frente a cen\u00e1rios competitivos. Nosso pa\u00eds, e principalmente nossa popula\u00e7\u00e3o, precisa ter consci\u00eancia dessa necessidade. Na verdade, a obra Geopol\u00edtica Aeroespacial foi inspirada nas quest\u00f5es cl\u00e1ssicas dos geopol\u00edticos brasileiros pioneiros, que propuseram temas de grande relev\u00e2ncia, como a integra\u00e7\u00e3o nacional, o desenvolvimento socioecon\u00f4mico e a preserva\u00e7\u00e3o da soberania. A obra que coloco \u00e0 disposi\u00e7\u00e3o nada mais \u00e9 do que reposicionar essas quest\u00f5es \u00e0 luz de um novo espa\u00e7o geogr\u00e1fico \u2013 o ambiente aeroespacial \u2013, tridimensional por natureza, que passa a ser compreendido como o nosso verdadeiro entorno estrat\u00e9gico.<\/p>\n\n\n\n<p><strong>As opini\u00f5es dos autores n\u00e3o refletem necessariamente o pensamento da Ag\u00eancia iNFRA, sendo de total responsabilidade do autor as informa\u00e7\u00f5es, ju\u00edzos de valor e conceitos descritos no texto.<\/strong>    <\/p>\n","protected":false},"excerpt":{"rendered":"<p>Geocracia \u201cA origem de nosso setor aeroespacial fez surgir v\u00e1rios atores p\u00fablicos que necessitam ser integrados em objetivos e projetos comuns, de forma que possa haver sinergia entre as relevantes iniciativas de cada um desses atores.\u201d A opini\u00e3o \u00e9 de Carlos Eduardo Valle Rosa, coronel aviador da Reserva da FAB (For\u00e7a A\u00e9rea Brasileira) e autor [&hellip;]<\/p>\n","protected":false},"author":9,"featured_media":11216,"comment_status":"closed","ping_status":"closed","sticky":false,"template":"","format":"standard","meta":{"_monsterinsights_skip_tracking":false,"_monsterinsights_sitenote_active":false,"_monsterinsights_sitenote_note":"","_monsterinsights_sitenote_category":0,"footnotes":""},"categories":[1],"tags":[5749,2387,5747,5751,142,5748,5746,5750,362],"class_list":["post-11215","post","type-post","status-publish","format-standard","has-post-thumbnail","hentry","category-geral","tag-astropolitica","tag-base-de-alcantara","tag-carlos-eduardo-valle-rosa","tag-embraer","tag-geoinformacao","tag-geopolitica-aeroespacial","tag-governanca-aeroespacial","tag-new-space","tag-transporte-aereo"],"yoast_head":"<!-- This site is optimized with the Yoast SEO Premium plugin v25.4 (Yoast SEO v26.0) - https:\/\/yoast.com\/wordpress\/plugins\/seo\/ -->\n<title>Governan\u00e7a aeroespacial precisa integrar ind\u00fastria - Ag\u00eancia iNFRA<\/title>\n<meta name=\"robots\" content=\"index, follow, max-snippet:-1, max-image-preview:large, max-video-preview:-1\" \/>\n<link rel=\"canonical\" href=\"https:\/\/agenciainfra.com\/blog\/governanca-aeroespacial-precisa-integrar-industria\/\" \/>\n<meta property=\"og:locale\" content=\"pt_BR\" \/>\n<meta property=\"og:type\" content=\"article\" \/>\n<meta property=\"og:title\" content=\"Governan\u00e7a aeroespacial precisa integrar ind\u00fastria\" \/>\n<meta property=\"og:description\" content=\"Geocracia \u201cA origem de nosso setor aeroespacial fez surgir v\u00e1rios atores p\u00fablicos que necessitam ser integrados em objetivos e projetos comuns, de forma que possa haver sinergia entre as relevantes iniciativas de cada um desses atores.\u201d A opini\u00e3o \u00e9 de Carlos Eduardo Valle Rosa, coronel aviador da Reserva da FAB (For\u00e7a A\u00e9rea Brasileira) e autor [&hellip;]\" \/>\n<meta property=\"og:url\" content=\"https:\/\/agenciainfra.com\/blog\/governanca-aeroespacial-precisa-integrar-industria\/\" \/>\n<meta property=\"og:site_name\" content=\"Ag\u00eancia iNFRA\" \/>\n<meta property=\"article:publisher\" content=\"https:\/\/www.facebook.com\/ageninfra\" \/>\n<meta property=\"article:published_time\" content=\"2022-09-01T14:00:00+00:00\" \/>\n<meta property=\"og:image\" content=\"https:\/\/agenciainfra.com\/blog\/wp-content\/uploads\/2022\/09\/eduardo-valle-rosa-foto-hialy-braga.jpeg\" \/>\n\t<meta property=\"og:image:width\" content=\"1280\" \/>\n\t<meta property=\"og:image:height\" content=\"720\" \/>\n\t<meta property=\"og:image:type\" content=\"image\/jpeg\" \/>\n<meta name=\"author\" content=\"Rodrigo Zuquim\" \/>\n<meta name=\"twitter:card\" content=\"summary_large_image\" \/>\n<meta name=\"twitter:creator\" content=\"@agencia_infra\" \/>\n<meta name=\"twitter:site\" content=\"@agencia_infra\" \/>\n<meta name=\"twitter:label1\" content=\"Escrito por\" \/>\n\t<meta name=\"twitter:data1\" content=\"Rodrigo Zuquim\" \/>\n\t<meta name=\"twitter:label2\" content=\"Est. tempo de leitura\" \/>\n\t<meta name=\"twitter:data2\" content=\"7 minutos\" \/>\n<script type=\"application\/ld+json\" class=\"yoast-schema-graph\">{\"@context\":\"https:\/\/schema.org\",\"@graph\":[{\"@type\":\"Article\",\"@id\":\"https:\/\/agenciainfra.com\/blog\/governanca-aeroespacial-precisa-integrar-industria\/#article\",\"isPartOf\":{\"@id\":\"https:\/\/agenciainfra.com\/blog\/governanca-aeroespacial-precisa-integrar-industria\/\"},\"author\":{\"name\":\"Rodrigo Zuquim\",\"@id\":\"https:\/\/agenciainfra.com\/blog\/#\/schema\/person\/04dbb79bd6d8951f063da71f3e4c1eb1\"},\"headline\":\"Governan\u00e7a aeroespacial precisa integrar ind\u00fastria\",\"datePublished\":\"2022-09-01T14:00:00+00:00\",\"mainEntityOfPage\":{\"@id\":\"https:\/\/agenciainfra.com\/blog\/governanca-aeroespacial-precisa-integrar-industria\/\"},\"wordCount\":1321,\"publisher\":{\"@id\":\"https:\/\/agenciainfra.com\/blog\/#organization\"},\"image\":{\"@id\":\"https:\/\/agenciainfra.com\/blog\/governanca-aeroespacial-precisa-integrar-industria\/#primaryimage\"},\"thumbnailUrl\":\"https:\/\/agenciainfra.com\/blog\/wp-content\/uploads\/2022\/09\/eduardo-valle-rosa-foto-hialy-braga.jpeg\",\"keywords\":[\"astropol\u00edtica\",\"Base de Alc\u00e2ntara\",\"Carlos Eduardo Valle Rosa\",\"Embraer\",\"geoinforma\u00e7\u00e3o\",\"geopol\u00edtica aeroespacial\",\"governan\u00e7a aeroespacial\",\"New Space\",\"transporte a\u00e9reo\"],\"articleSection\":[\"Geral\"],\"inLanguage\":\"pt-BR\",\"copyrightYear\":\"2022\",\"copyrightHolder\":{\"@id\":\"https:\/\/agenciainfra.com\/blog\/#organization\"}},{\"@type\":\"WebPage\",\"@id\":\"https:\/\/agenciainfra.com\/blog\/governanca-aeroespacial-precisa-integrar-industria\/\",\"url\":\"https:\/\/agenciainfra.com\/blog\/governanca-aeroespacial-precisa-integrar-industria\/\",\"name\":\"Governan\u00e7a aeroespacial precisa integrar ind\u00fastria - Ag\u00eancia iNFRA\",\"isPartOf\":{\"@id\":\"https:\/\/agenciainfra.com\/blog\/#website\"},\"primaryImageOfPage\":{\"@id\":\"https:\/\/agenciainfra.com\/blog\/governanca-aeroespacial-precisa-integrar-industria\/#primaryimage\"},\"image\":{\"@id\":\"https:\/\/agenciainfra.com\/blog\/governanca-aeroespacial-precisa-integrar-industria\/#primaryimage\"},\"thumbnailUrl\":\"https:\/\/agenciainfra.com\/blog\/wp-content\/uploads\/2022\/09\/eduardo-valle-rosa-foto-hialy-braga.jpeg\",\"datePublished\":\"2022-09-01T14:00:00+00:00\",\"breadcrumb\":{\"@id\":\"https:\/\/agenciainfra.com\/blog\/governanca-aeroespacial-precisa-integrar-industria\/#breadcrumb\"},\"inLanguage\":\"pt-BR\",\"potentialAction\":[{\"@type\":\"ReadAction\",\"target\":[\"https:\/\/agenciainfra.com\/blog\/governanca-aeroespacial-precisa-integrar-industria\/\"]}]},{\"@type\":\"ImageObject\",\"inLanguage\":\"pt-BR\",\"@id\":\"https:\/\/agenciainfra.com\/blog\/governanca-aeroespacial-precisa-integrar-industria\/#primaryimage\",\"url\":\"https:\/\/agenciainfra.com\/blog\/wp-content\/uploads\/2022\/09\/eduardo-valle-rosa-foto-hialy-braga.jpeg\",\"contentUrl\":\"https:\/\/agenciainfra.com\/blog\/wp-content\/uploads\/2022\/09\/eduardo-valle-rosa-foto-hialy-braga.jpeg\",\"width\":1280,\"height\":720},{\"@type\":\"BreadcrumbList\",\"@id\":\"https:\/\/agenciainfra.com\/blog\/governanca-aeroespacial-precisa-integrar-industria\/#breadcrumb\",\"itemListElement\":[{\"@type\":\"ListItem\",\"position\":1,\"name\":\"In\u00edcio\",\"item\":\"https:\/\/agenciainfra.com\/blog\/\"},{\"@type\":\"ListItem\",\"position\":2,\"name\":\"Governan\u00e7a aeroespacial precisa integrar ind\u00fastria\"}]},{\"@type\":\"WebSite\",\"@id\":\"https:\/\/agenciainfra.com\/blog\/#website\",\"url\":\"https:\/\/agenciainfra.com\/blog\/\",\"name\":\"Ag\u00eancia iNFRA\",\"description\":\"Multiplataforma de informa\u00e7\u00e3o jornal\u00edstica refer\u00eancia na \u00e1rea de infraestrutura no Brasil!\",\"publisher\":{\"@id\":\"https:\/\/agenciainfra.com\/blog\/#organization\"},\"potentialAction\":[{\"@type\":\"SearchAction\",\"target\":{\"@type\":\"EntryPoint\",\"urlTemplate\":\"https:\/\/agenciainfra.com\/blog\/?s={search_term_string}\"},\"query-input\":{\"@type\":\"PropertyValueSpecification\",\"valueRequired\":true,\"valueName\":\"search_term_string\"}}],\"inLanguage\":\"pt-BR\"},{\"@type\":\"Organization\",\"@id\":\"https:\/\/agenciainfra.com\/blog\/#organization\",\"name\":\"Ag\u00eancia iNFRA\",\"url\":\"https:\/\/agenciainfra.com\/blog\/\",\"logo\":{\"@type\":\"ImageObject\",\"inLanguage\":\"pt-BR\",\"@id\":\"https:\/\/agenciainfra.com\/blog\/#\/schema\/logo\/image\/\",\"url\":\"https:\/\/agenciainfra.com\/blog\/wp-content\/uploads\/2023\/09\/iNFRA_5-e1761735885940.png\",\"contentUrl\":\"https:\/\/agenciainfra.com\/blog\/wp-content\/uploads\/2023\/09\/iNFRA_5-e1761735885940.png\",\"width\":1672,\"height\":454,\"caption\":\"Ag\u00eancia iNFRA\"},\"image\":{\"@id\":\"https:\/\/agenciainfra.com\/blog\/#\/schema\/logo\/image\/\"},\"sameAs\":[\"https:\/\/www.facebook.com\/ageninfra\",\"https:\/\/x.com\/agencia_infra\",\"https:\/\/www.linkedin.com\/company\/ag\u00eanciainfra\/\",\"https:\/\/www.instagram.com\/agenciainfra\/\"]},{\"@type\":\"Person\",\"@id\":\"https:\/\/agenciainfra.com\/blog\/#\/schema\/person\/04dbb79bd6d8951f063da71f3e4c1eb1\",\"name\":\"Rodrigo Zuquim\",\"image\":{\"@type\":\"ImageObject\",\"inLanguage\":\"pt-BR\",\"@id\":\"https:\/\/agenciainfra.com\/blog\/#\/schema\/person\/image\/\",\"url\":\"https:\/\/secure.gravatar.com\/avatar\/594abfe82761d620726242ff34ca472a705a4b97f16c790053a6b4c4035274d0?s=96&d=mm&r=g\",\"contentUrl\":\"https:\/\/secure.gravatar.com\/avatar\/594abfe82761d620726242ff34ca472a705a4b97f16c790053a6b4c4035274d0?s=96&d=mm&r=g\",\"caption\":\"Rodrigo Zuquim\"},\"url\":\"https:\/\/agenciainfra.com\/blog\/author\/rodrigo-zuquim\/\"}]}<\/script>\n<!-- \/ Yoast SEO Premium plugin. -->","yoast_head_json":{"title":"Governan\u00e7a aeroespacial precisa integrar ind\u00fastria - Ag\u00eancia iNFRA","robots":{"index":"index","follow":"follow","max-snippet":"max-snippet:-1","max-image-preview":"max-image-preview:large","max-video-preview":"max-video-preview:-1"},"canonical":"https:\/\/agenciainfra.com\/blog\/governanca-aeroespacial-precisa-integrar-industria\/","og_locale":"pt_BR","og_type":"article","og_title":"Governan\u00e7a aeroespacial precisa integrar ind\u00fastria","og_description":"Geocracia \u201cA origem de nosso setor aeroespacial fez surgir v\u00e1rios atores p\u00fablicos que necessitam ser integrados em objetivos e projetos comuns, de forma que possa haver sinergia entre as relevantes iniciativas de cada um desses atores.\u201d A opini\u00e3o \u00e9 de Carlos Eduardo Valle Rosa, coronel aviador da Reserva da FAB (For\u00e7a A\u00e9rea Brasileira) e autor [&hellip;]","og_url":"https:\/\/agenciainfra.com\/blog\/governanca-aeroespacial-precisa-integrar-industria\/","og_site_name":"Ag\u00eancia iNFRA","article_publisher":"https:\/\/www.facebook.com\/ageninfra","article_published_time":"2022-09-01T14:00:00+00:00","og_image":[{"width":1280,"height":720,"url":"https:\/\/agenciainfra.com\/blog\/wp-content\/uploads\/2022\/09\/eduardo-valle-rosa-foto-hialy-braga.jpeg","type":"image\/jpeg"}],"author":"Rodrigo Zuquim","twitter_card":"summary_large_image","twitter_creator":"@agencia_infra","twitter_site":"@agencia_infra","twitter_misc":{"Escrito por":"Rodrigo Zuquim","Est. tempo de leitura":"7 minutos"},"schema":{"@context":"https:\/\/schema.org","@graph":[{"@type":"Article","@id":"https:\/\/agenciainfra.com\/blog\/governanca-aeroespacial-precisa-integrar-industria\/#article","isPartOf":{"@id":"https:\/\/agenciainfra.com\/blog\/governanca-aeroespacial-precisa-integrar-industria\/"},"author":{"name":"Rodrigo Zuquim","@id":"https:\/\/agenciainfra.com\/blog\/#\/schema\/person\/04dbb79bd6d8951f063da71f3e4c1eb1"},"headline":"Governan\u00e7a aeroespacial precisa integrar ind\u00fastria","datePublished":"2022-09-01T14:00:00+00:00","mainEntityOfPage":{"@id":"https:\/\/agenciainfra.com\/blog\/governanca-aeroespacial-precisa-integrar-industria\/"},"wordCount":1321,"publisher":{"@id":"https:\/\/agenciainfra.com\/blog\/#organization"},"image":{"@id":"https:\/\/agenciainfra.com\/blog\/governanca-aeroespacial-precisa-integrar-industria\/#primaryimage"},"thumbnailUrl":"https:\/\/agenciainfra.com\/blog\/wp-content\/uploads\/2022\/09\/eduardo-valle-rosa-foto-hialy-braga.jpeg","keywords":["astropol\u00edtica","Base de Alc\u00e2ntara","Carlos Eduardo Valle Rosa","Embraer","geoinforma\u00e7\u00e3o","geopol\u00edtica aeroespacial","governan\u00e7a aeroespacial","New Space","transporte a\u00e9reo"],"articleSection":["Geral"],"inLanguage":"pt-BR","copyrightYear":"2022","copyrightHolder":{"@id":"https:\/\/agenciainfra.com\/blog\/#organization"}},{"@type":"WebPage","@id":"https:\/\/agenciainfra.com\/blog\/governanca-aeroespacial-precisa-integrar-industria\/","url":"https:\/\/agenciainfra.com\/blog\/governanca-aeroespacial-precisa-integrar-industria\/","name":"Governan\u00e7a aeroespacial precisa integrar ind\u00fastria - Ag\u00eancia iNFRA","isPartOf":{"@id":"https:\/\/agenciainfra.com\/blog\/#website"},"primaryImageOfPage":{"@id":"https:\/\/agenciainfra.com\/blog\/governanca-aeroespacial-precisa-integrar-industria\/#primaryimage"},"image":{"@id":"https:\/\/agenciainfra.com\/blog\/governanca-aeroespacial-precisa-integrar-industria\/#primaryimage"},"thumbnailUrl":"https:\/\/agenciainfra.com\/blog\/wp-content\/uploads\/2022\/09\/eduardo-valle-rosa-foto-hialy-braga.jpeg","datePublished":"2022-09-01T14:00:00+00:00","breadcrumb":{"@id":"https:\/\/agenciainfra.com\/blog\/governanca-aeroespacial-precisa-integrar-industria\/#breadcrumb"},"inLanguage":"pt-BR","potentialAction":[{"@type":"ReadAction","target":["https:\/\/agenciainfra.com\/blog\/governanca-aeroespacial-precisa-integrar-industria\/"]}]},{"@type":"ImageObject","inLanguage":"pt-BR","@id":"https:\/\/agenciainfra.com\/blog\/governanca-aeroespacial-precisa-integrar-industria\/#primaryimage","url":"https:\/\/agenciainfra.com\/blog\/wp-content\/uploads\/2022\/09\/eduardo-valle-rosa-foto-hialy-braga.jpeg","contentUrl":"https:\/\/agenciainfra.com\/blog\/wp-content\/uploads\/2022\/09\/eduardo-valle-rosa-foto-hialy-braga.jpeg","width":1280,"height":720},{"@type":"BreadcrumbList","@id":"https:\/\/agenciainfra.com\/blog\/governanca-aeroespacial-precisa-integrar-industria\/#breadcrumb","itemListElement":[{"@type":"ListItem","position":1,"name":"In\u00edcio","item":"https:\/\/agenciainfra.com\/blog\/"},{"@type":"ListItem","position":2,"name":"Governan\u00e7a aeroespacial precisa integrar ind\u00fastria"}]},{"@type":"WebSite","@id":"https:\/\/agenciainfra.com\/blog\/#website","url":"https:\/\/agenciainfra.com\/blog\/","name":"Ag\u00eancia iNFRA","description":"Multiplataforma de informa\u00e7\u00e3o jornal\u00edstica refer\u00eancia na \u00e1rea de infraestrutura no Brasil!","publisher":{"@id":"https:\/\/agenciainfra.com\/blog\/#organization"},"potentialAction":[{"@type":"SearchAction","target":{"@type":"EntryPoint","urlTemplate":"https:\/\/agenciainfra.com\/blog\/?s={search_term_string}"},"query-input":{"@type":"PropertyValueSpecification","valueRequired":true,"valueName":"search_term_string"}}],"inLanguage":"pt-BR"},{"@type":"Organization","@id":"https:\/\/agenciainfra.com\/blog\/#organization","name":"Ag\u00eancia iNFRA","url":"https:\/\/agenciainfra.com\/blog\/","logo":{"@type":"ImageObject","inLanguage":"pt-BR","@id":"https:\/\/agenciainfra.com\/blog\/#\/schema\/logo\/image\/","url":"https:\/\/agenciainfra.com\/blog\/wp-content\/uploads\/2023\/09\/iNFRA_5-e1761735885940.png","contentUrl":"https:\/\/agenciainfra.com\/blog\/wp-content\/uploads\/2023\/09\/iNFRA_5-e1761735885940.png","width":1672,"height":454,"caption":"Ag\u00eancia iNFRA"},"image":{"@id":"https:\/\/agenciainfra.com\/blog\/#\/schema\/logo\/image\/"},"sameAs":["https:\/\/www.facebook.com\/ageninfra","https:\/\/x.com\/agencia_infra","https:\/\/www.linkedin.com\/company\/ag\u00eanciainfra\/","https:\/\/www.instagram.com\/agenciainfra\/"]},{"@type":"Person","@id":"https:\/\/agenciainfra.com\/blog\/#\/schema\/person\/04dbb79bd6d8951f063da71f3e4c1eb1","name":"Rodrigo Zuquim","image":{"@type":"ImageObject","inLanguage":"pt-BR","@id":"https:\/\/agenciainfra.com\/blog\/#\/schema\/person\/image\/","url":"https:\/\/secure.gravatar.com\/avatar\/594abfe82761d620726242ff34ca472a705a4b97f16c790053a6b4c4035274d0?s=96&d=mm&r=g","contentUrl":"https:\/\/secure.gravatar.com\/avatar\/594abfe82761d620726242ff34ca472a705a4b97f16c790053a6b4c4035274d0?s=96&d=mm&r=g","caption":"Rodrigo Zuquim"},"url":"https:\/\/agenciainfra.com\/blog\/author\/rodrigo-zuquim\/"}]}},"_links":{"self":[{"href":"https:\/\/agenciainfra.com\/blog\/wp-json\/wp\/v2\/posts\/11215","targetHints":{"allow":["GET"]}}],"collection":[{"href":"https:\/\/agenciainfra.com\/blog\/wp-json\/wp\/v2\/posts"}],"about":[{"href":"https:\/\/agenciainfra.com\/blog\/wp-json\/wp\/v2\/types\/post"}],"author":[{"embeddable":true,"href":"https:\/\/agenciainfra.com\/blog\/wp-json\/wp\/v2\/users\/9"}],"replies":[{"embeddable":true,"href":"https:\/\/agenciainfra.com\/blog\/wp-json\/wp\/v2\/comments?post=11215"}],"version-history":[{"count":0,"href":"https:\/\/agenciainfra.com\/blog\/wp-json\/wp\/v2\/posts\/11215\/revisions"}],"wp:featuredmedia":[{"embeddable":true,"href":"https:\/\/agenciainfra.com\/blog\/wp-json\/wp\/v2\/media\/11216"}],"wp:attachment":[{"href":"https:\/\/agenciainfra.com\/blog\/wp-json\/wp\/v2\/media?parent=11215"}],"wp:term":[{"taxonomy":"category","embeddable":true,"href":"https:\/\/agenciainfra.com\/blog\/wp-json\/wp\/v2\/categories?post=11215"},{"taxonomy":"post_tag","embeddable":true,"href":"https:\/\/agenciainfra.com\/blog\/wp-json\/wp\/v2\/tags?post=11215"}],"curies":[{"name":"wp","href":"https:\/\/api.w.org\/{rel}","templated":true}]}}