{"id":11239,"date":"2022-09-05T09:00:00","date_gmt":"2022-09-05T12:00:00","guid":{"rendered":"https:\/\/www.agenciainfra.com\/blog\/?p=11239"},"modified":"2022-09-02T11:11:13","modified_gmt":"2022-09-02T14:11:13","slug":"reajuste-medio-nas-tarifas-de-energia-em-2023-sera-de-apenas-48-diz-thymos","status":"publish","type":"post","link":"https:\/\/agenciainfra.com\/blog\/reajuste-medio-nas-tarifas-de-energia-em-2023-sera-de-apenas-48-diz-thymos\/","title":{"rendered":"Reajuste m\u00e9dio nas tarifas de energia em 2023 ser\u00e1 de apenas 4,8%, diz Thymos"},"content":{"rendered":"\n<p class=\"has-text-align-right\"><strong>Alexandre Leoratti,&nbsp;da Ag\u00eancia iNFRA<\/strong><\/p>\n\n\n\n<p>O reajuste m\u00e9dio das tarifas de energia deve ficar em 4,8% em 2023, segundo c\u00e1lculos da Thymos Energia, consultoria do setor. Os fatores que devem segurar os \u00edndices em valores baixos s\u00e3o: a&nbsp;possibilidade de as distribuidoras ainda terem cr\u00e9ditos tribut\u00e1rios para devolver aos consumidores, o cen\u00e1rio hidrol\u00f3gico favor\u00e1vel para o primeiro semestre,&nbsp;um poss\u00edvel crescimento mais suave&nbsp;da CDE (Conta de Desenvolvimento Energ\u00e9tico) e a devolu\u00e7\u00e3o do saldo da conta de Itaipu.<br><br>Mesmo que ocorra um cen\u00e1rio mais adverso no mercado, a consultoria calcula que dificilmente o reajuste m\u00e9dio chegar\u00e1 a 10%. O principal motivo \u00e9 a devolu\u00e7\u00e3o dos cr\u00e9ditos do PIS\/Pasep e da Cofins pelas distribuidoras, estabelecida pela Lei 14.385\/2022.&nbsp;<br><br>\u201cAinda tem bastante cr\u00e9dito. Temos um caso diferente de distribuidora devolvendo esses cr\u00e9ditos desde 2020. Mas as outras companhias ainda t\u00eam cr\u00e9dito. Na nossa an\u00e1lise essa devolu\u00e7\u00e3o ainda \u00e9 poss\u00edvel de ser feita em 2023, impactando diretamente na tarifa\u201d, disse Ana Carolina Silva, head de tarifas da Thymos, \u00e0 <strong>Ag\u00eancia iNFRA<\/strong>.&nbsp;<br><br>O c\u00e1lculo do reajuste m\u00e9dio tarif\u00e1rio levou em conta que a ANEEL (Ag\u00eancia Nacional de Energia El\u00e9trica) continuar\u00e1 aplicando esses cr\u00e9ditos tribut\u00e1rios da mesma forma que aplicou em 2022. O c\u00e1lculo tamb\u00e9m considerou quest\u00f5es como a Conta-Covid e a Conta&nbsp;Escassez H\u00eddrica, a previs\u00e3o de infla\u00e7\u00e3o, a CDE,&nbsp;aportes recebidos pela Eletrobras na conta, redu\u00e7\u00e3o da tarifa de Itaipu e renegocia\u00e7\u00e3o de seu contrato, risco hidrol\u00f3gico, c\u00e2mbio e outros indicadores econ\u00f4micos.&nbsp;<br><br>\u201c\u00c9 claro que com uma&nbsp;infla\u00e7\u00e3o muito alta e com a&nbsp;explos\u00e3o do pre\u00e7o do petr\u00f3leo \u00e9 dif\u00edcil segurar. Mas, em anos normais, a ANEEL faz uma gest\u00e3o de tarifa analisando o que \u00e9 poss\u00edvel encaixar para ficar, normalmente, dentro de um teto de um d\u00edgito de aumento. Imaginamos que n\u00e3o deve passar de dois d\u00edgitos em 2023\u201d, afirmou Alexandre Viana, s\u00f3cio e diretor da Thymos Energia, \u00e0 <strong>iNFRA<\/strong>.<br><br><strong>Cen\u00e1rio adverso<\/strong><br>A possibilidade de um crescimento maior aconteceria em um cen\u00e1rio adverso, avalia Viana, com c\u00e2mbio ainda mais&nbsp;desvalorizado e quest\u00e3o hidrol\u00f3gica no patamar da crise h\u00eddrica de 2021.&nbsp;<br><br>\u201cUm cen\u00e1rio adverso seria desvaloriza\u00e7\u00e3o cambial, o que n\u00e3o acreditamos, e se a quest\u00e3o hidrol\u00f3gica se deteriorasse muito r\u00e1pido e voltasse a ter um cen\u00e1rio de 2021, de muito despacho t\u00e9rmico, o que analisamos como improv\u00e1vel, principalmente no primeiro semestre. Isso seria bastante problem\u00e1tico porque o pre\u00e7o dos combust\u00edveis est\u00e1 nas alturas, ent\u00e3o as t\u00e9rmicas sair\u00e3o com um pre\u00e7o muito mais alto do que em 2021\u201d, afirmou.&nbsp;<br><br>Sobre o c\u00e2mbio, Viana acredita que a maior parte da desvaloriza\u00e7\u00e3o j\u00e1 aconteceu e, em termos hidrol\u00f3gicos, a perspectiva \u00e9 que os reservat\u00f3rios comecem 2023 cheios. \u201cSe tiver problemas hidrol\u00f3gicos, isso seria s\u00f3 no segundo semestre. Come\u00e7ar o ano com os reservat\u00f3rios cheios ajuda em termos de tarifa porque impacta menos o PLD\u201d, disse.<br><br><strong>CDE<\/strong><br>Sobre o crescimento da CDE, a proje\u00e7\u00e3o da consultoria \u00e9 de que o reajuste em 2023 seja de 15,47%, passando de R$ 30,2 bilh\u00f5es para R$ 34,8 bilh\u00f5es.&nbsp;<br><br>\u201cA CDE n\u00e3o ter\u00e1 um crescimento como houve neste ano [2022], porque j\u00e1 est\u00e1 em um patamar alto. Neste ano, os reajustes foram um pouco altos, mas j\u00e1 est\u00e3o sendo bem amenizados por conta do cr\u00e9dito\u201d, afirmou Ana Carolina Silva.&nbsp;<br><br>Os valores da CDE est\u00e3o em expans\u00e3o. Em 2022, a conta sofreu um reajuste de 34,2% em rela\u00e7\u00e3o a 2021.<br><br>Os recursos da conta destinam-se \u00e0 universaliza\u00e7\u00e3o do acesso \u00e0 energia; concess\u00e3o de descontos da tarifa social de baixa renda; subs\u00eddios para produ\u00e7\u00e3o de energia termel\u00e9trica nos sistemas isolados, indeniza\u00e7\u00f5es de concess\u00f5es; subs\u00eddios ao carv\u00e3o mineral nacional, entre outras a\u00e7\u00f5es.&nbsp;<br><br><strong>Sandoval<\/strong><br>Ainda sobre a quest\u00e3o tarif\u00e1ria, o diretor-geral da ANEEL, Sandoval Feitosa, em reuni\u00e3o p\u00fablica da ag\u00eancia no dia 23 de agosto, afirmou que os empr\u00e9stimos da Conta-Covid, criada durante a pandemia, e da Conta Escassez H\u00eddrica, criada em 2021; o fim da devolu\u00e7\u00e3o dos cr\u00e9ditos do PIS e da Cofins e o reperfilamento da RBSE (Rede B\u00e1sica de Sistema Existente) causar\u00e3o um &#8220;efeito rebote&#8221; na tarifa a partir de 2023.&nbsp;<br><br>Feitosa afirmou que \u00e9 necess\u00e1rio avan\u00e7ar na discuss\u00e3o sobre novas fontes de receita para a CDE. Dentre elas, aportes do or\u00e7amento da Uni\u00e3o, recursos de b\u00f4nus de outorgas, ou ainda a negocia\u00e7\u00e3o do Anexo C de Itaipu, como formas de redu\u00e7\u00e3o das tarifas de energia, uma vez que a conta de subs\u00eddios embutida nas tarifas n\u00e3o para de crescer.<br><br>Segundo Viana, os aportes poderiam ajudar na tarifa, mas a discuss\u00e3o ainda precisa ser aprofundada.&nbsp;<br><br>\u201cSe a economia voltar a crescer e a carga do grid tamb\u00e9m, ter\u00edamos em um primeiro momento o maior aumento da CDE, mas depois ter\u00edamos um melhor rateio nisso. Sandoval defendeu aportes. \u00c9 uma discuss\u00e3o que ter\u00e1 que ser feita de forma mais s\u00e9ria. Se tivermos aportes, diminu\u00edmos as tarifas sim. \u00c9 algo que deve ganhar mais corpo nos pr\u00f3ximos anos. A discuss\u00e3o ainda est\u00e1 embrion\u00e1ria, mas n\u00e3o descarto que esse debate ocorra de forma cristalina nos pr\u00f3ximos anos\u201d, afirmou.<\/p>\n","protected":false},"excerpt":{"rendered":"<p>Alexandre Leoratti,&nbsp;da Ag\u00eancia iNFRA O reajuste m\u00e9dio das tarifas de energia deve ficar em 4,8% em 2023, segundo c\u00e1lculos da Thymos Energia, consultoria do setor. Os fatores que devem segurar os \u00edndices em valores baixos s\u00e3o: a&nbsp;possibilidade de as distribuidoras ainda terem cr\u00e9ditos tribut\u00e1rios para devolver aos consumidores, o cen\u00e1rio hidrol\u00f3gico favor\u00e1vel para o primeiro [&hellip;]<\/p>\n","protected":false},"author":1,"featured_media":7268,"comment_status":"closed","ping_status":"closed","sticky":false,"template":"","format":"standard","meta":{"_monsterinsights_skip_tracking":false,"_monsterinsights_sitenote_active":false,"_monsterinsights_sitenote_note":"","_monsterinsights_sitenote_category":0,"footnotes":""},"categories":[1,10],"tags":[53,56,5758,2256,4310,1949,282,4180,5759,574,3572,1856],"class_list":["post-11239","post","type-post","status-publish","format-standard","has-post-thumbnail","hentry","category-geral","category-infraenergia","tag-aneel","tag-cde","tag-cenario","tag-cofins","tag-consultoria","tag-conta-covid","tag-energia-eletrica","tag-pis-pasep","tag-previsao","tag-rbse","tag-reajuste","tag-thymos-energia"],"yoast_head":"<!-- This site is optimized with the Yoast SEO Premium plugin v25.4 (Yoast SEO v26.0) - https:\/\/yoast.com\/wordpress\/plugins\/seo\/ -->\n<title>Reajuste m\u00e9dio nas tarifas de energia em 2023 ser\u00e1 de apenas 4,8%, diz Thymos - Ag\u00eancia iNFRA<\/title>\n<meta name=\"robots\" content=\"index, follow, max-snippet:-1, max-image-preview:large, max-video-preview:-1\" \/>\n<link rel=\"canonical\" href=\"https:\/\/agenciainfra.com\/blog\/reajuste-medio-nas-tarifas-de-energia-em-2023-sera-de-apenas-48-diz-thymos\/\" \/>\n<meta property=\"og:locale\" content=\"pt_BR\" \/>\n<meta property=\"og:type\" content=\"article\" \/>\n<meta property=\"og:title\" content=\"Reajuste m\u00e9dio nas tarifas de energia em 2023 ser\u00e1 de apenas 4,8%, diz Thymos\" \/>\n<meta property=\"og:description\" content=\"Alexandre Leoratti,&nbsp;da Ag\u00eancia iNFRA O reajuste m\u00e9dio das tarifas de energia deve ficar em 4,8% em 2023, segundo c\u00e1lculos da Thymos Energia, consultoria do setor. Os fatores que devem segurar os \u00edndices em valores baixos s\u00e3o: a&nbsp;possibilidade de as distribuidoras ainda terem cr\u00e9ditos tribut\u00e1rios para devolver aos consumidores, o cen\u00e1rio hidrol\u00f3gico favor\u00e1vel para o primeiro [&hellip;]\" \/>\n<meta property=\"og:url\" content=\"https:\/\/agenciainfra.com\/blog\/reajuste-medio-nas-tarifas-de-energia-em-2023-sera-de-apenas-48-diz-thymos\/\" \/>\n<meta property=\"og:site_name\" content=\"Ag\u00eancia iNFRA\" \/>\n<meta property=\"article:publisher\" content=\"https:\/\/www.facebook.com\/ageninfra\" \/>\n<meta property=\"article:published_time\" content=\"2022-09-05T12:00:00+00:00\" \/>\n<meta property=\"og:image\" content=\"https:\/\/agenciainfra.com\/blog\/wp-content\/uploads\/2021\/05\/energia-torre.jpeg\" \/>\n\t<meta property=\"og:image:width\" content=\"1280\" \/>\n\t<meta property=\"og:image:height\" content=\"853\" \/>\n\t<meta property=\"og:image:type\" content=\"image\/jpeg\" \/>\n<meta name=\"author\" content=\"Ag\u00eancia iNFRA\" \/>\n<meta name=\"twitter:card\" content=\"summary_large_image\" \/>\n<meta name=\"twitter:creator\" content=\"@agencia_infra\" \/>\n<meta name=\"twitter:site\" content=\"@agencia_infra\" \/>\n<meta name=\"twitter:label1\" content=\"Escrito por\" \/>\n\t<meta name=\"twitter:data1\" content=\"Ag\u00eancia iNFRA\" \/>\n\t<meta name=\"twitter:label2\" content=\"Est. tempo de leitura\" \/>\n\t<meta name=\"twitter:data2\" content=\"5 minutos\" \/>\n<script type=\"application\/ld+json\" class=\"yoast-schema-graph\">{\"@context\":\"https:\/\/schema.org\",\"@graph\":[{\"@type\":\"Article\",\"@id\":\"https:\/\/agenciainfra.com\/blog\/reajuste-medio-nas-tarifas-de-energia-em-2023-sera-de-apenas-48-diz-thymos\/#article\",\"isPartOf\":{\"@id\":\"https:\/\/agenciainfra.com\/blog\/reajuste-medio-nas-tarifas-de-energia-em-2023-sera-de-apenas-48-diz-thymos\/\"},\"author\":{\"name\":\"Ag\u00eancia iNFRA\",\"@id\":\"https:\/\/agenciainfra.com\/blog\/#\/schema\/person\/34af08dff6adea4cb22b06612ba7acfa\"},\"headline\":\"Reajuste m\u00e9dio nas tarifas de energia em 2023 ser\u00e1 de apenas 4,8%, diz Thymos\",\"datePublished\":\"2022-09-05T12:00:00+00:00\",\"mainEntityOfPage\":{\"@id\":\"https:\/\/agenciainfra.com\/blog\/reajuste-medio-nas-tarifas-de-energia-em-2023-sera-de-apenas-48-diz-thymos\/\"},\"wordCount\":943,\"publisher\":{\"@id\":\"https:\/\/agenciainfra.com\/blog\/#organization\"},\"image\":{\"@id\":\"https:\/\/agenciainfra.com\/blog\/reajuste-medio-nas-tarifas-de-energia-em-2023-sera-de-apenas-48-diz-thymos\/#primaryimage\"},\"thumbnailUrl\":\"https:\/\/agenciainfra.com\/blog\/wp-content\/uploads\/2021\/05\/energia-torre.jpeg\",\"keywords\":[\"ANEEL\",\"CDE\",\"cen\u00e1rio\",\"Cofins\",\"consultoria\",\"Conta-Covid\",\"energia el\u00e9trica\",\"PIS\/Pasep\",\"previs\u00e3o\",\"RBSE\",\"reajuste\",\"Thymos Energia\"],\"articleSection\":[\"Geral\",\"iNFRAEnergia\"],\"inLanguage\":\"pt-BR\",\"copyrightYear\":\"2022\",\"copyrightHolder\":{\"@id\":\"https:\/\/agenciainfra.com\/blog\/#organization\"}},{\"@type\":\"WebPage\",\"@id\":\"https:\/\/agenciainfra.com\/blog\/reajuste-medio-nas-tarifas-de-energia-em-2023-sera-de-apenas-48-diz-thymos\/\",\"url\":\"https:\/\/agenciainfra.com\/blog\/reajuste-medio-nas-tarifas-de-energia-em-2023-sera-de-apenas-48-diz-thymos\/\",\"name\":\"Reajuste m\u00e9dio nas tarifas de energia em 2023 ser\u00e1 de apenas 4,8%, diz Thymos - Ag\u00eancia iNFRA\",\"isPartOf\":{\"@id\":\"https:\/\/agenciainfra.com\/blog\/#website\"},\"primaryImageOfPage\":{\"@id\":\"https:\/\/agenciainfra.com\/blog\/reajuste-medio-nas-tarifas-de-energia-em-2023-sera-de-apenas-48-diz-thymos\/#primaryimage\"},\"image\":{\"@id\":\"https:\/\/agenciainfra.com\/blog\/reajuste-medio-nas-tarifas-de-energia-em-2023-sera-de-apenas-48-diz-thymos\/#primaryimage\"},\"thumbnailUrl\":\"https:\/\/agenciainfra.com\/blog\/wp-content\/uploads\/2021\/05\/energia-torre.jpeg\",\"datePublished\":\"2022-09-05T12:00:00+00:00\",\"breadcrumb\":{\"@id\":\"https:\/\/agenciainfra.com\/blog\/reajuste-medio-nas-tarifas-de-energia-em-2023-sera-de-apenas-48-diz-thymos\/#breadcrumb\"},\"inLanguage\":\"pt-BR\",\"potentialAction\":[{\"@type\":\"ReadAction\",\"target\":[\"https:\/\/agenciainfra.com\/blog\/reajuste-medio-nas-tarifas-de-energia-em-2023-sera-de-apenas-48-diz-thymos\/\"]}]},{\"@type\":\"ImageObject\",\"inLanguage\":\"pt-BR\",\"@id\":\"https:\/\/agenciainfra.com\/blog\/reajuste-medio-nas-tarifas-de-energia-em-2023-sera-de-apenas-48-diz-thymos\/#primaryimage\",\"url\":\"https:\/\/agenciainfra.com\/blog\/wp-content\/uploads\/2021\/05\/energia-torre.jpeg\",\"contentUrl\":\"https:\/\/agenciainfra.com\/blog\/wp-content\/uploads\/2021\/05\/energia-torre.jpeg\",\"width\":1280,\"height\":853,\"caption\":\"Foto: Dom\u00ednio p\u00fablico\"},{\"@type\":\"BreadcrumbList\",\"@id\":\"https:\/\/agenciainfra.com\/blog\/reajuste-medio-nas-tarifas-de-energia-em-2023-sera-de-apenas-48-diz-thymos\/#breadcrumb\",\"itemListElement\":[{\"@type\":\"ListItem\",\"position\":1,\"name\":\"In\u00edcio\",\"item\":\"https:\/\/agenciainfra.com\/blog\/\"},{\"@type\":\"ListItem\",\"position\":2,\"name\":\"Reajuste m\u00e9dio nas tarifas de energia em 2023 ser\u00e1 de apenas 4,8%, diz Thymos\"}]},{\"@type\":\"WebSite\",\"@id\":\"https:\/\/agenciainfra.com\/blog\/#website\",\"url\":\"https:\/\/agenciainfra.com\/blog\/\",\"name\":\"Ag\u00eancia iNFRA\",\"description\":\"Multiplataforma de informa\u00e7\u00e3o jornal\u00edstica refer\u00eancia na \u00e1rea de infraestrutura no Brasil!\",\"publisher\":{\"@id\":\"https:\/\/agenciainfra.com\/blog\/#organization\"},\"potentialAction\":[{\"@type\":\"SearchAction\",\"target\":{\"@type\":\"EntryPoint\",\"urlTemplate\":\"https:\/\/agenciainfra.com\/blog\/?s={search_term_string}\"},\"query-input\":{\"@type\":\"PropertyValueSpecification\",\"valueRequired\":true,\"valueName\":\"search_term_string\"}}],\"inLanguage\":\"pt-BR\"},{\"@type\":\"Organization\",\"@id\":\"https:\/\/agenciainfra.com\/blog\/#organization\",\"name\":\"Ag\u00eancia iNFRA\",\"url\":\"https:\/\/agenciainfra.com\/blog\/\",\"logo\":{\"@type\":\"ImageObject\",\"inLanguage\":\"pt-BR\",\"@id\":\"https:\/\/agenciainfra.com\/blog\/#\/schema\/logo\/image\/\",\"url\":\"https:\/\/agenciainfra.com\/blog\/wp-content\/uploads\/2023\/09\/iNFRA_5-e1761735885940.png\",\"contentUrl\":\"https:\/\/agenciainfra.com\/blog\/wp-content\/uploads\/2023\/09\/iNFRA_5-e1761735885940.png\",\"width\":1672,\"height\":454,\"caption\":\"Ag\u00eancia iNFRA\"},\"image\":{\"@id\":\"https:\/\/agenciainfra.com\/blog\/#\/schema\/logo\/image\/\"},\"sameAs\":[\"https:\/\/www.facebook.com\/ageninfra\",\"https:\/\/x.com\/agencia_infra\",\"https:\/\/www.linkedin.com\/company\/ag\u00eanciainfra\/\",\"https:\/\/www.instagram.com\/agenciainfra\/\"]},{\"@type\":\"Person\",\"@id\":\"https:\/\/agenciainfra.com\/blog\/#\/schema\/person\/34af08dff6adea4cb22b06612ba7acfa\",\"name\":\"Ag\u00eancia iNFRA\",\"image\":{\"@type\":\"ImageObject\",\"inLanguage\":\"pt-BR\",\"@id\":\"https:\/\/agenciainfra.com\/blog\/#\/schema\/person\/image\/\",\"url\":\"https:\/\/secure.gravatar.com\/avatar\/d189e01678f06d8eb84d4e01f08eb848b3fffe3f8443818d3c356c66892f5be8?s=96&d=mm&r=g\",\"contentUrl\":\"https:\/\/secure.gravatar.com\/avatar\/d189e01678f06d8eb84d4e01f08eb848b3fffe3f8443818d3c356c66892f5be8?s=96&d=mm&r=g\",\"caption\":\"Ag\u00eancia iNFRA\"},\"url\":\"https:\/\/agenciainfra.com\/blog\/author\/admin\/\"}]}<\/script>\n<!-- \/ Yoast SEO Premium plugin. -->","yoast_head_json":{"title":"Reajuste m\u00e9dio nas tarifas de energia em 2023 ser\u00e1 de apenas 4,8%, diz Thymos - Ag\u00eancia iNFRA","robots":{"index":"index","follow":"follow","max-snippet":"max-snippet:-1","max-image-preview":"max-image-preview:large","max-video-preview":"max-video-preview:-1"},"canonical":"https:\/\/agenciainfra.com\/blog\/reajuste-medio-nas-tarifas-de-energia-em-2023-sera-de-apenas-48-diz-thymos\/","og_locale":"pt_BR","og_type":"article","og_title":"Reajuste m\u00e9dio nas tarifas de energia em 2023 ser\u00e1 de apenas 4,8%, diz Thymos","og_description":"Alexandre Leoratti,&nbsp;da Ag\u00eancia iNFRA O reajuste m\u00e9dio das tarifas de energia deve ficar em 4,8% em 2023, segundo c\u00e1lculos da Thymos Energia, consultoria do setor. Os fatores que devem segurar os \u00edndices em valores baixos s\u00e3o: a&nbsp;possibilidade de as distribuidoras ainda terem cr\u00e9ditos tribut\u00e1rios para devolver aos consumidores, o cen\u00e1rio hidrol\u00f3gico favor\u00e1vel para o primeiro [&hellip;]","og_url":"https:\/\/agenciainfra.com\/blog\/reajuste-medio-nas-tarifas-de-energia-em-2023-sera-de-apenas-48-diz-thymos\/","og_site_name":"Ag\u00eancia iNFRA","article_publisher":"https:\/\/www.facebook.com\/ageninfra","article_published_time":"2022-09-05T12:00:00+00:00","og_image":[{"width":1280,"height":853,"url":"https:\/\/agenciainfra.com\/blog\/wp-content\/uploads\/2021\/05\/energia-torre.jpeg","type":"image\/jpeg"}],"author":"Ag\u00eancia iNFRA","twitter_card":"summary_large_image","twitter_creator":"@agencia_infra","twitter_site":"@agencia_infra","twitter_misc":{"Escrito por":"Ag\u00eancia iNFRA","Est. tempo de leitura":"5 minutos"},"schema":{"@context":"https:\/\/schema.org","@graph":[{"@type":"Article","@id":"https:\/\/agenciainfra.com\/blog\/reajuste-medio-nas-tarifas-de-energia-em-2023-sera-de-apenas-48-diz-thymos\/#article","isPartOf":{"@id":"https:\/\/agenciainfra.com\/blog\/reajuste-medio-nas-tarifas-de-energia-em-2023-sera-de-apenas-48-diz-thymos\/"},"author":{"name":"Ag\u00eancia iNFRA","@id":"https:\/\/agenciainfra.com\/blog\/#\/schema\/person\/34af08dff6adea4cb22b06612ba7acfa"},"headline":"Reajuste m\u00e9dio nas tarifas de energia em 2023 ser\u00e1 de apenas 4,8%, diz Thymos","datePublished":"2022-09-05T12:00:00+00:00","mainEntityOfPage":{"@id":"https:\/\/agenciainfra.com\/blog\/reajuste-medio-nas-tarifas-de-energia-em-2023-sera-de-apenas-48-diz-thymos\/"},"wordCount":943,"publisher":{"@id":"https:\/\/agenciainfra.com\/blog\/#organization"},"image":{"@id":"https:\/\/agenciainfra.com\/blog\/reajuste-medio-nas-tarifas-de-energia-em-2023-sera-de-apenas-48-diz-thymos\/#primaryimage"},"thumbnailUrl":"https:\/\/agenciainfra.com\/blog\/wp-content\/uploads\/2021\/05\/energia-torre.jpeg","keywords":["ANEEL","CDE","cen\u00e1rio","Cofins","consultoria","Conta-Covid","energia el\u00e9trica","PIS\/Pasep","previs\u00e3o","RBSE","reajuste","Thymos Energia"],"articleSection":["Geral","iNFRAEnergia"],"inLanguage":"pt-BR","copyrightYear":"2022","copyrightHolder":{"@id":"https:\/\/agenciainfra.com\/blog\/#organization"}},{"@type":"WebPage","@id":"https:\/\/agenciainfra.com\/blog\/reajuste-medio-nas-tarifas-de-energia-em-2023-sera-de-apenas-48-diz-thymos\/","url":"https:\/\/agenciainfra.com\/blog\/reajuste-medio-nas-tarifas-de-energia-em-2023-sera-de-apenas-48-diz-thymos\/","name":"Reajuste m\u00e9dio nas tarifas de energia em 2023 ser\u00e1 de apenas 4,8%, diz Thymos - Ag\u00eancia iNFRA","isPartOf":{"@id":"https:\/\/agenciainfra.com\/blog\/#website"},"primaryImageOfPage":{"@id":"https:\/\/agenciainfra.com\/blog\/reajuste-medio-nas-tarifas-de-energia-em-2023-sera-de-apenas-48-diz-thymos\/#primaryimage"},"image":{"@id":"https:\/\/agenciainfra.com\/blog\/reajuste-medio-nas-tarifas-de-energia-em-2023-sera-de-apenas-48-diz-thymos\/#primaryimage"},"thumbnailUrl":"https:\/\/agenciainfra.com\/blog\/wp-content\/uploads\/2021\/05\/energia-torre.jpeg","datePublished":"2022-09-05T12:00:00+00:00","breadcrumb":{"@id":"https:\/\/agenciainfra.com\/blog\/reajuste-medio-nas-tarifas-de-energia-em-2023-sera-de-apenas-48-diz-thymos\/#breadcrumb"},"inLanguage":"pt-BR","potentialAction":[{"@type":"ReadAction","target":["https:\/\/agenciainfra.com\/blog\/reajuste-medio-nas-tarifas-de-energia-em-2023-sera-de-apenas-48-diz-thymos\/"]}]},{"@type":"ImageObject","inLanguage":"pt-BR","@id":"https:\/\/agenciainfra.com\/blog\/reajuste-medio-nas-tarifas-de-energia-em-2023-sera-de-apenas-48-diz-thymos\/#primaryimage","url":"https:\/\/agenciainfra.com\/blog\/wp-content\/uploads\/2021\/05\/energia-torre.jpeg","contentUrl":"https:\/\/agenciainfra.com\/blog\/wp-content\/uploads\/2021\/05\/energia-torre.jpeg","width":1280,"height":853,"caption":"Foto: Dom\u00ednio p\u00fablico"},{"@type":"BreadcrumbList","@id":"https:\/\/agenciainfra.com\/blog\/reajuste-medio-nas-tarifas-de-energia-em-2023-sera-de-apenas-48-diz-thymos\/#breadcrumb","itemListElement":[{"@type":"ListItem","position":1,"name":"In\u00edcio","item":"https:\/\/agenciainfra.com\/blog\/"},{"@type":"ListItem","position":2,"name":"Reajuste m\u00e9dio nas tarifas de energia em 2023 ser\u00e1 de apenas 4,8%, diz Thymos"}]},{"@type":"WebSite","@id":"https:\/\/agenciainfra.com\/blog\/#website","url":"https:\/\/agenciainfra.com\/blog\/","name":"Ag\u00eancia iNFRA","description":"Multiplataforma de informa\u00e7\u00e3o jornal\u00edstica refer\u00eancia na \u00e1rea de infraestrutura no Brasil!","publisher":{"@id":"https:\/\/agenciainfra.com\/blog\/#organization"},"potentialAction":[{"@type":"SearchAction","target":{"@type":"EntryPoint","urlTemplate":"https:\/\/agenciainfra.com\/blog\/?s={search_term_string}"},"query-input":{"@type":"PropertyValueSpecification","valueRequired":true,"valueName":"search_term_string"}}],"inLanguage":"pt-BR"},{"@type":"Organization","@id":"https:\/\/agenciainfra.com\/blog\/#organization","name":"Ag\u00eancia iNFRA","url":"https:\/\/agenciainfra.com\/blog\/","logo":{"@type":"ImageObject","inLanguage":"pt-BR","@id":"https:\/\/agenciainfra.com\/blog\/#\/schema\/logo\/image\/","url":"https:\/\/agenciainfra.com\/blog\/wp-content\/uploads\/2023\/09\/iNFRA_5-e1761735885940.png","contentUrl":"https:\/\/agenciainfra.com\/blog\/wp-content\/uploads\/2023\/09\/iNFRA_5-e1761735885940.png","width":1672,"height":454,"caption":"Ag\u00eancia iNFRA"},"image":{"@id":"https:\/\/agenciainfra.com\/blog\/#\/schema\/logo\/image\/"},"sameAs":["https:\/\/www.facebook.com\/ageninfra","https:\/\/x.com\/agencia_infra","https:\/\/www.linkedin.com\/company\/ag\u00eanciainfra\/","https:\/\/www.instagram.com\/agenciainfra\/"]},{"@type":"Person","@id":"https:\/\/agenciainfra.com\/blog\/#\/schema\/person\/34af08dff6adea4cb22b06612ba7acfa","name":"Ag\u00eancia iNFRA","image":{"@type":"ImageObject","inLanguage":"pt-BR","@id":"https:\/\/agenciainfra.com\/blog\/#\/schema\/person\/image\/","url":"https:\/\/secure.gravatar.com\/avatar\/d189e01678f06d8eb84d4e01f08eb848b3fffe3f8443818d3c356c66892f5be8?s=96&d=mm&r=g","contentUrl":"https:\/\/secure.gravatar.com\/avatar\/d189e01678f06d8eb84d4e01f08eb848b3fffe3f8443818d3c356c66892f5be8?s=96&d=mm&r=g","caption":"Ag\u00eancia iNFRA"},"url":"https:\/\/agenciainfra.com\/blog\/author\/admin\/"}]}},"_links":{"self":[{"href":"https:\/\/agenciainfra.com\/blog\/wp-json\/wp\/v2\/posts\/11239","targetHints":{"allow":["GET"]}}],"collection":[{"href":"https:\/\/agenciainfra.com\/blog\/wp-json\/wp\/v2\/posts"}],"about":[{"href":"https:\/\/agenciainfra.com\/blog\/wp-json\/wp\/v2\/types\/post"}],"author":[{"embeddable":true,"href":"https:\/\/agenciainfra.com\/blog\/wp-json\/wp\/v2\/users\/1"}],"replies":[{"embeddable":true,"href":"https:\/\/agenciainfra.com\/blog\/wp-json\/wp\/v2\/comments?post=11239"}],"version-history":[{"count":0,"href":"https:\/\/agenciainfra.com\/blog\/wp-json\/wp\/v2\/posts\/11239\/revisions"}],"wp:featuredmedia":[{"embeddable":true,"href":"https:\/\/agenciainfra.com\/blog\/wp-json\/wp\/v2\/media\/7268"}],"wp:attachment":[{"href":"https:\/\/agenciainfra.com\/blog\/wp-json\/wp\/v2\/media?parent=11239"}],"wp:term":[{"taxonomy":"category","embeddable":true,"href":"https:\/\/agenciainfra.com\/blog\/wp-json\/wp\/v2\/categories?post=11239"},{"taxonomy":"post_tag","embeddable":true,"href":"https:\/\/agenciainfra.com\/blog\/wp-json\/wp\/v2\/tags?post=11239"}],"curies":[{"name":"wp","href":"https:\/\/api.w.org\/{rel}","templated":true}]}}