{"id":11243,"date":"2022-09-06T09:00:00","date_gmt":"2022-09-06T12:00:00","guid":{"rendered":"https:\/\/www.agenciainfra.com\/blog\/?p=11243"},"modified":"2022-09-05T07:41:40","modified_gmt":"2022-09-05T10:41:40","slug":"antt-aprova-primeiras-regulamentacoes-das-autorizacoes-ferroviarias","status":"publish","type":"post","link":"https:\/\/agenciainfra.com\/blog\/antt-aprova-primeiras-regulamentacoes-das-autorizacoes-ferroviarias\/","title":{"rendered":"ANTT aprova primeiras regulamenta\u00e7\u00f5es das autoriza\u00e7\u00f5es ferrovi\u00e1rias"},"content":{"rendered":"\n<p class=\"has-text-align-right\"><strong>Jenifer Ribeiro, da Ag\u00eancia iNFRA<\/strong><\/p>\n\n\n\n<p>A diretoria da ANTT (Ag\u00eancia Nacional de Transportes Terrestres) aprovou, na \u00faltima\u00a0quinta-feira (1\u00ba), os relat\u00f3rios das audi\u00eancias p\u00fablicas 4\/2022 e 5\/2022 que tratavam da regulamenta\u00e7\u00e3o dos\u00a0pedidos e dos contratos de autoriza\u00e7\u00e3o para constru\u00e7\u00e3o de\u00a0ferrovias. S\u00e3o as primeiras normas da ag\u00eancia aprovadas para regulamentar o setor.<br><br>A primeira audi\u00eancia discutiu os procedimentos administrativos para fazer a requisi\u00e7\u00e3o para construir uma ferrovia privada. A delibera\u00e7\u00e3o, publicada no Di\u00e1rio Oficial da Uni\u00e3o, est\u00e1 dispon\u00edvel\u00a0<a rel=\"noreferrer noopener\" href=\"https:\/\/agenciainfra.us14.list-manage.com\/track\/click?u=d460dd1bcf9ba0ae040e1fc0f&amp;id=107d5296f2&amp;e=c099169394\" target=\"_blank\">neste link<\/a>. J\u00e1 a segunda tratou da minuta do contrato de ades\u00e3o para formaliza\u00e7\u00e3o de outorgas por autoriza\u00e7\u00e3o para explora\u00e7\u00e3o de ferrovias. A delibera\u00e7\u00e3o est\u00e1\u00a0<a rel=\"noreferrer noopener\" href=\"https:\/\/agenciainfra.us14.list-manage.com\/track\/click?u=d460dd1bcf9ba0ae040e1fc0f&amp;id=4e2d8bb419&amp;e=c099169394\" target=\"_blank\">neste link<\/a>.<br><br>A pedido da procuradoria federal da ag\u00eancia, o diretor relator dos processos, Luciano Louren\u00e7o, votou pela altera\u00e7\u00e3o de tr\u00eas pontos das minutas que haviam sido levadas \u00e0 consulta. Um deles \u00e9 referente \u00e0 data em que o documento entra em vigor. Outro ponto foi a implementa\u00e7\u00e3o de um mecanismo de solu\u00e7\u00e3o para requerimentos de autoriza\u00e7\u00f5es ferrovi\u00e1rias que venham se sobrepor a faixa de dom\u00ednio de ferrovias j\u00e1 existentes.<br><br><strong>Leil\u00e3o para solu\u00e7\u00e3o de conflitos<\/strong><br>O objetivo, segundo Louren\u00e7o, \u00e9 buscar uma \u201csolu\u00e7\u00e3o amig\u00e1vel entre os requerentes, a fim de que se possibilite a implanta\u00e7\u00e3o de ambos os empreendimentos\u201d. Mas, caso n\u00e3o haja um consenso entre as partes, as concession\u00e1rias ter\u00e3o que ofertar um valor de outorga para o trecho e a empresa que fizer o maior lance ter\u00e1 o direito \u00e0 concess\u00e3o.<br><br>A regra vai permitir que as empresas reaproveitem os requerimentos aprovados durante a vig\u00eancia da MP das Ferrovias \u2013 que caducou antes de ser votada no Congresso \u2013 e s\u00f3 ser\u00e1 preciso entregar documentos complementares, com as devidas adequa\u00e7\u00f5es \u00e0s regras da Lei das Ferrovias, aprovada posteriormente \u00e0 MP e com novas regras.<\/p>\n","protected":false},"excerpt":{"rendered":"<p>Jenifer Ribeiro, da Ag\u00eancia iNFRA A diretoria da ANTT (Ag\u00eancia Nacional de Transportes Terrestres) aprovou, na \u00faltima\u00a0quinta-feira (1\u00ba), os relat\u00f3rios das audi\u00eancias p\u00fablicas 4\/2022 e 5\/2022 que tratavam da regulamenta\u00e7\u00e3o dos\u00a0pedidos e dos contratos de autoriza\u00e7\u00e3o para constru\u00e7\u00e3o de\u00a0ferrovias. S\u00e3o as primeiras normas da ag\u00eancia aprovadas para regulamentar o setor. A primeira audi\u00eancia discutiu os [&hellip;]<\/p>\n","protected":false},"author":9,"featured_media":6796,"comment_status":"closed","ping_status":"closed","sticky":false,"template":"","format":"standard","meta":{"_monsterinsights_skip_tracking":false,"_monsterinsights_sitenote_active":false,"_monsterinsights_sitenote_note":"","_monsterinsights_sitenote_category":0,"footnotes":""},"categories":[1,7],"tags":[935,19,4651,78,120,34,5274,5760,5227,70],"class_list":["post-11243","post","type-post","status-publish","format-standard","has-post-thumbnail","hentry","category-geral","category-infratransporte","tag-agencia-nacional-de-transportes-terrestres","tag-antt","tag-autorizacoes-ferroviarias","tag-concessoes","tag-ferrovias","tag-infraestrutura","tag-lei-das-ferrovias","tag-luciano-lourenco","tag-mp-das-ferrovias","tag-transportes"],"yoast_head":"<!-- This site is optimized with the Yoast SEO Premium plugin v25.4 (Yoast SEO v26.0) - https:\/\/yoast.com\/wordpress\/plugins\/seo\/ -->\n<title>ANTT aprova primeiras regulamenta\u00e7\u00f5es das autoriza\u00e7\u00f5es ferrovi\u00e1rias - Ag\u00eancia iNFRA<\/title>\n<meta name=\"robots\" content=\"index, follow, max-snippet:-1, max-image-preview:large, max-video-preview:-1\" \/>\n<link rel=\"canonical\" href=\"https:\/\/agenciainfra.com\/blog\/antt-aprova-primeiras-regulamentacoes-das-autorizacoes-ferroviarias\/\" \/>\n<meta property=\"og:locale\" content=\"pt_BR\" \/>\n<meta property=\"og:type\" content=\"article\" \/>\n<meta property=\"og:title\" content=\"ANTT aprova primeiras regulamenta\u00e7\u00f5es das autoriza\u00e7\u00f5es ferrovi\u00e1rias\" \/>\n<meta property=\"og:description\" content=\"Jenifer Ribeiro, da Ag\u00eancia iNFRA A diretoria da ANTT (Ag\u00eancia Nacional de Transportes Terrestres) aprovou, na \u00faltima\u00a0quinta-feira (1\u00ba), os relat\u00f3rios das audi\u00eancias p\u00fablicas 4\/2022 e 5\/2022 que tratavam da regulamenta\u00e7\u00e3o dos\u00a0pedidos e dos contratos de autoriza\u00e7\u00e3o para constru\u00e7\u00e3o de\u00a0ferrovias. S\u00e3o as primeiras normas da ag\u00eancia aprovadas para regulamentar o setor. A primeira audi\u00eancia discutiu os [&hellip;]\" \/>\n<meta property=\"og:url\" content=\"https:\/\/agenciainfra.com\/blog\/antt-aprova-primeiras-regulamentacoes-das-autorizacoes-ferroviarias\/\" \/>\n<meta property=\"og:site_name\" content=\"Ag\u00eancia iNFRA\" \/>\n<meta property=\"article:publisher\" content=\"https:\/\/www.facebook.com\/ageninfra\" \/>\n<meta property=\"article:published_time\" content=\"2022-09-06T12:00:00+00:00\" \/>\n<meta property=\"og:image\" content=\"https:\/\/agenciainfra.com\/blog\/wp-content\/uploads\/2021\/02\/ANTT-fachada-foto-ANTT.jpeg\" \/>\n\t<meta property=\"og:image:width\" content=\"1280\" \/>\n\t<meta property=\"og:image:height\" content=\"851\" \/>\n\t<meta property=\"og:image:type\" content=\"image\/jpeg\" \/>\n<meta name=\"author\" content=\"Rodrigo Zuquim\" \/>\n<meta name=\"twitter:card\" content=\"summary_large_image\" \/>\n<meta name=\"twitter:creator\" content=\"@agencia_infra\" \/>\n<meta name=\"twitter:site\" content=\"@agencia_infra\" \/>\n<meta name=\"twitter:label1\" content=\"Escrito por\" \/>\n\t<meta name=\"twitter:data1\" content=\"Rodrigo Zuquim\" \/>\n\t<meta name=\"twitter:label2\" content=\"Est. tempo de leitura\" \/>\n\t<meta name=\"twitter:data2\" content=\"2 minutos\" \/>\n<script type=\"application\/ld+json\" class=\"yoast-schema-graph\">{\"@context\":\"https:\/\/schema.org\",\"@graph\":[{\"@type\":\"Article\",\"@id\":\"https:\/\/agenciainfra.com\/blog\/antt-aprova-primeiras-regulamentacoes-das-autorizacoes-ferroviarias\/#article\",\"isPartOf\":{\"@id\":\"https:\/\/agenciainfra.com\/blog\/antt-aprova-primeiras-regulamentacoes-das-autorizacoes-ferroviarias\/\"},\"author\":{\"name\":\"Rodrigo Zuquim\",\"@id\":\"https:\/\/agenciainfra.com\/blog\/#\/schema\/person\/04dbb79bd6d8951f063da71f3e4c1eb1\"},\"headline\":\"ANTT aprova primeiras regulamenta\u00e7\u00f5es das autoriza\u00e7\u00f5es ferrovi\u00e1rias\",\"datePublished\":\"2022-09-06T12:00:00+00:00\",\"mainEntityOfPage\":{\"@id\":\"https:\/\/agenciainfra.com\/blog\/antt-aprova-primeiras-regulamentacoes-das-autorizacoes-ferroviarias\/\"},\"wordCount\":331,\"publisher\":{\"@id\":\"https:\/\/agenciainfra.com\/blog\/#organization\"},\"image\":{\"@id\":\"https:\/\/agenciainfra.com\/blog\/antt-aprova-primeiras-regulamentacoes-das-autorizacoes-ferroviarias\/#primaryimage\"},\"thumbnailUrl\":\"https:\/\/agenciainfra.com\/blog\/wp-content\/uploads\/2021\/02\/ANTT-fachada-foto-ANTT.jpeg\",\"keywords\":[\"Ag\u00eancia Nacional de Transportes Terrestres\",\"ANTT\",\"autoriza\u00e7\u00f5es ferrovi\u00e1rias\",\"concess\u00f5es\",\"Ferrovias\",\"Infraestrutura\",\"Lei das Ferrovias\",\"Luciano Louren\u00e7o\",\"MP das Ferrovias\",\"transportes\"],\"articleSection\":[\"Geral\",\"iNFRATransporte\"],\"inLanguage\":\"pt-BR\",\"copyrightYear\":\"2022\",\"copyrightHolder\":{\"@id\":\"https:\/\/agenciainfra.com\/blog\/#organization\"}},{\"@type\":\"WebPage\",\"@id\":\"https:\/\/agenciainfra.com\/blog\/antt-aprova-primeiras-regulamentacoes-das-autorizacoes-ferroviarias\/\",\"url\":\"https:\/\/agenciainfra.com\/blog\/antt-aprova-primeiras-regulamentacoes-das-autorizacoes-ferroviarias\/\",\"name\":\"ANTT aprova primeiras regulamenta\u00e7\u00f5es das autoriza\u00e7\u00f5es ferrovi\u00e1rias - Ag\u00eancia iNFRA\",\"isPartOf\":{\"@id\":\"https:\/\/agenciainfra.com\/blog\/#website\"},\"primaryImageOfPage\":{\"@id\":\"https:\/\/agenciainfra.com\/blog\/antt-aprova-primeiras-regulamentacoes-das-autorizacoes-ferroviarias\/#primaryimage\"},\"image\":{\"@id\":\"https:\/\/agenciainfra.com\/blog\/antt-aprova-primeiras-regulamentacoes-das-autorizacoes-ferroviarias\/#primaryimage\"},\"thumbnailUrl\":\"https:\/\/agenciainfra.com\/blog\/wp-content\/uploads\/2021\/02\/ANTT-fachada-foto-ANTT.jpeg\",\"datePublished\":\"2022-09-06T12:00:00+00:00\",\"breadcrumb\":{\"@id\":\"https:\/\/agenciainfra.com\/blog\/antt-aprova-primeiras-regulamentacoes-das-autorizacoes-ferroviarias\/#breadcrumb\"},\"inLanguage\":\"pt-BR\",\"potentialAction\":[{\"@type\":\"ReadAction\",\"target\":[\"https:\/\/agenciainfra.com\/blog\/antt-aprova-primeiras-regulamentacoes-das-autorizacoes-ferroviarias\/\"]}]},{\"@type\":\"ImageObject\",\"inLanguage\":\"pt-BR\",\"@id\":\"https:\/\/agenciainfra.com\/blog\/antt-aprova-primeiras-regulamentacoes-das-autorizacoes-ferroviarias\/#primaryimage\",\"url\":\"https:\/\/agenciainfra.com\/blog\/wp-content\/uploads\/2021\/02\/ANTT-fachada-foto-ANTT.jpeg\",\"contentUrl\":\"https:\/\/agenciainfra.com\/blog\/wp-content\/uploads\/2021\/02\/ANTT-fachada-foto-ANTT.jpeg\",\"width\":1280,\"height\":851},{\"@type\":\"BreadcrumbList\",\"@id\":\"https:\/\/agenciainfra.com\/blog\/antt-aprova-primeiras-regulamentacoes-das-autorizacoes-ferroviarias\/#breadcrumb\",\"itemListElement\":[{\"@type\":\"ListItem\",\"position\":1,\"name\":\"In\u00edcio\",\"item\":\"https:\/\/agenciainfra.com\/blog\/\"},{\"@type\":\"ListItem\",\"position\":2,\"name\":\"ANTT aprova primeiras regulamenta\u00e7\u00f5es das autoriza\u00e7\u00f5es ferrovi\u00e1rias\"}]},{\"@type\":\"WebSite\",\"@id\":\"https:\/\/agenciainfra.com\/blog\/#website\",\"url\":\"https:\/\/agenciainfra.com\/blog\/\",\"name\":\"Ag\u00eancia iNFRA\",\"description\":\"Multiplataforma de informa\u00e7\u00e3o jornal\u00edstica refer\u00eancia na \u00e1rea de infraestrutura no Brasil!\",\"publisher\":{\"@id\":\"https:\/\/agenciainfra.com\/blog\/#organization\"},\"potentialAction\":[{\"@type\":\"SearchAction\",\"target\":{\"@type\":\"EntryPoint\",\"urlTemplate\":\"https:\/\/agenciainfra.com\/blog\/?s={search_term_string}\"},\"query-input\":{\"@type\":\"PropertyValueSpecification\",\"valueRequired\":true,\"valueName\":\"search_term_string\"}}],\"inLanguage\":\"pt-BR\"},{\"@type\":\"Organization\",\"@id\":\"https:\/\/agenciainfra.com\/blog\/#organization\",\"name\":\"Ag\u00eancia iNFRA\",\"url\":\"https:\/\/agenciainfra.com\/blog\/\",\"logo\":{\"@type\":\"ImageObject\",\"inLanguage\":\"pt-BR\",\"@id\":\"https:\/\/agenciainfra.com\/blog\/#\/schema\/logo\/image\/\",\"url\":\"https:\/\/agenciainfra.com\/blog\/wp-content\/uploads\/2023\/09\/iNFRA_5-e1761735885940.png\",\"contentUrl\":\"https:\/\/agenciainfra.com\/blog\/wp-content\/uploads\/2023\/09\/iNFRA_5-e1761735885940.png\",\"width\":1672,\"height\":454,\"caption\":\"Ag\u00eancia iNFRA\"},\"image\":{\"@id\":\"https:\/\/agenciainfra.com\/blog\/#\/schema\/logo\/image\/\"},\"sameAs\":[\"https:\/\/www.facebook.com\/ageninfra\",\"https:\/\/x.com\/agencia_infra\",\"https:\/\/www.linkedin.com\/company\/ag\u00eanciainfra\/\",\"https:\/\/www.instagram.com\/agenciainfra\/\"]},{\"@type\":\"Person\",\"@id\":\"https:\/\/agenciainfra.com\/blog\/#\/schema\/person\/04dbb79bd6d8951f063da71f3e4c1eb1\",\"name\":\"Rodrigo Zuquim\",\"image\":{\"@type\":\"ImageObject\",\"inLanguage\":\"pt-BR\",\"@id\":\"https:\/\/agenciainfra.com\/blog\/#\/schema\/person\/image\/\",\"url\":\"https:\/\/secure.gravatar.com\/avatar\/594abfe82761d620726242ff34ca472a705a4b97f16c790053a6b4c4035274d0?s=96&d=mm&r=g\",\"contentUrl\":\"https:\/\/secure.gravatar.com\/avatar\/594abfe82761d620726242ff34ca472a705a4b97f16c790053a6b4c4035274d0?s=96&d=mm&r=g\",\"caption\":\"Rodrigo Zuquim\"},\"url\":\"https:\/\/agenciainfra.com\/blog\/author\/rodrigo-zuquim\/\"}]}<\/script>\n<!-- \/ Yoast SEO Premium plugin. -->","yoast_head_json":{"title":"ANTT aprova primeiras regulamenta\u00e7\u00f5es das autoriza\u00e7\u00f5es ferrovi\u00e1rias - Ag\u00eancia iNFRA","robots":{"index":"index","follow":"follow","max-snippet":"max-snippet:-1","max-image-preview":"max-image-preview:large","max-video-preview":"max-video-preview:-1"},"canonical":"https:\/\/agenciainfra.com\/blog\/antt-aprova-primeiras-regulamentacoes-das-autorizacoes-ferroviarias\/","og_locale":"pt_BR","og_type":"article","og_title":"ANTT aprova primeiras regulamenta\u00e7\u00f5es das autoriza\u00e7\u00f5es ferrovi\u00e1rias","og_description":"Jenifer Ribeiro, da Ag\u00eancia iNFRA A diretoria da ANTT (Ag\u00eancia Nacional de Transportes Terrestres) aprovou, na \u00faltima\u00a0quinta-feira (1\u00ba), os relat\u00f3rios das audi\u00eancias p\u00fablicas 4\/2022 e 5\/2022 que tratavam da regulamenta\u00e7\u00e3o dos\u00a0pedidos e dos contratos de autoriza\u00e7\u00e3o para constru\u00e7\u00e3o de\u00a0ferrovias. S\u00e3o as primeiras normas da ag\u00eancia aprovadas para regulamentar o setor. A primeira audi\u00eancia discutiu os [&hellip;]","og_url":"https:\/\/agenciainfra.com\/blog\/antt-aprova-primeiras-regulamentacoes-das-autorizacoes-ferroviarias\/","og_site_name":"Ag\u00eancia iNFRA","article_publisher":"https:\/\/www.facebook.com\/ageninfra","article_published_time":"2022-09-06T12:00:00+00:00","og_image":[{"width":1280,"height":851,"url":"https:\/\/agenciainfra.com\/blog\/wp-content\/uploads\/2021\/02\/ANTT-fachada-foto-ANTT.jpeg","type":"image\/jpeg"}],"author":"Rodrigo Zuquim","twitter_card":"summary_large_image","twitter_creator":"@agencia_infra","twitter_site":"@agencia_infra","twitter_misc":{"Escrito por":"Rodrigo Zuquim","Est. tempo de leitura":"2 minutos"},"schema":{"@context":"https:\/\/schema.org","@graph":[{"@type":"Article","@id":"https:\/\/agenciainfra.com\/blog\/antt-aprova-primeiras-regulamentacoes-das-autorizacoes-ferroviarias\/#article","isPartOf":{"@id":"https:\/\/agenciainfra.com\/blog\/antt-aprova-primeiras-regulamentacoes-das-autorizacoes-ferroviarias\/"},"author":{"name":"Rodrigo Zuquim","@id":"https:\/\/agenciainfra.com\/blog\/#\/schema\/person\/04dbb79bd6d8951f063da71f3e4c1eb1"},"headline":"ANTT aprova primeiras regulamenta\u00e7\u00f5es das autoriza\u00e7\u00f5es ferrovi\u00e1rias","datePublished":"2022-09-06T12:00:00+00:00","mainEntityOfPage":{"@id":"https:\/\/agenciainfra.com\/blog\/antt-aprova-primeiras-regulamentacoes-das-autorizacoes-ferroviarias\/"},"wordCount":331,"publisher":{"@id":"https:\/\/agenciainfra.com\/blog\/#organization"},"image":{"@id":"https:\/\/agenciainfra.com\/blog\/antt-aprova-primeiras-regulamentacoes-das-autorizacoes-ferroviarias\/#primaryimage"},"thumbnailUrl":"https:\/\/agenciainfra.com\/blog\/wp-content\/uploads\/2021\/02\/ANTT-fachada-foto-ANTT.jpeg","keywords":["Ag\u00eancia Nacional de Transportes Terrestres","ANTT","autoriza\u00e7\u00f5es ferrovi\u00e1rias","concess\u00f5es","Ferrovias","Infraestrutura","Lei das Ferrovias","Luciano Louren\u00e7o","MP das Ferrovias","transportes"],"articleSection":["Geral","iNFRATransporte"],"inLanguage":"pt-BR","copyrightYear":"2022","copyrightHolder":{"@id":"https:\/\/agenciainfra.com\/blog\/#organization"}},{"@type":"WebPage","@id":"https:\/\/agenciainfra.com\/blog\/antt-aprova-primeiras-regulamentacoes-das-autorizacoes-ferroviarias\/","url":"https:\/\/agenciainfra.com\/blog\/antt-aprova-primeiras-regulamentacoes-das-autorizacoes-ferroviarias\/","name":"ANTT aprova primeiras regulamenta\u00e7\u00f5es das autoriza\u00e7\u00f5es ferrovi\u00e1rias - Ag\u00eancia iNFRA","isPartOf":{"@id":"https:\/\/agenciainfra.com\/blog\/#website"},"primaryImageOfPage":{"@id":"https:\/\/agenciainfra.com\/blog\/antt-aprova-primeiras-regulamentacoes-das-autorizacoes-ferroviarias\/#primaryimage"},"image":{"@id":"https:\/\/agenciainfra.com\/blog\/antt-aprova-primeiras-regulamentacoes-das-autorizacoes-ferroviarias\/#primaryimage"},"thumbnailUrl":"https:\/\/agenciainfra.com\/blog\/wp-content\/uploads\/2021\/02\/ANTT-fachada-foto-ANTT.jpeg","datePublished":"2022-09-06T12:00:00+00:00","breadcrumb":{"@id":"https:\/\/agenciainfra.com\/blog\/antt-aprova-primeiras-regulamentacoes-das-autorizacoes-ferroviarias\/#breadcrumb"},"inLanguage":"pt-BR","potentialAction":[{"@type":"ReadAction","target":["https:\/\/agenciainfra.com\/blog\/antt-aprova-primeiras-regulamentacoes-das-autorizacoes-ferroviarias\/"]}]},{"@type":"ImageObject","inLanguage":"pt-BR","@id":"https:\/\/agenciainfra.com\/blog\/antt-aprova-primeiras-regulamentacoes-das-autorizacoes-ferroviarias\/#primaryimage","url":"https:\/\/agenciainfra.com\/blog\/wp-content\/uploads\/2021\/02\/ANTT-fachada-foto-ANTT.jpeg","contentUrl":"https:\/\/agenciainfra.com\/blog\/wp-content\/uploads\/2021\/02\/ANTT-fachada-foto-ANTT.jpeg","width":1280,"height":851},{"@type":"BreadcrumbList","@id":"https:\/\/agenciainfra.com\/blog\/antt-aprova-primeiras-regulamentacoes-das-autorizacoes-ferroviarias\/#breadcrumb","itemListElement":[{"@type":"ListItem","position":1,"name":"In\u00edcio","item":"https:\/\/agenciainfra.com\/blog\/"},{"@type":"ListItem","position":2,"name":"ANTT aprova primeiras regulamenta\u00e7\u00f5es das autoriza\u00e7\u00f5es ferrovi\u00e1rias"}]},{"@type":"WebSite","@id":"https:\/\/agenciainfra.com\/blog\/#website","url":"https:\/\/agenciainfra.com\/blog\/","name":"Ag\u00eancia iNFRA","description":"Multiplataforma de informa\u00e7\u00e3o jornal\u00edstica refer\u00eancia na \u00e1rea de infraestrutura no Brasil!","publisher":{"@id":"https:\/\/agenciainfra.com\/blog\/#organization"},"potentialAction":[{"@type":"SearchAction","target":{"@type":"EntryPoint","urlTemplate":"https:\/\/agenciainfra.com\/blog\/?s={search_term_string}"},"query-input":{"@type":"PropertyValueSpecification","valueRequired":true,"valueName":"search_term_string"}}],"inLanguage":"pt-BR"},{"@type":"Organization","@id":"https:\/\/agenciainfra.com\/blog\/#organization","name":"Ag\u00eancia iNFRA","url":"https:\/\/agenciainfra.com\/blog\/","logo":{"@type":"ImageObject","inLanguage":"pt-BR","@id":"https:\/\/agenciainfra.com\/blog\/#\/schema\/logo\/image\/","url":"https:\/\/agenciainfra.com\/blog\/wp-content\/uploads\/2023\/09\/iNFRA_5-e1761735885940.png","contentUrl":"https:\/\/agenciainfra.com\/blog\/wp-content\/uploads\/2023\/09\/iNFRA_5-e1761735885940.png","width":1672,"height":454,"caption":"Ag\u00eancia iNFRA"},"image":{"@id":"https:\/\/agenciainfra.com\/blog\/#\/schema\/logo\/image\/"},"sameAs":["https:\/\/www.facebook.com\/ageninfra","https:\/\/x.com\/agencia_infra","https:\/\/www.linkedin.com\/company\/ag\u00eanciainfra\/","https:\/\/www.instagram.com\/agenciainfra\/"]},{"@type":"Person","@id":"https:\/\/agenciainfra.com\/blog\/#\/schema\/person\/04dbb79bd6d8951f063da71f3e4c1eb1","name":"Rodrigo Zuquim","image":{"@type":"ImageObject","inLanguage":"pt-BR","@id":"https:\/\/agenciainfra.com\/blog\/#\/schema\/person\/image\/","url":"https:\/\/secure.gravatar.com\/avatar\/594abfe82761d620726242ff34ca472a705a4b97f16c790053a6b4c4035274d0?s=96&d=mm&r=g","contentUrl":"https:\/\/secure.gravatar.com\/avatar\/594abfe82761d620726242ff34ca472a705a4b97f16c790053a6b4c4035274d0?s=96&d=mm&r=g","caption":"Rodrigo Zuquim"},"url":"https:\/\/agenciainfra.com\/blog\/author\/rodrigo-zuquim\/"}]}},"_links":{"self":[{"href":"https:\/\/agenciainfra.com\/blog\/wp-json\/wp\/v2\/posts\/11243","targetHints":{"allow":["GET"]}}],"collection":[{"href":"https:\/\/agenciainfra.com\/blog\/wp-json\/wp\/v2\/posts"}],"about":[{"href":"https:\/\/agenciainfra.com\/blog\/wp-json\/wp\/v2\/types\/post"}],"author":[{"embeddable":true,"href":"https:\/\/agenciainfra.com\/blog\/wp-json\/wp\/v2\/users\/9"}],"replies":[{"embeddable":true,"href":"https:\/\/agenciainfra.com\/blog\/wp-json\/wp\/v2\/comments?post=11243"}],"version-history":[{"count":0,"href":"https:\/\/agenciainfra.com\/blog\/wp-json\/wp\/v2\/posts\/11243\/revisions"}],"wp:featuredmedia":[{"embeddable":true,"href":"https:\/\/agenciainfra.com\/blog\/wp-json\/wp\/v2\/media\/6796"}],"wp:attachment":[{"href":"https:\/\/agenciainfra.com\/blog\/wp-json\/wp\/v2\/media?parent=11243"}],"wp:term":[{"taxonomy":"category","embeddable":true,"href":"https:\/\/agenciainfra.com\/blog\/wp-json\/wp\/v2\/categories?post=11243"},{"taxonomy":"post_tag","embeddable":true,"href":"https:\/\/agenciainfra.com\/blog\/wp-json\/wp\/v2\/tags?post=11243"}],"curies":[{"name":"wp","href":"https:\/\/api.w.org\/{rel}","templated":true}]}}