{"id":11245,"date":"2022-09-05T18:26:29","date_gmt":"2022-09-05T21:26:29","guid":{"rendered":"https:\/\/www.agenciainfra.com\/blog\/?p=11245"},"modified":"2022-09-05T18:26:34","modified_gmt":"2022-09-05T21:26:34","slug":"felipe-davila-defende-abertura-economica-unilateral-e-potencial-verde-do-brasil-para-atrair-investimentos-em-infraestrutura","status":"publish","type":"post","link":"https:\/\/agenciainfra.com\/blog\/felipe-davila-defende-abertura-economica-unilateral-e-potencial-verde-do-brasil-para-atrair-investimentos-em-infraestrutura\/","title":{"rendered":"Felipe d&#8217;Avila defende abertura econ\u00f4mica unilateral e potencial verde do Brasil para atrair investimentos em infraestrutura"},"content":{"rendered":"\n<p class=\"has-text-align-right\"><strong>da Ag\u00eancia iNFRA<\/strong><\/p>\n\n\n\n<p>Felipe d\u2019Avila, candidato \u00e0 Presid\u00eancia da Rep\u00fablica pelo partido Novo, disse que, se eleito, vai atrair investimentos para o setor de infraestrutura e as ind\u00fastrias de base no Brasil a partir de dois pilares: economia e meio ambiente. D\u2019Avila apresentou suas propostas durante o Abdib F\u00f3rum 2022 \u2013 Agenda da Infraestrutura com Presidenci\u00e1veis, evento promovido pela Abdib (Associa\u00e7\u00e3o Brasileira da Infraestrutura e Ind\u00fastrias de Base), em 29 de agosto,\u00a0que reuniu candidatos e representantes de candidaturas \u00e0 Presid\u00eancia da Rep\u00fablica nas elei\u00e7\u00f5es de 2022 para abordar as propostas ao setor.<br><br>O candidato do\u00a0Novo afirmou que o \u00fanico jeito de o Brasil retomar o crescimento econ\u00f4mico \u00e9 abrindo a sua economia. Ele disse que essa abertura seria gradual, ao longo de quatro anos, para que a ind\u00fastria possa se adaptar \u00e0 concorr\u00eancia global \u201csem sustos\u201d. D\u2019Avila espera que esse movimento pressione o Congresso Nacional a aprovar as reformas tribut\u00e1ria e administrativa, evitando que o setor produtivo do pa\u00eds seja prejudicado.<\/p>\n\n\n\n<p>\u201cVai acabar a falsa dicotomia de que n\u00e3o podemos abrir a economia porque temos elevado Custo Brasil. Ora, n\u00e3o reduzimos o Custo Brasil e n\u00e3o abre a economia, e temos o pior dos dois mundos. \u00c9 um pa\u00eds que n\u00e3o cresce e que perde competitividade internacional. Quando tivermos um cronograma de abertura, isso vai criar um senso de urg\u00eancia na sociedade civil e no setor privado para pressionar o Congresso a votar as reformas, porque sen\u00e3o [o setor produtivo] quebra.\u201d<\/p>\n\n\n\n<p>Em rela\u00e7\u00e3o \u00e0 tem\u00e1tica ambiental, d\u2019Avila disse que o Brasil \u00e9 a \u201csuperpot\u00eancia da economia de baixo carbono no mundo\u201d, o que \u00e9 uma grande oportunidade para atrair os investidores. \u201cH\u00e1 um investimento de US$ 50 trilh\u00f5es carimbado para tr\u00eas letrinhas: ESG. Ou olhamos para o social, governan\u00e7a e ambiental, ou n\u00e3o vamos ter investimento em infraestrutura no Brasil. A pauta ambiental \u00e9 fundamental para atrair investimento privado para o Brasil em infraestrutura\u201d, pontuou.<\/p>\n\n\n\n<p>O presidenci\u00e1vel disse que um dos pontos de aten\u00e7\u00e3o de seu eventual governo ser\u00e1 pensar a educa\u00e7\u00e3o voltada para a produtividade e a empregabilidade. Ele afirmou que \u00e9 preciso aumentar a qualidade do ensino a partir da qualifica\u00e7\u00e3o dos profissionais da educa\u00e7\u00e3o e dos modelos bem sucedidos espalhados pelo pa\u00eds, desde a primeira inf\u00e2ncia at\u00e9 o ensino m\u00e9dio.<\/p>\n\n\n\n<p><strong>Investimento<\/strong><br>Questionado sobre o papel do governo federal na promo\u00e7\u00e3o do desenvolvimento do pa\u00eds, d\u2019Avila citou que o \u201cinvestimento p\u00fablico est\u00e1 no menor n\u00edvel dos \u00faltimos anos\u201d. Resolver essa situa\u00e7\u00e3o passa, segundo o candidato, por enxugar a m\u00e1quina p\u00fablica. \u201c\u00c9 fundamental retomar o investimento p\u00fablico, mas para isso precisamos restabelecer o teto de gastos. Precisamos enfrentar esse problema que \u00e9 o excesso de gastos com pessoal e benef\u00edcios, sen\u00e3o n\u00e3o vamos conseguir aumentar o nosso investimento em infraestrutura\u201d, defendeu.<\/p>\n\n\n\n<p>O candidato do Novo tamb\u00e9m criticou a postura dos \u00faltimos governos em rela\u00e7\u00e3o \u00e0 iniciativa privada. \u201cS\u00f3 enxerga o setor privado como vaca leiteira. O setor privado \u00e9 estrangulado pelo governo brasileiro. \u00c9 preciso fazer um Estado que preste servi\u00e7o de utilidade para o cidad\u00e3o e que n\u00e3o o use para financiar um Estado moroso, caro e ineficiente. Tem que tirar esse Estado das costas do cidad\u00e3o\u201d, afirmou.<\/p>\n\n\n\n<p>\u201cTem lugar que precisa de mais Estado e tem lugar que precisa de mais mercado. Onde precisa de mais Estado \u00e9 onde tem desmatamento. Onde precisa de mais mercado: tem US$ 50 trilh\u00f5es de investidores privados condicionados a regras de governan\u00e7a, respeito ao meio ambiente e ao social\u201d, completou sobre a \u00e1rea ambiental.<\/p>\n\n\n\n<p><strong>Seguran\u00e7a jur\u00eddica<\/strong><br>Para d\u2019Avila, o pa\u00eds precisa resolver a instabilidade jur\u00eddica que afasta os investidores. \u00c9 preciso ter um ambiente de neg\u00f3cios est\u00e1vel e que garanta o retorno ao capital privado, argumentou.<\/p>\n\n\n\n<p>\u201cComo vai atrair investimento de longo prazo se a gente n\u00e3o honra contrato? Precisa ter algo muito punitivo para quebra de contrato no pa\u00eds. Essa inseguran\u00e7a jur\u00eddica \u00e9 tremenda para o investimento em infraestrutura\u201d, criticou. Segundo o candidato do Novo, para atingir esse objetivo \u00e9 preciso recuperar a credibilidade das ag\u00eancias reguladoras. \u201cForam politizadas e loteadas pelos partidos pol\u00edticos.\u201d<\/p>\n\n\n\n<p><strong>Privatiza\u00e7\u00f5es<\/strong><br>O candidato defendeu as privatiza\u00e7\u00f5es de ativos importantes, como a Petrobras, a Caixa Econ\u00f4mica Federal e o Banco do Brasil. Mas ele disse que \u00e9 preciso adotar um modelo que amplie a competi\u00e7\u00e3o entre as empresas.<\/p>\n\n\n\n<p>\u201cO desenho da governan\u00e7a \u00e9 muito importante para que a privatiza\u00e7\u00e3o seja um sucesso e n\u00e3o transforme um monop\u00f3lio p\u00fablico em um monop\u00f3lio privado. \u00c9 para aumentar a concorr\u00eancia, diminuir pre\u00e7o, como foi com a telefonia. N\u00e3o \u00e9 vender o controle da Caixa ou do BB para um \u00fanico banco. Tem que desmembrar.\u201d<\/p>\n\n\n\n<p><strong>Pontos de aten\u00e7\u00e3o<\/strong><br>D\u2019Avila fez elogios ao Marco Legal do Saneamento B\u00e1sico, que prev\u00ea a universaliza\u00e7\u00e3o do acesso \u00e0 \u00e1gua pot\u00e1vel e coleta e tratamento de esgoto at\u00e9 2033, mas pediu aten\u00e7\u00e3o com a regulamenta\u00e7\u00e3o da nova lei.<\/p>\n\n\n\n<p>\u201cFiquem de olho no Congresso Nacional na regulamenta\u00e7\u00e3o, porque as estatais j\u00e1 come\u00e7am a se mobilizar para isent\u00e1-las de participar de licita\u00e7\u00e3o. O setor privado vai ter que participar e o p\u00fablico n\u00e3o? Desde quando isso \u00e9 paridade na disputa? Isso \u00e9 desfazer o marco do saneamento\u201d, disse.<\/p>\n\n\n\n<p>O candidato tamb\u00e9m disse que \u00e9 preciso rever a nova Lei de Licita\u00e7\u00f5es. Segundo ele, a lei engessa o investimento. \u201c\u00c9 uma lei que emperra investimento, cria dor de cabe\u00e7a, acaba judicializando&#8221;, afirmou. D\u2019Avila pediu di\u00e1logo para evitar que tantos contratos acabem parando na Justi\u00e7a. \u201cTem que juntar o setor privado, os \u00f3rg\u00e3os reguladores e os grandes financiadores para saber como resolver as coisas. Todo mundo tem que se falar.\u201d<\/p>\n","protected":false},"excerpt":{"rendered":"<p>da Ag\u00eancia iNFRA Felipe d\u2019Avila, candidato \u00e0 Presid\u00eancia da Rep\u00fablica pelo partido Novo, disse que, se eleito, vai atrair investimentos para o setor de infraestrutura e as ind\u00fastrias de base no Brasil a partir de dois pilares: economia e meio ambiente. D\u2019Avila apresentou suas propostas durante o Abdib F\u00f3rum 2022 \u2013 Agenda da Infraestrutura com [&hellip;]<\/p>\n","protected":false},"author":9,"featured_media":11246,"comment_status":"closed","ping_status":"closed","sticky":false,"template":"","format":"standard","meta":{"_monsterinsights_skip_tracking":false,"_monsterinsights_sitenote_active":false,"_monsterinsights_sitenote_note":"","_monsterinsights_sitenote_category":0,"footnotes":""},"categories":[1,2053],"tags":[35,5762,5764,5763,5635,5761,34,32,849,418,2449],"class_list":["post-11245","post","type-post","status-publish","format-standard","has-post-thumbnail","hentry","category-geral","category-infraliveventos","tag-abdib","tag-abdib-forum-2022","tag-abertura-economica","tag-agenda-da-infraestrutura","tag-eleicoes-2022","tag-felipe-davila","tag-infraestrutura","tag-investimentos","tag-meio-ambiente","tag-privatizacoes","tag-seguranca-juridica"],"yoast_head":"<!-- This site is optimized with the Yoast SEO Premium plugin v25.4 (Yoast SEO v26.0) - https:\/\/yoast.com\/wordpress\/plugins\/seo\/ -->\n<title>Felipe d&#039;Avila defende abertura econ\u00f4mica unilateral e potencial verde do Brasil para atrair investimentos em infraestrutura - Ag\u00eancia iNFRA<\/title>\n<meta name=\"robots\" content=\"index, follow, max-snippet:-1, max-image-preview:large, max-video-preview:-1\" \/>\n<link rel=\"canonical\" href=\"https:\/\/agenciainfra.com\/blog\/felipe-davila-defende-abertura-economica-unilateral-e-potencial-verde-do-brasil-para-atrair-investimentos-em-infraestrutura\/\" \/>\n<meta property=\"og:locale\" content=\"pt_BR\" \/>\n<meta property=\"og:type\" content=\"article\" \/>\n<meta property=\"og:title\" content=\"Felipe d&#039;Avila defende abertura econ\u00f4mica unilateral e potencial verde do Brasil para atrair investimentos em infraestrutura\" \/>\n<meta property=\"og:description\" content=\"da Ag\u00eancia iNFRA Felipe d\u2019Avila, candidato \u00e0 Presid\u00eancia da Rep\u00fablica pelo partido Novo, disse que, se eleito, vai atrair investimentos para o setor de infraestrutura e as ind\u00fastrias de base no Brasil a partir de dois pilares: economia e meio ambiente. D\u2019Avila apresentou suas propostas durante o Abdib F\u00f3rum 2022 \u2013 Agenda da Infraestrutura com [&hellip;]\" \/>\n<meta property=\"og:url\" content=\"https:\/\/agenciainfra.com\/blog\/felipe-davila-defende-abertura-economica-unilateral-e-potencial-verde-do-brasil-para-atrair-investimentos-em-infraestrutura\/\" \/>\n<meta property=\"og:site_name\" content=\"Ag\u00eancia iNFRA\" \/>\n<meta property=\"article:publisher\" content=\"https:\/\/www.facebook.com\/ageninfra\" \/>\n<meta property=\"article:published_time\" content=\"2022-09-05T21:26:29+00:00\" \/>\n<meta property=\"article:modified_time\" content=\"2022-09-05T21:26:34+00:00\" \/>\n<meta property=\"og:image\" content=\"https:\/\/agenciainfra.com\/blog\/wp-content\/uploads\/2022\/09\/felipe-davila-foto-abdib.jpeg\" \/>\n\t<meta property=\"og:image:width\" content=\"1280\" \/>\n\t<meta property=\"og:image:height\" content=\"853\" \/>\n\t<meta property=\"og:image:type\" content=\"image\/jpeg\" \/>\n<meta name=\"author\" content=\"Rodrigo Zuquim\" \/>\n<meta name=\"twitter:card\" content=\"summary_large_image\" \/>\n<meta name=\"twitter:creator\" content=\"@agencia_infra\" \/>\n<meta name=\"twitter:site\" content=\"@agencia_infra\" \/>\n<meta name=\"twitter:label1\" content=\"Escrito por\" \/>\n\t<meta name=\"twitter:data1\" content=\"Rodrigo Zuquim\" \/>\n\t<meta name=\"twitter:label2\" content=\"Est. tempo de leitura\" \/>\n\t<meta name=\"twitter:data2\" content=\"5 minutos\" \/>\n<script type=\"application\/ld+json\" class=\"yoast-schema-graph\">{\"@context\":\"https:\/\/schema.org\",\"@graph\":[{\"@type\":\"Article\",\"@id\":\"https:\/\/agenciainfra.com\/blog\/felipe-davila-defende-abertura-economica-unilateral-e-potencial-verde-do-brasil-para-atrair-investimentos-em-infraestrutura\/#article\",\"isPartOf\":{\"@id\":\"https:\/\/agenciainfra.com\/blog\/felipe-davila-defende-abertura-economica-unilateral-e-potencial-verde-do-brasil-para-atrair-investimentos-em-infraestrutura\/\"},\"author\":{\"name\":\"Rodrigo Zuquim\",\"@id\":\"https:\/\/agenciainfra.com\/blog\/#\/schema\/person\/04dbb79bd6d8951f063da71f3e4c1eb1\"},\"headline\":\"Felipe d&#8217;Avila defende abertura econ\u00f4mica unilateral e potencial verde do Brasil para atrair investimentos em infraestrutura\",\"datePublished\":\"2022-09-05T21:26:29+00:00\",\"dateModified\":\"2022-09-05T21:26:34+00:00\",\"mainEntityOfPage\":{\"@id\":\"https:\/\/agenciainfra.com\/blog\/felipe-davila-defende-abertura-economica-unilateral-e-potencial-verde-do-brasil-para-atrair-investimentos-em-infraestrutura\/\"},\"wordCount\":1003,\"publisher\":{\"@id\":\"https:\/\/agenciainfra.com\/blog\/#organization\"},\"image\":{\"@id\":\"https:\/\/agenciainfra.com\/blog\/felipe-davila-defende-abertura-economica-unilateral-e-potencial-verde-do-brasil-para-atrair-investimentos-em-infraestrutura\/#primaryimage\"},\"thumbnailUrl\":\"https:\/\/agenciainfra.com\/blog\/wp-content\/uploads\/2022\/09\/felipe-davila-foto-abdib.jpeg\",\"keywords\":[\"ABDIB\",\"Abdib F\u00f3rum 2022\",\"abertura econ\u00f4mica\",\"Agenda da Infraestrutura\",\"Elei\u00e7\u00f5es 2022\",\"Felipe d&#039;Avila\",\"Infraestrutura\",\"Investimentos\",\"meio ambiente\",\"privatiza\u00e7\u00f5es\",\"seguran\u00e7a jur\u00eddica\"],\"articleSection\":[\"Geral\",\"iNFRALive e Eventos\"],\"inLanguage\":\"pt-BR\",\"copyrightYear\":\"2022\",\"copyrightHolder\":{\"@id\":\"https:\/\/agenciainfra.com\/blog\/#organization\"}},{\"@type\":\"WebPage\",\"@id\":\"https:\/\/agenciainfra.com\/blog\/felipe-davila-defende-abertura-economica-unilateral-e-potencial-verde-do-brasil-para-atrair-investimentos-em-infraestrutura\/\",\"url\":\"https:\/\/agenciainfra.com\/blog\/felipe-davila-defende-abertura-economica-unilateral-e-potencial-verde-do-brasil-para-atrair-investimentos-em-infraestrutura\/\",\"name\":\"Felipe d'Avila defende abertura econ\u00f4mica unilateral e potencial verde do Brasil para atrair investimentos em infraestrutura - Ag\u00eancia iNFRA\",\"isPartOf\":{\"@id\":\"https:\/\/agenciainfra.com\/blog\/#website\"},\"primaryImageOfPage\":{\"@id\":\"https:\/\/agenciainfra.com\/blog\/felipe-davila-defende-abertura-economica-unilateral-e-potencial-verde-do-brasil-para-atrair-investimentos-em-infraestrutura\/#primaryimage\"},\"image\":{\"@id\":\"https:\/\/agenciainfra.com\/blog\/felipe-davila-defende-abertura-economica-unilateral-e-potencial-verde-do-brasil-para-atrair-investimentos-em-infraestrutura\/#primaryimage\"},\"thumbnailUrl\":\"https:\/\/agenciainfra.com\/blog\/wp-content\/uploads\/2022\/09\/felipe-davila-foto-abdib.jpeg\",\"datePublished\":\"2022-09-05T21:26:29+00:00\",\"dateModified\":\"2022-09-05T21:26:34+00:00\",\"breadcrumb\":{\"@id\":\"https:\/\/agenciainfra.com\/blog\/felipe-davila-defende-abertura-economica-unilateral-e-potencial-verde-do-brasil-para-atrair-investimentos-em-infraestrutura\/#breadcrumb\"},\"inLanguage\":\"pt-BR\",\"potentialAction\":[{\"@type\":\"ReadAction\",\"target\":[\"https:\/\/agenciainfra.com\/blog\/felipe-davila-defende-abertura-economica-unilateral-e-potencial-verde-do-brasil-para-atrair-investimentos-em-infraestrutura\/\"]}]},{\"@type\":\"ImageObject\",\"inLanguage\":\"pt-BR\",\"@id\":\"https:\/\/agenciainfra.com\/blog\/felipe-davila-defende-abertura-economica-unilateral-e-potencial-verde-do-brasil-para-atrair-investimentos-em-infraestrutura\/#primaryimage\",\"url\":\"https:\/\/agenciainfra.com\/blog\/wp-content\/uploads\/2022\/09\/felipe-davila-foto-abdib.jpeg\",\"contentUrl\":\"https:\/\/agenciainfra.com\/blog\/wp-content\/uploads\/2022\/09\/felipe-davila-foto-abdib.jpeg\",\"width\":1280,\"height\":853},{\"@type\":\"BreadcrumbList\",\"@id\":\"https:\/\/agenciainfra.com\/blog\/felipe-davila-defende-abertura-economica-unilateral-e-potencial-verde-do-brasil-para-atrair-investimentos-em-infraestrutura\/#breadcrumb\",\"itemListElement\":[{\"@type\":\"ListItem\",\"position\":1,\"name\":\"In\u00edcio\",\"item\":\"https:\/\/agenciainfra.com\/blog\/\"},{\"@type\":\"ListItem\",\"position\":2,\"name\":\"Felipe d&#8217;Avila defende abertura econ\u00f4mica unilateral e potencial verde do Brasil para atrair investimentos em infraestrutura\"}]},{\"@type\":\"WebSite\",\"@id\":\"https:\/\/agenciainfra.com\/blog\/#website\",\"url\":\"https:\/\/agenciainfra.com\/blog\/\",\"name\":\"Ag\u00eancia iNFRA\",\"description\":\"Multiplataforma de informa\u00e7\u00e3o jornal\u00edstica refer\u00eancia na \u00e1rea de infraestrutura no Brasil!\",\"publisher\":{\"@id\":\"https:\/\/agenciainfra.com\/blog\/#organization\"},\"potentialAction\":[{\"@type\":\"SearchAction\",\"target\":{\"@type\":\"EntryPoint\",\"urlTemplate\":\"https:\/\/agenciainfra.com\/blog\/?s={search_term_string}\"},\"query-input\":{\"@type\":\"PropertyValueSpecification\",\"valueRequired\":true,\"valueName\":\"search_term_string\"}}],\"inLanguage\":\"pt-BR\"},{\"@type\":\"Organization\",\"@id\":\"https:\/\/agenciainfra.com\/blog\/#organization\",\"name\":\"Ag\u00eancia iNFRA\",\"url\":\"https:\/\/agenciainfra.com\/blog\/\",\"logo\":{\"@type\":\"ImageObject\",\"inLanguage\":\"pt-BR\",\"@id\":\"https:\/\/agenciainfra.com\/blog\/#\/schema\/logo\/image\/\",\"url\":\"https:\/\/agenciainfra.com\/blog\/wp-content\/uploads\/2023\/09\/iNFRA_5-e1761735885940.png\",\"contentUrl\":\"https:\/\/agenciainfra.com\/blog\/wp-content\/uploads\/2023\/09\/iNFRA_5-e1761735885940.png\",\"width\":1672,\"height\":454,\"caption\":\"Ag\u00eancia iNFRA\"},\"image\":{\"@id\":\"https:\/\/agenciainfra.com\/blog\/#\/schema\/logo\/image\/\"},\"sameAs\":[\"https:\/\/www.facebook.com\/ageninfra\",\"https:\/\/x.com\/agencia_infra\",\"https:\/\/www.linkedin.com\/company\/ag\u00eanciainfra\/\",\"https:\/\/www.instagram.com\/agenciainfra\/\"]},{\"@type\":\"Person\",\"@id\":\"https:\/\/agenciainfra.com\/blog\/#\/schema\/person\/04dbb79bd6d8951f063da71f3e4c1eb1\",\"name\":\"Rodrigo Zuquim\",\"image\":{\"@type\":\"ImageObject\",\"inLanguage\":\"pt-BR\",\"@id\":\"https:\/\/agenciainfra.com\/blog\/#\/schema\/person\/image\/\",\"url\":\"https:\/\/secure.gravatar.com\/avatar\/594abfe82761d620726242ff34ca472a705a4b97f16c790053a6b4c4035274d0?s=96&d=mm&r=g\",\"contentUrl\":\"https:\/\/secure.gravatar.com\/avatar\/594abfe82761d620726242ff34ca472a705a4b97f16c790053a6b4c4035274d0?s=96&d=mm&r=g\",\"caption\":\"Rodrigo Zuquim\"},\"url\":\"https:\/\/agenciainfra.com\/blog\/author\/rodrigo-zuquim\/\"}]}<\/script>\n<!-- \/ Yoast SEO Premium plugin. -->","yoast_head_json":{"title":"Felipe d'Avila defende abertura econ\u00f4mica unilateral e potencial verde do Brasil para atrair investimentos em infraestrutura - Ag\u00eancia iNFRA","robots":{"index":"index","follow":"follow","max-snippet":"max-snippet:-1","max-image-preview":"max-image-preview:large","max-video-preview":"max-video-preview:-1"},"canonical":"https:\/\/agenciainfra.com\/blog\/felipe-davila-defende-abertura-economica-unilateral-e-potencial-verde-do-brasil-para-atrair-investimentos-em-infraestrutura\/","og_locale":"pt_BR","og_type":"article","og_title":"Felipe d'Avila defende abertura econ\u00f4mica unilateral e potencial verde do Brasil para atrair investimentos em infraestrutura","og_description":"da Ag\u00eancia iNFRA Felipe d\u2019Avila, candidato \u00e0 Presid\u00eancia da Rep\u00fablica pelo partido Novo, disse que, se eleito, vai atrair investimentos para o setor de infraestrutura e as ind\u00fastrias de base no Brasil a partir de dois pilares: economia e meio ambiente. D\u2019Avila apresentou suas propostas durante o Abdib F\u00f3rum 2022 \u2013 Agenda da Infraestrutura com [&hellip;]","og_url":"https:\/\/agenciainfra.com\/blog\/felipe-davila-defende-abertura-economica-unilateral-e-potencial-verde-do-brasil-para-atrair-investimentos-em-infraestrutura\/","og_site_name":"Ag\u00eancia iNFRA","article_publisher":"https:\/\/www.facebook.com\/ageninfra","article_published_time":"2022-09-05T21:26:29+00:00","article_modified_time":"2022-09-05T21:26:34+00:00","og_image":[{"width":1280,"height":853,"url":"https:\/\/agenciainfra.com\/blog\/wp-content\/uploads\/2022\/09\/felipe-davila-foto-abdib.jpeg","type":"image\/jpeg"}],"author":"Rodrigo Zuquim","twitter_card":"summary_large_image","twitter_creator":"@agencia_infra","twitter_site":"@agencia_infra","twitter_misc":{"Escrito por":"Rodrigo Zuquim","Est. tempo de leitura":"5 minutos"},"schema":{"@context":"https:\/\/schema.org","@graph":[{"@type":"Article","@id":"https:\/\/agenciainfra.com\/blog\/felipe-davila-defende-abertura-economica-unilateral-e-potencial-verde-do-brasil-para-atrair-investimentos-em-infraestrutura\/#article","isPartOf":{"@id":"https:\/\/agenciainfra.com\/blog\/felipe-davila-defende-abertura-economica-unilateral-e-potencial-verde-do-brasil-para-atrair-investimentos-em-infraestrutura\/"},"author":{"name":"Rodrigo Zuquim","@id":"https:\/\/agenciainfra.com\/blog\/#\/schema\/person\/04dbb79bd6d8951f063da71f3e4c1eb1"},"headline":"Felipe d&#8217;Avila defende abertura econ\u00f4mica unilateral e potencial verde do Brasil para atrair investimentos em infraestrutura","datePublished":"2022-09-05T21:26:29+00:00","dateModified":"2022-09-05T21:26:34+00:00","mainEntityOfPage":{"@id":"https:\/\/agenciainfra.com\/blog\/felipe-davila-defende-abertura-economica-unilateral-e-potencial-verde-do-brasil-para-atrair-investimentos-em-infraestrutura\/"},"wordCount":1003,"publisher":{"@id":"https:\/\/agenciainfra.com\/blog\/#organization"},"image":{"@id":"https:\/\/agenciainfra.com\/blog\/felipe-davila-defende-abertura-economica-unilateral-e-potencial-verde-do-brasil-para-atrair-investimentos-em-infraestrutura\/#primaryimage"},"thumbnailUrl":"https:\/\/agenciainfra.com\/blog\/wp-content\/uploads\/2022\/09\/felipe-davila-foto-abdib.jpeg","keywords":["ABDIB","Abdib F\u00f3rum 2022","abertura econ\u00f4mica","Agenda da Infraestrutura","Elei\u00e7\u00f5es 2022","Felipe d&#039;Avila","Infraestrutura","Investimentos","meio ambiente","privatiza\u00e7\u00f5es","seguran\u00e7a jur\u00eddica"],"articleSection":["Geral","iNFRALive e Eventos"],"inLanguage":"pt-BR","copyrightYear":"2022","copyrightHolder":{"@id":"https:\/\/agenciainfra.com\/blog\/#organization"}},{"@type":"WebPage","@id":"https:\/\/agenciainfra.com\/blog\/felipe-davila-defende-abertura-economica-unilateral-e-potencial-verde-do-brasil-para-atrair-investimentos-em-infraestrutura\/","url":"https:\/\/agenciainfra.com\/blog\/felipe-davila-defende-abertura-economica-unilateral-e-potencial-verde-do-brasil-para-atrair-investimentos-em-infraestrutura\/","name":"Felipe d'Avila defende abertura econ\u00f4mica unilateral e potencial verde do Brasil para atrair investimentos em infraestrutura - Ag\u00eancia iNFRA","isPartOf":{"@id":"https:\/\/agenciainfra.com\/blog\/#website"},"primaryImageOfPage":{"@id":"https:\/\/agenciainfra.com\/blog\/felipe-davila-defende-abertura-economica-unilateral-e-potencial-verde-do-brasil-para-atrair-investimentos-em-infraestrutura\/#primaryimage"},"image":{"@id":"https:\/\/agenciainfra.com\/blog\/felipe-davila-defende-abertura-economica-unilateral-e-potencial-verde-do-brasil-para-atrair-investimentos-em-infraestrutura\/#primaryimage"},"thumbnailUrl":"https:\/\/agenciainfra.com\/blog\/wp-content\/uploads\/2022\/09\/felipe-davila-foto-abdib.jpeg","datePublished":"2022-09-05T21:26:29+00:00","dateModified":"2022-09-05T21:26:34+00:00","breadcrumb":{"@id":"https:\/\/agenciainfra.com\/blog\/felipe-davila-defende-abertura-economica-unilateral-e-potencial-verde-do-brasil-para-atrair-investimentos-em-infraestrutura\/#breadcrumb"},"inLanguage":"pt-BR","potentialAction":[{"@type":"ReadAction","target":["https:\/\/agenciainfra.com\/blog\/felipe-davila-defende-abertura-economica-unilateral-e-potencial-verde-do-brasil-para-atrair-investimentos-em-infraestrutura\/"]}]},{"@type":"ImageObject","inLanguage":"pt-BR","@id":"https:\/\/agenciainfra.com\/blog\/felipe-davila-defende-abertura-economica-unilateral-e-potencial-verde-do-brasil-para-atrair-investimentos-em-infraestrutura\/#primaryimage","url":"https:\/\/agenciainfra.com\/blog\/wp-content\/uploads\/2022\/09\/felipe-davila-foto-abdib.jpeg","contentUrl":"https:\/\/agenciainfra.com\/blog\/wp-content\/uploads\/2022\/09\/felipe-davila-foto-abdib.jpeg","width":1280,"height":853},{"@type":"BreadcrumbList","@id":"https:\/\/agenciainfra.com\/blog\/felipe-davila-defende-abertura-economica-unilateral-e-potencial-verde-do-brasil-para-atrair-investimentos-em-infraestrutura\/#breadcrumb","itemListElement":[{"@type":"ListItem","position":1,"name":"In\u00edcio","item":"https:\/\/agenciainfra.com\/blog\/"},{"@type":"ListItem","position":2,"name":"Felipe d&#8217;Avila defende abertura econ\u00f4mica unilateral e potencial verde do Brasil para atrair investimentos em infraestrutura"}]},{"@type":"WebSite","@id":"https:\/\/agenciainfra.com\/blog\/#website","url":"https:\/\/agenciainfra.com\/blog\/","name":"Ag\u00eancia iNFRA","description":"Multiplataforma de informa\u00e7\u00e3o jornal\u00edstica refer\u00eancia na \u00e1rea de infraestrutura no Brasil!","publisher":{"@id":"https:\/\/agenciainfra.com\/blog\/#organization"},"potentialAction":[{"@type":"SearchAction","target":{"@type":"EntryPoint","urlTemplate":"https:\/\/agenciainfra.com\/blog\/?s={search_term_string}"},"query-input":{"@type":"PropertyValueSpecification","valueRequired":true,"valueName":"search_term_string"}}],"inLanguage":"pt-BR"},{"@type":"Organization","@id":"https:\/\/agenciainfra.com\/blog\/#organization","name":"Ag\u00eancia iNFRA","url":"https:\/\/agenciainfra.com\/blog\/","logo":{"@type":"ImageObject","inLanguage":"pt-BR","@id":"https:\/\/agenciainfra.com\/blog\/#\/schema\/logo\/image\/","url":"https:\/\/agenciainfra.com\/blog\/wp-content\/uploads\/2023\/09\/iNFRA_5-e1761735885940.png","contentUrl":"https:\/\/agenciainfra.com\/blog\/wp-content\/uploads\/2023\/09\/iNFRA_5-e1761735885940.png","width":1672,"height":454,"caption":"Ag\u00eancia iNFRA"},"image":{"@id":"https:\/\/agenciainfra.com\/blog\/#\/schema\/logo\/image\/"},"sameAs":["https:\/\/www.facebook.com\/ageninfra","https:\/\/x.com\/agencia_infra","https:\/\/www.linkedin.com\/company\/ag\u00eanciainfra\/","https:\/\/www.instagram.com\/agenciainfra\/"]},{"@type":"Person","@id":"https:\/\/agenciainfra.com\/blog\/#\/schema\/person\/04dbb79bd6d8951f063da71f3e4c1eb1","name":"Rodrigo Zuquim","image":{"@type":"ImageObject","inLanguage":"pt-BR","@id":"https:\/\/agenciainfra.com\/blog\/#\/schema\/person\/image\/","url":"https:\/\/secure.gravatar.com\/avatar\/594abfe82761d620726242ff34ca472a705a4b97f16c790053a6b4c4035274d0?s=96&d=mm&r=g","contentUrl":"https:\/\/secure.gravatar.com\/avatar\/594abfe82761d620726242ff34ca472a705a4b97f16c790053a6b4c4035274d0?s=96&d=mm&r=g","caption":"Rodrigo Zuquim"},"url":"https:\/\/agenciainfra.com\/blog\/author\/rodrigo-zuquim\/"}]}},"_links":{"self":[{"href":"https:\/\/agenciainfra.com\/blog\/wp-json\/wp\/v2\/posts\/11245","targetHints":{"allow":["GET"]}}],"collection":[{"href":"https:\/\/agenciainfra.com\/blog\/wp-json\/wp\/v2\/posts"}],"about":[{"href":"https:\/\/agenciainfra.com\/blog\/wp-json\/wp\/v2\/types\/post"}],"author":[{"embeddable":true,"href":"https:\/\/agenciainfra.com\/blog\/wp-json\/wp\/v2\/users\/9"}],"replies":[{"embeddable":true,"href":"https:\/\/agenciainfra.com\/blog\/wp-json\/wp\/v2\/comments?post=11245"}],"version-history":[{"count":0,"href":"https:\/\/agenciainfra.com\/blog\/wp-json\/wp\/v2\/posts\/11245\/revisions"}],"wp:featuredmedia":[{"embeddable":true,"href":"https:\/\/agenciainfra.com\/blog\/wp-json\/wp\/v2\/media\/11246"}],"wp:attachment":[{"href":"https:\/\/agenciainfra.com\/blog\/wp-json\/wp\/v2\/media?parent=11245"}],"wp:term":[{"taxonomy":"category","embeddable":true,"href":"https:\/\/agenciainfra.com\/blog\/wp-json\/wp\/v2\/categories?post=11245"},{"taxonomy":"post_tag","embeddable":true,"href":"https:\/\/agenciainfra.com\/blog\/wp-json\/wp\/v2\/tags?post=11245"}],"curies":[{"name":"wp","href":"https:\/\/api.w.org\/{rel}","templated":true}]}}