{"id":11254,"date":"2022-09-05T18:51:06","date_gmt":"2022-09-05T21:51:06","guid":{"rendered":"https:\/\/www.agenciainfra.com\/blog\/?p=11254"},"modified":"2022-09-05T18:51:09","modified_gmt":"2022-09-05T21:51:09","slug":"geraldo-alckmin-enaltece-atuacao-dos-governos-lula-e-dilma-na-infraestrutura-e-fala-em-aperfeicoamento-da-democracia","status":"publish","type":"post","link":"https:\/\/agenciainfra.com\/blog\/geraldo-alckmin-enaltece-atuacao-dos-governos-lula-e-dilma-na-infraestrutura-e-fala-em-aperfeicoamento-da-democracia\/","title":{"rendered":"Geraldo Alckmin enaltece atua\u00e7\u00e3o dos governos Lula e Dilma na infraestrutura e fala em aperfei\u00e7oamento da democracia"},"content":{"rendered":"\n<p class=\"has-text-align-right\"><strong>da Ag\u00eancia iNFRA<\/strong><\/p>\n\n\n\n<p>O investimento p\u00fablico e o papel da ind\u00fastria no fortalecimento da economia foram alguns dos temas trazidos por Geraldo Alckmin, em 29 de agosto, durante o Abdib F\u00f3rum 2022 &#8211; Agenda da Infraestrutura com Presidenci\u00e1veis, em S\u00e3o Paulo (SP). O candidato \u00e0 vice-presidente\u00a0na chapa de Luiz In\u00e1cio Lula da Silva, do PT (Partido dos Trabalhadores), representou a candidatura no evento e falou sobre os valores que considera cruciais para a retomada do emprego e renda.<\/p>\n\n\n\n<p>Alckmin refor\u00e7ou a preocupa\u00e7\u00e3o do governo com os modais de transportes e a amplia\u00e7\u00e3o e recupera\u00e7\u00e3o de rodovias, que para ele representam quest\u00f5es de seguran\u00e7a e sa\u00fade p\u00fablica. Mencionou tamb\u00e9m a necessidade de desenvolver projeto em hidrovias e aerovias.<\/p>\n\n\n\n<p>O candidato a vice defendeu que, al\u00e9m de investimentos, as concess\u00f5es e PPPs (parcerias p\u00fablico-privadas) s\u00e3o possibilidades estrat\u00e9gicas essenciais para o desenvolvimento, e afirmou que o modelo de concess\u00f5es de infraestrutura dos governos Lula e Dilma, cujos leil\u00f5es seguiam os crit\u00e9rio de menor tarifa e maior investimento,&nbsp;foi melhor que aquele de concess\u00f5es onerosas feitas no governo de M\u00e1rio Covas, em S\u00e3o Paulo, do qual foi vice.<\/p>\n\n\n\n<p>Geraldo Alckmin tamb\u00e9m apontou a import\u00e2ncia de um \u201caprimoramento do processo democr\u00e1tico brasileiro\u201d para o fortalecimento da economia, da competitividade e de investimentos no setor de infraestrutura. \u201cSe tiver seguran\u00e7a jur\u00eddica, vai ter investimento. [&#8230;] Com investimento, o pa\u00eds cresce e a infla\u00e7\u00e3o cai, assim como a taxa de juros\u201d, disse.<\/p>\n\n\n\n<p><strong>Investimentos p\u00fablicos e privados<\/strong><br>Alckmin defendeu a necessidade da iniciativa p\u00fablica em conjunto com a iniciativa privada para avan\u00e7ar a agenda de infraestrutura e log\u00edstica no pa\u00eds. &#8220;[Elas] se complementam. \u00c9 uma boa sinergia&#8221;, pontuou.<\/p>\n\n\n\n<p>O ex-governador afirmou que a iniciativa privada est\u00e1 convidada e convocada para agir em prol dos grandes objetivos da infraestrutura e log\u00edstica, dando como exemplo a Ferrogr\u00e3o, projeto ferrovi\u00e1rio que liga o Mato Grosso ao Par\u00e1.<\/p>\n\n\n\n<p>O representante da campanha de&nbsp;Lula destacou tamb\u00e9m o papel de bons modelos, citando as concess\u00f5es e, no caso das PPPs, de um fundo garantidor que ajude a dar mais garantia aos financiamentos. Disse ainda que o BNDES (Banco Nacional de Desenvolvimento Econ\u00f4mico e Social) e bancos internacionais de fomento podem ter um grande papel como investidores nas PPPs.<\/p>\n\n\n\n<p><strong>Privatiza\u00e7\u00f5es<\/strong><br>Alckmin acredita que o caminho n\u00e3o seja vender as empresas, mas sim trazer a iniciativa privada como parceira destas, e recuperar o investimento p\u00fablico. O candidato a vice disse n\u00e3o estar entre as prioridades do programa de Lula a privatiza\u00e7\u00e3o de nenhuma grande estatal, citando Petrobras, Caixa Econ\u00f4mica Federal e Banco do Brasil. Citou ainda n\u00e3o haver no programa da candidtura men\u00e7\u00e3o \u00e0 reestatiza\u00e7\u00e3o da Eletrobras.<\/p>\n\n\n\n<p>Caso ven\u00e7a as elei\u00e7\u00f5es, o governo pretende trabalhar em uma rela\u00e7\u00e3o respeitosa com o Legislativo para a execu\u00e7\u00e3o de projetos de infraestrutura. O candidato&nbsp;criticou severamente o or\u00e7amento secreto do governo de Jair Bolsonaro, chamando-o de &#8220;excresc\u00eancia&#8221;. Ele tamb\u00e9m apontou a falta de planejamento no pa\u00eds que faz &#8220;investimentozinho picotado&#8221;.<\/p>\n\n\n\n<p><strong>Reforma tribut\u00e1ria<\/strong><br>\u201cO lado bom do presidencialismo \u00e9 a for\u00e7a da urna, do voto direto\u201d, destacou o candidato ao afirmar que as reformas tribut\u00e1rias devem ser feitas nos primeiros seis meses de governo, especialmente aquelas que demandem emendas constitucionais.<\/p>\n\n\n\n<p>Ele acredita que as PECs (Propostas de Emenda \u00e0 Constitui\u00e7\u00e3o) 45 e 110 est\u00e3o maduras para serem votadas, e que a for\u00e7a dos votos do eleito permitir\u00e1 que se aprovem rapidamente esses projetos. Segundo ele, essas reformas t\u00eam o potencial de impulsionar o PIB do pa\u00eds, simplificando os impostos.<\/p>\n\n\n\n<p>Para o custo de capital alto e a desproporcionalidade dos juros no Brasil em rela\u00e7\u00e3o aos demais pa\u00edses, Alckmin prop\u00f4s tirar impostos de opera\u00e7\u00f5es financeiras e aumentar a concorr\u00eancia econ\u00f4mica. Al\u00e9m disso, ressaltou a import\u00e2ncia de refor\u00e7ar acordos internacionais, visto que o Brasil est\u00e1 isolado economicamente ap\u00f3s a pandemia de Covid-19.<\/p>\n\n\n\n<p><strong>Meio ambiente<\/strong><br>Alckmin abordou o tema ambiental chamando aten\u00e7\u00e3o para a gravidade da quest\u00e3o do desmatamento, que, segundo ele, se brecado, resolve metade do problema das emiss\u00f5es de carbono. Acrescentou ainda que o problema n\u00e3o \u00e9 apenas produto dos grandes agricultores, mas da grilagem de terra e, por isso, a bandeira que o governo levanta \u00e9 a do \u201cdesmatamento ilegal zero\u201d. De acordo com ele, a quest\u00e3o \u00e9 central e a fiscaliza\u00e7\u00e3o deve ser rigorosa.<\/p>\n\n\n\n<p><strong>Ind\u00fastria<\/strong><br>Sobre a retomada do papel da ind\u00fastria na economia brasileira e sobre como evitar a desindustrializa\u00e7\u00e3o precoce no pa\u00eds, o ex-governador afirmou que um conceito importante ser\u00e1 o princ\u00edpio da precau\u00e7\u00e3o na globaliza\u00e7\u00e3o. Ele ressaltou novamente a import\u00e2ncia da reforma tribut\u00e1ria nesse processo e do desenvolvimento da&nbsp;ci\u00eancia, inova\u00e7\u00e3o e tecnologia.<\/p>\n\n\n\n<p>\u201cA ind\u00fastria agrega valor, paga sal\u00e1rio mais alto. \u00c9 evidente que ela \u00e9 central\u201d, declarou. O candidato finalizou afirmando que n\u00e3o h\u00e1 uma &#8220;bala de prata&#8221; para fazer o processo de reindustrializa\u00e7\u00e3o do pa\u00eds, mas que \u00e9 preciso um conjunto de pol\u00edticas p\u00fablicas e investimentos em v\u00e1rios setores para que funcione.<\/p>\n","protected":false},"excerpt":{"rendered":"<p>da Ag\u00eancia iNFRA O investimento p\u00fablico e o papel da ind\u00fastria no fortalecimento da economia foram alguns dos temas trazidos por Geraldo Alckmin, em 29 de agosto, durante o Abdib F\u00f3rum 2022 &#8211; Agenda da Infraestrutura com Presidenci\u00e1veis, em S\u00e3o Paulo (SP). O candidato \u00e0 vice-presidente\u00a0na chapa de Luiz In\u00e1cio Lula da Silva, do PT [&hellip;]<\/p>\n","protected":false},"author":9,"featured_media":11255,"comment_status":"closed","ping_status":"closed","sticky":false,"template":"","format":"standard","meta":{"_monsterinsights_skip_tracking":false,"_monsterinsights_sitenote_active":false,"_monsterinsights_sitenote_note":"","_monsterinsights_sitenote_category":0,"footnotes":""},"categories":[1,2053],"tags":[35,5762,5763,103,78,483,368,34,32,580,849,1315,418,1730],"class_list":["post-11254","post","type-post","status-publish","format-standard","has-post-thumbnail","hentry","category-geral","category-infraliveventos","tag-abdib","tag-abdib-forum-2022","tag-agenda-da-infraestrutura","tag-bndes","tag-concessoes","tag-geraldo-alckmin","tag-industria","tag-infraestrutura","tag-investimentos","tag-lula","tag-meio-ambiente","tag-parcerias-publico-privadas","tag-privatizacoes","tag-reforma-tributaria"],"yoast_head":"<!-- This site is optimized with the Yoast SEO Premium plugin v25.4 (Yoast SEO v26.0) - https:\/\/yoast.com\/wordpress\/plugins\/seo\/ -->\n<title>Geraldo Alckmin enaltece atua\u00e7\u00e3o dos governos Lula e Dilma na infraestrutura e fala em aperfei\u00e7oamento da democracia - Ag\u00eancia iNFRA<\/title>\n<meta name=\"robots\" content=\"index, follow, max-snippet:-1, max-image-preview:large, max-video-preview:-1\" \/>\n<link rel=\"canonical\" href=\"https:\/\/agenciainfra.com\/blog\/geraldo-alckmin-enaltece-atuacao-dos-governos-lula-e-dilma-na-infraestrutura-e-fala-em-aperfeicoamento-da-democracia\/\" \/>\n<meta property=\"og:locale\" content=\"pt_BR\" \/>\n<meta property=\"og:type\" content=\"article\" \/>\n<meta property=\"og:title\" content=\"Geraldo Alckmin enaltece atua\u00e7\u00e3o dos governos Lula e Dilma na infraestrutura e fala em aperfei\u00e7oamento da democracia\" \/>\n<meta property=\"og:description\" content=\"da Ag\u00eancia iNFRA O investimento p\u00fablico e o papel da ind\u00fastria no fortalecimento da economia foram alguns dos temas trazidos por Geraldo Alckmin, em 29 de agosto, durante o Abdib F\u00f3rum 2022 &#8211; Agenda da Infraestrutura com Presidenci\u00e1veis, em S\u00e3o Paulo (SP). O candidato \u00e0 vice-presidente\u00a0na chapa de Luiz In\u00e1cio Lula da Silva, do PT [&hellip;]\" \/>\n<meta property=\"og:url\" content=\"https:\/\/agenciainfra.com\/blog\/geraldo-alckmin-enaltece-atuacao-dos-governos-lula-e-dilma-na-infraestrutura-e-fala-em-aperfeicoamento-da-democracia\/\" \/>\n<meta property=\"og:site_name\" content=\"Ag\u00eancia iNFRA\" \/>\n<meta property=\"article:publisher\" content=\"https:\/\/www.facebook.com\/ageninfra\" \/>\n<meta property=\"article:published_time\" content=\"2022-09-05T21:51:06+00:00\" \/>\n<meta property=\"article:modified_time\" content=\"2022-09-05T21:51:09+00:00\" \/>\n<meta property=\"og:image\" content=\"https:\/\/agenciainfra.com\/blog\/wp-content\/uploads\/2022\/09\/geraldo-alckmin-foto-abdib-divulgacao.jpeg\" \/>\n\t<meta property=\"og:image:width\" content=\"1280\" \/>\n\t<meta property=\"og:image:height\" content=\"853\" \/>\n\t<meta property=\"og:image:type\" content=\"image\/jpeg\" \/>\n<meta name=\"author\" content=\"Rodrigo Zuquim\" \/>\n<meta name=\"twitter:card\" content=\"summary_large_image\" \/>\n<meta name=\"twitter:creator\" content=\"@agencia_infra\" \/>\n<meta name=\"twitter:site\" content=\"@agencia_infra\" \/>\n<meta name=\"twitter:label1\" content=\"Escrito por\" \/>\n\t<meta name=\"twitter:data1\" content=\"Rodrigo Zuquim\" \/>\n\t<meta name=\"twitter:label2\" content=\"Est. tempo de leitura\" \/>\n\t<meta name=\"twitter:data2\" content=\"4 minutos\" \/>\n<script type=\"application\/ld+json\" class=\"yoast-schema-graph\">{\"@context\":\"https:\/\/schema.org\",\"@graph\":[{\"@type\":\"Article\",\"@id\":\"https:\/\/agenciainfra.com\/blog\/geraldo-alckmin-enaltece-atuacao-dos-governos-lula-e-dilma-na-infraestrutura-e-fala-em-aperfeicoamento-da-democracia\/#article\",\"isPartOf\":{\"@id\":\"https:\/\/agenciainfra.com\/blog\/geraldo-alckmin-enaltece-atuacao-dos-governos-lula-e-dilma-na-infraestrutura-e-fala-em-aperfeicoamento-da-democracia\/\"},\"author\":{\"name\":\"Rodrigo Zuquim\",\"@id\":\"https:\/\/agenciainfra.com\/blog\/#\/schema\/person\/04dbb79bd6d8951f063da71f3e4c1eb1\"},\"headline\":\"Geraldo Alckmin enaltece atua\u00e7\u00e3o dos governos Lula e Dilma na infraestrutura e fala em aperfei\u00e7oamento da democracia\",\"datePublished\":\"2022-09-05T21:51:06+00:00\",\"dateModified\":\"2022-09-05T21:51:09+00:00\",\"mainEntityOfPage\":{\"@id\":\"https:\/\/agenciainfra.com\/blog\/geraldo-alckmin-enaltece-atuacao-dos-governos-lula-e-dilma-na-infraestrutura-e-fala-em-aperfeicoamento-da-democracia\/\"},\"wordCount\":912,\"publisher\":{\"@id\":\"https:\/\/agenciainfra.com\/blog\/#organization\"},\"image\":{\"@id\":\"https:\/\/agenciainfra.com\/blog\/geraldo-alckmin-enaltece-atuacao-dos-governos-lula-e-dilma-na-infraestrutura-e-fala-em-aperfeicoamento-da-democracia\/#primaryimage\"},\"thumbnailUrl\":\"https:\/\/agenciainfra.com\/blog\/wp-content\/uploads\/2022\/09\/geraldo-alckmin-foto-abdib-divulgacao.jpeg\",\"keywords\":[\"ABDIB\",\"Abdib F\u00f3rum 2022\",\"Agenda da Infraestrutura\",\"BNDES\",\"concess\u00f5es\",\"Geraldo Alckmin\",\"ind\u00fastria\",\"Infraestrutura\",\"Investimentos\",\"Lula\",\"meio ambiente\",\"parcerias p\u00fablico-privadas\",\"privatiza\u00e7\u00f5es\",\"reforma tribut\u00e1ria\"],\"articleSection\":[\"Geral\",\"iNFRALive e Eventos\"],\"inLanguage\":\"pt-BR\",\"copyrightYear\":\"2022\",\"copyrightHolder\":{\"@id\":\"https:\/\/agenciainfra.com\/blog\/#organization\"}},{\"@type\":\"WebPage\",\"@id\":\"https:\/\/agenciainfra.com\/blog\/geraldo-alckmin-enaltece-atuacao-dos-governos-lula-e-dilma-na-infraestrutura-e-fala-em-aperfeicoamento-da-democracia\/\",\"url\":\"https:\/\/agenciainfra.com\/blog\/geraldo-alckmin-enaltece-atuacao-dos-governos-lula-e-dilma-na-infraestrutura-e-fala-em-aperfeicoamento-da-democracia\/\",\"name\":\"Geraldo Alckmin enaltece atua\u00e7\u00e3o dos governos Lula e Dilma na infraestrutura e fala em aperfei\u00e7oamento da democracia - Ag\u00eancia iNFRA\",\"isPartOf\":{\"@id\":\"https:\/\/agenciainfra.com\/blog\/#website\"},\"primaryImageOfPage\":{\"@id\":\"https:\/\/agenciainfra.com\/blog\/geraldo-alckmin-enaltece-atuacao-dos-governos-lula-e-dilma-na-infraestrutura-e-fala-em-aperfeicoamento-da-democracia\/#primaryimage\"},\"image\":{\"@id\":\"https:\/\/agenciainfra.com\/blog\/geraldo-alckmin-enaltece-atuacao-dos-governos-lula-e-dilma-na-infraestrutura-e-fala-em-aperfeicoamento-da-democracia\/#primaryimage\"},\"thumbnailUrl\":\"https:\/\/agenciainfra.com\/blog\/wp-content\/uploads\/2022\/09\/geraldo-alckmin-foto-abdib-divulgacao.jpeg\",\"datePublished\":\"2022-09-05T21:51:06+00:00\",\"dateModified\":\"2022-09-05T21:51:09+00:00\",\"breadcrumb\":{\"@id\":\"https:\/\/agenciainfra.com\/blog\/geraldo-alckmin-enaltece-atuacao-dos-governos-lula-e-dilma-na-infraestrutura-e-fala-em-aperfeicoamento-da-democracia\/#breadcrumb\"},\"inLanguage\":\"pt-BR\",\"potentialAction\":[{\"@type\":\"ReadAction\",\"target\":[\"https:\/\/agenciainfra.com\/blog\/geraldo-alckmin-enaltece-atuacao-dos-governos-lula-e-dilma-na-infraestrutura-e-fala-em-aperfeicoamento-da-democracia\/\"]}]},{\"@type\":\"ImageObject\",\"inLanguage\":\"pt-BR\",\"@id\":\"https:\/\/agenciainfra.com\/blog\/geraldo-alckmin-enaltece-atuacao-dos-governos-lula-e-dilma-na-infraestrutura-e-fala-em-aperfeicoamento-da-democracia\/#primaryimage\",\"url\":\"https:\/\/agenciainfra.com\/blog\/wp-content\/uploads\/2022\/09\/geraldo-alckmin-foto-abdib-divulgacao.jpeg\",\"contentUrl\":\"https:\/\/agenciainfra.com\/blog\/wp-content\/uploads\/2022\/09\/geraldo-alckmin-foto-abdib-divulgacao.jpeg\",\"width\":1280,\"height\":853},{\"@type\":\"BreadcrumbList\",\"@id\":\"https:\/\/agenciainfra.com\/blog\/geraldo-alckmin-enaltece-atuacao-dos-governos-lula-e-dilma-na-infraestrutura-e-fala-em-aperfeicoamento-da-democracia\/#breadcrumb\",\"itemListElement\":[{\"@type\":\"ListItem\",\"position\":1,\"name\":\"In\u00edcio\",\"item\":\"https:\/\/agenciainfra.com\/blog\/\"},{\"@type\":\"ListItem\",\"position\":2,\"name\":\"Geraldo Alckmin enaltece atua\u00e7\u00e3o dos governos Lula e Dilma na infraestrutura e fala em aperfei\u00e7oamento da democracia\"}]},{\"@type\":\"WebSite\",\"@id\":\"https:\/\/agenciainfra.com\/blog\/#website\",\"url\":\"https:\/\/agenciainfra.com\/blog\/\",\"name\":\"Ag\u00eancia iNFRA\",\"description\":\"Multiplataforma de informa\u00e7\u00e3o jornal\u00edstica refer\u00eancia na \u00e1rea de infraestrutura no Brasil!\",\"publisher\":{\"@id\":\"https:\/\/agenciainfra.com\/blog\/#organization\"},\"potentialAction\":[{\"@type\":\"SearchAction\",\"target\":{\"@type\":\"EntryPoint\",\"urlTemplate\":\"https:\/\/agenciainfra.com\/blog\/?s={search_term_string}\"},\"query-input\":{\"@type\":\"PropertyValueSpecification\",\"valueRequired\":true,\"valueName\":\"search_term_string\"}}],\"inLanguage\":\"pt-BR\"},{\"@type\":\"Organization\",\"@id\":\"https:\/\/agenciainfra.com\/blog\/#organization\",\"name\":\"Ag\u00eancia iNFRA\",\"url\":\"https:\/\/agenciainfra.com\/blog\/\",\"logo\":{\"@type\":\"ImageObject\",\"inLanguage\":\"pt-BR\",\"@id\":\"https:\/\/agenciainfra.com\/blog\/#\/schema\/logo\/image\/\",\"url\":\"https:\/\/agenciainfra.com\/blog\/wp-content\/uploads\/2023\/09\/iNFRA_5-e1761735885940.png\",\"contentUrl\":\"https:\/\/agenciainfra.com\/blog\/wp-content\/uploads\/2023\/09\/iNFRA_5-e1761735885940.png\",\"width\":1672,\"height\":454,\"caption\":\"Ag\u00eancia iNFRA\"},\"image\":{\"@id\":\"https:\/\/agenciainfra.com\/blog\/#\/schema\/logo\/image\/\"},\"sameAs\":[\"https:\/\/www.facebook.com\/ageninfra\",\"https:\/\/x.com\/agencia_infra\",\"https:\/\/www.linkedin.com\/company\/ag\u00eanciainfra\/\",\"https:\/\/www.instagram.com\/agenciainfra\/\"]},{\"@type\":\"Person\",\"@id\":\"https:\/\/agenciainfra.com\/blog\/#\/schema\/person\/04dbb79bd6d8951f063da71f3e4c1eb1\",\"name\":\"Rodrigo Zuquim\",\"image\":{\"@type\":\"ImageObject\",\"inLanguage\":\"pt-BR\",\"@id\":\"https:\/\/agenciainfra.com\/blog\/#\/schema\/person\/image\/\",\"url\":\"https:\/\/secure.gravatar.com\/avatar\/594abfe82761d620726242ff34ca472a705a4b97f16c790053a6b4c4035274d0?s=96&d=mm&r=g\",\"contentUrl\":\"https:\/\/secure.gravatar.com\/avatar\/594abfe82761d620726242ff34ca472a705a4b97f16c790053a6b4c4035274d0?s=96&d=mm&r=g\",\"caption\":\"Rodrigo Zuquim\"},\"url\":\"https:\/\/agenciainfra.com\/blog\/author\/rodrigo-zuquim\/\"}]}<\/script>\n<!-- \/ Yoast SEO Premium plugin. -->","yoast_head_json":{"title":"Geraldo Alckmin enaltece atua\u00e7\u00e3o dos governos Lula e Dilma na infraestrutura e fala em aperfei\u00e7oamento da democracia - Ag\u00eancia iNFRA","robots":{"index":"index","follow":"follow","max-snippet":"max-snippet:-1","max-image-preview":"max-image-preview:large","max-video-preview":"max-video-preview:-1"},"canonical":"https:\/\/agenciainfra.com\/blog\/geraldo-alckmin-enaltece-atuacao-dos-governos-lula-e-dilma-na-infraestrutura-e-fala-em-aperfeicoamento-da-democracia\/","og_locale":"pt_BR","og_type":"article","og_title":"Geraldo Alckmin enaltece atua\u00e7\u00e3o dos governos Lula e Dilma na infraestrutura e fala em aperfei\u00e7oamento da democracia","og_description":"da Ag\u00eancia iNFRA O investimento p\u00fablico e o papel da ind\u00fastria no fortalecimento da economia foram alguns dos temas trazidos por Geraldo Alckmin, em 29 de agosto, durante o Abdib F\u00f3rum 2022 &#8211; Agenda da Infraestrutura com Presidenci\u00e1veis, em S\u00e3o Paulo (SP). O candidato \u00e0 vice-presidente\u00a0na chapa de Luiz In\u00e1cio Lula da Silva, do PT [&hellip;]","og_url":"https:\/\/agenciainfra.com\/blog\/geraldo-alckmin-enaltece-atuacao-dos-governos-lula-e-dilma-na-infraestrutura-e-fala-em-aperfeicoamento-da-democracia\/","og_site_name":"Ag\u00eancia iNFRA","article_publisher":"https:\/\/www.facebook.com\/ageninfra","article_published_time":"2022-09-05T21:51:06+00:00","article_modified_time":"2022-09-05T21:51:09+00:00","og_image":[{"width":1280,"height":853,"url":"https:\/\/agenciainfra.com\/blog\/wp-content\/uploads\/2022\/09\/geraldo-alckmin-foto-abdib-divulgacao.jpeg","type":"image\/jpeg"}],"author":"Rodrigo Zuquim","twitter_card":"summary_large_image","twitter_creator":"@agencia_infra","twitter_site":"@agencia_infra","twitter_misc":{"Escrito por":"Rodrigo Zuquim","Est. tempo de leitura":"4 minutos"},"schema":{"@context":"https:\/\/schema.org","@graph":[{"@type":"Article","@id":"https:\/\/agenciainfra.com\/blog\/geraldo-alckmin-enaltece-atuacao-dos-governos-lula-e-dilma-na-infraestrutura-e-fala-em-aperfeicoamento-da-democracia\/#article","isPartOf":{"@id":"https:\/\/agenciainfra.com\/blog\/geraldo-alckmin-enaltece-atuacao-dos-governos-lula-e-dilma-na-infraestrutura-e-fala-em-aperfeicoamento-da-democracia\/"},"author":{"name":"Rodrigo Zuquim","@id":"https:\/\/agenciainfra.com\/blog\/#\/schema\/person\/04dbb79bd6d8951f063da71f3e4c1eb1"},"headline":"Geraldo Alckmin enaltece atua\u00e7\u00e3o dos governos Lula e Dilma na infraestrutura e fala em aperfei\u00e7oamento da democracia","datePublished":"2022-09-05T21:51:06+00:00","dateModified":"2022-09-05T21:51:09+00:00","mainEntityOfPage":{"@id":"https:\/\/agenciainfra.com\/blog\/geraldo-alckmin-enaltece-atuacao-dos-governos-lula-e-dilma-na-infraestrutura-e-fala-em-aperfeicoamento-da-democracia\/"},"wordCount":912,"publisher":{"@id":"https:\/\/agenciainfra.com\/blog\/#organization"},"image":{"@id":"https:\/\/agenciainfra.com\/blog\/geraldo-alckmin-enaltece-atuacao-dos-governos-lula-e-dilma-na-infraestrutura-e-fala-em-aperfeicoamento-da-democracia\/#primaryimage"},"thumbnailUrl":"https:\/\/agenciainfra.com\/blog\/wp-content\/uploads\/2022\/09\/geraldo-alckmin-foto-abdib-divulgacao.jpeg","keywords":["ABDIB","Abdib F\u00f3rum 2022","Agenda da Infraestrutura","BNDES","concess\u00f5es","Geraldo Alckmin","ind\u00fastria","Infraestrutura","Investimentos","Lula","meio ambiente","parcerias p\u00fablico-privadas","privatiza\u00e7\u00f5es","reforma tribut\u00e1ria"],"articleSection":["Geral","iNFRALive e Eventos"],"inLanguage":"pt-BR","copyrightYear":"2022","copyrightHolder":{"@id":"https:\/\/agenciainfra.com\/blog\/#organization"}},{"@type":"WebPage","@id":"https:\/\/agenciainfra.com\/blog\/geraldo-alckmin-enaltece-atuacao-dos-governos-lula-e-dilma-na-infraestrutura-e-fala-em-aperfeicoamento-da-democracia\/","url":"https:\/\/agenciainfra.com\/blog\/geraldo-alckmin-enaltece-atuacao-dos-governos-lula-e-dilma-na-infraestrutura-e-fala-em-aperfeicoamento-da-democracia\/","name":"Geraldo Alckmin enaltece atua\u00e7\u00e3o dos governos Lula e Dilma na infraestrutura e fala em aperfei\u00e7oamento da democracia - Ag\u00eancia iNFRA","isPartOf":{"@id":"https:\/\/agenciainfra.com\/blog\/#website"},"primaryImageOfPage":{"@id":"https:\/\/agenciainfra.com\/blog\/geraldo-alckmin-enaltece-atuacao-dos-governos-lula-e-dilma-na-infraestrutura-e-fala-em-aperfeicoamento-da-democracia\/#primaryimage"},"image":{"@id":"https:\/\/agenciainfra.com\/blog\/geraldo-alckmin-enaltece-atuacao-dos-governos-lula-e-dilma-na-infraestrutura-e-fala-em-aperfeicoamento-da-democracia\/#primaryimage"},"thumbnailUrl":"https:\/\/agenciainfra.com\/blog\/wp-content\/uploads\/2022\/09\/geraldo-alckmin-foto-abdib-divulgacao.jpeg","datePublished":"2022-09-05T21:51:06+00:00","dateModified":"2022-09-05T21:51:09+00:00","breadcrumb":{"@id":"https:\/\/agenciainfra.com\/blog\/geraldo-alckmin-enaltece-atuacao-dos-governos-lula-e-dilma-na-infraestrutura-e-fala-em-aperfeicoamento-da-democracia\/#breadcrumb"},"inLanguage":"pt-BR","potentialAction":[{"@type":"ReadAction","target":["https:\/\/agenciainfra.com\/blog\/geraldo-alckmin-enaltece-atuacao-dos-governos-lula-e-dilma-na-infraestrutura-e-fala-em-aperfeicoamento-da-democracia\/"]}]},{"@type":"ImageObject","inLanguage":"pt-BR","@id":"https:\/\/agenciainfra.com\/blog\/geraldo-alckmin-enaltece-atuacao-dos-governos-lula-e-dilma-na-infraestrutura-e-fala-em-aperfeicoamento-da-democracia\/#primaryimage","url":"https:\/\/agenciainfra.com\/blog\/wp-content\/uploads\/2022\/09\/geraldo-alckmin-foto-abdib-divulgacao.jpeg","contentUrl":"https:\/\/agenciainfra.com\/blog\/wp-content\/uploads\/2022\/09\/geraldo-alckmin-foto-abdib-divulgacao.jpeg","width":1280,"height":853},{"@type":"BreadcrumbList","@id":"https:\/\/agenciainfra.com\/blog\/geraldo-alckmin-enaltece-atuacao-dos-governos-lula-e-dilma-na-infraestrutura-e-fala-em-aperfeicoamento-da-democracia\/#breadcrumb","itemListElement":[{"@type":"ListItem","position":1,"name":"In\u00edcio","item":"https:\/\/agenciainfra.com\/blog\/"},{"@type":"ListItem","position":2,"name":"Geraldo Alckmin enaltece atua\u00e7\u00e3o dos governos Lula e Dilma na infraestrutura e fala em aperfei\u00e7oamento da democracia"}]},{"@type":"WebSite","@id":"https:\/\/agenciainfra.com\/blog\/#website","url":"https:\/\/agenciainfra.com\/blog\/","name":"Ag\u00eancia iNFRA","description":"Multiplataforma de informa\u00e7\u00e3o jornal\u00edstica refer\u00eancia na \u00e1rea de infraestrutura no Brasil!","publisher":{"@id":"https:\/\/agenciainfra.com\/blog\/#organization"},"potentialAction":[{"@type":"SearchAction","target":{"@type":"EntryPoint","urlTemplate":"https:\/\/agenciainfra.com\/blog\/?s={search_term_string}"},"query-input":{"@type":"PropertyValueSpecification","valueRequired":true,"valueName":"search_term_string"}}],"inLanguage":"pt-BR"},{"@type":"Organization","@id":"https:\/\/agenciainfra.com\/blog\/#organization","name":"Ag\u00eancia iNFRA","url":"https:\/\/agenciainfra.com\/blog\/","logo":{"@type":"ImageObject","inLanguage":"pt-BR","@id":"https:\/\/agenciainfra.com\/blog\/#\/schema\/logo\/image\/","url":"https:\/\/agenciainfra.com\/blog\/wp-content\/uploads\/2023\/09\/iNFRA_5-e1761735885940.png","contentUrl":"https:\/\/agenciainfra.com\/blog\/wp-content\/uploads\/2023\/09\/iNFRA_5-e1761735885940.png","width":1672,"height":454,"caption":"Ag\u00eancia iNFRA"},"image":{"@id":"https:\/\/agenciainfra.com\/blog\/#\/schema\/logo\/image\/"},"sameAs":["https:\/\/www.facebook.com\/ageninfra","https:\/\/x.com\/agencia_infra","https:\/\/www.linkedin.com\/company\/ag\u00eanciainfra\/","https:\/\/www.instagram.com\/agenciainfra\/"]},{"@type":"Person","@id":"https:\/\/agenciainfra.com\/blog\/#\/schema\/person\/04dbb79bd6d8951f063da71f3e4c1eb1","name":"Rodrigo Zuquim","image":{"@type":"ImageObject","inLanguage":"pt-BR","@id":"https:\/\/agenciainfra.com\/blog\/#\/schema\/person\/image\/","url":"https:\/\/secure.gravatar.com\/avatar\/594abfe82761d620726242ff34ca472a705a4b97f16c790053a6b4c4035274d0?s=96&d=mm&r=g","contentUrl":"https:\/\/secure.gravatar.com\/avatar\/594abfe82761d620726242ff34ca472a705a4b97f16c790053a6b4c4035274d0?s=96&d=mm&r=g","caption":"Rodrigo Zuquim"},"url":"https:\/\/agenciainfra.com\/blog\/author\/rodrigo-zuquim\/"}]}},"_links":{"self":[{"href":"https:\/\/agenciainfra.com\/blog\/wp-json\/wp\/v2\/posts\/11254","targetHints":{"allow":["GET"]}}],"collection":[{"href":"https:\/\/agenciainfra.com\/blog\/wp-json\/wp\/v2\/posts"}],"about":[{"href":"https:\/\/agenciainfra.com\/blog\/wp-json\/wp\/v2\/types\/post"}],"author":[{"embeddable":true,"href":"https:\/\/agenciainfra.com\/blog\/wp-json\/wp\/v2\/users\/9"}],"replies":[{"embeddable":true,"href":"https:\/\/agenciainfra.com\/blog\/wp-json\/wp\/v2\/comments?post=11254"}],"version-history":[{"count":0,"href":"https:\/\/agenciainfra.com\/blog\/wp-json\/wp\/v2\/posts\/11254\/revisions"}],"wp:featuredmedia":[{"embeddable":true,"href":"https:\/\/agenciainfra.com\/blog\/wp-json\/wp\/v2\/media\/11255"}],"wp:attachment":[{"href":"https:\/\/agenciainfra.com\/blog\/wp-json\/wp\/v2\/media?parent=11254"}],"wp:term":[{"taxonomy":"category","embeddable":true,"href":"https:\/\/agenciainfra.com\/blog\/wp-json\/wp\/v2\/categories?post=11254"},{"taxonomy":"post_tag","embeddable":true,"href":"https:\/\/agenciainfra.com\/blog\/wp-json\/wp\/v2\/tags?post=11254"}],"curies":[{"name":"wp","href":"https:\/\/api.w.org\/{rel}","templated":true}]}}