{"id":11262,"date":"2022-09-06T11:00:00","date_gmt":"2022-09-06T14:00:00","guid":{"rendered":"https:\/\/www.agenciainfra.com\/blog\/?p=11262"},"modified":"2022-09-06T07:47:29","modified_gmt":"2022-09-06T10:47:29","slug":"analise-falta-de-equipamentos-mao-de-obra-e-capital-na-area-de-transmissao-preocupa-investidores","status":"publish","type":"post","link":"https:\/\/agenciainfra.com\/blog\/analise-falta-de-equipamentos-mao-de-obra-e-capital-na-area-de-transmissao-preocupa-investidores\/","title":{"rendered":"An\u00e1lise: Falta de equipamentos, m\u00e3o de obra e capital na \u00e1rea de transmiss\u00e3o preocupa investidores"},"content":{"rendered":"\n<p class=\"has-text-align-right\"><strong>Roberto Rockmann*<\/strong><\/p>\n\n\n\n<p>A estimativa de investimentos de R$ 50 bilh\u00f5es em novas linhas de transmiss\u00e3o a serem licitadas em 2023 e 2024 tem criado d\u00favidas sobre disponibilidade de capital, m\u00e3o de obra, equipamentos e EPCistas para executar os empreendimentos. A preocupa\u00e7\u00e3o ronda transmissoras e uma parte do governo federal. Avalia-se a contrata\u00e7\u00e3o de um estudo para buscar mapear e tratar eventuais gargalos ou fontes de sobrecusto que possam comprometer o andamento dos futuros projetos.<br><br>O mercado de capitais mudou de patamar nos \u00faltimos meses. Os juros est\u00e3o em 13,75% e o cr\u00e9dito est\u00e1 mais caro e seletivo. Deb\u00eantures incentivadas t\u00eam de pagar pr\u00eamios mais elevados. Uma sa\u00edda pode ser empr\u00e9stimos pontes at\u00e9 que as incertezas dom\u00e9sticas e internacionais se dissipem, mas h\u00e1 tamb\u00e9m inc\u00f3gnitas sobre quando haver\u00e1 estabilidade dos juros aqui e l\u00e1 fora diante dos efeitos da guerra entre Ucr\u00e2nia e R\u00fassia.<br><br>H\u00e1 uma preocupa\u00e7\u00e3o tamb\u00e9m se a cadeia de fornecedores e EPCistas, empreiteiras que entregam o empreendimento pronto, t\u00eam condi\u00e7\u00f5es de atender aos pedidos. Al\u00e9m de um bipolo de corrente cont\u00ednua, cogita-se a constru\u00e7\u00e3o de outro, um segmento que tem tido alta demanda mundial, impulsionada por China, Europa e Estados Unidos. Fornecedores de equipamentos veem esse como um ponto delicado.<br><br>\u201cA preocupa\u00e7\u00e3o das transmissoras \u00e9 natural pelo conjunto de investimentos muito mais vultoso que o que estamos vendo nesses \u00faltimos anos\u201d, diz um empres\u00e1rio. \u201cMesmo que haja o des\u00e1gio que estamos vendo nos \u00faltimos leil\u00f5es sobre esses investimentos, seriam R$ 30 bilh\u00f5es a R$ 35 bilh\u00f5es, um volume consider\u00e1vel\u201d, diz um executivo de transmissora.<br><br>A Opera\u00e7\u00e3o Lava Jato mudou a configura\u00e7\u00e3o das empreiteiras EPCistas. Isso se combinou ao cen\u00e1rio da pandemia e da alta dos custos de mat\u00e9rias-primas desde 2020. No fim do ano passado, algumas dessas empresas bateram \u00e0 porta do ent\u00e3o ministro de Minas e Energia, Bento Albuquerque, apontando a situa\u00e7\u00e3o dif\u00edcil vivenciada. O assunto n\u00e3o \u00e9 reservado.<br><br>No in\u00edcio de agosto, durante a teleconfer\u00eancia de resultados da Alupar, o diretor-financeiro Jos\u00e9 Luiz de Godoy Pereira citou que muitas EPCistas tiveram problemas por conta do aumento de custos. \u201cAinda teve a pandemia que agravou a situa\u00e7\u00e3o de muitos prestadores de servi\u00e7o que faziam EPC. Isso fez com que hoje tenha no Brasil muito pouca op\u00e7\u00e3o de EPCistas. Tenho visto muito EPCista abandonando contrato e condi\u00e7\u00f5es de executar por estar perdendo volume alto de dinheiro. Isso \u00e9 um grande ponto de interroga\u00e7\u00e3o\u201d, ressaltou. Durante a implanta\u00e7\u00e3o de projetos recentes, a Alupar teve que substituir cinco fornecedores por n\u00e3o estarem performando de forma adequada.<br><br><strong>Fator locacional<\/strong><br>O fim da estabiliza\u00e7\u00e3o da TUST (Tarifa de Uso do Sistema de Transmiss\u00e3o de Energia El\u00e9trica) \u2013 que era fixada por dez ciclos tarif\u00e1rios e cuja regra foi mudada a partir de agora \u2013 e a discuss\u00e3o da Consulta P\u00fablica 39 \u2013 que trata da mudan\u00e7a do fator locacional e de um novo c\u00e1lculo da TUST, e que se encerrou em 29 de agosto \u2013 t\u00eam trazido impactos para opera\u00e7\u00f5es de fus\u00f5es e aquisi\u00e7\u00f5es.<br><br>O maior impacto \u00e9 sobre ativos e\u00f3licos. \u201cIsso traz incertezas sobre a precifica\u00e7\u00e3o dos ativos em algumas opera\u00e7\u00f5es que estamos assessorando\u201d, diz D\u00e9bora Yanasse, s\u00f3cia de Energia do Tauil &amp; Chequer Advogados associado a Mayer Brown.<br><br>Em sua an\u00e1lise mensal, a consultoria PSR comentou a discuss\u00e3o. Para ela, a altera\u00e7\u00e3o deveria ser aplicada apenas a novos entrantes. Caso seja aplicada sobre geradores, essa mudan\u00e7a teria dois impactos: aumento nos pre\u00e7os da energia comercializada e aumento de R$ 1,5 bilh\u00e3o ao longo de oito ciclos tarif\u00e1rios na CDE (Conta de Desenvolvimento Energ\u00e9tico).<br><br><strong>Devolu\u00e7\u00e3o de PIS e Cofins<\/strong><br>A possibilidade de disputa sobre a devolu\u00e7\u00e3o de cr\u00e9ditos tribut\u00e1rios do PIS e Cofins por parte de algumas distribuidoras, que cogitam levar a contesta\u00e7\u00e3o ao Judici\u00e1rio, pode ter impacto sobre as tarifas. Para cada 1% dos cr\u00e9ditos tribut\u00e1rios previstos para repasse aos consumidores em 2023 que as distribuidoras conseguirem recuperar por meio de a\u00e7\u00f5es judiciais, as tarifas residenciais deixar\u00e3o de ter uma queda m\u00e9dia de 0,063% no ano.<br><br>Em 2023, a TR Solu\u00e7\u00f5es, empresa de tecnologia especializada em tarifas de energia, estima que cerca de R$ 13,6 bilh\u00f5es sejam reconhecidos nas tarifas das distribuidoras relacionados a cr\u00e9ditos tribut\u00e1rios.<\/p>\n\n\n\n<h6 class=\"wp-block-heading\" id=\"block-f323f59b-51bf-4eed-b17b-3c7d3b917007\">*Roberto Rockmann <strong>\u00e9 escritor e jornalista. Coautor do livro \u201cCurto-Circuito, quando o Brasil quase ficou \u00e0s escuras\u201d e produtor do podcast quinzenal \u201cGiro Energia\u201d sobre o setor el\u00e9trico. Organizou em 2018 o livro de 20 anos do mercado livre de energia el\u00e9trica, editado pela CCEE (C\u00e2mara de Comercializa\u00e7\u00e3o de Energia El\u00e9trica), al\u00e9m de v\u00e1rios outros livros e trabalhos premiados<\/strong>.<\/h6>\n\n\n\n<p><strong>As opini\u00f5es dos autores n\u00e3o refletem necessariamente o pensamento da Ag\u00eancia iNFRA, sendo de total responsabilidade do autor as informa\u00e7\u00f5es, ju\u00edzos de valor e conceitos descritos no texto<\/strong>. <\/p>\n","protected":false},"excerpt":{"rendered":"<p>Roberto Rockmann* A estimativa de investimentos de R$ 50 bilh\u00f5es em novas linhas de transmiss\u00e3o a serem licitadas em 2023 e 2024 tem criado d\u00favidas sobre disponibilidade de capital, m\u00e3o de obra, equipamentos e EPCistas para executar os empreendimentos. A preocupa\u00e7\u00e3o ronda transmissoras e uma parte do governo federal. Avalia-se a contrata\u00e7\u00e3o de um estudo [&hellip;]<\/p>\n","protected":false},"author":9,"featured_media":0,"comment_status":"closed","ping_status":"closed","sticky":false,"template":"","format":"standard","meta":{"_monsterinsights_skip_tracking":false,"_monsterinsights_sitenote_active":false,"_monsterinsights_sitenote_note":"","_monsterinsights_sitenote_category":0,"footnotes":""},"categories":[1],"tags":[5769,56,4338,5773,5768,5772,32,5771,826,96,5774,121,4063],"class_list":["post-11262","post","type-post","status-publish","format-standard","hentry","category-geral","tag-alupar","tag-cde","tag-debentures-incentivadas","tag-debora-yanasse","tag-epc","tag-fator-locacional","tag-investimentos","tag-jose-luiz-de-godoy-pereira","tag-linhas-de-transmissao","tag-ministerio-de-minas-e-energia","tag-pis-e-cofins","tag-psr","tag-tust"],"yoast_head":"<!-- This site is optimized with the Yoast SEO Premium plugin v25.4 (Yoast SEO v26.0) - https:\/\/yoast.com\/wordpress\/plugins\/seo\/ -->\n<title>An\u00e1lise: Falta de equipamentos, m\u00e3o de obra e capital na \u00e1rea de transmiss\u00e3o preocupa investidores - Ag\u00eancia iNFRA<\/title>\n<meta name=\"robots\" content=\"index, follow, max-snippet:-1, max-image-preview:large, max-video-preview:-1\" \/>\n<link rel=\"canonical\" href=\"https:\/\/agenciainfra.com\/blog\/analise-falta-de-equipamentos-mao-de-obra-e-capital-na-area-de-transmissao-preocupa-investidores\/\" \/>\n<meta property=\"og:locale\" content=\"pt_BR\" \/>\n<meta property=\"og:type\" content=\"article\" \/>\n<meta property=\"og:title\" content=\"An\u00e1lise: Falta de equipamentos, m\u00e3o de obra e capital na \u00e1rea de transmiss\u00e3o preocupa investidores\" \/>\n<meta property=\"og:description\" content=\"Roberto Rockmann* A estimativa de investimentos de R$ 50 bilh\u00f5es em novas linhas de transmiss\u00e3o a serem licitadas em 2023 e 2024 tem criado d\u00favidas sobre disponibilidade de capital, m\u00e3o de obra, equipamentos e EPCistas para executar os empreendimentos. A preocupa\u00e7\u00e3o ronda transmissoras e uma parte do governo federal. Avalia-se a contrata\u00e7\u00e3o de um estudo [&hellip;]\" \/>\n<meta property=\"og:url\" content=\"https:\/\/agenciainfra.com\/blog\/analise-falta-de-equipamentos-mao-de-obra-e-capital-na-area-de-transmissao-preocupa-investidores\/\" \/>\n<meta property=\"og:site_name\" content=\"Ag\u00eancia iNFRA\" \/>\n<meta property=\"article:publisher\" content=\"https:\/\/www.facebook.com\/ageninfra\" \/>\n<meta property=\"article:published_time\" content=\"2022-09-06T14:00:00+00:00\" \/>\n<meta property=\"og:image\" content=\"https:\/\/agenciainfra.com\/blog\/wp-content\/uploads\/2021\/09\/energia-eletrica-transmissao-foto-dominio-publico.jpg\" \/>\n\t<meta property=\"og:image:width\" content=\"2560\" \/>\n\t<meta property=\"og:image:height\" content=\"1440\" \/>\n\t<meta property=\"og:image:type\" content=\"image\/jpeg\" \/>\n<meta name=\"author\" content=\"Rodrigo Zuquim\" \/>\n<meta name=\"twitter:card\" content=\"summary_large_image\" \/>\n<meta name=\"twitter:creator\" content=\"@agencia_infra\" \/>\n<meta name=\"twitter:site\" content=\"@agencia_infra\" \/>\n<meta name=\"twitter:label1\" content=\"Escrito por\" \/>\n\t<meta name=\"twitter:data1\" content=\"Rodrigo Zuquim\" \/>\n\t<meta name=\"twitter:label2\" content=\"Est. tempo de leitura\" \/>\n\t<meta name=\"twitter:data2\" content=\"4 minutos\" \/>\n<script type=\"application\/ld+json\" class=\"yoast-schema-graph\">{\"@context\":\"https:\/\/schema.org\",\"@graph\":[{\"@type\":\"Article\",\"@id\":\"https:\/\/agenciainfra.com\/blog\/analise-falta-de-equipamentos-mao-de-obra-e-capital-na-area-de-transmissao-preocupa-investidores\/#article\",\"isPartOf\":{\"@id\":\"https:\/\/agenciainfra.com\/blog\/analise-falta-de-equipamentos-mao-de-obra-e-capital-na-area-de-transmissao-preocupa-investidores\/\"},\"author\":{\"name\":\"Rodrigo Zuquim\",\"@id\":\"https:\/\/agenciainfra.com\/blog\/#\/schema\/person\/04dbb79bd6d8951f063da71f3e4c1eb1\"},\"headline\":\"An\u00e1lise: Falta de equipamentos, m\u00e3o de obra e capital na \u00e1rea de transmiss\u00e3o preocupa investidores\",\"datePublished\":\"2022-09-06T14:00:00+00:00\",\"mainEntityOfPage\":{\"@id\":\"https:\/\/agenciainfra.com\/blog\/analise-falta-de-equipamentos-mao-de-obra-e-capital-na-area-de-transmissao-preocupa-investidores\/\"},\"wordCount\":865,\"publisher\":{\"@id\":\"https:\/\/agenciainfra.com\/blog\/#organization\"},\"keywords\":[\"Alupar\",\"CDE\",\"deb\u00eantures incentivadas\",\"D\u00e9bora Yanasse\",\"EPC\",\"fator locacional\",\"Investimentos\",\"Jos\u00e9 Luiz de Godoy Pereira\",\"Linhas de Transmiss\u00e3o\",\"Minist\u00e9rio de Minas e Energia\",\"PIS e Cofins\",\"PSR\",\"Tust\"],\"articleSection\":[\"Geral\"],\"inLanguage\":\"pt-BR\",\"copyrightYear\":\"2022\",\"copyrightHolder\":{\"@id\":\"https:\/\/agenciainfra.com\/blog\/#organization\"}},{\"@type\":\"WebPage\",\"@id\":\"https:\/\/agenciainfra.com\/blog\/analise-falta-de-equipamentos-mao-de-obra-e-capital-na-area-de-transmissao-preocupa-investidores\/\",\"url\":\"https:\/\/agenciainfra.com\/blog\/analise-falta-de-equipamentos-mao-de-obra-e-capital-na-area-de-transmissao-preocupa-investidores\/\",\"name\":\"An\u00e1lise: Falta de equipamentos, m\u00e3o de obra e capital na \u00e1rea de transmiss\u00e3o preocupa investidores - Ag\u00eancia iNFRA\",\"isPartOf\":{\"@id\":\"https:\/\/agenciainfra.com\/blog\/#website\"},\"datePublished\":\"2022-09-06T14:00:00+00:00\",\"breadcrumb\":{\"@id\":\"https:\/\/agenciainfra.com\/blog\/analise-falta-de-equipamentos-mao-de-obra-e-capital-na-area-de-transmissao-preocupa-investidores\/#breadcrumb\"},\"inLanguage\":\"pt-BR\",\"potentialAction\":[{\"@type\":\"ReadAction\",\"target\":[\"https:\/\/agenciainfra.com\/blog\/analise-falta-de-equipamentos-mao-de-obra-e-capital-na-area-de-transmissao-preocupa-investidores\/\"]}]},{\"@type\":\"BreadcrumbList\",\"@id\":\"https:\/\/agenciainfra.com\/blog\/analise-falta-de-equipamentos-mao-de-obra-e-capital-na-area-de-transmissao-preocupa-investidores\/#breadcrumb\",\"itemListElement\":[{\"@type\":\"ListItem\",\"position\":1,\"name\":\"In\u00edcio\",\"item\":\"https:\/\/agenciainfra.com\/blog\/\"},{\"@type\":\"ListItem\",\"position\":2,\"name\":\"An\u00e1lise: Falta de equipamentos, m\u00e3o de obra e capital na \u00e1rea de transmiss\u00e3o preocupa investidores\"}]},{\"@type\":\"WebSite\",\"@id\":\"https:\/\/agenciainfra.com\/blog\/#website\",\"url\":\"https:\/\/agenciainfra.com\/blog\/\",\"name\":\"Ag\u00eancia iNFRA\",\"description\":\"Multiplataforma de informa\u00e7\u00e3o jornal\u00edstica refer\u00eancia na \u00e1rea de infraestrutura no Brasil!\",\"publisher\":{\"@id\":\"https:\/\/agenciainfra.com\/blog\/#organization\"},\"potentialAction\":[{\"@type\":\"SearchAction\",\"target\":{\"@type\":\"EntryPoint\",\"urlTemplate\":\"https:\/\/agenciainfra.com\/blog\/?s={search_term_string}\"},\"query-input\":{\"@type\":\"PropertyValueSpecification\",\"valueRequired\":true,\"valueName\":\"search_term_string\"}}],\"inLanguage\":\"pt-BR\"},{\"@type\":\"Organization\",\"@id\":\"https:\/\/agenciainfra.com\/blog\/#organization\",\"name\":\"Ag\u00eancia iNFRA\",\"url\":\"https:\/\/agenciainfra.com\/blog\/\",\"logo\":{\"@type\":\"ImageObject\",\"inLanguage\":\"pt-BR\",\"@id\":\"https:\/\/agenciainfra.com\/blog\/#\/schema\/logo\/image\/\",\"url\":\"https:\/\/agenciainfra.com\/blog\/wp-content\/uploads\/2023\/09\/iNFRA_5-e1761735885940.png\",\"contentUrl\":\"https:\/\/agenciainfra.com\/blog\/wp-content\/uploads\/2023\/09\/iNFRA_5-e1761735885940.png\",\"width\":1672,\"height\":454,\"caption\":\"Ag\u00eancia iNFRA\"},\"image\":{\"@id\":\"https:\/\/agenciainfra.com\/blog\/#\/schema\/logo\/image\/\"},\"sameAs\":[\"https:\/\/www.facebook.com\/ageninfra\",\"https:\/\/x.com\/agencia_infra\",\"https:\/\/www.linkedin.com\/company\/ag\u00eanciainfra\/\",\"https:\/\/www.instagram.com\/agenciainfra\/\"]},{\"@type\":\"Person\",\"@id\":\"https:\/\/agenciainfra.com\/blog\/#\/schema\/person\/04dbb79bd6d8951f063da71f3e4c1eb1\",\"name\":\"Rodrigo Zuquim\",\"image\":{\"@type\":\"ImageObject\",\"inLanguage\":\"pt-BR\",\"@id\":\"https:\/\/agenciainfra.com\/blog\/#\/schema\/person\/image\/\",\"url\":\"https:\/\/secure.gravatar.com\/avatar\/594abfe82761d620726242ff34ca472a705a4b97f16c790053a6b4c4035274d0?s=96&d=mm&r=g\",\"contentUrl\":\"https:\/\/secure.gravatar.com\/avatar\/594abfe82761d620726242ff34ca472a705a4b97f16c790053a6b4c4035274d0?s=96&d=mm&r=g\",\"caption\":\"Rodrigo Zuquim\"},\"url\":\"https:\/\/agenciainfra.com\/blog\/author\/rodrigo-zuquim\/\"}]}<\/script>\n<!-- \/ Yoast SEO Premium plugin. -->","yoast_head_json":{"title":"An\u00e1lise: Falta de equipamentos, m\u00e3o de obra e capital na \u00e1rea de transmiss\u00e3o preocupa investidores - Ag\u00eancia iNFRA","robots":{"index":"index","follow":"follow","max-snippet":"max-snippet:-1","max-image-preview":"max-image-preview:large","max-video-preview":"max-video-preview:-1"},"canonical":"https:\/\/agenciainfra.com\/blog\/analise-falta-de-equipamentos-mao-de-obra-e-capital-na-area-de-transmissao-preocupa-investidores\/","og_locale":"pt_BR","og_type":"article","og_title":"An\u00e1lise: Falta de equipamentos, m\u00e3o de obra e capital na \u00e1rea de transmiss\u00e3o preocupa investidores","og_description":"Roberto Rockmann* A estimativa de investimentos de R$ 50 bilh\u00f5es em novas linhas de transmiss\u00e3o a serem licitadas em 2023 e 2024 tem criado d\u00favidas sobre disponibilidade de capital, m\u00e3o de obra, equipamentos e EPCistas para executar os empreendimentos. A preocupa\u00e7\u00e3o ronda transmissoras e uma parte do governo federal. Avalia-se a contrata\u00e7\u00e3o de um estudo [&hellip;]","og_url":"https:\/\/agenciainfra.com\/blog\/analise-falta-de-equipamentos-mao-de-obra-e-capital-na-area-de-transmissao-preocupa-investidores\/","og_site_name":"Ag\u00eancia iNFRA","article_publisher":"https:\/\/www.facebook.com\/ageninfra","article_published_time":"2022-09-06T14:00:00+00:00","og_image":[{"width":2560,"height":1440,"url":"https:\/\/agenciainfra.com\/blog\/wp-content\/uploads\/2021\/09\/energia-eletrica-transmissao-foto-dominio-publico.jpg","type":"image\/jpeg"}],"author":"Rodrigo Zuquim","twitter_card":"summary_large_image","twitter_creator":"@agencia_infra","twitter_site":"@agencia_infra","twitter_misc":{"Escrito por":"Rodrigo Zuquim","Est. tempo de leitura":"4 minutos"},"schema":{"@context":"https:\/\/schema.org","@graph":[{"@type":"Article","@id":"https:\/\/agenciainfra.com\/blog\/analise-falta-de-equipamentos-mao-de-obra-e-capital-na-area-de-transmissao-preocupa-investidores\/#article","isPartOf":{"@id":"https:\/\/agenciainfra.com\/blog\/analise-falta-de-equipamentos-mao-de-obra-e-capital-na-area-de-transmissao-preocupa-investidores\/"},"author":{"name":"Rodrigo Zuquim","@id":"https:\/\/agenciainfra.com\/blog\/#\/schema\/person\/04dbb79bd6d8951f063da71f3e4c1eb1"},"headline":"An\u00e1lise: Falta de equipamentos, m\u00e3o de obra e capital na \u00e1rea de transmiss\u00e3o preocupa investidores","datePublished":"2022-09-06T14:00:00+00:00","mainEntityOfPage":{"@id":"https:\/\/agenciainfra.com\/blog\/analise-falta-de-equipamentos-mao-de-obra-e-capital-na-area-de-transmissao-preocupa-investidores\/"},"wordCount":865,"publisher":{"@id":"https:\/\/agenciainfra.com\/blog\/#organization"},"keywords":["Alupar","CDE","deb\u00eantures incentivadas","D\u00e9bora Yanasse","EPC","fator locacional","Investimentos","Jos\u00e9 Luiz de Godoy Pereira","Linhas de Transmiss\u00e3o","Minist\u00e9rio de Minas e Energia","PIS e Cofins","PSR","Tust"],"articleSection":["Geral"],"inLanguage":"pt-BR","copyrightYear":"2022","copyrightHolder":{"@id":"https:\/\/agenciainfra.com\/blog\/#organization"}},{"@type":"WebPage","@id":"https:\/\/agenciainfra.com\/blog\/analise-falta-de-equipamentos-mao-de-obra-e-capital-na-area-de-transmissao-preocupa-investidores\/","url":"https:\/\/agenciainfra.com\/blog\/analise-falta-de-equipamentos-mao-de-obra-e-capital-na-area-de-transmissao-preocupa-investidores\/","name":"An\u00e1lise: Falta de equipamentos, m\u00e3o de obra e capital na \u00e1rea de transmiss\u00e3o preocupa investidores - Ag\u00eancia iNFRA","isPartOf":{"@id":"https:\/\/agenciainfra.com\/blog\/#website"},"datePublished":"2022-09-06T14:00:00+00:00","breadcrumb":{"@id":"https:\/\/agenciainfra.com\/blog\/analise-falta-de-equipamentos-mao-de-obra-e-capital-na-area-de-transmissao-preocupa-investidores\/#breadcrumb"},"inLanguage":"pt-BR","potentialAction":[{"@type":"ReadAction","target":["https:\/\/agenciainfra.com\/blog\/analise-falta-de-equipamentos-mao-de-obra-e-capital-na-area-de-transmissao-preocupa-investidores\/"]}]},{"@type":"BreadcrumbList","@id":"https:\/\/agenciainfra.com\/blog\/analise-falta-de-equipamentos-mao-de-obra-e-capital-na-area-de-transmissao-preocupa-investidores\/#breadcrumb","itemListElement":[{"@type":"ListItem","position":1,"name":"In\u00edcio","item":"https:\/\/agenciainfra.com\/blog\/"},{"@type":"ListItem","position":2,"name":"An\u00e1lise: Falta de equipamentos, m\u00e3o de obra e capital na \u00e1rea de transmiss\u00e3o preocupa investidores"}]},{"@type":"WebSite","@id":"https:\/\/agenciainfra.com\/blog\/#website","url":"https:\/\/agenciainfra.com\/blog\/","name":"Ag\u00eancia iNFRA","description":"Multiplataforma de informa\u00e7\u00e3o jornal\u00edstica refer\u00eancia na \u00e1rea de infraestrutura no Brasil!","publisher":{"@id":"https:\/\/agenciainfra.com\/blog\/#organization"},"potentialAction":[{"@type":"SearchAction","target":{"@type":"EntryPoint","urlTemplate":"https:\/\/agenciainfra.com\/blog\/?s={search_term_string}"},"query-input":{"@type":"PropertyValueSpecification","valueRequired":true,"valueName":"search_term_string"}}],"inLanguage":"pt-BR"},{"@type":"Organization","@id":"https:\/\/agenciainfra.com\/blog\/#organization","name":"Ag\u00eancia iNFRA","url":"https:\/\/agenciainfra.com\/blog\/","logo":{"@type":"ImageObject","inLanguage":"pt-BR","@id":"https:\/\/agenciainfra.com\/blog\/#\/schema\/logo\/image\/","url":"https:\/\/agenciainfra.com\/blog\/wp-content\/uploads\/2023\/09\/iNFRA_5-e1761735885940.png","contentUrl":"https:\/\/agenciainfra.com\/blog\/wp-content\/uploads\/2023\/09\/iNFRA_5-e1761735885940.png","width":1672,"height":454,"caption":"Ag\u00eancia iNFRA"},"image":{"@id":"https:\/\/agenciainfra.com\/blog\/#\/schema\/logo\/image\/"},"sameAs":["https:\/\/www.facebook.com\/ageninfra","https:\/\/x.com\/agencia_infra","https:\/\/www.linkedin.com\/company\/ag\u00eanciainfra\/","https:\/\/www.instagram.com\/agenciainfra\/"]},{"@type":"Person","@id":"https:\/\/agenciainfra.com\/blog\/#\/schema\/person\/04dbb79bd6d8951f063da71f3e4c1eb1","name":"Rodrigo Zuquim","image":{"@type":"ImageObject","inLanguage":"pt-BR","@id":"https:\/\/agenciainfra.com\/blog\/#\/schema\/person\/image\/","url":"https:\/\/secure.gravatar.com\/avatar\/594abfe82761d620726242ff34ca472a705a4b97f16c790053a6b4c4035274d0?s=96&d=mm&r=g","contentUrl":"https:\/\/secure.gravatar.com\/avatar\/594abfe82761d620726242ff34ca472a705a4b97f16c790053a6b4c4035274d0?s=96&d=mm&r=g","caption":"Rodrigo Zuquim"},"url":"https:\/\/agenciainfra.com\/blog\/author\/rodrigo-zuquim\/"}]}},"_links":{"self":[{"href":"https:\/\/agenciainfra.com\/blog\/wp-json\/wp\/v2\/posts\/11262","targetHints":{"allow":["GET"]}}],"collection":[{"href":"https:\/\/agenciainfra.com\/blog\/wp-json\/wp\/v2\/posts"}],"about":[{"href":"https:\/\/agenciainfra.com\/blog\/wp-json\/wp\/v2\/types\/post"}],"author":[{"embeddable":true,"href":"https:\/\/agenciainfra.com\/blog\/wp-json\/wp\/v2\/users\/9"}],"replies":[{"embeddable":true,"href":"https:\/\/agenciainfra.com\/blog\/wp-json\/wp\/v2\/comments?post=11262"}],"version-history":[{"count":0,"href":"https:\/\/agenciainfra.com\/blog\/wp-json\/wp\/v2\/posts\/11262\/revisions"}],"wp:attachment":[{"href":"https:\/\/agenciainfra.com\/blog\/wp-json\/wp\/v2\/media?parent=11262"}],"wp:term":[{"taxonomy":"category","embeddable":true,"href":"https:\/\/agenciainfra.com\/blog\/wp-json\/wp\/v2\/categories?post=11262"},{"taxonomy":"post_tag","embeddable":true,"href":"https:\/\/agenciainfra.com\/blog\/wp-json\/wp\/v2\/tags?post=11262"}],"curies":[{"name":"wp","href":"https:\/\/api.w.org\/{rel}","templated":true}]}}