{"id":11278,"date":"2022-09-07T09:00:00","date_gmt":"2022-09-07T12:00:00","guid":{"rendered":"https:\/\/www.agenciainfra.com\/blog\/?p=11278"},"modified":"2022-09-06T12:05:57","modified_gmt":"2022-09-06T15:05:57","slug":"summit-portos-2022-conciliacao-entre-concorrencia-e-competitividade","status":"publish","type":"post","link":"https:\/\/agenciainfra.com\/blog\/summit-portos-2022-conciliacao-entre-concorrencia-e-competitividade\/","title":{"rendered":"SUMMIT PORTOS 2022: Concilia\u00e7\u00e3o entre concorr\u00eancia e competitividade"},"content":{"rendered":"\n<p class=\"has-text-align-right\"><strong>da Ag\u00eancia iNFRA<\/strong><\/p>\n\n\n\n<p>H\u00e1 espa\u00e7o para ampliar a infraestrutura nacional, desde que medidas sejam tomadas para propiciar as condi\u00e7\u00f5es adequadas para os investimentos. \u00c9 o que indicaram os palestrantes do painel\u00a0\u201cDiagn\u00f3stico do Setor Portu\u00e1rio \u2013 Impacto das Restri\u00e7\u00f5es da Capacidade Portu\u00e1ria nos Custos e na Efici\u00eancia Log\u00edstica do Pa\u00eds\u201d, do SUMMIT\u00a0PORTOS\u00a02022, realizado na \u00faltima quinta-feira (1\u00ba) em S\u00e3o Paulo.<\/p>\n\n\n\n<p>O consultor Gesner Oliveira mostrou dados para embasar os argumentos. Ele destacou que o percentual brasileiro de investimento em infraestrutura \u00e9 pequeno em rela\u00e7\u00e3o a outros pa\u00edses. Segundo dados da OCDE (Organiza\u00e7\u00e3o para a Coopera\u00e7\u00e3o e Desenvolvimento Econ\u00f4mico), o Brasil aplicou 2,2% do PIB, na m\u00e9dia dos \u00faltimos 20 anos, frente \u00e0 m\u00e9dia mundial de 3,8%; e de\u00a04,7% na \u00cdndia e\u00a08,5% na China. Professor na FGV (Funda\u00e7\u00e3o Getulio Vargas), o economista contou que o Brasil j\u00e1 investiu mais de 5% do PIB na \u00e1rea nos anos\u00a0 1970.<\/p>\n\n\n\n<p>Oliveira ainda apresentou n\u00fameros da Abdib (Associa\u00e7\u00e3o Brasileira da Infraestrutura e Ind\u00fastrias de Base) que revelam que as \u00e1reas de transporte e log\u00edstica representam a maior lacuna, atr\u00e1s inclusive de saneamento, energia el\u00e9trica e telecomunica\u00e7\u00f5es. Para o economista, os dados apontam para a import\u00e2ncia do investimento privado e para a seguran\u00e7a jur\u00eddica, principalmente num cen\u00e1rio de queda de investimento p\u00fablico.<\/p>\n\n\n\n<p>A impossibilidade de receber navios com mais de 12 mil TEUs, aponta Oliveira, complica a situa\u00e7\u00e3o brasileira. \u201cQuando houver melhora na economia, o Brasil precisar\u00e1 estar preparado\u201d, comentou. Ele tamb\u00e9m lamentou que o pa\u00eds n\u00e3o seja inclu\u00eddo nas principais rotas comerciais mar\u00edtimas mundiais. \u201cDe certa forma, estamos fora do jogo\u201d, pontuou. E ainda acrescentou que o maior porto brasileiro, o de Santos, conta com investimentos muito aqu\u00e9m do necess\u00e1rio.<\/p>\n\n\n\n<p>Como a sa\u00edda estaria no setor privado, Oliveira mencionou a necessidade de incentivar mais participantes no mercado. \u201cOcorre a queda de pre\u00e7os por TEU com mais players\u201d, disse. Ele citou o exemplo do porto de Santos, em que o custo por movimenta\u00e7\u00e3o ficava na faixa de US$ 300 por TEU no in\u00edcio dos anos 2010 e caiu para a casa de US$ 100 em per\u00edodos mais recentes. E para propiciar estruturas mais s\u00f3lidas e competitivas, o economista defendeu a atua\u00e7\u00e3o integral. \u201cA integra\u00e7\u00e3o vertical n\u00e3o deve ser demonizada\u201d, afirmou, analisando que ela \u00e9 capaz de gerar efici\u00eancia.<\/p>\n\n\n\n<p><strong>Competitividade<\/strong><br>O superintendente-geral do Cade (Conselho Administrativo do Desenvolvimento Econ\u00f4mico), Alexandre Barreto, fez quest\u00e3o de dizer que o \u00f3rg\u00e3o, que pode ser considerado um \u201cxerife da concorr\u00eancia\u201d, preza pela interven\u00e7\u00e3o m\u00ednima e que n\u00e3o \u00e9, de sa\u00edda, contr\u00e1rio \u00e0 integra\u00e7\u00e3o vertical, mas que cada caso precisa ser analisado para n\u00e3o impedir a participa\u00e7\u00e3o de competidores. Para ele, o fundamental \u00e9 ter um ambiente de seguran\u00e7a jur\u00eddica, com previsibilidade e decis\u00f5es t\u00e9cnicas.<\/p>\n\n\n\n<p>Barreto lembrou que a \u00e1rea de infraestrutura \u00e9 regulada, e que demanda atua\u00e7\u00e3o coordenada com outros \u00f3rg\u00e3os estatais. Nesse sentido, disse que \u00e9 indesej\u00e1vel que ocorram decis\u00f5es divergentes, capazes de trazer d\u00favidas para o mercado. No setor, o Cade tamb\u00e9m se ocupa de outros pontos pol\u00eamicos, como sobreposi\u00e7\u00e3o horizontal entre terminais e cobran\u00e7a de segrega\u00e7\u00e3o e entrega. \u201cNossas a\u00e7\u00f5es devem ser previs\u00edveis, transparentes e t\u00e9cnicas\u201d, disse.<\/p>\n\n\n\n<p>No setor portu\u00e1rio, destacou o superintendente, h\u00e1 uma sintonia do Cade com a ANTAQ (Ag\u00eancia Nacional de Transportes Aquavi\u00e1rios). Um dos exemplos foi a proposta do novo terminal de cont\u00eaineres de Santos, o STS10, que est\u00e1 em fase de estudo para concess\u00e3o.<\/p>\n\n\n\n<p>Barreto evitou falar sobre a aprova\u00e7\u00e3o do novo terminal de cont\u00eainer de Santos. Ele disse que o Cade contribuiu para o edital do STS10 e que o \u00f3rg\u00e3o foi mal compreendido em dois documentos t\u00e9cnicos. O Cade, segundo o superintendente, atua para evitar a concentra\u00e7\u00e3o excessiva, a cria\u00e7\u00e3o de barreiras de entrada e fechamento de mercados e atua em casos concretos.<\/p>\n\n\n\n<p>Assim, destacou que o \u00f3rg\u00e3o n\u00e3o \u00e9 contr\u00e1rio, de sa\u00edda, \u00e0 cria\u00e7\u00e3o de um novo terminal de cont\u00eaineres&nbsp;nem \u00e0 integra\u00e7\u00e3o vertical, mas que precisa se preocupar de n\u00e3o impedir a atua\u00e7\u00e3o de outros players. Em especial, em&nbsp;sobreposi\u00e7\u00f5es horizontais, que t\u00eam potencial de&nbsp;provocar problemas para a concorr\u00eancia. Em concreto, sobre o STS10, o Cade foi provocado a se manifestar e n\u00e3o conheceu o pedido.<\/p>\n\n\n\n<p><strong>Morosidade<\/strong><br>A discuss\u00e3o sobre concorr\u00eancia e atendimento da demanda tamb\u00e9m esteve presente na fala do diretor-geral da ANTAQ (Ag\u00eancia Nacional de Transportes Aquavi\u00e1rios), Eduardo Nery. Ele citou casos estrangeiros, como o de Rotterdam, na Holanda, em que muito antes de a demanda se apresentar os planejamentos e execu\u00e7\u00f5es s\u00e3o realizados para se preparar para as necessidades futuras. \u201cAqui esperamos. Ainda estamos discutindo\u00a0se vamos oferecer ou n\u00e3o\u201d, lamentou Nery.<\/p>\n\n\n\n<p>O diretor-geral da ANTAQ frisou que a \u00e1rea de cont\u00eaineres de Santos opera com quase 90% de capacidade, sendo que uma&nbsp;ocupa\u00e7\u00e3o na faixa de 65% j\u00e1 seria alta. Mas ele salientou que, ainda assim, h\u00e1 todo um desgaste em um processo de convencimento sobre a necessidade. A elabora\u00e7\u00e3o do projeto da concess\u00e3o do STS10, que estaria em vias de ser encaminhado, contou ele, foi baseada n\u00e3o em narrativas, mas em dados e argumentos. Nery comentou que atualmente as estruturas estatais funcionam como um catalisador de inseguran\u00e7a jur\u00eddica, mas que \u00e9 preciso deixar de lado \u201cas vaidades institucionais\u201d. Sobre o STS10 em especial, citou que o Cade \u00e9 a autoridade concorrencial, mas que respeita o conhecimento trazido pela ANTAQ.<\/p>\n\n\n\n<p>Nery explicou que, embora Santos esteja experienciando uma boa fase, com dinheiro em caixa, n\u00e3o consegue fazer os investimentos necess\u00e1rios e se adequar \u00e0s expectativas. O diagn\u00f3stico \u00e9 de que a m\u00e1quina p\u00fablica se move em ritmo demasiadamente lento, incompat\u00edvel com as exig\u00eancias do setor, principalmente em fun\u00e7\u00e3o dos prazos para compras e licita\u00e7\u00f5es.<\/p>\n\n\n\n<p>Mesmo um arrendamento simplificado, que s\u00f3 pode ser aplicado em alguns casos, leva seis meses. Nery destacou que Santos est\u00e1 sem acesso aquavi\u00e1rio adequado e sem ber\u00e7os de atraca\u00e7\u00e3o em n\u00famero suficiente. De certa forma, o diretor-geral justificou o caminho at\u00e9 a decis\u00e3o de optar pela desestatiza\u00e7\u00e3o.<\/p>\n\n\n\n<p><strong>Falta de prepara\u00e7\u00e3o<\/strong><br>Essa morosidade e o abismo entre a oferta de servi\u00e7os e a necessidade foram alvos de coment\u00e1rios do coordenador de assuntos log\u00edsticos da ABPA (Associa\u00e7\u00e3o Brasileira de Prote\u00edna Animal), Jos\u00e9 Perboyre Ferreira Gomes. Os associados da entidade exportam 230 mil cont\u00eaineres por ano, para 150 pa\u00edses, e enfrentam no cotidiano os empecilhos e os gargalos do setor portu\u00e1rio.<\/p>\n\n\n\n<p>\u201cA pandemia de Covid-19 mostrou a necessidade de se antecipar \u00e0 demanda. Como vamos escoar a produ\u00e7\u00e3o nos pr\u00f3ximos anos?\u201d, questionou.<\/p>\n\n\n\n<p>Ele lembrou que os principais investimentos dos armadores s\u00e3o em meganavios, de 25 mil TEUs, mas os portos brasileiros n\u00e3o est\u00e3o preparados para essa frota mercantil. O coordenador da ABPA ainda citou as dificuldades tarif\u00e1rias. Um levantamento da entidade apontou que existem 105 tarifas sendo praticadas nos portos brasileiros e a sugest\u00e3o seria de que fossem, no m\u00e1ximo, 48 tipos. \u201cAl\u00e9m disso, um porto cobra e outro n\u00e3o, com algumas cobran\u00e7as subjetivas\u201d, destacou.<\/p>\n","protected":false},"excerpt":{"rendered":"<p>da Ag\u00eancia iNFRA H\u00e1 espa\u00e7o para ampliar a infraestrutura nacional, desde que medidas sejam tomadas para propiciar as condi\u00e7\u00f5es adequadas para os investimentos. \u00c9 o que indicaram os palestrantes do painel\u00a0\u201cDiagn\u00f3stico do Setor Portu\u00e1rio \u2013 Impacto das Restri\u00e7\u00f5es da Capacidade Portu\u00e1ria nos Custos e na Efici\u00eancia Log\u00edstica do Pa\u00eds\u201d, do SUMMIT\u00a0PORTOS\u00a02022, realizado na \u00faltima quinta-feira [&hellip;]<\/p>\n","protected":false},"author":9,"featured_media":11279,"comment_status":"closed","ping_status":"closed","sticky":false,"template":"","format":"standard","meta":{"_monsterinsights_skip_tracking":false,"_monsterinsights_sitenote_active":false,"_monsterinsights_sitenote_note":"","_monsterinsights_sitenote_category":0,"footnotes":""},"categories":[1,2053],"tags":[5448,86,371,3165,2932,1213,34,32,5785,260,1201,5779],"class_list":["post-11278","post","type-post","status-publish","format-standard","has-post-thumbnail","hentry","category-geral","category-infraliveventos","tag-alexandre-barreto","tag-antaq","tag-cade","tag-competitividade","tag-eduardo-nery","tag-gesner-oliveira","tag-infraestrutura","tag-investimentos","tag-jose-perboyre-ferreira","tag-porto-de-santos","tag-setor-portuario","tag-summit-portos-2022"],"yoast_head":"<!-- This site is optimized with the Yoast SEO Premium plugin v25.4 (Yoast SEO v26.0) - https:\/\/yoast.com\/wordpress\/plugins\/seo\/ -->\n<title>SUMMIT PORTOS 2022: Concilia\u00e7\u00e3o entre concorr\u00eancia e competitividade - Ag\u00eancia iNFRA<\/title>\n<meta name=\"robots\" content=\"index, follow, max-snippet:-1, max-image-preview:large, max-video-preview:-1\" \/>\n<link rel=\"canonical\" href=\"https:\/\/agenciainfra.com\/blog\/summit-portos-2022-conciliacao-entre-concorrencia-e-competitividade\/\" \/>\n<meta property=\"og:locale\" content=\"pt_BR\" \/>\n<meta property=\"og:type\" content=\"article\" \/>\n<meta property=\"og:title\" content=\"SUMMIT PORTOS 2022: Concilia\u00e7\u00e3o entre concorr\u00eancia e competitividade\" \/>\n<meta property=\"og:description\" content=\"da Ag\u00eancia iNFRA H\u00e1 espa\u00e7o para ampliar a infraestrutura nacional, desde que medidas sejam tomadas para propiciar as condi\u00e7\u00f5es adequadas para os investimentos. \u00c9 o que indicaram os palestrantes do painel\u00a0\u201cDiagn\u00f3stico do Setor Portu\u00e1rio \u2013 Impacto das Restri\u00e7\u00f5es da Capacidade Portu\u00e1ria nos Custos e na Efici\u00eancia Log\u00edstica do Pa\u00eds\u201d, do SUMMIT\u00a0PORTOS\u00a02022, realizado na \u00faltima quinta-feira [&hellip;]\" \/>\n<meta property=\"og:url\" content=\"https:\/\/agenciainfra.com\/blog\/summit-portos-2022-conciliacao-entre-concorrencia-e-competitividade\/\" \/>\n<meta property=\"og:site_name\" content=\"Ag\u00eancia iNFRA\" \/>\n<meta property=\"article:publisher\" content=\"https:\/\/www.facebook.com\/ageninfra\" \/>\n<meta property=\"article:published_time\" content=\"2022-09-07T12:00:00+00:00\" \/>\n<meta property=\"og:image\" content=\"https:\/\/agenciainfra.com\/blog\/wp-content\/uploads\/2022\/09\/alexandre-barreto-e-eduardo-nery-foto-tom-molina-summit-portos.jpeg\" \/>\n\t<meta property=\"og:image:width\" content=\"1280\" \/>\n\t<meta property=\"og:image:height\" content=\"852\" \/>\n\t<meta property=\"og:image:type\" content=\"image\/jpeg\" \/>\n<meta name=\"author\" content=\"Rodrigo Zuquim\" \/>\n<meta name=\"twitter:card\" content=\"summary_large_image\" \/>\n<meta name=\"twitter:creator\" content=\"@agencia_infra\" \/>\n<meta name=\"twitter:site\" content=\"@agencia_infra\" \/>\n<meta name=\"twitter:label1\" content=\"Escrito por\" \/>\n\t<meta name=\"twitter:data1\" content=\"Rodrigo Zuquim\" \/>\n\t<meta name=\"twitter:label2\" content=\"Est. tempo de leitura\" \/>\n\t<meta name=\"twitter:data2\" content=\"6 minutos\" \/>\n<script type=\"application\/ld+json\" class=\"yoast-schema-graph\">{\"@context\":\"https:\/\/schema.org\",\"@graph\":[{\"@type\":\"Article\",\"@id\":\"https:\/\/agenciainfra.com\/blog\/summit-portos-2022-conciliacao-entre-concorrencia-e-competitividade\/#article\",\"isPartOf\":{\"@id\":\"https:\/\/agenciainfra.com\/blog\/summit-portos-2022-conciliacao-entre-concorrencia-e-competitividade\/\"},\"author\":{\"name\":\"Rodrigo Zuquim\",\"@id\":\"https:\/\/agenciainfra.com\/blog\/#\/schema\/person\/04dbb79bd6d8951f063da71f3e4c1eb1\"},\"headline\":\"SUMMIT PORTOS 2022: Concilia\u00e7\u00e3o entre concorr\u00eancia e competitividade\",\"datePublished\":\"2022-09-07T12:00:00+00:00\",\"mainEntityOfPage\":{\"@id\":\"https:\/\/agenciainfra.com\/blog\/summit-portos-2022-conciliacao-entre-concorrencia-e-competitividade\/\"},\"wordCount\":1255,\"publisher\":{\"@id\":\"https:\/\/agenciainfra.com\/blog\/#organization\"},\"image\":{\"@id\":\"https:\/\/agenciainfra.com\/blog\/summit-portos-2022-conciliacao-entre-concorrencia-e-competitividade\/#primaryimage\"},\"thumbnailUrl\":\"https:\/\/agenciainfra.com\/blog\/wp-content\/uploads\/2022\/09\/alexandre-barreto-e-eduardo-nery-foto-tom-molina-summit-portos.jpeg\",\"keywords\":[\"Alexandre Barreto\",\"ANTAQ\",\"Cade\",\"competitividade\",\"Eduardo Nery\",\"Gesner Oliveira\",\"Infraestrutura\",\"Investimentos\",\"Jos\u00e9 Perboyre Ferreira\",\"Porto de Santos\",\"setor portu\u00e1rio\",\"SUMMIT PORTOS 2022\"],\"articleSection\":[\"Geral\",\"iNFRALive e Eventos\"],\"inLanguage\":\"pt-BR\",\"copyrightYear\":\"2022\",\"copyrightHolder\":{\"@id\":\"https:\/\/agenciainfra.com\/blog\/#organization\"}},{\"@type\":\"WebPage\",\"@id\":\"https:\/\/agenciainfra.com\/blog\/summit-portos-2022-conciliacao-entre-concorrencia-e-competitividade\/\",\"url\":\"https:\/\/agenciainfra.com\/blog\/summit-portos-2022-conciliacao-entre-concorrencia-e-competitividade\/\",\"name\":\"SUMMIT PORTOS 2022: Concilia\u00e7\u00e3o entre concorr\u00eancia e competitividade - Ag\u00eancia iNFRA\",\"isPartOf\":{\"@id\":\"https:\/\/agenciainfra.com\/blog\/#website\"},\"primaryImageOfPage\":{\"@id\":\"https:\/\/agenciainfra.com\/blog\/summit-portos-2022-conciliacao-entre-concorrencia-e-competitividade\/#primaryimage\"},\"image\":{\"@id\":\"https:\/\/agenciainfra.com\/blog\/summit-portos-2022-conciliacao-entre-concorrencia-e-competitividade\/#primaryimage\"},\"thumbnailUrl\":\"https:\/\/agenciainfra.com\/blog\/wp-content\/uploads\/2022\/09\/alexandre-barreto-e-eduardo-nery-foto-tom-molina-summit-portos.jpeg\",\"datePublished\":\"2022-09-07T12:00:00+00:00\",\"breadcrumb\":{\"@id\":\"https:\/\/agenciainfra.com\/blog\/summit-portos-2022-conciliacao-entre-concorrencia-e-competitividade\/#breadcrumb\"},\"inLanguage\":\"pt-BR\",\"potentialAction\":[{\"@type\":\"ReadAction\",\"target\":[\"https:\/\/agenciainfra.com\/blog\/summit-portos-2022-conciliacao-entre-concorrencia-e-competitividade\/\"]}]},{\"@type\":\"ImageObject\",\"inLanguage\":\"pt-BR\",\"@id\":\"https:\/\/agenciainfra.com\/blog\/summit-portos-2022-conciliacao-entre-concorrencia-e-competitividade\/#primaryimage\",\"url\":\"https:\/\/agenciainfra.com\/blog\/wp-content\/uploads\/2022\/09\/alexandre-barreto-e-eduardo-nery-foto-tom-molina-summit-portos.jpeg\",\"contentUrl\":\"https:\/\/agenciainfra.com\/blog\/wp-content\/uploads\/2022\/09\/alexandre-barreto-e-eduardo-nery-foto-tom-molina-summit-portos.jpeg\",\"width\":1280,\"height\":852},{\"@type\":\"BreadcrumbList\",\"@id\":\"https:\/\/agenciainfra.com\/blog\/summit-portos-2022-conciliacao-entre-concorrencia-e-competitividade\/#breadcrumb\",\"itemListElement\":[{\"@type\":\"ListItem\",\"position\":1,\"name\":\"In\u00edcio\",\"item\":\"https:\/\/agenciainfra.com\/blog\/\"},{\"@type\":\"ListItem\",\"position\":2,\"name\":\"SUMMIT PORTOS 2022: Concilia\u00e7\u00e3o entre concorr\u00eancia e competitividade\"}]},{\"@type\":\"WebSite\",\"@id\":\"https:\/\/agenciainfra.com\/blog\/#website\",\"url\":\"https:\/\/agenciainfra.com\/blog\/\",\"name\":\"Ag\u00eancia iNFRA\",\"description\":\"Multiplataforma de informa\u00e7\u00e3o jornal\u00edstica refer\u00eancia na \u00e1rea de infraestrutura no Brasil!\",\"publisher\":{\"@id\":\"https:\/\/agenciainfra.com\/blog\/#organization\"},\"potentialAction\":[{\"@type\":\"SearchAction\",\"target\":{\"@type\":\"EntryPoint\",\"urlTemplate\":\"https:\/\/agenciainfra.com\/blog\/?s={search_term_string}\"},\"query-input\":{\"@type\":\"PropertyValueSpecification\",\"valueRequired\":true,\"valueName\":\"search_term_string\"}}],\"inLanguage\":\"pt-BR\"},{\"@type\":\"Organization\",\"@id\":\"https:\/\/agenciainfra.com\/blog\/#organization\",\"name\":\"Ag\u00eancia iNFRA\",\"url\":\"https:\/\/agenciainfra.com\/blog\/\",\"logo\":{\"@type\":\"ImageObject\",\"inLanguage\":\"pt-BR\",\"@id\":\"https:\/\/agenciainfra.com\/blog\/#\/schema\/logo\/image\/\",\"url\":\"https:\/\/agenciainfra.com\/blog\/wp-content\/uploads\/2023\/09\/iNFRA_5-e1761735885940.png\",\"contentUrl\":\"https:\/\/agenciainfra.com\/blog\/wp-content\/uploads\/2023\/09\/iNFRA_5-e1761735885940.png\",\"width\":1672,\"height\":454,\"caption\":\"Ag\u00eancia iNFRA\"},\"image\":{\"@id\":\"https:\/\/agenciainfra.com\/blog\/#\/schema\/logo\/image\/\"},\"sameAs\":[\"https:\/\/www.facebook.com\/ageninfra\",\"https:\/\/x.com\/agencia_infra\",\"https:\/\/www.linkedin.com\/company\/ag\u00eanciainfra\/\",\"https:\/\/www.instagram.com\/agenciainfra\/\"]},{\"@type\":\"Person\",\"@id\":\"https:\/\/agenciainfra.com\/blog\/#\/schema\/person\/04dbb79bd6d8951f063da71f3e4c1eb1\",\"name\":\"Rodrigo Zuquim\",\"image\":{\"@type\":\"ImageObject\",\"inLanguage\":\"pt-BR\",\"@id\":\"https:\/\/agenciainfra.com\/blog\/#\/schema\/person\/image\/\",\"url\":\"https:\/\/secure.gravatar.com\/avatar\/594abfe82761d620726242ff34ca472a705a4b97f16c790053a6b4c4035274d0?s=96&d=mm&r=g\",\"contentUrl\":\"https:\/\/secure.gravatar.com\/avatar\/594abfe82761d620726242ff34ca472a705a4b97f16c790053a6b4c4035274d0?s=96&d=mm&r=g\",\"caption\":\"Rodrigo Zuquim\"},\"url\":\"https:\/\/agenciainfra.com\/blog\/author\/rodrigo-zuquim\/\"}]}<\/script>\n<!-- \/ Yoast SEO Premium plugin. -->","yoast_head_json":{"title":"SUMMIT PORTOS 2022: Concilia\u00e7\u00e3o entre concorr\u00eancia e competitividade - Ag\u00eancia iNFRA","robots":{"index":"index","follow":"follow","max-snippet":"max-snippet:-1","max-image-preview":"max-image-preview:large","max-video-preview":"max-video-preview:-1"},"canonical":"https:\/\/agenciainfra.com\/blog\/summit-portos-2022-conciliacao-entre-concorrencia-e-competitividade\/","og_locale":"pt_BR","og_type":"article","og_title":"SUMMIT PORTOS 2022: Concilia\u00e7\u00e3o entre concorr\u00eancia e competitividade","og_description":"da Ag\u00eancia iNFRA H\u00e1 espa\u00e7o para ampliar a infraestrutura nacional, desde que medidas sejam tomadas para propiciar as condi\u00e7\u00f5es adequadas para os investimentos. \u00c9 o que indicaram os palestrantes do painel\u00a0\u201cDiagn\u00f3stico do Setor Portu\u00e1rio \u2013 Impacto das Restri\u00e7\u00f5es da Capacidade Portu\u00e1ria nos Custos e na Efici\u00eancia Log\u00edstica do Pa\u00eds\u201d, do SUMMIT\u00a0PORTOS\u00a02022, realizado na \u00faltima quinta-feira [&hellip;]","og_url":"https:\/\/agenciainfra.com\/blog\/summit-portos-2022-conciliacao-entre-concorrencia-e-competitividade\/","og_site_name":"Ag\u00eancia iNFRA","article_publisher":"https:\/\/www.facebook.com\/ageninfra","article_published_time":"2022-09-07T12:00:00+00:00","og_image":[{"width":1280,"height":852,"url":"https:\/\/agenciainfra.com\/blog\/wp-content\/uploads\/2022\/09\/alexandre-barreto-e-eduardo-nery-foto-tom-molina-summit-portos.jpeg","type":"image\/jpeg"}],"author":"Rodrigo Zuquim","twitter_card":"summary_large_image","twitter_creator":"@agencia_infra","twitter_site":"@agencia_infra","twitter_misc":{"Escrito por":"Rodrigo Zuquim","Est. tempo de leitura":"6 minutos"},"schema":{"@context":"https:\/\/schema.org","@graph":[{"@type":"Article","@id":"https:\/\/agenciainfra.com\/blog\/summit-portos-2022-conciliacao-entre-concorrencia-e-competitividade\/#article","isPartOf":{"@id":"https:\/\/agenciainfra.com\/blog\/summit-portos-2022-conciliacao-entre-concorrencia-e-competitividade\/"},"author":{"name":"Rodrigo Zuquim","@id":"https:\/\/agenciainfra.com\/blog\/#\/schema\/person\/04dbb79bd6d8951f063da71f3e4c1eb1"},"headline":"SUMMIT PORTOS 2022: Concilia\u00e7\u00e3o entre concorr\u00eancia e competitividade","datePublished":"2022-09-07T12:00:00+00:00","mainEntityOfPage":{"@id":"https:\/\/agenciainfra.com\/blog\/summit-portos-2022-conciliacao-entre-concorrencia-e-competitividade\/"},"wordCount":1255,"publisher":{"@id":"https:\/\/agenciainfra.com\/blog\/#organization"},"image":{"@id":"https:\/\/agenciainfra.com\/blog\/summit-portos-2022-conciliacao-entre-concorrencia-e-competitividade\/#primaryimage"},"thumbnailUrl":"https:\/\/agenciainfra.com\/blog\/wp-content\/uploads\/2022\/09\/alexandre-barreto-e-eduardo-nery-foto-tom-molina-summit-portos.jpeg","keywords":["Alexandre Barreto","ANTAQ","Cade","competitividade","Eduardo Nery","Gesner Oliveira","Infraestrutura","Investimentos","Jos\u00e9 Perboyre Ferreira","Porto de Santos","setor portu\u00e1rio","SUMMIT PORTOS 2022"],"articleSection":["Geral","iNFRALive e Eventos"],"inLanguage":"pt-BR","copyrightYear":"2022","copyrightHolder":{"@id":"https:\/\/agenciainfra.com\/blog\/#organization"}},{"@type":"WebPage","@id":"https:\/\/agenciainfra.com\/blog\/summit-portos-2022-conciliacao-entre-concorrencia-e-competitividade\/","url":"https:\/\/agenciainfra.com\/blog\/summit-portos-2022-conciliacao-entre-concorrencia-e-competitividade\/","name":"SUMMIT PORTOS 2022: Concilia\u00e7\u00e3o entre concorr\u00eancia e competitividade - Ag\u00eancia iNFRA","isPartOf":{"@id":"https:\/\/agenciainfra.com\/blog\/#website"},"primaryImageOfPage":{"@id":"https:\/\/agenciainfra.com\/blog\/summit-portos-2022-conciliacao-entre-concorrencia-e-competitividade\/#primaryimage"},"image":{"@id":"https:\/\/agenciainfra.com\/blog\/summit-portos-2022-conciliacao-entre-concorrencia-e-competitividade\/#primaryimage"},"thumbnailUrl":"https:\/\/agenciainfra.com\/blog\/wp-content\/uploads\/2022\/09\/alexandre-barreto-e-eduardo-nery-foto-tom-molina-summit-portos.jpeg","datePublished":"2022-09-07T12:00:00+00:00","breadcrumb":{"@id":"https:\/\/agenciainfra.com\/blog\/summit-portos-2022-conciliacao-entre-concorrencia-e-competitividade\/#breadcrumb"},"inLanguage":"pt-BR","potentialAction":[{"@type":"ReadAction","target":["https:\/\/agenciainfra.com\/blog\/summit-portos-2022-conciliacao-entre-concorrencia-e-competitividade\/"]}]},{"@type":"ImageObject","inLanguage":"pt-BR","@id":"https:\/\/agenciainfra.com\/blog\/summit-portos-2022-conciliacao-entre-concorrencia-e-competitividade\/#primaryimage","url":"https:\/\/agenciainfra.com\/blog\/wp-content\/uploads\/2022\/09\/alexandre-barreto-e-eduardo-nery-foto-tom-molina-summit-portos.jpeg","contentUrl":"https:\/\/agenciainfra.com\/blog\/wp-content\/uploads\/2022\/09\/alexandre-barreto-e-eduardo-nery-foto-tom-molina-summit-portos.jpeg","width":1280,"height":852},{"@type":"BreadcrumbList","@id":"https:\/\/agenciainfra.com\/blog\/summit-portos-2022-conciliacao-entre-concorrencia-e-competitividade\/#breadcrumb","itemListElement":[{"@type":"ListItem","position":1,"name":"In\u00edcio","item":"https:\/\/agenciainfra.com\/blog\/"},{"@type":"ListItem","position":2,"name":"SUMMIT PORTOS 2022: Concilia\u00e7\u00e3o entre concorr\u00eancia e competitividade"}]},{"@type":"WebSite","@id":"https:\/\/agenciainfra.com\/blog\/#website","url":"https:\/\/agenciainfra.com\/blog\/","name":"Ag\u00eancia iNFRA","description":"Multiplataforma de informa\u00e7\u00e3o jornal\u00edstica refer\u00eancia na \u00e1rea de infraestrutura no Brasil!","publisher":{"@id":"https:\/\/agenciainfra.com\/blog\/#organization"},"potentialAction":[{"@type":"SearchAction","target":{"@type":"EntryPoint","urlTemplate":"https:\/\/agenciainfra.com\/blog\/?s={search_term_string}"},"query-input":{"@type":"PropertyValueSpecification","valueRequired":true,"valueName":"search_term_string"}}],"inLanguage":"pt-BR"},{"@type":"Organization","@id":"https:\/\/agenciainfra.com\/blog\/#organization","name":"Ag\u00eancia iNFRA","url":"https:\/\/agenciainfra.com\/blog\/","logo":{"@type":"ImageObject","inLanguage":"pt-BR","@id":"https:\/\/agenciainfra.com\/blog\/#\/schema\/logo\/image\/","url":"https:\/\/agenciainfra.com\/blog\/wp-content\/uploads\/2023\/09\/iNFRA_5-e1761735885940.png","contentUrl":"https:\/\/agenciainfra.com\/blog\/wp-content\/uploads\/2023\/09\/iNFRA_5-e1761735885940.png","width":1672,"height":454,"caption":"Ag\u00eancia iNFRA"},"image":{"@id":"https:\/\/agenciainfra.com\/blog\/#\/schema\/logo\/image\/"},"sameAs":["https:\/\/www.facebook.com\/ageninfra","https:\/\/x.com\/agencia_infra","https:\/\/www.linkedin.com\/company\/ag\u00eanciainfra\/","https:\/\/www.instagram.com\/agenciainfra\/"]},{"@type":"Person","@id":"https:\/\/agenciainfra.com\/blog\/#\/schema\/person\/04dbb79bd6d8951f063da71f3e4c1eb1","name":"Rodrigo Zuquim","image":{"@type":"ImageObject","inLanguage":"pt-BR","@id":"https:\/\/agenciainfra.com\/blog\/#\/schema\/person\/image\/","url":"https:\/\/secure.gravatar.com\/avatar\/594abfe82761d620726242ff34ca472a705a4b97f16c790053a6b4c4035274d0?s=96&d=mm&r=g","contentUrl":"https:\/\/secure.gravatar.com\/avatar\/594abfe82761d620726242ff34ca472a705a4b97f16c790053a6b4c4035274d0?s=96&d=mm&r=g","caption":"Rodrigo Zuquim"},"url":"https:\/\/agenciainfra.com\/blog\/author\/rodrigo-zuquim\/"}]}},"_links":{"self":[{"href":"https:\/\/agenciainfra.com\/blog\/wp-json\/wp\/v2\/posts\/11278","targetHints":{"allow":["GET"]}}],"collection":[{"href":"https:\/\/agenciainfra.com\/blog\/wp-json\/wp\/v2\/posts"}],"about":[{"href":"https:\/\/agenciainfra.com\/blog\/wp-json\/wp\/v2\/types\/post"}],"author":[{"embeddable":true,"href":"https:\/\/agenciainfra.com\/blog\/wp-json\/wp\/v2\/users\/9"}],"replies":[{"embeddable":true,"href":"https:\/\/agenciainfra.com\/blog\/wp-json\/wp\/v2\/comments?post=11278"}],"version-history":[{"count":0,"href":"https:\/\/agenciainfra.com\/blog\/wp-json\/wp\/v2\/posts\/11278\/revisions"}],"wp:featuredmedia":[{"embeddable":true,"href":"https:\/\/agenciainfra.com\/blog\/wp-json\/wp\/v2\/media\/11279"}],"wp:attachment":[{"href":"https:\/\/agenciainfra.com\/blog\/wp-json\/wp\/v2\/media?parent=11278"}],"wp:term":[{"taxonomy":"category","embeddable":true,"href":"https:\/\/agenciainfra.com\/blog\/wp-json\/wp\/v2\/categories?post=11278"},{"taxonomy":"post_tag","embeddable":true,"href":"https:\/\/agenciainfra.com\/blog\/wp-json\/wp\/v2\/tags?post=11278"}],"curies":[{"name":"wp","href":"https:\/\/api.w.org\/{rel}","templated":true}]}}