{"id":11285,"date":"2022-09-07T09:00:00","date_gmt":"2022-09-07T12:00:00","guid":{"rendered":"https:\/\/www.agenciainfra.com\/blog\/?p=11285"},"modified":"2022-09-06T12:03:34","modified_gmt":"2022-09-06T15:03:34","slug":"summit-portos-2022-a-conta-bilionaria-da-ineficiencia-portuaria-e-destaque-em-painel","status":"publish","type":"post","link":"https:\/\/agenciainfra.com\/blog\/summit-portos-2022-a-conta-bilionaria-da-ineficiencia-portuaria-e-destaque-em-painel\/","title":{"rendered":"SUMMIT PORTOS 2022: A conta bilion\u00e1ria da inefici\u00eancia portu\u00e1ria \u00e9 destaque em painel"},"content":{"rendered":"\n<p class=\"has-text-align-right\"><strong>da Ag\u00eancia iNFRA<\/strong><\/p>\n\n\n\n<p>Os gargalos do setor portu\u00e1rio, que levam a preju\u00edzos bilion\u00e1rios para o pa\u00eds,\u00a0foram destacados\u00a0no painel \u201cDesafios Para o Aumento de Competitividade Brasileira\u201d, durante o SUMMIT PORTOS\u00a02022, realizado na \u00faltima quinta-feira (1\u00ba), em S\u00e3o Paulo.<br><br>O consultor de log\u00edstica multimodal Luis Claudio Montenegro defendeu que, entre as prioridades urgentes, a capacidade deve ser a primeira meta a ser buscada. Mas ele pontuou que o passo seguinte precisa ser o n\u00edvel de servi\u00e7o, sob pena de os preju\u00edzos com a inefici\u00eancia serem comprometedores.<\/p>\n\n\n\n<p>Montenegro calculou as perdas apenas com atrasos no carregamento e descarregamento de navios e caminh\u00f5es \u2013 sem colocar na conta outras despesas, como reten\u00e7\u00e3o de cont\u00eaineres, por exemplo \u2013 e chegou \u00e0 cifra de R$ 48 bilh\u00f5es anuais. \u201cFila \u00e9 desperd\u00edcio na veia\u201d, disparou.<\/p>\n\n\n\n<p>Outro problema correlacionado \u00e9 a incapacidade de os portos brasileiros receberem navios acima de 15 mil TEUs. Segundo o consultor, 30% da frota mundial n\u00e3o \u00e9 atendida pelo Brasil e 75% das novas embarca\u00e7\u00f5es s\u00e3o de tamanho superior ao comportado no pa\u00eds. \u201cO resultado \u00e9 que estamos pagando fretes&nbsp;mais caros\u201d, resume.<\/p>\n\n\n\n<p>Na linha de apresentar dados que provem a subutiliza\u00e7\u00e3o do potencial, Montenegro enfatizou que aproximadamente 60% da \u00e1rea dos portos est\u00e3o vazias. \u201cN\u00e3o faz sentido com a forma\u00e7\u00e3o da fila que temos\u201d, ponderou. Al\u00e9m disso, com a ocupa\u00e7\u00e3o desses espa\u00e7os, o poder p\u00fablico poderia receber R$ 3,5 bilh\u00f5es anuais, estimou. \u201c\u00c9 dinheiro que est\u00e1 deixando de arrecadar\u201d, disse.<\/p>\n\n\n\n<p>Para o consultor, a entrada do dinheiro privado em portos trouxe efici\u00eancia ao setor, mas \u00e9 poss\u00edvel fazer muito mais. Inclusive ele salientou que a amplia\u00e7\u00e3o da capacidade traz algumas oportunidades de neg\u00f3cios n\u00e3o previstas. E defendeu que n\u00e3o seja adotado um protecionismo prejudicial, citando o modelo argentino implantado na d\u00e9cada de 90, chamado de Competi\u00e7\u00e3o Intraportos, que desestimulou aquisi\u00e7\u00f5es e levou a um cen\u00e1rio atual com espera maior na atraca\u00e7\u00e3o do que a registrada no Brasil e custo 65% na movimenta\u00e7\u00e3o de cont\u00eaineres em Buenos Aires.<\/p>\n\n\n\n<p>Montenegro fez uma defesa enf\u00e1tica sobre a necessidade de mais um terminal de cont\u00eaineres em Santos. Ele citou que, em caso de integra\u00e7\u00e3o verticalizada, a concentra\u00e7\u00e3o chegaria a, no m\u00e1ximo, 28% do mercado, enquanto que em Rotterdam, por exemplo, h\u00e1 um entendimento de que 70% de concentra\u00e7\u00e3o \u00e9 razo\u00e1vel porque a competi\u00e7\u00e3o costuma ser entre portos.<\/p>\n\n\n\n<p>No sentido de colaborar com a discuss\u00e3o, o consultor revelou que elaborou um documento, uma esp\u00e9cie de nota t\u00e9cnica, e encaminhou para \u00f3rg\u00e3os reguladores, sugerindo, entre outros pontos, a regula\u00e7\u00e3o pelos n\u00edveis de servi\u00e7o. Segundo ele, atualmente o protecionismo governamental, sob o manto de n\u00e3o desestimular a concorr\u00eancia, beneficia empresas que est\u00e3o com margem de lucro na faixa de 40%.<\/p>\n\n\n\n<p><strong>Desestatiza\u00e7\u00e3o<\/strong><br>O secret\u00e1rio de Portos e Transportes Aquavi\u00e1rios do Minist\u00e9rio de Infraestrutura, M\u00e1rio Povia, concordou que h\u00e1 inefici\u00eancias a serem combatidas. \u201cNingu\u00e9m ganha com desperd\u00edcio\u201d, ponderou, destacando que o porto de Santos j\u00e1 esteve em situa\u00e7\u00e3o bem pior no passado e que atualmente experimenta um bom momento.<\/p>\n\n\n\n<p>Povia, entretanto, reconheceu algumas dificuldades que foram consideradas intranspon\u00edveis e levaram \u00e0 decis\u00e3o pela desestatiza\u00e7\u00e3o. Entre as barreiras apontadas est\u00e3o a legisla\u00e7\u00e3o, a burocracia, o controle externo e a demora na an\u00e1lise de propostas. \u201cCompanhia docas \u00e9 algo feito para n\u00e3o funcionar\u201d, afirmou, referindo-se aos empecilhos.<\/p>\n\n\n\n<p>Nem quando tiver gest\u00e3o privada o porto de Santos ter\u00e1 a agilidade esperada, avaliou o secret\u00e1rio, destacando que o concession\u00e1rio ter\u00e1 um monte de obriga\u00e7\u00f5es, ser\u00e1 regulado e precisar\u00e1 seguir exig\u00eancias t\u00edpicas de entes p\u00fablicos, sendo proibido, por exemplo, de rejeitar cargas, para cumprir o PDZ (Plano de Desenvolvimento e Zoneamento).<\/p>\n\n\n\n<p>Para colaborar com a discuss\u00e3o sobre vis\u00e3o de longo alcance, o diretor-presidente da EPL (Empresa de Planejamento e Log\u00edstica), Mateus Szwarcwing, garantiu que os estudos referentes ao planejamento para Santos e para todo o modal portu\u00e1rio est\u00e3o atualizados e bem dimensionados. Citou ainda a elabora\u00e7\u00e3o do PNL 2035, como uma proje\u00e7\u00e3o de longo prazo, e sinalizou que at\u00e9 o final do ano devem ser entregues os planos t\u00e1ticos setoriais.<\/p>\n\n\n\n<p><strong>Lentid\u00e3o<\/strong><br>J\u00e1 o diretor de Projetos Especiais do Minist\u00e9rio da Economia, Bruno Sad, afirmou que o Brasil est\u00e1 agindo em ritmo muito mais lento que os competidores estrangeiros. \u201cTeria de triplicar a destina\u00e7\u00e3o de recursos para infraestrutura, mas n\u00e3o tem como fazer isso com capital p\u00fablico, ent\u00e3o ser\u00e1 privado e provavelmente internacional\u201d, ponderou, acrescentando que o minist\u00e9rio enxerga como \u201cperigosa\u201d a situa\u00e7\u00e3o da incapacidade brasileira de receber navios com mais de 15 mil TEUs.<\/p>\n\n\n\n<p>O exemplo do impacto direto no setor industrial foi trazido pela superintendente institucional de Log\u00edstica da Suzano, Patricia Lascosque. Ela citou que, por aus\u00eancia de atua\u00e7\u00e3o governamental, a empresa precisou adotar medidas na \u00e1rea de escoamento da produ\u00e7\u00e3o. Um dos investimentos foi na compra de 580 vag\u00f5es e nove locomotivas.<br><br>Mas mesmo com destina\u00e7\u00f5es milion\u00e1rias, a ind\u00fastria de celulose n\u00e3o tem garantias de que conseguir\u00e1 levar as cargas de forma eficiente para a serem embarcadas. A Suzano est\u00e1 construindo uma f\u00e1brica, que deve come\u00e7ar a operar em abril de 2024, e est\u00e1 preocupada com o atraso das obras no terminal em Santos.<br><br>\u201cPreciso que esteja pronto para levar as 2,5 milh\u00f5es de toneladas produzidas\u201d, disse. Para a superintendente, ainda falta diminuir a burocracia e aumentar a agilidade para que o setor privado encontre as condi\u00e7\u00f5es m\u00ednimas de fazer os investimentos que seriam capazes de fazer o Brasil ser mais desenvolvido.<\/p>\n","protected":false},"excerpt":{"rendered":"<p>da Ag\u00eancia iNFRA Os gargalos do setor portu\u00e1rio, que levam a preju\u00edzos bilion\u00e1rios para o pa\u00eds,\u00a0foram destacados\u00a0no painel \u201cDesafios Para o Aumento de Competitividade Brasileira\u201d, durante o SUMMIT PORTOS\u00a02022, realizado na \u00faltima quinta-feira (1\u00ba), em S\u00e3o Paulo. O consultor de log\u00edstica multimodal Luis Claudio Montenegro defendeu que, entre as prioridades urgentes, a capacidade deve ser [&hellip;]<\/p>\n","protected":false},"author":9,"featured_media":11286,"comment_status":"closed","ping_status":"closed","sticky":false,"template":"","format":"standard","meta":{"_monsterinsights_skip_tracking":false,"_monsterinsights_sitenote_active":false,"_monsterinsights_sitenote_note":"","_monsterinsights_sitenote_category":0,"footnotes":""},"categories":[1,2053],"tags":[5790,3165,192,5789,408,2264,5791,260,1201,5779,1634],"class_list":["post-11285","post","type-post","status-publish","format-standard","has-post-thumbnail","hentry","category-geral","category-infraliveventos","tag-bruno-sad","tag-competitividade","tag-desestatizacao","tag-luis-claudio-montenegro","tag-mario-povia","tag-mateus-szwarcwing","tag-patricia-lascosque","tag-porto-de-santos","tag-setor-portuario","tag-summit-portos-2022","tag-terminal-de-conteineres"],"yoast_head":"<!-- This site is optimized with the Yoast SEO Premium plugin v25.4 (Yoast SEO v26.0) - https:\/\/yoast.com\/wordpress\/plugins\/seo\/ -->\n<title>SUMMIT PORTOS 2022: A conta bilion\u00e1ria da inefici\u00eancia portu\u00e1ria \u00e9 destaque em painel - Ag\u00eancia iNFRA<\/title>\n<meta name=\"robots\" content=\"index, follow, max-snippet:-1, max-image-preview:large, max-video-preview:-1\" \/>\n<link rel=\"canonical\" href=\"https:\/\/agenciainfra.com\/blog\/summit-portos-2022-a-conta-bilionaria-da-ineficiencia-portuaria-e-destaque-em-painel\/\" \/>\n<meta property=\"og:locale\" content=\"pt_BR\" \/>\n<meta property=\"og:type\" content=\"article\" \/>\n<meta property=\"og:title\" content=\"SUMMIT PORTOS 2022: A conta bilion\u00e1ria da inefici\u00eancia portu\u00e1ria \u00e9 destaque em painel\" \/>\n<meta property=\"og:description\" content=\"da Ag\u00eancia iNFRA Os gargalos do setor portu\u00e1rio, que levam a preju\u00edzos bilion\u00e1rios para o pa\u00eds,\u00a0foram destacados\u00a0no painel \u201cDesafios Para o Aumento de Competitividade Brasileira\u201d, durante o SUMMIT PORTOS\u00a02022, realizado na \u00faltima quinta-feira (1\u00ba), em S\u00e3o Paulo. O consultor de log\u00edstica multimodal Luis Claudio Montenegro defendeu que, entre as prioridades urgentes, a capacidade deve ser [&hellip;]\" \/>\n<meta property=\"og:url\" content=\"https:\/\/agenciainfra.com\/blog\/summit-portos-2022-a-conta-bilionaria-da-ineficiencia-portuaria-e-destaque-em-painel\/\" \/>\n<meta property=\"og:site_name\" content=\"Ag\u00eancia iNFRA\" \/>\n<meta property=\"article:publisher\" content=\"https:\/\/www.facebook.com\/ageninfra\" \/>\n<meta property=\"article:published_time\" content=\"2022-09-07T12:00:00+00:00\" \/>\n<meta property=\"og:image\" content=\"https:\/\/agenciainfra.com\/blog\/wp-content\/uploads\/2022\/09\/mario-povia-foto-tom-molina-summit-portos.jpeg\" \/>\n\t<meta property=\"og:image:width\" content=\"1280\" \/>\n\t<meta property=\"og:image:height\" content=\"852\" \/>\n\t<meta property=\"og:image:type\" content=\"image\/jpeg\" \/>\n<meta name=\"author\" content=\"Rodrigo Zuquim\" \/>\n<meta name=\"twitter:card\" content=\"summary_large_image\" \/>\n<meta name=\"twitter:creator\" content=\"@agencia_infra\" \/>\n<meta name=\"twitter:site\" content=\"@agencia_infra\" \/>\n<meta name=\"twitter:label1\" content=\"Escrito por\" \/>\n\t<meta name=\"twitter:data1\" content=\"Rodrigo Zuquim\" \/>\n\t<meta name=\"twitter:label2\" content=\"Est. tempo de leitura\" \/>\n\t<meta name=\"twitter:data2\" content=\"5 minutos\" \/>\n<script type=\"application\/ld+json\" class=\"yoast-schema-graph\">{\"@context\":\"https:\/\/schema.org\",\"@graph\":[{\"@type\":\"Article\",\"@id\":\"https:\/\/agenciainfra.com\/blog\/summit-portos-2022-a-conta-bilionaria-da-ineficiencia-portuaria-e-destaque-em-painel\/#article\",\"isPartOf\":{\"@id\":\"https:\/\/agenciainfra.com\/blog\/summit-portos-2022-a-conta-bilionaria-da-ineficiencia-portuaria-e-destaque-em-painel\/\"},\"author\":{\"name\":\"Rodrigo Zuquim\",\"@id\":\"https:\/\/agenciainfra.com\/blog\/#\/schema\/person\/04dbb79bd6d8951f063da71f3e4c1eb1\"},\"headline\":\"SUMMIT PORTOS 2022: A conta bilion\u00e1ria da inefici\u00eancia portu\u00e1ria \u00e9 destaque em painel\",\"datePublished\":\"2022-09-07T12:00:00+00:00\",\"mainEntityOfPage\":{\"@id\":\"https:\/\/agenciainfra.com\/blog\/summit-portos-2022-a-conta-bilionaria-da-ineficiencia-portuaria-e-destaque-em-painel\/\"},\"wordCount\":979,\"publisher\":{\"@id\":\"https:\/\/agenciainfra.com\/blog\/#organization\"},\"image\":{\"@id\":\"https:\/\/agenciainfra.com\/blog\/summit-portos-2022-a-conta-bilionaria-da-ineficiencia-portuaria-e-destaque-em-painel\/#primaryimage\"},\"thumbnailUrl\":\"https:\/\/agenciainfra.com\/blog\/wp-content\/uploads\/2022\/09\/mario-povia-foto-tom-molina-summit-portos.jpeg\",\"keywords\":[\"Bruno Sad\",\"competitividade\",\"desestatiza\u00e7\u00e3o\",\"Luis Claudio Montenegro\",\"M\u00e1rio Povia\",\"Mateus Szwarcwing\",\"Patricia Lascosque\",\"Porto de Santos\",\"setor portu\u00e1rio\",\"SUMMIT PORTOS 2022\",\"terminal de cont\u00eaineres\"],\"articleSection\":[\"Geral\",\"iNFRALive e Eventos\"],\"inLanguage\":\"pt-BR\",\"copyrightYear\":\"2022\",\"copyrightHolder\":{\"@id\":\"https:\/\/agenciainfra.com\/blog\/#organization\"}},{\"@type\":\"WebPage\",\"@id\":\"https:\/\/agenciainfra.com\/blog\/summit-portos-2022-a-conta-bilionaria-da-ineficiencia-portuaria-e-destaque-em-painel\/\",\"url\":\"https:\/\/agenciainfra.com\/blog\/summit-portos-2022-a-conta-bilionaria-da-ineficiencia-portuaria-e-destaque-em-painel\/\",\"name\":\"SUMMIT PORTOS 2022: A conta bilion\u00e1ria da inefici\u00eancia portu\u00e1ria \u00e9 destaque em painel - Ag\u00eancia iNFRA\",\"isPartOf\":{\"@id\":\"https:\/\/agenciainfra.com\/blog\/#website\"},\"primaryImageOfPage\":{\"@id\":\"https:\/\/agenciainfra.com\/blog\/summit-portos-2022-a-conta-bilionaria-da-ineficiencia-portuaria-e-destaque-em-painel\/#primaryimage\"},\"image\":{\"@id\":\"https:\/\/agenciainfra.com\/blog\/summit-portos-2022-a-conta-bilionaria-da-ineficiencia-portuaria-e-destaque-em-painel\/#primaryimage\"},\"thumbnailUrl\":\"https:\/\/agenciainfra.com\/blog\/wp-content\/uploads\/2022\/09\/mario-povia-foto-tom-molina-summit-portos.jpeg\",\"datePublished\":\"2022-09-07T12:00:00+00:00\",\"breadcrumb\":{\"@id\":\"https:\/\/agenciainfra.com\/blog\/summit-portos-2022-a-conta-bilionaria-da-ineficiencia-portuaria-e-destaque-em-painel\/#breadcrumb\"},\"inLanguage\":\"pt-BR\",\"potentialAction\":[{\"@type\":\"ReadAction\",\"target\":[\"https:\/\/agenciainfra.com\/blog\/summit-portos-2022-a-conta-bilionaria-da-ineficiencia-portuaria-e-destaque-em-painel\/\"]}]},{\"@type\":\"ImageObject\",\"inLanguage\":\"pt-BR\",\"@id\":\"https:\/\/agenciainfra.com\/blog\/summit-portos-2022-a-conta-bilionaria-da-ineficiencia-portuaria-e-destaque-em-painel\/#primaryimage\",\"url\":\"https:\/\/agenciainfra.com\/blog\/wp-content\/uploads\/2022\/09\/mario-povia-foto-tom-molina-summit-portos.jpeg\",\"contentUrl\":\"https:\/\/agenciainfra.com\/blog\/wp-content\/uploads\/2022\/09\/mario-povia-foto-tom-molina-summit-portos.jpeg\",\"width\":1280,\"height\":852},{\"@type\":\"BreadcrumbList\",\"@id\":\"https:\/\/agenciainfra.com\/blog\/summit-portos-2022-a-conta-bilionaria-da-ineficiencia-portuaria-e-destaque-em-painel\/#breadcrumb\",\"itemListElement\":[{\"@type\":\"ListItem\",\"position\":1,\"name\":\"In\u00edcio\",\"item\":\"https:\/\/agenciainfra.com\/blog\/\"},{\"@type\":\"ListItem\",\"position\":2,\"name\":\"SUMMIT PORTOS 2022: A conta bilion\u00e1ria da inefici\u00eancia portu\u00e1ria \u00e9 destaque em painel\"}]},{\"@type\":\"WebSite\",\"@id\":\"https:\/\/agenciainfra.com\/blog\/#website\",\"url\":\"https:\/\/agenciainfra.com\/blog\/\",\"name\":\"Ag\u00eancia iNFRA\",\"description\":\"Multiplataforma de informa\u00e7\u00e3o jornal\u00edstica refer\u00eancia na \u00e1rea de infraestrutura no Brasil!\",\"publisher\":{\"@id\":\"https:\/\/agenciainfra.com\/blog\/#organization\"},\"potentialAction\":[{\"@type\":\"SearchAction\",\"target\":{\"@type\":\"EntryPoint\",\"urlTemplate\":\"https:\/\/agenciainfra.com\/blog\/?s={search_term_string}\"},\"query-input\":{\"@type\":\"PropertyValueSpecification\",\"valueRequired\":true,\"valueName\":\"search_term_string\"}}],\"inLanguage\":\"pt-BR\"},{\"@type\":\"Organization\",\"@id\":\"https:\/\/agenciainfra.com\/blog\/#organization\",\"name\":\"Ag\u00eancia iNFRA\",\"url\":\"https:\/\/agenciainfra.com\/blog\/\",\"logo\":{\"@type\":\"ImageObject\",\"inLanguage\":\"pt-BR\",\"@id\":\"https:\/\/agenciainfra.com\/blog\/#\/schema\/logo\/image\/\",\"url\":\"https:\/\/agenciainfra.com\/blog\/wp-content\/uploads\/2023\/09\/iNFRA_5-e1761735885940.png\",\"contentUrl\":\"https:\/\/agenciainfra.com\/blog\/wp-content\/uploads\/2023\/09\/iNFRA_5-e1761735885940.png\",\"width\":1672,\"height\":454,\"caption\":\"Ag\u00eancia iNFRA\"},\"image\":{\"@id\":\"https:\/\/agenciainfra.com\/blog\/#\/schema\/logo\/image\/\"},\"sameAs\":[\"https:\/\/www.facebook.com\/ageninfra\",\"https:\/\/x.com\/agencia_infra\",\"https:\/\/www.linkedin.com\/company\/ag\u00eanciainfra\/\",\"https:\/\/www.instagram.com\/agenciainfra\/\"]},{\"@type\":\"Person\",\"@id\":\"https:\/\/agenciainfra.com\/blog\/#\/schema\/person\/04dbb79bd6d8951f063da71f3e4c1eb1\",\"name\":\"Rodrigo Zuquim\",\"image\":{\"@type\":\"ImageObject\",\"inLanguage\":\"pt-BR\",\"@id\":\"https:\/\/agenciainfra.com\/blog\/#\/schema\/person\/image\/\",\"url\":\"https:\/\/secure.gravatar.com\/avatar\/594abfe82761d620726242ff34ca472a705a4b97f16c790053a6b4c4035274d0?s=96&d=mm&r=g\",\"contentUrl\":\"https:\/\/secure.gravatar.com\/avatar\/594abfe82761d620726242ff34ca472a705a4b97f16c790053a6b4c4035274d0?s=96&d=mm&r=g\",\"caption\":\"Rodrigo Zuquim\"},\"url\":\"https:\/\/agenciainfra.com\/blog\/author\/rodrigo-zuquim\/\"}]}<\/script>\n<!-- \/ Yoast SEO Premium plugin. -->","yoast_head_json":{"title":"SUMMIT PORTOS 2022: A conta bilion\u00e1ria da inefici\u00eancia portu\u00e1ria \u00e9 destaque em painel - Ag\u00eancia iNFRA","robots":{"index":"index","follow":"follow","max-snippet":"max-snippet:-1","max-image-preview":"max-image-preview:large","max-video-preview":"max-video-preview:-1"},"canonical":"https:\/\/agenciainfra.com\/blog\/summit-portos-2022-a-conta-bilionaria-da-ineficiencia-portuaria-e-destaque-em-painel\/","og_locale":"pt_BR","og_type":"article","og_title":"SUMMIT PORTOS 2022: A conta bilion\u00e1ria da inefici\u00eancia portu\u00e1ria \u00e9 destaque em painel","og_description":"da Ag\u00eancia iNFRA Os gargalos do setor portu\u00e1rio, que levam a preju\u00edzos bilion\u00e1rios para o pa\u00eds,\u00a0foram destacados\u00a0no painel \u201cDesafios Para o Aumento de Competitividade Brasileira\u201d, durante o SUMMIT PORTOS\u00a02022, realizado na \u00faltima quinta-feira (1\u00ba), em S\u00e3o Paulo. O consultor de log\u00edstica multimodal Luis Claudio Montenegro defendeu que, entre as prioridades urgentes, a capacidade deve ser [&hellip;]","og_url":"https:\/\/agenciainfra.com\/blog\/summit-portos-2022-a-conta-bilionaria-da-ineficiencia-portuaria-e-destaque-em-painel\/","og_site_name":"Ag\u00eancia iNFRA","article_publisher":"https:\/\/www.facebook.com\/ageninfra","article_published_time":"2022-09-07T12:00:00+00:00","og_image":[{"width":1280,"height":852,"url":"https:\/\/agenciainfra.com\/blog\/wp-content\/uploads\/2022\/09\/mario-povia-foto-tom-molina-summit-portos.jpeg","type":"image\/jpeg"}],"author":"Rodrigo Zuquim","twitter_card":"summary_large_image","twitter_creator":"@agencia_infra","twitter_site":"@agencia_infra","twitter_misc":{"Escrito por":"Rodrigo Zuquim","Est. tempo de leitura":"5 minutos"},"schema":{"@context":"https:\/\/schema.org","@graph":[{"@type":"Article","@id":"https:\/\/agenciainfra.com\/blog\/summit-portos-2022-a-conta-bilionaria-da-ineficiencia-portuaria-e-destaque-em-painel\/#article","isPartOf":{"@id":"https:\/\/agenciainfra.com\/blog\/summit-portos-2022-a-conta-bilionaria-da-ineficiencia-portuaria-e-destaque-em-painel\/"},"author":{"name":"Rodrigo Zuquim","@id":"https:\/\/agenciainfra.com\/blog\/#\/schema\/person\/04dbb79bd6d8951f063da71f3e4c1eb1"},"headline":"SUMMIT PORTOS 2022: A conta bilion\u00e1ria da inefici\u00eancia portu\u00e1ria \u00e9 destaque em painel","datePublished":"2022-09-07T12:00:00+00:00","mainEntityOfPage":{"@id":"https:\/\/agenciainfra.com\/blog\/summit-portos-2022-a-conta-bilionaria-da-ineficiencia-portuaria-e-destaque-em-painel\/"},"wordCount":979,"publisher":{"@id":"https:\/\/agenciainfra.com\/blog\/#organization"},"image":{"@id":"https:\/\/agenciainfra.com\/blog\/summit-portos-2022-a-conta-bilionaria-da-ineficiencia-portuaria-e-destaque-em-painel\/#primaryimage"},"thumbnailUrl":"https:\/\/agenciainfra.com\/blog\/wp-content\/uploads\/2022\/09\/mario-povia-foto-tom-molina-summit-portos.jpeg","keywords":["Bruno Sad","competitividade","desestatiza\u00e7\u00e3o","Luis Claudio Montenegro","M\u00e1rio Povia","Mateus Szwarcwing","Patricia Lascosque","Porto de Santos","setor portu\u00e1rio","SUMMIT PORTOS 2022","terminal de cont\u00eaineres"],"articleSection":["Geral","iNFRALive e Eventos"],"inLanguage":"pt-BR","copyrightYear":"2022","copyrightHolder":{"@id":"https:\/\/agenciainfra.com\/blog\/#organization"}},{"@type":"WebPage","@id":"https:\/\/agenciainfra.com\/blog\/summit-portos-2022-a-conta-bilionaria-da-ineficiencia-portuaria-e-destaque-em-painel\/","url":"https:\/\/agenciainfra.com\/blog\/summit-portos-2022-a-conta-bilionaria-da-ineficiencia-portuaria-e-destaque-em-painel\/","name":"SUMMIT PORTOS 2022: A conta bilion\u00e1ria da inefici\u00eancia portu\u00e1ria \u00e9 destaque em painel - Ag\u00eancia iNFRA","isPartOf":{"@id":"https:\/\/agenciainfra.com\/blog\/#website"},"primaryImageOfPage":{"@id":"https:\/\/agenciainfra.com\/blog\/summit-portos-2022-a-conta-bilionaria-da-ineficiencia-portuaria-e-destaque-em-painel\/#primaryimage"},"image":{"@id":"https:\/\/agenciainfra.com\/blog\/summit-portos-2022-a-conta-bilionaria-da-ineficiencia-portuaria-e-destaque-em-painel\/#primaryimage"},"thumbnailUrl":"https:\/\/agenciainfra.com\/blog\/wp-content\/uploads\/2022\/09\/mario-povia-foto-tom-molina-summit-portos.jpeg","datePublished":"2022-09-07T12:00:00+00:00","breadcrumb":{"@id":"https:\/\/agenciainfra.com\/blog\/summit-portos-2022-a-conta-bilionaria-da-ineficiencia-portuaria-e-destaque-em-painel\/#breadcrumb"},"inLanguage":"pt-BR","potentialAction":[{"@type":"ReadAction","target":["https:\/\/agenciainfra.com\/blog\/summit-portos-2022-a-conta-bilionaria-da-ineficiencia-portuaria-e-destaque-em-painel\/"]}]},{"@type":"ImageObject","inLanguage":"pt-BR","@id":"https:\/\/agenciainfra.com\/blog\/summit-portos-2022-a-conta-bilionaria-da-ineficiencia-portuaria-e-destaque-em-painel\/#primaryimage","url":"https:\/\/agenciainfra.com\/blog\/wp-content\/uploads\/2022\/09\/mario-povia-foto-tom-molina-summit-portos.jpeg","contentUrl":"https:\/\/agenciainfra.com\/blog\/wp-content\/uploads\/2022\/09\/mario-povia-foto-tom-molina-summit-portos.jpeg","width":1280,"height":852},{"@type":"BreadcrumbList","@id":"https:\/\/agenciainfra.com\/blog\/summit-portos-2022-a-conta-bilionaria-da-ineficiencia-portuaria-e-destaque-em-painel\/#breadcrumb","itemListElement":[{"@type":"ListItem","position":1,"name":"In\u00edcio","item":"https:\/\/agenciainfra.com\/blog\/"},{"@type":"ListItem","position":2,"name":"SUMMIT PORTOS 2022: A conta bilion\u00e1ria da inefici\u00eancia portu\u00e1ria \u00e9 destaque em painel"}]},{"@type":"WebSite","@id":"https:\/\/agenciainfra.com\/blog\/#website","url":"https:\/\/agenciainfra.com\/blog\/","name":"Ag\u00eancia iNFRA","description":"Multiplataforma de informa\u00e7\u00e3o jornal\u00edstica refer\u00eancia na \u00e1rea de infraestrutura no Brasil!","publisher":{"@id":"https:\/\/agenciainfra.com\/blog\/#organization"},"potentialAction":[{"@type":"SearchAction","target":{"@type":"EntryPoint","urlTemplate":"https:\/\/agenciainfra.com\/blog\/?s={search_term_string}"},"query-input":{"@type":"PropertyValueSpecification","valueRequired":true,"valueName":"search_term_string"}}],"inLanguage":"pt-BR"},{"@type":"Organization","@id":"https:\/\/agenciainfra.com\/blog\/#organization","name":"Ag\u00eancia iNFRA","url":"https:\/\/agenciainfra.com\/blog\/","logo":{"@type":"ImageObject","inLanguage":"pt-BR","@id":"https:\/\/agenciainfra.com\/blog\/#\/schema\/logo\/image\/","url":"https:\/\/agenciainfra.com\/blog\/wp-content\/uploads\/2023\/09\/iNFRA_5-e1761735885940.png","contentUrl":"https:\/\/agenciainfra.com\/blog\/wp-content\/uploads\/2023\/09\/iNFRA_5-e1761735885940.png","width":1672,"height":454,"caption":"Ag\u00eancia iNFRA"},"image":{"@id":"https:\/\/agenciainfra.com\/blog\/#\/schema\/logo\/image\/"},"sameAs":["https:\/\/www.facebook.com\/ageninfra","https:\/\/x.com\/agencia_infra","https:\/\/www.linkedin.com\/company\/ag\u00eanciainfra\/","https:\/\/www.instagram.com\/agenciainfra\/"]},{"@type":"Person","@id":"https:\/\/agenciainfra.com\/blog\/#\/schema\/person\/04dbb79bd6d8951f063da71f3e4c1eb1","name":"Rodrigo Zuquim","image":{"@type":"ImageObject","inLanguage":"pt-BR","@id":"https:\/\/agenciainfra.com\/blog\/#\/schema\/person\/image\/","url":"https:\/\/secure.gravatar.com\/avatar\/594abfe82761d620726242ff34ca472a705a4b97f16c790053a6b4c4035274d0?s=96&d=mm&r=g","contentUrl":"https:\/\/secure.gravatar.com\/avatar\/594abfe82761d620726242ff34ca472a705a4b97f16c790053a6b4c4035274d0?s=96&d=mm&r=g","caption":"Rodrigo Zuquim"},"url":"https:\/\/agenciainfra.com\/blog\/author\/rodrigo-zuquim\/"}]}},"_links":{"self":[{"href":"https:\/\/agenciainfra.com\/blog\/wp-json\/wp\/v2\/posts\/11285","targetHints":{"allow":["GET"]}}],"collection":[{"href":"https:\/\/agenciainfra.com\/blog\/wp-json\/wp\/v2\/posts"}],"about":[{"href":"https:\/\/agenciainfra.com\/blog\/wp-json\/wp\/v2\/types\/post"}],"author":[{"embeddable":true,"href":"https:\/\/agenciainfra.com\/blog\/wp-json\/wp\/v2\/users\/9"}],"replies":[{"embeddable":true,"href":"https:\/\/agenciainfra.com\/blog\/wp-json\/wp\/v2\/comments?post=11285"}],"version-history":[{"count":0,"href":"https:\/\/agenciainfra.com\/blog\/wp-json\/wp\/v2\/posts\/11285\/revisions"}],"wp:featuredmedia":[{"embeddable":true,"href":"https:\/\/agenciainfra.com\/blog\/wp-json\/wp\/v2\/media\/11286"}],"wp:attachment":[{"href":"https:\/\/agenciainfra.com\/blog\/wp-json\/wp\/v2\/media?parent=11285"}],"wp:term":[{"taxonomy":"category","embeddable":true,"href":"https:\/\/agenciainfra.com\/blog\/wp-json\/wp\/v2\/categories?post=11285"},{"taxonomy":"post_tag","embeddable":true,"href":"https:\/\/agenciainfra.com\/blog\/wp-json\/wp\/v2\/tags?post=11285"}],"curies":[{"name":"wp","href":"https:\/\/api.w.org\/{rel}","templated":true}]}}