{"id":11293,"date":"2022-09-09T10:00:00","date_gmt":"2022-09-09T13:00:00","guid":{"rendered":"https:\/\/www.agenciainfra.com\/blog\/?p=11293"},"modified":"2022-09-09T09:25:42","modified_gmt":"2022-09-09T12:25:42","slug":"prorrogadas-ate-14-de-setembro-inscricoes-para-o-premio-p3c-2022","status":"publish","type":"post","link":"https:\/\/agenciainfra.com\/blog\/prorrogadas-ate-14-de-setembro-inscricoes-para-o-premio-p3c-2022\/","title":{"rendered":"Prorrogadas at\u00e9 14 de setembro inscri\u00e7\u00f5es para o Pr\u00eamio P3C 2022"},"content":{"rendered":"\n<p class=\"has-text-align-right\"><strong>da Ag\u00eancia iNFRA<\/strong><\/p>\n\n\n\n<p>O Pr\u00eamio P3C 2022 prorrogou o prazo para submiss\u00e3o&nbsp;de trabalhos at\u00e9 a pr\u00f3xima quarta-feira (14). Realizada por B3, Necta e Portugal Ribeiro Advogados, a iniciativa apontar\u00e1 profissionais, empresas e \u00f3rg\u00e3os p\u00fablicos com atua\u00e7\u00e3o em infraestrutura econ\u00f4mica, social e ativos ambientais. A entrega ser\u00e1 na abertura da Confer\u00eancia P3C, em 7 de dezembro, na B3, em S\u00e3o Paulo (SP). O formul\u00e1rio online est\u00e1 dispon\u00edvel&nbsp;<a href=\"https:\/\/agenciainfra.us14.list-manage.com\/track\/click?u=d460dd1bcf9ba0ae040e1fc0f&amp;id=b2d27ee910&amp;e=c099169394\" target=\"_blank\" rel=\"noreferrer noopener\">aqui<\/a>.<br><br>Podem concorrer todos os projetos de desestatiza\u00e7\u00e3o, privatiza\u00e7\u00f5es, concess\u00f5es comuns, PPPs (parcerias p\u00fablico-privadas), concess\u00f5es de uso, arrendamentos, permiss\u00f5es, autoriza\u00e7\u00f5es, entre outros. Ser\u00e3o admitidos projetos que tenham como objetivo o investimento e opera\u00e7\u00e3o pela iniciativa privada em infraestrutura.<br><br>Esta ser\u00e1 a segunda edi\u00e7\u00e3o do Pr\u00eamio P3C. Em 2021, o objetivo foi celebrar as melhores a\u00e7\u00f5es na gest\u00e3o de contratos em meio \u00e0 crise causada pela pandemia de Covid-19. Neste ano, contudo, a abordagem ser\u00e1 diferente.<br><br>De acordo com o regulamento, ser\u00e3o dois grupos de premia\u00e7\u00e3o: um voltado \u00e0s entidades e outro aos profissionais. Os pr\u00eamios de entidades contemplam concession\u00e1rias, poder concedente e ag\u00eancias reguladoras que atuaram na estrutura\u00e7\u00e3o ou na gest\u00e3o de contratos relativos aos setores de infraestrutura econ\u00f4mica, social e ativos ambientais.&nbsp;<br><br>Ser\u00e3o tr\u00eas modalidades: 1) melhor estrutura\u00e7\u00e3o de projetos; 2) melhor gest\u00e3o p\u00fablica de projetos implementados; 3) melhor gest\u00e3o privada de projetos implementados. Podem ser submetidos projetos em estrutura\u00e7\u00e3o ou opera\u00e7\u00e3o iniciados nos \u00faltimos 10 anos.<br><br>Os pr\u00eamios para profissionais t\u00eam por objetivo reconhecer aqueles cuja atua\u00e7\u00e3o contribuiu significativamente para o desenvolvimento dos setores da infraestrutura econ\u00f4mica, social e ativos ambientais brasileiros.<br><br>Igualmente ser\u00e3o tr\u00eas categorias: 1) reconhecimento in memoriam; 2) carreiras de impacto; 3) mulheres na infraestrutura. Nessas categorias, contudo, n\u00e3o haver\u00e1 inscri\u00e7\u00e3o \u2014 o comit\u00ea organizador escolher\u00e1 internamente os nomes agraciados pelo pr\u00eamio 1. Os pr\u00eamios 2 e 3 ser\u00e3o eleitos pelo corpo plen\u00e1rio do Pr\u00eamio P3C a partir de lista elaborada pelo comit\u00ea. Nesse caso, os profissionais agraciados ser\u00e3o contatados pela organiza\u00e7\u00e3o.<br><br>A&nbsp;<strong>Ag\u00eancia iNFRA<\/strong>&nbsp;\u00e9 media partner do P3C desde a sua primeira realiza\u00e7\u00e3o, e assim tamb\u00e9m ser\u00e1 neste ano. As inscri\u00e7\u00f5es para o evento podem ser feitas&nbsp;<a href=\"https:\/\/agenciainfra.us14.list-manage.com\/track\/click?u=d460dd1bcf9ba0ae040e1fc0f&amp;id=c4d720d2c9&amp;e=c099169394\" target=\"_blank\" rel=\"noreferrer noopener\">neste link<\/a>.<\/p>\n","protected":false},"excerpt":{"rendered":"<p>da Ag\u00eancia iNFRA O Pr\u00eamio P3C 2022 prorrogou o prazo para submiss\u00e3o&nbsp;de trabalhos at\u00e9 a pr\u00f3xima quarta-feira (14). Realizada por B3, Necta e Portugal Ribeiro Advogados, a iniciativa apontar\u00e1 profissionais, empresas e \u00f3rg\u00e3os p\u00fablicos com atua\u00e7\u00e3o em infraestrutura econ\u00f4mica, social e ativos ambientais. A entrega ser\u00e1 na abertura da Confer\u00eancia P3C, em 7 de dezembro, [&hellip;]<\/p>\n","protected":false},"author":9,"featured_media":11294,"comment_status":"closed","ping_status":"closed","sticky":false,"template":"","format":"standard","meta":{"_monsterinsights_skip_tracking":false,"_monsterinsights_sitenote_active":false,"_monsterinsights_sitenote_note":"","_monsterinsights_sitenote_category":0,"footnotes":""},"categories":[1],"tags":[46,78,192,34,5089,1315,97,418],"class_list":["post-11293","post","type-post","status-publish","format-standard","has-post-thumbnail","hentry","category-geral","tag-agencias-reguladoras","tag-concessoes","tag-desestatizacao","tag-infraestrutura","tag-p3c","tag-parcerias-publico-privadas","tag-ppp","tag-privatizacoes"],"yoast_head":"<!-- This site is optimized with the Yoast SEO Premium plugin v25.4 (Yoast SEO v26.0) - https:\/\/yoast.com\/wordpress\/plugins\/seo\/ -->\n<title>Prorrogadas at\u00e9 14 de setembro inscri\u00e7\u00f5es para o Pr\u00eamio P3C 2022 - Ag\u00eancia iNFRA<\/title>\n<meta name=\"robots\" content=\"index, follow, max-snippet:-1, max-image-preview:large, max-video-preview:-1\" \/>\n<link rel=\"canonical\" href=\"https:\/\/agenciainfra.com\/blog\/prorrogadas-ate-14-de-setembro-inscricoes-para-o-premio-p3c-2022\/\" \/>\n<meta property=\"og:locale\" content=\"pt_BR\" \/>\n<meta property=\"og:type\" content=\"article\" \/>\n<meta property=\"og:title\" content=\"Prorrogadas at\u00e9 14 de setembro inscri\u00e7\u00f5es para o Pr\u00eamio P3C 2022\" \/>\n<meta property=\"og:description\" content=\"da Ag\u00eancia iNFRA O Pr\u00eamio P3C 2022 prorrogou o prazo para submiss\u00e3o&nbsp;de trabalhos at\u00e9 a pr\u00f3xima quarta-feira (14). Realizada por B3, Necta e Portugal Ribeiro Advogados, a iniciativa apontar\u00e1 profissionais, empresas e \u00f3rg\u00e3os p\u00fablicos com atua\u00e7\u00e3o em infraestrutura econ\u00f4mica, social e ativos ambientais. A entrega ser\u00e1 na abertura da Confer\u00eancia P3C, em 7 de dezembro, [&hellip;]\" \/>\n<meta property=\"og:url\" content=\"https:\/\/agenciainfra.com\/blog\/prorrogadas-ate-14-de-setembro-inscricoes-para-o-premio-p3c-2022\/\" \/>\n<meta property=\"og:site_name\" content=\"Ag\u00eancia iNFRA\" \/>\n<meta property=\"article:publisher\" content=\"https:\/\/www.facebook.com\/ageninfra\" \/>\n<meta property=\"article:published_time\" content=\"2022-09-09T13:00:00+00:00\" \/>\n<meta property=\"og:image\" content=\"https:\/\/agenciainfra.com\/blog\/wp-content\/uploads\/2022\/09\/premio-p3c-divulgacao.png\" \/>\n\t<meta property=\"og:image:width\" content=\"1280\" \/>\n\t<meta property=\"og:image:height\" content=\"800\" \/>\n\t<meta property=\"og:image:type\" content=\"image\/png\" \/>\n<meta name=\"author\" content=\"Rodrigo Zuquim\" \/>\n<meta name=\"twitter:card\" content=\"summary_large_image\" \/>\n<meta name=\"twitter:creator\" content=\"@agencia_infra\" \/>\n<meta name=\"twitter:site\" content=\"@agencia_infra\" \/>\n<meta name=\"twitter:label1\" content=\"Escrito por\" \/>\n\t<meta name=\"twitter:data1\" content=\"Rodrigo Zuquim\" \/>\n\t<meta name=\"twitter:label2\" content=\"Est. tempo de leitura\" \/>\n\t<meta name=\"twitter:data2\" content=\"2 minutos\" \/>\n<script type=\"application\/ld+json\" class=\"yoast-schema-graph\">{\"@context\":\"https:\/\/schema.org\",\"@graph\":[{\"@type\":\"Article\",\"@id\":\"https:\/\/agenciainfra.com\/blog\/prorrogadas-ate-14-de-setembro-inscricoes-para-o-premio-p3c-2022\/#article\",\"isPartOf\":{\"@id\":\"https:\/\/agenciainfra.com\/blog\/prorrogadas-ate-14-de-setembro-inscricoes-para-o-premio-p3c-2022\/\"},\"author\":{\"name\":\"Rodrigo Zuquim\",\"@id\":\"https:\/\/agenciainfra.com\/blog\/#\/schema\/person\/04dbb79bd6d8951f063da71f3e4c1eb1\"},\"headline\":\"Prorrogadas at\u00e9 14 de setembro inscri\u00e7\u00f5es para o Pr\u00eamio P3C 2022\",\"datePublished\":\"2022-09-09T13:00:00+00:00\",\"mainEntityOfPage\":{\"@id\":\"https:\/\/agenciainfra.com\/blog\/prorrogadas-ate-14-de-setembro-inscricoes-para-o-premio-p3c-2022\/\"},\"wordCount\":409,\"publisher\":{\"@id\":\"https:\/\/agenciainfra.com\/blog\/#organization\"},\"image\":{\"@id\":\"https:\/\/agenciainfra.com\/blog\/prorrogadas-ate-14-de-setembro-inscricoes-para-o-premio-p3c-2022\/#primaryimage\"},\"thumbnailUrl\":\"https:\/\/agenciainfra.com\/blog\/wp-content\/uploads\/2022\/09\/premio-p3c-divulgacao.png\",\"keywords\":[\"Ag\u00eancias Reguladoras\",\"concess\u00f5es\",\"desestatiza\u00e7\u00e3o\",\"Infraestrutura\",\"P3C\",\"parcerias p\u00fablico-privadas\",\"PPP\",\"privatiza\u00e7\u00f5es\"],\"articleSection\":[\"Geral\"],\"inLanguage\":\"pt-BR\",\"copyrightYear\":\"2022\",\"copyrightHolder\":{\"@id\":\"https:\/\/agenciainfra.com\/blog\/#organization\"}},{\"@type\":\"WebPage\",\"@id\":\"https:\/\/agenciainfra.com\/blog\/prorrogadas-ate-14-de-setembro-inscricoes-para-o-premio-p3c-2022\/\",\"url\":\"https:\/\/agenciainfra.com\/blog\/prorrogadas-ate-14-de-setembro-inscricoes-para-o-premio-p3c-2022\/\",\"name\":\"Prorrogadas at\u00e9 14 de setembro inscri\u00e7\u00f5es para o Pr\u00eamio P3C 2022 - Ag\u00eancia iNFRA\",\"isPartOf\":{\"@id\":\"https:\/\/agenciainfra.com\/blog\/#website\"},\"primaryImageOfPage\":{\"@id\":\"https:\/\/agenciainfra.com\/blog\/prorrogadas-ate-14-de-setembro-inscricoes-para-o-premio-p3c-2022\/#primaryimage\"},\"image\":{\"@id\":\"https:\/\/agenciainfra.com\/blog\/prorrogadas-ate-14-de-setembro-inscricoes-para-o-premio-p3c-2022\/#primaryimage\"},\"thumbnailUrl\":\"https:\/\/agenciainfra.com\/blog\/wp-content\/uploads\/2022\/09\/premio-p3c-divulgacao.png\",\"datePublished\":\"2022-09-09T13:00:00+00:00\",\"breadcrumb\":{\"@id\":\"https:\/\/agenciainfra.com\/blog\/prorrogadas-ate-14-de-setembro-inscricoes-para-o-premio-p3c-2022\/#breadcrumb\"},\"inLanguage\":\"pt-BR\",\"potentialAction\":[{\"@type\":\"ReadAction\",\"target\":[\"https:\/\/agenciainfra.com\/blog\/prorrogadas-ate-14-de-setembro-inscricoes-para-o-premio-p3c-2022\/\"]}]},{\"@type\":\"ImageObject\",\"inLanguage\":\"pt-BR\",\"@id\":\"https:\/\/agenciainfra.com\/blog\/prorrogadas-ate-14-de-setembro-inscricoes-para-o-premio-p3c-2022\/#primaryimage\",\"url\":\"https:\/\/agenciainfra.com\/blog\/wp-content\/uploads\/2022\/09\/premio-p3c-divulgacao.png\",\"contentUrl\":\"https:\/\/agenciainfra.com\/blog\/wp-content\/uploads\/2022\/09\/premio-p3c-divulgacao.png\",\"width\":1280,\"height\":800},{\"@type\":\"BreadcrumbList\",\"@id\":\"https:\/\/agenciainfra.com\/blog\/prorrogadas-ate-14-de-setembro-inscricoes-para-o-premio-p3c-2022\/#breadcrumb\",\"itemListElement\":[{\"@type\":\"ListItem\",\"position\":1,\"name\":\"In\u00edcio\",\"item\":\"https:\/\/agenciainfra.com\/blog\/\"},{\"@type\":\"ListItem\",\"position\":2,\"name\":\"Prorrogadas at\u00e9 14 de setembro inscri\u00e7\u00f5es para o Pr\u00eamio P3C 2022\"}]},{\"@type\":\"WebSite\",\"@id\":\"https:\/\/agenciainfra.com\/blog\/#website\",\"url\":\"https:\/\/agenciainfra.com\/blog\/\",\"name\":\"Ag\u00eancia iNFRA\",\"description\":\"Multiplataforma de informa\u00e7\u00e3o jornal\u00edstica refer\u00eancia na \u00e1rea de infraestrutura no Brasil!\",\"publisher\":{\"@id\":\"https:\/\/agenciainfra.com\/blog\/#organization\"},\"potentialAction\":[{\"@type\":\"SearchAction\",\"target\":{\"@type\":\"EntryPoint\",\"urlTemplate\":\"https:\/\/agenciainfra.com\/blog\/?s={search_term_string}\"},\"query-input\":{\"@type\":\"PropertyValueSpecification\",\"valueRequired\":true,\"valueName\":\"search_term_string\"}}],\"inLanguage\":\"pt-BR\"},{\"@type\":\"Organization\",\"@id\":\"https:\/\/agenciainfra.com\/blog\/#organization\",\"name\":\"Ag\u00eancia iNFRA\",\"url\":\"https:\/\/agenciainfra.com\/blog\/\",\"logo\":{\"@type\":\"ImageObject\",\"inLanguage\":\"pt-BR\",\"@id\":\"https:\/\/agenciainfra.com\/blog\/#\/schema\/logo\/image\/\",\"url\":\"https:\/\/agenciainfra.com\/blog\/wp-content\/uploads\/2023\/09\/iNFRA_5-e1761735885940.png\",\"contentUrl\":\"https:\/\/agenciainfra.com\/blog\/wp-content\/uploads\/2023\/09\/iNFRA_5-e1761735885940.png\",\"width\":1672,\"height\":454,\"caption\":\"Ag\u00eancia iNFRA\"},\"image\":{\"@id\":\"https:\/\/agenciainfra.com\/blog\/#\/schema\/logo\/image\/\"},\"sameAs\":[\"https:\/\/www.facebook.com\/ageninfra\",\"https:\/\/x.com\/agencia_infra\",\"https:\/\/www.linkedin.com\/company\/ag\u00eanciainfra\/\",\"https:\/\/www.instagram.com\/agenciainfra\/\"]},{\"@type\":\"Person\",\"@id\":\"https:\/\/agenciainfra.com\/blog\/#\/schema\/person\/04dbb79bd6d8951f063da71f3e4c1eb1\",\"name\":\"Rodrigo Zuquim\",\"image\":{\"@type\":\"ImageObject\",\"inLanguage\":\"pt-BR\",\"@id\":\"https:\/\/agenciainfra.com\/blog\/#\/schema\/person\/image\/\",\"url\":\"https:\/\/secure.gravatar.com\/avatar\/594abfe82761d620726242ff34ca472a705a4b97f16c790053a6b4c4035274d0?s=96&d=mm&r=g\",\"contentUrl\":\"https:\/\/secure.gravatar.com\/avatar\/594abfe82761d620726242ff34ca472a705a4b97f16c790053a6b4c4035274d0?s=96&d=mm&r=g\",\"caption\":\"Rodrigo Zuquim\"},\"url\":\"https:\/\/agenciainfra.com\/blog\/author\/rodrigo-zuquim\/\"}]}<\/script>\n<!-- \/ Yoast SEO Premium plugin. -->","yoast_head_json":{"title":"Prorrogadas at\u00e9 14 de setembro inscri\u00e7\u00f5es para o Pr\u00eamio P3C 2022 - Ag\u00eancia iNFRA","robots":{"index":"index","follow":"follow","max-snippet":"max-snippet:-1","max-image-preview":"max-image-preview:large","max-video-preview":"max-video-preview:-1"},"canonical":"https:\/\/agenciainfra.com\/blog\/prorrogadas-ate-14-de-setembro-inscricoes-para-o-premio-p3c-2022\/","og_locale":"pt_BR","og_type":"article","og_title":"Prorrogadas at\u00e9 14 de setembro inscri\u00e7\u00f5es para o Pr\u00eamio P3C 2022","og_description":"da Ag\u00eancia iNFRA O Pr\u00eamio P3C 2022 prorrogou o prazo para submiss\u00e3o&nbsp;de trabalhos at\u00e9 a pr\u00f3xima quarta-feira (14). Realizada por B3, Necta e Portugal Ribeiro Advogados, a iniciativa apontar\u00e1 profissionais, empresas e \u00f3rg\u00e3os p\u00fablicos com atua\u00e7\u00e3o em infraestrutura econ\u00f4mica, social e ativos ambientais. A entrega ser\u00e1 na abertura da Confer\u00eancia P3C, em 7 de dezembro, [&hellip;]","og_url":"https:\/\/agenciainfra.com\/blog\/prorrogadas-ate-14-de-setembro-inscricoes-para-o-premio-p3c-2022\/","og_site_name":"Ag\u00eancia iNFRA","article_publisher":"https:\/\/www.facebook.com\/ageninfra","article_published_time":"2022-09-09T13:00:00+00:00","og_image":[{"width":1280,"height":800,"url":"https:\/\/agenciainfra.com\/blog\/wp-content\/uploads\/2022\/09\/premio-p3c-divulgacao.png","type":"image\/png"}],"author":"Rodrigo Zuquim","twitter_card":"summary_large_image","twitter_creator":"@agencia_infra","twitter_site":"@agencia_infra","twitter_misc":{"Escrito por":"Rodrigo Zuquim","Est. tempo de leitura":"2 minutos"},"schema":{"@context":"https:\/\/schema.org","@graph":[{"@type":"Article","@id":"https:\/\/agenciainfra.com\/blog\/prorrogadas-ate-14-de-setembro-inscricoes-para-o-premio-p3c-2022\/#article","isPartOf":{"@id":"https:\/\/agenciainfra.com\/blog\/prorrogadas-ate-14-de-setembro-inscricoes-para-o-premio-p3c-2022\/"},"author":{"name":"Rodrigo Zuquim","@id":"https:\/\/agenciainfra.com\/blog\/#\/schema\/person\/04dbb79bd6d8951f063da71f3e4c1eb1"},"headline":"Prorrogadas at\u00e9 14 de setembro inscri\u00e7\u00f5es para o Pr\u00eamio P3C 2022","datePublished":"2022-09-09T13:00:00+00:00","mainEntityOfPage":{"@id":"https:\/\/agenciainfra.com\/blog\/prorrogadas-ate-14-de-setembro-inscricoes-para-o-premio-p3c-2022\/"},"wordCount":409,"publisher":{"@id":"https:\/\/agenciainfra.com\/blog\/#organization"},"image":{"@id":"https:\/\/agenciainfra.com\/blog\/prorrogadas-ate-14-de-setembro-inscricoes-para-o-premio-p3c-2022\/#primaryimage"},"thumbnailUrl":"https:\/\/agenciainfra.com\/blog\/wp-content\/uploads\/2022\/09\/premio-p3c-divulgacao.png","keywords":["Ag\u00eancias Reguladoras","concess\u00f5es","desestatiza\u00e7\u00e3o","Infraestrutura","P3C","parcerias p\u00fablico-privadas","PPP","privatiza\u00e7\u00f5es"],"articleSection":["Geral"],"inLanguage":"pt-BR","copyrightYear":"2022","copyrightHolder":{"@id":"https:\/\/agenciainfra.com\/blog\/#organization"}},{"@type":"WebPage","@id":"https:\/\/agenciainfra.com\/blog\/prorrogadas-ate-14-de-setembro-inscricoes-para-o-premio-p3c-2022\/","url":"https:\/\/agenciainfra.com\/blog\/prorrogadas-ate-14-de-setembro-inscricoes-para-o-premio-p3c-2022\/","name":"Prorrogadas at\u00e9 14 de setembro inscri\u00e7\u00f5es para o Pr\u00eamio P3C 2022 - Ag\u00eancia iNFRA","isPartOf":{"@id":"https:\/\/agenciainfra.com\/blog\/#website"},"primaryImageOfPage":{"@id":"https:\/\/agenciainfra.com\/blog\/prorrogadas-ate-14-de-setembro-inscricoes-para-o-premio-p3c-2022\/#primaryimage"},"image":{"@id":"https:\/\/agenciainfra.com\/blog\/prorrogadas-ate-14-de-setembro-inscricoes-para-o-premio-p3c-2022\/#primaryimage"},"thumbnailUrl":"https:\/\/agenciainfra.com\/blog\/wp-content\/uploads\/2022\/09\/premio-p3c-divulgacao.png","datePublished":"2022-09-09T13:00:00+00:00","breadcrumb":{"@id":"https:\/\/agenciainfra.com\/blog\/prorrogadas-ate-14-de-setembro-inscricoes-para-o-premio-p3c-2022\/#breadcrumb"},"inLanguage":"pt-BR","potentialAction":[{"@type":"ReadAction","target":["https:\/\/agenciainfra.com\/blog\/prorrogadas-ate-14-de-setembro-inscricoes-para-o-premio-p3c-2022\/"]}]},{"@type":"ImageObject","inLanguage":"pt-BR","@id":"https:\/\/agenciainfra.com\/blog\/prorrogadas-ate-14-de-setembro-inscricoes-para-o-premio-p3c-2022\/#primaryimage","url":"https:\/\/agenciainfra.com\/blog\/wp-content\/uploads\/2022\/09\/premio-p3c-divulgacao.png","contentUrl":"https:\/\/agenciainfra.com\/blog\/wp-content\/uploads\/2022\/09\/premio-p3c-divulgacao.png","width":1280,"height":800},{"@type":"BreadcrumbList","@id":"https:\/\/agenciainfra.com\/blog\/prorrogadas-ate-14-de-setembro-inscricoes-para-o-premio-p3c-2022\/#breadcrumb","itemListElement":[{"@type":"ListItem","position":1,"name":"In\u00edcio","item":"https:\/\/agenciainfra.com\/blog\/"},{"@type":"ListItem","position":2,"name":"Prorrogadas at\u00e9 14 de setembro inscri\u00e7\u00f5es para o Pr\u00eamio P3C 2022"}]},{"@type":"WebSite","@id":"https:\/\/agenciainfra.com\/blog\/#website","url":"https:\/\/agenciainfra.com\/blog\/","name":"Ag\u00eancia iNFRA","description":"Multiplataforma de informa\u00e7\u00e3o jornal\u00edstica refer\u00eancia na \u00e1rea de infraestrutura no Brasil!","publisher":{"@id":"https:\/\/agenciainfra.com\/blog\/#organization"},"potentialAction":[{"@type":"SearchAction","target":{"@type":"EntryPoint","urlTemplate":"https:\/\/agenciainfra.com\/blog\/?s={search_term_string}"},"query-input":{"@type":"PropertyValueSpecification","valueRequired":true,"valueName":"search_term_string"}}],"inLanguage":"pt-BR"},{"@type":"Organization","@id":"https:\/\/agenciainfra.com\/blog\/#organization","name":"Ag\u00eancia iNFRA","url":"https:\/\/agenciainfra.com\/blog\/","logo":{"@type":"ImageObject","inLanguage":"pt-BR","@id":"https:\/\/agenciainfra.com\/blog\/#\/schema\/logo\/image\/","url":"https:\/\/agenciainfra.com\/blog\/wp-content\/uploads\/2023\/09\/iNFRA_5-e1761735885940.png","contentUrl":"https:\/\/agenciainfra.com\/blog\/wp-content\/uploads\/2023\/09\/iNFRA_5-e1761735885940.png","width":1672,"height":454,"caption":"Ag\u00eancia iNFRA"},"image":{"@id":"https:\/\/agenciainfra.com\/blog\/#\/schema\/logo\/image\/"},"sameAs":["https:\/\/www.facebook.com\/ageninfra","https:\/\/x.com\/agencia_infra","https:\/\/www.linkedin.com\/company\/ag\u00eanciainfra\/","https:\/\/www.instagram.com\/agenciainfra\/"]},{"@type":"Person","@id":"https:\/\/agenciainfra.com\/blog\/#\/schema\/person\/04dbb79bd6d8951f063da71f3e4c1eb1","name":"Rodrigo Zuquim","image":{"@type":"ImageObject","inLanguage":"pt-BR","@id":"https:\/\/agenciainfra.com\/blog\/#\/schema\/person\/image\/","url":"https:\/\/secure.gravatar.com\/avatar\/594abfe82761d620726242ff34ca472a705a4b97f16c790053a6b4c4035274d0?s=96&d=mm&r=g","contentUrl":"https:\/\/secure.gravatar.com\/avatar\/594abfe82761d620726242ff34ca472a705a4b97f16c790053a6b4c4035274d0?s=96&d=mm&r=g","caption":"Rodrigo Zuquim"},"url":"https:\/\/agenciainfra.com\/blog\/author\/rodrigo-zuquim\/"}]}},"_links":{"self":[{"href":"https:\/\/agenciainfra.com\/blog\/wp-json\/wp\/v2\/posts\/11293","targetHints":{"allow":["GET"]}}],"collection":[{"href":"https:\/\/agenciainfra.com\/blog\/wp-json\/wp\/v2\/posts"}],"about":[{"href":"https:\/\/agenciainfra.com\/blog\/wp-json\/wp\/v2\/types\/post"}],"author":[{"embeddable":true,"href":"https:\/\/agenciainfra.com\/blog\/wp-json\/wp\/v2\/users\/9"}],"replies":[{"embeddable":true,"href":"https:\/\/agenciainfra.com\/blog\/wp-json\/wp\/v2\/comments?post=11293"}],"version-history":[{"count":0,"href":"https:\/\/agenciainfra.com\/blog\/wp-json\/wp\/v2\/posts\/11293\/revisions"}],"wp:featuredmedia":[{"embeddable":true,"href":"https:\/\/agenciainfra.com\/blog\/wp-json\/wp\/v2\/media\/11294"}],"wp:attachment":[{"href":"https:\/\/agenciainfra.com\/blog\/wp-json\/wp\/v2\/media?parent=11293"}],"wp:term":[{"taxonomy":"category","embeddable":true,"href":"https:\/\/agenciainfra.com\/blog\/wp-json\/wp\/v2\/categories?post=11293"},{"taxonomy":"post_tag","embeddable":true,"href":"https:\/\/agenciainfra.com\/blog\/wp-json\/wp\/v2\/tags?post=11293"}],"curies":[{"name":"wp","href":"https:\/\/api.w.org\/{rel}","templated":true}]}}