{"id":11348,"date":"2022-09-16T11:00:00","date_gmt":"2022-09-16T14:00:00","guid":{"rendered":"https:\/\/www.agenciainfra.com\/blog\/?p=11348"},"modified":"2022-09-15T12:04:10","modified_gmt":"2022-09-15T15:04:10","slug":"infradebate-a-hora-e-a-vez-das-ppps-no-saneamento-basico","status":"publish","type":"post","link":"https:\/\/agenciainfra.com\/blog\/infradebate-a-hora-e-a-vez-das-ppps-no-saneamento-basico\/","title":{"rendered":"iNFRADebate: A hora e a vez das PPPs no saneamento b\u00e1sico"},"content":{"rendered":"\n<p class=\"has-text-align-right\"><strong>Wladimir Antonio Ribeiro*, Rudinei Toneto Jr.** e Bruno Aurichio Ledo***<\/strong><\/p>\n\n\n\n<p>As PPPs (parcerias p\u00fablico-privadas) est\u00e3o ganhando cada vez mais espa\u00e7o no setor de saneamento b\u00e1sico e devem ser impulsionadas no pr\u00f3ximo ano gra\u00e7as \u00e0 institui\u00e7\u00e3o de estruturas de regionaliza\u00e7\u00e3o por parte dos estados.\u00a0<\/p>\n\n\n\n<p>Este modelo de concess\u00e3o, pensado para sistemas que n\u00e3o se sustentam apenas com a receita de tarifas pagas pelos usu\u00e1rios, tamb\u00e9m \u00e9 uma forma de os munic\u00edpios e as estruturas de regionaliza\u00e7\u00e3o que exercem a titularidade dos servi\u00e7os (como as Microrregi\u00f5es e as Unidades Regionais de Saneamento B\u00e1sico) n\u00e3o terem que conceder de forma plena os servi\u00e7os, retendo parte deles na presta\u00e7\u00e3o p\u00fablica, por raz\u00f5es de interesse p\u00fablico ou para diminuir custos de transa\u00e7\u00e3o.<\/p>\n\n\n\n<p>Pelo lado das companhias estaduais de saneamento, a PPP tamb\u00e9m \u00e9 uma \u00f3tima escolha, uma vez que, com o dif\u00edcil desafio de alcan\u00e7ar as metas de universaliza\u00e7\u00e3o previstas pelo Plansab (Plano Nacional de Saneamento B\u00e1sico) para os servi\u00e7os p\u00fablicos de abastecimento de \u00e1gua e de esgotamento sanit\u00e1rio (de atendimento a 99% e 90% da popula\u00e7\u00e3o, respectivamente), estas encontram no parceiro privado uma forma de realizar os investimentos necess\u00e1rios.\u00a0<\/p>\n\n\n\n<p>N\u00e3o bastasse, as companhias estaduais tamb\u00e9m buscam parcerias com empresas privadas para melhorar a qualidade dos servi\u00e7os p\u00fablicos prestados, a partir do <em>know-how <\/em>e da efici\u00eancia da gest\u00e3o privada. Exemplo \u00e9 a Cagece (Companhia de \u00c1gua e Esgoto do Cear\u00e1), que publicou recentemente o edital da concess\u00e3o administrativa para a universaliza\u00e7\u00e3o do esgotamento sanit\u00e1rio nas regi\u00f5es metropolitanas de Fortaleza e do Cariri, projeto ao qual nos orgulhamos de ter prestado apoio t\u00e9cnico.<\/p>\n\n\n\n<p>A PPP da Cagece, juntamente com a PPP de esgotamento sanit\u00e1rio promovida pela Sanepar (Companhia de Saneamento do Paran\u00e1), devem estrear como as primeiras de um novo per\u00edodo de PPPs, p\u00f3s-Novo Marco do Saneamento B\u00e1sico \u2013 que, sem per\u00edodo de transi\u00e7\u00e3o, fizeram as companhias estaduais se desdobrarem nos \u00faltimos dois anos, com o surgimento de sucessivas exig\u00eancias, o que, inclusive, tem dificultado os investimentos no setor.\u00a0<\/p>\n\n\n\n<p>Ademais, as duas PPPs t\u00eam seus crit\u00e9rios de julgamento atrelados ao menor pre\u00e7o unit\u00e1rio por metro c\u00fabico (m\u00b3) de esgoto coletado e tratado, o que difere positivamente da concess\u00e3o de \u00e1gua e esgoto da Casal (Companhia de Saneamento de\u00a0Alagoas), que teve como crit\u00e9rio o maior valor de outorga (pagamento pelo direito de explora\u00e7\u00e3o dos servi\u00e7os), o que, al\u00e9m de impor um custo adicional aos usu\u00e1rios, endivida as prestadoras privadas de saneamento.\u00a0<\/p>\n\n\n\n<p>Por fim, outra diferen\u00e7a est\u00e1 na ado\u00e7\u00e3o, pelas PPPs da Cagece e da Sanepar, de <em>plano de neg\u00f3cios<\/em> referencial para fins de reequil\u00edbrio econ\u00f4mico-financeiro do contrato. O edital cearense, por exemplo, exigiu dos licitantes o preenchimento de planilha de fluxo de caixa referencial, na qual poderiam alterar os valores-teto de opex, capex e TIR conforme a sua realidade operacional. Nas concess\u00f5es do estado de Alagoas, por outro lado, no caso de desequil\u00edbrio econ\u00f4mico-financeiro do contrato, deve ser constru\u00eddo fluxo de caixa a partir de premissas de mercado, sem qualquer rela\u00e7\u00e3o com o fluxo de caixa que deu origem ao lance vencedor da licita\u00e7\u00e3o.<\/p>\n\n\n\n<p>Isso \u00e9 uma amea\u00e7a ao interesse p\u00fablico, porque se desconsideram os pre\u00e7os ofertados pelo licitante vencedor em sua proposta comercial, sendo que a varia\u00e7\u00e3o destes seria risco que a concession\u00e1ria deveria assumir na execu\u00e7\u00e3o do contrato. Ao buscar valores de mercado para construir o fluxo de caixa, pode se violar a aloca\u00e7\u00e3o de riscos pactuada originalmente, podendo at\u00e9 mesmo compensar a concession\u00e1ria por eventuais erros cometidos na estimativa de determinados custos \u2013 por exemplo, se esta havia estimado um custo abaixo do real para determinado investimento, ao construir o fluxo com valores de mercado, e n\u00e3o com os valores ofertados na licita\u00e7\u00e3o, o erro da concession\u00e1ria \u00e9 corrigido no momento do reequil\u00edbrio.<\/p>\n\n\n\n<p>Como se conclui, os novos projetos para o saneamento b\u00e1sico, calcados no modelo da PPP, s\u00e3o uma evolu\u00e7\u00e3o dos projetos anteriores. N\u00e3o h\u00e1 pagamento de outorgas, toda a popula\u00e7\u00e3o do munic\u00edpio deve ser atendida (inclusive as que residem em assentamentos informais), a equa\u00e7\u00e3o econ\u00f4mico-financeira \u00e9 mais transparente, gerando seguran\u00e7a para o investidor, ao mesmo tempo que assegura o interesse p\u00fablico. \u00c9 a uni\u00e3o do investimento p\u00fablico, essencial em servi\u00e7os de custo alto, mas que devem ser acess\u00edveis inclusive aos\u00a0mais pobres, e dos investimentos privados, essenciais em tempos de restri\u00e7\u00f5es fiscais. \u00c9 chegada a hora e a vez das PPPs de saneamento b\u00e1sico!<\/p>\n\n\n\n<h6 class=\"wp-block-heading\" id=\"block-aa9ff8cf-f9c2-435f-85ff-56a599c37bc9\"><strong>*Wladimir Antonio Ribeiro \u00e9 s\u00f3cio da Manesco, Ramires, Perez, Azevedo Marques \u2013 Sociedade de Advogados.<\/strong><\/h6>\n\n\n\n<h6 class=\"wp-block-heading\" id=\"block-aa9ff8cf-f9c2-435f-85ff-56a599c37bc9\"><strong>**Rudinei Toneto Jr. \u00e9 professor da Faculdade de Economia, Administra\u00e7\u00e3o e Contabilidade da Universidade de S\u00e3o Paulo \u2013 Ribeir\u00e3o Preto.<\/strong><\/h6>\n\n\n\n<h6 class=\"wp-block-heading\" id=\"block-aa9ff8cf-f9c2-435f-85ff-56a599c37bc9\"><strong>***Bruno Aurichio Ledo <meta charset=\"utf-8\"><strong>\u00e9 professor da Faculdade de Economia, Administra\u00e7\u00e3o e Contabilidade da Universidade de S\u00e3o Paulo \u2013 Ribeir\u00e3o Preto<\/strong><\/strong>.<\/h6>\n\n\n\n<h5 class=\"wp-block-heading\" id=\"block-d67878ff-7627-4f15-b175-8f58269174ff\">O iNFRADebate \u00e9 o espa\u00e7o de artigos da Ag\u00eancia iNFRA com opini\u00f5es de seus atores que n\u00e3o refletem necessariamente o pensamento da Ag\u00eancia iNFRA, sendo de total responsabilidade do autor as informa\u00e7\u00f5es, ju\u00edzos de valor e conceitos descritos no texto.<\/h5>\n","protected":false},"excerpt":{"rendered":"<p>Wladimir Antonio Ribeiro*, Rudinei Toneto Jr.** e Bruno Aurichio Ledo*** As PPPs (parcerias p\u00fablico-privadas) est\u00e3o ganhando cada vez mais espa\u00e7o no setor de saneamento b\u00e1sico e devem ser impulsionadas no pr\u00f3ximo ano gra\u00e7as \u00e0 institui\u00e7\u00e3o de estruturas de regionaliza\u00e7\u00e3o por parte dos estados.\u00a0 Este modelo de concess\u00e3o, pensado para sistemas que n\u00e3o se sustentam apenas [&hellip;]<\/p>\n","protected":false},"author":9,"featured_media":11349,"comment_status":"closed","ping_status":"closed","sticky":false,"template":"","format":"standard","meta":{"_monsterinsights_skip_tracking":false,"_monsterinsights_sitenote_active":false,"_monsterinsights_sitenote_note":"","_monsterinsights_sitenote_category":0,"footnotes":""},"categories":[1,11],"tags":[3736,5814,4795,2729,22,3010,5815,916,2635,4270,97,2242,5813,73,5816,2192,5812],"class_list":["post-11348","post","type-post","status-publish","format-standard","has-post-thumbnail","hentry","category-geral","category-infradebate","tag-abastecimento-de-agua","tag-bruno-aurichio-ledo","tag-cagece","tag-casal","tag-concessao","tag-esgotamento-sanitario","tag-novo-marco-do-saneamento-basico","tag-parceria-publico-privada","tag-plano-nacional-de-saneamento-basico","tag-plansab","tag-ppp","tag-regionalizacao","tag-rudinei-toneto-jr","tag-saneamento-basico","tag-sanepar","tag-universalizacao","tag-wladimir-antonio-ribeiro"],"yoast_head":"<!-- This site is optimized with the Yoast SEO Premium plugin v25.4 (Yoast SEO v26.0) - https:\/\/yoast.com\/wordpress\/plugins\/seo\/ -->\n<title>iNFRADebate: A hora e a vez das PPPs no saneamento b\u00e1sico - Ag\u00eancia iNFRA<\/title>\n<meta name=\"robots\" content=\"index, follow, max-snippet:-1, max-image-preview:large, max-video-preview:-1\" \/>\n<link rel=\"canonical\" href=\"https:\/\/agenciainfra.com\/blog\/infradebate-a-hora-e-a-vez-das-ppps-no-saneamento-basico\/\" \/>\n<meta property=\"og:locale\" content=\"pt_BR\" \/>\n<meta property=\"og:type\" content=\"article\" \/>\n<meta property=\"og:title\" content=\"iNFRADebate: A hora e a vez das PPPs no saneamento b\u00e1sico\" \/>\n<meta property=\"og:description\" content=\"Wladimir Antonio Ribeiro*, Rudinei Toneto Jr.** e Bruno Aurichio Ledo*** As PPPs (parcerias p\u00fablico-privadas) est\u00e3o ganhando cada vez mais espa\u00e7o no setor de saneamento b\u00e1sico e devem ser impulsionadas no pr\u00f3ximo ano gra\u00e7as \u00e0 institui\u00e7\u00e3o de estruturas de regionaliza\u00e7\u00e3o por parte dos estados.\u00a0 Este modelo de concess\u00e3o, pensado para sistemas que n\u00e3o se sustentam apenas [&hellip;]\" \/>\n<meta property=\"og:url\" content=\"https:\/\/agenciainfra.com\/blog\/infradebate-a-hora-e-a-vez-das-ppps-no-saneamento-basico\/\" \/>\n<meta property=\"og:site_name\" content=\"Ag\u00eancia iNFRA\" \/>\n<meta property=\"article:publisher\" content=\"https:\/\/www.facebook.com\/ageninfra\" \/>\n<meta property=\"article:published_time\" content=\"2022-09-16T14:00:00+00:00\" \/>\n<meta property=\"og:image\" content=\"https:\/\/agenciainfra.com\/blog\/wp-content\/uploads\/2022\/09\/ppp-saneamento-foto-cagece.png\" \/>\n\t<meta property=\"og:image:width\" content=\"1280\" \/>\n\t<meta property=\"og:image:height\" content=\"851\" \/>\n\t<meta property=\"og:image:type\" content=\"image\/png\" \/>\n<meta name=\"author\" content=\"Rodrigo Zuquim\" \/>\n<meta name=\"twitter:card\" content=\"summary_large_image\" \/>\n<meta name=\"twitter:creator\" content=\"@agencia_infra\" \/>\n<meta name=\"twitter:site\" content=\"@agencia_infra\" \/>\n<meta name=\"twitter:label1\" content=\"Escrito por\" \/>\n\t<meta name=\"twitter:data1\" content=\"Rodrigo Zuquim\" \/>\n\t<meta name=\"twitter:label2\" content=\"Est. tempo de leitura\" \/>\n\t<meta name=\"twitter:data2\" content=\"5 minutos\" \/>\n<script type=\"application\/ld+json\" class=\"yoast-schema-graph\">{\"@context\":\"https:\/\/schema.org\",\"@graph\":[{\"@type\":\"Article\",\"@id\":\"https:\/\/agenciainfra.com\/blog\/infradebate-a-hora-e-a-vez-das-ppps-no-saneamento-basico\/#article\",\"isPartOf\":{\"@id\":\"https:\/\/agenciainfra.com\/blog\/infradebate-a-hora-e-a-vez-das-ppps-no-saneamento-basico\/\"},\"author\":{\"name\":\"Rodrigo Zuquim\",\"@id\":\"https:\/\/agenciainfra.com\/blog\/#\/schema\/person\/04dbb79bd6d8951f063da71f3e4c1eb1\"},\"headline\":\"iNFRADebate: A hora e a vez das PPPs no saneamento b\u00e1sico\",\"datePublished\":\"2022-09-16T14:00:00+00:00\",\"mainEntityOfPage\":{\"@id\":\"https:\/\/agenciainfra.com\/blog\/infradebate-a-hora-e-a-vez-das-ppps-no-saneamento-basico\/\"},\"wordCount\":916,\"publisher\":{\"@id\":\"https:\/\/agenciainfra.com\/blog\/#organization\"},\"image\":{\"@id\":\"https:\/\/agenciainfra.com\/blog\/infradebate-a-hora-e-a-vez-das-ppps-no-saneamento-basico\/#primaryimage\"},\"thumbnailUrl\":\"https:\/\/agenciainfra.com\/blog\/wp-content\/uploads\/2022\/09\/ppp-saneamento-foto-cagece.png\",\"keywords\":[\"abastecimento de \u00e1gua\",\"Bruno Aurichio Ledo\",\"Cagece\",\"Casal\",\"Concess\u00e3o\",\"esgotamento sanit\u00e1rio\",\"Novo Marco do Saneamento B\u00e1sico\",\"parceria p\u00fablico-privada\",\"Plano Nacional de Saneamento B\u00e1sico\",\"Plansab\",\"PPP\",\"regionaliza\u00e7\u00e3o\",\"Rudinei Toneto Jr.\",\"Saneamento B\u00e1sico\",\"Sanepar\",\"universaliza\u00e7\u00e3o\",\"Wladimir Antonio Ribeiro\"],\"articleSection\":[\"Geral\",\"iNFRADebate\"],\"inLanguage\":\"pt-BR\",\"copyrightYear\":\"2022\",\"copyrightHolder\":{\"@id\":\"https:\/\/agenciainfra.com\/blog\/#organization\"}},{\"@type\":\"WebPage\",\"@id\":\"https:\/\/agenciainfra.com\/blog\/infradebate-a-hora-e-a-vez-das-ppps-no-saneamento-basico\/\",\"url\":\"https:\/\/agenciainfra.com\/blog\/infradebate-a-hora-e-a-vez-das-ppps-no-saneamento-basico\/\",\"name\":\"iNFRADebate: A hora e a vez das PPPs no saneamento b\u00e1sico - Ag\u00eancia iNFRA\",\"isPartOf\":{\"@id\":\"https:\/\/agenciainfra.com\/blog\/#website\"},\"primaryImageOfPage\":{\"@id\":\"https:\/\/agenciainfra.com\/blog\/infradebate-a-hora-e-a-vez-das-ppps-no-saneamento-basico\/#primaryimage\"},\"image\":{\"@id\":\"https:\/\/agenciainfra.com\/blog\/infradebate-a-hora-e-a-vez-das-ppps-no-saneamento-basico\/#primaryimage\"},\"thumbnailUrl\":\"https:\/\/agenciainfra.com\/blog\/wp-content\/uploads\/2022\/09\/ppp-saneamento-foto-cagece.png\",\"datePublished\":\"2022-09-16T14:00:00+00:00\",\"breadcrumb\":{\"@id\":\"https:\/\/agenciainfra.com\/blog\/infradebate-a-hora-e-a-vez-das-ppps-no-saneamento-basico\/#breadcrumb\"},\"inLanguage\":\"pt-BR\",\"potentialAction\":[{\"@type\":\"ReadAction\",\"target\":[\"https:\/\/agenciainfra.com\/blog\/infradebate-a-hora-e-a-vez-das-ppps-no-saneamento-basico\/\"]}]},{\"@type\":\"ImageObject\",\"inLanguage\":\"pt-BR\",\"@id\":\"https:\/\/agenciainfra.com\/blog\/infradebate-a-hora-e-a-vez-das-ppps-no-saneamento-basico\/#primaryimage\",\"url\":\"https:\/\/agenciainfra.com\/blog\/wp-content\/uploads\/2022\/09\/ppp-saneamento-foto-cagece.png\",\"contentUrl\":\"https:\/\/agenciainfra.com\/blog\/wp-content\/uploads\/2022\/09\/ppp-saneamento-foto-cagece.png\",\"width\":1280,\"height\":851,\"caption\":\"Foto: Cagece\"},{\"@type\":\"BreadcrumbList\",\"@id\":\"https:\/\/agenciainfra.com\/blog\/infradebate-a-hora-e-a-vez-das-ppps-no-saneamento-basico\/#breadcrumb\",\"itemListElement\":[{\"@type\":\"ListItem\",\"position\":1,\"name\":\"In\u00edcio\",\"item\":\"https:\/\/agenciainfra.com\/blog\/\"},{\"@type\":\"ListItem\",\"position\":2,\"name\":\"iNFRADebate: A hora e a vez das PPPs no saneamento b\u00e1sico\"}]},{\"@type\":\"WebSite\",\"@id\":\"https:\/\/agenciainfra.com\/blog\/#website\",\"url\":\"https:\/\/agenciainfra.com\/blog\/\",\"name\":\"Ag\u00eancia iNFRA\",\"description\":\"Multiplataforma de informa\u00e7\u00e3o jornal\u00edstica refer\u00eancia na \u00e1rea de infraestrutura no Brasil!\",\"publisher\":{\"@id\":\"https:\/\/agenciainfra.com\/blog\/#organization\"},\"potentialAction\":[{\"@type\":\"SearchAction\",\"target\":{\"@type\":\"EntryPoint\",\"urlTemplate\":\"https:\/\/agenciainfra.com\/blog\/?s={search_term_string}\"},\"query-input\":{\"@type\":\"PropertyValueSpecification\",\"valueRequired\":true,\"valueName\":\"search_term_string\"}}],\"inLanguage\":\"pt-BR\"},{\"@type\":\"Organization\",\"@id\":\"https:\/\/agenciainfra.com\/blog\/#organization\",\"name\":\"Ag\u00eancia iNFRA\",\"url\":\"https:\/\/agenciainfra.com\/blog\/\",\"logo\":{\"@type\":\"ImageObject\",\"inLanguage\":\"pt-BR\",\"@id\":\"https:\/\/agenciainfra.com\/blog\/#\/schema\/logo\/image\/\",\"url\":\"https:\/\/agenciainfra.com\/blog\/wp-content\/uploads\/2023\/09\/iNFRA_5-e1761735885940.png\",\"contentUrl\":\"https:\/\/agenciainfra.com\/blog\/wp-content\/uploads\/2023\/09\/iNFRA_5-e1761735885940.png\",\"width\":1672,\"height\":454,\"caption\":\"Ag\u00eancia iNFRA\"},\"image\":{\"@id\":\"https:\/\/agenciainfra.com\/blog\/#\/schema\/logo\/image\/\"},\"sameAs\":[\"https:\/\/www.facebook.com\/ageninfra\",\"https:\/\/x.com\/agencia_infra\",\"https:\/\/www.linkedin.com\/company\/ag\u00eanciainfra\/\",\"https:\/\/www.instagram.com\/agenciainfra\/\"]},{\"@type\":\"Person\",\"@id\":\"https:\/\/agenciainfra.com\/blog\/#\/schema\/person\/04dbb79bd6d8951f063da71f3e4c1eb1\",\"name\":\"Rodrigo Zuquim\",\"image\":{\"@type\":\"ImageObject\",\"inLanguage\":\"pt-BR\",\"@id\":\"https:\/\/agenciainfra.com\/blog\/#\/schema\/person\/image\/\",\"url\":\"https:\/\/secure.gravatar.com\/avatar\/594abfe82761d620726242ff34ca472a705a4b97f16c790053a6b4c4035274d0?s=96&d=mm&r=g\",\"contentUrl\":\"https:\/\/secure.gravatar.com\/avatar\/594abfe82761d620726242ff34ca472a705a4b97f16c790053a6b4c4035274d0?s=96&d=mm&r=g\",\"caption\":\"Rodrigo Zuquim\"},\"url\":\"https:\/\/agenciainfra.com\/blog\/author\/rodrigo-zuquim\/\"}]}<\/script>\n<!-- \/ Yoast SEO Premium plugin. -->","yoast_head_json":{"title":"iNFRADebate: A hora e a vez das PPPs no saneamento b\u00e1sico - Ag\u00eancia iNFRA","robots":{"index":"index","follow":"follow","max-snippet":"max-snippet:-1","max-image-preview":"max-image-preview:large","max-video-preview":"max-video-preview:-1"},"canonical":"https:\/\/agenciainfra.com\/blog\/infradebate-a-hora-e-a-vez-das-ppps-no-saneamento-basico\/","og_locale":"pt_BR","og_type":"article","og_title":"iNFRADebate: A hora e a vez das PPPs no saneamento b\u00e1sico","og_description":"Wladimir Antonio Ribeiro*, Rudinei Toneto Jr.** e Bruno Aurichio Ledo*** As PPPs (parcerias p\u00fablico-privadas) est\u00e3o ganhando cada vez mais espa\u00e7o no setor de saneamento b\u00e1sico e devem ser impulsionadas no pr\u00f3ximo ano gra\u00e7as \u00e0 institui\u00e7\u00e3o de estruturas de regionaliza\u00e7\u00e3o por parte dos estados.\u00a0 Este modelo de concess\u00e3o, pensado para sistemas que n\u00e3o se sustentam apenas [&hellip;]","og_url":"https:\/\/agenciainfra.com\/blog\/infradebate-a-hora-e-a-vez-das-ppps-no-saneamento-basico\/","og_site_name":"Ag\u00eancia iNFRA","article_publisher":"https:\/\/www.facebook.com\/ageninfra","article_published_time":"2022-09-16T14:00:00+00:00","og_image":[{"width":1280,"height":851,"url":"https:\/\/agenciainfra.com\/blog\/wp-content\/uploads\/2022\/09\/ppp-saneamento-foto-cagece.png","type":"image\/png"}],"author":"Rodrigo Zuquim","twitter_card":"summary_large_image","twitter_creator":"@agencia_infra","twitter_site":"@agencia_infra","twitter_misc":{"Escrito por":"Rodrigo Zuquim","Est. tempo de leitura":"5 minutos"},"schema":{"@context":"https:\/\/schema.org","@graph":[{"@type":"Article","@id":"https:\/\/agenciainfra.com\/blog\/infradebate-a-hora-e-a-vez-das-ppps-no-saneamento-basico\/#article","isPartOf":{"@id":"https:\/\/agenciainfra.com\/blog\/infradebate-a-hora-e-a-vez-das-ppps-no-saneamento-basico\/"},"author":{"name":"Rodrigo Zuquim","@id":"https:\/\/agenciainfra.com\/blog\/#\/schema\/person\/04dbb79bd6d8951f063da71f3e4c1eb1"},"headline":"iNFRADebate: A hora e a vez das PPPs no saneamento b\u00e1sico","datePublished":"2022-09-16T14:00:00+00:00","mainEntityOfPage":{"@id":"https:\/\/agenciainfra.com\/blog\/infradebate-a-hora-e-a-vez-das-ppps-no-saneamento-basico\/"},"wordCount":916,"publisher":{"@id":"https:\/\/agenciainfra.com\/blog\/#organization"},"image":{"@id":"https:\/\/agenciainfra.com\/blog\/infradebate-a-hora-e-a-vez-das-ppps-no-saneamento-basico\/#primaryimage"},"thumbnailUrl":"https:\/\/agenciainfra.com\/blog\/wp-content\/uploads\/2022\/09\/ppp-saneamento-foto-cagece.png","keywords":["abastecimento de \u00e1gua","Bruno Aurichio Ledo","Cagece","Casal","Concess\u00e3o","esgotamento sanit\u00e1rio","Novo Marco do Saneamento B\u00e1sico","parceria p\u00fablico-privada","Plano Nacional de Saneamento B\u00e1sico","Plansab","PPP","regionaliza\u00e7\u00e3o","Rudinei Toneto Jr.","Saneamento B\u00e1sico","Sanepar","universaliza\u00e7\u00e3o","Wladimir Antonio Ribeiro"],"articleSection":["Geral","iNFRADebate"],"inLanguage":"pt-BR","copyrightYear":"2022","copyrightHolder":{"@id":"https:\/\/agenciainfra.com\/blog\/#organization"}},{"@type":"WebPage","@id":"https:\/\/agenciainfra.com\/blog\/infradebate-a-hora-e-a-vez-das-ppps-no-saneamento-basico\/","url":"https:\/\/agenciainfra.com\/blog\/infradebate-a-hora-e-a-vez-das-ppps-no-saneamento-basico\/","name":"iNFRADebate: A hora e a vez das PPPs no saneamento b\u00e1sico - Ag\u00eancia iNFRA","isPartOf":{"@id":"https:\/\/agenciainfra.com\/blog\/#website"},"primaryImageOfPage":{"@id":"https:\/\/agenciainfra.com\/blog\/infradebate-a-hora-e-a-vez-das-ppps-no-saneamento-basico\/#primaryimage"},"image":{"@id":"https:\/\/agenciainfra.com\/blog\/infradebate-a-hora-e-a-vez-das-ppps-no-saneamento-basico\/#primaryimage"},"thumbnailUrl":"https:\/\/agenciainfra.com\/blog\/wp-content\/uploads\/2022\/09\/ppp-saneamento-foto-cagece.png","datePublished":"2022-09-16T14:00:00+00:00","breadcrumb":{"@id":"https:\/\/agenciainfra.com\/blog\/infradebate-a-hora-e-a-vez-das-ppps-no-saneamento-basico\/#breadcrumb"},"inLanguage":"pt-BR","potentialAction":[{"@type":"ReadAction","target":["https:\/\/agenciainfra.com\/blog\/infradebate-a-hora-e-a-vez-das-ppps-no-saneamento-basico\/"]}]},{"@type":"ImageObject","inLanguage":"pt-BR","@id":"https:\/\/agenciainfra.com\/blog\/infradebate-a-hora-e-a-vez-das-ppps-no-saneamento-basico\/#primaryimage","url":"https:\/\/agenciainfra.com\/blog\/wp-content\/uploads\/2022\/09\/ppp-saneamento-foto-cagece.png","contentUrl":"https:\/\/agenciainfra.com\/blog\/wp-content\/uploads\/2022\/09\/ppp-saneamento-foto-cagece.png","width":1280,"height":851,"caption":"Foto: Cagece"},{"@type":"BreadcrumbList","@id":"https:\/\/agenciainfra.com\/blog\/infradebate-a-hora-e-a-vez-das-ppps-no-saneamento-basico\/#breadcrumb","itemListElement":[{"@type":"ListItem","position":1,"name":"In\u00edcio","item":"https:\/\/agenciainfra.com\/blog\/"},{"@type":"ListItem","position":2,"name":"iNFRADebate: A hora e a vez das PPPs no saneamento b\u00e1sico"}]},{"@type":"WebSite","@id":"https:\/\/agenciainfra.com\/blog\/#website","url":"https:\/\/agenciainfra.com\/blog\/","name":"Ag\u00eancia iNFRA","description":"Multiplataforma de informa\u00e7\u00e3o jornal\u00edstica refer\u00eancia na \u00e1rea de infraestrutura no Brasil!","publisher":{"@id":"https:\/\/agenciainfra.com\/blog\/#organization"},"potentialAction":[{"@type":"SearchAction","target":{"@type":"EntryPoint","urlTemplate":"https:\/\/agenciainfra.com\/blog\/?s={search_term_string}"},"query-input":{"@type":"PropertyValueSpecification","valueRequired":true,"valueName":"search_term_string"}}],"inLanguage":"pt-BR"},{"@type":"Organization","@id":"https:\/\/agenciainfra.com\/blog\/#organization","name":"Ag\u00eancia iNFRA","url":"https:\/\/agenciainfra.com\/blog\/","logo":{"@type":"ImageObject","inLanguage":"pt-BR","@id":"https:\/\/agenciainfra.com\/blog\/#\/schema\/logo\/image\/","url":"https:\/\/agenciainfra.com\/blog\/wp-content\/uploads\/2023\/09\/iNFRA_5-e1761735885940.png","contentUrl":"https:\/\/agenciainfra.com\/blog\/wp-content\/uploads\/2023\/09\/iNFRA_5-e1761735885940.png","width":1672,"height":454,"caption":"Ag\u00eancia iNFRA"},"image":{"@id":"https:\/\/agenciainfra.com\/blog\/#\/schema\/logo\/image\/"},"sameAs":["https:\/\/www.facebook.com\/ageninfra","https:\/\/x.com\/agencia_infra","https:\/\/www.linkedin.com\/company\/ag\u00eanciainfra\/","https:\/\/www.instagram.com\/agenciainfra\/"]},{"@type":"Person","@id":"https:\/\/agenciainfra.com\/blog\/#\/schema\/person\/04dbb79bd6d8951f063da71f3e4c1eb1","name":"Rodrigo Zuquim","image":{"@type":"ImageObject","inLanguage":"pt-BR","@id":"https:\/\/agenciainfra.com\/blog\/#\/schema\/person\/image\/","url":"https:\/\/secure.gravatar.com\/avatar\/594abfe82761d620726242ff34ca472a705a4b97f16c790053a6b4c4035274d0?s=96&d=mm&r=g","contentUrl":"https:\/\/secure.gravatar.com\/avatar\/594abfe82761d620726242ff34ca472a705a4b97f16c790053a6b4c4035274d0?s=96&d=mm&r=g","caption":"Rodrigo Zuquim"},"url":"https:\/\/agenciainfra.com\/blog\/author\/rodrigo-zuquim\/"}]}},"_links":{"self":[{"href":"https:\/\/agenciainfra.com\/blog\/wp-json\/wp\/v2\/posts\/11348","targetHints":{"allow":["GET"]}}],"collection":[{"href":"https:\/\/agenciainfra.com\/blog\/wp-json\/wp\/v2\/posts"}],"about":[{"href":"https:\/\/agenciainfra.com\/blog\/wp-json\/wp\/v2\/types\/post"}],"author":[{"embeddable":true,"href":"https:\/\/agenciainfra.com\/blog\/wp-json\/wp\/v2\/users\/9"}],"replies":[{"embeddable":true,"href":"https:\/\/agenciainfra.com\/blog\/wp-json\/wp\/v2\/comments?post=11348"}],"version-history":[{"count":0,"href":"https:\/\/agenciainfra.com\/blog\/wp-json\/wp\/v2\/posts\/11348\/revisions"}],"wp:featuredmedia":[{"embeddable":true,"href":"https:\/\/agenciainfra.com\/blog\/wp-json\/wp\/v2\/media\/11349"}],"wp:attachment":[{"href":"https:\/\/agenciainfra.com\/blog\/wp-json\/wp\/v2\/media?parent=11348"}],"wp:term":[{"taxonomy":"category","embeddable":true,"href":"https:\/\/agenciainfra.com\/blog\/wp-json\/wp\/v2\/categories?post=11348"},{"taxonomy":"post_tag","embeddable":true,"href":"https:\/\/agenciainfra.com\/blog\/wp-json\/wp\/v2\/tags?post=11348"}],"curies":[{"name":"wp","href":"https:\/\/api.w.org\/{rel}","templated":true}]}}