{"id":11365,"date":"2022-09-21T09:00:00","date_gmt":"2022-09-21T12:00:00","guid":{"rendered":"https:\/\/www.agenciainfra.com\/blog\/?p=11365"},"modified":"2022-09-19T09:59:25","modified_gmt":"2022-09-19T12:59:25","slug":"renovacao-antecipada-da-fca-e-questionada-por-associacoes-do-setor-produtivo-da-bahia","status":"publish","type":"post","link":"https:\/\/agenciainfra.com\/blog\/renovacao-antecipada-da-fca-e-questionada-por-associacoes-do-setor-produtivo-da-bahia\/","title":{"rendered":"Renova\u00e7\u00e3o antecipada da FCA \u00e9 questionada por associa\u00e7\u00f5es do setor produtivo da Bahia"},"content":{"rendered":"\n<p class=\"has-text-align-right\"><strong>Luana Dorigon<\/strong><\/p>\n\n\n\n<p>Associa\u00e7\u00f5es e empres\u00e1rios do setor produtivo baiano encaminharam, na semana passada, uma carta ao Minist\u00e9rio de Infraestrutura questionando o processo de renova\u00e7\u00e3o antecipada de concess\u00e3o da FCA (Ferrovia Centro-Atl\u00e2ntica).<br><br>O objetivo \u00e9 prorrogar o contrato, que vence em 2026, por mais 30 anos. A expectativa do minist\u00e9rio \u00e9 de que o processo seja encaminhado para an\u00e1lise do TCU (Tribunal de Contas da Uni\u00e3o) at\u00e9 o fim deste ano. As associa\u00e7\u00f5es, no entanto, consideram como &#8220;precipitado&#8221; o deferimento do pedido de renova\u00e7\u00e3o nos moldes propostos, no qual prev\u00ea a devolu\u00e7\u00e3o ao estado de 1.871 quil\u00f4metros de linha f\u00e9rrea, na interliga\u00e7\u00e3o entre o Nordeste e o Sudeste.<br><br>&#8220;Justamente quando a Bahia e o Brasil se preparam para dar um salto na infraestrutura, com a atra\u00e7\u00e3o de investimentos privados ao setor, constitui um desservi\u00e7o ao pa\u00eds a decis\u00e3o da VLI Multimodal, empresa que det\u00e9m a concess\u00e3o da FCA, de devolver a malha baiana, deixando este estado e os seus usu\u00e1rios sem alternativa de transporte economicamente vi\u00e1vel, pondo em risco neg\u00f3cios, destruindo empregos e reduzindo renda&#8221;, diz trecho do documento &#8220;Carta da Bahia&#8221;.<br><br>As entidades chamaram a aten\u00e7\u00e3o para a necessidade de que o minist\u00e9rio esclare\u00e7a, antecipadamente, a destina\u00e7\u00e3o dos recursos referentes \u00e0 outorga e \u00e0 multa por abandono de trechos, bem como os investimentos obrigat\u00f3rios para a repara\u00e7\u00e3o da malha ferrovi\u00e1ria no trecho baiano.<br><br>Apontaram ainda para o impacto \u00e0 Uni\u00e3o no processo de desestatiza\u00e7\u00e3o da Codeba (Companhia Docas do Estado da Bahia), se licitada sem acesso ferrovi\u00e1rio aos portos de Aratu e de Salvador. E pontuaram a necessidade da cria\u00e7\u00e3o de um grupo de trabalho que envolva o Minist\u00e9rio da Infraestrutura, a Seinfra-BA (Secretaria de Infraestrutura do Governo do Estado da Bahia), entidades empresariais baianas e agentes interessados para discutir o processo.<br><br>Assinam a carta representantes de Fieb (Federa\u00e7\u00e3o das Ind\u00fastrias do Estado da Bahia); Faeb (Federa\u00e7\u00e3o da Agricultura e Pecu\u00e1ria da Bahia); Fecom\u00e9rcio (Federa\u00e7\u00e3o do Com\u00e9rcio de Bens, Servi\u00e7os e Turismo do Estado da Bahia); Fetrabase (Federa\u00e7\u00e3o das Empresas de Transportes dos Estados da Bahia e Sergipe); Usuport (Associa\u00e7\u00e3o dos Usu\u00e1rios dos Portos de Bahia); Procia (Associa\u00e7\u00e3o das Empresas do Centro Industrial de Aratu); e Cofic (Comit\u00ea de Fomento Industrial de Cama\u00e7ari).<\/p>\n","protected":false},"excerpt":{"rendered":"<p>Luana Dorigon Associa\u00e7\u00f5es e empres\u00e1rios do setor produtivo baiano encaminharam, na semana passada, uma carta ao Minist\u00e9rio de Infraestrutura questionando o processo de renova\u00e7\u00e3o antecipada de concess\u00e3o da FCA (Ferrovia Centro-Atl\u00e2ntica). O objetivo \u00e9 prorrogar o contrato, que vence em 2026, por mais 30 anos. A expectativa do minist\u00e9rio \u00e9 de que o processo seja [&hellip;]<\/p>\n","protected":false},"author":9,"featured_media":11366,"comment_status":"closed","ping_status":"closed","sticky":false,"template":"","format":"standard","meta":{"_monsterinsights_skip_tracking":false,"_monsterinsights_sitenote_active":false,"_monsterinsights_sitenote_note":"","_monsterinsights_sitenote_category":0,"footnotes":""},"categories":[1,7],"tags":[610,3031,446,754,34,32,84,18,927,5830],"class_list":["post-11365","post","type-post","status-publish","format-standard","has-post-thumbnail","hentry","category-geral","category-infratransporte","tag-bahia","tag-codeba","tag-fca","tag-ferrovia-centro-atlantica","tag-infraestrutura","tag-investimentos","tag-renovacao-antecipada","tag-tcu","tag-tribunal-de-contas-da-uniao","tag-vli-multimodal"],"yoast_head":"<!-- This site is optimized with the Yoast SEO Premium plugin v25.4 (Yoast SEO v26.0) - https:\/\/yoast.com\/wordpress\/plugins\/seo\/ -->\n<title>Renova\u00e7\u00e3o antecipada da FCA \u00e9 questionada por associa\u00e7\u00f5es do setor produtivo da Bahia - Ag\u00eancia iNFRA<\/title>\n<meta name=\"robots\" content=\"index, follow, max-snippet:-1, max-image-preview:large, max-video-preview:-1\" \/>\n<link rel=\"canonical\" href=\"https:\/\/agenciainfra.com\/blog\/renovacao-antecipada-da-fca-e-questionada-por-associacoes-do-setor-produtivo-da-bahia\/\" \/>\n<meta property=\"og:locale\" content=\"pt_BR\" \/>\n<meta property=\"og:type\" content=\"article\" \/>\n<meta property=\"og:title\" content=\"Renova\u00e7\u00e3o antecipada da FCA \u00e9 questionada por associa\u00e7\u00f5es do setor produtivo da Bahia\" \/>\n<meta property=\"og:description\" content=\"Luana Dorigon Associa\u00e7\u00f5es e empres\u00e1rios do setor produtivo baiano encaminharam, na semana passada, uma carta ao Minist\u00e9rio de Infraestrutura questionando o processo de renova\u00e7\u00e3o antecipada de concess\u00e3o da FCA (Ferrovia Centro-Atl\u00e2ntica). O objetivo \u00e9 prorrogar o contrato, que vence em 2026, por mais 30 anos. A expectativa do minist\u00e9rio \u00e9 de que o processo seja [&hellip;]\" \/>\n<meta property=\"og:url\" content=\"https:\/\/agenciainfra.com\/blog\/renovacao-antecipada-da-fca-e-questionada-por-associacoes-do-setor-produtivo-da-bahia\/\" \/>\n<meta property=\"og:site_name\" content=\"Ag\u00eancia iNFRA\" \/>\n<meta property=\"article:publisher\" content=\"https:\/\/www.facebook.com\/ageninfra\" \/>\n<meta property=\"article:published_time\" content=\"2022-09-21T12:00:00+00:00\" \/>\n<meta property=\"og:image\" content=\"https:\/\/agenciainfra.com\/blog\/wp-content\/uploads\/2022\/09\/fca-foto-gustavo-andrade-vli.png\" \/>\n\t<meta property=\"og:image:width\" content=\"1280\" \/>\n\t<meta property=\"og:image:height\" content=\"854\" \/>\n\t<meta property=\"og:image:type\" content=\"image\/png\" \/>\n<meta name=\"author\" content=\"Rodrigo Zuquim\" \/>\n<meta name=\"twitter:card\" content=\"summary_large_image\" \/>\n<meta name=\"twitter:creator\" content=\"@agencia_infra\" \/>\n<meta name=\"twitter:site\" content=\"@agencia_infra\" \/>\n<meta name=\"twitter:label1\" content=\"Escrito por\" \/>\n\t<meta name=\"twitter:data1\" content=\"Rodrigo Zuquim\" \/>\n\t<meta name=\"twitter:label2\" content=\"Est. tempo de leitura\" \/>\n\t<meta name=\"twitter:data2\" content=\"2 minutos\" \/>\n<script type=\"application\/ld+json\" class=\"yoast-schema-graph\">{\"@context\":\"https:\/\/schema.org\",\"@graph\":[{\"@type\":\"Article\",\"@id\":\"https:\/\/agenciainfra.com\/blog\/renovacao-antecipada-da-fca-e-questionada-por-associacoes-do-setor-produtivo-da-bahia\/#article\",\"isPartOf\":{\"@id\":\"https:\/\/agenciainfra.com\/blog\/renovacao-antecipada-da-fca-e-questionada-por-associacoes-do-setor-produtivo-da-bahia\/\"},\"author\":{\"name\":\"Rodrigo Zuquim\",\"@id\":\"https:\/\/agenciainfra.com\/blog\/#\/schema\/person\/04dbb79bd6d8951f063da71f3e4c1eb1\"},\"headline\":\"Renova\u00e7\u00e3o antecipada da FCA \u00e9 questionada por associa\u00e7\u00f5es do setor produtivo da Bahia\",\"datePublished\":\"2022-09-21T12:00:00+00:00\",\"mainEntityOfPage\":{\"@id\":\"https:\/\/agenciainfra.com\/blog\/renovacao-antecipada-da-fca-e-questionada-por-associacoes-do-setor-produtivo-da-bahia\/\"},\"wordCount\":418,\"publisher\":{\"@id\":\"https:\/\/agenciainfra.com\/blog\/#organization\"},\"image\":{\"@id\":\"https:\/\/agenciainfra.com\/blog\/renovacao-antecipada-da-fca-e-questionada-por-associacoes-do-setor-produtivo-da-bahia\/#primaryimage\"},\"thumbnailUrl\":\"https:\/\/agenciainfra.com\/blog\/wp-content\/uploads\/2022\/09\/fca-foto-gustavo-andrade-vli.png\",\"keywords\":[\"Bahia\",\"Codeba\",\"FCA\",\"Ferrovia Centro-Atl\u00e2ntica\",\"Infraestrutura\",\"Investimentos\",\"Renova\u00e7\u00e3o antecipada\",\"TCU\",\"Tribunal de Contas da Uni\u00e3o\",\"VLI Multimodal\"],\"articleSection\":[\"Geral\",\"iNFRATransporte\"],\"inLanguage\":\"pt-BR\",\"copyrightYear\":\"2022\",\"copyrightHolder\":{\"@id\":\"https:\/\/agenciainfra.com\/blog\/#organization\"}},{\"@type\":\"WebPage\",\"@id\":\"https:\/\/agenciainfra.com\/blog\/renovacao-antecipada-da-fca-e-questionada-por-associacoes-do-setor-produtivo-da-bahia\/\",\"url\":\"https:\/\/agenciainfra.com\/blog\/renovacao-antecipada-da-fca-e-questionada-por-associacoes-do-setor-produtivo-da-bahia\/\",\"name\":\"Renova\u00e7\u00e3o antecipada da FCA \u00e9 questionada por associa\u00e7\u00f5es do setor produtivo da Bahia - Ag\u00eancia iNFRA\",\"isPartOf\":{\"@id\":\"https:\/\/agenciainfra.com\/blog\/#website\"},\"primaryImageOfPage\":{\"@id\":\"https:\/\/agenciainfra.com\/blog\/renovacao-antecipada-da-fca-e-questionada-por-associacoes-do-setor-produtivo-da-bahia\/#primaryimage\"},\"image\":{\"@id\":\"https:\/\/agenciainfra.com\/blog\/renovacao-antecipada-da-fca-e-questionada-por-associacoes-do-setor-produtivo-da-bahia\/#primaryimage\"},\"thumbnailUrl\":\"https:\/\/agenciainfra.com\/blog\/wp-content\/uploads\/2022\/09\/fca-foto-gustavo-andrade-vli.png\",\"datePublished\":\"2022-09-21T12:00:00+00:00\",\"breadcrumb\":{\"@id\":\"https:\/\/agenciainfra.com\/blog\/renovacao-antecipada-da-fca-e-questionada-por-associacoes-do-setor-produtivo-da-bahia\/#breadcrumb\"},\"inLanguage\":\"pt-BR\",\"potentialAction\":[{\"@type\":\"ReadAction\",\"target\":[\"https:\/\/agenciainfra.com\/blog\/renovacao-antecipada-da-fca-e-questionada-por-associacoes-do-setor-produtivo-da-bahia\/\"]}]},{\"@type\":\"ImageObject\",\"inLanguage\":\"pt-BR\",\"@id\":\"https:\/\/agenciainfra.com\/blog\/renovacao-antecipada-da-fca-e-questionada-por-associacoes-do-setor-produtivo-da-bahia\/#primaryimage\",\"url\":\"https:\/\/agenciainfra.com\/blog\/wp-content\/uploads\/2022\/09\/fca-foto-gustavo-andrade-vli.png\",\"contentUrl\":\"https:\/\/agenciainfra.com\/blog\/wp-content\/uploads\/2022\/09\/fca-foto-gustavo-andrade-vli.png\",\"width\":1280,\"height\":854,\"caption\":\"Foto: Gustavo Andrade\/VLI\"},{\"@type\":\"BreadcrumbList\",\"@id\":\"https:\/\/agenciainfra.com\/blog\/renovacao-antecipada-da-fca-e-questionada-por-associacoes-do-setor-produtivo-da-bahia\/#breadcrumb\",\"itemListElement\":[{\"@type\":\"ListItem\",\"position\":1,\"name\":\"In\u00edcio\",\"item\":\"https:\/\/agenciainfra.com\/blog\/\"},{\"@type\":\"ListItem\",\"position\":2,\"name\":\"Renova\u00e7\u00e3o antecipada da FCA \u00e9 questionada por associa\u00e7\u00f5es do setor produtivo da Bahia\"}]},{\"@type\":\"WebSite\",\"@id\":\"https:\/\/agenciainfra.com\/blog\/#website\",\"url\":\"https:\/\/agenciainfra.com\/blog\/\",\"name\":\"Ag\u00eancia iNFRA\",\"description\":\"Multiplataforma de informa\u00e7\u00e3o jornal\u00edstica refer\u00eancia na \u00e1rea de infraestrutura no Brasil!\",\"publisher\":{\"@id\":\"https:\/\/agenciainfra.com\/blog\/#organization\"},\"potentialAction\":[{\"@type\":\"SearchAction\",\"target\":{\"@type\":\"EntryPoint\",\"urlTemplate\":\"https:\/\/agenciainfra.com\/blog\/?s={search_term_string}\"},\"query-input\":{\"@type\":\"PropertyValueSpecification\",\"valueRequired\":true,\"valueName\":\"search_term_string\"}}],\"inLanguage\":\"pt-BR\"},{\"@type\":\"Organization\",\"@id\":\"https:\/\/agenciainfra.com\/blog\/#organization\",\"name\":\"Ag\u00eancia iNFRA\",\"url\":\"https:\/\/agenciainfra.com\/blog\/\",\"logo\":{\"@type\":\"ImageObject\",\"inLanguage\":\"pt-BR\",\"@id\":\"https:\/\/agenciainfra.com\/blog\/#\/schema\/logo\/image\/\",\"url\":\"https:\/\/agenciainfra.com\/blog\/wp-content\/uploads\/2023\/09\/iNFRA_5-e1761735885940.png\",\"contentUrl\":\"https:\/\/agenciainfra.com\/blog\/wp-content\/uploads\/2023\/09\/iNFRA_5-e1761735885940.png\",\"width\":1672,\"height\":454,\"caption\":\"Ag\u00eancia iNFRA\"},\"image\":{\"@id\":\"https:\/\/agenciainfra.com\/blog\/#\/schema\/logo\/image\/\"},\"sameAs\":[\"https:\/\/www.facebook.com\/ageninfra\",\"https:\/\/x.com\/agencia_infra\",\"https:\/\/www.linkedin.com\/company\/ag\u00eanciainfra\/\",\"https:\/\/www.instagram.com\/agenciainfra\/\"]},{\"@type\":\"Person\",\"@id\":\"https:\/\/agenciainfra.com\/blog\/#\/schema\/person\/04dbb79bd6d8951f063da71f3e4c1eb1\",\"name\":\"Rodrigo Zuquim\",\"image\":{\"@type\":\"ImageObject\",\"inLanguage\":\"pt-BR\",\"@id\":\"https:\/\/agenciainfra.com\/blog\/#\/schema\/person\/image\/\",\"url\":\"https:\/\/secure.gravatar.com\/avatar\/594abfe82761d620726242ff34ca472a705a4b97f16c790053a6b4c4035274d0?s=96&d=mm&r=g\",\"contentUrl\":\"https:\/\/secure.gravatar.com\/avatar\/594abfe82761d620726242ff34ca472a705a4b97f16c790053a6b4c4035274d0?s=96&d=mm&r=g\",\"caption\":\"Rodrigo Zuquim\"},\"url\":\"https:\/\/agenciainfra.com\/blog\/author\/rodrigo-zuquim\/\"}]}<\/script>\n<!-- \/ Yoast SEO Premium plugin. -->","yoast_head_json":{"title":"Renova\u00e7\u00e3o antecipada da FCA \u00e9 questionada por associa\u00e7\u00f5es do setor produtivo da Bahia - Ag\u00eancia iNFRA","robots":{"index":"index","follow":"follow","max-snippet":"max-snippet:-1","max-image-preview":"max-image-preview:large","max-video-preview":"max-video-preview:-1"},"canonical":"https:\/\/agenciainfra.com\/blog\/renovacao-antecipada-da-fca-e-questionada-por-associacoes-do-setor-produtivo-da-bahia\/","og_locale":"pt_BR","og_type":"article","og_title":"Renova\u00e7\u00e3o antecipada da FCA \u00e9 questionada por associa\u00e7\u00f5es do setor produtivo da Bahia","og_description":"Luana Dorigon Associa\u00e7\u00f5es e empres\u00e1rios do setor produtivo baiano encaminharam, na semana passada, uma carta ao Minist\u00e9rio de Infraestrutura questionando o processo de renova\u00e7\u00e3o antecipada de concess\u00e3o da FCA (Ferrovia Centro-Atl\u00e2ntica). O objetivo \u00e9 prorrogar o contrato, que vence em 2026, por mais 30 anos. A expectativa do minist\u00e9rio \u00e9 de que o processo seja [&hellip;]","og_url":"https:\/\/agenciainfra.com\/blog\/renovacao-antecipada-da-fca-e-questionada-por-associacoes-do-setor-produtivo-da-bahia\/","og_site_name":"Ag\u00eancia iNFRA","article_publisher":"https:\/\/www.facebook.com\/ageninfra","article_published_time":"2022-09-21T12:00:00+00:00","og_image":[{"width":1280,"height":854,"url":"https:\/\/agenciainfra.com\/blog\/wp-content\/uploads\/2022\/09\/fca-foto-gustavo-andrade-vli.png","type":"image\/png"}],"author":"Rodrigo Zuquim","twitter_card":"summary_large_image","twitter_creator":"@agencia_infra","twitter_site":"@agencia_infra","twitter_misc":{"Escrito por":"Rodrigo Zuquim","Est. tempo de leitura":"2 minutos"},"schema":{"@context":"https:\/\/schema.org","@graph":[{"@type":"Article","@id":"https:\/\/agenciainfra.com\/blog\/renovacao-antecipada-da-fca-e-questionada-por-associacoes-do-setor-produtivo-da-bahia\/#article","isPartOf":{"@id":"https:\/\/agenciainfra.com\/blog\/renovacao-antecipada-da-fca-e-questionada-por-associacoes-do-setor-produtivo-da-bahia\/"},"author":{"name":"Rodrigo Zuquim","@id":"https:\/\/agenciainfra.com\/blog\/#\/schema\/person\/04dbb79bd6d8951f063da71f3e4c1eb1"},"headline":"Renova\u00e7\u00e3o antecipada da FCA \u00e9 questionada por associa\u00e7\u00f5es do setor produtivo da Bahia","datePublished":"2022-09-21T12:00:00+00:00","mainEntityOfPage":{"@id":"https:\/\/agenciainfra.com\/blog\/renovacao-antecipada-da-fca-e-questionada-por-associacoes-do-setor-produtivo-da-bahia\/"},"wordCount":418,"publisher":{"@id":"https:\/\/agenciainfra.com\/blog\/#organization"},"image":{"@id":"https:\/\/agenciainfra.com\/blog\/renovacao-antecipada-da-fca-e-questionada-por-associacoes-do-setor-produtivo-da-bahia\/#primaryimage"},"thumbnailUrl":"https:\/\/agenciainfra.com\/blog\/wp-content\/uploads\/2022\/09\/fca-foto-gustavo-andrade-vli.png","keywords":["Bahia","Codeba","FCA","Ferrovia Centro-Atl\u00e2ntica","Infraestrutura","Investimentos","Renova\u00e7\u00e3o antecipada","TCU","Tribunal de Contas da Uni\u00e3o","VLI Multimodal"],"articleSection":["Geral","iNFRATransporte"],"inLanguage":"pt-BR","copyrightYear":"2022","copyrightHolder":{"@id":"https:\/\/agenciainfra.com\/blog\/#organization"}},{"@type":"WebPage","@id":"https:\/\/agenciainfra.com\/blog\/renovacao-antecipada-da-fca-e-questionada-por-associacoes-do-setor-produtivo-da-bahia\/","url":"https:\/\/agenciainfra.com\/blog\/renovacao-antecipada-da-fca-e-questionada-por-associacoes-do-setor-produtivo-da-bahia\/","name":"Renova\u00e7\u00e3o antecipada da FCA \u00e9 questionada por associa\u00e7\u00f5es do setor produtivo da Bahia - Ag\u00eancia iNFRA","isPartOf":{"@id":"https:\/\/agenciainfra.com\/blog\/#website"},"primaryImageOfPage":{"@id":"https:\/\/agenciainfra.com\/blog\/renovacao-antecipada-da-fca-e-questionada-por-associacoes-do-setor-produtivo-da-bahia\/#primaryimage"},"image":{"@id":"https:\/\/agenciainfra.com\/blog\/renovacao-antecipada-da-fca-e-questionada-por-associacoes-do-setor-produtivo-da-bahia\/#primaryimage"},"thumbnailUrl":"https:\/\/agenciainfra.com\/blog\/wp-content\/uploads\/2022\/09\/fca-foto-gustavo-andrade-vli.png","datePublished":"2022-09-21T12:00:00+00:00","breadcrumb":{"@id":"https:\/\/agenciainfra.com\/blog\/renovacao-antecipada-da-fca-e-questionada-por-associacoes-do-setor-produtivo-da-bahia\/#breadcrumb"},"inLanguage":"pt-BR","potentialAction":[{"@type":"ReadAction","target":["https:\/\/agenciainfra.com\/blog\/renovacao-antecipada-da-fca-e-questionada-por-associacoes-do-setor-produtivo-da-bahia\/"]}]},{"@type":"ImageObject","inLanguage":"pt-BR","@id":"https:\/\/agenciainfra.com\/blog\/renovacao-antecipada-da-fca-e-questionada-por-associacoes-do-setor-produtivo-da-bahia\/#primaryimage","url":"https:\/\/agenciainfra.com\/blog\/wp-content\/uploads\/2022\/09\/fca-foto-gustavo-andrade-vli.png","contentUrl":"https:\/\/agenciainfra.com\/blog\/wp-content\/uploads\/2022\/09\/fca-foto-gustavo-andrade-vli.png","width":1280,"height":854,"caption":"Foto: Gustavo Andrade\/VLI"},{"@type":"BreadcrumbList","@id":"https:\/\/agenciainfra.com\/blog\/renovacao-antecipada-da-fca-e-questionada-por-associacoes-do-setor-produtivo-da-bahia\/#breadcrumb","itemListElement":[{"@type":"ListItem","position":1,"name":"In\u00edcio","item":"https:\/\/agenciainfra.com\/blog\/"},{"@type":"ListItem","position":2,"name":"Renova\u00e7\u00e3o antecipada da FCA \u00e9 questionada por associa\u00e7\u00f5es do setor produtivo da Bahia"}]},{"@type":"WebSite","@id":"https:\/\/agenciainfra.com\/blog\/#website","url":"https:\/\/agenciainfra.com\/blog\/","name":"Ag\u00eancia iNFRA","description":"Multiplataforma de informa\u00e7\u00e3o jornal\u00edstica refer\u00eancia na \u00e1rea de infraestrutura no Brasil!","publisher":{"@id":"https:\/\/agenciainfra.com\/blog\/#organization"},"potentialAction":[{"@type":"SearchAction","target":{"@type":"EntryPoint","urlTemplate":"https:\/\/agenciainfra.com\/blog\/?s={search_term_string}"},"query-input":{"@type":"PropertyValueSpecification","valueRequired":true,"valueName":"search_term_string"}}],"inLanguage":"pt-BR"},{"@type":"Organization","@id":"https:\/\/agenciainfra.com\/blog\/#organization","name":"Ag\u00eancia iNFRA","url":"https:\/\/agenciainfra.com\/blog\/","logo":{"@type":"ImageObject","inLanguage":"pt-BR","@id":"https:\/\/agenciainfra.com\/blog\/#\/schema\/logo\/image\/","url":"https:\/\/agenciainfra.com\/blog\/wp-content\/uploads\/2023\/09\/iNFRA_5-e1761735885940.png","contentUrl":"https:\/\/agenciainfra.com\/blog\/wp-content\/uploads\/2023\/09\/iNFRA_5-e1761735885940.png","width":1672,"height":454,"caption":"Ag\u00eancia iNFRA"},"image":{"@id":"https:\/\/agenciainfra.com\/blog\/#\/schema\/logo\/image\/"},"sameAs":["https:\/\/www.facebook.com\/ageninfra","https:\/\/x.com\/agencia_infra","https:\/\/www.linkedin.com\/company\/ag\u00eanciainfra\/","https:\/\/www.instagram.com\/agenciainfra\/"]},{"@type":"Person","@id":"https:\/\/agenciainfra.com\/blog\/#\/schema\/person\/04dbb79bd6d8951f063da71f3e4c1eb1","name":"Rodrigo Zuquim","image":{"@type":"ImageObject","inLanguage":"pt-BR","@id":"https:\/\/agenciainfra.com\/blog\/#\/schema\/person\/image\/","url":"https:\/\/secure.gravatar.com\/avatar\/594abfe82761d620726242ff34ca472a705a4b97f16c790053a6b4c4035274d0?s=96&d=mm&r=g","contentUrl":"https:\/\/secure.gravatar.com\/avatar\/594abfe82761d620726242ff34ca472a705a4b97f16c790053a6b4c4035274d0?s=96&d=mm&r=g","caption":"Rodrigo Zuquim"},"url":"https:\/\/agenciainfra.com\/blog\/author\/rodrigo-zuquim\/"}]}},"_links":{"self":[{"href":"https:\/\/agenciainfra.com\/blog\/wp-json\/wp\/v2\/posts\/11365","targetHints":{"allow":["GET"]}}],"collection":[{"href":"https:\/\/agenciainfra.com\/blog\/wp-json\/wp\/v2\/posts"}],"about":[{"href":"https:\/\/agenciainfra.com\/blog\/wp-json\/wp\/v2\/types\/post"}],"author":[{"embeddable":true,"href":"https:\/\/agenciainfra.com\/blog\/wp-json\/wp\/v2\/users\/9"}],"replies":[{"embeddable":true,"href":"https:\/\/agenciainfra.com\/blog\/wp-json\/wp\/v2\/comments?post=11365"}],"version-history":[{"count":0,"href":"https:\/\/agenciainfra.com\/blog\/wp-json\/wp\/v2\/posts\/11365\/revisions"}],"wp:featuredmedia":[{"embeddable":true,"href":"https:\/\/agenciainfra.com\/blog\/wp-json\/wp\/v2\/media\/11366"}],"wp:attachment":[{"href":"https:\/\/agenciainfra.com\/blog\/wp-json\/wp\/v2\/media?parent=11365"}],"wp:term":[{"taxonomy":"category","embeddable":true,"href":"https:\/\/agenciainfra.com\/blog\/wp-json\/wp\/v2\/categories?post=11365"},{"taxonomy":"post_tag","embeddable":true,"href":"https:\/\/agenciainfra.com\/blog\/wp-json\/wp\/v2\/tags?post=11365"}],"curies":[{"name":"wp","href":"https:\/\/api.w.org\/{rel}","templated":true}]}}