{"id":11370,"date":"2022-09-20T10:00:00","date_gmt":"2022-09-20T13:00:00","guid":{"rendered":"https:\/\/www.agenciainfra.com\/blog\/?p=11370"},"modified":"2022-09-20T08:10:23","modified_gmt":"2022-09-20T11:10:23","slug":"analise-sinal-locacional-deve-ser-o-novo-foco-de-judicializacao-no-setor","status":"publish","type":"post","link":"https:\/\/agenciainfra.com\/blog\/analise-sinal-locacional-deve-ser-o-novo-foco-de-judicializacao-no-setor\/","title":{"rendered":"An\u00e1lise: Sinal locacional deve ser o novo foco de judicializa\u00e7\u00e3o no setor"},"content":{"rendered":"\n<p class=\"has-text-align-right\"><strong>Roberto Rockmann*<\/strong><\/p>\n\n\n\n<p><br>A um grupo de cerca de 200 executivos do Lide (Grupo de L\u00edderes Empresariais), na quarta-feira passada (14) em S\u00e3o Paulo, o ministro de Minas e Energia, Adolfo Sachsida, disse que a judicializa\u00e7\u00e3o \u00e9 o maior problema do setor el\u00e9trico atualmente.<br><br>Sachsida destacou inclusive que o secret\u00e1rio de Energia El\u00e9trica da pasta, Ricardo Pereira, \u00e9 formado em Direito pela USP (Universidade de S\u00e3o Paulo). Frisou que, em algum momento, ser\u00e1 preciso que todos sentem \u00e0 mesa e cedam um pouco para avan\u00e7os coletivos.<br><br>Pelo que se ouviu de empres\u00e1rios e advogados, insatisfeitos com a posi\u00e7\u00e3o do diretor da ANEEL (Ag\u00eancia Nacional de Energia El\u00e9trica) H\u00e9lvio Guerra sobre o sinal locacional, o ministro deveria procurar o ator Tom Cruise, que encarnou Ethan Hunt, o protagonista da s\u00e9rie \u201cMiss\u00e3o Imposs\u00edvel\u201d. Entidades j\u00e1 se preparam para se reunir nesta semana para decidir se contestar\u00e3o judicialmente. Empresas fazem as contas.<br><br>O voto de H\u00e9lvio Guerra abre dois poss\u00edveis caminhos. Um \u00e9 a judicializa\u00e7\u00e3o, caminho que j\u00e1 foi usado pelas e\u00f3licas na contesta\u00e7\u00e3o do fim da estabiliza\u00e7\u00e3o da TUST (Tarifa de Uso do Sistema de Transmiss\u00e3o), ponto decidido recentemente pela ANEEL e j\u00e1 v\u00e1lido a partir deste ciclo. O outro \u00e9 o caminho pol\u00edtico, com a inclus\u00e3o de uma emenda em MP (medida provis\u00f3ria) ou projeto de lei.<br><br>A mudan\u00e7a do sinal locacional implica preju\u00edzos para usinas do Norte e Nordeste, o que deve contrariar as bancadas desses estados. Isso poder\u00e1 inclusive ter impacto sobre o andamento da MP 1.118 e do Projeto de Lei 414\/2021, que trata da moderniza\u00e7\u00e3o do setor el\u00e9trico.<br><br>Quando Congresso e Judici\u00e1rio ganham peso relevante na equa\u00e7\u00e3o, o resultado s\u00e3o crescentes riscos regulat\u00f3rios e incertezas.<\/p>\n\n\n\n<h6 class=\"wp-block-heading\" id=\"block-f323f59b-51bf-4eed-b17b-3c7d3b917007\">*Roberto Rockmann <strong>\u00e9 escritor e jornalista. Coautor do livro \u201cCurto-Circuito, quando o Brasil quase ficou \u00e0s escuras\u201d e produtor do podcast quinzenal \u201cGiro Energia\u201d sobre o setor el\u00e9trico. Organizou em 2018 o livro de 20 anos do mercado livre de energia el\u00e9trica, editado pela CCEE (C\u00e2mara de Comercializa\u00e7\u00e3o de Energia El\u00e9trica), al\u00e9m de v\u00e1rios outros livros e trabalhos premiados<\/strong>.<\/h6>\n\n\n\n<p><strong>As opini\u00f5es dos autores n\u00e3o refletem necessariamente o pensamento da Ag\u00eancia iNFRA, sendo de total responsabilidade do autor as informa\u00e7\u00f5es, ju\u00edzos de valor e conceitos descritos no texto<\/strong>. <\/p>\n","protected":false},"excerpt":{"rendered":"<p>Roberto Rockmann* A um grupo de cerca de 200 executivos do Lide (Grupo de L\u00edderes Empresariais), na quarta-feira passada (14) em S\u00e3o Paulo, o ministro de Minas e Energia, Adolfo Sachsida, disse que a judicializa\u00e7\u00e3o \u00e9 o maior problema do setor el\u00e9trico atualmente. Sachsida destacou inclusive que o secret\u00e1rio de Energia El\u00e9trica da pasta, Ricardo [&hellip;]<\/p>\n","protected":false},"author":9,"featured_media":6790,"comment_status":"closed","ping_status":"closed","sticky":false,"template":"","format":"standard","meta":{"_monsterinsights_skip_tracking":false,"_monsterinsights_sitenote_active":false,"_monsterinsights_sitenote_note":"","_monsterinsights_sitenote_category":0,"footnotes":""},"categories":[1],"tags":[5391,53,2619,572,96,5745,3627,5832,54,5831,4063],"class_list":["post-11370","post","type-post","status-publish","format-standard","has-post-thumbnail","hentry","category-geral","tag-adolfo-sachsida","tag-aneel","tag-helvio-guerra","tag-judicializacao","tag-ministerio-de-minas-e-energia","tag-mp-1-118","tag-pl-414-2021","tag-ricardo-pereira","tag-setor-eletrico","tag-sinal-locacional","tag-tust"],"yoast_head":"<!-- This site is optimized with the Yoast SEO Premium plugin v25.4 (Yoast SEO v26.0) - https:\/\/yoast.com\/wordpress\/plugins\/seo\/ -->\n<title>An\u00e1lise: Sinal locacional deve ser o novo foco de judicializa\u00e7\u00e3o no setor - Ag\u00eancia iNFRA<\/title>\n<meta name=\"robots\" content=\"index, follow, max-snippet:-1, max-image-preview:large, max-video-preview:-1\" \/>\n<link rel=\"canonical\" href=\"https:\/\/agenciainfra.com\/blog\/analise-sinal-locacional-deve-ser-o-novo-foco-de-judicializacao-no-setor\/\" \/>\n<meta property=\"og:locale\" content=\"pt_BR\" \/>\n<meta property=\"og:type\" content=\"article\" \/>\n<meta property=\"og:title\" content=\"An\u00e1lise: Sinal locacional deve ser o novo foco de judicializa\u00e7\u00e3o no setor\" \/>\n<meta property=\"og:description\" content=\"Roberto Rockmann* A um grupo de cerca de 200 executivos do Lide (Grupo de L\u00edderes Empresariais), na quarta-feira passada (14) em S\u00e3o Paulo, o ministro de Minas e Energia, Adolfo Sachsida, disse que a judicializa\u00e7\u00e3o \u00e9 o maior problema do setor el\u00e9trico atualmente. Sachsida destacou inclusive que o secret\u00e1rio de Energia El\u00e9trica da pasta, Ricardo [&hellip;]\" \/>\n<meta property=\"og:url\" content=\"https:\/\/agenciainfra.com\/blog\/analise-sinal-locacional-deve-ser-o-novo-foco-de-judicializacao-no-setor\/\" \/>\n<meta property=\"og:site_name\" content=\"Ag\u00eancia iNFRA\" \/>\n<meta property=\"article:publisher\" content=\"https:\/\/www.facebook.com\/ageninfra\" \/>\n<meta property=\"article:published_time\" content=\"2022-09-20T13:00:00+00:00\" \/>\n<meta property=\"og:image\" content=\"https:\/\/agenciainfra.com\/blog\/wp-content\/uploads\/2021\/02\/rede-de-transmissao-foto-dominio-publico.jpg\" \/>\n\t<meta property=\"og:image:width\" content=\"1280\" \/>\n\t<meta property=\"og:image:height\" content=\"854\" \/>\n\t<meta property=\"og:image:type\" content=\"image\/jpeg\" \/>\n<meta name=\"author\" content=\"Rodrigo Zuquim\" \/>\n<meta name=\"twitter:card\" content=\"summary_large_image\" \/>\n<meta name=\"twitter:creator\" content=\"@agencia_infra\" \/>\n<meta name=\"twitter:site\" content=\"@agencia_infra\" \/>\n<meta name=\"twitter:label1\" content=\"Escrito por\" \/>\n\t<meta name=\"twitter:data1\" content=\"Rodrigo Zuquim\" \/>\n\t<meta name=\"twitter:label2\" content=\"Est. tempo de leitura\" \/>\n\t<meta name=\"twitter:data2\" content=\"2 minutos\" \/>\n<script type=\"application\/ld+json\" class=\"yoast-schema-graph\">{\"@context\":\"https:\/\/schema.org\",\"@graph\":[{\"@type\":\"Article\",\"@id\":\"https:\/\/agenciainfra.com\/blog\/analise-sinal-locacional-deve-ser-o-novo-foco-de-judicializacao-no-setor\/#article\",\"isPartOf\":{\"@id\":\"https:\/\/agenciainfra.com\/blog\/analise-sinal-locacional-deve-ser-o-novo-foco-de-judicializacao-no-setor\/\"},\"author\":{\"name\":\"Rodrigo Zuquim\",\"@id\":\"https:\/\/agenciainfra.com\/blog\/#\/schema\/person\/04dbb79bd6d8951f063da71f3e4c1eb1\"},\"headline\":\"An\u00e1lise: Sinal locacional deve ser o novo foco de judicializa\u00e7\u00e3o no setor\",\"datePublished\":\"2022-09-20T13:00:00+00:00\",\"mainEntityOfPage\":{\"@id\":\"https:\/\/agenciainfra.com\/blog\/analise-sinal-locacional-deve-ser-o-novo-foco-de-judicializacao-no-setor\/\"},\"wordCount\":414,\"publisher\":{\"@id\":\"https:\/\/agenciainfra.com\/blog\/#organization\"},\"image\":{\"@id\":\"https:\/\/agenciainfra.com\/blog\/analise-sinal-locacional-deve-ser-o-novo-foco-de-judicializacao-no-setor\/#primaryimage\"},\"thumbnailUrl\":\"https:\/\/agenciainfra.com\/blog\/wp-content\/uploads\/2021\/02\/rede-de-transmissao-foto-dominio-publico.jpg\",\"keywords\":[\"Adolfo Sachsida\",\"ANEEL\",\"H\u00e9lvio Guerra\",\"judicializa\u00e7\u00e3o\",\"Minist\u00e9rio de Minas e Energia\",\"MP 1.118\",\"PL 414\/2021\",\"Ricardo Pereira\",\"Setor El\u00e9trico\",\"sinal locacional\",\"Tust\"],\"articleSection\":[\"Geral\"],\"inLanguage\":\"pt-BR\",\"copyrightYear\":\"2022\",\"copyrightHolder\":{\"@id\":\"https:\/\/agenciainfra.com\/blog\/#organization\"}},{\"@type\":\"WebPage\",\"@id\":\"https:\/\/agenciainfra.com\/blog\/analise-sinal-locacional-deve-ser-o-novo-foco-de-judicializacao-no-setor\/\",\"url\":\"https:\/\/agenciainfra.com\/blog\/analise-sinal-locacional-deve-ser-o-novo-foco-de-judicializacao-no-setor\/\",\"name\":\"An\u00e1lise: Sinal locacional deve ser o novo foco de judicializa\u00e7\u00e3o no setor - Ag\u00eancia iNFRA\",\"isPartOf\":{\"@id\":\"https:\/\/agenciainfra.com\/blog\/#website\"},\"primaryImageOfPage\":{\"@id\":\"https:\/\/agenciainfra.com\/blog\/analise-sinal-locacional-deve-ser-o-novo-foco-de-judicializacao-no-setor\/#primaryimage\"},\"image\":{\"@id\":\"https:\/\/agenciainfra.com\/blog\/analise-sinal-locacional-deve-ser-o-novo-foco-de-judicializacao-no-setor\/#primaryimage\"},\"thumbnailUrl\":\"https:\/\/agenciainfra.com\/blog\/wp-content\/uploads\/2021\/02\/rede-de-transmissao-foto-dominio-publico.jpg\",\"datePublished\":\"2022-09-20T13:00:00+00:00\",\"breadcrumb\":{\"@id\":\"https:\/\/agenciainfra.com\/blog\/analise-sinal-locacional-deve-ser-o-novo-foco-de-judicializacao-no-setor\/#breadcrumb\"},\"inLanguage\":\"pt-BR\",\"potentialAction\":[{\"@type\":\"ReadAction\",\"target\":[\"https:\/\/agenciainfra.com\/blog\/analise-sinal-locacional-deve-ser-o-novo-foco-de-judicializacao-no-setor\/\"]}]},{\"@type\":\"ImageObject\",\"inLanguage\":\"pt-BR\",\"@id\":\"https:\/\/agenciainfra.com\/blog\/analise-sinal-locacional-deve-ser-o-novo-foco-de-judicializacao-no-setor\/#primaryimage\",\"url\":\"https:\/\/agenciainfra.com\/blog\/wp-content\/uploads\/2021\/02\/rede-de-transmissao-foto-dominio-publico.jpg\",\"contentUrl\":\"https:\/\/agenciainfra.com\/blog\/wp-content\/uploads\/2021\/02\/rede-de-transmissao-foto-dominio-publico.jpg\",\"width\":1280,\"height\":854,\"caption\":\"Foto: Dom\u00ednio P\u00fablico\"},{\"@type\":\"BreadcrumbList\",\"@id\":\"https:\/\/agenciainfra.com\/blog\/analise-sinal-locacional-deve-ser-o-novo-foco-de-judicializacao-no-setor\/#breadcrumb\",\"itemListElement\":[{\"@type\":\"ListItem\",\"position\":1,\"name\":\"In\u00edcio\",\"item\":\"https:\/\/agenciainfra.com\/blog\/\"},{\"@type\":\"ListItem\",\"position\":2,\"name\":\"An\u00e1lise: Sinal locacional deve ser o novo foco de judicializa\u00e7\u00e3o no setor\"}]},{\"@type\":\"WebSite\",\"@id\":\"https:\/\/agenciainfra.com\/blog\/#website\",\"url\":\"https:\/\/agenciainfra.com\/blog\/\",\"name\":\"Ag\u00eancia iNFRA\",\"description\":\"Multiplataforma de informa\u00e7\u00e3o jornal\u00edstica refer\u00eancia na \u00e1rea de infraestrutura no Brasil!\",\"publisher\":{\"@id\":\"https:\/\/agenciainfra.com\/blog\/#organization\"},\"potentialAction\":[{\"@type\":\"SearchAction\",\"target\":{\"@type\":\"EntryPoint\",\"urlTemplate\":\"https:\/\/agenciainfra.com\/blog\/?s={search_term_string}\"},\"query-input\":{\"@type\":\"PropertyValueSpecification\",\"valueRequired\":true,\"valueName\":\"search_term_string\"}}],\"inLanguage\":\"pt-BR\"},{\"@type\":\"Organization\",\"@id\":\"https:\/\/agenciainfra.com\/blog\/#organization\",\"name\":\"Ag\u00eancia iNFRA\",\"url\":\"https:\/\/agenciainfra.com\/blog\/\",\"logo\":{\"@type\":\"ImageObject\",\"inLanguage\":\"pt-BR\",\"@id\":\"https:\/\/agenciainfra.com\/blog\/#\/schema\/logo\/image\/\",\"url\":\"https:\/\/agenciainfra.com\/blog\/wp-content\/uploads\/2023\/09\/iNFRA_5-e1761735885940.png\",\"contentUrl\":\"https:\/\/agenciainfra.com\/blog\/wp-content\/uploads\/2023\/09\/iNFRA_5-e1761735885940.png\",\"width\":1672,\"height\":454,\"caption\":\"Ag\u00eancia iNFRA\"},\"image\":{\"@id\":\"https:\/\/agenciainfra.com\/blog\/#\/schema\/logo\/image\/\"},\"sameAs\":[\"https:\/\/www.facebook.com\/ageninfra\",\"https:\/\/x.com\/agencia_infra\",\"https:\/\/www.linkedin.com\/company\/ag\u00eanciainfra\/\",\"https:\/\/www.instagram.com\/agenciainfra\/\"]},{\"@type\":\"Person\",\"@id\":\"https:\/\/agenciainfra.com\/blog\/#\/schema\/person\/04dbb79bd6d8951f063da71f3e4c1eb1\",\"name\":\"Rodrigo Zuquim\",\"image\":{\"@type\":\"ImageObject\",\"inLanguage\":\"pt-BR\",\"@id\":\"https:\/\/agenciainfra.com\/blog\/#\/schema\/person\/image\/\",\"url\":\"https:\/\/secure.gravatar.com\/avatar\/594abfe82761d620726242ff34ca472a705a4b97f16c790053a6b4c4035274d0?s=96&d=mm&r=g\",\"contentUrl\":\"https:\/\/secure.gravatar.com\/avatar\/594abfe82761d620726242ff34ca472a705a4b97f16c790053a6b4c4035274d0?s=96&d=mm&r=g\",\"caption\":\"Rodrigo Zuquim\"},\"url\":\"https:\/\/agenciainfra.com\/blog\/author\/rodrigo-zuquim\/\"}]}<\/script>\n<!-- \/ Yoast SEO Premium plugin. -->","yoast_head_json":{"title":"An\u00e1lise: Sinal locacional deve ser o novo foco de judicializa\u00e7\u00e3o no setor - Ag\u00eancia iNFRA","robots":{"index":"index","follow":"follow","max-snippet":"max-snippet:-1","max-image-preview":"max-image-preview:large","max-video-preview":"max-video-preview:-1"},"canonical":"https:\/\/agenciainfra.com\/blog\/analise-sinal-locacional-deve-ser-o-novo-foco-de-judicializacao-no-setor\/","og_locale":"pt_BR","og_type":"article","og_title":"An\u00e1lise: Sinal locacional deve ser o novo foco de judicializa\u00e7\u00e3o no setor","og_description":"Roberto Rockmann* A um grupo de cerca de 200 executivos do Lide (Grupo de L\u00edderes Empresariais), na quarta-feira passada (14) em S\u00e3o Paulo, o ministro de Minas e Energia, Adolfo Sachsida, disse que a judicializa\u00e7\u00e3o \u00e9 o maior problema do setor el\u00e9trico atualmente. Sachsida destacou inclusive que o secret\u00e1rio de Energia El\u00e9trica da pasta, Ricardo [&hellip;]","og_url":"https:\/\/agenciainfra.com\/blog\/analise-sinal-locacional-deve-ser-o-novo-foco-de-judicializacao-no-setor\/","og_site_name":"Ag\u00eancia iNFRA","article_publisher":"https:\/\/www.facebook.com\/ageninfra","article_published_time":"2022-09-20T13:00:00+00:00","og_image":[{"width":1280,"height":854,"url":"https:\/\/agenciainfra.com\/blog\/wp-content\/uploads\/2021\/02\/rede-de-transmissao-foto-dominio-publico.jpg","type":"image\/jpeg"}],"author":"Rodrigo Zuquim","twitter_card":"summary_large_image","twitter_creator":"@agencia_infra","twitter_site":"@agencia_infra","twitter_misc":{"Escrito por":"Rodrigo Zuquim","Est. tempo de leitura":"2 minutos"},"schema":{"@context":"https:\/\/schema.org","@graph":[{"@type":"Article","@id":"https:\/\/agenciainfra.com\/blog\/analise-sinal-locacional-deve-ser-o-novo-foco-de-judicializacao-no-setor\/#article","isPartOf":{"@id":"https:\/\/agenciainfra.com\/blog\/analise-sinal-locacional-deve-ser-o-novo-foco-de-judicializacao-no-setor\/"},"author":{"name":"Rodrigo Zuquim","@id":"https:\/\/agenciainfra.com\/blog\/#\/schema\/person\/04dbb79bd6d8951f063da71f3e4c1eb1"},"headline":"An\u00e1lise: Sinal locacional deve ser o novo foco de judicializa\u00e7\u00e3o no setor","datePublished":"2022-09-20T13:00:00+00:00","mainEntityOfPage":{"@id":"https:\/\/agenciainfra.com\/blog\/analise-sinal-locacional-deve-ser-o-novo-foco-de-judicializacao-no-setor\/"},"wordCount":414,"publisher":{"@id":"https:\/\/agenciainfra.com\/blog\/#organization"},"image":{"@id":"https:\/\/agenciainfra.com\/blog\/analise-sinal-locacional-deve-ser-o-novo-foco-de-judicializacao-no-setor\/#primaryimage"},"thumbnailUrl":"https:\/\/agenciainfra.com\/blog\/wp-content\/uploads\/2021\/02\/rede-de-transmissao-foto-dominio-publico.jpg","keywords":["Adolfo Sachsida","ANEEL","H\u00e9lvio Guerra","judicializa\u00e7\u00e3o","Minist\u00e9rio de Minas e Energia","MP 1.118","PL 414\/2021","Ricardo Pereira","Setor El\u00e9trico","sinal locacional","Tust"],"articleSection":["Geral"],"inLanguage":"pt-BR","copyrightYear":"2022","copyrightHolder":{"@id":"https:\/\/agenciainfra.com\/blog\/#organization"}},{"@type":"WebPage","@id":"https:\/\/agenciainfra.com\/blog\/analise-sinal-locacional-deve-ser-o-novo-foco-de-judicializacao-no-setor\/","url":"https:\/\/agenciainfra.com\/blog\/analise-sinal-locacional-deve-ser-o-novo-foco-de-judicializacao-no-setor\/","name":"An\u00e1lise: Sinal locacional deve ser o novo foco de judicializa\u00e7\u00e3o no setor - Ag\u00eancia iNFRA","isPartOf":{"@id":"https:\/\/agenciainfra.com\/blog\/#website"},"primaryImageOfPage":{"@id":"https:\/\/agenciainfra.com\/blog\/analise-sinal-locacional-deve-ser-o-novo-foco-de-judicializacao-no-setor\/#primaryimage"},"image":{"@id":"https:\/\/agenciainfra.com\/blog\/analise-sinal-locacional-deve-ser-o-novo-foco-de-judicializacao-no-setor\/#primaryimage"},"thumbnailUrl":"https:\/\/agenciainfra.com\/blog\/wp-content\/uploads\/2021\/02\/rede-de-transmissao-foto-dominio-publico.jpg","datePublished":"2022-09-20T13:00:00+00:00","breadcrumb":{"@id":"https:\/\/agenciainfra.com\/blog\/analise-sinal-locacional-deve-ser-o-novo-foco-de-judicializacao-no-setor\/#breadcrumb"},"inLanguage":"pt-BR","potentialAction":[{"@type":"ReadAction","target":["https:\/\/agenciainfra.com\/blog\/analise-sinal-locacional-deve-ser-o-novo-foco-de-judicializacao-no-setor\/"]}]},{"@type":"ImageObject","inLanguage":"pt-BR","@id":"https:\/\/agenciainfra.com\/blog\/analise-sinal-locacional-deve-ser-o-novo-foco-de-judicializacao-no-setor\/#primaryimage","url":"https:\/\/agenciainfra.com\/blog\/wp-content\/uploads\/2021\/02\/rede-de-transmissao-foto-dominio-publico.jpg","contentUrl":"https:\/\/agenciainfra.com\/blog\/wp-content\/uploads\/2021\/02\/rede-de-transmissao-foto-dominio-publico.jpg","width":1280,"height":854,"caption":"Foto: Dom\u00ednio P\u00fablico"},{"@type":"BreadcrumbList","@id":"https:\/\/agenciainfra.com\/blog\/analise-sinal-locacional-deve-ser-o-novo-foco-de-judicializacao-no-setor\/#breadcrumb","itemListElement":[{"@type":"ListItem","position":1,"name":"In\u00edcio","item":"https:\/\/agenciainfra.com\/blog\/"},{"@type":"ListItem","position":2,"name":"An\u00e1lise: Sinal locacional deve ser o novo foco de judicializa\u00e7\u00e3o no setor"}]},{"@type":"WebSite","@id":"https:\/\/agenciainfra.com\/blog\/#website","url":"https:\/\/agenciainfra.com\/blog\/","name":"Ag\u00eancia iNFRA","description":"Multiplataforma de informa\u00e7\u00e3o jornal\u00edstica refer\u00eancia na \u00e1rea de infraestrutura no Brasil!","publisher":{"@id":"https:\/\/agenciainfra.com\/blog\/#organization"},"potentialAction":[{"@type":"SearchAction","target":{"@type":"EntryPoint","urlTemplate":"https:\/\/agenciainfra.com\/blog\/?s={search_term_string}"},"query-input":{"@type":"PropertyValueSpecification","valueRequired":true,"valueName":"search_term_string"}}],"inLanguage":"pt-BR"},{"@type":"Organization","@id":"https:\/\/agenciainfra.com\/blog\/#organization","name":"Ag\u00eancia iNFRA","url":"https:\/\/agenciainfra.com\/blog\/","logo":{"@type":"ImageObject","inLanguage":"pt-BR","@id":"https:\/\/agenciainfra.com\/blog\/#\/schema\/logo\/image\/","url":"https:\/\/agenciainfra.com\/blog\/wp-content\/uploads\/2023\/09\/iNFRA_5-e1761735885940.png","contentUrl":"https:\/\/agenciainfra.com\/blog\/wp-content\/uploads\/2023\/09\/iNFRA_5-e1761735885940.png","width":1672,"height":454,"caption":"Ag\u00eancia iNFRA"},"image":{"@id":"https:\/\/agenciainfra.com\/blog\/#\/schema\/logo\/image\/"},"sameAs":["https:\/\/www.facebook.com\/ageninfra","https:\/\/x.com\/agencia_infra","https:\/\/www.linkedin.com\/company\/ag\u00eanciainfra\/","https:\/\/www.instagram.com\/agenciainfra\/"]},{"@type":"Person","@id":"https:\/\/agenciainfra.com\/blog\/#\/schema\/person\/04dbb79bd6d8951f063da71f3e4c1eb1","name":"Rodrigo Zuquim","image":{"@type":"ImageObject","inLanguage":"pt-BR","@id":"https:\/\/agenciainfra.com\/blog\/#\/schema\/person\/image\/","url":"https:\/\/secure.gravatar.com\/avatar\/594abfe82761d620726242ff34ca472a705a4b97f16c790053a6b4c4035274d0?s=96&d=mm&r=g","contentUrl":"https:\/\/secure.gravatar.com\/avatar\/594abfe82761d620726242ff34ca472a705a4b97f16c790053a6b4c4035274d0?s=96&d=mm&r=g","caption":"Rodrigo Zuquim"},"url":"https:\/\/agenciainfra.com\/blog\/author\/rodrigo-zuquim\/"}]}},"_links":{"self":[{"href":"https:\/\/agenciainfra.com\/blog\/wp-json\/wp\/v2\/posts\/11370","targetHints":{"allow":["GET"]}}],"collection":[{"href":"https:\/\/agenciainfra.com\/blog\/wp-json\/wp\/v2\/posts"}],"about":[{"href":"https:\/\/agenciainfra.com\/blog\/wp-json\/wp\/v2\/types\/post"}],"author":[{"embeddable":true,"href":"https:\/\/agenciainfra.com\/blog\/wp-json\/wp\/v2\/users\/9"}],"replies":[{"embeddable":true,"href":"https:\/\/agenciainfra.com\/blog\/wp-json\/wp\/v2\/comments?post=11370"}],"version-history":[{"count":0,"href":"https:\/\/agenciainfra.com\/blog\/wp-json\/wp\/v2\/posts\/11370\/revisions"}],"wp:featuredmedia":[{"embeddable":true,"href":"https:\/\/agenciainfra.com\/blog\/wp-json\/wp\/v2\/media\/6790"}],"wp:attachment":[{"href":"https:\/\/agenciainfra.com\/blog\/wp-json\/wp\/v2\/media?parent=11370"}],"wp:term":[{"taxonomy":"category","embeddable":true,"href":"https:\/\/agenciainfra.com\/blog\/wp-json\/wp\/v2\/categories?post=11370"},{"taxonomy":"post_tag","embeddable":true,"href":"https:\/\/agenciainfra.com\/blog\/wp-json\/wp\/v2\/tags?post=11370"}],"curies":[{"name":"wp","href":"https:\/\/api.w.org\/{rel}","templated":true}]}}