{"id":11385,"date":"2022-09-21T10:00:00","date_gmt":"2022-09-21T13:00:00","guid":{"rendered":"https:\/\/www.agenciainfra.com\/blog\/?p=11385"},"modified":"2022-09-21T09:00:57","modified_gmt":"2022-09-21T12:00:57","slug":"geocracia-lanca-plataforma-de-georreferenciamento-com-200-camadas-de-dados","status":"publish","type":"post","link":"https:\/\/agenciainfra.com\/blog\/geocracia-lanca-plataforma-de-georreferenciamento-com-200-camadas-de-dados\/","title":{"rendered":"Geocracia lan\u00e7a plataforma de georreferenciamento com 200 camadas de dados"},"content":{"rendered":"\n<p>A Ag\u00eancia Geocracia abre hoje (21) sua <a href=\"https:\/\/riobranco.geocracia.com\/\" data-type=\"URL\" data-id=\"https:\/\/riobranco.geocracia.com\/\" target=\"_blank\" rel=\"noreferrer noopener\">plataforma\u00a0de georreferenciamento<\/a>.\u00a0Denominada \/riobranco, a plataforma re\u00fane\u00a0mais de 200 camadas de geoinforma\u00e7\u00e3o da Uni\u00e3o em temas de minas e energia, infraestrutura, fundi\u00e1rio, ambiental e pol\u00edtica.<br><br>De acordo com a organiza\u00e7\u00e3o, a nova ferramenta\u00a0vai proporcionar &#8220;apoio \u00e0 tomada de decis\u00e3o jur\u00eddica, regulat\u00f3ria e pol\u00edtica a profissionais de consultoria ambiental, avalia\u00e7\u00e3o t\u00e9cnico\/financeira e\u00a0compliance&#8221; e &#8220;pretende universalizar, a baixo custo, o acesso \u00e0 intelig\u00eancia territorial&#8221;.\u00a0<br><br>Desenvolvida\u00a0em SAAS, com interface amig\u00e1vel e de forma simples e r\u00e1pida, a \/riobranco prov\u00ea acesso \u00e0 intelig\u00eancia territorial do pa\u00eds de forma in\u00e9dita.\u00a0Permite fazer mapas com poucos cliques, avaliando riscos em opera\u00e7\u00f5es em v\u00e1rios setores da infraestrutura. A ferramenta foi apresentada, em Bras\u00edlia, \u00e0 AEB (Ag\u00eancia Espacial Brasileira), com a presen\u00e7a do presidente do \u00f3rg\u00e3o, Carlos Moura, e demais integrantes da diretoria da ag\u00eancia, na semana passada.<br><br><strong>Dois modelos<\/strong><br>A \/riobranco permitir\u00e1 dois modelos de utiliza\u00e7\u00e3o: um para a resolu\u00e7\u00e3o de problemas pontuais, com acesso por tempo, e outro de acesso permanente para desenvolvimento e monitoramento de projetos. Camadas estaduais e municipais tamb\u00e9m poder\u00e3o alimentar a ferramenta por demanda.<br><br>A ferramenta, segundo a Geocracia, &#8220;oferece informa\u00e7\u00f5es essenciais para planejamento, investiga\u00e7\u00e3o de ativos, elabora\u00e7\u00e3o de or\u00e7amentos, mitiga\u00e7\u00e3o de riscos ambientais, an\u00e1lise pr\u00e9via de ativos imobili\u00e1rios e diversas outras atividades, permitindo organizar a informa\u00e7\u00e3o territorial de neg\u00f3cios com poucos cliques&#8221;.<\/p>\n\n\n\n<p><strong>As opini\u00f5es dos autores n\u00e3o refletem necessariamente o pensamento da Ag\u00eancia iNFRA, sendo de total responsabilidade do autor as informa\u00e7\u00f5es, ju\u00edzos de valor e conceitos descritos no texto.<\/strong>    <\/p>\n","protected":false},"excerpt":{"rendered":"<p>A Ag\u00eancia Geocracia abre hoje (21) sua plataforma\u00a0de georreferenciamento.\u00a0Denominada \/riobranco, a plataforma re\u00fane\u00a0mais de 200 camadas de geoinforma\u00e7\u00e3o da Uni\u00e3o em temas de minas e energia, infraestrutura, fundi\u00e1rio, ambiental e pol\u00edtica. De acordo com a organiza\u00e7\u00e3o, a nova ferramenta\u00a0vai proporcionar &#8220;apoio \u00e0 tomada de decis\u00e3o jur\u00eddica, regulat\u00f3ria e pol\u00edtica a profissionais de consultoria ambiental, avalia\u00e7\u00e3o [&hellip;]<\/p>\n","protected":false},"author":9,"featured_media":11386,"comment_status":"closed","ping_status":"closed","sticky":false,"template":"","format":"standard","meta":{"_monsterinsights_skip_tracking":false,"_monsterinsights_sitenote_active":false,"_monsterinsights_sitenote_note":"","_monsterinsights_sitenote_category":0,"footnotes":""},"categories":[1],"tags":[5835,1747,5836,5352,142,5150,5838,34,519,5837],"class_list":["post-11385","post","type-post","status-publish","format-standard","has-post-thumbnail","hentry","category-geral","tag-riobranco","tag-agencia-espacial-brasileira","tag-carlos-moura","tag-geocracia","tag-geoinformacao","tag-georreferenciamento","tag-informacao-territorial","tag-infraestrutura","tag-minas-e-energia","tag-riscos-ambientais"],"yoast_head":"<!-- This site is optimized with the Yoast SEO Premium plugin v25.4 (Yoast SEO v26.0) - https:\/\/yoast.com\/wordpress\/plugins\/seo\/ -->\n<title>Geocracia lan\u00e7a plataforma de georreferenciamento com 200 camadas de dados - Ag\u00eancia iNFRA<\/title>\n<meta name=\"robots\" content=\"index, follow, max-snippet:-1, max-image-preview:large, max-video-preview:-1\" \/>\n<link rel=\"canonical\" href=\"https:\/\/agenciainfra.com\/blog\/geocracia-lanca-plataforma-de-georreferenciamento-com-200-camadas-de-dados\/\" \/>\n<meta property=\"og:locale\" content=\"pt_BR\" \/>\n<meta property=\"og:type\" content=\"article\" \/>\n<meta property=\"og:title\" content=\"Geocracia lan\u00e7a plataforma de georreferenciamento com 200 camadas de dados\" \/>\n<meta property=\"og:description\" content=\"A Ag\u00eancia Geocracia abre hoje (21) sua plataforma\u00a0de georreferenciamento.\u00a0Denominada \/riobranco, a plataforma re\u00fane\u00a0mais de 200 camadas de geoinforma\u00e7\u00e3o da Uni\u00e3o em temas de minas e energia, infraestrutura, fundi\u00e1rio, ambiental e pol\u00edtica. De acordo com a organiza\u00e7\u00e3o, a nova ferramenta\u00a0vai proporcionar &#8220;apoio \u00e0 tomada de decis\u00e3o jur\u00eddica, regulat\u00f3ria e pol\u00edtica a profissionais de consultoria ambiental, avalia\u00e7\u00e3o [&hellip;]\" \/>\n<meta property=\"og:url\" content=\"https:\/\/agenciainfra.com\/blog\/geocracia-lanca-plataforma-de-georreferenciamento-com-200-camadas-de-dados\/\" \/>\n<meta property=\"og:site_name\" content=\"Ag\u00eancia iNFRA\" \/>\n<meta property=\"article:publisher\" content=\"https:\/\/www.facebook.com\/ageninfra\" \/>\n<meta property=\"article:published_time\" content=\"2022-09-21T13:00:00+00:00\" \/>\n<meta property=\"og:image\" content=\"https:\/\/agenciainfra.com\/blog\/wp-content\/uploads\/2022\/09\/lancamento-geocracia-foto-carlos-vieira.jpeg\" \/>\n\t<meta property=\"og:image:width\" content=\"1280\" \/>\n\t<meta property=\"og:image:height\" content=\"960\" \/>\n\t<meta property=\"og:image:type\" content=\"image\/jpeg\" \/>\n<meta name=\"author\" content=\"Rodrigo Zuquim\" \/>\n<meta name=\"twitter:card\" content=\"summary_large_image\" \/>\n<meta name=\"twitter:creator\" content=\"@agencia_infra\" \/>\n<meta name=\"twitter:site\" content=\"@agencia_infra\" \/>\n<meta name=\"twitter:label1\" content=\"Escrito por\" \/>\n\t<meta name=\"twitter:data1\" content=\"Rodrigo Zuquim\" \/>\n\t<meta name=\"twitter:label2\" content=\"Est. tempo de leitura\" \/>\n\t<meta name=\"twitter:data2\" content=\"1 minuto\" \/>\n<script type=\"application\/ld+json\" class=\"yoast-schema-graph\">{\"@context\":\"https:\/\/schema.org\",\"@graph\":[{\"@type\":\"Article\",\"@id\":\"https:\/\/agenciainfra.com\/blog\/geocracia-lanca-plataforma-de-georreferenciamento-com-200-camadas-de-dados\/#article\",\"isPartOf\":{\"@id\":\"https:\/\/agenciainfra.com\/blog\/geocracia-lanca-plataforma-de-georreferenciamento-com-200-camadas-de-dados\/\"},\"author\":{\"name\":\"Rodrigo Zuquim\",\"@id\":\"https:\/\/agenciainfra.com\/blog\/#\/schema\/person\/04dbb79bd6d8951f063da71f3e4c1eb1\"},\"headline\":\"Geocracia lan\u00e7a plataforma de georreferenciamento com 200 camadas de dados\",\"datePublished\":\"2022-09-21T13:00:00+00:00\",\"mainEntityOfPage\":{\"@id\":\"https:\/\/agenciainfra.com\/blog\/geocracia-lanca-plataforma-de-georreferenciamento-com-200-camadas-de-dados\/\"},\"wordCount\":301,\"publisher\":{\"@id\":\"https:\/\/agenciainfra.com\/blog\/#organization\"},\"image\":{\"@id\":\"https:\/\/agenciainfra.com\/blog\/geocracia-lanca-plataforma-de-georreferenciamento-com-200-camadas-de-dados\/#primaryimage\"},\"thumbnailUrl\":\"https:\/\/agenciainfra.com\/blog\/wp-content\/uploads\/2022\/09\/lancamento-geocracia-foto-carlos-vieira.jpeg\",\"keywords\":[\"\/riobranco\",\"Ag\u00eancia Espacial Brasileira\",\"Carlos Moura\",\"Geocracia\",\"geoinforma\u00e7\u00e3o\",\"georreferenciamento\",\"informa\u00e7\u00e3o territorial\",\"Infraestrutura\",\"Minas e Energia\",\"riscos ambientais\"],\"articleSection\":[\"Geral\"],\"inLanguage\":\"pt-BR\",\"copyrightYear\":\"2022\",\"copyrightHolder\":{\"@id\":\"https:\/\/agenciainfra.com\/blog\/#organization\"}},{\"@type\":\"WebPage\",\"@id\":\"https:\/\/agenciainfra.com\/blog\/geocracia-lanca-plataforma-de-georreferenciamento-com-200-camadas-de-dados\/\",\"url\":\"https:\/\/agenciainfra.com\/blog\/geocracia-lanca-plataforma-de-georreferenciamento-com-200-camadas-de-dados\/\",\"name\":\"Geocracia lan\u00e7a plataforma de georreferenciamento com 200 camadas de dados - Ag\u00eancia iNFRA\",\"isPartOf\":{\"@id\":\"https:\/\/agenciainfra.com\/blog\/#website\"},\"primaryImageOfPage\":{\"@id\":\"https:\/\/agenciainfra.com\/blog\/geocracia-lanca-plataforma-de-georreferenciamento-com-200-camadas-de-dados\/#primaryimage\"},\"image\":{\"@id\":\"https:\/\/agenciainfra.com\/blog\/geocracia-lanca-plataforma-de-georreferenciamento-com-200-camadas-de-dados\/#primaryimage\"},\"thumbnailUrl\":\"https:\/\/agenciainfra.com\/blog\/wp-content\/uploads\/2022\/09\/lancamento-geocracia-foto-carlos-vieira.jpeg\",\"datePublished\":\"2022-09-21T13:00:00+00:00\",\"breadcrumb\":{\"@id\":\"https:\/\/agenciainfra.com\/blog\/geocracia-lanca-plataforma-de-georreferenciamento-com-200-camadas-de-dados\/#breadcrumb\"},\"inLanguage\":\"pt-BR\",\"potentialAction\":[{\"@type\":\"ReadAction\",\"target\":[\"https:\/\/agenciainfra.com\/blog\/geocracia-lanca-plataforma-de-georreferenciamento-com-200-camadas-de-dados\/\"]}]},{\"@type\":\"ImageObject\",\"inLanguage\":\"pt-BR\",\"@id\":\"https:\/\/agenciainfra.com\/blog\/geocracia-lanca-plataforma-de-georreferenciamento-com-200-camadas-de-dados\/#primaryimage\",\"url\":\"https:\/\/agenciainfra.com\/blog\/wp-content\/uploads\/2022\/09\/lancamento-geocracia-foto-carlos-vieira.jpeg\",\"contentUrl\":\"https:\/\/agenciainfra.com\/blog\/wp-content\/uploads\/2022\/09\/lancamento-geocracia-foto-carlos-vieira.jpeg\",\"width\":1280,\"height\":960},{\"@type\":\"BreadcrumbList\",\"@id\":\"https:\/\/agenciainfra.com\/blog\/geocracia-lanca-plataforma-de-georreferenciamento-com-200-camadas-de-dados\/#breadcrumb\",\"itemListElement\":[{\"@type\":\"ListItem\",\"position\":1,\"name\":\"In\u00edcio\",\"item\":\"https:\/\/agenciainfra.com\/blog\/\"},{\"@type\":\"ListItem\",\"position\":2,\"name\":\"Geocracia lan\u00e7a plataforma de georreferenciamento com 200 camadas de dados\"}]},{\"@type\":\"WebSite\",\"@id\":\"https:\/\/agenciainfra.com\/blog\/#website\",\"url\":\"https:\/\/agenciainfra.com\/blog\/\",\"name\":\"Ag\u00eancia iNFRA\",\"description\":\"Multiplataforma de informa\u00e7\u00e3o jornal\u00edstica refer\u00eancia na \u00e1rea de infraestrutura no Brasil!\",\"publisher\":{\"@id\":\"https:\/\/agenciainfra.com\/blog\/#organization\"},\"potentialAction\":[{\"@type\":\"SearchAction\",\"target\":{\"@type\":\"EntryPoint\",\"urlTemplate\":\"https:\/\/agenciainfra.com\/blog\/?s={search_term_string}\"},\"query-input\":{\"@type\":\"PropertyValueSpecification\",\"valueRequired\":true,\"valueName\":\"search_term_string\"}}],\"inLanguage\":\"pt-BR\"},{\"@type\":\"Organization\",\"@id\":\"https:\/\/agenciainfra.com\/blog\/#organization\",\"name\":\"Ag\u00eancia iNFRA\",\"url\":\"https:\/\/agenciainfra.com\/blog\/\",\"logo\":{\"@type\":\"ImageObject\",\"inLanguage\":\"pt-BR\",\"@id\":\"https:\/\/agenciainfra.com\/blog\/#\/schema\/logo\/image\/\",\"url\":\"https:\/\/agenciainfra.com\/blog\/wp-content\/uploads\/2023\/09\/iNFRA_5-e1761735885940.png\",\"contentUrl\":\"https:\/\/agenciainfra.com\/blog\/wp-content\/uploads\/2023\/09\/iNFRA_5-e1761735885940.png\",\"width\":1672,\"height\":454,\"caption\":\"Ag\u00eancia iNFRA\"},\"image\":{\"@id\":\"https:\/\/agenciainfra.com\/blog\/#\/schema\/logo\/image\/\"},\"sameAs\":[\"https:\/\/www.facebook.com\/ageninfra\",\"https:\/\/x.com\/agencia_infra\",\"https:\/\/www.linkedin.com\/company\/ag\u00eanciainfra\/\",\"https:\/\/www.instagram.com\/agenciainfra\/\"]},{\"@type\":\"Person\",\"@id\":\"https:\/\/agenciainfra.com\/blog\/#\/schema\/person\/04dbb79bd6d8951f063da71f3e4c1eb1\",\"name\":\"Rodrigo Zuquim\",\"image\":{\"@type\":\"ImageObject\",\"inLanguage\":\"pt-BR\",\"@id\":\"https:\/\/agenciainfra.com\/blog\/#\/schema\/person\/image\/\",\"url\":\"https:\/\/secure.gravatar.com\/avatar\/594abfe82761d620726242ff34ca472a705a4b97f16c790053a6b4c4035274d0?s=96&d=mm&r=g\",\"contentUrl\":\"https:\/\/secure.gravatar.com\/avatar\/594abfe82761d620726242ff34ca472a705a4b97f16c790053a6b4c4035274d0?s=96&d=mm&r=g\",\"caption\":\"Rodrigo Zuquim\"},\"url\":\"https:\/\/agenciainfra.com\/blog\/author\/rodrigo-zuquim\/\"}]}<\/script>\n<!-- \/ Yoast SEO Premium plugin. -->","yoast_head_json":{"title":"Geocracia lan\u00e7a plataforma de georreferenciamento com 200 camadas de dados - Ag\u00eancia iNFRA","robots":{"index":"index","follow":"follow","max-snippet":"max-snippet:-1","max-image-preview":"max-image-preview:large","max-video-preview":"max-video-preview:-1"},"canonical":"https:\/\/agenciainfra.com\/blog\/geocracia-lanca-plataforma-de-georreferenciamento-com-200-camadas-de-dados\/","og_locale":"pt_BR","og_type":"article","og_title":"Geocracia lan\u00e7a plataforma de georreferenciamento com 200 camadas de dados","og_description":"A Ag\u00eancia Geocracia abre hoje (21) sua plataforma\u00a0de georreferenciamento.\u00a0Denominada \/riobranco, a plataforma re\u00fane\u00a0mais de 200 camadas de geoinforma\u00e7\u00e3o da Uni\u00e3o em temas de minas e energia, infraestrutura, fundi\u00e1rio, ambiental e pol\u00edtica. De acordo com a organiza\u00e7\u00e3o, a nova ferramenta\u00a0vai proporcionar &#8220;apoio \u00e0 tomada de decis\u00e3o jur\u00eddica, regulat\u00f3ria e pol\u00edtica a profissionais de consultoria ambiental, avalia\u00e7\u00e3o [&hellip;]","og_url":"https:\/\/agenciainfra.com\/blog\/geocracia-lanca-plataforma-de-georreferenciamento-com-200-camadas-de-dados\/","og_site_name":"Ag\u00eancia iNFRA","article_publisher":"https:\/\/www.facebook.com\/ageninfra","article_published_time":"2022-09-21T13:00:00+00:00","og_image":[{"width":1280,"height":960,"url":"https:\/\/agenciainfra.com\/blog\/wp-content\/uploads\/2022\/09\/lancamento-geocracia-foto-carlos-vieira.jpeg","type":"image\/jpeg"}],"author":"Rodrigo Zuquim","twitter_card":"summary_large_image","twitter_creator":"@agencia_infra","twitter_site":"@agencia_infra","twitter_misc":{"Escrito por":"Rodrigo Zuquim","Est. tempo de leitura":"1 minuto"},"schema":{"@context":"https:\/\/schema.org","@graph":[{"@type":"Article","@id":"https:\/\/agenciainfra.com\/blog\/geocracia-lanca-plataforma-de-georreferenciamento-com-200-camadas-de-dados\/#article","isPartOf":{"@id":"https:\/\/agenciainfra.com\/blog\/geocracia-lanca-plataforma-de-georreferenciamento-com-200-camadas-de-dados\/"},"author":{"name":"Rodrigo Zuquim","@id":"https:\/\/agenciainfra.com\/blog\/#\/schema\/person\/04dbb79bd6d8951f063da71f3e4c1eb1"},"headline":"Geocracia lan\u00e7a plataforma de georreferenciamento com 200 camadas de dados","datePublished":"2022-09-21T13:00:00+00:00","mainEntityOfPage":{"@id":"https:\/\/agenciainfra.com\/blog\/geocracia-lanca-plataforma-de-georreferenciamento-com-200-camadas-de-dados\/"},"wordCount":301,"publisher":{"@id":"https:\/\/agenciainfra.com\/blog\/#organization"},"image":{"@id":"https:\/\/agenciainfra.com\/blog\/geocracia-lanca-plataforma-de-georreferenciamento-com-200-camadas-de-dados\/#primaryimage"},"thumbnailUrl":"https:\/\/agenciainfra.com\/blog\/wp-content\/uploads\/2022\/09\/lancamento-geocracia-foto-carlos-vieira.jpeg","keywords":["\/riobranco","Ag\u00eancia Espacial Brasileira","Carlos Moura","Geocracia","geoinforma\u00e7\u00e3o","georreferenciamento","informa\u00e7\u00e3o territorial","Infraestrutura","Minas e Energia","riscos ambientais"],"articleSection":["Geral"],"inLanguage":"pt-BR","copyrightYear":"2022","copyrightHolder":{"@id":"https:\/\/agenciainfra.com\/blog\/#organization"}},{"@type":"WebPage","@id":"https:\/\/agenciainfra.com\/blog\/geocracia-lanca-plataforma-de-georreferenciamento-com-200-camadas-de-dados\/","url":"https:\/\/agenciainfra.com\/blog\/geocracia-lanca-plataforma-de-georreferenciamento-com-200-camadas-de-dados\/","name":"Geocracia lan\u00e7a plataforma de georreferenciamento com 200 camadas de dados - Ag\u00eancia iNFRA","isPartOf":{"@id":"https:\/\/agenciainfra.com\/blog\/#website"},"primaryImageOfPage":{"@id":"https:\/\/agenciainfra.com\/blog\/geocracia-lanca-plataforma-de-georreferenciamento-com-200-camadas-de-dados\/#primaryimage"},"image":{"@id":"https:\/\/agenciainfra.com\/blog\/geocracia-lanca-plataforma-de-georreferenciamento-com-200-camadas-de-dados\/#primaryimage"},"thumbnailUrl":"https:\/\/agenciainfra.com\/blog\/wp-content\/uploads\/2022\/09\/lancamento-geocracia-foto-carlos-vieira.jpeg","datePublished":"2022-09-21T13:00:00+00:00","breadcrumb":{"@id":"https:\/\/agenciainfra.com\/blog\/geocracia-lanca-plataforma-de-georreferenciamento-com-200-camadas-de-dados\/#breadcrumb"},"inLanguage":"pt-BR","potentialAction":[{"@type":"ReadAction","target":["https:\/\/agenciainfra.com\/blog\/geocracia-lanca-plataforma-de-georreferenciamento-com-200-camadas-de-dados\/"]}]},{"@type":"ImageObject","inLanguage":"pt-BR","@id":"https:\/\/agenciainfra.com\/blog\/geocracia-lanca-plataforma-de-georreferenciamento-com-200-camadas-de-dados\/#primaryimage","url":"https:\/\/agenciainfra.com\/blog\/wp-content\/uploads\/2022\/09\/lancamento-geocracia-foto-carlos-vieira.jpeg","contentUrl":"https:\/\/agenciainfra.com\/blog\/wp-content\/uploads\/2022\/09\/lancamento-geocracia-foto-carlos-vieira.jpeg","width":1280,"height":960},{"@type":"BreadcrumbList","@id":"https:\/\/agenciainfra.com\/blog\/geocracia-lanca-plataforma-de-georreferenciamento-com-200-camadas-de-dados\/#breadcrumb","itemListElement":[{"@type":"ListItem","position":1,"name":"In\u00edcio","item":"https:\/\/agenciainfra.com\/blog\/"},{"@type":"ListItem","position":2,"name":"Geocracia lan\u00e7a plataforma de georreferenciamento com 200 camadas de dados"}]},{"@type":"WebSite","@id":"https:\/\/agenciainfra.com\/blog\/#website","url":"https:\/\/agenciainfra.com\/blog\/","name":"Ag\u00eancia iNFRA","description":"Multiplataforma de informa\u00e7\u00e3o jornal\u00edstica refer\u00eancia na \u00e1rea de infraestrutura no Brasil!","publisher":{"@id":"https:\/\/agenciainfra.com\/blog\/#organization"},"potentialAction":[{"@type":"SearchAction","target":{"@type":"EntryPoint","urlTemplate":"https:\/\/agenciainfra.com\/blog\/?s={search_term_string}"},"query-input":{"@type":"PropertyValueSpecification","valueRequired":true,"valueName":"search_term_string"}}],"inLanguage":"pt-BR"},{"@type":"Organization","@id":"https:\/\/agenciainfra.com\/blog\/#organization","name":"Ag\u00eancia iNFRA","url":"https:\/\/agenciainfra.com\/blog\/","logo":{"@type":"ImageObject","inLanguage":"pt-BR","@id":"https:\/\/agenciainfra.com\/blog\/#\/schema\/logo\/image\/","url":"https:\/\/agenciainfra.com\/blog\/wp-content\/uploads\/2023\/09\/iNFRA_5-e1761735885940.png","contentUrl":"https:\/\/agenciainfra.com\/blog\/wp-content\/uploads\/2023\/09\/iNFRA_5-e1761735885940.png","width":1672,"height":454,"caption":"Ag\u00eancia iNFRA"},"image":{"@id":"https:\/\/agenciainfra.com\/blog\/#\/schema\/logo\/image\/"},"sameAs":["https:\/\/www.facebook.com\/ageninfra","https:\/\/x.com\/agencia_infra","https:\/\/www.linkedin.com\/company\/ag\u00eanciainfra\/","https:\/\/www.instagram.com\/agenciainfra\/"]},{"@type":"Person","@id":"https:\/\/agenciainfra.com\/blog\/#\/schema\/person\/04dbb79bd6d8951f063da71f3e4c1eb1","name":"Rodrigo Zuquim","image":{"@type":"ImageObject","inLanguage":"pt-BR","@id":"https:\/\/agenciainfra.com\/blog\/#\/schema\/person\/image\/","url":"https:\/\/secure.gravatar.com\/avatar\/594abfe82761d620726242ff34ca472a705a4b97f16c790053a6b4c4035274d0?s=96&d=mm&r=g","contentUrl":"https:\/\/secure.gravatar.com\/avatar\/594abfe82761d620726242ff34ca472a705a4b97f16c790053a6b4c4035274d0?s=96&d=mm&r=g","caption":"Rodrigo Zuquim"},"url":"https:\/\/agenciainfra.com\/blog\/author\/rodrigo-zuquim\/"}]}},"_links":{"self":[{"href":"https:\/\/agenciainfra.com\/blog\/wp-json\/wp\/v2\/posts\/11385","targetHints":{"allow":["GET"]}}],"collection":[{"href":"https:\/\/agenciainfra.com\/blog\/wp-json\/wp\/v2\/posts"}],"about":[{"href":"https:\/\/agenciainfra.com\/blog\/wp-json\/wp\/v2\/types\/post"}],"author":[{"embeddable":true,"href":"https:\/\/agenciainfra.com\/blog\/wp-json\/wp\/v2\/users\/9"}],"replies":[{"embeddable":true,"href":"https:\/\/agenciainfra.com\/blog\/wp-json\/wp\/v2\/comments?post=11385"}],"version-history":[{"count":0,"href":"https:\/\/agenciainfra.com\/blog\/wp-json\/wp\/v2\/posts\/11385\/revisions"}],"wp:featuredmedia":[{"embeddable":true,"href":"https:\/\/agenciainfra.com\/blog\/wp-json\/wp\/v2\/media\/11386"}],"wp:attachment":[{"href":"https:\/\/agenciainfra.com\/blog\/wp-json\/wp\/v2\/media?parent=11385"}],"wp:term":[{"taxonomy":"category","embeddable":true,"href":"https:\/\/agenciainfra.com\/blog\/wp-json\/wp\/v2\/categories?post=11385"},{"taxonomy":"post_tag","embeddable":true,"href":"https:\/\/agenciainfra.com\/blog\/wp-json\/wp\/v2\/tags?post=11385"}],"curies":[{"name":"wp","href":"https:\/\/api.w.org\/{rel}","templated":true}]}}