{"id":11393,"date":"2022-09-24T09:00:00","date_gmt":"2022-09-24T12:00:00","guid":{"rendered":"https:\/\/www.agenciainfra.com\/blog\/?p=11393"},"modified":"2022-09-22T08:34:50","modified_gmt":"2022-09-22T11:34:50","slug":"ministro-do-tcu-pede-reavaliacao-de-calculo-de-desequilibrio-de-concessao-de-rodovias","status":"publish","type":"post","link":"https:\/\/agenciainfra.com\/blog\/ministro-do-tcu-pede-reavaliacao-de-calculo-de-desequilibrio-de-concessao-de-rodovias\/","title":{"rendered":"Ministro do TCU pede reavalia\u00e7\u00e3o de c\u00e1lculo de desequil\u00edbrio de concess\u00e3o de rodovias"},"content":{"rendered":"\n<p class=\"has-text-align-right\"><strong>Dimmi Amora, da Ag\u00eancia iNFRA<\/strong><\/p>\n\n\n\n<p>O TCU (Tribunal de Contas da Uni\u00e3o) pode iniciar uma revis\u00e3o de processos do setor de concess\u00f5es rodovi\u00e1rias que resultaram em determina\u00e7\u00f5es para que a ANTT (Ag\u00eancia Nacional de Transportes Terrestres) revisasse tarifas dos contratos.<br><br>Na sess\u00e3o do plen\u00e1rio do \u00f3rg\u00e3o da \u00faltima quarta-feira (21), analisando um recurso no processo\u00a0020.984\/2019-7, que resultou em determina\u00e7\u00f5es para que a ag\u00eancia alterasse o contrato da EcoRodovias no Polo Rodovi\u00e1rio de Pelotas (RS), o ministro Benjamin Zymler afirmou que tem d\u00favidas sobre o c\u00e1lculo do pr\u00f3prio \u00f3rg\u00e3o que apontou desequil\u00edbrio no contrato e tamb\u00e9m sobre a forma como foi dado o direito de defesa para a concession\u00e1ria.<br><br>Zymler pediu a revis\u00e3o do Ac\u00f3rd\u00e3o 883\/2020 do plen\u00e1rio, que fez as determina\u00e7\u00f5es \u00e0 ANTT para rever as tarifas da concess\u00e3o. Mas o relator do processo, ministro Augusto Nardes, preferiu retirar o processo de pauta, e ele n\u00e3o foi julgado.<br><br>O processo original analisou a 10\u00aa revis\u00e3o extraordin\u00e1ria do contrato de concess\u00e3o, que alterou um par\u00e2metro de c\u00e1lculo da tarifa sobre os ve\u00edculos pesados. De acordo com o advogado da concession\u00e1ria, Bruno Aur\u00e9lio, que fez exposi\u00e7\u00e3o oral, o TCU n\u00e3o poderia determinar a altera\u00e7\u00e3o do contrato, sob risco de violar a seguran\u00e7a jur\u00eddica de todo o sistema de concess\u00f5es.<br><br>O relator leu seu relat\u00f3rio negando o recurso, seguindo parecer da secretaria de an\u00e1lise de recursos do \u00f3rg\u00e3o. De acordo com Nardes, a mudan\u00e7a de f\u00f3rmula de c\u00e1lculo permitida pela ANTT levou a preju\u00edzo aos usu\u00e1rios da rodovia.\u00a0<br><br>O valor cobrado pela concession\u00e1ria, segundo ele, seria 65% acima da m\u00e9dia dos ped\u00e1gios de rodovias federais e cresceu muito mais do que a infla\u00e7\u00e3o, e isso passou a ficar ainda mais evidente ap\u00f3s a mudan\u00e7a da ANTT.\u00a0<br><br>Os ve\u00edculos pesados tamb\u00e9m passaram a pagar muito mais que antes da mudan\u00e7a. Al\u00e9m disso, o pedido para considerar que o TCU n\u00e3o teria compet\u00eancia para determinar \u00e0 ANTT mudan\u00e7as no contrato tamb\u00e9m n\u00e3o foi considerado.<br><br>Mas o ministro Benjamin Zymler apontou que o processo estaria com dois problemas. O primeiro seria a falta do direito de a concession\u00e1ria se defender adequadamente.<br><br><strong>Interfer\u00eancia<\/strong><br>De acordo com o ministro, a concession\u00e1ria s\u00f3 pode se defender no processo da ANTT, e n\u00e3o no processo no TCU, o que levaria a uma derrota do \u00f3rg\u00e3o de controle em um poss\u00edvel processo judicial. Segundo ele, todos os processos em que a defesa da concession\u00e1ria tenha sido feita dessa forma deveriam ser revistos.<br><br>O ministro apresentou ainda uma outra d\u00favida em rela\u00e7\u00e3o ao processo, o que pode afetar outros do setor. Segundo ele, o c\u00e1lculo apresentado pelo tribunal precisa ser verificado porque poderia n\u00e3o representar o desequil\u00edbrio apontado em favor da concession\u00e1ria. Zymler queria que o processo recome\u00e7asse, com a revis\u00e3o do Ac\u00f3rd\u00e3o 883\/2020, mas o ministro Nardes preferiu retirar o processo da pauta.\u00a0<br><br>&#8220;Estamos interferindo nas regras de uma tarifa. Eu teria muitas d\u00favidas de que houve profundo desequil\u00edbrio econ\u00f4mico-financeiro. Eu teria d\u00favidas metodol\u00f3gicas&#8221;, disse o ministro Zymler em sua exposi\u00e7\u00e3o.<br><br>A transmiss\u00e3o da sess\u00e3o do TCU est\u00e1 dispon\u00edvel no YouTube,\u00a0<a rel=\"noreferrer noopener\" href=\"https:\/\/agenciainfra.us14.list-manage.com\/track\/click?u=d460dd1bcf9ba0ae040e1fc0f&amp;id=cc29ada940&amp;e=c099169394\" target=\"_blank\">neste link<\/a>.<\/p>\n","protected":false},"excerpt":{"rendered":"<p>Dimmi Amora, da Ag\u00eancia iNFRA O TCU (Tribunal de Contas da Uni\u00e3o) pode iniciar uma revis\u00e3o de processos do setor de concess\u00f5es rodovi\u00e1rias que resultaram em determina\u00e7\u00f5es para que a ANTT (Ag\u00eancia Nacional de Transportes Terrestres) revisasse tarifas dos contratos. Na sess\u00e3o do plen\u00e1rio do \u00f3rg\u00e3o da \u00faltima quarta-feira (21), analisando um recurso no processo\u00a0020.984\/2019-7, [&hellip;]<\/p>\n","protected":false},"author":9,"featured_media":5772,"comment_status":"closed","ping_status":"closed","sticky":false,"template":"","format":"standard","meta":{"_monsterinsights_skip_tracking":false,"_monsterinsights_sitenote_active":false,"_monsterinsights_sitenote_note":"","_monsterinsights_sitenote_category":0,"footnotes":""},"categories":[1,7],"tags":[19,822,490,5842,78,3807,1340,126,2449,18],"class_list":["post-11393","post","type-post","status-publish","format-standard","has-post-thumbnail","hentry","category-geral","category-infratransporte","tag-antt","tag-augusto-nardes","tag-benjamin-zymler","tag-bruno-aurelio","tag-concessoes","tag-desequilibrio","tag-ecorodovias","tag-rodovias","tag-seguranca-juridica","tag-tcu"],"yoast_head":"<!-- This site is optimized with the Yoast SEO Premium plugin v25.4 (Yoast SEO v26.0) - https:\/\/yoast.com\/wordpress\/plugins\/seo\/ -->\n<title>Ministro do TCU pede reavalia\u00e7\u00e3o de c\u00e1lculo de desequil\u00edbrio de concess\u00e3o de rodovias - Ag\u00eancia iNFRA<\/title>\n<meta name=\"robots\" content=\"index, follow, max-snippet:-1, max-image-preview:large, max-video-preview:-1\" \/>\n<link rel=\"canonical\" href=\"https:\/\/agenciainfra.com\/blog\/ministro-do-tcu-pede-reavaliacao-de-calculo-de-desequilibrio-de-concessao-de-rodovias\/\" \/>\n<meta property=\"og:locale\" content=\"pt_BR\" \/>\n<meta property=\"og:type\" content=\"article\" \/>\n<meta property=\"og:title\" content=\"Ministro do TCU pede reavalia\u00e7\u00e3o de c\u00e1lculo de desequil\u00edbrio de concess\u00e3o de rodovias\" \/>\n<meta property=\"og:description\" content=\"Dimmi Amora, da Ag\u00eancia iNFRA O TCU (Tribunal de Contas da Uni\u00e3o) pode iniciar uma revis\u00e3o de processos do setor de concess\u00f5es rodovi\u00e1rias que resultaram em determina\u00e7\u00f5es para que a ANTT (Ag\u00eancia Nacional de Transportes Terrestres) revisasse tarifas dos contratos. Na sess\u00e3o do plen\u00e1rio do \u00f3rg\u00e3o da \u00faltima quarta-feira (21), analisando um recurso no processo\u00a0020.984\/2019-7, [&hellip;]\" \/>\n<meta property=\"og:url\" content=\"https:\/\/agenciainfra.com\/blog\/ministro-do-tcu-pede-reavaliacao-de-calculo-de-desequilibrio-de-concessao-de-rodovias\/\" \/>\n<meta property=\"og:site_name\" content=\"Ag\u00eancia iNFRA\" \/>\n<meta property=\"article:publisher\" content=\"https:\/\/www.facebook.com\/ageninfra\" \/>\n<meta property=\"article:published_time\" content=\"2022-09-24T12:00:00+00:00\" \/>\n<meta property=\"og:image\" content=\"https:\/\/agenciainfra.com\/blog\/wp-content\/uploads\/2020\/09\/benjamin-zymler-foto-tcu.jpg\" \/>\n\t<meta property=\"og:image:width\" content=\"1280\" \/>\n\t<meta property=\"og:image:height\" content=\"853\" \/>\n\t<meta property=\"og:image:type\" content=\"image\/jpeg\" \/>\n<meta name=\"author\" content=\"Rodrigo Zuquim\" \/>\n<meta name=\"twitter:card\" content=\"summary_large_image\" \/>\n<meta name=\"twitter:creator\" content=\"@agencia_infra\" \/>\n<meta name=\"twitter:site\" content=\"@agencia_infra\" \/>\n<meta name=\"twitter:label1\" content=\"Escrito por\" \/>\n\t<meta name=\"twitter:data1\" content=\"Rodrigo Zuquim\" \/>\n\t<meta name=\"twitter:label2\" content=\"Est. tempo de leitura\" \/>\n\t<meta name=\"twitter:data2\" content=\"3 minutos\" \/>\n<script type=\"application\/ld+json\" class=\"yoast-schema-graph\">{\"@context\":\"https:\/\/schema.org\",\"@graph\":[{\"@type\":\"Article\",\"@id\":\"https:\/\/agenciainfra.com\/blog\/ministro-do-tcu-pede-reavaliacao-de-calculo-de-desequilibrio-de-concessao-de-rodovias\/#article\",\"isPartOf\":{\"@id\":\"https:\/\/agenciainfra.com\/blog\/ministro-do-tcu-pede-reavaliacao-de-calculo-de-desequilibrio-de-concessao-de-rodovias\/\"},\"author\":{\"name\":\"Rodrigo Zuquim\",\"@id\":\"https:\/\/agenciainfra.com\/blog\/#\/schema\/person\/04dbb79bd6d8951f063da71f3e4c1eb1\"},\"headline\":\"Ministro do TCU pede reavalia\u00e7\u00e3o de c\u00e1lculo de desequil\u00edbrio de concess\u00e3o de rodovias\",\"datePublished\":\"2022-09-24T12:00:00+00:00\",\"mainEntityOfPage\":{\"@id\":\"https:\/\/agenciainfra.com\/blog\/ministro-do-tcu-pede-reavaliacao-de-calculo-de-desequilibrio-de-concessao-de-rodovias\/\"},\"wordCount\":603,\"publisher\":{\"@id\":\"https:\/\/agenciainfra.com\/blog\/#organization\"},\"image\":{\"@id\":\"https:\/\/agenciainfra.com\/blog\/ministro-do-tcu-pede-reavaliacao-de-calculo-de-desequilibrio-de-concessao-de-rodovias\/#primaryimage\"},\"thumbnailUrl\":\"https:\/\/agenciainfra.com\/blog\/wp-content\/uploads\/2020\/09\/benjamin-zymler-foto-tcu.jpg\",\"keywords\":[\"ANTT\",\"Augusto Nardes\",\"Benjamin Zymler\",\"Bruno Aur\u00e9lio\",\"concess\u00f5es\",\"desequil\u00edbrio\",\"EcoRodovias\",\"rodovias\",\"seguran\u00e7a jur\u00eddica\",\"TCU\"],\"articleSection\":[\"Geral\",\"iNFRATransporte\"],\"inLanguage\":\"pt-BR\",\"copyrightYear\":\"2022\",\"copyrightHolder\":{\"@id\":\"https:\/\/agenciainfra.com\/blog\/#organization\"}},{\"@type\":\"WebPage\",\"@id\":\"https:\/\/agenciainfra.com\/blog\/ministro-do-tcu-pede-reavaliacao-de-calculo-de-desequilibrio-de-concessao-de-rodovias\/\",\"url\":\"https:\/\/agenciainfra.com\/blog\/ministro-do-tcu-pede-reavaliacao-de-calculo-de-desequilibrio-de-concessao-de-rodovias\/\",\"name\":\"Ministro do TCU pede reavalia\u00e7\u00e3o de c\u00e1lculo de desequil\u00edbrio de concess\u00e3o de rodovias - Ag\u00eancia iNFRA\",\"isPartOf\":{\"@id\":\"https:\/\/agenciainfra.com\/blog\/#website\"},\"primaryImageOfPage\":{\"@id\":\"https:\/\/agenciainfra.com\/blog\/ministro-do-tcu-pede-reavaliacao-de-calculo-de-desequilibrio-de-concessao-de-rodovias\/#primaryimage\"},\"image\":{\"@id\":\"https:\/\/agenciainfra.com\/blog\/ministro-do-tcu-pede-reavaliacao-de-calculo-de-desequilibrio-de-concessao-de-rodovias\/#primaryimage\"},\"thumbnailUrl\":\"https:\/\/agenciainfra.com\/blog\/wp-content\/uploads\/2020\/09\/benjamin-zymler-foto-tcu.jpg\",\"datePublished\":\"2022-09-24T12:00:00+00:00\",\"breadcrumb\":{\"@id\":\"https:\/\/agenciainfra.com\/blog\/ministro-do-tcu-pede-reavaliacao-de-calculo-de-desequilibrio-de-concessao-de-rodovias\/#breadcrumb\"},\"inLanguage\":\"pt-BR\",\"potentialAction\":[{\"@type\":\"ReadAction\",\"target\":[\"https:\/\/agenciainfra.com\/blog\/ministro-do-tcu-pede-reavaliacao-de-calculo-de-desequilibrio-de-concessao-de-rodovias\/\"]}]},{\"@type\":\"ImageObject\",\"inLanguage\":\"pt-BR\",\"@id\":\"https:\/\/agenciainfra.com\/blog\/ministro-do-tcu-pede-reavaliacao-de-calculo-de-desequilibrio-de-concessao-de-rodovias\/#primaryimage\",\"url\":\"https:\/\/agenciainfra.com\/blog\/wp-content\/uploads\/2020\/09\/benjamin-zymler-foto-tcu.jpg\",\"contentUrl\":\"https:\/\/agenciainfra.com\/blog\/wp-content\/uploads\/2020\/09\/benjamin-zymler-foto-tcu.jpg\",\"width\":1280,\"height\":853},{\"@type\":\"BreadcrumbList\",\"@id\":\"https:\/\/agenciainfra.com\/blog\/ministro-do-tcu-pede-reavaliacao-de-calculo-de-desequilibrio-de-concessao-de-rodovias\/#breadcrumb\",\"itemListElement\":[{\"@type\":\"ListItem\",\"position\":1,\"name\":\"In\u00edcio\",\"item\":\"https:\/\/agenciainfra.com\/blog\/\"},{\"@type\":\"ListItem\",\"position\":2,\"name\":\"Ministro do TCU pede reavalia\u00e7\u00e3o de c\u00e1lculo de desequil\u00edbrio de concess\u00e3o de rodovias\"}]},{\"@type\":\"WebSite\",\"@id\":\"https:\/\/agenciainfra.com\/blog\/#website\",\"url\":\"https:\/\/agenciainfra.com\/blog\/\",\"name\":\"Ag\u00eancia iNFRA\",\"description\":\"Multiplataforma de informa\u00e7\u00e3o jornal\u00edstica refer\u00eancia na \u00e1rea de infraestrutura no Brasil!\",\"publisher\":{\"@id\":\"https:\/\/agenciainfra.com\/blog\/#organization\"},\"potentialAction\":[{\"@type\":\"SearchAction\",\"target\":{\"@type\":\"EntryPoint\",\"urlTemplate\":\"https:\/\/agenciainfra.com\/blog\/?s={search_term_string}\"},\"query-input\":{\"@type\":\"PropertyValueSpecification\",\"valueRequired\":true,\"valueName\":\"search_term_string\"}}],\"inLanguage\":\"pt-BR\"},{\"@type\":\"Organization\",\"@id\":\"https:\/\/agenciainfra.com\/blog\/#organization\",\"name\":\"Ag\u00eancia iNFRA\",\"url\":\"https:\/\/agenciainfra.com\/blog\/\",\"logo\":{\"@type\":\"ImageObject\",\"inLanguage\":\"pt-BR\",\"@id\":\"https:\/\/agenciainfra.com\/blog\/#\/schema\/logo\/image\/\",\"url\":\"https:\/\/agenciainfra.com\/blog\/wp-content\/uploads\/2023\/09\/iNFRA_5-e1761735885940.png\",\"contentUrl\":\"https:\/\/agenciainfra.com\/blog\/wp-content\/uploads\/2023\/09\/iNFRA_5-e1761735885940.png\",\"width\":1672,\"height\":454,\"caption\":\"Ag\u00eancia iNFRA\"},\"image\":{\"@id\":\"https:\/\/agenciainfra.com\/blog\/#\/schema\/logo\/image\/\"},\"sameAs\":[\"https:\/\/www.facebook.com\/ageninfra\",\"https:\/\/x.com\/agencia_infra\",\"https:\/\/www.linkedin.com\/company\/ag\u00eanciainfra\/\",\"https:\/\/www.instagram.com\/agenciainfra\/\"]},{\"@type\":\"Person\",\"@id\":\"https:\/\/agenciainfra.com\/blog\/#\/schema\/person\/04dbb79bd6d8951f063da71f3e4c1eb1\",\"name\":\"Rodrigo Zuquim\",\"image\":{\"@type\":\"ImageObject\",\"inLanguage\":\"pt-BR\",\"@id\":\"https:\/\/agenciainfra.com\/blog\/#\/schema\/person\/image\/\",\"url\":\"https:\/\/secure.gravatar.com\/avatar\/594abfe82761d620726242ff34ca472a705a4b97f16c790053a6b4c4035274d0?s=96&d=mm&r=g\",\"contentUrl\":\"https:\/\/secure.gravatar.com\/avatar\/594abfe82761d620726242ff34ca472a705a4b97f16c790053a6b4c4035274d0?s=96&d=mm&r=g\",\"caption\":\"Rodrigo Zuquim\"},\"url\":\"https:\/\/agenciainfra.com\/blog\/author\/rodrigo-zuquim\/\"}]}<\/script>\n<!-- \/ Yoast SEO Premium plugin. -->","yoast_head_json":{"title":"Ministro do TCU pede reavalia\u00e7\u00e3o de c\u00e1lculo de desequil\u00edbrio de concess\u00e3o de rodovias - Ag\u00eancia iNFRA","robots":{"index":"index","follow":"follow","max-snippet":"max-snippet:-1","max-image-preview":"max-image-preview:large","max-video-preview":"max-video-preview:-1"},"canonical":"https:\/\/agenciainfra.com\/blog\/ministro-do-tcu-pede-reavaliacao-de-calculo-de-desequilibrio-de-concessao-de-rodovias\/","og_locale":"pt_BR","og_type":"article","og_title":"Ministro do TCU pede reavalia\u00e7\u00e3o de c\u00e1lculo de desequil\u00edbrio de concess\u00e3o de rodovias","og_description":"Dimmi Amora, da Ag\u00eancia iNFRA O TCU (Tribunal de Contas da Uni\u00e3o) pode iniciar uma revis\u00e3o de processos do setor de concess\u00f5es rodovi\u00e1rias que resultaram em determina\u00e7\u00f5es para que a ANTT (Ag\u00eancia Nacional de Transportes Terrestres) revisasse tarifas dos contratos. Na sess\u00e3o do plen\u00e1rio do \u00f3rg\u00e3o da \u00faltima quarta-feira (21), analisando um recurso no processo\u00a0020.984\/2019-7, [&hellip;]","og_url":"https:\/\/agenciainfra.com\/blog\/ministro-do-tcu-pede-reavaliacao-de-calculo-de-desequilibrio-de-concessao-de-rodovias\/","og_site_name":"Ag\u00eancia iNFRA","article_publisher":"https:\/\/www.facebook.com\/ageninfra","article_published_time":"2022-09-24T12:00:00+00:00","og_image":[{"width":1280,"height":853,"url":"https:\/\/agenciainfra.com\/blog\/wp-content\/uploads\/2020\/09\/benjamin-zymler-foto-tcu.jpg","type":"image\/jpeg"}],"author":"Rodrigo Zuquim","twitter_card":"summary_large_image","twitter_creator":"@agencia_infra","twitter_site":"@agencia_infra","twitter_misc":{"Escrito por":"Rodrigo Zuquim","Est. tempo de leitura":"3 minutos"},"schema":{"@context":"https:\/\/schema.org","@graph":[{"@type":"Article","@id":"https:\/\/agenciainfra.com\/blog\/ministro-do-tcu-pede-reavaliacao-de-calculo-de-desequilibrio-de-concessao-de-rodovias\/#article","isPartOf":{"@id":"https:\/\/agenciainfra.com\/blog\/ministro-do-tcu-pede-reavaliacao-de-calculo-de-desequilibrio-de-concessao-de-rodovias\/"},"author":{"name":"Rodrigo Zuquim","@id":"https:\/\/agenciainfra.com\/blog\/#\/schema\/person\/04dbb79bd6d8951f063da71f3e4c1eb1"},"headline":"Ministro do TCU pede reavalia\u00e7\u00e3o de c\u00e1lculo de desequil\u00edbrio de concess\u00e3o de rodovias","datePublished":"2022-09-24T12:00:00+00:00","mainEntityOfPage":{"@id":"https:\/\/agenciainfra.com\/blog\/ministro-do-tcu-pede-reavaliacao-de-calculo-de-desequilibrio-de-concessao-de-rodovias\/"},"wordCount":603,"publisher":{"@id":"https:\/\/agenciainfra.com\/blog\/#organization"},"image":{"@id":"https:\/\/agenciainfra.com\/blog\/ministro-do-tcu-pede-reavaliacao-de-calculo-de-desequilibrio-de-concessao-de-rodovias\/#primaryimage"},"thumbnailUrl":"https:\/\/agenciainfra.com\/blog\/wp-content\/uploads\/2020\/09\/benjamin-zymler-foto-tcu.jpg","keywords":["ANTT","Augusto Nardes","Benjamin Zymler","Bruno Aur\u00e9lio","concess\u00f5es","desequil\u00edbrio","EcoRodovias","rodovias","seguran\u00e7a jur\u00eddica","TCU"],"articleSection":["Geral","iNFRATransporte"],"inLanguage":"pt-BR","copyrightYear":"2022","copyrightHolder":{"@id":"https:\/\/agenciainfra.com\/blog\/#organization"}},{"@type":"WebPage","@id":"https:\/\/agenciainfra.com\/blog\/ministro-do-tcu-pede-reavaliacao-de-calculo-de-desequilibrio-de-concessao-de-rodovias\/","url":"https:\/\/agenciainfra.com\/blog\/ministro-do-tcu-pede-reavaliacao-de-calculo-de-desequilibrio-de-concessao-de-rodovias\/","name":"Ministro do TCU pede reavalia\u00e7\u00e3o de c\u00e1lculo de desequil\u00edbrio de concess\u00e3o de rodovias - Ag\u00eancia iNFRA","isPartOf":{"@id":"https:\/\/agenciainfra.com\/blog\/#website"},"primaryImageOfPage":{"@id":"https:\/\/agenciainfra.com\/blog\/ministro-do-tcu-pede-reavaliacao-de-calculo-de-desequilibrio-de-concessao-de-rodovias\/#primaryimage"},"image":{"@id":"https:\/\/agenciainfra.com\/blog\/ministro-do-tcu-pede-reavaliacao-de-calculo-de-desequilibrio-de-concessao-de-rodovias\/#primaryimage"},"thumbnailUrl":"https:\/\/agenciainfra.com\/blog\/wp-content\/uploads\/2020\/09\/benjamin-zymler-foto-tcu.jpg","datePublished":"2022-09-24T12:00:00+00:00","breadcrumb":{"@id":"https:\/\/agenciainfra.com\/blog\/ministro-do-tcu-pede-reavaliacao-de-calculo-de-desequilibrio-de-concessao-de-rodovias\/#breadcrumb"},"inLanguage":"pt-BR","potentialAction":[{"@type":"ReadAction","target":["https:\/\/agenciainfra.com\/blog\/ministro-do-tcu-pede-reavaliacao-de-calculo-de-desequilibrio-de-concessao-de-rodovias\/"]}]},{"@type":"ImageObject","inLanguage":"pt-BR","@id":"https:\/\/agenciainfra.com\/blog\/ministro-do-tcu-pede-reavaliacao-de-calculo-de-desequilibrio-de-concessao-de-rodovias\/#primaryimage","url":"https:\/\/agenciainfra.com\/blog\/wp-content\/uploads\/2020\/09\/benjamin-zymler-foto-tcu.jpg","contentUrl":"https:\/\/agenciainfra.com\/blog\/wp-content\/uploads\/2020\/09\/benjamin-zymler-foto-tcu.jpg","width":1280,"height":853},{"@type":"BreadcrumbList","@id":"https:\/\/agenciainfra.com\/blog\/ministro-do-tcu-pede-reavaliacao-de-calculo-de-desequilibrio-de-concessao-de-rodovias\/#breadcrumb","itemListElement":[{"@type":"ListItem","position":1,"name":"In\u00edcio","item":"https:\/\/agenciainfra.com\/blog\/"},{"@type":"ListItem","position":2,"name":"Ministro do TCU pede reavalia\u00e7\u00e3o de c\u00e1lculo de desequil\u00edbrio de concess\u00e3o de rodovias"}]},{"@type":"WebSite","@id":"https:\/\/agenciainfra.com\/blog\/#website","url":"https:\/\/agenciainfra.com\/blog\/","name":"Ag\u00eancia iNFRA","description":"Multiplataforma de informa\u00e7\u00e3o jornal\u00edstica refer\u00eancia na \u00e1rea de infraestrutura no Brasil!","publisher":{"@id":"https:\/\/agenciainfra.com\/blog\/#organization"},"potentialAction":[{"@type":"SearchAction","target":{"@type":"EntryPoint","urlTemplate":"https:\/\/agenciainfra.com\/blog\/?s={search_term_string}"},"query-input":{"@type":"PropertyValueSpecification","valueRequired":true,"valueName":"search_term_string"}}],"inLanguage":"pt-BR"},{"@type":"Organization","@id":"https:\/\/agenciainfra.com\/blog\/#organization","name":"Ag\u00eancia iNFRA","url":"https:\/\/agenciainfra.com\/blog\/","logo":{"@type":"ImageObject","inLanguage":"pt-BR","@id":"https:\/\/agenciainfra.com\/blog\/#\/schema\/logo\/image\/","url":"https:\/\/agenciainfra.com\/blog\/wp-content\/uploads\/2023\/09\/iNFRA_5-e1761735885940.png","contentUrl":"https:\/\/agenciainfra.com\/blog\/wp-content\/uploads\/2023\/09\/iNFRA_5-e1761735885940.png","width":1672,"height":454,"caption":"Ag\u00eancia iNFRA"},"image":{"@id":"https:\/\/agenciainfra.com\/blog\/#\/schema\/logo\/image\/"},"sameAs":["https:\/\/www.facebook.com\/ageninfra","https:\/\/x.com\/agencia_infra","https:\/\/www.linkedin.com\/company\/ag\u00eanciainfra\/","https:\/\/www.instagram.com\/agenciainfra\/"]},{"@type":"Person","@id":"https:\/\/agenciainfra.com\/blog\/#\/schema\/person\/04dbb79bd6d8951f063da71f3e4c1eb1","name":"Rodrigo Zuquim","image":{"@type":"ImageObject","inLanguage":"pt-BR","@id":"https:\/\/agenciainfra.com\/blog\/#\/schema\/person\/image\/","url":"https:\/\/secure.gravatar.com\/avatar\/594abfe82761d620726242ff34ca472a705a4b97f16c790053a6b4c4035274d0?s=96&d=mm&r=g","contentUrl":"https:\/\/secure.gravatar.com\/avatar\/594abfe82761d620726242ff34ca472a705a4b97f16c790053a6b4c4035274d0?s=96&d=mm&r=g","caption":"Rodrigo Zuquim"},"url":"https:\/\/agenciainfra.com\/blog\/author\/rodrigo-zuquim\/"}]}},"_links":{"self":[{"href":"https:\/\/agenciainfra.com\/blog\/wp-json\/wp\/v2\/posts\/11393","targetHints":{"allow":["GET"]}}],"collection":[{"href":"https:\/\/agenciainfra.com\/blog\/wp-json\/wp\/v2\/posts"}],"about":[{"href":"https:\/\/agenciainfra.com\/blog\/wp-json\/wp\/v2\/types\/post"}],"author":[{"embeddable":true,"href":"https:\/\/agenciainfra.com\/blog\/wp-json\/wp\/v2\/users\/9"}],"replies":[{"embeddable":true,"href":"https:\/\/agenciainfra.com\/blog\/wp-json\/wp\/v2\/comments?post=11393"}],"version-history":[{"count":0,"href":"https:\/\/agenciainfra.com\/blog\/wp-json\/wp\/v2\/posts\/11393\/revisions"}],"wp:featuredmedia":[{"embeddable":true,"href":"https:\/\/agenciainfra.com\/blog\/wp-json\/wp\/v2\/media\/5772"}],"wp:attachment":[{"href":"https:\/\/agenciainfra.com\/blog\/wp-json\/wp\/v2\/media?parent=11393"}],"wp:term":[{"taxonomy":"category","embeddable":true,"href":"https:\/\/agenciainfra.com\/blog\/wp-json\/wp\/v2\/categories?post=11393"},{"taxonomy":"post_tag","embeddable":true,"href":"https:\/\/agenciainfra.com\/blog\/wp-json\/wp\/v2\/tags?post=11393"}],"curies":[{"name":"wp","href":"https:\/\/api.w.org\/{rel}","templated":true}]}}