{"id":11419,"date":"2022-09-29T09:00:00","date_gmt":"2022-09-29T12:00:00","guid":{"rendered":"https:\/\/www.agenciainfra.com\/blog\/?p=11419"},"modified":"2022-09-28T08:38:39","modified_gmt":"2022-09-28T11:38:39","slug":"pesquisa-interna-mostra-preocupacao-de-orgaos-com-implantacao-da-lei-de-licitacoes","status":"publish","type":"post","link":"https:\/\/agenciainfra.com\/blog\/pesquisa-interna-mostra-preocupacao-de-orgaos-com-implantacao-da-lei-de-licitacoes\/","title":{"rendered":"Pesquisa interna mostra preocupa\u00e7\u00e3o de \u00f3rg\u00e3os com implanta\u00e7\u00e3o da Lei de Licita\u00e7\u00f5es"},"content":{"rendered":"\n<p class=\"has-text-align-right\"><strong>Jenifer Ribeiro, da Ag\u00eancia iNFRA<\/strong><\/p>\n\n\n\n<p>Equipe reduzida para instruir sobre os processos de dispensa de licita\u00e7\u00e3o por valor \u00e9 apontado\u00a0como o maior risco para colocar em pr\u00e1tica a nova Lei de Licita\u00e7\u00f5es, segundo levantamento feito pelo Minist\u00e9rio da Economia, divulgado na \u00faltima semana.<br><br>O in\u00edcio da vig\u00eancia de novas regras como mandat\u00f3rias, ap\u00f3s dois anos de conviv\u00eancia com a lei antiga, ser\u00e1 em abril do ano que vem.\u00a0O minist\u00e9rio est\u00e1 fazendo uma an\u00e1lise da gest\u00e3o de riscos da operacionaliza\u00e7\u00e3o da nova lei. At\u00e9 o momento, um pouco mais de 100 \u00f3rg\u00e3os e entidades fizeram contribui\u00e7\u00f5es.<br><br>O segundo risco mais mencionado pelos \u00f3rg\u00e3os de governo foi a indefini\u00e7\u00e3o de pap\u00e9is na regulamenta\u00e7\u00e3o de atos infralegais da lei. O levantamento mostra que as entidades n\u00e3o conseguem se organizar devido \u00e0 falta de um cronograma de trabalho.<br><br>Nesse mesmo sentido, outro risco bastante apontado foi a indefini\u00e7\u00e3o de pap\u00e9is na regulamenta\u00e7\u00e3o que pode acarretar no \u201csurgimento de conflitos, especialmente quando setores ou unidades distintas passam a disputar vis\u00f5es e iniciativas dissonantes sobre determinada mat\u00e9ria\u201d.<br><br>A pouca expertise organizacional em licita\u00e7\u00f5es e contratos p\u00fablicos, a falta de vis\u00e3o sist\u00eamica e o desconhecimento da nova lei foi o terceiro risco mais mencionado pelos contribuintes. Os \u00f3rg\u00e3os apontam que, por isso, est\u00e3o contratando uma consultoria externa para implementar a regula\u00e7\u00e3o da lei, mas que isso pode causar, al\u00e9m da estagna\u00e7\u00e3o na regulamenta\u00e7\u00e3o, normas sem legitimidade interna.\u00a0<br><br>O \u00faltimo risco mais mencionado foi a falta de patroc\u00ednio intra ou interorganizacional para a regula\u00e7\u00e3o, o que leva os \u00f3rg\u00e3os a entenderem que a implementa\u00e7\u00e3o da lei n\u00e3o \u00e9 uma prioridade.<br><br><strong>Preocupa\u00e7\u00e3o no TCU<\/strong><br>Na sess\u00e3o da semana passada, o TCU (Tribunal de Contas da Uni\u00e3o) decidiu abrir uma auditoria para avaliar como os \u00f3rg\u00e3os da administra\u00e7\u00e3o federal est\u00e3o se preparando para implementar a nova lei quando ela se tornar mandat\u00f3ria.<br><br>A iniciativa foi tomada a partir de pedido do ministro Benjamin Zymler, que lembrou que a lei j\u00e1 poderia estar sendo usada pelos \u00f3rg\u00e3os p\u00fablicos como teste desde que foi aprovada, um ano e meio atr\u00e1s, mas que at\u00e9 hoje n\u00e3o relatou nenhum processo no qual tenha sido usada a nova lei, que ele avalia que vai necessitar de uma curva de aprendizado para ser executada.<br><br><strong>Lei das Licita\u00e7\u00f5es<\/strong><br>A nova Lei das Licita\u00e7\u00f5es traz v\u00e1rias novidades em rela\u00e7\u00e3o \u00e0 lei anterior, como a que\u00a0institui\u00a0o Sistema Eletr\u00f4nico de Dispensa de Licita\u00e7\u00e3o, que permite a contrata\u00e7\u00e3o direta de obras, bens e servi\u00e7os.<br><br>O texto foi aprovado em abril do ano passado e substituiu e uniu em um \u00fanico normativo as normas da Lei Geral de Licita\u00e7\u00f5es e Contratos, do Decreto do Preg\u00e3o e da Lei do Regime Diferenciado de Contrata\u00e7\u00f5es. Essas legisla\u00e7\u00f5es continuam valendo at\u00e9 o final do per\u00edodo de transi\u00e7\u00e3o, em abril do ano que vem.<\/p>\n","protected":false},"excerpt":{"rendered":"<p>Jenifer Ribeiro, da Ag\u00eancia iNFRA Equipe reduzida para instruir sobre os processos de dispensa de licita\u00e7\u00e3o por valor \u00e9 apontado\u00a0como o maior risco para colocar em pr\u00e1tica a nova Lei de Licita\u00e7\u00f5es, segundo levantamento feito pelo Minist\u00e9rio da Economia, divulgado na \u00faltima semana. O in\u00edcio da vig\u00eancia de novas regras como mandat\u00f3rias, ap\u00f3s dois anos [&hellip;]<\/p>\n","protected":false},"author":9,"featured_media":8985,"comment_status":"closed","ping_status":"closed","sticky":false,"template":"","format":"standard","meta":{"_monsterinsights_skip_tracking":false,"_monsterinsights_sitenote_active":false,"_monsterinsights_sitenote_note":"","_monsterinsights_sitenote_category":0,"footnotes":""},"categories":[1,7],"tags":[490,766,987,18,927],"class_list":["post-11419","post","type-post","status-publish","format-standard","has-post-thumbnail","hentry","category-geral","category-infratransporte","tag-benjamin-zymler","tag-ministerio-da-economia","tag-nova-lei-de-licitacoes","tag-tcu","tag-tribunal-de-contas-da-uniao"],"yoast_head":"<!-- This site is optimized with the Yoast SEO Premium plugin v25.4 (Yoast SEO v26.0) - https:\/\/yoast.com\/wordpress\/plugins\/seo\/ -->\n<title>Pesquisa interna mostra preocupa\u00e7\u00e3o de \u00f3rg\u00e3os com implanta\u00e7\u00e3o da Lei de Licita\u00e7\u00f5es - Ag\u00eancia iNFRA<\/title>\n<meta name=\"robots\" content=\"index, follow, max-snippet:-1, max-image-preview:large, max-video-preview:-1\" \/>\n<link rel=\"canonical\" href=\"https:\/\/agenciainfra.com\/blog\/pesquisa-interna-mostra-preocupacao-de-orgaos-com-implantacao-da-lei-de-licitacoes\/\" \/>\n<meta property=\"og:locale\" content=\"pt_BR\" \/>\n<meta property=\"og:type\" content=\"article\" \/>\n<meta property=\"og:title\" content=\"Pesquisa interna mostra preocupa\u00e7\u00e3o de \u00f3rg\u00e3os com implanta\u00e7\u00e3o da Lei de Licita\u00e7\u00f5es\" \/>\n<meta property=\"og:description\" content=\"Jenifer Ribeiro, da Ag\u00eancia iNFRA Equipe reduzida para instruir sobre os processos de dispensa de licita\u00e7\u00e3o por valor \u00e9 apontado\u00a0como o maior risco para colocar em pr\u00e1tica a nova Lei de Licita\u00e7\u00f5es, segundo levantamento feito pelo Minist\u00e9rio da Economia, divulgado na \u00faltima semana. O in\u00edcio da vig\u00eancia de novas regras como mandat\u00f3rias, ap\u00f3s dois anos [&hellip;]\" \/>\n<meta property=\"og:url\" content=\"https:\/\/agenciainfra.com\/blog\/pesquisa-interna-mostra-preocupacao-de-orgaos-com-implantacao-da-lei-de-licitacoes\/\" \/>\n<meta property=\"og:site_name\" content=\"Ag\u00eancia iNFRA\" \/>\n<meta property=\"article:publisher\" content=\"https:\/\/www.facebook.com\/ageninfra\" \/>\n<meta property=\"article:published_time\" content=\"2022-09-29T12:00:00+00:00\" \/>\n<meta property=\"og:image\" content=\"https:\/\/agenciainfra.com\/blog\/wp-content\/uploads\/2021\/11\/leilao-foto-ricardo-botelho-minfra.jpeg\" \/>\n\t<meta property=\"og:image:width\" content=\"1280\" \/>\n\t<meta property=\"og:image:height\" content=\"853\" \/>\n\t<meta property=\"og:image:type\" content=\"image\/jpeg\" \/>\n<meta name=\"author\" content=\"Rodrigo Zuquim\" \/>\n<meta name=\"twitter:card\" content=\"summary_large_image\" \/>\n<meta name=\"twitter:creator\" content=\"@agencia_infra\" \/>\n<meta name=\"twitter:site\" content=\"@agencia_infra\" \/>\n<meta name=\"twitter:label1\" content=\"Escrito por\" \/>\n\t<meta name=\"twitter:data1\" content=\"Rodrigo Zuquim\" \/>\n\t<meta name=\"twitter:label2\" content=\"Est. tempo de leitura\" \/>\n\t<meta name=\"twitter:data2\" content=\"3 minutos\" \/>\n<script type=\"application\/ld+json\" class=\"yoast-schema-graph\">{\"@context\":\"https:\/\/schema.org\",\"@graph\":[{\"@type\":\"Article\",\"@id\":\"https:\/\/agenciainfra.com\/blog\/pesquisa-interna-mostra-preocupacao-de-orgaos-com-implantacao-da-lei-de-licitacoes\/#article\",\"isPartOf\":{\"@id\":\"https:\/\/agenciainfra.com\/blog\/pesquisa-interna-mostra-preocupacao-de-orgaos-com-implantacao-da-lei-de-licitacoes\/\"},\"author\":{\"name\":\"Rodrigo Zuquim\",\"@id\":\"https:\/\/agenciainfra.com\/blog\/#\/schema\/person\/04dbb79bd6d8951f063da71f3e4c1eb1\"},\"headline\":\"Pesquisa interna mostra preocupa\u00e7\u00e3o de \u00f3rg\u00e3os com implanta\u00e7\u00e3o da Lei de Licita\u00e7\u00f5es\",\"datePublished\":\"2022-09-29T12:00:00+00:00\",\"mainEntityOfPage\":{\"@id\":\"https:\/\/agenciainfra.com\/blog\/pesquisa-interna-mostra-preocupacao-de-orgaos-com-implantacao-da-lei-de-licitacoes\/\"},\"wordCount\":539,\"publisher\":{\"@id\":\"https:\/\/agenciainfra.com\/blog\/#organization\"},\"image\":{\"@id\":\"https:\/\/agenciainfra.com\/blog\/pesquisa-interna-mostra-preocupacao-de-orgaos-com-implantacao-da-lei-de-licitacoes\/#primaryimage\"},\"thumbnailUrl\":\"https:\/\/agenciainfra.com\/blog\/wp-content\/uploads\/2021\/11\/leilao-foto-ricardo-botelho-minfra.jpeg\",\"keywords\":[\"Benjamin Zymler\",\"Minist\u00e9rio da Economia\",\"Nova Lei de Licita\u00e7\u00f5es\",\"TCU\",\"Tribunal de Contas da Uni\u00e3o\"],\"articleSection\":[\"Geral\",\"iNFRATransporte\"],\"inLanguage\":\"pt-BR\",\"copyrightYear\":\"2022\",\"copyrightHolder\":{\"@id\":\"https:\/\/agenciainfra.com\/blog\/#organization\"}},{\"@type\":\"WebPage\",\"@id\":\"https:\/\/agenciainfra.com\/blog\/pesquisa-interna-mostra-preocupacao-de-orgaos-com-implantacao-da-lei-de-licitacoes\/\",\"url\":\"https:\/\/agenciainfra.com\/blog\/pesquisa-interna-mostra-preocupacao-de-orgaos-com-implantacao-da-lei-de-licitacoes\/\",\"name\":\"Pesquisa interna mostra preocupa\u00e7\u00e3o de \u00f3rg\u00e3os com implanta\u00e7\u00e3o da Lei de Licita\u00e7\u00f5es - Ag\u00eancia iNFRA\",\"isPartOf\":{\"@id\":\"https:\/\/agenciainfra.com\/blog\/#website\"},\"primaryImageOfPage\":{\"@id\":\"https:\/\/agenciainfra.com\/blog\/pesquisa-interna-mostra-preocupacao-de-orgaos-com-implantacao-da-lei-de-licitacoes\/#primaryimage\"},\"image\":{\"@id\":\"https:\/\/agenciainfra.com\/blog\/pesquisa-interna-mostra-preocupacao-de-orgaos-com-implantacao-da-lei-de-licitacoes\/#primaryimage\"},\"thumbnailUrl\":\"https:\/\/agenciainfra.com\/blog\/wp-content\/uploads\/2021\/11\/leilao-foto-ricardo-botelho-minfra.jpeg\",\"datePublished\":\"2022-09-29T12:00:00+00:00\",\"breadcrumb\":{\"@id\":\"https:\/\/agenciainfra.com\/blog\/pesquisa-interna-mostra-preocupacao-de-orgaos-com-implantacao-da-lei-de-licitacoes\/#breadcrumb\"},\"inLanguage\":\"pt-BR\",\"potentialAction\":[{\"@type\":\"ReadAction\",\"target\":[\"https:\/\/agenciainfra.com\/blog\/pesquisa-interna-mostra-preocupacao-de-orgaos-com-implantacao-da-lei-de-licitacoes\/\"]}]},{\"@type\":\"ImageObject\",\"inLanguage\":\"pt-BR\",\"@id\":\"https:\/\/agenciainfra.com\/blog\/pesquisa-interna-mostra-preocupacao-de-orgaos-com-implantacao-da-lei-de-licitacoes\/#primaryimage\",\"url\":\"https:\/\/agenciainfra.com\/blog\/wp-content\/uploads\/2021\/11\/leilao-foto-ricardo-botelho-minfra.jpeg\",\"contentUrl\":\"https:\/\/agenciainfra.com\/blog\/wp-content\/uploads\/2021\/11\/leilao-foto-ricardo-botelho-minfra.jpeg\",\"width\":1280,\"height\":853,\"caption\":\"Foto: Ricardo Botelho\/Minfra\"},{\"@type\":\"BreadcrumbList\",\"@id\":\"https:\/\/agenciainfra.com\/blog\/pesquisa-interna-mostra-preocupacao-de-orgaos-com-implantacao-da-lei-de-licitacoes\/#breadcrumb\",\"itemListElement\":[{\"@type\":\"ListItem\",\"position\":1,\"name\":\"In\u00edcio\",\"item\":\"https:\/\/agenciainfra.com\/blog\/\"},{\"@type\":\"ListItem\",\"position\":2,\"name\":\"Pesquisa interna mostra preocupa\u00e7\u00e3o de \u00f3rg\u00e3os com implanta\u00e7\u00e3o da Lei de Licita\u00e7\u00f5es\"}]},{\"@type\":\"WebSite\",\"@id\":\"https:\/\/agenciainfra.com\/blog\/#website\",\"url\":\"https:\/\/agenciainfra.com\/blog\/\",\"name\":\"Ag\u00eancia iNFRA\",\"description\":\"Multiplataforma de informa\u00e7\u00e3o jornal\u00edstica refer\u00eancia na \u00e1rea de infraestrutura no Brasil!\",\"publisher\":{\"@id\":\"https:\/\/agenciainfra.com\/blog\/#organization\"},\"potentialAction\":[{\"@type\":\"SearchAction\",\"target\":{\"@type\":\"EntryPoint\",\"urlTemplate\":\"https:\/\/agenciainfra.com\/blog\/?s={search_term_string}\"},\"query-input\":{\"@type\":\"PropertyValueSpecification\",\"valueRequired\":true,\"valueName\":\"search_term_string\"}}],\"inLanguage\":\"pt-BR\"},{\"@type\":\"Organization\",\"@id\":\"https:\/\/agenciainfra.com\/blog\/#organization\",\"name\":\"Ag\u00eancia iNFRA\",\"url\":\"https:\/\/agenciainfra.com\/blog\/\",\"logo\":{\"@type\":\"ImageObject\",\"inLanguage\":\"pt-BR\",\"@id\":\"https:\/\/agenciainfra.com\/blog\/#\/schema\/logo\/image\/\",\"url\":\"https:\/\/agenciainfra.com\/blog\/wp-content\/uploads\/2023\/09\/iNFRA_5-e1761735885940.png\",\"contentUrl\":\"https:\/\/agenciainfra.com\/blog\/wp-content\/uploads\/2023\/09\/iNFRA_5-e1761735885940.png\",\"width\":1672,\"height\":454,\"caption\":\"Ag\u00eancia iNFRA\"},\"image\":{\"@id\":\"https:\/\/agenciainfra.com\/blog\/#\/schema\/logo\/image\/\"},\"sameAs\":[\"https:\/\/www.facebook.com\/ageninfra\",\"https:\/\/x.com\/agencia_infra\",\"https:\/\/www.linkedin.com\/company\/ag\u00eanciainfra\/\",\"https:\/\/www.instagram.com\/agenciainfra\/\"]},{\"@type\":\"Person\",\"@id\":\"https:\/\/agenciainfra.com\/blog\/#\/schema\/person\/04dbb79bd6d8951f063da71f3e4c1eb1\",\"name\":\"Rodrigo Zuquim\",\"image\":{\"@type\":\"ImageObject\",\"inLanguage\":\"pt-BR\",\"@id\":\"https:\/\/agenciainfra.com\/blog\/#\/schema\/person\/image\/\",\"url\":\"https:\/\/secure.gravatar.com\/avatar\/594abfe82761d620726242ff34ca472a705a4b97f16c790053a6b4c4035274d0?s=96&d=mm&r=g\",\"contentUrl\":\"https:\/\/secure.gravatar.com\/avatar\/594abfe82761d620726242ff34ca472a705a4b97f16c790053a6b4c4035274d0?s=96&d=mm&r=g\",\"caption\":\"Rodrigo Zuquim\"},\"url\":\"https:\/\/agenciainfra.com\/blog\/author\/rodrigo-zuquim\/\"}]}<\/script>\n<!-- \/ Yoast SEO Premium plugin. -->","yoast_head_json":{"title":"Pesquisa interna mostra preocupa\u00e7\u00e3o de \u00f3rg\u00e3os com implanta\u00e7\u00e3o da Lei de Licita\u00e7\u00f5es - Ag\u00eancia iNFRA","robots":{"index":"index","follow":"follow","max-snippet":"max-snippet:-1","max-image-preview":"max-image-preview:large","max-video-preview":"max-video-preview:-1"},"canonical":"https:\/\/agenciainfra.com\/blog\/pesquisa-interna-mostra-preocupacao-de-orgaos-com-implantacao-da-lei-de-licitacoes\/","og_locale":"pt_BR","og_type":"article","og_title":"Pesquisa interna mostra preocupa\u00e7\u00e3o de \u00f3rg\u00e3os com implanta\u00e7\u00e3o da Lei de Licita\u00e7\u00f5es","og_description":"Jenifer Ribeiro, da Ag\u00eancia iNFRA Equipe reduzida para instruir sobre os processos de dispensa de licita\u00e7\u00e3o por valor \u00e9 apontado\u00a0como o maior risco para colocar em pr\u00e1tica a nova Lei de Licita\u00e7\u00f5es, segundo levantamento feito pelo Minist\u00e9rio da Economia, divulgado na \u00faltima semana. O in\u00edcio da vig\u00eancia de novas regras como mandat\u00f3rias, ap\u00f3s dois anos [&hellip;]","og_url":"https:\/\/agenciainfra.com\/blog\/pesquisa-interna-mostra-preocupacao-de-orgaos-com-implantacao-da-lei-de-licitacoes\/","og_site_name":"Ag\u00eancia iNFRA","article_publisher":"https:\/\/www.facebook.com\/ageninfra","article_published_time":"2022-09-29T12:00:00+00:00","og_image":[{"width":1280,"height":853,"url":"https:\/\/agenciainfra.com\/blog\/wp-content\/uploads\/2021\/11\/leilao-foto-ricardo-botelho-minfra.jpeg","type":"image\/jpeg"}],"author":"Rodrigo Zuquim","twitter_card":"summary_large_image","twitter_creator":"@agencia_infra","twitter_site":"@agencia_infra","twitter_misc":{"Escrito por":"Rodrigo Zuquim","Est. tempo de leitura":"3 minutos"},"schema":{"@context":"https:\/\/schema.org","@graph":[{"@type":"Article","@id":"https:\/\/agenciainfra.com\/blog\/pesquisa-interna-mostra-preocupacao-de-orgaos-com-implantacao-da-lei-de-licitacoes\/#article","isPartOf":{"@id":"https:\/\/agenciainfra.com\/blog\/pesquisa-interna-mostra-preocupacao-de-orgaos-com-implantacao-da-lei-de-licitacoes\/"},"author":{"name":"Rodrigo Zuquim","@id":"https:\/\/agenciainfra.com\/blog\/#\/schema\/person\/04dbb79bd6d8951f063da71f3e4c1eb1"},"headline":"Pesquisa interna mostra preocupa\u00e7\u00e3o de \u00f3rg\u00e3os com implanta\u00e7\u00e3o da Lei de Licita\u00e7\u00f5es","datePublished":"2022-09-29T12:00:00+00:00","mainEntityOfPage":{"@id":"https:\/\/agenciainfra.com\/blog\/pesquisa-interna-mostra-preocupacao-de-orgaos-com-implantacao-da-lei-de-licitacoes\/"},"wordCount":539,"publisher":{"@id":"https:\/\/agenciainfra.com\/blog\/#organization"},"image":{"@id":"https:\/\/agenciainfra.com\/blog\/pesquisa-interna-mostra-preocupacao-de-orgaos-com-implantacao-da-lei-de-licitacoes\/#primaryimage"},"thumbnailUrl":"https:\/\/agenciainfra.com\/blog\/wp-content\/uploads\/2021\/11\/leilao-foto-ricardo-botelho-minfra.jpeg","keywords":["Benjamin Zymler","Minist\u00e9rio da Economia","Nova Lei de Licita\u00e7\u00f5es","TCU","Tribunal de Contas da Uni\u00e3o"],"articleSection":["Geral","iNFRATransporte"],"inLanguage":"pt-BR","copyrightYear":"2022","copyrightHolder":{"@id":"https:\/\/agenciainfra.com\/blog\/#organization"}},{"@type":"WebPage","@id":"https:\/\/agenciainfra.com\/blog\/pesquisa-interna-mostra-preocupacao-de-orgaos-com-implantacao-da-lei-de-licitacoes\/","url":"https:\/\/agenciainfra.com\/blog\/pesquisa-interna-mostra-preocupacao-de-orgaos-com-implantacao-da-lei-de-licitacoes\/","name":"Pesquisa interna mostra preocupa\u00e7\u00e3o de \u00f3rg\u00e3os com implanta\u00e7\u00e3o da Lei de Licita\u00e7\u00f5es - Ag\u00eancia iNFRA","isPartOf":{"@id":"https:\/\/agenciainfra.com\/blog\/#website"},"primaryImageOfPage":{"@id":"https:\/\/agenciainfra.com\/blog\/pesquisa-interna-mostra-preocupacao-de-orgaos-com-implantacao-da-lei-de-licitacoes\/#primaryimage"},"image":{"@id":"https:\/\/agenciainfra.com\/blog\/pesquisa-interna-mostra-preocupacao-de-orgaos-com-implantacao-da-lei-de-licitacoes\/#primaryimage"},"thumbnailUrl":"https:\/\/agenciainfra.com\/blog\/wp-content\/uploads\/2021\/11\/leilao-foto-ricardo-botelho-minfra.jpeg","datePublished":"2022-09-29T12:00:00+00:00","breadcrumb":{"@id":"https:\/\/agenciainfra.com\/blog\/pesquisa-interna-mostra-preocupacao-de-orgaos-com-implantacao-da-lei-de-licitacoes\/#breadcrumb"},"inLanguage":"pt-BR","potentialAction":[{"@type":"ReadAction","target":["https:\/\/agenciainfra.com\/blog\/pesquisa-interna-mostra-preocupacao-de-orgaos-com-implantacao-da-lei-de-licitacoes\/"]}]},{"@type":"ImageObject","inLanguage":"pt-BR","@id":"https:\/\/agenciainfra.com\/blog\/pesquisa-interna-mostra-preocupacao-de-orgaos-com-implantacao-da-lei-de-licitacoes\/#primaryimage","url":"https:\/\/agenciainfra.com\/blog\/wp-content\/uploads\/2021\/11\/leilao-foto-ricardo-botelho-minfra.jpeg","contentUrl":"https:\/\/agenciainfra.com\/blog\/wp-content\/uploads\/2021\/11\/leilao-foto-ricardo-botelho-minfra.jpeg","width":1280,"height":853,"caption":"Foto: Ricardo Botelho\/Minfra"},{"@type":"BreadcrumbList","@id":"https:\/\/agenciainfra.com\/blog\/pesquisa-interna-mostra-preocupacao-de-orgaos-com-implantacao-da-lei-de-licitacoes\/#breadcrumb","itemListElement":[{"@type":"ListItem","position":1,"name":"In\u00edcio","item":"https:\/\/agenciainfra.com\/blog\/"},{"@type":"ListItem","position":2,"name":"Pesquisa interna mostra preocupa\u00e7\u00e3o de \u00f3rg\u00e3os com implanta\u00e7\u00e3o da Lei de Licita\u00e7\u00f5es"}]},{"@type":"WebSite","@id":"https:\/\/agenciainfra.com\/blog\/#website","url":"https:\/\/agenciainfra.com\/blog\/","name":"Ag\u00eancia iNFRA","description":"Multiplataforma de informa\u00e7\u00e3o jornal\u00edstica refer\u00eancia na \u00e1rea de infraestrutura no Brasil!","publisher":{"@id":"https:\/\/agenciainfra.com\/blog\/#organization"},"potentialAction":[{"@type":"SearchAction","target":{"@type":"EntryPoint","urlTemplate":"https:\/\/agenciainfra.com\/blog\/?s={search_term_string}"},"query-input":{"@type":"PropertyValueSpecification","valueRequired":true,"valueName":"search_term_string"}}],"inLanguage":"pt-BR"},{"@type":"Organization","@id":"https:\/\/agenciainfra.com\/blog\/#organization","name":"Ag\u00eancia iNFRA","url":"https:\/\/agenciainfra.com\/blog\/","logo":{"@type":"ImageObject","inLanguage":"pt-BR","@id":"https:\/\/agenciainfra.com\/blog\/#\/schema\/logo\/image\/","url":"https:\/\/agenciainfra.com\/blog\/wp-content\/uploads\/2023\/09\/iNFRA_5-e1761735885940.png","contentUrl":"https:\/\/agenciainfra.com\/blog\/wp-content\/uploads\/2023\/09\/iNFRA_5-e1761735885940.png","width":1672,"height":454,"caption":"Ag\u00eancia iNFRA"},"image":{"@id":"https:\/\/agenciainfra.com\/blog\/#\/schema\/logo\/image\/"},"sameAs":["https:\/\/www.facebook.com\/ageninfra","https:\/\/x.com\/agencia_infra","https:\/\/www.linkedin.com\/company\/ag\u00eanciainfra\/","https:\/\/www.instagram.com\/agenciainfra\/"]},{"@type":"Person","@id":"https:\/\/agenciainfra.com\/blog\/#\/schema\/person\/04dbb79bd6d8951f063da71f3e4c1eb1","name":"Rodrigo Zuquim","image":{"@type":"ImageObject","inLanguage":"pt-BR","@id":"https:\/\/agenciainfra.com\/blog\/#\/schema\/person\/image\/","url":"https:\/\/secure.gravatar.com\/avatar\/594abfe82761d620726242ff34ca472a705a4b97f16c790053a6b4c4035274d0?s=96&d=mm&r=g","contentUrl":"https:\/\/secure.gravatar.com\/avatar\/594abfe82761d620726242ff34ca472a705a4b97f16c790053a6b4c4035274d0?s=96&d=mm&r=g","caption":"Rodrigo Zuquim"},"url":"https:\/\/agenciainfra.com\/blog\/author\/rodrigo-zuquim\/"}]}},"_links":{"self":[{"href":"https:\/\/agenciainfra.com\/blog\/wp-json\/wp\/v2\/posts\/11419","targetHints":{"allow":["GET"]}}],"collection":[{"href":"https:\/\/agenciainfra.com\/blog\/wp-json\/wp\/v2\/posts"}],"about":[{"href":"https:\/\/agenciainfra.com\/blog\/wp-json\/wp\/v2\/types\/post"}],"author":[{"embeddable":true,"href":"https:\/\/agenciainfra.com\/blog\/wp-json\/wp\/v2\/users\/9"}],"replies":[{"embeddable":true,"href":"https:\/\/agenciainfra.com\/blog\/wp-json\/wp\/v2\/comments?post=11419"}],"version-history":[{"count":0,"href":"https:\/\/agenciainfra.com\/blog\/wp-json\/wp\/v2\/posts\/11419\/revisions"}],"wp:featuredmedia":[{"embeddable":true,"href":"https:\/\/agenciainfra.com\/blog\/wp-json\/wp\/v2\/media\/8985"}],"wp:attachment":[{"href":"https:\/\/agenciainfra.com\/blog\/wp-json\/wp\/v2\/media?parent=11419"}],"wp:term":[{"taxonomy":"category","embeddable":true,"href":"https:\/\/agenciainfra.com\/blog\/wp-json\/wp\/v2\/categories?post=11419"},{"taxonomy":"post_tag","embeddable":true,"href":"https:\/\/agenciainfra.com\/blog\/wp-json\/wp\/v2\/tags?post=11419"}],"curies":[{"name":"wp","href":"https:\/\/api.w.org\/{rel}","templated":true}]}}