{"id":11423,"date":"2022-09-29T10:00:00","date_gmt":"2022-09-29T13:00:00","guid":{"rendered":"https:\/\/www.agenciainfra.com\/blog\/?p=11423"},"modified":"2022-09-29T09:53:56","modified_gmt":"2022-09-29T12:53:56","slug":"leilao-de-termicas-deve-ter-disputa-no-norte-mas-competicao-no-nordeste-e-incerta-avalia-setor","status":"publish","type":"post","link":"https:\/\/agenciainfra.com\/blog\/leilao-de-termicas-deve-ter-disputa-no-norte-mas-competicao-no-nordeste-e-incerta-avalia-setor\/","title":{"rendered":"Leil\u00e3o de t\u00e9rmicas deve ter disputa no Norte, mas competi\u00e7\u00e3o no Nordeste \u00e9 incerta, avalia setor"},"content":{"rendered":"\n<p class=\"has-text-align-right\"><strong>Alexandre Leoratti, da Ag\u00eancia iNFRA<\/strong><\/p>\n\n\n\n<p>Agentes do setor de energia analisam que a disputa por empreendimentos no Nordeste no primeiro leil\u00e3o de reserva de capacidade de t\u00e9rmicas a g\u00e1s previsto na Lei 14.182\/2021, que permitiu a privatiza\u00e7\u00e3o da Eletrobras, ser\u00e1 a grande inc\u00f3gnita do certame, que ser\u00e1 realizado nesta sexta-feira (30).&nbsp;<br><br>Segundo&nbsp;executivos do setor, h\u00e1 a possibilidade de que o leil\u00e3o na regi\u00e3o fique esvaziado, diferentemente da regi\u00e3o Norte, onde players&nbsp;devem participar do certame, como a Eneva, que tem o campo de g\u00e1s natural de Azul\u00e3o, na Bacia do Amazonas. Al\u00e9m disso, a Petrobras pode ter interesse, al\u00e9m da&nbsp;Eletronorte, avaliam.<br><br>\u201cNo Norte acreditamos que ter\u00e1 mais competi\u00e7\u00e3o. No Nordeste, teremos menos do que esper\u00e1vamos. Colocaram par\u00e2metros apertados para o certame e, com isso, pode acontecer de n\u00e3o ter competi\u00e7\u00e3o\u201d, afirmou Jo\u00e3o Carlos Mello, CEO da Thymos.&nbsp;<br><br>Ele acrescenta sobre a diferen\u00e7a do certame da regi\u00e3o Norte e Nordeste: \u201cNo Norte, acho mais competitivo, h\u00e1 mais operadores. No Nordeste, nos estados selecionados, que s\u00e3o Maranh\u00e3o e Piau\u00ed, tem a quest\u00e3o da infraestrutura dos gasodutos e n\u00e3o temos tantos competidores. Apesar disso, pode ter interessados\u201d, disse.<br><br>Ser\u00e3o tr\u00eas produtos negociados no leil\u00e3o: Regi\u00e3o Norte, para in\u00edcio de suprimento em 31 de dezembro de 2026; Regi\u00e3o Nordeste Maranh\u00e3o, para in\u00edcio de suprimento em 31 de dezembro de 2027; Regi\u00e3o Nordeste Piau\u00ed, para in\u00edcio de suprimento em 31 de dezembro de 2027. Ser\u00e3o 1.000 MW para o Norte e 1.000 MW para o Nordeste.&nbsp;<br><br>Em rela\u00e7\u00e3o aos par\u00e2metros n\u00e3o considerados &#8220;ideais&#8221; para o certame, Mello destacou o pre\u00e7o-teto do leil\u00e3o, a forma como o valor foi calculado, com base na m\u00e9dia do pre\u00e7o do g\u00e1s nos \u00faltimos dez anos, e as \u201cinova\u00e7\u00f5es t\u00e9cnicas\u201d acrescentadas, como equalizadores de propostas.&nbsp;<br><br>Segundo Mello, o certame de reserva de capacidade n\u00e3o precisa de equalizadores de propostas. \u201cHouve reclama\u00e7\u00e3o formal sobre isso, mas n\u00e3o foi acatado\u201d, disse.<br><br>Apesar dos par\u00e2metros, Mello defendeu a contrata\u00e7\u00e3o das t\u00e9rmicas como forma de prover energia em casos de mudan\u00e7a de hidrologia e garantir a maior confiabilidade do sistema nacional.&nbsp;<br><br>\u201cNo ano passado, quando foi feita a lei, calculamos que, com esses recursos novos, teremos uma diferen\u00e7a significativa no PLD [Pre\u00e7o de Liquida\u00e7\u00e3o de Diferen\u00e7as] na ordem de R$ 100 MWh a menos em m\u00e9dia. Evidentemente que temos um momento agora de reservat\u00f3rio mais cheio, ent\u00e3o essa diferen\u00e7a pode diminuir, mas continua significativa. Isso porque estamos colocando uma energia firme e, portanto, com menos incerteza e volatilidade, resultando em pre\u00e7os menores no PLD\u201d, concluiu. &nbsp;<br><br><strong>Competi\u00e7\u00e3o e players<\/strong><br>Para Fernando Porrua, diretor t\u00e9cnico da PSR, o principal entrave para a competi\u00e7\u00e3o no Nordeste \u00e9 a inseguran\u00e7a dos custos para os gasodutos. \u201cComo ser\u00e3o alocados os custos desses gasodutos? Isso tudo vai ficar com o desenvolvedor da usina? Se ficar nas costas de quem faz a usina, o custo ser\u00e1 alto\u201d, afirmou.&nbsp;<br><br>Segundo o executivo, a situa\u00e7\u00e3o do Norte \u00e9 diferente. \u201cNo Norte temos Eneva, que tem o projeto de Azul\u00e3o, e, eventualmente, a Eletronorte pode ter um apetite. A Petrobras tamb\u00e9m pode demonstrar interesse em alguns projetos no Norte. No Nordeste, achamos que a chance de dar vazio existe. Est\u00e1 bem incerto\u201d, disse Porrua.&nbsp;<br><br>Ele acrescenta que os projetos precisam ser constru\u00eddos em regi\u00f5es de forma que a infraestrutura seja constru\u00edda. \u201cSe pegarmos, por exemplo, o Piau\u00ed, l\u00e1 precisaria ser feito um gasoduto muito grande. Isso pode ser invi\u00e1vel\u201d, afirmou.&nbsp;<br><br>Porrua tamb\u00e9m questiona se seria preciso fazer um leil\u00e3o de t\u00e9rmicas e se o pa\u00eds precisar\u00e1 de nova gera\u00e7\u00e3o de energia nessa matriz a partir de 2026. Ele destacou, por exemplo, o alto n\u00edvel de inflexibilidade no certame, com 70% na m\u00e9dia anual.&nbsp;<br><br><strong>Seguran\u00e7a no Sistema<\/strong><br>Segundo Xisto Vieira, presidente da Abraget (Associa\u00e7\u00e3o Brasileira de Geradoras Termel\u00e9tricas), o certame ter\u00e1 competi\u00e7\u00e3o. Ele destaca o resultado do cadastro do leil\u00e3o. Foram 37 projetos cadastrados e pot\u00eancia habilit\u00e1vel de 11.889 MW.&nbsp;<br><br>\u201cH\u00e1 interessados no certame, achamos que a participa\u00e7\u00e3o pode ser boa\u201d, afirmou. Ele acrescenta que a Abraget n\u00e3o participou dos estudos e da discuss\u00e3o no Congresso que determinou a instala\u00e7\u00e3o de 8 GW de t\u00e9rmicas. Apesar disso, ele defendeu que os leil\u00f5es aconte\u00e7am para a expans\u00e3o da matriz.<br><br>\u201cQual \u00e9 a vantagem de termos uma t\u00e9rmica com 70% de inflexibilidade? Ela n\u00e3o compete com e\u00f3lica e nem com solar. Ela \u00e9 feita para encher reservat\u00f3rio, para n\u00e3o deixar chegar 2021 de novo. Esse \u00e9 o objetivo. Quando eu gero 70%, seguro os reservat\u00f3rios e coloco eles para operarem. A hidrel\u00e9trica com reservat\u00f3rio \u00e9 a melhor do sistema interligado. N\u00e3o podemos ter um susto no Brasil a cada dois anos\u201d, afirmou Xisto. &nbsp;<br><br>Ele acrescenta que as t\u00e9rmicas, ao possibilitarem que os reservat\u00f3rios fiquem cheios, reduzir\u00e3o o PLD m\u00e9dio, em 10 anos, em 50%, segundo estudo encomendado pela Abraget \u00e0 Thymos. \u201cIsso significa uma vantagem muito grande aos consumidores e aos consumidores livres, inclusive\u201d, afirmou.&nbsp;<br><br><strong>Judici\u00e1rio e ANEEL<\/strong><br>De acordo com Rodrigo Machado, do Madrona Advogados, apesar das diversas a\u00e7\u00f5es no Judici\u00e1rio pedindo o cancelamento do certame, a possibilidade de reverter o leil\u00e3o \u00e9 pequena.&nbsp;<br><br>\u201cQuestionar uma lei \u00e9 um caminho \u00e1rduo e complicado. \u00c9 diferente de questionar uma portaria ou decreto. N\u00e3o vejo isso acontecendo no momento\u201d, disse o advogado.<br><br>Sobre o certame, ele questiona se os 8 GW de t\u00e9rmicas s\u00e3o necess\u00e1rios. \u201cHoje essas termel\u00e9tricas n\u00e3o cabem. Temos uma situa\u00e7\u00e3o oposta. Na ANEEL (Ag\u00eancia Nacional de Energia El\u00e9trica), por exemplo, temos a corrida das outorgas. Os pedidos s\u00e3o maiores do que a nossa proje\u00e7\u00e3o de carga. E, somado a isso, colocaremos ainda 8 GW de termel\u00e9tricas em um momento em que os reservat\u00f3rios se recuperam, em um momento de custo de combust\u00edvel explodindo por conta da guerra e de sobreoferta\u201d, afirmou.<\/p>\n","protected":false},"excerpt":{"rendered":"<p>Alexandre Leoratti, da Ag\u00eancia iNFRA Agentes do setor de energia analisam que a disputa por empreendimentos no Nordeste no primeiro leil\u00e3o de reserva de capacidade de t\u00e9rmicas a g\u00e1s previsto na Lei 14.182\/2021, que permitiu a privatiza\u00e7\u00e3o da Eletrobras, ser\u00e1 a grande inc\u00f3gnita do certame, que ser\u00e1 realizado nesta sexta-feira (30).&nbsp; Segundo&nbsp;executivos do setor, h\u00e1 [&hellip;]<\/p>\n","protected":false},"author":9,"featured_media":4182,"comment_status":"closed","ping_status":"closed","sticky":false,"template":"","format":"standard","meta":{"_monsterinsights_skip_tracking":false,"_monsterinsights_sitenote_active":false,"_monsterinsights_sitenote_note":"","_monsterinsights_sitenote_category":0,"footnotes":""},"categories":[1,10],"tags":[1229,1127,5867,1855,4675,5865,143,5866,1864,785,1155],"class_list":["post-11423","post","type-post","status-publish","format-standard","has-post-thumbnail","hentry","category-geral","category-infraenergia","tag-eletronorte","tag-eneva","tag-fernando-porrua","tag-joao-carlos-mello","tag-lei-14-182-2021","tag-leilao-de-termicas","tag-petrobras","tag-privatizacao-da-eletrobras","tag-rodrigo-machado","tag-termicas-a-gas","tag-xisto-vieira"],"yoast_head":"<!-- This site is optimized with the Yoast SEO Premium plugin v25.4 (Yoast SEO v26.0) - https:\/\/yoast.com\/wordpress\/plugins\/seo\/ -->\n<title>Leil\u00e3o de t\u00e9rmicas deve ter disputa no Norte, mas competi\u00e7\u00e3o no Nordeste \u00e9 incerta, avalia setor - Ag\u00eancia iNFRA<\/title>\n<meta name=\"robots\" content=\"index, follow, max-snippet:-1, max-image-preview:large, max-video-preview:-1\" \/>\n<link rel=\"canonical\" href=\"https:\/\/agenciainfra.com\/blog\/leilao-de-termicas-deve-ter-disputa-no-norte-mas-competicao-no-nordeste-e-incerta-avalia-setor\/\" \/>\n<meta property=\"og:locale\" content=\"pt_BR\" \/>\n<meta property=\"og:type\" content=\"article\" \/>\n<meta property=\"og:title\" content=\"Leil\u00e3o de t\u00e9rmicas deve ter disputa no Norte, mas competi\u00e7\u00e3o no Nordeste \u00e9 incerta, avalia setor\" \/>\n<meta property=\"og:description\" content=\"Alexandre Leoratti, da Ag\u00eancia iNFRA Agentes do setor de energia analisam que a disputa por empreendimentos no Nordeste no primeiro leil\u00e3o de reserva de capacidade de t\u00e9rmicas a g\u00e1s previsto na Lei 14.182\/2021, que permitiu a privatiza\u00e7\u00e3o da Eletrobras, ser\u00e1 a grande inc\u00f3gnita do certame, que ser\u00e1 realizado nesta sexta-feira (30).&nbsp; Segundo&nbsp;executivos do setor, h\u00e1 [&hellip;]\" \/>\n<meta property=\"og:url\" content=\"https:\/\/agenciainfra.com\/blog\/leilao-de-termicas-deve-ter-disputa-no-norte-mas-competicao-no-nordeste-e-incerta-avalia-setor\/\" \/>\n<meta property=\"og:site_name\" content=\"Ag\u00eancia iNFRA\" \/>\n<meta property=\"article:publisher\" content=\"https:\/\/www.facebook.com\/ageninfra\" \/>\n<meta property=\"article:published_time\" content=\"2022-09-29T13:00:00+00:00\" \/>\n<meta property=\"og:image\" content=\"https:\/\/agenciainfra.com\/blog\/wp-content\/uploads\/2019\/12\/usina-termica-dominio-publico.jpg\" \/>\n\t<meta property=\"og:image:width\" content=\"1200\" \/>\n\t<meta property=\"og:image:height\" content=\"675\" \/>\n\t<meta property=\"og:image:type\" content=\"image\/jpeg\" \/>\n<meta name=\"author\" content=\"Rodrigo Zuquim\" \/>\n<meta name=\"twitter:card\" content=\"summary_large_image\" \/>\n<meta name=\"twitter:creator\" content=\"@agencia_infra\" \/>\n<meta name=\"twitter:site\" content=\"@agencia_infra\" \/>\n<meta name=\"twitter:label1\" content=\"Escrito por\" \/>\n\t<meta name=\"twitter:data1\" content=\"Rodrigo Zuquim\" \/>\n\t<meta name=\"twitter:label2\" content=\"Est. tempo de leitura\" \/>\n\t<meta name=\"twitter:data2\" content=\"5 minutos\" \/>\n<script type=\"application\/ld+json\" class=\"yoast-schema-graph\">{\"@context\":\"https:\/\/schema.org\",\"@graph\":[{\"@type\":\"Article\",\"@id\":\"https:\/\/agenciainfra.com\/blog\/leilao-de-termicas-deve-ter-disputa-no-norte-mas-competicao-no-nordeste-e-incerta-avalia-setor\/#article\",\"isPartOf\":{\"@id\":\"https:\/\/agenciainfra.com\/blog\/leilao-de-termicas-deve-ter-disputa-no-norte-mas-competicao-no-nordeste-e-incerta-avalia-setor\/\"},\"author\":{\"name\":\"Rodrigo Zuquim\",\"@id\":\"https:\/\/agenciainfra.com\/blog\/#\/schema\/person\/04dbb79bd6d8951f063da71f3e4c1eb1\"},\"headline\":\"Leil\u00e3o de t\u00e9rmicas deve ter disputa no Norte, mas competi\u00e7\u00e3o no Nordeste \u00e9 incerta, avalia setor\",\"datePublished\":\"2022-09-29T13:00:00+00:00\",\"mainEntityOfPage\":{\"@id\":\"https:\/\/agenciainfra.com\/blog\/leilao-de-termicas-deve-ter-disputa-no-norte-mas-competicao-no-nordeste-e-incerta-avalia-setor\/\"},\"wordCount\":1067,\"publisher\":{\"@id\":\"https:\/\/agenciainfra.com\/blog\/#organization\"},\"image\":{\"@id\":\"https:\/\/agenciainfra.com\/blog\/leilao-de-termicas-deve-ter-disputa-no-norte-mas-competicao-no-nordeste-e-incerta-avalia-setor\/#primaryimage\"},\"thumbnailUrl\":\"https:\/\/agenciainfra.com\/blog\/wp-content\/uploads\/2019\/12\/usina-termica-dominio-publico.jpg\",\"keywords\":[\"Eletronorte\",\"Eneva\",\"Fernando Porrua\",\"Jo\u00e3o Carlos Mello\",\"Lei 14.182\/2021\",\"leil\u00e3o de t\u00e9rmicas\",\"Petrobras\",\"privatiza\u00e7\u00e3o da Eletrobras\",\"Rodrigo Machado\",\"t\u00e9rmicas a g\u00e1s\",\"Xisto Vieira\"],\"articleSection\":[\"Geral\",\"iNFRAEnergia\"],\"inLanguage\":\"pt-BR\",\"copyrightYear\":\"2022\",\"copyrightHolder\":{\"@id\":\"https:\/\/agenciainfra.com\/blog\/#organization\"}},{\"@type\":\"WebPage\",\"@id\":\"https:\/\/agenciainfra.com\/blog\/leilao-de-termicas-deve-ter-disputa-no-norte-mas-competicao-no-nordeste-e-incerta-avalia-setor\/\",\"url\":\"https:\/\/agenciainfra.com\/blog\/leilao-de-termicas-deve-ter-disputa-no-norte-mas-competicao-no-nordeste-e-incerta-avalia-setor\/\",\"name\":\"Leil\u00e3o de t\u00e9rmicas deve ter disputa no Norte, mas competi\u00e7\u00e3o no Nordeste \u00e9 incerta, avalia setor - Ag\u00eancia iNFRA\",\"isPartOf\":{\"@id\":\"https:\/\/agenciainfra.com\/blog\/#website\"},\"primaryImageOfPage\":{\"@id\":\"https:\/\/agenciainfra.com\/blog\/leilao-de-termicas-deve-ter-disputa-no-norte-mas-competicao-no-nordeste-e-incerta-avalia-setor\/#primaryimage\"},\"image\":{\"@id\":\"https:\/\/agenciainfra.com\/blog\/leilao-de-termicas-deve-ter-disputa-no-norte-mas-competicao-no-nordeste-e-incerta-avalia-setor\/#primaryimage\"},\"thumbnailUrl\":\"https:\/\/agenciainfra.com\/blog\/wp-content\/uploads\/2019\/12\/usina-termica-dominio-publico.jpg\",\"datePublished\":\"2022-09-29T13:00:00+00:00\",\"breadcrumb\":{\"@id\":\"https:\/\/agenciainfra.com\/blog\/leilao-de-termicas-deve-ter-disputa-no-norte-mas-competicao-no-nordeste-e-incerta-avalia-setor\/#breadcrumb\"},\"inLanguage\":\"pt-BR\",\"potentialAction\":[{\"@type\":\"ReadAction\",\"target\":[\"https:\/\/agenciainfra.com\/blog\/leilao-de-termicas-deve-ter-disputa-no-norte-mas-competicao-no-nordeste-e-incerta-avalia-setor\/\"]}]},{\"@type\":\"ImageObject\",\"inLanguage\":\"pt-BR\",\"@id\":\"https:\/\/agenciainfra.com\/blog\/leilao-de-termicas-deve-ter-disputa-no-norte-mas-competicao-no-nordeste-e-incerta-avalia-setor\/#primaryimage\",\"url\":\"https:\/\/agenciainfra.com\/blog\/wp-content\/uploads\/2019\/12\/usina-termica-dominio-publico.jpg\",\"contentUrl\":\"https:\/\/agenciainfra.com\/blog\/wp-content\/uploads\/2019\/12\/usina-termica-dominio-publico.jpg\",\"width\":1200,\"height\":675,\"caption\":\"Foto: Dom\u00ednio P\u00fablico\"},{\"@type\":\"BreadcrumbList\",\"@id\":\"https:\/\/agenciainfra.com\/blog\/leilao-de-termicas-deve-ter-disputa-no-norte-mas-competicao-no-nordeste-e-incerta-avalia-setor\/#breadcrumb\",\"itemListElement\":[{\"@type\":\"ListItem\",\"position\":1,\"name\":\"In\u00edcio\",\"item\":\"https:\/\/agenciainfra.com\/blog\/\"},{\"@type\":\"ListItem\",\"position\":2,\"name\":\"Leil\u00e3o de t\u00e9rmicas deve ter disputa no Norte, mas competi\u00e7\u00e3o no Nordeste \u00e9 incerta, avalia setor\"}]},{\"@type\":\"WebSite\",\"@id\":\"https:\/\/agenciainfra.com\/blog\/#website\",\"url\":\"https:\/\/agenciainfra.com\/blog\/\",\"name\":\"Ag\u00eancia iNFRA\",\"description\":\"Multiplataforma de informa\u00e7\u00e3o jornal\u00edstica refer\u00eancia na \u00e1rea de infraestrutura no Brasil!\",\"publisher\":{\"@id\":\"https:\/\/agenciainfra.com\/blog\/#organization\"},\"potentialAction\":[{\"@type\":\"SearchAction\",\"target\":{\"@type\":\"EntryPoint\",\"urlTemplate\":\"https:\/\/agenciainfra.com\/blog\/?s={search_term_string}\"},\"query-input\":{\"@type\":\"PropertyValueSpecification\",\"valueRequired\":true,\"valueName\":\"search_term_string\"}}],\"inLanguage\":\"pt-BR\"},{\"@type\":\"Organization\",\"@id\":\"https:\/\/agenciainfra.com\/blog\/#organization\",\"name\":\"Ag\u00eancia iNFRA\",\"url\":\"https:\/\/agenciainfra.com\/blog\/\",\"logo\":{\"@type\":\"ImageObject\",\"inLanguage\":\"pt-BR\",\"@id\":\"https:\/\/agenciainfra.com\/blog\/#\/schema\/logo\/image\/\",\"url\":\"https:\/\/agenciainfra.com\/blog\/wp-content\/uploads\/2023\/09\/iNFRA_5-e1761735885940.png\",\"contentUrl\":\"https:\/\/agenciainfra.com\/blog\/wp-content\/uploads\/2023\/09\/iNFRA_5-e1761735885940.png\",\"width\":1672,\"height\":454,\"caption\":\"Ag\u00eancia iNFRA\"},\"image\":{\"@id\":\"https:\/\/agenciainfra.com\/blog\/#\/schema\/logo\/image\/\"},\"sameAs\":[\"https:\/\/www.facebook.com\/ageninfra\",\"https:\/\/x.com\/agencia_infra\",\"https:\/\/www.linkedin.com\/company\/ag\u00eanciainfra\/\",\"https:\/\/www.instagram.com\/agenciainfra\/\"]},{\"@type\":\"Person\",\"@id\":\"https:\/\/agenciainfra.com\/blog\/#\/schema\/person\/04dbb79bd6d8951f063da71f3e4c1eb1\",\"name\":\"Rodrigo Zuquim\",\"image\":{\"@type\":\"ImageObject\",\"inLanguage\":\"pt-BR\",\"@id\":\"https:\/\/agenciainfra.com\/blog\/#\/schema\/person\/image\/\",\"url\":\"https:\/\/secure.gravatar.com\/avatar\/594abfe82761d620726242ff34ca472a705a4b97f16c790053a6b4c4035274d0?s=96&d=mm&r=g\",\"contentUrl\":\"https:\/\/secure.gravatar.com\/avatar\/594abfe82761d620726242ff34ca472a705a4b97f16c790053a6b4c4035274d0?s=96&d=mm&r=g\",\"caption\":\"Rodrigo Zuquim\"},\"url\":\"https:\/\/agenciainfra.com\/blog\/author\/rodrigo-zuquim\/\"}]}<\/script>\n<!-- \/ Yoast SEO Premium plugin. -->","yoast_head_json":{"title":"Leil\u00e3o de t\u00e9rmicas deve ter disputa no Norte, mas competi\u00e7\u00e3o no Nordeste \u00e9 incerta, avalia setor - Ag\u00eancia iNFRA","robots":{"index":"index","follow":"follow","max-snippet":"max-snippet:-1","max-image-preview":"max-image-preview:large","max-video-preview":"max-video-preview:-1"},"canonical":"https:\/\/agenciainfra.com\/blog\/leilao-de-termicas-deve-ter-disputa-no-norte-mas-competicao-no-nordeste-e-incerta-avalia-setor\/","og_locale":"pt_BR","og_type":"article","og_title":"Leil\u00e3o de t\u00e9rmicas deve ter disputa no Norte, mas competi\u00e7\u00e3o no Nordeste \u00e9 incerta, avalia setor","og_description":"Alexandre Leoratti, da Ag\u00eancia iNFRA Agentes do setor de energia analisam que a disputa por empreendimentos no Nordeste no primeiro leil\u00e3o de reserva de capacidade de t\u00e9rmicas a g\u00e1s previsto na Lei 14.182\/2021, que permitiu a privatiza\u00e7\u00e3o da Eletrobras, ser\u00e1 a grande inc\u00f3gnita do certame, que ser\u00e1 realizado nesta sexta-feira (30).&nbsp; Segundo&nbsp;executivos do setor, h\u00e1 [&hellip;]","og_url":"https:\/\/agenciainfra.com\/blog\/leilao-de-termicas-deve-ter-disputa-no-norte-mas-competicao-no-nordeste-e-incerta-avalia-setor\/","og_site_name":"Ag\u00eancia iNFRA","article_publisher":"https:\/\/www.facebook.com\/ageninfra","article_published_time":"2022-09-29T13:00:00+00:00","og_image":[{"width":1200,"height":675,"url":"https:\/\/agenciainfra.com\/blog\/wp-content\/uploads\/2019\/12\/usina-termica-dominio-publico.jpg","type":"image\/jpeg"}],"author":"Rodrigo Zuquim","twitter_card":"summary_large_image","twitter_creator":"@agencia_infra","twitter_site":"@agencia_infra","twitter_misc":{"Escrito por":"Rodrigo Zuquim","Est. tempo de leitura":"5 minutos"},"schema":{"@context":"https:\/\/schema.org","@graph":[{"@type":"Article","@id":"https:\/\/agenciainfra.com\/blog\/leilao-de-termicas-deve-ter-disputa-no-norte-mas-competicao-no-nordeste-e-incerta-avalia-setor\/#article","isPartOf":{"@id":"https:\/\/agenciainfra.com\/blog\/leilao-de-termicas-deve-ter-disputa-no-norte-mas-competicao-no-nordeste-e-incerta-avalia-setor\/"},"author":{"name":"Rodrigo Zuquim","@id":"https:\/\/agenciainfra.com\/blog\/#\/schema\/person\/04dbb79bd6d8951f063da71f3e4c1eb1"},"headline":"Leil\u00e3o de t\u00e9rmicas deve ter disputa no Norte, mas competi\u00e7\u00e3o no Nordeste \u00e9 incerta, avalia setor","datePublished":"2022-09-29T13:00:00+00:00","mainEntityOfPage":{"@id":"https:\/\/agenciainfra.com\/blog\/leilao-de-termicas-deve-ter-disputa-no-norte-mas-competicao-no-nordeste-e-incerta-avalia-setor\/"},"wordCount":1067,"publisher":{"@id":"https:\/\/agenciainfra.com\/blog\/#organization"},"image":{"@id":"https:\/\/agenciainfra.com\/blog\/leilao-de-termicas-deve-ter-disputa-no-norte-mas-competicao-no-nordeste-e-incerta-avalia-setor\/#primaryimage"},"thumbnailUrl":"https:\/\/agenciainfra.com\/blog\/wp-content\/uploads\/2019\/12\/usina-termica-dominio-publico.jpg","keywords":["Eletronorte","Eneva","Fernando Porrua","Jo\u00e3o Carlos Mello","Lei 14.182\/2021","leil\u00e3o de t\u00e9rmicas","Petrobras","privatiza\u00e7\u00e3o da Eletrobras","Rodrigo Machado","t\u00e9rmicas a g\u00e1s","Xisto Vieira"],"articleSection":["Geral","iNFRAEnergia"],"inLanguage":"pt-BR","copyrightYear":"2022","copyrightHolder":{"@id":"https:\/\/agenciainfra.com\/blog\/#organization"}},{"@type":"WebPage","@id":"https:\/\/agenciainfra.com\/blog\/leilao-de-termicas-deve-ter-disputa-no-norte-mas-competicao-no-nordeste-e-incerta-avalia-setor\/","url":"https:\/\/agenciainfra.com\/blog\/leilao-de-termicas-deve-ter-disputa-no-norte-mas-competicao-no-nordeste-e-incerta-avalia-setor\/","name":"Leil\u00e3o de t\u00e9rmicas deve ter disputa no Norte, mas competi\u00e7\u00e3o no Nordeste \u00e9 incerta, avalia setor - Ag\u00eancia iNFRA","isPartOf":{"@id":"https:\/\/agenciainfra.com\/blog\/#website"},"primaryImageOfPage":{"@id":"https:\/\/agenciainfra.com\/blog\/leilao-de-termicas-deve-ter-disputa-no-norte-mas-competicao-no-nordeste-e-incerta-avalia-setor\/#primaryimage"},"image":{"@id":"https:\/\/agenciainfra.com\/blog\/leilao-de-termicas-deve-ter-disputa-no-norte-mas-competicao-no-nordeste-e-incerta-avalia-setor\/#primaryimage"},"thumbnailUrl":"https:\/\/agenciainfra.com\/blog\/wp-content\/uploads\/2019\/12\/usina-termica-dominio-publico.jpg","datePublished":"2022-09-29T13:00:00+00:00","breadcrumb":{"@id":"https:\/\/agenciainfra.com\/blog\/leilao-de-termicas-deve-ter-disputa-no-norte-mas-competicao-no-nordeste-e-incerta-avalia-setor\/#breadcrumb"},"inLanguage":"pt-BR","potentialAction":[{"@type":"ReadAction","target":["https:\/\/agenciainfra.com\/blog\/leilao-de-termicas-deve-ter-disputa-no-norte-mas-competicao-no-nordeste-e-incerta-avalia-setor\/"]}]},{"@type":"ImageObject","inLanguage":"pt-BR","@id":"https:\/\/agenciainfra.com\/blog\/leilao-de-termicas-deve-ter-disputa-no-norte-mas-competicao-no-nordeste-e-incerta-avalia-setor\/#primaryimage","url":"https:\/\/agenciainfra.com\/blog\/wp-content\/uploads\/2019\/12\/usina-termica-dominio-publico.jpg","contentUrl":"https:\/\/agenciainfra.com\/blog\/wp-content\/uploads\/2019\/12\/usina-termica-dominio-publico.jpg","width":1200,"height":675,"caption":"Foto: Dom\u00ednio P\u00fablico"},{"@type":"BreadcrumbList","@id":"https:\/\/agenciainfra.com\/blog\/leilao-de-termicas-deve-ter-disputa-no-norte-mas-competicao-no-nordeste-e-incerta-avalia-setor\/#breadcrumb","itemListElement":[{"@type":"ListItem","position":1,"name":"In\u00edcio","item":"https:\/\/agenciainfra.com\/blog\/"},{"@type":"ListItem","position":2,"name":"Leil\u00e3o de t\u00e9rmicas deve ter disputa no Norte, mas competi\u00e7\u00e3o no Nordeste \u00e9 incerta, avalia setor"}]},{"@type":"WebSite","@id":"https:\/\/agenciainfra.com\/blog\/#website","url":"https:\/\/agenciainfra.com\/blog\/","name":"Ag\u00eancia iNFRA","description":"Multiplataforma de informa\u00e7\u00e3o jornal\u00edstica refer\u00eancia na \u00e1rea de infraestrutura no Brasil!","publisher":{"@id":"https:\/\/agenciainfra.com\/blog\/#organization"},"potentialAction":[{"@type":"SearchAction","target":{"@type":"EntryPoint","urlTemplate":"https:\/\/agenciainfra.com\/blog\/?s={search_term_string}"},"query-input":{"@type":"PropertyValueSpecification","valueRequired":true,"valueName":"search_term_string"}}],"inLanguage":"pt-BR"},{"@type":"Organization","@id":"https:\/\/agenciainfra.com\/blog\/#organization","name":"Ag\u00eancia iNFRA","url":"https:\/\/agenciainfra.com\/blog\/","logo":{"@type":"ImageObject","inLanguage":"pt-BR","@id":"https:\/\/agenciainfra.com\/blog\/#\/schema\/logo\/image\/","url":"https:\/\/agenciainfra.com\/blog\/wp-content\/uploads\/2023\/09\/iNFRA_5-e1761735885940.png","contentUrl":"https:\/\/agenciainfra.com\/blog\/wp-content\/uploads\/2023\/09\/iNFRA_5-e1761735885940.png","width":1672,"height":454,"caption":"Ag\u00eancia iNFRA"},"image":{"@id":"https:\/\/agenciainfra.com\/blog\/#\/schema\/logo\/image\/"},"sameAs":["https:\/\/www.facebook.com\/ageninfra","https:\/\/x.com\/agencia_infra","https:\/\/www.linkedin.com\/company\/ag\u00eanciainfra\/","https:\/\/www.instagram.com\/agenciainfra\/"]},{"@type":"Person","@id":"https:\/\/agenciainfra.com\/blog\/#\/schema\/person\/04dbb79bd6d8951f063da71f3e4c1eb1","name":"Rodrigo Zuquim","image":{"@type":"ImageObject","inLanguage":"pt-BR","@id":"https:\/\/agenciainfra.com\/blog\/#\/schema\/person\/image\/","url":"https:\/\/secure.gravatar.com\/avatar\/594abfe82761d620726242ff34ca472a705a4b97f16c790053a6b4c4035274d0?s=96&d=mm&r=g","contentUrl":"https:\/\/secure.gravatar.com\/avatar\/594abfe82761d620726242ff34ca472a705a4b97f16c790053a6b4c4035274d0?s=96&d=mm&r=g","caption":"Rodrigo Zuquim"},"url":"https:\/\/agenciainfra.com\/blog\/author\/rodrigo-zuquim\/"}]}},"_links":{"self":[{"href":"https:\/\/agenciainfra.com\/blog\/wp-json\/wp\/v2\/posts\/11423","targetHints":{"allow":["GET"]}}],"collection":[{"href":"https:\/\/agenciainfra.com\/blog\/wp-json\/wp\/v2\/posts"}],"about":[{"href":"https:\/\/agenciainfra.com\/blog\/wp-json\/wp\/v2\/types\/post"}],"author":[{"embeddable":true,"href":"https:\/\/agenciainfra.com\/blog\/wp-json\/wp\/v2\/users\/9"}],"replies":[{"embeddable":true,"href":"https:\/\/agenciainfra.com\/blog\/wp-json\/wp\/v2\/comments?post=11423"}],"version-history":[{"count":0,"href":"https:\/\/agenciainfra.com\/blog\/wp-json\/wp\/v2\/posts\/11423\/revisions"}],"wp:featuredmedia":[{"embeddable":true,"href":"https:\/\/agenciainfra.com\/blog\/wp-json\/wp\/v2\/media\/4182"}],"wp:attachment":[{"href":"https:\/\/agenciainfra.com\/blog\/wp-json\/wp\/v2\/media?parent=11423"}],"wp:term":[{"taxonomy":"category","embeddable":true,"href":"https:\/\/agenciainfra.com\/blog\/wp-json\/wp\/v2\/categories?post=11423"},{"taxonomy":"post_tag","embeddable":true,"href":"https:\/\/agenciainfra.com\/blog\/wp-json\/wp\/v2\/tags?post=11423"}],"curies":[{"name":"wp","href":"https:\/\/api.w.org\/{rel}","templated":true}]}}