{"id":11476,"date":"2022-10-08T09:00:00","date_gmt":"2022-10-08T12:00:00","guid":{"rendered":"https:\/\/www.agenciainfra.com\/blog\/?p=11476"},"modified":"2022-10-07T08:28:47","modified_gmt":"2022-10-07T11:28:47","slug":"tcu-ve-indicios-de-irregularidades-em-inclusao-de-obra-na-concessao-da-br-153-sp-e-pede-apuracao","status":"publish","type":"post","link":"https:\/\/agenciainfra.com\/blog\/tcu-ve-indicios-de-irregularidades-em-inclusao-de-obra-na-concessao-da-br-153-sp-e-pede-apuracao\/","title":{"rendered":"TCU v\u00ea ind\u00edcios de irregularidades em inclus\u00e3o de obra na concess\u00e3o da BR-153\/SP e pede apura\u00e7\u00e3o"},"content":{"rendered":"\n<p class=\"has-text-align-right\"><strong>Jenifer Ribeiro, da Ag\u00eancia iNFRA<\/strong><\/p>\n\n\n\n<p>O plen\u00e1rio do TCU (Tribunal de Contas da Uni\u00e3o) aprovou, na \u00faltima\u00a0quarta-feira (5), ac\u00f3rd\u00e3o que aponta ind\u00edcios de irregularidades no contrato da Transbrasiliana Concession\u00e1ria de Rodovia S\/A, que administra a BR-153\/SP.<br><br>Os ministros votaram por determinar que a ANTT (Ag\u00eancia Nacional de Transportes Terrestres) abra, no prazo de 15 dias, um processo administrativo para apurar as suspeitas de irregularidades relatadas nos autos e d\u00ea publicidade aos dados, assim como apresente os resultados da apura\u00e7\u00e3o ao TCU em at\u00e9 180 dias.<br><br>Para o Tribunal de Contas, a concession\u00e1ria cometeu irregularidades contratuais e na presta\u00e7\u00e3o dos servi\u00e7os previstos no PER (Programa de Explora\u00e7\u00e3o Rodovi\u00e1ria) e apresentou dados \u201cmanipulados\u201d para a ANTT.<br><br>No voto, o ministro relator, Weder Oliveira, afirma que \u201cficou demonstrado que, por meio de adultera\u00e7\u00e3o dos relat\u00f3rios e laudos de aferi\u00e7\u00e3o de par\u00e2metros de qualidade das rodovias, a concession\u00e1ria simulou, perante a ANTT, o cumprimento do PER\u201d.<br><br><strong>Pedido de duplica\u00e7\u00e3o\u00a0<\/strong><br>Weder apreciou outro processo envolvendo a Transbrasiliana, uma representa\u00e7\u00e3o contra ind\u00edcios de irregularidades relativas \u00e0 inclus\u00e3o de novas obras de duplica\u00e7\u00e3o rodovi\u00e1ria no contrato de concess\u00e3o dos lotes 1 (de Ic\u00e9m a S\u00e3o Jos\u00e9 do Rio Preto)\u00a0e 3 (de Promiss\u00e3o a Getulina)\u00a0da rodovia.<br><br>Utilizando a mesma l\u00f3gica do processo anterior, o ministro decidiu por n\u00e3o permitir que as obras sejam feitas. De acordo com Weder, n\u00e3o \u00e9 poss\u00edvel saber se \u201cas condi\u00e7\u00f5es operacionais da rodovia s\u00e3o aquelas expressas nos relat\u00f3rios encaminhados \u00e0 ANTT, considerando as evid\u00eancias de manipula\u00e7\u00e3o e fraude, por parte da concession\u00e1ria\u201d.<br><br>Uma das advogadas do processo, Paola Aires Correa Lima, afirmou durante a sess\u00e3o que os documentos encaminhados para esse processo s\u00e3o diferentes dos apresentados no processo sobre as irregularidades.<br><br>O ministro levou em considera\u00e7\u00e3o um estudo realizado pela UFSC (Universidade Federal de Santa Catarina) e pela ANTT que concluiu que as obras previstas no PER s\u00e3o suficientes para se operar em n\u00edveis de servi\u00e7o de tr\u00e1fego satisfat\u00f3rio e n\u00e3o h\u00e1 necessidade da duplica\u00e7\u00e3o do trecho.<br><br>Como em mar\u00e7o do ano passado o TRF-1 (Tribunal Regional Federal da 1\u00aa Regi\u00e3o)\u00a0aprovou a duplica\u00e7\u00e3o dos dois lotes da rodovia, o ministro Weder decidiu deixar \u201cde expedir, neste momento, as determina\u00e7\u00f5es corretivas propostas no relat\u00f3rio desta delibera\u00e7\u00e3o em raz\u00e3o da decis\u00e3o da 6\u00aa Turma do Tribunal Regional Federal da 1\u00aa Regi\u00e3o\u201d e dar ci\u00eancia para o tribunal federal sobre o n\u00e3o cumprimento do contrato.<br><br>Procurado pela\u00a0<strong>Ag\u00eancia iNFRA<\/strong>, o escrit\u00f3rio que representa a empresa no caso da duplica\u00e7\u00e3o, Dutra e Associados Advocacia, informou que a concession\u00e1ria \u201cir\u00e1 recorrer oportunamente da decis\u00e3o do TCU no que se refere \u00e0s supostas irregularidades apontadas\u201d.<br><br>A advogada, Paola, destacou ainda que \u201co plen\u00e1rio da Corte teve a elogiosa cautela de ressalvar a vig\u00eancia e a efic\u00e1cia de decis\u00f5es judiciais favor\u00e1veis \u00e0 concession\u00e1ria, que reconheceram direito da empresa de realizar obras que ag\u00eancia, no passado, tamb\u00e9m reconhecera serem imprescind\u00edveis para evitar o grande n\u00famero de acidentes com v\u00edtimas que a rodovia vem experimentando nos \u00faltimos anos\u201d.<\/p>\n","protected":false},"excerpt":{"rendered":"<p>Jenifer Ribeiro, da Ag\u00eancia iNFRA O plen\u00e1rio do TCU (Tribunal de Contas da Uni\u00e3o) aprovou, na \u00faltima\u00a0quarta-feira (5), ac\u00f3rd\u00e3o que aponta ind\u00edcios de irregularidades no contrato da Transbrasiliana Concession\u00e1ria de Rodovia S\/A, que administra a BR-153\/SP. Os ministros votaram por determinar que a ANTT (Ag\u00eancia Nacional de Transportes Terrestres) abra, no prazo de 15 dias, [&hellip;]<\/p>\n","protected":false},"author":9,"featured_media":7177,"comment_status":"closed","ping_status":"closed","sticky":false,"template":"","format":"standard","meta":{"_monsterinsights_skip_tracking":false,"_monsterinsights_sitenote_active":false,"_monsterinsights_sitenote_note":"","_monsterinsights_sitenote_category":0,"footnotes":""},"categories":[1,7],"tags":[19,3945,22,719,5902,21,18,652,70,5869],"class_list":["post-11476","post","type-post","status-publish","format-standard","has-post-thumbnail","hentry","category-geral","category-infratransporte","tag-antt","tag-br-153-sp","tag-concessao","tag-obra","tag-paola-aires-correa-lima","tag-rodovia","tag-tcu","tag-transbrasiliana","tag-transportes","tag-weder-oliveira"],"yoast_head":"<!-- This site is optimized with the Yoast SEO Premium plugin v25.4 (Yoast SEO v26.0) - https:\/\/yoast.com\/wordpress\/plugins\/seo\/ -->\n<title>TCU v\u00ea ind\u00edcios de irregularidades em inclus\u00e3o de obra na concess\u00e3o da BR-153\/SP e pede apura\u00e7\u00e3o - Ag\u00eancia iNFRA<\/title>\n<meta name=\"robots\" content=\"index, follow, max-snippet:-1, max-image-preview:large, max-video-preview:-1\" \/>\n<link rel=\"canonical\" href=\"https:\/\/agenciainfra.com\/blog\/tcu-ve-indicios-de-irregularidades-em-inclusao-de-obra-na-concessao-da-br-153-sp-e-pede-apuracao\/\" \/>\n<meta property=\"og:locale\" content=\"pt_BR\" \/>\n<meta property=\"og:type\" content=\"article\" \/>\n<meta property=\"og:title\" content=\"TCU v\u00ea ind\u00edcios de irregularidades em inclus\u00e3o de obra na concess\u00e3o da BR-153\/SP e pede apura\u00e7\u00e3o\" \/>\n<meta property=\"og:description\" content=\"Jenifer Ribeiro, da Ag\u00eancia iNFRA O plen\u00e1rio do TCU (Tribunal de Contas da Uni\u00e3o) aprovou, na \u00faltima\u00a0quarta-feira (5), ac\u00f3rd\u00e3o que aponta ind\u00edcios de irregularidades no contrato da Transbrasiliana Concession\u00e1ria de Rodovia S\/A, que administra a BR-153\/SP. Os ministros votaram por determinar que a ANTT (Ag\u00eancia Nacional de Transportes Terrestres) abra, no prazo de 15 dias, [&hellip;]\" \/>\n<meta property=\"og:url\" content=\"https:\/\/agenciainfra.com\/blog\/tcu-ve-indicios-de-irregularidades-em-inclusao-de-obra-na-concessao-da-br-153-sp-e-pede-apuracao\/\" \/>\n<meta property=\"og:site_name\" content=\"Ag\u00eancia iNFRA\" \/>\n<meta property=\"article:publisher\" content=\"https:\/\/www.facebook.com\/ageninfra\" \/>\n<meta property=\"article:published_time\" content=\"2022-10-08T12:00:00+00:00\" \/>\n<meta property=\"og:image\" content=\"https:\/\/agenciainfra.com\/blog\/wp-content\/uploads\/2021\/04\/br-153-foto-minfra.png\" \/>\n\t<meta property=\"og:image:width\" content=\"1280\" \/>\n\t<meta property=\"og:image:height\" content=\"854\" \/>\n\t<meta property=\"og:image:type\" content=\"image\/png\" \/>\n<meta name=\"author\" content=\"Rodrigo Zuquim\" \/>\n<meta name=\"twitter:card\" content=\"summary_large_image\" \/>\n<meta name=\"twitter:creator\" content=\"@agencia_infra\" \/>\n<meta name=\"twitter:site\" content=\"@agencia_infra\" \/>\n<meta name=\"twitter:label1\" content=\"Escrito por\" \/>\n\t<meta name=\"twitter:data1\" content=\"Rodrigo Zuquim\" \/>\n\t<meta name=\"twitter:label2\" content=\"Est. tempo de leitura\" \/>\n\t<meta name=\"twitter:data2\" content=\"3 minutos\" \/>\n<script type=\"application\/ld+json\" class=\"yoast-schema-graph\">{\"@context\":\"https:\/\/schema.org\",\"@graph\":[{\"@type\":\"Article\",\"@id\":\"https:\/\/agenciainfra.com\/blog\/tcu-ve-indicios-de-irregularidades-em-inclusao-de-obra-na-concessao-da-br-153-sp-e-pede-apuracao\/#article\",\"isPartOf\":{\"@id\":\"https:\/\/agenciainfra.com\/blog\/tcu-ve-indicios-de-irregularidades-em-inclusao-de-obra-na-concessao-da-br-153-sp-e-pede-apuracao\/\"},\"author\":{\"name\":\"Rodrigo Zuquim\",\"@id\":\"https:\/\/agenciainfra.com\/blog\/#\/schema\/person\/04dbb79bd6d8951f063da71f3e4c1eb1\"},\"headline\":\"TCU v\u00ea ind\u00edcios de irregularidades em inclus\u00e3o de obra na concess\u00e3o da BR-153\/SP e pede apura\u00e7\u00e3o\",\"datePublished\":\"2022-10-08T12:00:00+00:00\",\"mainEntityOfPage\":{\"@id\":\"https:\/\/agenciainfra.com\/blog\/tcu-ve-indicios-de-irregularidades-em-inclusao-de-obra-na-concessao-da-br-153-sp-e-pede-apuracao\/\"},\"wordCount\":577,\"publisher\":{\"@id\":\"https:\/\/agenciainfra.com\/blog\/#organization\"},\"image\":{\"@id\":\"https:\/\/agenciainfra.com\/blog\/tcu-ve-indicios-de-irregularidades-em-inclusao-de-obra-na-concessao-da-br-153-sp-e-pede-apuracao\/#primaryimage\"},\"thumbnailUrl\":\"https:\/\/agenciainfra.com\/blog\/wp-content\/uploads\/2021\/04\/br-153-foto-minfra.png\",\"keywords\":[\"ANTT\",\"BR-153\/SP\",\"Concess\u00e3o\",\"obra\",\"Paola Aires Correa Lima\",\"Rodovia\",\"TCU\",\"Transbrasiliana\",\"transportes\",\"Weder Oliveira\"],\"articleSection\":[\"Geral\",\"iNFRATransporte\"],\"inLanguage\":\"pt-BR\",\"copyrightYear\":\"2022\",\"copyrightHolder\":{\"@id\":\"https:\/\/agenciainfra.com\/blog\/#organization\"}},{\"@type\":\"WebPage\",\"@id\":\"https:\/\/agenciainfra.com\/blog\/tcu-ve-indicios-de-irregularidades-em-inclusao-de-obra-na-concessao-da-br-153-sp-e-pede-apuracao\/\",\"url\":\"https:\/\/agenciainfra.com\/blog\/tcu-ve-indicios-de-irregularidades-em-inclusao-de-obra-na-concessao-da-br-153-sp-e-pede-apuracao\/\",\"name\":\"TCU v\u00ea ind\u00edcios de irregularidades em inclus\u00e3o de obra na concess\u00e3o da BR-153\/SP e pede apura\u00e7\u00e3o - Ag\u00eancia iNFRA\",\"isPartOf\":{\"@id\":\"https:\/\/agenciainfra.com\/blog\/#website\"},\"primaryImageOfPage\":{\"@id\":\"https:\/\/agenciainfra.com\/blog\/tcu-ve-indicios-de-irregularidades-em-inclusao-de-obra-na-concessao-da-br-153-sp-e-pede-apuracao\/#primaryimage\"},\"image\":{\"@id\":\"https:\/\/agenciainfra.com\/blog\/tcu-ve-indicios-de-irregularidades-em-inclusao-de-obra-na-concessao-da-br-153-sp-e-pede-apuracao\/#primaryimage\"},\"thumbnailUrl\":\"https:\/\/agenciainfra.com\/blog\/wp-content\/uploads\/2021\/04\/br-153-foto-minfra.png\",\"datePublished\":\"2022-10-08T12:00:00+00:00\",\"breadcrumb\":{\"@id\":\"https:\/\/agenciainfra.com\/blog\/tcu-ve-indicios-de-irregularidades-em-inclusao-de-obra-na-concessao-da-br-153-sp-e-pede-apuracao\/#breadcrumb\"},\"inLanguage\":\"pt-BR\",\"potentialAction\":[{\"@type\":\"ReadAction\",\"target\":[\"https:\/\/agenciainfra.com\/blog\/tcu-ve-indicios-de-irregularidades-em-inclusao-de-obra-na-concessao-da-br-153-sp-e-pede-apuracao\/\"]}]},{\"@type\":\"ImageObject\",\"inLanguage\":\"pt-BR\",\"@id\":\"https:\/\/agenciainfra.com\/blog\/tcu-ve-indicios-de-irregularidades-em-inclusao-de-obra-na-concessao-da-br-153-sp-e-pede-apuracao\/#primaryimage\",\"url\":\"https:\/\/agenciainfra.com\/blog\/wp-content\/uploads\/2021\/04\/br-153-foto-minfra.png\",\"contentUrl\":\"https:\/\/agenciainfra.com\/blog\/wp-content\/uploads\/2021\/04\/br-153-foto-minfra.png\",\"width\":1280,\"height\":854},{\"@type\":\"BreadcrumbList\",\"@id\":\"https:\/\/agenciainfra.com\/blog\/tcu-ve-indicios-de-irregularidades-em-inclusao-de-obra-na-concessao-da-br-153-sp-e-pede-apuracao\/#breadcrumb\",\"itemListElement\":[{\"@type\":\"ListItem\",\"position\":1,\"name\":\"In\u00edcio\",\"item\":\"https:\/\/agenciainfra.com\/blog\/\"},{\"@type\":\"ListItem\",\"position\":2,\"name\":\"TCU v\u00ea ind\u00edcios de irregularidades em inclus\u00e3o de obra na concess\u00e3o da BR-153\/SP e pede apura\u00e7\u00e3o\"}]},{\"@type\":\"WebSite\",\"@id\":\"https:\/\/agenciainfra.com\/blog\/#website\",\"url\":\"https:\/\/agenciainfra.com\/blog\/\",\"name\":\"Ag\u00eancia iNFRA\",\"description\":\"Multiplataforma de informa\u00e7\u00e3o jornal\u00edstica refer\u00eancia na \u00e1rea de infraestrutura no Brasil!\",\"publisher\":{\"@id\":\"https:\/\/agenciainfra.com\/blog\/#organization\"},\"potentialAction\":[{\"@type\":\"SearchAction\",\"target\":{\"@type\":\"EntryPoint\",\"urlTemplate\":\"https:\/\/agenciainfra.com\/blog\/?s={search_term_string}\"},\"query-input\":{\"@type\":\"PropertyValueSpecification\",\"valueRequired\":true,\"valueName\":\"search_term_string\"}}],\"inLanguage\":\"pt-BR\"},{\"@type\":\"Organization\",\"@id\":\"https:\/\/agenciainfra.com\/blog\/#organization\",\"name\":\"Ag\u00eancia iNFRA\",\"url\":\"https:\/\/agenciainfra.com\/blog\/\",\"logo\":{\"@type\":\"ImageObject\",\"inLanguage\":\"pt-BR\",\"@id\":\"https:\/\/agenciainfra.com\/blog\/#\/schema\/logo\/image\/\",\"url\":\"https:\/\/agenciainfra.com\/blog\/wp-content\/uploads\/2023\/09\/iNFRA_5-e1761735885940.png\",\"contentUrl\":\"https:\/\/agenciainfra.com\/blog\/wp-content\/uploads\/2023\/09\/iNFRA_5-e1761735885940.png\",\"width\":1672,\"height\":454,\"caption\":\"Ag\u00eancia iNFRA\"},\"image\":{\"@id\":\"https:\/\/agenciainfra.com\/blog\/#\/schema\/logo\/image\/\"},\"sameAs\":[\"https:\/\/www.facebook.com\/ageninfra\",\"https:\/\/x.com\/agencia_infra\",\"https:\/\/www.linkedin.com\/company\/ag\u00eanciainfra\/\",\"https:\/\/www.instagram.com\/agenciainfra\/\"]},{\"@type\":\"Person\",\"@id\":\"https:\/\/agenciainfra.com\/blog\/#\/schema\/person\/04dbb79bd6d8951f063da71f3e4c1eb1\",\"name\":\"Rodrigo Zuquim\",\"image\":{\"@type\":\"ImageObject\",\"inLanguage\":\"pt-BR\",\"@id\":\"https:\/\/agenciainfra.com\/blog\/#\/schema\/person\/image\/\",\"url\":\"https:\/\/secure.gravatar.com\/avatar\/594abfe82761d620726242ff34ca472a705a4b97f16c790053a6b4c4035274d0?s=96&d=mm&r=g\",\"contentUrl\":\"https:\/\/secure.gravatar.com\/avatar\/594abfe82761d620726242ff34ca472a705a4b97f16c790053a6b4c4035274d0?s=96&d=mm&r=g\",\"caption\":\"Rodrigo Zuquim\"},\"url\":\"https:\/\/agenciainfra.com\/blog\/author\/rodrigo-zuquim\/\"}]}<\/script>\n<!-- \/ Yoast SEO Premium plugin. -->","yoast_head_json":{"title":"TCU v\u00ea ind\u00edcios de irregularidades em inclus\u00e3o de obra na concess\u00e3o da BR-153\/SP e pede apura\u00e7\u00e3o - Ag\u00eancia iNFRA","robots":{"index":"index","follow":"follow","max-snippet":"max-snippet:-1","max-image-preview":"max-image-preview:large","max-video-preview":"max-video-preview:-1"},"canonical":"https:\/\/agenciainfra.com\/blog\/tcu-ve-indicios-de-irregularidades-em-inclusao-de-obra-na-concessao-da-br-153-sp-e-pede-apuracao\/","og_locale":"pt_BR","og_type":"article","og_title":"TCU v\u00ea ind\u00edcios de irregularidades em inclus\u00e3o de obra na concess\u00e3o da BR-153\/SP e pede apura\u00e7\u00e3o","og_description":"Jenifer Ribeiro, da Ag\u00eancia iNFRA O plen\u00e1rio do TCU (Tribunal de Contas da Uni\u00e3o) aprovou, na \u00faltima\u00a0quarta-feira (5), ac\u00f3rd\u00e3o que aponta ind\u00edcios de irregularidades no contrato da Transbrasiliana Concession\u00e1ria de Rodovia S\/A, que administra a BR-153\/SP. Os ministros votaram por determinar que a ANTT (Ag\u00eancia Nacional de Transportes Terrestres) abra, no prazo de 15 dias, [&hellip;]","og_url":"https:\/\/agenciainfra.com\/blog\/tcu-ve-indicios-de-irregularidades-em-inclusao-de-obra-na-concessao-da-br-153-sp-e-pede-apuracao\/","og_site_name":"Ag\u00eancia iNFRA","article_publisher":"https:\/\/www.facebook.com\/ageninfra","article_published_time":"2022-10-08T12:00:00+00:00","og_image":[{"width":1280,"height":854,"url":"https:\/\/agenciainfra.com\/blog\/wp-content\/uploads\/2021\/04\/br-153-foto-minfra.png","type":"image\/png"}],"author":"Rodrigo Zuquim","twitter_card":"summary_large_image","twitter_creator":"@agencia_infra","twitter_site":"@agencia_infra","twitter_misc":{"Escrito por":"Rodrigo Zuquim","Est. tempo de leitura":"3 minutos"},"schema":{"@context":"https:\/\/schema.org","@graph":[{"@type":"Article","@id":"https:\/\/agenciainfra.com\/blog\/tcu-ve-indicios-de-irregularidades-em-inclusao-de-obra-na-concessao-da-br-153-sp-e-pede-apuracao\/#article","isPartOf":{"@id":"https:\/\/agenciainfra.com\/blog\/tcu-ve-indicios-de-irregularidades-em-inclusao-de-obra-na-concessao-da-br-153-sp-e-pede-apuracao\/"},"author":{"name":"Rodrigo Zuquim","@id":"https:\/\/agenciainfra.com\/blog\/#\/schema\/person\/04dbb79bd6d8951f063da71f3e4c1eb1"},"headline":"TCU v\u00ea ind\u00edcios de irregularidades em inclus\u00e3o de obra na concess\u00e3o da BR-153\/SP e pede apura\u00e7\u00e3o","datePublished":"2022-10-08T12:00:00+00:00","mainEntityOfPage":{"@id":"https:\/\/agenciainfra.com\/blog\/tcu-ve-indicios-de-irregularidades-em-inclusao-de-obra-na-concessao-da-br-153-sp-e-pede-apuracao\/"},"wordCount":577,"publisher":{"@id":"https:\/\/agenciainfra.com\/blog\/#organization"},"image":{"@id":"https:\/\/agenciainfra.com\/blog\/tcu-ve-indicios-de-irregularidades-em-inclusao-de-obra-na-concessao-da-br-153-sp-e-pede-apuracao\/#primaryimage"},"thumbnailUrl":"https:\/\/agenciainfra.com\/blog\/wp-content\/uploads\/2021\/04\/br-153-foto-minfra.png","keywords":["ANTT","BR-153\/SP","Concess\u00e3o","obra","Paola Aires Correa Lima","Rodovia","TCU","Transbrasiliana","transportes","Weder Oliveira"],"articleSection":["Geral","iNFRATransporte"],"inLanguage":"pt-BR","copyrightYear":"2022","copyrightHolder":{"@id":"https:\/\/agenciainfra.com\/blog\/#organization"}},{"@type":"WebPage","@id":"https:\/\/agenciainfra.com\/blog\/tcu-ve-indicios-de-irregularidades-em-inclusao-de-obra-na-concessao-da-br-153-sp-e-pede-apuracao\/","url":"https:\/\/agenciainfra.com\/blog\/tcu-ve-indicios-de-irregularidades-em-inclusao-de-obra-na-concessao-da-br-153-sp-e-pede-apuracao\/","name":"TCU v\u00ea ind\u00edcios de irregularidades em inclus\u00e3o de obra na concess\u00e3o da BR-153\/SP e pede apura\u00e7\u00e3o - Ag\u00eancia iNFRA","isPartOf":{"@id":"https:\/\/agenciainfra.com\/blog\/#website"},"primaryImageOfPage":{"@id":"https:\/\/agenciainfra.com\/blog\/tcu-ve-indicios-de-irregularidades-em-inclusao-de-obra-na-concessao-da-br-153-sp-e-pede-apuracao\/#primaryimage"},"image":{"@id":"https:\/\/agenciainfra.com\/blog\/tcu-ve-indicios-de-irregularidades-em-inclusao-de-obra-na-concessao-da-br-153-sp-e-pede-apuracao\/#primaryimage"},"thumbnailUrl":"https:\/\/agenciainfra.com\/blog\/wp-content\/uploads\/2021\/04\/br-153-foto-minfra.png","datePublished":"2022-10-08T12:00:00+00:00","breadcrumb":{"@id":"https:\/\/agenciainfra.com\/blog\/tcu-ve-indicios-de-irregularidades-em-inclusao-de-obra-na-concessao-da-br-153-sp-e-pede-apuracao\/#breadcrumb"},"inLanguage":"pt-BR","potentialAction":[{"@type":"ReadAction","target":["https:\/\/agenciainfra.com\/blog\/tcu-ve-indicios-de-irregularidades-em-inclusao-de-obra-na-concessao-da-br-153-sp-e-pede-apuracao\/"]}]},{"@type":"ImageObject","inLanguage":"pt-BR","@id":"https:\/\/agenciainfra.com\/blog\/tcu-ve-indicios-de-irregularidades-em-inclusao-de-obra-na-concessao-da-br-153-sp-e-pede-apuracao\/#primaryimage","url":"https:\/\/agenciainfra.com\/blog\/wp-content\/uploads\/2021\/04\/br-153-foto-minfra.png","contentUrl":"https:\/\/agenciainfra.com\/blog\/wp-content\/uploads\/2021\/04\/br-153-foto-minfra.png","width":1280,"height":854},{"@type":"BreadcrumbList","@id":"https:\/\/agenciainfra.com\/blog\/tcu-ve-indicios-de-irregularidades-em-inclusao-de-obra-na-concessao-da-br-153-sp-e-pede-apuracao\/#breadcrumb","itemListElement":[{"@type":"ListItem","position":1,"name":"In\u00edcio","item":"https:\/\/agenciainfra.com\/blog\/"},{"@type":"ListItem","position":2,"name":"TCU v\u00ea ind\u00edcios de irregularidades em inclus\u00e3o de obra na concess\u00e3o da BR-153\/SP e pede apura\u00e7\u00e3o"}]},{"@type":"WebSite","@id":"https:\/\/agenciainfra.com\/blog\/#website","url":"https:\/\/agenciainfra.com\/blog\/","name":"Ag\u00eancia iNFRA","description":"Multiplataforma de informa\u00e7\u00e3o jornal\u00edstica refer\u00eancia na \u00e1rea de infraestrutura no Brasil!","publisher":{"@id":"https:\/\/agenciainfra.com\/blog\/#organization"},"potentialAction":[{"@type":"SearchAction","target":{"@type":"EntryPoint","urlTemplate":"https:\/\/agenciainfra.com\/blog\/?s={search_term_string}"},"query-input":{"@type":"PropertyValueSpecification","valueRequired":true,"valueName":"search_term_string"}}],"inLanguage":"pt-BR"},{"@type":"Organization","@id":"https:\/\/agenciainfra.com\/blog\/#organization","name":"Ag\u00eancia iNFRA","url":"https:\/\/agenciainfra.com\/blog\/","logo":{"@type":"ImageObject","inLanguage":"pt-BR","@id":"https:\/\/agenciainfra.com\/blog\/#\/schema\/logo\/image\/","url":"https:\/\/agenciainfra.com\/blog\/wp-content\/uploads\/2023\/09\/iNFRA_5-e1761735885940.png","contentUrl":"https:\/\/agenciainfra.com\/blog\/wp-content\/uploads\/2023\/09\/iNFRA_5-e1761735885940.png","width":1672,"height":454,"caption":"Ag\u00eancia iNFRA"},"image":{"@id":"https:\/\/agenciainfra.com\/blog\/#\/schema\/logo\/image\/"},"sameAs":["https:\/\/www.facebook.com\/ageninfra","https:\/\/x.com\/agencia_infra","https:\/\/www.linkedin.com\/company\/ag\u00eanciainfra\/","https:\/\/www.instagram.com\/agenciainfra\/"]},{"@type":"Person","@id":"https:\/\/agenciainfra.com\/blog\/#\/schema\/person\/04dbb79bd6d8951f063da71f3e4c1eb1","name":"Rodrigo Zuquim","image":{"@type":"ImageObject","inLanguage":"pt-BR","@id":"https:\/\/agenciainfra.com\/blog\/#\/schema\/person\/image\/","url":"https:\/\/secure.gravatar.com\/avatar\/594abfe82761d620726242ff34ca472a705a4b97f16c790053a6b4c4035274d0?s=96&d=mm&r=g","contentUrl":"https:\/\/secure.gravatar.com\/avatar\/594abfe82761d620726242ff34ca472a705a4b97f16c790053a6b4c4035274d0?s=96&d=mm&r=g","caption":"Rodrigo Zuquim"},"url":"https:\/\/agenciainfra.com\/blog\/author\/rodrigo-zuquim\/"}]}},"_links":{"self":[{"href":"https:\/\/agenciainfra.com\/blog\/wp-json\/wp\/v2\/posts\/11476","targetHints":{"allow":["GET"]}}],"collection":[{"href":"https:\/\/agenciainfra.com\/blog\/wp-json\/wp\/v2\/posts"}],"about":[{"href":"https:\/\/agenciainfra.com\/blog\/wp-json\/wp\/v2\/types\/post"}],"author":[{"embeddable":true,"href":"https:\/\/agenciainfra.com\/blog\/wp-json\/wp\/v2\/users\/9"}],"replies":[{"embeddable":true,"href":"https:\/\/agenciainfra.com\/blog\/wp-json\/wp\/v2\/comments?post=11476"}],"version-history":[{"count":0,"href":"https:\/\/agenciainfra.com\/blog\/wp-json\/wp\/v2\/posts\/11476\/revisions"}],"wp:featuredmedia":[{"embeddable":true,"href":"https:\/\/agenciainfra.com\/blog\/wp-json\/wp\/v2\/media\/7177"}],"wp:attachment":[{"href":"https:\/\/agenciainfra.com\/blog\/wp-json\/wp\/v2\/media?parent=11476"}],"wp:term":[{"taxonomy":"category","embeddable":true,"href":"https:\/\/agenciainfra.com\/blog\/wp-json\/wp\/v2\/categories?post=11476"},{"taxonomy":"post_tag","embeddable":true,"href":"https:\/\/agenciainfra.com\/blog\/wp-json\/wp\/v2\/tags?post=11476"}],"curies":[{"name":"wp","href":"https:\/\/api.w.org\/{rel}","templated":true}]}}