{"id":11489,"date":"2022-10-13T09:00:00","date_gmt":"2022-10-13T12:00:00","guid":{"rendered":"https:\/\/www.agenciainfra.com\/blog\/?p=11489"},"modified":"2022-10-11T08:19:12","modified_gmt":"2022-10-11T11:19:12","slug":"quinta-etapa-de-rodovias-mais-compartilhamento-de-risco-e-menos-variacao-tarifaria","status":"publish","type":"post","link":"https:\/\/agenciainfra.com\/blog\/quinta-etapa-de-rodovias-mais-compartilhamento-de-risco-e-menos-variacao-tarifaria\/","title":{"rendered":"Quinta etapa de rodovias: mais compartilhamento de risco e menos varia\u00e7\u00e3o tarif\u00e1ria"},"content":{"rendered":"\n<p class=\"has-text-align-right\"><strong>Dimmi Amora e Jenifer Ribeiro, da Ag\u00eancia iNFRA<\/strong><\/p>\n\n\n\n<p>As futuras concess\u00f5es rodovi\u00e1rias federais em estrutura\u00e7\u00e3o ou planejamento, que j\u00e1 est\u00e3o sendo chamadas de 5\u00aa Etapa, ter\u00e3o um maior compartilhamento de risco por parte do governo, menor varia\u00e7\u00e3o tarif\u00e1ria aos usu\u00e1rios e regras mais claras e r\u00edgidas para aplica\u00e7\u00e3o de penalidades por descumprimentos.<br><br>\u00c9 o que a ANTT (Ag\u00eancia Nacional de Transportes Terrestres) apresentou como proposta em reuni\u00e3o participativa com representantes de empresas, realizada na \u00faltima sexta-feira (7), na sede da ag\u00eancia.<br><br>As mudan\u00e7as regulat\u00f3rias e de padr\u00f5es de constru\u00e7\u00e3o j\u00e1 come\u00e7aram a ser introduzidas nas propostas de concess\u00e3o que est\u00e3o em avalia\u00e7\u00e3o pelo TCU (Tribunal de Contas da Uni\u00e3o) no momento, como os seis lotes rodovi\u00e1rios do Paran\u00e1 e a BR-381\/MG, e tamb\u00e9m nas propostas de concess\u00f5es que tiveram audi\u00eancias p\u00fablicas aprovadas na semana passada pela ag\u00eancia, a BR-040\/MG-GO e as BR-116\/158\/290\/392, no Rio Grande do&nbsp;Sul.<br><br>A principal&nbsp;mudan\u00e7a \u00e9 o compartilhamento de risco de demanda. A inten\u00e7\u00e3o \u00e9 que ele vire o padr\u00e3o das rodovias federais. Ele j\u00e1 estar\u00e1 presente em todos os lotes do Paran\u00e1.&nbsp;O superintendente substituto de concess\u00f5es da ag\u00eancia, Marcelo Fonseca, explicou que o compartilhamento se tornou ainda mais necess\u00e1rio diante do que ele chamou de &#8220;sistema aberto&#8221; que o governo est\u00e1 adotando, com a permiss\u00e3o para implantar ferrovias no pa\u00eds no modelo de autoriza\u00e7\u00e3o.<br><br>A ideia, informou Fonseca, \u00e9 ampliar esse tipo de compartilhamento de risco em rela\u00e7\u00e3o aos primeiros projetos assim estruturados. As atuais faixas de compartilhamento de risco (10% a 15% para mais ou para menos, 15% a 20% e&nbsp;+20%) seriam mantidas. Mas a proposta que ser\u00e1 apresentada para futuras concess\u00f5es \u00e9 que o n\u00edvel de compartilhamento de risco subiria dos atuais 25% (primeira faixa), 50% (segunda faixa)&nbsp;a 75% (terceira faixa) para 50%, 75% a 100%.<br><br>H\u00e1 inten\u00e7\u00e3o tamb\u00e9m de ampliar para at\u00e9 100% o compartilhamento de risco (no caso de passar dos valores previstos) nas desapropria\u00e7\u00f5es e desocupa\u00e7\u00f5es. A ideia tamb\u00e9m \u00e9 se utilizar do mecanismo de dispute board para esse fim e criar comiss\u00f5es de apoio para os concession\u00e1rios atuarem nesse tema, com integrantes do governo, o que foi elogiado por representantes das empresas.<br><br><strong>Fatores<\/strong><br>Outra mudan\u00e7a deve ser no padr\u00e3o de cobran\u00e7a dos&nbsp;chamados fatores de desempenho. Hoje, eles impactam nas tarifas dos usu\u00e1rios quando aplicados, o que leva a varia\u00e7\u00f5es nos pre\u00e7os pagos nas pra\u00e7as, o que \u00e9 considerado politicamente dif\u00edcil de administrar.<br><br>A ideia \u00e9 que todos os fatores passem a ter descontos n\u00e3o mais nas tarifas pagas, mas nas chamadas contas vinculadas, que s\u00e3o recursos que a concession\u00e1ria tem que depositar ou reter ao longo do contrato e podem ser usados para compensar perdas ou ampliar obras.<br><br><strong>Descumprimentos<\/strong><br>Fonseca afirmou ainda que a inten\u00e7\u00e3o tamb\u00e9m \u00e9 fazer com que as puni\u00e7\u00f5es por descumprimentos sejam mais claras e r\u00edgidas. A ideia \u00e9 acabar com a cobran\u00e7a por um \u00edndice, a URT, e os valores sejam cobrados em reais.<br><br>As cobran\u00e7as de multas passariam a ser feitas numa conta espec\u00edfica do contrato, sem possibilidade de recurso n\u00e3o administrativo, o que foi criticado pelas empresas. Fonseca afirmou que vai analisar a cr\u00edtica, visto que pode ser um risco a ag\u00eancia&nbsp;multar e ter o poder de cobrar sem passar por uma avalia\u00e7\u00e3o externa, sugerindo que pode usar um mecanismo de dispute board.&nbsp;<br><br>Tamb\u00e9m ser\u00e1 introduzida uma penalidade por descumprimento de prazo de obras iniciais da concess\u00e3o quando j\u00e1 houver pra\u00e7a de ped\u00e1gio pronta. Fonseca afirmou que a inten\u00e7\u00e3o \u00e9 que seja de 40% da receita dos ped\u00e1gios.<br><br><strong>Grada\u00e7\u00e3o da penalidade<\/strong><br>O diretor-presidente da Melhores Rodovias do Brasil &#8211;&nbsp;ABCR (Associa\u00e7\u00e3o Brasileira de Concession\u00e1rias de Rodovias), Marco Aur\u00e9lio Barcelos, pediu para que o valor fosse revisto. Segundo ele, \u00e9 uma penalidade pesada e ele pediu para que houvesse uma grada\u00e7\u00e3o.<br><br>Fonseca explicou que, no caso, a penalidade para as empresas que t\u00eam que implantar a pra\u00e7a de&nbsp;ped\u00e1gio \u00e9 maior, j\u00e1 que a ag\u00eancia impede qualquer cobran\u00e7a antes de completar as obras iniciais,&nbsp;e que nas conversas com o Tribunal de Contas o pedido era que a penalidade fosse ainda superior.<br><br>Outra proposta de&nbsp;mudan\u00e7a \u00e9 uma tentativa de acelerar o mecanismo de &#8220;step in&#8221;, que \u00e9 quando os financiadores podem assumir o controle da concess\u00e3o para tentar evitar perdas ainda maiores por parte do concession\u00e1rio, atrav\u00e9s do que est\u00e1 sendo chamado de &#8220;acordo direto&#8221;.&nbsp;<br><br>Fonseca e o superintendente da \u00e1rea, Renan Brand\u00e3o, afirmaram que a ideia \u00e9 fazer mais encontros com o mercado para afinar as propostas para essa chamada 5\u00aa Etapa. Segundo Brand\u00e3o, al\u00e9m dos encontros para falar das propostas gerais, todos os projetos de concess\u00e3o v\u00e3o passar por audi\u00eancia p\u00fablica para que cada tema seja trabalhado.<br><br><strong>Preocupa\u00e7\u00e3o com o Paran\u00e1<\/strong><br>Os dirigentes da ag\u00eancia e os representantes das empresas mostraram especial preocupa\u00e7\u00e3o com as obras que est\u00e3o em andamentos ou programadas nos lotes de concess\u00e3o das rodovias paranaenses.<br><br>Ao longo do tempo, foram sendo decididas obras por conv\u00eanios, decis\u00f5es judiciais ou acordos de leni\u00eancia que est\u00e3o sendo executadas nas rodovias e ser\u00e3o herdadas pelos futuros concession\u00e1rios. No entanto, as empresas apontam que n\u00e3o h\u00e1 padr\u00e3o definido para esses projetos e, em geral, eles s\u00e3o diferentes dos padr\u00f5es exigidos pela ag\u00eancia.<br><br>A ag\u00eancia quer definir um prazo de 24 meses para as concession\u00e1rias apresentarem os problemas para avalia\u00e7\u00e3o de poss\u00edveis reequil\u00edbrios, mas as empresas dizem que eles podem acontecer depois desse prazo e elas ter\u00e3o preju\u00edzos se n\u00e3o houver possibilidade de reequil\u00edbrio.<br><br><strong>L\u00f3gica de incentivo&nbsp;<\/strong><br>A advogada Ana C\u00e2ndida de Mello Carvalho, s\u00f3cia da BMA Advogados, entende que os novos contratos de concess\u00e3o rodovi\u00e1ria t\u00eam seguido&nbsp;uma l\u00f3gica menos punitivista e mais voltada para incentivos.&nbsp;Uma dessas demonstra\u00e7\u00f5es seria permitir que uma concession\u00e1ria cobre a tarifa de ped\u00e1gio antes, caso a implementa\u00e7\u00e3o das pra\u00e7as de ped\u00e1gios ou as obras de duplica\u00e7\u00e3o fossem entregues antes dos prazos contratuais, exemplificou a advogada.<\/p>\n","protected":false},"excerpt":{"rendered":"<p>Dimmi Amora e Jenifer Ribeiro, da Ag\u00eancia iNFRA As futuras concess\u00f5es rodovi\u00e1rias federais em estrutura\u00e7\u00e3o ou planejamento, que j\u00e1 est\u00e3o sendo chamadas de 5\u00aa Etapa, ter\u00e3o um maior compartilhamento de risco por parte do governo, menor varia\u00e7\u00e3o tarif\u00e1ria aos usu\u00e1rios e regras mais claras e r\u00edgidas para aplica\u00e7\u00e3o de penalidades por descumprimentos. \u00c9 o que [&hellip;]<\/p>\n","protected":false},"author":9,"featured_media":6386,"comment_status":"closed","ping_status":"closed","sticky":false,"template":"","format":"standard","meta":{"_monsterinsights_skip_tracking":false,"_monsterinsights_sitenote_active":false,"_monsterinsights_sitenote_note":"","_monsterinsights_sitenote_category":0,"footnotes":""},"categories":[1,7],"tags":[5907,613,2691,19,5909,5910,5491,5908,78,1365,1233,1986,5623,1425,126,3259,18],"class_list":["post-11489","post","type-post","status-publish","format-standard","has-post-thumbnail","hentry","category-geral","category-infratransporte","tag-5a-etapa","tag-abcr","tag-ana-candida-de-mello-carvalho","tag-antt","tag-br-040-mg-go","tag-br-116-158-290-392","tag-br-381-mg","tag-compartilhamento-de-risco","tag-concessoes","tag-dispute-board","tag-marcelo-fonseca","tag-marco-aurelio-barcelos","tag-melhores-rodovias-do-brasil","tag-renan-brandao","tag-rodovias","tag-rodovias-do-parana","tag-tcu"],"yoast_head":"<!-- This site is optimized with the Yoast SEO Premium plugin v25.4 (Yoast SEO v26.0) - https:\/\/yoast.com\/wordpress\/plugins\/seo\/ -->\n<title>Quinta etapa de rodovias: mais compartilhamento de risco e menos varia\u00e7\u00e3o tarif\u00e1ria - Ag\u00eancia iNFRA<\/title>\n<meta name=\"robots\" content=\"index, follow, max-snippet:-1, max-image-preview:large, max-video-preview:-1\" \/>\n<link rel=\"canonical\" href=\"https:\/\/agenciainfra.com\/blog\/quinta-etapa-de-rodovias-mais-compartilhamento-de-risco-e-menos-variacao-tarifaria\/\" \/>\n<meta property=\"og:locale\" content=\"pt_BR\" \/>\n<meta property=\"og:type\" content=\"article\" \/>\n<meta property=\"og:title\" content=\"Quinta etapa de rodovias: mais compartilhamento de risco e menos varia\u00e7\u00e3o tarif\u00e1ria\" \/>\n<meta property=\"og:description\" content=\"Dimmi Amora e Jenifer Ribeiro, da Ag\u00eancia iNFRA As futuras concess\u00f5es rodovi\u00e1rias federais em estrutura\u00e7\u00e3o ou planejamento, que j\u00e1 est\u00e3o sendo chamadas de 5\u00aa Etapa, ter\u00e3o um maior compartilhamento de risco por parte do governo, menor varia\u00e7\u00e3o tarif\u00e1ria aos usu\u00e1rios e regras mais claras e r\u00edgidas para aplica\u00e7\u00e3o de penalidades por descumprimentos. \u00c9 o que [&hellip;]\" \/>\n<meta property=\"og:url\" content=\"https:\/\/agenciainfra.com\/blog\/quinta-etapa-de-rodovias-mais-compartilhamento-de-risco-e-menos-variacao-tarifaria\/\" \/>\n<meta property=\"og:site_name\" content=\"Ag\u00eancia iNFRA\" \/>\n<meta property=\"article:publisher\" content=\"https:\/\/www.facebook.com\/ageninfra\" \/>\n<meta property=\"article:published_time\" content=\"2022-10-13T12:00:00+00:00\" \/>\n<meta property=\"og:image\" content=\"https:\/\/agenciainfra.com\/blog\/wp-content\/uploads\/2020\/11\/marcelo-fonseca-foto-roque-de-sa-agencia-senado.jpg\" \/>\n\t<meta property=\"og:image:width\" content=\"1280\" \/>\n\t<meta property=\"og:image:height\" content=\"842\" \/>\n\t<meta property=\"og:image:type\" content=\"image\/jpeg\" \/>\n<meta name=\"author\" content=\"Rodrigo Zuquim\" \/>\n<meta name=\"twitter:card\" content=\"summary_large_image\" \/>\n<meta name=\"twitter:creator\" content=\"@agencia_infra\" \/>\n<meta name=\"twitter:site\" content=\"@agencia_infra\" \/>\n<meta name=\"twitter:label1\" content=\"Escrito por\" \/>\n\t<meta name=\"twitter:data1\" content=\"Rodrigo Zuquim\" \/>\n\t<meta name=\"twitter:label2\" content=\"Est. tempo de leitura\" \/>\n\t<meta name=\"twitter:data2\" content=\"5 minutos\" \/>\n<script type=\"application\/ld+json\" class=\"yoast-schema-graph\">{\"@context\":\"https:\/\/schema.org\",\"@graph\":[{\"@type\":\"Article\",\"@id\":\"https:\/\/agenciainfra.com\/blog\/quinta-etapa-de-rodovias-mais-compartilhamento-de-risco-e-menos-variacao-tarifaria\/#article\",\"isPartOf\":{\"@id\":\"https:\/\/agenciainfra.com\/blog\/quinta-etapa-de-rodovias-mais-compartilhamento-de-risco-e-menos-variacao-tarifaria\/\"},\"author\":{\"name\":\"Rodrigo Zuquim\",\"@id\":\"https:\/\/agenciainfra.com\/blog\/#\/schema\/person\/04dbb79bd6d8951f063da71f3e4c1eb1\"},\"headline\":\"Quinta etapa de rodovias: mais compartilhamento de risco e menos varia\u00e7\u00e3o tarif\u00e1ria\",\"datePublished\":\"2022-10-13T12:00:00+00:00\",\"mainEntityOfPage\":{\"@id\":\"https:\/\/agenciainfra.com\/blog\/quinta-etapa-de-rodovias-mais-compartilhamento-de-risco-e-menos-variacao-tarifaria\/\"},\"wordCount\":1100,\"publisher\":{\"@id\":\"https:\/\/agenciainfra.com\/blog\/#organization\"},\"image\":{\"@id\":\"https:\/\/agenciainfra.com\/blog\/quinta-etapa-de-rodovias-mais-compartilhamento-de-risco-e-menos-variacao-tarifaria\/#primaryimage\"},\"thumbnailUrl\":\"https:\/\/agenciainfra.com\/blog\/wp-content\/uploads\/2020\/11\/marcelo-fonseca-foto-roque-de-sa-agencia-senado.jpg\",\"keywords\":[\"5\u00aa Etapa\",\"abcr\",\"Ana C\u00e2ndida de Mello Carvalho\",\"ANTT\",\"BR-040\/MG-GO\",\"BR-116\/158\/290\/392\",\"BR-381\/MG\",\"compartilhamento de risco\",\"concess\u00f5es\",\"dispute board\",\"Marcelo Fonseca\",\"Marco Aur\u00e9lio Barcelos\",\"Melhores Rodovias do Brasil\",\"Renan Brand\u00e3o\",\"rodovias\",\"rodovias do Paran\u00e1\",\"TCU\"],\"articleSection\":[\"Geral\",\"iNFRATransporte\"],\"inLanguage\":\"pt-BR\",\"copyrightYear\":\"2022\",\"copyrightHolder\":{\"@id\":\"https:\/\/agenciainfra.com\/blog\/#organization\"}},{\"@type\":\"WebPage\",\"@id\":\"https:\/\/agenciainfra.com\/blog\/quinta-etapa-de-rodovias-mais-compartilhamento-de-risco-e-menos-variacao-tarifaria\/\",\"url\":\"https:\/\/agenciainfra.com\/blog\/quinta-etapa-de-rodovias-mais-compartilhamento-de-risco-e-menos-variacao-tarifaria\/\",\"name\":\"Quinta etapa de rodovias: mais compartilhamento de risco e menos varia\u00e7\u00e3o tarif\u00e1ria - Ag\u00eancia iNFRA\",\"isPartOf\":{\"@id\":\"https:\/\/agenciainfra.com\/blog\/#website\"},\"primaryImageOfPage\":{\"@id\":\"https:\/\/agenciainfra.com\/blog\/quinta-etapa-de-rodovias-mais-compartilhamento-de-risco-e-menos-variacao-tarifaria\/#primaryimage\"},\"image\":{\"@id\":\"https:\/\/agenciainfra.com\/blog\/quinta-etapa-de-rodovias-mais-compartilhamento-de-risco-e-menos-variacao-tarifaria\/#primaryimage\"},\"thumbnailUrl\":\"https:\/\/agenciainfra.com\/blog\/wp-content\/uploads\/2020\/11\/marcelo-fonseca-foto-roque-de-sa-agencia-senado.jpg\",\"datePublished\":\"2022-10-13T12:00:00+00:00\",\"breadcrumb\":{\"@id\":\"https:\/\/agenciainfra.com\/blog\/quinta-etapa-de-rodovias-mais-compartilhamento-de-risco-e-menos-variacao-tarifaria\/#breadcrumb\"},\"inLanguage\":\"pt-BR\",\"potentialAction\":[{\"@type\":\"ReadAction\",\"target\":[\"https:\/\/agenciainfra.com\/blog\/quinta-etapa-de-rodovias-mais-compartilhamento-de-risco-e-menos-variacao-tarifaria\/\"]}]},{\"@type\":\"ImageObject\",\"inLanguage\":\"pt-BR\",\"@id\":\"https:\/\/agenciainfra.com\/blog\/quinta-etapa-de-rodovias-mais-compartilhamento-de-risco-e-menos-variacao-tarifaria\/#primaryimage\",\"url\":\"https:\/\/agenciainfra.com\/blog\/wp-content\/uploads\/2020\/11\/marcelo-fonseca-foto-roque-de-sa-agencia-senado.jpg\",\"contentUrl\":\"https:\/\/agenciainfra.com\/blog\/wp-content\/uploads\/2020\/11\/marcelo-fonseca-foto-roque-de-sa-agencia-senado.jpg\",\"width\":1280,\"height\":842},{\"@type\":\"BreadcrumbList\",\"@id\":\"https:\/\/agenciainfra.com\/blog\/quinta-etapa-de-rodovias-mais-compartilhamento-de-risco-e-menos-variacao-tarifaria\/#breadcrumb\",\"itemListElement\":[{\"@type\":\"ListItem\",\"position\":1,\"name\":\"In\u00edcio\",\"item\":\"https:\/\/agenciainfra.com\/blog\/\"},{\"@type\":\"ListItem\",\"position\":2,\"name\":\"Quinta etapa de rodovias: mais compartilhamento de risco e menos varia\u00e7\u00e3o tarif\u00e1ria\"}]},{\"@type\":\"WebSite\",\"@id\":\"https:\/\/agenciainfra.com\/blog\/#website\",\"url\":\"https:\/\/agenciainfra.com\/blog\/\",\"name\":\"Ag\u00eancia iNFRA\",\"description\":\"Multiplataforma de informa\u00e7\u00e3o jornal\u00edstica refer\u00eancia na \u00e1rea de infraestrutura no Brasil!\",\"publisher\":{\"@id\":\"https:\/\/agenciainfra.com\/blog\/#organization\"},\"potentialAction\":[{\"@type\":\"SearchAction\",\"target\":{\"@type\":\"EntryPoint\",\"urlTemplate\":\"https:\/\/agenciainfra.com\/blog\/?s={search_term_string}\"},\"query-input\":{\"@type\":\"PropertyValueSpecification\",\"valueRequired\":true,\"valueName\":\"search_term_string\"}}],\"inLanguage\":\"pt-BR\"},{\"@type\":\"Organization\",\"@id\":\"https:\/\/agenciainfra.com\/blog\/#organization\",\"name\":\"Ag\u00eancia iNFRA\",\"url\":\"https:\/\/agenciainfra.com\/blog\/\",\"logo\":{\"@type\":\"ImageObject\",\"inLanguage\":\"pt-BR\",\"@id\":\"https:\/\/agenciainfra.com\/blog\/#\/schema\/logo\/image\/\",\"url\":\"https:\/\/agenciainfra.com\/blog\/wp-content\/uploads\/2023\/09\/iNFRA_5-e1761735885940.png\",\"contentUrl\":\"https:\/\/agenciainfra.com\/blog\/wp-content\/uploads\/2023\/09\/iNFRA_5-e1761735885940.png\",\"width\":1672,\"height\":454,\"caption\":\"Ag\u00eancia iNFRA\"},\"image\":{\"@id\":\"https:\/\/agenciainfra.com\/blog\/#\/schema\/logo\/image\/\"},\"sameAs\":[\"https:\/\/www.facebook.com\/ageninfra\",\"https:\/\/x.com\/agencia_infra\",\"https:\/\/www.linkedin.com\/company\/ag\u00eanciainfra\/\",\"https:\/\/www.instagram.com\/agenciainfra\/\"]},{\"@type\":\"Person\",\"@id\":\"https:\/\/agenciainfra.com\/blog\/#\/schema\/person\/04dbb79bd6d8951f063da71f3e4c1eb1\",\"name\":\"Rodrigo Zuquim\",\"image\":{\"@type\":\"ImageObject\",\"inLanguage\":\"pt-BR\",\"@id\":\"https:\/\/agenciainfra.com\/blog\/#\/schema\/person\/image\/\",\"url\":\"https:\/\/secure.gravatar.com\/avatar\/594abfe82761d620726242ff34ca472a705a4b97f16c790053a6b4c4035274d0?s=96&d=mm&r=g\",\"contentUrl\":\"https:\/\/secure.gravatar.com\/avatar\/594abfe82761d620726242ff34ca472a705a4b97f16c790053a6b4c4035274d0?s=96&d=mm&r=g\",\"caption\":\"Rodrigo Zuquim\"},\"url\":\"https:\/\/agenciainfra.com\/blog\/author\/rodrigo-zuquim\/\"}]}<\/script>\n<!-- \/ Yoast SEO Premium plugin. -->","yoast_head_json":{"title":"Quinta etapa de rodovias: mais compartilhamento de risco e menos varia\u00e7\u00e3o tarif\u00e1ria - Ag\u00eancia iNFRA","robots":{"index":"index","follow":"follow","max-snippet":"max-snippet:-1","max-image-preview":"max-image-preview:large","max-video-preview":"max-video-preview:-1"},"canonical":"https:\/\/agenciainfra.com\/blog\/quinta-etapa-de-rodovias-mais-compartilhamento-de-risco-e-menos-variacao-tarifaria\/","og_locale":"pt_BR","og_type":"article","og_title":"Quinta etapa de rodovias: mais compartilhamento de risco e menos varia\u00e7\u00e3o tarif\u00e1ria","og_description":"Dimmi Amora e Jenifer Ribeiro, da Ag\u00eancia iNFRA As futuras concess\u00f5es rodovi\u00e1rias federais em estrutura\u00e7\u00e3o ou planejamento, que j\u00e1 est\u00e3o sendo chamadas de 5\u00aa Etapa, ter\u00e3o um maior compartilhamento de risco por parte do governo, menor varia\u00e7\u00e3o tarif\u00e1ria aos usu\u00e1rios e regras mais claras e r\u00edgidas para aplica\u00e7\u00e3o de penalidades por descumprimentos. \u00c9 o que [&hellip;]","og_url":"https:\/\/agenciainfra.com\/blog\/quinta-etapa-de-rodovias-mais-compartilhamento-de-risco-e-menos-variacao-tarifaria\/","og_site_name":"Ag\u00eancia iNFRA","article_publisher":"https:\/\/www.facebook.com\/ageninfra","article_published_time":"2022-10-13T12:00:00+00:00","og_image":[{"width":1280,"height":842,"url":"https:\/\/agenciainfra.com\/blog\/wp-content\/uploads\/2020\/11\/marcelo-fonseca-foto-roque-de-sa-agencia-senado.jpg","type":"image\/jpeg"}],"author":"Rodrigo Zuquim","twitter_card":"summary_large_image","twitter_creator":"@agencia_infra","twitter_site":"@agencia_infra","twitter_misc":{"Escrito por":"Rodrigo Zuquim","Est. tempo de leitura":"5 minutos"},"schema":{"@context":"https:\/\/schema.org","@graph":[{"@type":"Article","@id":"https:\/\/agenciainfra.com\/blog\/quinta-etapa-de-rodovias-mais-compartilhamento-de-risco-e-menos-variacao-tarifaria\/#article","isPartOf":{"@id":"https:\/\/agenciainfra.com\/blog\/quinta-etapa-de-rodovias-mais-compartilhamento-de-risco-e-menos-variacao-tarifaria\/"},"author":{"name":"Rodrigo Zuquim","@id":"https:\/\/agenciainfra.com\/blog\/#\/schema\/person\/04dbb79bd6d8951f063da71f3e4c1eb1"},"headline":"Quinta etapa de rodovias: mais compartilhamento de risco e menos varia\u00e7\u00e3o tarif\u00e1ria","datePublished":"2022-10-13T12:00:00+00:00","mainEntityOfPage":{"@id":"https:\/\/agenciainfra.com\/blog\/quinta-etapa-de-rodovias-mais-compartilhamento-de-risco-e-menos-variacao-tarifaria\/"},"wordCount":1100,"publisher":{"@id":"https:\/\/agenciainfra.com\/blog\/#organization"},"image":{"@id":"https:\/\/agenciainfra.com\/blog\/quinta-etapa-de-rodovias-mais-compartilhamento-de-risco-e-menos-variacao-tarifaria\/#primaryimage"},"thumbnailUrl":"https:\/\/agenciainfra.com\/blog\/wp-content\/uploads\/2020\/11\/marcelo-fonseca-foto-roque-de-sa-agencia-senado.jpg","keywords":["5\u00aa Etapa","abcr","Ana C\u00e2ndida de Mello Carvalho","ANTT","BR-040\/MG-GO","BR-116\/158\/290\/392","BR-381\/MG","compartilhamento de risco","concess\u00f5es","dispute board","Marcelo Fonseca","Marco Aur\u00e9lio Barcelos","Melhores Rodovias do Brasil","Renan Brand\u00e3o","rodovias","rodovias do Paran\u00e1","TCU"],"articleSection":["Geral","iNFRATransporte"],"inLanguage":"pt-BR","copyrightYear":"2022","copyrightHolder":{"@id":"https:\/\/agenciainfra.com\/blog\/#organization"}},{"@type":"WebPage","@id":"https:\/\/agenciainfra.com\/blog\/quinta-etapa-de-rodovias-mais-compartilhamento-de-risco-e-menos-variacao-tarifaria\/","url":"https:\/\/agenciainfra.com\/blog\/quinta-etapa-de-rodovias-mais-compartilhamento-de-risco-e-menos-variacao-tarifaria\/","name":"Quinta etapa de rodovias: mais compartilhamento de risco e menos varia\u00e7\u00e3o tarif\u00e1ria - Ag\u00eancia iNFRA","isPartOf":{"@id":"https:\/\/agenciainfra.com\/blog\/#website"},"primaryImageOfPage":{"@id":"https:\/\/agenciainfra.com\/blog\/quinta-etapa-de-rodovias-mais-compartilhamento-de-risco-e-menos-variacao-tarifaria\/#primaryimage"},"image":{"@id":"https:\/\/agenciainfra.com\/blog\/quinta-etapa-de-rodovias-mais-compartilhamento-de-risco-e-menos-variacao-tarifaria\/#primaryimage"},"thumbnailUrl":"https:\/\/agenciainfra.com\/blog\/wp-content\/uploads\/2020\/11\/marcelo-fonseca-foto-roque-de-sa-agencia-senado.jpg","datePublished":"2022-10-13T12:00:00+00:00","breadcrumb":{"@id":"https:\/\/agenciainfra.com\/blog\/quinta-etapa-de-rodovias-mais-compartilhamento-de-risco-e-menos-variacao-tarifaria\/#breadcrumb"},"inLanguage":"pt-BR","potentialAction":[{"@type":"ReadAction","target":["https:\/\/agenciainfra.com\/blog\/quinta-etapa-de-rodovias-mais-compartilhamento-de-risco-e-menos-variacao-tarifaria\/"]}]},{"@type":"ImageObject","inLanguage":"pt-BR","@id":"https:\/\/agenciainfra.com\/blog\/quinta-etapa-de-rodovias-mais-compartilhamento-de-risco-e-menos-variacao-tarifaria\/#primaryimage","url":"https:\/\/agenciainfra.com\/blog\/wp-content\/uploads\/2020\/11\/marcelo-fonseca-foto-roque-de-sa-agencia-senado.jpg","contentUrl":"https:\/\/agenciainfra.com\/blog\/wp-content\/uploads\/2020\/11\/marcelo-fonseca-foto-roque-de-sa-agencia-senado.jpg","width":1280,"height":842},{"@type":"BreadcrumbList","@id":"https:\/\/agenciainfra.com\/blog\/quinta-etapa-de-rodovias-mais-compartilhamento-de-risco-e-menos-variacao-tarifaria\/#breadcrumb","itemListElement":[{"@type":"ListItem","position":1,"name":"In\u00edcio","item":"https:\/\/agenciainfra.com\/blog\/"},{"@type":"ListItem","position":2,"name":"Quinta etapa de rodovias: mais compartilhamento de risco e menos varia\u00e7\u00e3o tarif\u00e1ria"}]},{"@type":"WebSite","@id":"https:\/\/agenciainfra.com\/blog\/#website","url":"https:\/\/agenciainfra.com\/blog\/","name":"Ag\u00eancia iNFRA","description":"Multiplataforma de informa\u00e7\u00e3o jornal\u00edstica refer\u00eancia na \u00e1rea de infraestrutura no Brasil!","publisher":{"@id":"https:\/\/agenciainfra.com\/blog\/#organization"},"potentialAction":[{"@type":"SearchAction","target":{"@type":"EntryPoint","urlTemplate":"https:\/\/agenciainfra.com\/blog\/?s={search_term_string}"},"query-input":{"@type":"PropertyValueSpecification","valueRequired":true,"valueName":"search_term_string"}}],"inLanguage":"pt-BR"},{"@type":"Organization","@id":"https:\/\/agenciainfra.com\/blog\/#organization","name":"Ag\u00eancia iNFRA","url":"https:\/\/agenciainfra.com\/blog\/","logo":{"@type":"ImageObject","inLanguage":"pt-BR","@id":"https:\/\/agenciainfra.com\/blog\/#\/schema\/logo\/image\/","url":"https:\/\/agenciainfra.com\/blog\/wp-content\/uploads\/2023\/09\/iNFRA_5-e1761735885940.png","contentUrl":"https:\/\/agenciainfra.com\/blog\/wp-content\/uploads\/2023\/09\/iNFRA_5-e1761735885940.png","width":1672,"height":454,"caption":"Ag\u00eancia iNFRA"},"image":{"@id":"https:\/\/agenciainfra.com\/blog\/#\/schema\/logo\/image\/"},"sameAs":["https:\/\/www.facebook.com\/ageninfra","https:\/\/x.com\/agencia_infra","https:\/\/www.linkedin.com\/company\/ag\u00eanciainfra\/","https:\/\/www.instagram.com\/agenciainfra\/"]},{"@type":"Person","@id":"https:\/\/agenciainfra.com\/blog\/#\/schema\/person\/04dbb79bd6d8951f063da71f3e4c1eb1","name":"Rodrigo Zuquim","image":{"@type":"ImageObject","inLanguage":"pt-BR","@id":"https:\/\/agenciainfra.com\/blog\/#\/schema\/person\/image\/","url":"https:\/\/secure.gravatar.com\/avatar\/594abfe82761d620726242ff34ca472a705a4b97f16c790053a6b4c4035274d0?s=96&d=mm&r=g","contentUrl":"https:\/\/secure.gravatar.com\/avatar\/594abfe82761d620726242ff34ca472a705a4b97f16c790053a6b4c4035274d0?s=96&d=mm&r=g","caption":"Rodrigo Zuquim"},"url":"https:\/\/agenciainfra.com\/blog\/author\/rodrigo-zuquim\/"}]}},"_links":{"self":[{"href":"https:\/\/agenciainfra.com\/blog\/wp-json\/wp\/v2\/posts\/11489","targetHints":{"allow":["GET"]}}],"collection":[{"href":"https:\/\/agenciainfra.com\/blog\/wp-json\/wp\/v2\/posts"}],"about":[{"href":"https:\/\/agenciainfra.com\/blog\/wp-json\/wp\/v2\/types\/post"}],"author":[{"embeddable":true,"href":"https:\/\/agenciainfra.com\/blog\/wp-json\/wp\/v2\/users\/9"}],"replies":[{"embeddable":true,"href":"https:\/\/agenciainfra.com\/blog\/wp-json\/wp\/v2\/comments?post=11489"}],"version-history":[{"count":0,"href":"https:\/\/agenciainfra.com\/blog\/wp-json\/wp\/v2\/posts\/11489\/revisions"}],"wp:featuredmedia":[{"embeddable":true,"href":"https:\/\/agenciainfra.com\/blog\/wp-json\/wp\/v2\/media\/6386"}],"wp:attachment":[{"href":"https:\/\/agenciainfra.com\/blog\/wp-json\/wp\/v2\/media?parent=11489"}],"wp:term":[{"taxonomy":"category","embeddable":true,"href":"https:\/\/agenciainfra.com\/blog\/wp-json\/wp\/v2\/categories?post=11489"},{"taxonomy":"post_tag","embeddable":true,"href":"https:\/\/agenciainfra.com\/blog\/wp-json\/wp\/v2\/tags?post=11489"}],"curies":[{"name":"wp","href":"https:\/\/api.w.org\/{rel}","templated":true}]}}