{"id":11535,"date":"2022-10-22T09:00:00","date_gmt":"2022-10-22T12:00:00","guid":{"rendered":"https:\/\/www.agenciainfra.com\/blog\/?p=11535"},"modified":"2022-10-20T08:27:11","modified_gmt":"2022-10-20T11:27:11","slug":"antaq-articula-plano-para-primeiras-parcerias-com-a-iniciativa-privada-em-hidrovias","status":"publish","type":"post","link":"https:\/\/agenciainfra.com\/blog\/antaq-articula-plano-para-primeiras-parcerias-com-a-iniciativa-privada-em-hidrovias\/","title":{"rendered":"ANTAQ articula plano para primeiras parcerias com a iniciativa privada em hidrovias"},"content":{"rendered":"\n<p class=\"has-text-align-right\"><strong>Dimmi Amora, da Ag\u00eancia iNFRA<\/strong><\/p>\n\n\n\n<p>A ANTAQ (Ag\u00eancia Nacional de Transportes Aquavi\u00e1rios) est\u00e1 se articulando para realizar estudos com a finalidade de fazer parcerias com a iniciativa privada para a administra\u00e7\u00e3o de pelo menos quatro hidrovias no pa\u00eds.\u00a0<br><br>Os estudos s\u00e3o para as hidrovias nos rios Madeira, Amazonas (na regi\u00e3o chamada de Barra Norte), no Araguaia-Tocantins e na Lagoa dos Patos. As tr\u00eas primeiras s\u00e3o na regi\u00e3o Norte do pa\u00eds e a \u00faltima \u00e9 uma liga\u00e7\u00e3o entre o Rio Grande do Sul e o Uruguai.<br><br>De acordo com o diretor-geral da ag\u00eancia, Eduardo Nery, hoje os trechos s\u00e3o naveg\u00e1veis na maior parte do ano. Mas, segundo ele, n\u00e3o podem ser chamados de hidrovias, j\u00e1 que dependem de investimentos em balizamento, sinaliza\u00e7\u00e3o e outros itens para garantir a navega\u00e7\u00e3o adequada e segura. E, tamb\u00e9m, de que haja uma manuten\u00e7\u00e3o e dragagem, possibilitando uma opera\u00e7\u00e3o que amplie os volumes transportados.<br><br>Na pr\u00f3xima semana, integrantes da ag\u00eancia, do governo e o ministro do TCU (Tribunal de Contas da Uni\u00e3o) Augusto Nardes v\u00e3o fazer uma visita a trechos de uma dessas hidrovias, a Araguaia-Tocantins. Haver\u00e1 uma visita ao Pedral do Louren\u00e7o, trecho onde ser\u00e1 feita uma obra de derrocamento para possibilitar a navega\u00e7\u00e3o pelo rio Tocantins ao longo de todo o ano, e tamb\u00e9m \u00e0 eclusa da Hidrel\u00e9trica de Tucuru\u00ed.<br><br>Segundo Nery, ap\u00f3s a obra de derrocamento, que est\u00e1 a cargo do DNIT (Departamento Nacional de Infraestrutura de Transportes)\u00a0e recebeu neste m\u00eas a licen\u00e7a pr\u00e9via do Ibama, ser\u00e1 poss\u00edvel preparar um projeto para transformar o rio numa hidrovia, ampliando a possibilidade de navega\u00e7\u00e3o.<br><br>No caso do Amazonas, h\u00e1 um estudo em andamento para que seja feito balizamento e sinaliza\u00e7\u00e3o num trecho de 120 quil\u00f4metros entre o porto de Vila do Conde (PA) e a foz do rio. De acordo com Nery, esse monitoramento \u00e9 necess\u00e1rio numa regi\u00e3o com bancos de areia. Um grupo de trabalho da ag\u00eancia foi criado para avaliar as necessidades de investimentos, a partir de um estudo que est\u00e1 sendo feito pela ATP (Associa\u00e7\u00e3o de Terminais Portu\u00e1rios Privados).<br><br><strong>Lagoa Mirim<\/strong><br>No caso da Lagoa Mirim, no Rio Grande do Sul, os estudos recebidos pela ag\u00eancia para avaliar a concess\u00e3o, que j\u00e1 foi qualificada no PPI (Programa de Parcerias de Investimentos), s\u00e3o insuficientes para se chegar a uma modelagem para a parceria e, por isso, eles ter\u00e3o que ser ampliados com recursos do or\u00e7amento e de uma parceria com a CAF (Coopera\u00e7\u00e3o Andina de Fomento).<br><br>Durante o evento Brasil Export, realizado em Bras\u00edlia na \u00faltima quarta-feira (19), houve um painel para falar dessa hidrovia, no\u00a0qual o embaixador do Uruguai, Guillermo Valles, falou sobre a import\u00e2ncia da hidrovia para o desenvolvimento da regi\u00e3o, a mais pobre do pa\u00eds.\u00a0<br><br>Fernando Corr\u00eaa dos Santos, superintendente de projetos da Infra S.A., que est\u00e1 trabalhando na modelagem, disse que a inten\u00e7\u00e3o \u00e9 criar um corredor onde o concession\u00e1rio possa explorar o servi\u00e7o de v\u00e1rias maneiras, n\u00e3o apenas na navega\u00e7\u00e3o, para proporcionar uma melhor viabilidade para o projeto.<br><br><strong>Recursos no or\u00e7amento<\/strong><br>Nery explicou que, para 2023, a inten\u00e7\u00e3o da ag\u00eancia \u00e9 buscar recursos no Or\u00e7amento da Uni\u00e3o para realizar os estudos que levem a uma modelagem da concess\u00e3o desses trechos. No caso das hidrovias, a legisla\u00e7\u00e3o determina que a ag\u00eancia \u00e9 o poder concedente e tem que criar um Plano Geral de Outorgas para o setor.<br><br>O diretor-presidente explicou que uma primeira vers\u00e3o desse plano foi discutida com o Minist\u00e9rio da Infraestrutura e est\u00e1 sendo aprimorada agora. Com o plano aprovado, a partir das diretrizes de pol\u00edtica p\u00fablica do minist\u00e9rio, segundo ele, ser\u00e1 poss\u00edvel avan\u00e7ar mais rapidamente no desenvolvimento de parcerias para que os rios possam se tornar hidrovias.<\/p>\n","protected":false},"excerpt":{"rendered":"<p>Dimmi Amora, da Ag\u00eancia iNFRA A ANTAQ (Ag\u00eancia Nacional de Transportes Aquavi\u00e1rios) est\u00e1 se articulando para realizar estudos com a finalidade de fazer parcerias com a iniciativa privada para a administra\u00e7\u00e3o de pelo menos quatro hidrovias no pa\u00eds.\u00a0 Os estudos s\u00e3o para as hidrovias nos rios Madeira, Amazonas (na regi\u00e3o chamada de Barra Norte), no [&hellip;]<\/p>\n","protected":false},"author":9,"featured_media":5769,"comment_status":"closed","ping_status":"closed","sticky":false,"template":"","format":"standard","meta":{"_monsterinsights_skip_tracking":false,"_monsterinsights_sitenote_active":false,"_monsterinsights_sitenote_note":"","_monsterinsights_sitenote_category":0,"footnotes":""},"categories":[1,7],"tags":[86,557,822,5944,328,2932,1412,5945,355,2344,36,18],"class_list":["post-11535","post","type-post","status-publish","format-standard","has-post-thumbnail","hentry","category-geral","category-infratransporte","tag-antaq","tag-atp","tag-augusto-nardes","tag-brasil-export","tag-dnit","tag-eduardo-nery","tag-fernando-correa-dos-santos","tag-guillermo-valles","tag-hidrovias","tag-infra-s-a","tag-ppi","tag-tcu"],"yoast_head":"<!-- This site is optimized with the Yoast SEO Premium plugin v25.4 (Yoast SEO v26.0) - https:\/\/yoast.com\/wordpress\/plugins\/seo\/ -->\n<title>ANTAQ articula plano para primeiras parcerias com a iniciativa privada em hidrovias - Ag\u00eancia iNFRA<\/title>\n<meta name=\"robots\" content=\"index, follow, max-snippet:-1, max-image-preview:large, max-video-preview:-1\" \/>\n<link rel=\"canonical\" href=\"https:\/\/agenciainfra.com\/blog\/antaq-articula-plano-para-primeiras-parcerias-com-a-iniciativa-privada-em-hidrovias\/\" \/>\n<meta property=\"og:locale\" content=\"pt_BR\" \/>\n<meta property=\"og:type\" content=\"article\" \/>\n<meta property=\"og:title\" content=\"ANTAQ articula plano para primeiras parcerias com a iniciativa privada em hidrovias\" \/>\n<meta property=\"og:description\" content=\"Dimmi Amora, da Ag\u00eancia iNFRA A ANTAQ (Ag\u00eancia Nacional de Transportes Aquavi\u00e1rios) est\u00e1 se articulando para realizar estudos com a finalidade de fazer parcerias com a iniciativa privada para a administra\u00e7\u00e3o de pelo menos quatro hidrovias no pa\u00eds.\u00a0 Os estudos s\u00e3o para as hidrovias nos rios Madeira, Amazonas (na regi\u00e3o chamada de Barra Norte), no [&hellip;]\" \/>\n<meta property=\"og:url\" content=\"https:\/\/agenciainfra.com\/blog\/antaq-articula-plano-para-primeiras-parcerias-com-a-iniciativa-privada-em-hidrovias\/\" \/>\n<meta property=\"og:site_name\" content=\"Ag\u00eancia iNFRA\" \/>\n<meta property=\"article:publisher\" content=\"https:\/\/www.facebook.com\/ageninfra\" \/>\n<meta property=\"article:published_time\" content=\"2022-10-22T12:00:00+00:00\" \/>\n<meta property=\"og:image\" content=\"https:\/\/agenciainfra.com\/blog\/wp-content\/uploads\/2020\/09\/fachada-predio-antaq-foto-antaq.jpg\" \/>\n\t<meta property=\"og:image:width\" content=\"1280\" \/>\n\t<meta property=\"og:image:height\" content=\"719\" \/>\n\t<meta property=\"og:image:type\" content=\"image\/jpeg\" \/>\n<meta name=\"author\" content=\"Rodrigo Zuquim\" \/>\n<meta name=\"twitter:card\" content=\"summary_large_image\" \/>\n<meta name=\"twitter:creator\" content=\"@agencia_infra\" \/>\n<meta name=\"twitter:site\" content=\"@agencia_infra\" \/>\n<meta name=\"twitter:label1\" content=\"Escrito por\" \/>\n\t<meta name=\"twitter:data1\" content=\"Rodrigo Zuquim\" \/>\n\t<meta name=\"twitter:label2\" content=\"Est. tempo de leitura\" \/>\n\t<meta name=\"twitter:data2\" content=\"3 minutos\" \/>\n<script type=\"application\/ld+json\" class=\"yoast-schema-graph\">{\"@context\":\"https:\/\/schema.org\",\"@graph\":[{\"@type\":\"Article\",\"@id\":\"https:\/\/agenciainfra.com\/blog\/antaq-articula-plano-para-primeiras-parcerias-com-a-iniciativa-privada-em-hidrovias\/#article\",\"isPartOf\":{\"@id\":\"https:\/\/agenciainfra.com\/blog\/antaq-articula-plano-para-primeiras-parcerias-com-a-iniciativa-privada-em-hidrovias\/\"},\"author\":{\"name\":\"Rodrigo Zuquim\",\"@id\":\"https:\/\/agenciainfra.com\/blog\/#\/schema\/person\/04dbb79bd6d8951f063da71f3e4c1eb1\"},\"headline\":\"ANTAQ articula plano para primeiras parcerias com a iniciativa privada em hidrovias\",\"datePublished\":\"2022-10-22T12:00:00+00:00\",\"mainEntityOfPage\":{\"@id\":\"https:\/\/agenciainfra.com\/blog\/antaq-articula-plano-para-primeiras-parcerias-com-a-iniciativa-privada-em-hidrovias\/\"},\"wordCount\":681,\"publisher\":{\"@id\":\"https:\/\/agenciainfra.com\/blog\/#organization\"},\"image\":{\"@id\":\"https:\/\/agenciainfra.com\/blog\/antaq-articula-plano-para-primeiras-parcerias-com-a-iniciativa-privada-em-hidrovias\/#primaryimage\"},\"thumbnailUrl\":\"https:\/\/agenciainfra.com\/blog\/wp-content\/uploads\/2020\/09\/fachada-predio-antaq-foto-antaq.jpg\",\"keywords\":[\"ANTAQ\",\"ATP\",\"Augusto Nardes\",\"Brasil Export\",\"DNIT\",\"Eduardo Nery\",\"Fernando Corr\u00eaa dos Santos\",\"Guillermo Valles\",\"hidrovias\",\"Infra S.A.\",\"PPI\",\"TCU\"],\"articleSection\":[\"Geral\",\"iNFRATransporte\"],\"inLanguage\":\"pt-BR\",\"copyrightYear\":\"2022\",\"copyrightHolder\":{\"@id\":\"https:\/\/agenciainfra.com\/blog\/#organization\"}},{\"@type\":\"WebPage\",\"@id\":\"https:\/\/agenciainfra.com\/blog\/antaq-articula-plano-para-primeiras-parcerias-com-a-iniciativa-privada-em-hidrovias\/\",\"url\":\"https:\/\/agenciainfra.com\/blog\/antaq-articula-plano-para-primeiras-parcerias-com-a-iniciativa-privada-em-hidrovias\/\",\"name\":\"ANTAQ articula plano para primeiras parcerias com a iniciativa privada em hidrovias - Ag\u00eancia iNFRA\",\"isPartOf\":{\"@id\":\"https:\/\/agenciainfra.com\/blog\/#website\"},\"primaryImageOfPage\":{\"@id\":\"https:\/\/agenciainfra.com\/blog\/antaq-articula-plano-para-primeiras-parcerias-com-a-iniciativa-privada-em-hidrovias\/#primaryimage\"},\"image\":{\"@id\":\"https:\/\/agenciainfra.com\/blog\/antaq-articula-plano-para-primeiras-parcerias-com-a-iniciativa-privada-em-hidrovias\/#primaryimage\"},\"thumbnailUrl\":\"https:\/\/agenciainfra.com\/blog\/wp-content\/uploads\/2020\/09\/fachada-predio-antaq-foto-antaq.jpg\",\"datePublished\":\"2022-10-22T12:00:00+00:00\",\"breadcrumb\":{\"@id\":\"https:\/\/agenciainfra.com\/blog\/antaq-articula-plano-para-primeiras-parcerias-com-a-iniciativa-privada-em-hidrovias\/#breadcrumb\"},\"inLanguage\":\"pt-BR\",\"potentialAction\":[{\"@type\":\"ReadAction\",\"target\":[\"https:\/\/agenciainfra.com\/blog\/antaq-articula-plano-para-primeiras-parcerias-com-a-iniciativa-privada-em-hidrovias\/\"]}]},{\"@type\":\"ImageObject\",\"inLanguage\":\"pt-BR\",\"@id\":\"https:\/\/agenciainfra.com\/blog\/antaq-articula-plano-para-primeiras-parcerias-com-a-iniciativa-privada-em-hidrovias\/#primaryimage\",\"url\":\"https:\/\/agenciainfra.com\/blog\/wp-content\/uploads\/2020\/09\/fachada-predio-antaq-foto-antaq.jpg\",\"contentUrl\":\"https:\/\/agenciainfra.com\/blog\/wp-content\/uploads\/2020\/09\/fachada-predio-antaq-foto-antaq.jpg\",\"width\":1280,\"height\":719},{\"@type\":\"BreadcrumbList\",\"@id\":\"https:\/\/agenciainfra.com\/blog\/antaq-articula-plano-para-primeiras-parcerias-com-a-iniciativa-privada-em-hidrovias\/#breadcrumb\",\"itemListElement\":[{\"@type\":\"ListItem\",\"position\":1,\"name\":\"In\u00edcio\",\"item\":\"https:\/\/agenciainfra.com\/blog\/\"},{\"@type\":\"ListItem\",\"position\":2,\"name\":\"ANTAQ articula plano para primeiras parcerias com a iniciativa privada em hidrovias\"}]},{\"@type\":\"WebSite\",\"@id\":\"https:\/\/agenciainfra.com\/blog\/#website\",\"url\":\"https:\/\/agenciainfra.com\/blog\/\",\"name\":\"Ag\u00eancia iNFRA\",\"description\":\"Multiplataforma de informa\u00e7\u00e3o jornal\u00edstica refer\u00eancia na \u00e1rea de infraestrutura no Brasil!\",\"publisher\":{\"@id\":\"https:\/\/agenciainfra.com\/blog\/#organization\"},\"potentialAction\":[{\"@type\":\"SearchAction\",\"target\":{\"@type\":\"EntryPoint\",\"urlTemplate\":\"https:\/\/agenciainfra.com\/blog\/?s={search_term_string}\"},\"query-input\":{\"@type\":\"PropertyValueSpecification\",\"valueRequired\":true,\"valueName\":\"search_term_string\"}}],\"inLanguage\":\"pt-BR\"},{\"@type\":\"Organization\",\"@id\":\"https:\/\/agenciainfra.com\/blog\/#organization\",\"name\":\"Ag\u00eancia iNFRA\",\"url\":\"https:\/\/agenciainfra.com\/blog\/\",\"logo\":{\"@type\":\"ImageObject\",\"inLanguage\":\"pt-BR\",\"@id\":\"https:\/\/agenciainfra.com\/blog\/#\/schema\/logo\/image\/\",\"url\":\"https:\/\/agenciainfra.com\/blog\/wp-content\/uploads\/2023\/09\/iNFRA_5-e1761735885940.png\",\"contentUrl\":\"https:\/\/agenciainfra.com\/blog\/wp-content\/uploads\/2023\/09\/iNFRA_5-e1761735885940.png\",\"width\":1672,\"height\":454,\"caption\":\"Ag\u00eancia iNFRA\"},\"image\":{\"@id\":\"https:\/\/agenciainfra.com\/blog\/#\/schema\/logo\/image\/\"},\"sameAs\":[\"https:\/\/www.facebook.com\/ageninfra\",\"https:\/\/x.com\/agencia_infra\",\"https:\/\/www.linkedin.com\/company\/ag\u00eanciainfra\/\",\"https:\/\/www.instagram.com\/agenciainfra\/\"]},{\"@type\":\"Person\",\"@id\":\"https:\/\/agenciainfra.com\/blog\/#\/schema\/person\/04dbb79bd6d8951f063da71f3e4c1eb1\",\"name\":\"Rodrigo Zuquim\",\"image\":{\"@type\":\"ImageObject\",\"inLanguage\":\"pt-BR\",\"@id\":\"https:\/\/agenciainfra.com\/blog\/#\/schema\/person\/image\/\",\"url\":\"https:\/\/secure.gravatar.com\/avatar\/594abfe82761d620726242ff34ca472a705a4b97f16c790053a6b4c4035274d0?s=96&d=mm&r=g\",\"contentUrl\":\"https:\/\/secure.gravatar.com\/avatar\/594abfe82761d620726242ff34ca472a705a4b97f16c790053a6b4c4035274d0?s=96&d=mm&r=g\",\"caption\":\"Rodrigo Zuquim\"},\"url\":\"https:\/\/agenciainfra.com\/blog\/author\/rodrigo-zuquim\/\"}]}<\/script>\n<!-- \/ Yoast SEO Premium plugin. -->","yoast_head_json":{"title":"ANTAQ articula plano para primeiras parcerias com a iniciativa privada em hidrovias - Ag\u00eancia iNFRA","robots":{"index":"index","follow":"follow","max-snippet":"max-snippet:-1","max-image-preview":"max-image-preview:large","max-video-preview":"max-video-preview:-1"},"canonical":"https:\/\/agenciainfra.com\/blog\/antaq-articula-plano-para-primeiras-parcerias-com-a-iniciativa-privada-em-hidrovias\/","og_locale":"pt_BR","og_type":"article","og_title":"ANTAQ articula plano para primeiras parcerias com a iniciativa privada em hidrovias","og_description":"Dimmi Amora, da Ag\u00eancia iNFRA A ANTAQ (Ag\u00eancia Nacional de Transportes Aquavi\u00e1rios) est\u00e1 se articulando para realizar estudos com a finalidade de fazer parcerias com a iniciativa privada para a administra\u00e7\u00e3o de pelo menos quatro hidrovias no pa\u00eds.\u00a0 Os estudos s\u00e3o para as hidrovias nos rios Madeira, Amazonas (na regi\u00e3o chamada de Barra Norte), no [&hellip;]","og_url":"https:\/\/agenciainfra.com\/blog\/antaq-articula-plano-para-primeiras-parcerias-com-a-iniciativa-privada-em-hidrovias\/","og_site_name":"Ag\u00eancia iNFRA","article_publisher":"https:\/\/www.facebook.com\/ageninfra","article_published_time":"2022-10-22T12:00:00+00:00","og_image":[{"width":1280,"height":719,"url":"https:\/\/agenciainfra.com\/blog\/wp-content\/uploads\/2020\/09\/fachada-predio-antaq-foto-antaq.jpg","type":"image\/jpeg"}],"author":"Rodrigo Zuquim","twitter_card":"summary_large_image","twitter_creator":"@agencia_infra","twitter_site":"@agencia_infra","twitter_misc":{"Escrito por":"Rodrigo Zuquim","Est. tempo de leitura":"3 minutos"},"schema":{"@context":"https:\/\/schema.org","@graph":[{"@type":"Article","@id":"https:\/\/agenciainfra.com\/blog\/antaq-articula-plano-para-primeiras-parcerias-com-a-iniciativa-privada-em-hidrovias\/#article","isPartOf":{"@id":"https:\/\/agenciainfra.com\/blog\/antaq-articula-plano-para-primeiras-parcerias-com-a-iniciativa-privada-em-hidrovias\/"},"author":{"name":"Rodrigo Zuquim","@id":"https:\/\/agenciainfra.com\/blog\/#\/schema\/person\/04dbb79bd6d8951f063da71f3e4c1eb1"},"headline":"ANTAQ articula plano para primeiras parcerias com a iniciativa privada em hidrovias","datePublished":"2022-10-22T12:00:00+00:00","mainEntityOfPage":{"@id":"https:\/\/agenciainfra.com\/blog\/antaq-articula-plano-para-primeiras-parcerias-com-a-iniciativa-privada-em-hidrovias\/"},"wordCount":681,"publisher":{"@id":"https:\/\/agenciainfra.com\/blog\/#organization"},"image":{"@id":"https:\/\/agenciainfra.com\/blog\/antaq-articula-plano-para-primeiras-parcerias-com-a-iniciativa-privada-em-hidrovias\/#primaryimage"},"thumbnailUrl":"https:\/\/agenciainfra.com\/blog\/wp-content\/uploads\/2020\/09\/fachada-predio-antaq-foto-antaq.jpg","keywords":["ANTAQ","ATP","Augusto Nardes","Brasil Export","DNIT","Eduardo Nery","Fernando Corr\u00eaa dos Santos","Guillermo Valles","hidrovias","Infra S.A.","PPI","TCU"],"articleSection":["Geral","iNFRATransporte"],"inLanguage":"pt-BR","copyrightYear":"2022","copyrightHolder":{"@id":"https:\/\/agenciainfra.com\/blog\/#organization"}},{"@type":"WebPage","@id":"https:\/\/agenciainfra.com\/blog\/antaq-articula-plano-para-primeiras-parcerias-com-a-iniciativa-privada-em-hidrovias\/","url":"https:\/\/agenciainfra.com\/blog\/antaq-articula-plano-para-primeiras-parcerias-com-a-iniciativa-privada-em-hidrovias\/","name":"ANTAQ articula plano para primeiras parcerias com a iniciativa privada em hidrovias - Ag\u00eancia iNFRA","isPartOf":{"@id":"https:\/\/agenciainfra.com\/blog\/#website"},"primaryImageOfPage":{"@id":"https:\/\/agenciainfra.com\/blog\/antaq-articula-plano-para-primeiras-parcerias-com-a-iniciativa-privada-em-hidrovias\/#primaryimage"},"image":{"@id":"https:\/\/agenciainfra.com\/blog\/antaq-articula-plano-para-primeiras-parcerias-com-a-iniciativa-privada-em-hidrovias\/#primaryimage"},"thumbnailUrl":"https:\/\/agenciainfra.com\/blog\/wp-content\/uploads\/2020\/09\/fachada-predio-antaq-foto-antaq.jpg","datePublished":"2022-10-22T12:00:00+00:00","breadcrumb":{"@id":"https:\/\/agenciainfra.com\/blog\/antaq-articula-plano-para-primeiras-parcerias-com-a-iniciativa-privada-em-hidrovias\/#breadcrumb"},"inLanguage":"pt-BR","potentialAction":[{"@type":"ReadAction","target":["https:\/\/agenciainfra.com\/blog\/antaq-articula-plano-para-primeiras-parcerias-com-a-iniciativa-privada-em-hidrovias\/"]}]},{"@type":"ImageObject","inLanguage":"pt-BR","@id":"https:\/\/agenciainfra.com\/blog\/antaq-articula-plano-para-primeiras-parcerias-com-a-iniciativa-privada-em-hidrovias\/#primaryimage","url":"https:\/\/agenciainfra.com\/blog\/wp-content\/uploads\/2020\/09\/fachada-predio-antaq-foto-antaq.jpg","contentUrl":"https:\/\/agenciainfra.com\/blog\/wp-content\/uploads\/2020\/09\/fachada-predio-antaq-foto-antaq.jpg","width":1280,"height":719},{"@type":"BreadcrumbList","@id":"https:\/\/agenciainfra.com\/blog\/antaq-articula-plano-para-primeiras-parcerias-com-a-iniciativa-privada-em-hidrovias\/#breadcrumb","itemListElement":[{"@type":"ListItem","position":1,"name":"In\u00edcio","item":"https:\/\/agenciainfra.com\/blog\/"},{"@type":"ListItem","position":2,"name":"ANTAQ articula plano para primeiras parcerias com a iniciativa privada em hidrovias"}]},{"@type":"WebSite","@id":"https:\/\/agenciainfra.com\/blog\/#website","url":"https:\/\/agenciainfra.com\/blog\/","name":"Ag\u00eancia iNFRA","description":"Multiplataforma de informa\u00e7\u00e3o jornal\u00edstica refer\u00eancia na \u00e1rea de infraestrutura no Brasil!","publisher":{"@id":"https:\/\/agenciainfra.com\/blog\/#organization"},"potentialAction":[{"@type":"SearchAction","target":{"@type":"EntryPoint","urlTemplate":"https:\/\/agenciainfra.com\/blog\/?s={search_term_string}"},"query-input":{"@type":"PropertyValueSpecification","valueRequired":true,"valueName":"search_term_string"}}],"inLanguage":"pt-BR"},{"@type":"Organization","@id":"https:\/\/agenciainfra.com\/blog\/#organization","name":"Ag\u00eancia iNFRA","url":"https:\/\/agenciainfra.com\/blog\/","logo":{"@type":"ImageObject","inLanguage":"pt-BR","@id":"https:\/\/agenciainfra.com\/blog\/#\/schema\/logo\/image\/","url":"https:\/\/agenciainfra.com\/blog\/wp-content\/uploads\/2023\/09\/iNFRA_5-e1761735885940.png","contentUrl":"https:\/\/agenciainfra.com\/blog\/wp-content\/uploads\/2023\/09\/iNFRA_5-e1761735885940.png","width":1672,"height":454,"caption":"Ag\u00eancia iNFRA"},"image":{"@id":"https:\/\/agenciainfra.com\/blog\/#\/schema\/logo\/image\/"},"sameAs":["https:\/\/www.facebook.com\/ageninfra","https:\/\/x.com\/agencia_infra","https:\/\/www.linkedin.com\/company\/ag\u00eanciainfra\/","https:\/\/www.instagram.com\/agenciainfra\/"]},{"@type":"Person","@id":"https:\/\/agenciainfra.com\/blog\/#\/schema\/person\/04dbb79bd6d8951f063da71f3e4c1eb1","name":"Rodrigo Zuquim","image":{"@type":"ImageObject","inLanguage":"pt-BR","@id":"https:\/\/agenciainfra.com\/blog\/#\/schema\/person\/image\/","url":"https:\/\/secure.gravatar.com\/avatar\/594abfe82761d620726242ff34ca472a705a4b97f16c790053a6b4c4035274d0?s=96&d=mm&r=g","contentUrl":"https:\/\/secure.gravatar.com\/avatar\/594abfe82761d620726242ff34ca472a705a4b97f16c790053a6b4c4035274d0?s=96&d=mm&r=g","caption":"Rodrigo Zuquim"},"url":"https:\/\/agenciainfra.com\/blog\/author\/rodrigo-zuquim\/"}]}},"_links":{"self":[{"href":"https:\/\/agenciainfra.com\/blog\/wp-json\/wp\/v2\/posts\/11535","targetHints":{"allow":["GET"]}}],"collection":[{"href":"https:\/\/agenciainfra.com\/blog\/wp-json\/wp\/v2\/posts"}],"about":[{"href":"https:\/\/agenciainfra.com\/blog\/wp-json\/wp\/v2\/types\/post"}],"author":[{"embeddable":true,"href":"https:\/\/agenciainfra.com\/blog\/wp-json\/wp\/v2\/users\/9"}],"replies":[{"embeddable":true,"href":"https:\/\/agenciainfra.com\/blog\/wp-json\/wp\/v2\/comments?post=11535"}],"version-history":[{"count":0,"href":"https:\/\/agenciainfra.com\/blog\/wp-json\/wp\/v2\/posts\/11535\/revisions"}],"wp:featuredmedia":[{"embeddable":true,"href":"https:\/\/agenciainfra.com\/blog\/wp-json\/wp\/v2\/media\/5769"}],"wp:attachment":[{"href":"https:\/\/agenciainfra.com\/blog\/wp-json\/wp\/v2\/media?parent=11535"}],"wp:term":[{"taxonomy":"category","embeddable":true,"href":"https:\/\/agenciainfra.com\/blog\/wp-json\/wp\/v2\/categories?post=11535"},{"taxonomy":"post_tag","embeddable":true,"href":"https:\/\/agenciainfra.com\/blog\/wp-json\/wp\/v2\/tags?post=11535"}],"curies":[{"name":"wp","href":"https:\/\/api.w.org\/{rel}","templated":true}]}}