{"id":11550,"date":"2022-10-24T09:00:00","date_gmt":"2022-10-24T12:00:00","guid":{"rendered":"https:\/\/www.agenciainfra.com\/blog\/?p=11550"},"modified":"2022-10-24T12:55:49","modified_gmt":"2022-10-24T15:55:49","slug":"ministro-diz-que-ferrovias-privadas-e-concedidas-devem-operar-em-parceria-nas-autorizadas","status":"publish","type":"post","link":"https:\/\/agenciainfra.com\/blog\/ministro-diz-que-ferrovias-privadas-e-concedidas-devem-operar-em-parceria-nas-autorizadas\/","title":{"rendered":"Ministro diz que ferrovias privadas e concedidas devem operar em parceria nas autorizadas"},"content":{"rendered":"\n<p class=\"has-text-align-right\"><strong>Dimmi Amora e Jenifer Ribeiro, da Ag\u00eancia iNFRA<\/strong><\/p>\n\n\n\n<p>O ministro da Infraestrutura, Marcelo Sampaio, afirmou que as primeiras ferrovias autorizadas em 2021 devem come\u00e7ar a entrar em obras a partir do ano que vem. A informa\u00e7\u00e3o foi dada em entrevista durante o evento Brasil Export, realizado em Bras\u00edlia na \u00faltima quinta-feira (20).\u00a0<br><br>A expectativa gira em torno do projeto mais avan\u00e7ado, que\u00a0<a rel=\"noreferrer noopener\" href=\"https:\/\/agenciainfra.us14.list-manage.com\/track\/click?u=d460dd1bcf9ba0ae040e1fc0f&amp;id=5e3bbd9c3f&amp;e=c099169394\" target=\"_blank\">liga a f\u00e1brica de celulose<\/a>\u00a0da Eldorado, em Tr\u00eas Lagoas (MS), ao sistema ferrovi\u00e1rio j\u00e1 existente na cidade de Aparecida do Taboado (MS).<br><br>Segundo ele, a empresa j\u00e1 contratou um projeto executivo, em est\u00e1gio avan\u00e7ado de execu\u00e7\u00e3o, e sinalizou que precisa dos decretos de desapropria\u00e7\u00e3o para realizar as obras, estimadas inicialmente em cerca de R$ 900 milh\u00f5es.<br><br>Sampaio afirmou que o decreto regulamentador da Lei de Ferrovias vai prever regras para que as autorizat\u00e1rias possam ter acesso \u00e0s ferrovias concedidas, que s\u00e3o as que chegam aos terminais portu\u00e1rios. Mas, segundo ele, essa n\u00e3o \u00e9 uma preocupa\u00e7\u00e3o\u00a0porque as ferrovias autorizadas est\u00e3o trabalhando em acordos com as concedidas para que elas fa\u00e7am a opera\u00e7\u00e3o dos novos trechos.<br><br>&#8220;A Eldorado j\u00e1 opera na malha da Rumo. Eles v\u00e3o fazer uma parceria para a Rumo operar a ferrovia. \u00c9 natural que o processo nesse come\u00e7o trabalhe com essa sinergia&#8221;, disse Sampaio. &#8220;A gente t\u00e1 entendendo que o acesso vai ser algo muito natural nesse come\u00e7o. N\u00e3o vai ser aquela competi\u00e7\u00e3o entre as short lines e os troncos. Depois, pode ser que apare\u00e7a um operador ferrovi\u00e1rio independente&#8221;, disse o ministro.<br><br><strong>Decretos<\/strong><br>O ministro confirmou que nesta quarta-feira (26) haver\u00e1 uma cerim\u00f4nia para autorizar novas ferrovias. A expectativa \u00e9 que sejam pelo menos quatro empresas que ser\u00e3o autorizadas, ap\u00f3s as 27 primeiras autoriza\u00e7\u00f5es dadas em 2021.\u00a0<br><br>Segundo ele, o decreto que vai regulamentar a lei de ferrovias tamb\u00e9m deve ser assinado pelo presidente Jair Bolsonaro at\u00e9 a data, mas h\u00e1 dificuldades de agenda por causa da campanha eleitoral. De acordo com Sampaio, o decreto est\u00e1 bem alinhado entre todos os \u00f3rg\u00e3os do governo.\u00a0<br><br><strong>Transnordestina<\/strong><br>O secret\u00e1rio de Transportes Terrestres da pasta, Felipe Queiroz, destacou durante o evento que \u201cem breve\u201d vai ser pautado no TCU (Tribunal de Contas da Uni\u00e3o)\u00a0o m\u00e9rito do processo que impossibilita o uso de fundos p\u00fablicos para financiar a ferrovia Transnordestina.<br><br>O intuito \u00e9 de o governo protocolar uma an\u00e1lise de impacto regulat\u00f3rio com quatro cen\u00e1rios alternativos \u00e0 caducidade, que \u00e9 a proposta da ag\u00eancia para essa concess\u00e3o, para fazer a repactua\u00e7\u00e3o do contrato com atual concession\u00e1ria e ela possa terminar o trecho de Eliseu Martins (Piau\u00ed) at\u00e9 o Porto de Pec\u00e9m, no Cear\u00e1.<br><br>Caso o Tribunal de Contas aceite alguma dessas sugest\u00f5es, o processo de caducidade sugerido pela ANTT (Ag\u00eancia Nacional de Transportes Terrestres), ap\u00f3s diversos descumprimentos do contrato de concess\u00e3o, n\u00e3o deve acontecer.<br><br><strong>Porto de Itaqui\u00a0<\/strong><br>Al\u00e9m disso, o secret\u00e1rio de Transportes Terrestres apontou que a secretaria deve seguir um modelo similar ao da\u00a0formula\u00e7\u00e3o para a cess\u00e3o da Fips (Ferrovia Interna do Porto de Santos) para fazer uma ferrovia interna no Porto de Itaqui (MA). A modelagem da Fips permite a ades\u00e3o da iniciativa privada ao empreendimento.<br><br><strong>BR do Mar<\/strong><br>J\u00e1 o decreto para regulamentar o BR do Mar, segundo o ministro Marcelo Sampaio, s\u00f3 deve ser assinado ap\u00f3s as elei\u00e7\u00f5es, mesmo j\u00e1 havendo alinhamento entre o MInfra e o Minist\u00e9rio da Economia, que segundo ele foi feito diretamente com o ministro Paulo Guedes. A tend\u00eancia \u00e9 que a regra do chamado prazo de opera\u00e7\u00e3o especial fique em cinco anos.<br><br>No final do m\u00eas passado, Sampaio disse que o decreto deveria ser publicado em outubro.\u00a0Ap\u00f3s a publica\u00e7\u00e3o do documento, a ANTAQ (Ag\u00eancia Nacional de Transportes Aquavi\u00e1rios) tamb\u00e9m deve editar uma resolu\u00e7\u00e3o sobre o tema.<br><br><strong>Porto de Santos<\/strong><br>J\u00e1 sobre a proposta de privatiza\u00e7\u00e3o da estatal do porto de Santos (SP), Sampaio afirmou que conversou com o ministro Bruno Dantas, do TCU, relator do caso, sobre o tema e disse que ele se comprometeu a relatar o processo em novembro.<br><br>Segundo Sampaio, foi um desejo apresentado pelo pr\u00f3prio ministro, o de deixar a relatoria dos processos no \u00f3rg\u00e3o para cumprir seu per\u00edodo na presid\u00eancia, relatando a privatiza\u00e7\u00e3o de Santos. Os presidentes deixam de relatar processos.<br><br>&#8220;Nossa expectativa \u00e9 publicar o edital no fim de novembro ou dezembro&#8221;, disse.<br><br>No TCU, o processo est\u00e1 na secretaria especializada que trabalha intensamente para que seja poss\u00edvel apresentar um relat\u00f3rio ao ministro at\u00e9 a primeira semana de novembro. H\u00e1 previs\u00e3o de que, no dia 31 de outubro,\u00a0seja realizado um painel de refer\u00eancia sobre o projeto, que \u00e9 uma esp\u00e9cie de audi\u00eancia p\u00fablica que o TCU faz em projetos mais complexos, como forma de ouvir diversos atores interessados.<br><br><strong>Sem maturidade<\/strong><br>Sampaio confirmou que oficiou ao TCU a formaliza\u00e7\u00e3o de que os terminais STS10 e STS53\u00a0em Santos sejam incorporados ao modelo de desestatiza\u00e7\u00e3o do porto, ou seja, v\u00e3o ser negociados pelo novo concession\u00e1rio que assumir o porto. Segundo o ministro, vai ficar especificado em contrato que as \u00e1reas ter\u00e3o que ser usadas para as finalidades j\u00e1 definidas no PDZ (cont\u00eaineres e fertilizantes).<br><br>Em sua palestra no evento, Sampaio disse que \u00e9 preciso ter &#8220;responsabilidade&#8221; com a desestatiza\u00e7\u00e3o. Segundo ele, a inten\u00e7\u00e3o \u00e9 fazer investimentos para que o porto tenha efici\u00eancia.<br><br>&#8220;Uma desestatiza\u00e7\u00e3o mal feita no porto de Santos n\u00e3o bota em risco s\u00f3 o porto de Santos. Bota em risco o pa\u00eds&#8221;, disse Sampaio.<br><br>A avalia\u00e7\u00e3o geral do mercado \u00e9 que o projeto apresentado ao TCU n\u00e3o tem maturidade para ser levado \u00e0 concess\u00e3o neste ano. Segundo um agente do mercado privado que estava estudando a entrada de grandes grupos, empresas j\u00e1 pararam de avaliar o projeto diante dos grandes riscos que n\u00e3o est\u00e3o equacionados na proposta apresentada.<br><br>Houve grandes mudan\u00e7as de \u00faltima hora, especialmente na constru\u00e7\u00e3o do t\u00fanel entre Santos e Guaruj\u00e1. A proposta levada ao TCU prev\u00ea uma concess\u00e3o do t\u00fanel ap\u00f3s a constru\u00e7\u00e3o. Mas a matriz de risco desse outro neg\u00f3cio foi considerada de baixa consist\u00eancia por quem avaliou os documentos.<br><br><strong>Plano Setorial<\/strong><br>O Plano Setorial de Transportes Terrestres deve ser publicado em dezembro deste ano, de acordo com fala do secret\u00e1rio de Transportes Terrestres, Felipe Queiroz, durante o evento.<br><br>O documento define a\u00e7\u00f5es de infraestrutura de transportes terrestres para os pr\u00f3ximos quatro anos, dentro do planejamento setorial at\u00e9 2035. O foco do relat\u00f3rio deste ano \u00e9 a integra\u00e7\u00e3o multimodal, principalmente de ferrovia-porto e ferrovia-rodovia, segundo ele.<br><br>Ao longo do evento, diversos representantes governamentais e do setor de infraestrutura de transportes defenderam e destacaram a import\u00e2ncia das concess\u00f5es de corredores log\u00edsticos integrados.<br><br><strong>Premia\u00e7\u00e3o do MInfra<\/strong><br>Na noite da \u00faltima quinta-feira (20), o MInfra anunciou os vencedores da segunda edi\u00e7\u00e3o do Pr\u00eamio Rodovias +Brasil e da primeira edi\u00e7\u00e3o do Ferrovias +Brasil. A premia\u00e7\u00e3o reconhece gestores e operadores p\u00fablicos e privados\u00a0dos setores ferrovi\u00e1rio e rodovi\u00e1rio pelas contribui\u00e7\u00f5es \u00e0 infraestrutura de transportes no Brasil. Saiba quem foram os vitoriosos das 17 categorias da premia\u00e7\u00e3o\u00a0<a rel=\"noreferrer noopener\" href=\"https:\/\/agenciainfra.us14.list-manage.com\/track\/click?u=d460dd1bcf9ba0ae040e1fc0f&amp;id=9c806cde3d&amp;e=c099169394\" target=\"_blank\">neste link<\/a>.<\/p>\n","protected":false},"excerpt":{"rendered":"<p>Dimmi Amora e Jenifer Ribeiro, da Ag\u00eancia iNFRA O ministro da Infraestrutura, Marcelo Sampaio, afirmou que as primeiras ferrovias autorizadas em 2021 devem come\u00e7ar a entrar em obras a partir do ano que vem. A informa\u00e7\u00e3o foi dada em entrevista durante o evento Brasil Export, realizado em Bras\u00edlia na \u00faltima quinta-feira (20).\u00a0 A expectativa gira [&hellip;]<\/p>\n","protected":false},"author":9,"featured_media":6666,"comment_status":"closed","ping_status":"closed","sticky":false,"template":"","format":"standard","meta":{"_monsterinsights_skip_tracking":false,"_monsterinsights_sitenote_active":false,"_monsterinsights_sitenote_note":"","_monsterinsights_sitenote_category":0,"footnotes":""},"categories":[1,7],"tags":[86,19,1245,5944,396,5952,5732,5318,4894,5274,997,775,5953,1542,260,80,18,504],"class_list":["post-11550","post","type-post","status-publish","format-standard","has-post-thumbnail","hentry","category-geral","category-infratransporte","tag-antaq","tag-antt","tag-br-do-mar","tag-brasil-export","tag-bruno-dantas","tag-eldorado","tag-felipe-queiroz","tag-ferrovias-autorizadas","tag-ferrovias-privadas","tag-lei-das-ferrovias","tag-marcelo-sampaio","tag-ministerio-da-infraestrutura","tag-plano-setorial-de-transportes-terrestres","tag-porto-de-itaqui","tag-porto-de-santos","tag-rumo","tag-tcu","tag-transnordestina"],"yoast_head":"<!-- This site is optimized with the Yoast SEO Premium plugin v25.4 (Yoast SEO v26.0) - https:\/\/yoast.com\/wordpress\/plugins\/seo\/ -->\n<title>Ministro diz que ferrovias privadas e concedidas devem operar em parceria nas autorizadas - Ag\u00eancia iNFRA<\/title>\n<meta name=\"robots\" content=\"index, follow, max-snippet:-1, max-image-preview:large, max-video-preview:-1\" \/>\n<link rel=\"canonical\" href=\"https:\/\/agenciainfra.com\/blog\/ministro-diz-que-ferrovias-privadas-e-concedidas-devem-operar-em-parceria-nas-autorizadas\/\" \/>\n<meta property=\"og:locale\" content=\"pt_BR\" \/>\n<meta property=\"og:type\" content=\"article\" \/>\n<meta property=\"og:title\" content=\"Ministro diz que ferrovias privadas e concedidas devem operar em parceria nas autorizadas\" \/>\n<meta property=\"og:description\" content=\"Dimmi Amora e Jenifer Ribeiro, da Ag\u00eancia iNFRA O ministro da Infraestrutura, Marcelo Sampaio, afirmou que as primeiras ferrovias autorizadas em 2021 devem come\u00e7ar a entrar em obras a partir do ano que vem. A informa\u00e7\u00e3o foi dada em entrevista durante o evento Brasil Export, realizado em Bras\u00edlia na \u00faltima quinta-feira (20).\u00a0 A expectativa gira [&hellip;]\" \/>\n<meta property=\"og:url\" content=\"https:\/\/agenciainfra.com\/blog\/ministro-diz-que-ferrovias-privadas-e-concedidas-devem-operar-em-parceria-nas-autorizadas\/\" \/>\n<meta property=\"og:site_name\" content=\"Ag\u00eancia iNFRA\" \/>\n<meta property=\"article:publisher\" content=\"https:\/\/www.facebook.com\/ageninfra\" \/>\n<meta property=\"article:published_time\" content=\"2022-10-24T12:00:00+00:00\" \/>\n<meta property=\"article:modified_time\" content=\"2022-10-24T15:55:49+00:00\" \/>\n<meta property=\"og:image\" content=\"https:\/\/agenciainfra.com\/blog\/wp-content\/uploads\/2021\/01\/sec-exec-marcelo-sampaio-foto-ricardo-botelho-minfra.jpg\" \/>\n\t<meta property=\"og:image:width\" content=\"1280\" \/>\n\t<meta property=\"og:image:height\" content=\"853\" \/>\n\t<meta property=\"og:image:type\" content=\"image\/jpeg\" \/>\n<meta name=\"author\" content=\"Rodrigo Zuquim\" \/>\n<meta name=\"twitter:card\" content=\"summary_large_image\" \/>\n<meta name=\"twitter:creator\" content=\"@agencia_infra\" \/>\n<meta name=\"twitter:site\" content=\"@agencia_infra\" \/>\n<meta name=\"twitter:label1\" content=\"Escrito por\" \/>\n\t<meta name=\"twitter:data1\" content=\"Rodrigo Zuquim\" \/>\n\t<meta name=\"twitter:label2\" content=\"Est. tempo de leitura\" \/>\n\t<meta name=\"twitter:data2\" content=\"6 minutos\" \/>\n<script type=\"application\/ld+json\" class=\"yoast-schema-graph\">{\"@context\":\"https:\/\/schema.org\",\"@graph\":[{\"@type\":\"Article\",\"@id\":\"https:\/\/agenciainfra.com\/blog\/ministro-diz-que-ferrovias-privadas-e-concedidas-devem-operar-em-parceria-nas-autorizadas\/#article\",\"isPartOf\":{\"@id\":\"https:\/\/agenciainfra.com\/blog\/ministro-diz-que-ferrovias-privadas-e-concedidas-devem-operar-em-parceria-nas-autorizadas\/\"},\"author\":{\"name\":\"Rodrigo Zuquim\",\"@id\":\"https:\/\/agenciainfra.com\/blog\/#\/schema\/person\/04dbb79bd6d8951f063da71f3e4c1eb1\"},\"headline\":\"Ministro diz que ferrovias privadas e concedidas devem operar em parceria nas autorizadas\",\"datePublished\":\"2022-10-24T12:00:00+00:00\",\"dateModified\":\"2022-10-24T15:55:49+00:00\",\"mainEntityOfPage\":{\"@id\":\"https:\/\/agenciainfra.com\/blog\/ministro-diz-que-ferrovias-privadas-e-concedidas-devem-operar-em-parceria-nas-autorizadas\/\"},\"wordCount\":1251,\"publisher\":{\"@id\":\"https:\/\/agenciainfra.com\/blog\/#organization\"},\"image\":{\"@id\":\"https:\/\/agenciainfra.com\/blog\/ministro-diz-que-ferrovias-privadas-e-concedidas-devem-operar-em-parceria-nas-autorizadas\/#primaryimage\"},\"thumbnailUrl\":\"https:\/\/agenciainfra.com\/blog\/wp-content\/uploads\/2021\/01\/sec-exec-marcelo-sampaio-foto-ricardo-botelho-minfra.jpg\",\"keywords\":[\"ANTAQ\",\"ANTT\",\"BR do Mar\",\"Brasil Export\",\"Bruno Dantas\",\"Eldorado\",\"Felipe Queiroz\",\"ferrovias autorizadas\",\"ferrovias privadas\",\"Lei das Ferrovias\",\"Marcelo Sampaio\",\"Minist\u00e9rio da Infraestrutura\",\"Plano Setorial de Transportes Terrestres\",\"Porto de Itaqui\",\"Porto de Santos\",\"Rumo\",\"TCU\",\"Transnordestina\"],\"articleSection\":[\"Geral\",\"iNFRATransporte\"],\"inLanguage\":\"pt-BR\",\"copyrightYear\":\"2022\",\"copyrightHolder\":{\"@id\":\"https:\/\/agenciainfra.com\/blog\/#organization\"}},{\"@type\":\"WebPage\",\"@id\":\"https:\/\/agenciainfra.com\/blog\/ministro-diz-que-ferrovias-privadas-e-concedidas-devem-operar-em-parceria-nas-autorizadas\/\",\"url\":\"https:\/\/agenciainfra.com\/blog\/ministro-diz-que-ferrovias-privadas-e-concedidas-devem-operar-em-parceria-nas-autorizadas\/\",\"name\":\"Ministro diz que ferrovias privadas e concedidas devem operar em parceria nas autorizadas - Ag\u00eancia iNFRA\",\"isPartOf\":{\"@id\":\"https:\/\/agenciainfra.com\/blog\/#website\"},\"primaryImageOfPage\":{\"@id\":\"https:\/\/agenciainfra.com\/blog\/ministro-diz-que-ferrovias-privadas-e-concedidas-devem-operar-em-parceria-nas-autorizadas\/#primaryimage\"},\"image\":{\"@id\":\"https:\/\/agenciainfra.com\/blog\/ministro-diz-que-ferrovias-privadas-e-concedidas-devem-operar-em-parceria-nas-autorizadas\/#primaryimage\"},\"thumbnailUrl\":\"https:\/\/agenciainfra.com\/blog\/wp-content\/uploads\/2021\/01\/sec-exec-marcelo-sampaio-foto-ricardo-botelho-minfra.jpg\",\"datePublished\":\"2022-10-24T12:00:00+00:00\",\"dateModified\":\"2022-10-24T15:55:49+00:00\",\"breadcrumb\":{\"@id\":\"https:\/\/agenciainfra.com\/blog\/ministro-diz-que-ferrovias-privadas-e-concedidas-devem-operar-em-parceria-nas-autorizadas\/#breadcrumb\"},\"inLanguage\":\"pt-BR\",\"potentialAction\":[{\"@type\":\"ReadAction\",\"target\":[\"https:\/\/agenciainfra.com\/blog\/ministro-diz-que-ferrovias-privadas-e-concedidas-devem-operar-em-parceria-nas-autorizadas\/\"]}]},{\"@type\":\"ImageObject\",\"inLanguage\":\"pt-BR\",\"@id\":\"https:\/\/agenciainfra.com\/blog\/ministro-diz-que-ferrovias-privadas-e-concedidas-devem-operar-em-parceria-nas-autorizadas\/#primaryimage\",\"url\":\"https:\/\/agenciainfra.com\/blog\/wp-content\/uploads\/2021\/01\/sec-exec-marcelo-sampaio-foto-ricardo-botelho-minfra.jpg\",\"contentUrl\":\"https:\/\/agenciainfra.com\/blog\/wp-content\/uploads\/2021\/01\/sec-exec-marcelo-sampaio-foto-ricardo-botelho-minfra.jpg\",\"width\":1280,\"height\":853},{\"@type\":\"BreadcrumbList\",\"@id\":\"https:\/\/agenciainfra.com\/blog\/ministro-diz-que-ferrovias-privadas-e-concedidas-devem-operar-em-parceria-nas-autorizadas\/#breadcrumb\",\"itemListElement\":[{\"@type\":\"ListItem\",\"position\":1,\"name\":\"In\u00edcio\",\"item\":\"https:\/\/agenciainfra.com\/blog\/\"},{\"@type\":\"ListItem\",\"position\":2,\"name\":\"Ministro diz que ferrovias privadas e concedidas devem operar em parceria nas autorizadas\"}]},{\"@type\":\"WebSite\",\"@id\":\"https:\/\/agenciainfra.com\/blog\/#website\",\"url\":\"https:\/\/agenciainfra.com\/blog\/\",\"name\":\"Ag\u00eancia iNFRA\",\"description\":\"Multiplataforma de informa\u00e7\u00e3o jornal\u00edstica refer\u00eancia na \u00e1rea de infraestrutura no Brasil!\",\"publisher\":{\"@id\":\"https:\/\/agenciainfra.com\/blog\/#organization\"},\"potentialAction\":[{\"@type\":\"SearchAction\",\"target\":{\"@type\":\"EntryPoint\",\"urlTemplate\":\"https:\/\/agenciainfra.com\/blog\/?s={search_term_string}\"},\"query-input\":{\"@type\":\"PropertyValueSpecification\",\"valueRequired\":true,\"valueName\":\"search_term_string\"}}],\"inLanguage\":\"pt-BR\"},{\"@type\":\"Organization\",\"@id\":\"https:\/\/agenciainfra.com\/blog\/#organization\",\"name\":\"Ag\u00eancia iNFRA\",\"url\":\"https:\/\/agenciainfra.com\/blog\/\",\"logo\":{\"@type\":\"ImageObject\",\"inLanguage\":\"pt-BR\",\"@id\":\"https:\/\/agenciainfra.com\/blog\/#\/schema\/logo\/image\/\",\"url\":\"https:\/\/agenciainfra.com\/blog\/wp-content\/uploads\/2023\/09\/iNFRA_5-e1761735885940.png\",\"contentUrl\":\"https:\/\/agenciainfra.com\/blog\/wp-content\/uploads\/2023\/09\/iNFRA_5-e1761735885940.png\",\"width\":1672,\"height\":454,\"caption\":\"Ag\u00eancia iNFRA\"},\"image\":{\"@id\":\"https:\/\/agenciainfra.com\/blog\/#\/schema\/logo\/image\/\"},\"sameAs\":[\"https:\/\/www.facebook.com\/ageninfra\",\"https:\/\/x.com\/agencia_infra\",\"https:\/\/www.linkedin.com\/company\/ag\u00eanciainfra\/\",\"https:\/\/www.instagram.com\/agenciainfra\/\"]},{\"@type\":\"Person\",\"@id\":\"https:\/\/agenciainfra.com\/blog\/#\/schema\/person\/04dbb79bd6d8951f063da71f3e4c1eb1\",\"name\":\"Rodrigo Zuquim\",\"image\":{\"@type\":\"ImageObject\",\"inLanguage\":\"pt-BR\",\"@id\":\"https:\/\/agenciainfra.com\/blog\/#\/schema\/person\/image\/\",\"url\":\"https:\/\/secure.gravatar.com\/avatar\/594abfe82761d620726242ff34ca472a705a4b97f16c790053a6b4c4035274d0?s=96&d=mm&r=g\",\"contentUrl\":\"https:\/\/secure.gravatar.com\/avatar\/594abfe82761d620726242ff34ca472a705a4b97f16c790053a6b4c4035274d0?s=96&d=mm&r=g\",\"caption\":\"Rodrigo Zuquim\"},\"url\":\"https:\/\/agenciainfra.com\/blog\/author\/rodrigo-zuquim\/\"}]}<\/script>\n<!-- \/ Yoast SEO Premium plugin. -->","yoast_head_json":{"title":"Ministro diz que ferrovias privadas e concedidas devem operar em parceria nas autorizadas - Ag\u00eancia iNFRA","robots":{"index":"index","follow":"follow","max-snippet":"max-snippet:-1","max-image-preview":"max-image-preview:large","max-video-preview":"max-video-preview:-1"},"canonical":"https:\/\/agenciainfra.com\/blog\/ministro-diz-que-ferrovias-privadas-e-concedidas-devem-operar-em-parceria-nas-autorizadas\/","og_locale":"pt_BR","og_type":"article","og_title":"Ministro diz que ferrovias privadas e concedidas devem operar em parceria nas autorizadas","og_description":"Dimmi Amora e Jenifer Ribeiro, da Ag\u00eancia iNFRA O ministro da Infraestrutura, Marcelo Sampaio, afirmou que as primeiras ferrovias autorizadas em 2021 devem come\u00e7ar a entrar em obras a partir do ano que vem. A informa\u00e7\u00e3o foi dada em entrevista durante o evento Brasil Export, realizado em Bras\u00edlia na \u00faltima quinta-feira (20).\u00a0 A expectativa gira [&hellip;]","og_url":"https:\/\/agenciainfra.com\/blog\/ministro-diz-que-ferrovias-privadas-e-concedidas-devem-operar-em-parceria-nas-autorizadas\/","og_site_name":"Ag\u00eancia iNFRA","article_publisher":"https:\/\/www.facebook.com\/ageninfra","article_published_time":"2022-10-24T12:00:00+00:00","article_modified_time":"2022-10-24T15:55:49+00:00","og_image":[{"width":1280,"height":853,"url":"https:\/\/agenciainfra.com\/blog\/wp-content\/uploads\/2021\/01\/sec-exec-marcelo-sampaio-foto-ricardo-botelho-minfra.jpg","type":"image\/jpeg"}],"author":"Rodrigo Zuquim","twitter_card":"summary_large_image","twitter_creator":"@agencia_infra","twitter_site":"@agencia_infra","twitter_misc":{"Escrito por":"Rodrigo Zuquim","Est. tempo de leitura":"6 minutos"},"schema":{"@context":"https:\/\/schema.org","@graph":[{"@type":"Article","@id":"https:\/\/agenciainfra.com\/blog\/ministro-diz-que-ferrovias-privadas-e-concedidas-devem-operar-em-parceria-nas-autorizadas\/#article","isPartOf":{"@id":"https:\/\/agenciainfra.com\/blog\/ministro-diz-que-ferrovias-privadas-e-concedidas-devem-operar-em-parceria-nas-autorizadas\/"},"author":{"name":"Rodrigo Zuquim","@id":"https:\/\/agenciainfra.com\/blog\/#\/schema\/person\/04dbb79bd6d8951f063da71f3e4c1eb1"},"headline":"Ministro diz que ferrovias privadas e concedidas devem operar em parceria nas autorizadas","datePublished":"2022-10-24T12:00:00+00:00","dateModified":"2022-10-24T15:55:49+00:00","mainEntityOfPage":{"@id":"https:\/\/agenciainfra.com\/blog\/ministro-diz-que-ferrovias-privadas-e-concedidas-devem-operar-em-parceria-nas-autorizadas\/"},"wordCount":1251,"publisher":{"@id":"https:\/\/agenciainfra.com\/blog\/#organization"},"image":{"@id":"https:\/\/agenciainfra.com\/blog\/ministro-diz-que-ferrovias-privadas-e-concedidas-devem-operar-em-parceria-nas-autorizadas\/#primaryimage"},"thumbnailUrl":"https:\/\/agenciainfra.com\/blog\/wp-content\/uploads\/2021\/01\/sec-exec-marcelo-sampaio-foto-ricardo-botelho-minfra.jpg","keywords":["ANTAQ","ANTT","BR do Mar","Brasil Export","Bruno Dantas","Eldorado","Felipe Queiroz","ferrovias autorizadas","ferrovias privadas","Lei das Ferrovias","Marcelo Sampaio","Minist\u00e9rio da Infraestrutura","Plano Setorial de Transportes Terrestres","Porto de Itaqui","Porto de Santos","Rumo","TCU","Transnordestina"],"articleSection":["Geral","iNFRATransporte"],"inLanguage":"pt-BR","copyrightYear":"2022","copyrightHolder":{"@id":"https:\/\/agenciainfra.com\/blog\/#organization"}},{"@type":"WebPage","@id":"https:\/\/agenciainfra.com\/blog\/ministro-diz-que-ferrovias-privadas-e-concedidas-devem-operar-em-parceria-nas-autorizadas\/","url":"https:\/\/agenciainfra.com\/blog\/ministro-diz-que-ferrovias-privadas-e-concedidas-devem-operar-em-parceria-nas-autorizadas\/","name":"Ministro diz que ferrovias privadas e concedidas devem operar em parceria nas autorizadas - Ag\u00eancia iNFRA","isPartOf":{"@id":"https:\/\/agenciainfra.com\/blog\/#website"},"primaryImageOfPage":{"@id":"https:\/\/agenciainfra.com\/blog\/ministro-diz-que-ferrovias-privadas-e-concedidas-devem-operar-em-parceria-nas-autorizadas\/#primaryimage"},"image":{"@id":"https:\/\/agenciainfra.com\/blog\/ministro-diz-que-ferrovias-privadas-e-concedidas-devem-operar-em-parceria-nas-autorizadas\/#primaryimage"},"thumbnailUrl":"https:\/\/agenciainfra.com\/blog\/wp-content\/uploads\/2021\/01\/sec-exec-marcelo-sampaio-foto-ricardo-botelho-minfra.jpg","datePublished":"2022-10-24T12:00:00+00:00","dateModified":"2022-10-24T15:55:49+00:00","breadcrumb":{"@id":"https:\/\/agenciainfra.com\/blog\/ministro-diz-que-ferrovias-privadas-e-concedidas-devem-operar-em-parceria-nas-autorizadas\/#breadcrumb"},"inLanguage":"pt-BR","potentialAction":[{"@type":"ReadAction","target":["https:\/\/agenciainfra.com\/blog\/ministro-diz-que-ferrovias-privadas-e-concedidas-devem-operar-em-parceria-nas-autorizadas\/"]}]},{"@type":"ImageObject","inLanguage":"pt-BR","@id":"https:\/\/agenciainfra.com\/blog\/ministro-diz-que-ferrovias-privadas-e-concedidas-devem-operar-em-parceria-nas-autorizadas\/#primaryimage","url":"https:\/\/agenciainfra.com\/blog\/wp-content\/uploads\/2021\/01\/sec-exec-marcelo-sampaio-foto-ricardo-botelho-minfra.jpg","contentUrl":"https:\/\/agenciainfra.com\/blog\/wp-content\/uploads\/2021\/01\/sec-exec-marcelo-sampaio-foto-ricardo-botelho-minfra.jpg","width":1280,"height":853},{"@type":"BreadcrumbList","@id":"https:\/\/agenciainfra.com\/blog\/ministro-diz-que-ferrovias-privadas-e-concedidas-devem-operar-em-parceria-nas-autorizadas\/#breadcrumb","itemListElement":[{"@type":"ListItem","position":1,"name":"In\u00edcio","item":"https:\/\/agenciainfra.com\/blog\/"},{"@type":"ListItem","position":2,"name":"Ministro diz que ferrovias privadas e concedidas devem operar em parceria nas autorizadas"}]},{"@type":"WebSite","@id":"https:\/\/agenciainfra.com\/blog\/#website","url":"https:\/\/agenciainfra.com\/blog\/","name":"Ag\u00eancia iNFRA","description":"Multiplataforma de informa\u00e7\u00e3o jornal\u00edstica refer\u00eancia na \u00e1rea de infraestrutura no Brasil!","publisher":{"@id":"https:\/\/agenciainfra.com\/blog\/#organization"},"potentialAction":[{"@type":"SearchAction","target":{"@type":"EntryPoint","urlTemplate":"https:\/\/agenciainfra.com\/blog\/?s={search_term_string}"},"query-input":{"@type":"PropertyValueSpecification","valueRequired":true,"valueName":"search_term_string"}}],"inLanguage":"pt-BR"},{"@type":"Organization","@id":"https:\/\/agenciainfra.com\/blog\/#organization","name":"Ag\u00eancia iNFRA","url":"https:\/\/agenciainfra.com\/blog\/","logo":{"@type":"ImageObject","inLanguage":"pt-BR","@id":"https:\/\/agenciainfra.com\/blog\/#\/schema\/logo\/image\/","url":"https:\/\/agenciainfra.com\/blog\/wp-content\/uploads\/2023\/09\/iNFRA_5-e1761735885940.png","contentUrl":"https:\/\/agenciainfra.com\/blog\/wp-content\/uploads\/2023\/09\/iNFRA_5-e1761735885940.png","width":1672,"height":454,"caption":"Ag\u00eancia iNFRA"},"image":{"@id":"https:\/\/agenciainfra.com\/blog\/#\/schema\/logo\/image\/"},"sameAs":["https:\/\/www.facebook.com\/ageninfra","https:\/\/x.com\/agencia_infra","https:\/\/www.linkedin.com\/company\/ag\u00eanciainfra\/","https:\/\/www.instagram.com\/agenciainfra\/"]},{"@type":"Person","@id":"https:\/\/agenciainfra.com\/blog\/#\/schema\/person\/04dbb79bd6d8951f063da71f3e4c1eb1","name":"Rodrigo Zuquim","image":{"@type":"ImageObject","inLanguage":"pt-BR","@id":"https:\/\/agenciainfra.com\/blog\/#\/schema\/person\/image\/","url":"https:\/\/secure.gravatar.com\/avatar\/594abfe82761d620726242ff34ca472a705a4b97f16c790053a6b4c4035274d0?s=96&d=mm&r=g","contentUrl":"https:\/\/secure.gravatar.com\/avatar\/594abfe82761d620726242ff34ca472a705a4b97f16c790053a6b4c4035274d0?s=96&d=mm&r=g","caption":"Rodrigo Zuquim"},"url":"https:\/\/agenciainfra.com\/blog\/author\/rodrigo-zuquim\/"}]}},"_links":{"self":[{"href":"https:\/\/agenciainfra.com\/blog\/wp-json\/wp\/v2\/posts\/11550","targetHints":{"allow":["GET"]}}],"collection":[{"href":"https:\/\/agenciainfra.com\/blog\/wp-json\/wp\/v2\/posts"}],"about":[{"href":"https:\/\/agenciainfra.com\/blog\/wp-json\/wp\/v2\/types\/post"}],"author":[{"embeddable":true,"href":"https:\/\/agenciainfra.com\/blog\/wp-json\/wp\/v2\/users\/9"}],"replies":[{"embeddable":true,"href":"https:\/\/agenciainfra.com\/blog\/wp-json\/wp\/v2\/comments?post=11550"}],"version-history":[{"count":0,"href":"https:\/\/agenciainfra.com\/blog\/wp-json\/wp\/v2\/posts\/11550\/revisions"}],"wp:featuredmedia":[{"embeddable":true,"href":"https:\/\/agenciainfra.com\/blog\/wp-json\/wp\/v2\/media\/6666"}],"wp:attachment":[{"href":"https:\/\/agenciainfra.com\/blog\/wp-json\/wp\/v2\/media?parent=11550"}],"wp:term":[{"taxonomy":"category","embeddable":true,"href":"https:\/\/agenciainfra.com\/blog\/wp-json\/wp\/v2\/categories?post=11550"},{"taxonomy":"post_tag","embeddable":true,"href":"https:\/\/agenciainfra.com\/blog\/wp-json\/wp\/v2\/tags?post=11550"}],"curies":[{"name":"wp","href":"https:\/\/api.w.org\/{rel}","templated":true}]}}