{"id":11552,"date":"2022-10-24T10:00:00","date_gmt":"2022-10-24T13:00:00","guid":{"rendered":"https:\/\/www.agenciainfra.com\/blog\/?p=11552"},"modified":"2022-10-24T08:48:13","modified_gmt":"2022-10-24T11:48:13","slug":"analise-fabricacao-de-equipamentos-eolicos-e-cada-vez-menos-rentavel-e-cenario-e-preocupante","status":"publish","type":"post","link":"https:\/\/agenciainfra.com\/blog\/analise-fabricacao-de-equipamentos-eolicos-e-cada-vez-menos-rentavel-e-cenario-e-preocupante\/","title":{"rendered":"An\u00e1lise: Fabrica\u00e7\u00e3o de equipamentos e\u00f3licos \u00e9 cada vez menos rent\u00e1vel e cen\u00e1rio \u00e9 preocupante"},"content":{"rendered":"\n<p class=\"has-text-align-right\"><strong>Roberto Rockmann*<\/strong><\/p>\n\n\n\n<p>A rentabilidade sob press\u00e3o da cadeia mundial e brasileira de fornecedores de equipamentos e\u00f3licos traz uma s\u00e9rie de preocupa\u00e7\u00f5es para o setor el\u00e9trico. O assunto j\u00e1 \u00e9 monitorado por geradoras, institui\u00e7\u00f5es financeiras e consultorias.<br><br>\u201cO assunto est\u00e1 no radar, mas ainda n\u00e3o vimos um sinal amarelo. Apenas estamos acompanhando porque h\u00e1 uma s\u00e9rie de interroga\u00e7\u00f5es\u201d, diz uma fonte do setor financeiro. Para outro especialista, antecipa\u00e7\u00e3o de prazos de gera\u00e7\u00e3o, outrora fato recorrente, pode se tornar mais complexa nesse cen\u00e1rio.<br><br><strong>Interrup\u00e7\u00e3o no Brasil<\/strong><br>Neste ano, uma das l\u00edderes do mercado, a General Electric, anunciou a interrup\u00e7\u00e3o de suas vendas de aerogeradores no Brasil. Os fornecedores de equipamento enfrentam um momento dif\u00edcil no mundo, cen\u00e1rio discutido no rec\u00e9m-realizado Brazil Windpower.<br><br>\u201cO setor est\u00e1 doente, a demanda \u00e9 crescente h\u00e1 uma d\u00e9cada, mas fabricantes de geradores vivem um per\u00edodo turbulento\u201d, diz Jo\u00e3o Paulo Gualberto da Silva, diretor da WEG Energia. No in\u00edcio de 2020, 65% dos custos se referiam \u00e0s mat\u00e9rias-primas, como a\u00e7o e fibra de vidro. Em setembro de 2022, 98% do pre\u00e7o de venda est\u00e1 atrelado a isso. \u201cAinda tem de usinar, montar e transportar, mas o cen\u00e1rio de 2023 \u00e9 de redu\u00e7\u00e3o dos custos\u201d, disse o executivo da WEG.<br><br><strong>Frete caro<\/strong><br>Muitos contratos s\u00e3o reajustados pelo IPCA, que n\u00e3o tem refletido a press\u00e3o, afirma Felipe Feres, diretor da Siemens Gamesa. Diesel em dez anos aumentou 60% acima da infla\u00e7\u00e3o do per\u00edodo, o frete quadruplicou na pandemia e agora caiu, mas est\u00e1 em US$ 7 mil, bem mais elevado que os US$ 4 mil antes da pandemia\u201d, afirmou Feres. A log\u00edstica chega a representar 30% do que se gasta para produzir uma m\u00e1quina.<br><br>A alta do diesel dos \u00faltimos meses tem prejudicado ainda mais a taxa de retorno, cen\u00e1rio que j\u00e1 vinha dif\u00edcil desde 2020, quando a pandemia teve v\u00e1rios reflexos: da alta de mat\u00e9rias-primas como a\u00e7o e cobre ao custo do frete.<br><br>A press\u00e3o de curto prazo se soma a incertezas futuras. Uma delas se refere \u00e0 velocidade dos investimentos em fontes renov\u00e1veis no mundo a partir dos reflexos da guerra entre Ucr\u00e2nia e R\u00fassia e o IRA (Inflation Reduction Act), pacote do governo dos Estados Unidos contra o avan\u00e7o da infla\u00e7\u00e3o e que garante investimento hist\u00f3rico na agenda clim\u00e1tica do pa\u00eds.<br><br><strong>Demanda por mat\u00e9ria-prima<\/strong><br>Isso coincide com o avan\u00e7o do carro el\u00e9trico e da energia solar, cuja cadeia est\u00e1 concentrada na \u00c1sia. \u201cAs commodities que o setor e\u00f3lico consome s\u00e3o as mesmas do setor solar, de autom\u00f3veis el\u00e9tricos. Haver\u00e1 uma demanda global muito maior por a\u00e7o, cobre, alum\u00ednio&#8221;, observou Rodrigo Ferreira, head de Procurement da Vestas para a Am\u00e9rica Latina.<br><br>No mercado, a preocupa\u00e7\u00e3o maior em rela\u00e7\u00e3o a fornecedores est\u00e1 em\u00a0<a rel=\"noreferrer noopener\" href=\"https:\/\/agenciainfra.us14.list-manage.com\/track\/click?u=d460dd1bcf9ba0ae040e1fc0f&amp;id=bf966a3e58&amp;e=c099169394\" target=\"_blank\">fabricantes de bens de capital ao setor de transmiss\u00e3o<\/a>. A estimativa de investimentos de R$ 50 bilh\u00f5es em novas linhas de transmiss\u00e3o a serem licitadas em 2023 a 2024 tem criado d\u00favidas sobre disponibilidade de capital, m\u00e3o de obra, equipamentos e EPCistas para executar os empreendimentos.<br><br>A preocupa\u00e7\u00e3o ronda transmissoras e uma parte do governo federal. Avalia-se a contrata\u00e7\u00e3o de um estudo para buscar mapear e tratar eventuais gargalos ou fontes de sobrecusto que possam comprometer o andamento dos futuros projetos.<\/p>\n\n\n\n<h6 class=\"wp-block-heading\" id=\"block-f323f59b-51bf-4eed-b17b-3c7d3b917007\">*Roberto Rockmann <strong>\u00e9 escritor e jornalista. Coautor do livro \u201cCurto-Circuito, quando o Brasil quase ficou \u00e0s escuras\u201d e produtor do podcast quinzenal \u201cGiro Energia\u201d sobre o setor el\u00e9trico. Organizou em 2018 o livro de 20 anos do mercado livre de energia el\u00e9trica, editado pela CCEE (C\u00e2mara de Comercializa\u00e7\u00e3o de Energia El\u00e9trica), al\u00e9m de v\u00e1rios outros livros e trabalhos premiados<\/strong>.<\/h6>\n\n\n\n<p><strong>As opini\u00f5es dos autores n\u00e3o refletem necessariamente o pensamento da Ag\u00eancia iNFRA, sendo de total responsabilidade do autor as informa\u00e7\u00f5es, ju\u00edzos de valor e conceitos descritos no texto<\/strong>. <\/p>\n","protected":false},"excerpt":{"rendered":"<p>Roberto Rockmann* A rentabilidade sob press\u00e3o da cadeia mundial e brasileira de fornecedores de equipamentos e\u00f3licos traz uma s\u00e9rie de preocupa\u00e7\u00f5es para o setor el\u00e9trico. O assunto j\u00e1 \u00e9 monitorado por geradoras, institui\u00e7\u00f5es financeiras e consultorias. \u201cO assunto est\u00e1 no radar, mas ainda n\u00e3o vimos um sinal amarelo. Apenas estamos acompanhando porque h\u00e1 uma s\u00e9rie [&hellip;]<\/p>\n","protected":false},"author":9,"featured_media":8167,"comment_status":"closed","ping_status":"closed","sticky":false,"template":"","format":"standard","meta":{"_monsterinsights_skip_tracking":false,"_monsterinsights_sitenote_active":false,"_monsterinsights_sitenote_note":"","_monsterinsights_sitenote_category":0,"footnotes":""},"categories":[1],"tags":[1275,1093,5954,5958,5955,5957,5218,54,5959,5960,5956],"class_list":["post-11552","post","type-post","status-publish","format-standard","has-post-thumbnail","hentry","category-geral","tag-energia-eolica","tag-energia-solar","tag-equipamentos-eolicos","tag-felipe-feres","tag-general-electric","tag-joao-paulo-gualberto-da-silva","tag-rodrigo-ferreira","tag-setor-eletrico","tag-siemens-gamesa","tag-vestas","tag-weg"],"yoast_head":"<!-- This site is optimized with the Yoast SEO Premium plugin v25.4 (Yoast SEO v26.0) - https:\/\/yoast.com\/wordpress\/plugins\/seo\/ -->\n<title>An\u00e1lise: Fabrica\u00e7\u00e3o de equipamentos e\u00f3licos \u00e9 cada vez menos rent\u00e1vel e cen\u00e1rio \u00e9 preocupante - Ag\u00eancia iNFRA<\/title>\n<meta name=\"robots\" content=\"index, follow, max-snippet:-1, max-image-preview:large, max-video-preview:-1\" \/>\n<link rel=\"canonical\" href=\"https:\/\/agenciainfra.com\/blog\/analise-fabricacao-de-equipamentos-eolicos-e-cada-vez-menos-rentavel-e-cenario-e-preocupante\/\" \/>\n<meta property=\"og:locale\" content=\"pt_BR\" \/>\n<meta property=\"og:type\" content=\"article\" \/>\n<meta property=\"og:title\" content=\"An\u00e1lise: Fabrica\u00e7\u00e3o de equipamentos e\u00f3licos \u00e9 cada vez menos rent\u00e1vel e cen\u00e1rio \u00e9 preocupante\" \/>\n<meta property=\"og:description\" content=\"Roberto Rockmann* A rentabilidade sob press\u00e3o da cadeia mundial e brasileira de fornecedores de equipamentos e\u00f3licos traz uma s\u00e9rie de preocupa\u00e7\u00f5es para o setor el\u00e9trico. O assunto j\u00e1 \u00e9 monitorado por geradoras, institui\u00e7\u00f5es financeiras e consultorias. \u201cO assunto est\u00e1 no radar, mas ainda n\u00e3o vimos um sinal amarelo. Apenas estamos acompanhando porque h\u00e1 uma s\u00e9rie [&hellip;]\" \/>\n<meta property=\"og:url\" content=\"https:\/\/agenciainfra.com\/blog\/analise-fabricacao-de-equipamentos-eolicos-e-cada-vez-menos-rentavel-e-cenario-e-preocupante\/\" \/>\n<meta property=\"og:site_name\" content=\"Ag\u00eancia iNFRA\" \/>\n<meta property=\"article:publisher\" content=\"https:\/\/www.facebook.com\/ageninfra\" \/>\n<meta property=\"article:published_time\" content=\"2022-10-24T13:00:00+00:00\" \/>\n<meta property=\"og:image\" content=\"https:\/\/agenciainfra.com\/blog\/wp-content\/uploads\/2021\/08\/energia-eolica-foto-dominio-publico.jpeg\" \/>\n\t<meta property=\"og:image:width\" content=\"1280\" \/>\n\t<meta property=\"og:image:height\" content=\"854\" \/>\n\t<meta property=\"og:image:type\" content=\"image\/jpeg\" \/>\n<meta name=\"author\" content=\"Rodrigo Zuquim\" \/>\n<meta name=\"twitter:card\" content=\"summary_large_image\" \/>\n<meta name=\"twitter:creator\" content=\"@agencia_infra\" \/>\n<meta name=\"twitter:site\" content=\"@agencia_infra\" \/>\n<meta name=\"twitter:label1\" content=\"Escrito por\" \/>\n\t<meta name=\"twitter:data1\" content=\"Rodrigo Zuquim\" \/>\n\t<meta name=\"twitter:label2\" content=\"Est. tempo de leitura\" \/>\n\t<meta name=\"twitter:data2\" content=\"3 minutos\" \/>\n<script type=\"application\/ld+json\" class=\"yoast-schema-graph\">{\"@context\":\"https:\/\/schema.org\",\"@graph\":[{\"@type\":\"Article\",\"@id\":\"https:\/\/agenciainfra.com\/blog\/analise-fabricacao-de-equipamentos-eolicos-e-cada-vez-menos-rentavel-e-cenario-e-preocupante\/#article\",\"isPartOf\":{\"@id\":\"https:\/\/agenciainfra.com\/blog\/analise-fabricacao-de-equipamentos-eolicos-e-cada-vez-menos-rentavel-e-cenario-e-preocupante\/\"},\"author\":{\"name\":\"Rodrigo Zuquim\",\"@id\":\"https:\/\/agenciainfra.com\/blog\/#\/schema\/person\/04dbb79bd6d8951f063da71f3e4c1eb1\"},\"headline\":\"An\u00e1lise: Fabrica\u00e7\u00e3o de equipamentos e\u00f3licos \u00e9 cada vez menos rent\u00e1vel e cen\u00e1rio \u00e9 preocupante\",\"datePublished\":\"2022-10-24T13:00:00+00:00\",\"mainEntityOfPage\":{\"@id\":\"https:\/\/agenciainfra.com\/blog\/analise-fabricacao-de-equipamentos-eolicos-e-cada-vez-menos-rentavel-e-cenario-e-preocupante\/\"},\"wordCount\":688,\"publisher\":{\"@id\":\"https:\/\/agenciainfra.com\/blog\/#organization\"},\"image\":{\"@id\":\"https:\/\/agenciainfra.com\/blog\/analise-fabricacao-de-equipamentos-eolicos-e-cada-vez-menos-rentavel-e-cenario-e-preocupante\/#primaryimage\"},\"thumbnailUrl\":\"https:\/\/agenciainfra.com\/blog\/wp-content\/uploads\/2021\/08\/energia-eolica-foto-dominio-publico.jpeg\",\"keywords\":[\"energia e\u00f3lica\",\"energia solar\",\"equipamentos e\u00f3licos\",\"Felipe Feres\",\"General Electric\",\"Jo\u00e3o Paulo Gualberto da Silva\",\"Rodrigo Ferreira\",\"Setor El\u00e9trico\",\"Siemens Gamesa\",\"Vestas\",\"WEG\"],\"articleSection\":[\"Geral\"],\"inLanguage\":\"pt-BR\",\"copyrightYear\":\"2022\",\"copyrightHolder\":{\"@id\":\"https:\/\/agenciainfra.com\/blog\/#organization\"}},{\"@type\":\"WebPage\",\"@id\":\"https:\/\/agenciainfra.com\/blog\/analise-fabricacao-de-equipamentos-eolicos-e-cada-vez-menos-rentavel-e-cenario-e-preocupante\/\",\"url\":\"https:\/\/agenciainfra.com\/blog\/analise-fabricacao-de-equipamentos-eolicos-e-cada-vez-menos-rentavel-e-cenario-e-preocupante\/\",\"name\":\"An\u00e1lise: Fabrica\u00e7\u00e3o de equipamentos e\u00f3licos \u00e9 cada vez menos rent\u00e1vel e cen\u00e1rio \u00e9 preocupante - Ag\u00eancia iNFRA\",\"isPartOf\":{\"@id\":\"https:\/\/agenciainfra.com\/blog\/#website\"},\"primaryImageOfPage\":{\"@id\":\"https:\/\/agenciainfra.com\/blog\/analise-fabricacao-de-equipamentos-eolicos-e-cada-vez-menos-rentavel-e-cenario-e-preocupante\/#primaryimage\"},\"image\":{\"@id\":\"https:\/\/agenciainfra.com\/blog\/analise-fabricacao-de-equipamentos-eolicos-e-cada-vez-menos-rentavel-e-cenario-e-preocupante\/#primaryimage\"},\"thumbnailUrl\":\"https:\/\/agenciainfra.com\/blog\/wp-content\/uploads\/2021\/08\/energia-eolica-foto-dominio-publico.jpeg\",\"datePublished\":\"2022-10-24T13:00:00+00:00\",\"breadcrumb\":{\"@id\":\"https:\/\/agenciainfra.com\/blog\/analise-fabricacao-de-equipamentos-eolicos-e-cada-vez-menos-rentavel-e-cenario-e-preocupante\/#breadcrumb\"},\"inLanguage\":\"pt-BR\",\"potentialAction\":[{\"@type\":\"ReadAction\",\"target\":[\"https:\/\/agenciainfra.com\/blog\/analise-fabricacao-de-equipamentos-eolicos-e-cada-vez-menos-rentavel-e-cenario-e-preocupante\/\"]}]},{\"@type\":\"ImageObject\",\"inLanguage\":\"pt-BR\",\"@id\":\"https:\/\/agenciainfra.com\/blog\/analise-fabricacao-de-equipamentos-eolicos-e-cada-vez-menos-rentavel-e-cenario-e-preocupante\/#primaryimage\",\"url\":\"https:\/\/agenciainfra.com\/blog\/wp-content\/uploads\/2021\/08\/energia-eolica-foto-dominio-publico.jpeg\",\"contentUrl\":\"https:\/\/agenciainfra.com\/blog\/wp-content\/uploads\/2021\/08\/energia-eolica-foto-dominio-publico.jpeg\",\"width\":1280,\"height\":854,\"caption\":\"Foto: Dom\u00ednio p\u00fablico\"},{\"@type\":\"BreadcrumbList\",\"@id\":\"https:\/\/agenciainfra.com\/blog\/analise-fabricacao-de-equipamentos-eolicos-e-cada-vez-menos-rentavel-e-cenario-e-preocupante\/#breadcrumb\",\"itemListElement\":[{\"@type\":\"ListItem\",\"position\":1,\"name\":\"In\u00edcio\",\"item\":\"https:\/\/agenciainfra.com\/blog\/\"},{\"@type\":\"ListItem\",\"position\":2,\"name\":\"An\u00e1lise: Fabrica\u00e7\u00e3o de equipamentos e\u00f3licos \u00e9 cada vez menos rent\u00e1vel e cen\u00e1rio \u00e9 preocupante\"}]},{\"@type\":\"WebSite\",\"@id\":\"https:\/\/agenciainfra.com\/blog\/#website\",\"url\":\"https:\/\/agenciainfra.com\/blog\/\",\"name\":\"Ag\u00eancia iNFRA\",\"description\":\"Multiplataforma de informa\u00e7\u00e3o jornal\u00edstica refer\u00eancia na \u00e1rea de infraestrutura no Brasil!\",\"publisher\":{\"@id\":\"https:\/\/agenciainfra.com\/blog\/#organization\"},\"potentialAction\":[{\"@type\":\"SearchAction\",\"target\":{\"@type\":\"EntryPoint\",\"urlTemplate\":\"https:\/\/agenciainfra.com\/blog\/?s={search_term_string}\"},\"query-input\":{\"@type\":\"PropertyValueSpecification\",\"valueRequired\":true,\"valueName\":\"search_term_string\"}}],\"inLanguage\":\"pt-BR\"},{\"@type\":\"Organization\",\"@id\":\"https:\/\/agenciainfra.com\/blog\/#organization\",\"name\":\"Ag\u00eancia iNFRA\",\"url\":\"https:\/\/agenciainfra.com\/blog\/\",\"logo\":{\"@type\":\"ImageObject\",\"inLanguage\":\"pt-BR\",\"@id\":\"https:\/\/agenciainfra.com\/blog\/#\/schema\/logo\/image\/\",\"url\":\"https:\/\/agenciainfra.com\/blog\/wp-content\/uploads\/2023\/09\/iNFRA_5-e1761735885940.png\",\"contentUrl\":\"https:\/\/agenciainfra.com\/blog\/wp-content\/uploads\/2023\/09\/iNFRA_5-e1761735885940.png\",\"width\":1672,\"height\":454,\"caption\":\"Ag\u00eancia iNFRA\"},\"image\":{\"@id\":\"https:\/\/agenciainfra.com\/blog\/#\/schema\/logo\/image\/\"},\"sameAs\":[\"https:\/\/www.facebook.com\/ageninfra\",\"https:\/\/x.com\/agencia_infra\",\"https:\/\/www.linkedin.com\/company\/ag\u00eanciainfra\/\",\"https:\/\/www.instagram.com\/agenciainfra\/\"]},{\"@type\":\"Person\",\"@id\":\"https:\/\/agenciainfra.com\/blog\/#\/schema\/person\/04dbb79bd6d8951f063da71f3e4c1eb1\",\"name\":\"Rodrigo Zuquim\",\"image\":{\"@type\":\"ImageObject\",\"inLanguage\":\"pt-BR\",\"@id\":\"https:\/\/agenciainfra.com\/blog\/#\/schema\/person\/image\/\",\"url\":\"https:\/\/secure.gravatar.com\/avatar\/594abfe82761d620726242ff34ca472a705a4b97f16c790053a6b4c4035274d0?s=96&d=mm&r=g\",\"contentUrl\":\"https:\/\/secure.gravatar.com\/avatar\/594abfe82761d620726242ff34ca472a705a4b97f16c790053a6b4c4035274d0?s=96&d=mm&r=g\",\"caption\":\"Rodrigo Zuquim\"},\"url\":\"https:\/\/agenciainfra.com\/blog\/author\/rodrigo-zuquim\/\"}]}<\/script>\n<!-- \/ Yoast SEO Premium plugin. -->","yoast_head_json":{"title":"An\u00e1lise: Fabrica\u00e7\u00e3o de equipamentos e\u00f3licos \u00e9 cada vez menos rent\u00e1vel e cen\u00e1rio \u00e9 preocupante - Ag\u00eancia iNFRA","robots":{"index":"index","follow":"follow","max-snippet":"max-snippet:-1","max-image-preview":"max-image-preview:large","max-video-preview":"max-video-preview:-1"},"canonical":"https:\/\/agenciainfra.com\/blog\/analise-fabricacao-de-equipamentos-eolicos-e-cada-vez-menos-rentavel-e-cenario-e-preocupante\/","og_locale":"pt_BR","og_type":"article","og_title":"An\u00e1lise: Fabrica\u00e7\u00e3o de equipamentos e\u00f3licos \u00e9 cada vez menos rent\u00e1vel e cen\u00e1rio \u00e9 preocupante","og_description":"Roberto Rockmann* A rentabilidade sob press\u00e3o da cadeia mundial e brasileira de fornecedores de equipamentos e\u00f3licos traz uma s\u00e9rie de preocupa\u00e7\u00f5es para o setor el\u00e9trico. O assunto j\u00e1 \u00e9 monitorado por geradoras, institui\u00e7\u00f5es financeiras e consultorias. \u201cO assunto est\u00e1 no radar, mas ainda n\u00e3o vimos um sinal amarelo. Apenas estamos acompanhando porque h\u00e1 uma s\u00e9rie [&hellip;]","og_url":"https:\/\/agenciainfra.com\/blog\/analise-fabricacao-de-equipamentos-eolicos-e-cada-vez-menos-rentavel-e-cenario-e-preocupante\/","og_site_name":"Ag\u00eancia iNFRA","article_publisher":"https:\/\/www.facebook.com\/ageninfra","article_published_time":"2022-10-24T13:00:00+00:00","og_image":[{"width":1280,"height":854,"url":"https:\/\/agenciainfra.com\/blog\/wp-content\/uploads\/2021\/08\/energia-eolica-foto-dominio-publico.jpeg","type":"image\/jpeg"}],"author":"Rodrigo Zuquim","twitter_card":"summary_large_image","twitter_creator":"@agencia_infra","twitter_site":"@agencia_infra","twitter_misc":{"Escrito por":"Rodrigo Zuquim","Est. tempo de leitura":"3 minutos"},"schema":{"@context":"https:\/\/schema.org","@graph":[{"@type":"Article","@id":"https:\/\/agenciainfra.com\/blog\/analise-fabricacao-de-equipamentos-eolicos-e-cada-vez-menos-rentavel-e-cenario-e-preocupante\/#article","isPartOf":{"@id":"https:\/\/agenciainfra.com\/blog\/analise-fabricacao-de-equipamentos-eolicos-e-cada-vez-menos-rentavel-e-cenario-e-preocupante\/"},"author":{"name":"Rodrigo Zuquim","@id":"https:\/\/agenciainfra.com\/blog\/#\/schema\/person\/04dbb79bd6d8951f063da71f3e4c1eb1"},"headline":"An\u00e1lise: Fabrica\u00e7\u00e3o de equipamentos e\u00f3licos \u00e9 cada vez menos rent\u00e1vel e cen\u00e1rio \u00e9 preocupante","datePublished":"2022-10-24T13:00:00+00:00","mainEntityOfPage":{"@id":"https:\/\/agenciainfra.com\/blog\/analise-fabricacao-de-equipamentos-eolicos-e-cada-vez-menos-rentavel-e-cenario-e-preocupante\/"},"wordCount":688,"publisher":{"@id":"https:\/\/agenciainfra.com\/blog\/#organization"},"image":{"@id":"https:\/\/agenciainfra.com\/blog\/analise-fabricacao-de-equipamentos-eolicos-e-cada-vez-menos-rentavel-e-cenario-e-preocupante\/#primaryimage"},"thumbnailUrl":"https:\/\/agenciainfra.com\/blog\/wp-content\/uploads\/2021\/08\/energia-eolica-foto-dominio-publico.jpeg","keywords":["energia e\u00f3lica","energia solar","equipamentos e\u00f3licos","Felipe Feres","General Electric","Jo\u00e3o Paulo Gualberto da Silva","Rodrigo Ferreira","Setor El\u00e9trico","Siemens Gamesa","Vestas","WEG"],"articleSection":["Geral"],"inLanguage":"pt-BR","copyrightYear":"2022","copyrightHolder":{"@id":"https:\/\/agenciainfra.com\/blog\/#organization"}},{"@type":"WebPage","@id":"https:\/\/agenciainfra.com\/blog\/analise-fabricacao-de-equipamentos-eolicos-e-cada-vez-menos-rentavel-e-cenario-e-preocupante\/","url":"https:\/\/agenciainfra.com\/blog\/analise-fabricacao-de-equipamentos-eolicos-e-cada-vez-menos-rentavel-e-cenario-e-preocupante\/","name":"An\u00e1lise: Fabrica\u00e7\u00e3o de equipamentos e\u00f3licos \u00e9 cada vez menos rent\u00e1vel e cen\u00e1rio \u00e9 preocupante - Ag\u00eancia iNFRA","isPartOf":{"@id":"https:\/\/agenciainfra.com\/blog\/#website"},"primaryImageOfPage":{"@id":"https:\/\/agenciainfra.com\/blog\/analise-fabricacao-de-equipamentos-eolicos-e-cada-vez-menos-rentavel-e-cenario-e-preocupante\/#primaryimage"},"image":{"@id":"https:\/\/agenciainfra.com\/blog\/analise-fabricacao-de-equipamentos-eolicos-e-cada-vez-menos-rentavel-e-cenario-e-preocupante\/#primaryimage"},"thumbnailUrl":"https:\/\/agenciainfra.com\/blog\/wp-content\/uploads\/2021\/08\/energia-eolica-foto-dominio-publico.jpeg","datePublished":"2022-10-24T13:00:00+00:00","breadcrumb":{"@id":"https:\/\/agenciainfra.com\/blog\/analise-fabricacao-de-equipamentos-eolicos-e-cada-vez-menos-rentavel-e-cenario-e-preocupante\/#breadcrumb"},"inLanguage":"pt-BR","potentialAction":[{"@type":"ReadAction","target":["https:\/\/agenciainfra.com\/blog\/analise-fabricacao-de-equipamentos-eolicos-e-cada-vez-menos-rentavel-e-cenario-e-preocupante\/"]}]},{"@type":"ImageObject","inLanguage":"pt-BR","@id":"https:\/\/agenciainfra.com\/blog\/analise-fabricacao-de-equipamentos-eolicos-e-cada-vez-menos-rentavel-e-cenario-e-preocupante\/#primaryimage","url":"https:\/\/agenciainfra.com\/blog\/wp-content\/uploads\/2021\/08\/energia-eolica-foto-dominio-publico.jpeg","contentUrl":"https:\/\/agenciainfra.com\/blog\/wp-content\/uploads\/2021\/08\/energia-eolica-foto-dominio-publico.jpeg","width":1280,"height":854,"caption":"Foto: Dom\u00ednio p\u00fablico"},{"@type":"BreadcrumbList","@id":"https:\/\/agenciainfra.com\/blog\/analise-fabricacao-de-equipamentos-eolicos-e-cada-vez-menos-rentavel-e-cenario-e-preocupante\/#breadcrumb","itemListElement":[{"@type":"ListItem","position":1,"name":"In\u00edcio","item":"https:\/\/agenciainfra.com\/blog\/"},{"@type":"ListItem","position":2,"name":"An\u00e1lise: Fabrica\u00e7\u00e3o de equipamentos e\u00f3licos \u00e9 cada vez menos rent\u00e1vel e cen\u00e1rio \u00e9 preocupante"}]},{"@type":"WebSite","@id":"https:\/\/agenciainfra.com\/blog\/#website","url":"https:\/\/agenciainfra.com\/blog\/","name":"Ag\u00eancia iNFRA","description":"Multiplataforma de informa\u00e7\u00e3o jornal\u00edstica refer\u00eancia na \u00e1rea de infraestrutura no Brasil!","publisher":{"@id":"https:\/\/agenciainfra.com\/blog\/#organization"},"potentialAction":[{"@type":"SearchAction","target":{"@type":"EntryPoint","urlTemplate":"https:\/\/agenciainfra.com\/blog\/?s={search_term_string}"},"query-input":{"@type":"PropertyValueSpecification","valueRequired":true,"valueName":"search_term_string"}}],"inLanguage":"pt-BR"},{"@type":"Organization","@id":"https:\/\/agenciainfra.com\/blog\/#organization","name":"Ag\u00eancia iNFRA","url":"https:\/\/agenciainfra.com\/blog\/","logo":{"@type":"ImageObject","inLanguage":"pt-BR","@id":"https:\/\/agenciainfra.com\/blog\/#\/schema\/logo\/image\/","url":"https:\/\/agenciainfra.com\/blog\/wp-content\/uploads\/2023\/09\/iNFRA_5-e1761735885940.png","contentUrl":"https:\/\/agenciainfra.com\/blog\/wp-content\/uploads\/2023\/09\/iNFRA_5-e1761735885940.png","width":1672,"height":454,"caption":"Ag\u00eancia iNFRA"},"image":{"@id":"https:\/\/agenciainfra.com\/blog\/#\/schema\/logo\/image\/"},"sameAs":["https:\/\/www.facebook.com\/ageninfra","https:\/\/x.com\/agencia_infra","https:\/\/www.linkedin.com\/company\/ag\u00eanciainfra\/","https:\/\/www.instagram.com\/agenciainfra\/"]},{"@type":"Person","@id":"https:\/\/agenciainfra.com\/blog\/#\/schema\/person\/04dbb79bd6d8951f063da71f3e4c1eb1","name":"Rodrigo Zuquim","image":{"@type":"ImageObject","inLanguage":"pt-BR","@id":"https:\/\/agenciainfra.com\/blog\/#\/schema\/person\/image\/","url":"https:\/\/secure.gravatar.com\/avatar\/594abfe82761d620726242ff34ca472a705a4b97f16c790053a6b4c4035274d0?s=96&d=mm&r=g","contentUrl":"https:\/\/secure.gravatar.com\/avatar\/594abfe82761d620726242ff34ca472a705a4b97f16c790053a6b4c4035274d0?s=96&d=mm&r=g","caption":"Rodrigo Zuquim"},"url":"https:\/\/agenciainfra.com\/blog\/author\/rodrigo-zuquim\/"}]}},"_links":{"self":[{"href":"https:\/\/agenciainfra.com\/blog\/wp-json\/wp\/v2\/posts\/11552","targetHints":{"allow":["GET"]}}],"collection":[{"href":"https:\/\/agenciainfra.com\/blog\/wp-json\/wp\/v2\/posts"}],"about":[{"href":"https:\/\/agenciainfra.com\/blog\/wp-json\/wp\/v2\/types\/post"}],"author":[{"embeddable":true,"href":"https:\/\/agenciainfra.com\/blog\/wp-json\/wp\/v2\/users\/9"}],"replies":[{"embeddable":true,"href":"https:\/\/agenciainfra.com\/blog\/wp-json\/wp\/v2\/comments?post=11552"}],"version-history":[{"count":0,"href":"https:\/\/agenciainfra.com\/blog\/wp-json\/wp\/v2\/posts\/11552\/revisions"}],"wp:featuredmedia":[{"embeddable":true,"href":"https:\/\/agenciainfra.com\/blog\/wp-json\/wp\/v2\/media\/8167"}],"wp:attachment":[{"href":"https:\/\/agenciainfra.com\/blog\/wp-json\/wp\/v2\/media?parent=11552"}],"wp:term":[{"taxonomy":"category","embeddable":true,"href":"https:\/\/agenciainfra.com\/blog\/wp-json\/wp\/v2\/categories?post=11552"},{"taxonomy":"post_tag","embeddable":true,"href":"https:\/\/agenciainfra.com\/blog\/wp-json\/wp\/v2\/tags?post=11552"}],"curies":[{"name":"wp","href":"https:\/\/api.w.org\/{rel}","templated":true}]}}