{"id":11557,"date":"2022-10-25T09:00:00","date_gmt":"2022-10-25T12:00:00","guid":{"rendered":"https:\/\/www.agenciainfra.com\/blog\/?p=11557"},"modified":"2022-10-24T10:25:46","modified_gmt":"2022-10-24T13:25:46","slug":"continuidade-da-operacao-de-terminal-de-conteiner-de-itajai-e-prioridade-diz-diretor-geral-da-antaq","status":"publish","type":"post","link":"https:\/\/agenciainfra.com\/blog\/continuidade-da-operacao-de-terminal-de-conteiner-de-itajai-e-prioridade-diz-diretor-geral-da-antaq\/","title":{"rendered":"Continuidade da opera\u00e7\u00e3o de terminal de cont\u00eainer de Itaja\u00ed \u00e9 prioridade, diz diretor-geral da ANTAQ"},"content":{"rendered":"\n<p class=\"has-text-align-right\"><strong>Dimmi Amora, da Ag\u00eancia iNFRA<\/strong><\/p>\n\n\n\n<p>O diretor-geral da ANTAQ (Ag\u00eancia Nacional de Transportes Aquavi\u00e1rios), Eduardo Nery, afirmou que a prioridade para a ag\u00eancia em rela\u00e7\u00e3o ao porto de Itaja\u00ed (SC), no momento,&nbsp;\u00e9 a continuidade da opera\u00e7\u00e3o a partir de janeiro, quando o atual contrato com a APM Terminals se encerra.<br><br>Um desacordo entre a SPI (Superintend\u00eancia do Porto de Itaja\u00ed), \u00f3rg\u00e3o municipal respons\u00e1vel pela gest\u00e3o, e a operadora fez com que fosse iniciado um processo de contrata\u00e7\u00e3o via chamamento p\u00fablico para uma nova companhia administrar um contrato de transi\u00e7\u00e3o at\u00e9 que o novo operador assuma o porto, ap\u00f3s o leil\u00e3o de desestatiza\u00e7\u00e3o que o governo federal prepara.<br><br>Mas o processo de contrata\u00e7\u00e3o foi suspenso pela ag\u00eancia, alegando que a nova operadora contratada, a CTIL Log\u00edstica, n\u00e3o comprovava&nbsp;os requisitos necess\u00e1rios para seguir na opera\u00e7\u00e3o do terminal de movimenta\u00e7\u00e3o de cont\u00eaineres.&nbsp;<br><br>Nery explicou que a prefeitura se viu obrigada a fazer o chamamento p\u00fablico porque a APM queria pagar menos pelo arrendamento no contrato de transi\u00e7\u00e3o. A prefeitura n\u00e3o concordou e, por isso, foi necess\u00e1rio fazer o chamamento, que acabou sendo colocado por um valor 50% menor que o que era pago pela APM.<br><br>Mas Nery explicou que o munic\u00edpio n\u00e3o tinha alternativa, visto ser um contrato de transi\u00e7\u00e3o com tempo menor. Mas tamb\u00e9m n\u00e3o poderia fazer a mesma oferta para a empresa que estava operando.<br><br>&#8220;\u00c9 uma situa\u00e7\u00e3o complicada. Mas a prefeitura fez o que a lei manda fazer&#8221;, explicou Nery.<br><br><strong>&#8220;Freio de arruma\u00e7\u00e3o&#8221;<\/strong><br>Mas, segundo ele, foi necess\u00e1rio que a ANTAQ desse um freio de arruma\u00e7\u00e3o antecipado, visto que havia o risco de a empresa&nbsp;que respondeu ao chamamento n\u00e3o ter as condi\u00e7\u00f5es de operar o terminal.&nbsp;H\u00e1 equipamentos que s\u00e3o da APM e ter\u00e3o que ser indenizados pelo vencedor da licita\u00e7\u00e3o. Mas n\u00e3o havia um acordo para um arrendamento tempor\u00e1rio, por exemplo. Como s\u00e3o da APM, segundo Nery, deveria haver um contrato pr\u00e9vio que previsse essa opera\u00e7\u00e3o, al\u00e9m de outros documentos necess\u00e1rios para o novo operador estar apto, como o alfandegamento em seu nome.&nbsp;<br><br>Segundo Nery, as negocia\u00e7\u00f5es entre a SPI e a APM voltaram e ele acredita que ser\u00e1 poss\u00edvel chegar a um termo adequado. Mas, ainda que isso n\u00e3o ocorra, segundo o diretor-geral da ag\u00eancia, a empresa n\u00e3o poder\u00e1 deixar de operar o terminal at\u00e9 que o novo operador assuma.<br><br>Nery tamb\u00e9m acredita que ser\u00e1 poss\u00edvel realizar neste ano a licita\u00e7\u00e3o que vai desestatizar o porto de Itaja\u00ed. O relat\u00f3rio t\u00e9cnico do TCU (Tribunal de Contas da Uni\u00e3o) sobre o processo est\u00e1 em fase final e a expectativa \u00e9 que o relator leve a proposta a plen\u00e1rio em novembro. Mesmo que fa\u00e7a neste ano o leil\u00e3o, h\u00e1 prazos para assinatura do contrato e para a nova empresa assumir, o que n\u00e3o levar\u00e1 menos de seis meses ap\u00f3s a disputa.<br><br><strong>Perda de linhas<\/strong><br>A maior preocupa\u00e7\u00e3o na regi\u00e3o \u00e9 com uma poss\u00edvel perda de linhas de navega\u00e7\u00e3o de cont\u00eaineres, caso o terminal de Itaja\u00ed pare de operar. Libardoni Fronza, prefeito da cidade de Navegantes, vizinha a Itaja\u00ed e onde o terminal privado de cont\u00eaineres Portonave opera, disse em entrevista \u00e0&nbsp;<strong>Ag\u00eancia iNFRA<\/strong>&nbsp;que os dois terminais t\u00eam que funcionar integrados e que se Itaja\u00ed n\u00e3o operar, pode haver perda de conex\u00f5es e prejudicar toda a regi\u00e3o.<br><br>O prefeito defendeu a desestatiza\u00e7\u00e3o do porto vizinho, dizendo que ela ser\u00e1 importante para fortalecer a economia de toda a regi\u00e3o. Itaja\u00ed e Navegantes ficam cada uma de um lado da foz do rio Itaja\u00ed-A\u00e7u.&nbsp;O porto privado de cont\u00eaineres, o primeiro do pa\u00eds desse tipo, \u00e9 hoje um dos principais terminais do Brasil.<br><br>Mas o acesso ao porto depende do canal, que \u00e9 cuidado pela autoridade p\u00fablica (o TUP paga pela utiliza\u00e7\u00e3o do canal). Segundo Libardoni, a amplia\u00e7\u00e3o do canal \u00e9 essencial para que os dois terminais possam receber grandes navios, de at\u00e9 400 metros, o que vai ampliar a produtividade desses portos.<br><br>Ele defendeu que o projeto enviado ao TCU seja modificado para que as obras da 2\u00aa fase da bacia de evolu\u00e7\u00e3o sejam antecipadas, o que vai permitir mais cedo receber esses grandes navios.<br><br><strong>Contra limita\u00e7\u00e3o<\/strong><br>Ele tamb\u00e9m defendeu que a licita\u00e7\u00e3o n\u00e3o traga restri\u00e7\u00f5es \u00e0 participa\u00e7\u00e3o de empresas. H\u00e1 uma tentativa de limitar a participa\u00e7\u00e3o dos operadores privados que j\u00e1 operam em outros portos da regi\u00e3o, como forma de evitar concentra\u00e7\u00e3o de mercado.<br><br>&#8220;Quando voc\u00ea limita, voc\u00ea traz a r\u00e9gua para baixo. Nossa preocupa\u00e7\u00e3o \u00e9 com o complexo perder mercado&#8221;, afirmou o prefeito.<br><br>A chegada do terminal privado foi, na vis\u00e3o de Libardoni, um elemento de desenvolvimento para Navegantes, que passou de uma cidade de 15 mil habitantes na d\u00e9cada passada para quase 90 mil. Nos \u00faltimos anos, a cidade vem se preparando para se tornar mais conectada com o porto, melhorando o ambiente de neg\u00f3cios para quem \u00e9 cliente dos terminais.<\/p>\n","protected":false},"excerpt":{"rendered":"<p>Dimmi Amora, da Ag\u00eancia iNFRA O diretor-geral da ANTAQ (Ag\u00eancia Nacional de Transportes Aquavi\u00e1rios), Eduardo Nery, afirmou que a prioridade para a ag\u00eancia em rela\u00e7\u00e3o ao porto de Itaja\u00ed (SC), no momento,&nbsp;\u00e9 a continuidade da opera\u00e7\u00e3o a partir de janeiro, quando o atual contrato com a APM Terminals se encerra. Um desacordo entre a SPI [&hellip;]<\/p>\n","protected":false},"author":9,"featured_media":11417,"comment_status":"closed","ping_status":"closed","sticky":false,"template":"","format":"standard","meta":{"_monsterinsights_skip_tracking":false,"_monsterinsights_sitenote_active":false,"_monsterinsights_sitenote_note":"","_monsterinsights_sitenote_category":0,"footnotes":""},"categories":[1,7],"tags":[86,5532,5964,192,2932,5965,2056,5966,18,4250],"class_list":["post-11557","post","type-post","status-publish","format-standard","has-post-thumbnail","hentry","category-geral","category-infratransporte","tag-antaq","tag-apm-terminals","tag-ctil-logistica","tag-desestatizacao","tag-eduardo-nery","tag-libardoni-fronza","tag-porto-de-itajai","tag-portonave","tag-tcu","tag-terminal-de-conteiner"],"yoast_head":"<!-- This site is optimized with the Yoast SEO Premium plugin v25.4 (Yoast SEO v26.0) - https:\/\/yoast.com\/wordpress\/plugins\/seo\/ -->\n<title>Continuidade da opera\u00e7\u00e3o de terminal de cont\u00eainer de Itaja\u00ed \u00e9 prioridade, diz diretor-geral da ANTAQ - Ag\u00eancia iNFRA<\/title>\n<meta name=\"robots\" content=\"index, follow, max-snippet:-1, max-image-preview:large, max-video-preview:-1\" \/>\n<link rel=\"canonical\" href=\"https:\/\/agenciainfra.com\/blog\/continuidade-da-operacao-de-terminal-de-conteiner-de-itajai-e-prioridade-diz-diretor-geral-da-antaq\/\" \/>\n<meta property=\"og:locale\" content=\"pt_BR\" \/>\n<meta property=\"og:type\" content=\"article\" \/>\n<meta property=\"og:title\" content=\"Continuidade da opera\u00e7\u00e3o de terminal de cont\u00eainer de Itaja\u00ed \u00e9 prioridade, diz diretor-geral da ANTAQ\" \/>\n<meta property=\"og:description\" content=\"Dimmi Amora, da Ag\u00eancia iNFRA O diretor-geral da ANTAQ (Ag\u00eancia Nacional de Transportes Aquavi\u00e1rios), Eduardo Nery, afirmou que a prioridade para a ag\u00eancia em rela\u00e7\u00e3o ao porto de Itaja\u00ed (SC), no momento,&nbsp;\u00e9 a continuidade da opera\u00e7\u00e3o a partir de janeiro, quando o atual contrato com a APM Terminals se encerra. Um desacordo entre a SPI [&hellip;]\" \/>\n<meta property=\"og:url\" content=\"https:\/\/agenciainfra.com\/blog\/continuidade-da-operacao-de-terminal-de-conteiner-de-itajai-e-prioridade-diz-diretor-geral-da-antaq\/\" \/>\n<meta property=\"og:site_name\" content=\"Ag\u00eancia iNFRA\" \/>\n<meta property=\"article:publisher\" content=\"https:\/\/www.facebook.com\/ageninfra\" \/>\n<meta property=\"article:published_time\" content=\"2022-10-25T12:00:00+00:00\" \/>\n<meta property=\"og:image\" content=\"https:\/\/agenciainfra.com\/blog\/wp-content\/uploads\/2022\/09\/porto-de-itajai-foto-marcos-porto-prefeitura-de-itajai.jpeg\" \/>\n\t<meta property=\"og:image:width\" content=\"1280\" \/>\n\t<meta property=\"og:image:height\" content=\"856\" \/>\n\t<meta property=\"og:image:type\" content=\"image\/jpeg\" \/>\n<meta name=\"author\" content=\"Rodrigo Zuquim\" \/>\n<meta name=\"twitter:card\" content=\"summary_large_image\" \/>\n<meta name=\"twitter:creator\" content=\"@agencia_infra\" \/>\n<meta name=\"twitter:site\" content=\"@agencia_infra\" \/>\n<meta name=\"twitter:label1\" content=\"Escrito por\" \/>\n\t<meta name=\"twitter:data1\" content=\"Rodrigo Zuquim\" \/>\n\t<meta name=\"twitter:label2\" content=\"Est. tempo de leitura\" \/>\n\t<meta name=\"twitter:data2\" content=\"4 minutos\" \/>\n<script type=\"application\/ld+json\" class=\"yoast-schema-graph\">{\"@context\":\"https:\/\/schema.org\",\"@graph\":[{\"@type\":\"Article\",\"@id\":\"https:\/\/agenciainfra.com\/blog\/continuidade-da-operacao-de-terminal-de-conteiner-de-itajai-e-prioridade-diz-diretor-geral-da-antaq\/#article\",\"isPartOf\":{\"@id\":\"https:\/\/agenciainfra.com\/blog\/continuidade-da-operacao-de-terminal-de-conteiner-de-itajai-e-prioridade-diz-diretor-geral-da-antaq\/\"},\"author\":{\"name\":\"Rodrigo Zuquim\",\"@id\":\"https:\/\/agenciainfra.com\/blog\/#\/schema\/person\/04dbb79bd6d8951f063da71f3e4c1eb1\"},\"headline\":\"Continuidade da opera\u00e7\u00e3o de terminal de cont\u00eainer de Itaja\u00ed \u00e9 prioridade, diz diretor-geral da ANTAQ\",\"datePublished\":\"2022-10-25T12:00:00+00:00\",\"mainEntityOfPage\":{\"@id\":\"https:\/\/agenciainfra.com\/blog\/continuidade-da-operacao-de-terminal-de-conteiner-de-itajai-e-prioridade-diz-diretor-geral-da-antaq\/\"},\"wordCount\":905,\"publisher\":{\"@id\":\"https:\/\/agenciainfra.com\/blog\/#organization\"},\"image\":{\"@id\":\"https:\/\/agenciainfra.com\/blog\/continuidade-da-operacao-de-terminal-de-conteiner-de-itajai-e-prioridade-diz-diretor-geral-da-antaq\/#primaryimage\"},\"thumbnailUrl\":\"https:\/\/agenciainfra.com\/blog\/wp-content\/uploads\/2022\/09\/porto-de-itajai-foto-marcos-porto-prefeitura-de-itajai.jpeg\",\"keywords\":[\"ANTAQ\",\"APM Terminals\",\"CTIL Log\u00edstica\",\"desestatiza\u00e7\u00e3o\",\"Eduardo Nery\",\"Libardoni Fronza\",\"Porto de Itaja\u00ed\",\"Portonave\",\"TCU\",\"terminal de cont\u00eainer\"],\"articleSection\":[\"Geral\",\"iNFRATransporte\"],\"inLanguage\":\"pt-BR\",\"copyrightYear\":\"2022\",\"copyrightHolder\":{\"@id\":\"https:\/\/agenciainfra.com\/blog\/#organization\"}},{\"@type\":\"WebPage\",\"@id\":\"https:\/\/agenciainfra.com\/blog\/continuidade-da-operacao-de-terminal-de-conteiner-de-itajai-e-prioridade-diz-diretor-geral-da-antaq\/\",\"url\":\"https:\/\/agenciainfra.com\/blog\/continuidade-da-operacao-de-terminal-de-conteiner-de-itajai-e-prioridade-diz-diretor-geral-da-antaq\/\",\"name\":\"Continuidade da opera\u00e7\u00e3o de terminal de cont\u00eainer de Itaja\u00ed \u00e9 prioridade, diz diretor-geral da ANTAQ - Ag\u00eancia iNFRA\",\"isPartOf\":{\"@id\":\"https:\/\/agenciainfra.com\/blog\/#website\"},\"primaryImageOfPage\":{\"@id\":\"https:\/\/agenciainfra.com\/blog\/continuidade-da-operacao-de-terminal-de-conteiner-de-itajai-e-prioridade-diz-diretor-geral-da-antaq\/#primaryimage\"},\"image\":{\"@id\":\"https:\/\/agenciainfra.com\/blog\/continuidade-da-operacao-de-terminal-de-conteiner-de-itajai-e-prioridade-diz-diretor-geral-da-antaq\/#primaryimage\"},\"thumbnailUrl\":\"https:\/\/agenciainfra.com\/blog\/wp-content\/uploads\/2022\/09\/porto-de-itajai-foto-marcos-porto-prefeitura-de-itajai.jpeg\",\"datePublished\":\"2022-10-25T12:00:00+00:00\",\"breadcrumb\":{\"@id\":\"https:\/\/agenciainfra.com\/blog\/continuidade-da-operacao-de-terminal-de-conteiner-de-itajai-e-prioridade-diz-diretor-geral-da-antaq\/#breadcrumb\"},\"inLanguage\":\"pt-BR\",\"potentialAction\":[{\"@type\":\"ReadAction\",\"target\":[\"https:\/\/agenciainfra.com\/blog\/continuidade-da-operacao-de-terminal-de-conteiner-de-itajai-e-prioridade-diz-diretor-geral-da-antaq\/\"]}]},{\"@type\":\"ImageObject\",\"inLanguage\":\"pt-BR\",\"@id\":\"https:\/\/agenciainfra.com\/blog\/continuidade-da-operacao-de-terminal-de-conteiner-de-itajai-e-prioridade-diz-diretor-geral-da-antaq\/#primaryimage\",\"url\":\"https:\/\/agenciainfra.com\/blog\/wp-content\/uploads\/2022\/09\/porto-de-itajai-foto-marcos-porto-prefeitura-de-itajai.jpeg\",\"contentUrl\":\"https:\/\/agenciainfra.com\/blog\/wp-content\/uploads\/2022\/09\/porto-de-itajai-foto-marcos-porto-prefeitura-de-itajai.jpeg\",\"width\":1280,\"height\":856,\"caption\":\"Foto: Marcos Porto\/Prefeitura de Itaja\u00ed\"},{\"@type\":\"BreadcrumbList\",\"@id\":\"https:\/\/agenciainfra.com\/blog\/continuidade-da-operacao-de-terminal-de-conteiner-de-itajai-e-prioridade-diz-diretor-geral-da-antaq\/#breadcrumb\",\"itemListElement\":[{\"@type\":\"ListItem\",\"position\":1,\"name\":\"In\u00edcio\",\"item\":\"https:\/\/agenciainfra.com\/blog\/\"},{\"@type\":\"ListItem\",\"position\":2,\"name\":\"Continuidade da opera\u00e7\u00e3o de terminal de cont\u00eainer de Itaja\u00ed \u00e9 prioridade, diz diretor-geral da ANTAQ\"}]},{\"@type\":\"WebSite\",\"@id\":\"https:\/\/agenciainfra.com\/blog\/#website\",\"url\":\"https:\/\/agenciainfra.com\/blog\/\",\"name\":\"Ag\u00eancia iNFRA\",\"description\":\"Multiplataforma de informa\u00e7\u00e3o jornal\u00edstica refer\u00eancia na \u00e1rea de infraestrutura no Brasil!\",\"publisher\":{\"@id\":\"https:\/\/agenciainfra.com\/blog\/#organization\"},\"potentialAction\":[{\"@type\":\"SearchAction\",\"target\":{\"@type\":\"EntryPoint\",\"urlTemplate\":\"https:\/\/agenciainfra.com\/blog\/?s={search_term_string}\"},\"query-input\":{\"@type\":\"PropertyValueSpecification\",\"valueRequired\":true,\"valueName\":\"search_term_string\"}}],\"inLanguage\":\"pt-BR\"},{\"@type\":\"Organization\",\"@id\":\"https:\/\/agenciainfra.com\/blog\/#organization\",\"name\":\"Ag\u00eancia iNFRA\",\"url\":\"https:\/\/agenciainfra.com\/blog\/\",\"logo\":{\"@type\":\"ImageObject\",\"inLanguage\":\"pt-BR\",\"@id\":\"https:\/\/agenciainfra.com\/blog\/#\/schema\/logo\/image\/\",\"url\":\"https:\/\/agenciainfra.com\/blog\/wp-content\/uploads\/2023\/09\/iNFRA_5-e1761735885940.png\",\"contentUrl\":\"https:\/\/agenciainfra.com\/blog\/wp-content\/uploads\/2023\/09\/iNFRA_5-e1761735885940.png\",\"width\":1672,\"height\":454,\"caption\":\"Ag\u00eancia iNFRA\"},\"image\":{\"@id\":\"https:\/\/agenciainfra.com\/blog\/#\/schema\/logo\/image\/\"},\"sameAs\":[\"https:\/\/www.facebook.com\/ageninfra\",\"https:\/\/x.com\/agencia_infra\",\"https:\/\/www.linkedin.com\/company\/ag\u00eanciainfra\/\",\"https:\/\/www.instagram.com\/agenciainfra\/\"]},{\"@type\":\"Person\",\"@id\":\"https:\/\/agenciainfra.com\/blog\/#\/schema\/person\/04dbb79bd6d8951f063da71f3e4c1eb1\",\"name\":\"Rodrigo Zuquim\",\"image\":{\"@type\":\"ImageObject\",\"inLanguage\":\"pt-BR\",\"@id\":\"https:\/\/agenciainfra.com\/blog\/#\/schema\/person\/image\/\",\"url\":\"https:\/\/secure.gravatar.com\/avatar\/594abfe82761d620726242ff34ca472a705a4b97f16c790053a6b4c4035274d0?s=96&d=mm&r=g\",\"contentUrl\":\"https:\/\/secure.gravatar.com\/avatar\/594abfe82761d620726242ff34ca472a705a4b97f16c790053a6b4c4035274d0?s=96&d=mm&r=g\",\"caption\":\"Rodrigo Zuquim\"},\"url\":\"https:\/\/agenciainfra.com\/blog\/author\/rodrigo-zuquim\/\"}]}<\/script>\n<!-- \/ Yoast SEO Premium plugin. -->","yoast_head_json":{"title":"Continuidade da opera\u00e7\u00e3o de terminal de cont\u00eainer de Itaja\u00ed \u00e9 prioridade, diz diretor-geral da ANTAQ - Ag\u00eancia iNFRA","robots":{"index":"index","follow":"follow","max-snippet":"max-snippet:-1","max-image-preview":"max-image-preview:large","max-video-preview":"max-video-preview:-1"},"canonical":"https:\/\/agenciainfra.com\/blog\/continuidade-da-operacao-de-terminal-de-conteiner-de-itajai-e-prioridade-diz-diretor-geral-da-antaq\/","og_locale":"pt_BR","og_type":"article","og_title":"Continuidade da opera\u00e7\u00e3o de terminal de cont\u00eainer de Itaja\u00ed \u00e9 prioridade, diz diretor-geral da ANTAQ","og_description":"Dimmi Amora, da Ag\u00eancia iNFRA O diretor-geral da ANTAQ (Ag\u00eancia Nacional de Transportes Aquavi\u00e1rios), Eduardo Nery, afirmou que a prioridade para a ag\u00eancia em rela\u00e7\u00e3o ao porto de Itaja\u00ed (SC), no momento,&nbsp;\u00e9 a continuidade da opera\u00e7\u00e3o a partir de janeiro, quando o atual contrato com a APM Terminals se encerra. Um desacordo entre a SPI [&hellip;]","og_url":"https:\/\/agenciainfra.com\/blog\/continuidade-da-operacao-de-terminal-de-conteiner-de-itajai-e-prioridade-diz-diretor-geral-da-antaq\/","og_site_name":"Ag\u00eancia iNFRA","article_publisher":"https:\/\/www.facebook.com\/ageninfra","article_published_time":"2022-10-25T12:00:00+00:00","og_image":[{"width":1280,"height":856,"url":"https:\/\/agenciainfra.com\/blog\/wp-content\/uploads\/2022\/09\/porto-de-itajai-foto-marcos-porto-prefeitura-de-itajai.jpeg","type":"image\/jpeg"}],"author":"Rodrigo Zuquim","twitter_card":"summary_large_image","twitter_creator":"@agencia_infra","twitter_site":"@agencia_infra","twitter_misc":{"Escrito por":"Rodrigo Zuquim","Est. tempo de leitura":"4 minutos"},"schema":{"@context":"https:\/\/schema.org","@graph":[{"@type":"Article","@id":"https:\/\/agenciainfra.com\/blog\/continuidade-da-operacao-de-terminal-de-conteiner-de-itajai-e-prioridade-diz-diretor-geral-da-antaq\/#article","isPartOf":{"@id":"https:\/\/agenciainfra.com\/blog\/continuidade-da-operacao-de-terminal-de-conteiner-de-itajai-e-prioridade-diz-diretor-geral-da-antaq\/"},"author":{"name":"Rodrigo Zuquim","@id":"https:\/\/agenciainfra.com\/blog\/#\/schema\/person\/04dbb79bd6d8951f063da71f3e4c1eb1"},"headline":"Continuidade da opera\u00e7\u00e3o de terminal de cont\u00eainer de Itaja\u00ed \u00e9 prioridade, diz diretor-geral da ANTAQ","datePublished":"2022-10-25T12:00:00+00:00","mainEntityOfPage":{"@id":"https:\/\/agenciainfra.com\/blog\/continuidade-da-operacao-de-terminal-de-conteiner-de-itajai-e-prioridade-diz-diretor-geral-da-antaq\/"},"wordCount":905,"publisher":{"@id":"https:\/\/agenciainfra.com\/blog\/#organization"},"image":{"@id":"https:\/\/agenciainfra.com\/blog\/continuidade-da-operacao-de-terminal-de-conteiner-de-itajai-e-prioridade-diz-diretor-geral-da-antaq\/#primaryimage"},"thumbnailUrl":"https:\/\/agenciainfra.com\/blog\/wp-content\/uploads\/2022\/09\/porto-de-itajai-foto-marcos-porto-prefeitura-de-itajai.jpeg","keywords":["ANTAQ","APM Terminals","CTIL Log\u00edstica","desestatiza\u00e7\u00e3o","Eduardo Nery","Libardoni Fronza","Porto de Itaja\u00ed","Portonave","TCU","terminal de cont\u00eainer"],"articleSection":["Geral","iNFRATransporte"],"inLanguage":"pt-BR","copyrightYear":"2022","copyrightHolder":{"@id":"https:\/\/agenciainfra.com\/blog\/#organization"}},{"@type":"WebPage","@id":"https:\/\/agenciainfra.com\/blog\/continuidade-da-operacao-de-terminal-de-conteiner-de-itajai-e-prioridade-diz-diretor-geral-da-antaq\/","url":"https:\/\/agenciainfra.com\/blog\/continuidade-da-operacao-de-terminal-de-conteiner-de-itajai-e-prioridade-diz-diretor-geral-da-antaq\/","name":"Continuidade da opera\u00e7\u00e3o de terminal de cont\u00eainer de Itaja\u00ed \u00e9 prioridade, diz diretor-geral da ANTAQ - Ag\u00eancia iNFRA","isPartOf":{"@id":"https:\/\/agenciainfra.com\/blog\/#website"},"primaryImageOfPage":{"@id":"https:\/\/agenciainfra.com\/blog\/continuidade-da-operacao-de-terminal-de-conteiner-de-itajai-e-prioridade-diz-diretor-geral-da-antaq\/#primaryimage"},"image":{"@id":"https:\/\/agenciainfra.com\/blog\/continuidade-da-operacao-de-terminal-de-conteiner-de-itajai-e-prioridade-diz-diretor-geral-da-antaq\/#primaryimage"},"thumbnailUrl":"https:\/\/agenciainfra.com\/blog\/wp-content\/uploads\/2022\/09\/porto-de-itajai-foto-marcos-porto-prefeitura-de-itajai.jpeg","datePublished":"2022-10-25T12:00:00+00:00","breadcrumb":{"@id":"https:\/\/agenciainfra.com\/blog\/continuidade-da-operacao-de-terminal-de-conteiner-de-itajai-e-prioridade-diz-diretor-geral-da-antaq\/#breadcrumb"},"inLanguage":"pt-BR","potentialAction":[{"@type":"ReadAction","target":["https:\/\/agenciainfra.com\/blog\/continuidade-da-operacao-de-terminal-de-conteiner-de-itajai-e-prioridade-diz-diretor-geral-da-antaq\/"]}]},{"@type":"ImageObject","inLanguage":"pt-BR","@id":"https:\/\/agenciainfra.com\/blog\/continuidade-da-operacao-de-terminal-de-conteiner-de-itajai-e-prioridade-diz-diretor-geral-da-antaq\/#primaryimage","url":"https:\/\/agenciainfra.com\/blog\/wp-content\/uploads\/2022\/09\/porto-de-itajai-foto-marcos-porto-prefeitura-de-itajai.jpeg","contentUrl":"https:\/\/agenciainfra.com\/blog\/wp-content\/uploads\/2022\/09\/porto-de-itajai-foto-marcos-porto-prefeitura-de-itajai.jpeg","width":1280,"height":856,"caption":"Foto: Marcos Porto\/Prefeitura de Itaja\u00ed"},{"@type":"BreadcrumbList","@id":"https:\/\/agenciainfra.com\/blog\/continuidade-da-operacao-de-terminal-de-conteiner-de-itajai-e-prioridade-diz-diretor-geral-da-antaq\/#breadcrumb","itemListElement":[{"@type":"ListItem","position":1,"name":"In\u00edcio","item":"https:\/\/agenciainfra.com\/blog\/"},{"@type":"ListItem","position":2,"name":"Continuidade da opera\u00e7\u00e3o de terminal de cont\u00eainer de Itaja\u00ed \u00e9 prioridade, diz diretor-geral da ANTAQ"}]},{"@type":"WebSite","@id":"https:\/\/agenciainfra.com\/blog\/#website","url":"https:\/\/agenciainfra.com\/blog\/","name":"Ag\u00eancia iNFRA","description":"Multiplataforma de informa\u00e7\u00e3o jornal\u00edstica refer\u00eancia na \u00e1rea de infraestrutura no Brasil!","publisher":{"@id":"https:\/\/agenciainfra.com\/blog\/#organization"},"potentialAction":[{"@type":"SearchAction","target":{"@type":"EntryPoint","urlTemplate":"https:\/\/agenciainfra.com\/blog\/?s={search_term_string}"},"query-input":{"@type":"PropertyValueSpecification","valueRequired":true,"valueName":"search_term_string"}}],"inLanguage":"pt-BR"},{"@type":"Organization","@id":"https:\/\/agenciainfra.com\/blog\/#organization","name":"Ag\u00eancia iNFRA","url":"https:\/\/agenciainfra.com\/blog\/","logo":{"@type":"ImageObject","inLanguage":"pt-BR","@id":"https:\/\/agenciainfra.com\/blog\/#\/schema\/logo\/image\/","url":"https:\/\/agenciainfra.com\/blog\/wp-content\/uploads\/2023\/09\/iNFRA_5-e1761735885940.png","contentUrl":"https:\/\/agenciainfra.com\/blog\/wp-content\/uploads\/2023\/09\/iNFRA_5-e1761735885940.png","width":1672,"height":454,"caption":"Ag\u00eancia iNFRA"},"image":{"@id":"https:\/\/agenciainfra.com\/blog\/#\/schema\/logo\/image\/"},"sameAs":["https:\/\/www.facebook.com\/ageninfra","https:\/\/x.com\/agencia_infra","https:\/\/www.linkedin.com\/company\/ag\u00eanciainfra\/","https:\/\/www.instagram.com\/agenciainfra\/"]},{"@type":"Person","@id":"https:\/\/agenciainfra.com\/blog\/#\/schema\/person\/04dbb79bd6d8951f063da71f3e4c1eb1","name":"Rodrigo Zuquim","image":{"@type":"ImageObject","inLanguage":"pt-BR","@id":"https:\/\/agenciainfra.com\/blog\/#\/schema\/person\/image\/","url":"https:\/\/secure.gravatar.com\/avatar\/594abfe82761d620726242ff34ca472a705a4b97f16c790053a6b4c4035274d0?s=96&d=mm&r=g","contentUrl":"https:\/\/secure.gravatar.com\/avatar\/594abfe82761d620726242ff34ca472a705a4b97f16c790053a6b4c4035274d0?s=96&d=mm&r=g","caption":"Rodrigo Zuquim"},"url":"https:\/\/agenciainfra.com\/blog\/author\/rodrigo-zuquim\/"}]}},"_links":{"self":[{"href":"https:\/\/agenciainfra.com\/blog\/wp-json\/wp\/v2\/posts\/11557","targetHints":{"allow":["GET"]}}],"collection":[{"href":"https:\/\/agenciainfra.com\/blog\/wp-json\/wp\/v2\/posts"}],"about":[{"href":"https:\/\/agenciainfra.com\/blog\/wp-json\/wp\/v2\/types\/post"}],"author":[{"embeddable":true,"href":"https:\/\/agenciainfra.com\/blog\/wp-json\/wp\/v2\/users\/9"}],"replies":[{"embeddable":true,"href":"https:\/\/agenciainfra.com\/blog\/wp-json\/wp\/v2\/comments?post=11557"}],"version-history":[{"count":0,"href":"https:\/\/agenciainfra.com\/blog\/wp-json\/wp\/v2\/posts\/11557\/revisions"}],"wp:featuredmedia":[{"embeddable":true,"href":"https:\/\/agenciainfra.com\/blog\/wp-json\/wp\/v2\/media\/11417"}],"wp:attachment":[{"href":"https:\/\/agenciainfra.com\/blog\/wp-json\/wp\/v2\/media?parent=11557"}],"wp:term":[{"taxonomy":"category","embeddable":true,"href":"https:\/\/agenciainfra.com\/blog\/wp-json\/wp\/v2\/categories?post=11557"},{"taxonomy":"post_tag","embeddable":true,"href":"https:\/\/agenciainfra.com\/blog\/wp-json\/wp\/v2\/tags?post=11557"}],"curies":[{"name":"wp","href":"https:\/\/api.w.org\/{rel}","templated":true}]}}