{"id":11588,"date":"2022-10-29T11:00:00","date_gmt":"2022-10-29T14:00:00","guid":{"rendered":"https:\/\/www.agenciainfra.com\/blog\/?p=11588"},"modified":"2022-11-04T10:01:50","modified_gmt":"2022-11-04T13:01:50","slug":"infradebate-desestatizacao-do-porto-de-santos-seguranca-juridica-ou-o-risco-de-nao-realizacao","status":"publish","type":"post","link":"https:\/\/agenciainfra.com\/blog\/infradebate-desestatizacao-do-porto-de-santos-seguranca-juridica-ou-o-risco-de-nao-realizacao\/","title":{"rendered":"iNFRADebate: Desestatiza\u00e7\u00e3o do Porto de Santos \u2013\u00a0Seguran\u00e7a jur\u00eddica ou o risco de n\u00e3o realiza\u00e7\u00e3o?"},"content":{"rendered":"\n<p class=\"has-text-align-right\"><strong>La\u00edne Meira*<\/strong><\/p>\n\n\n\n<p>O CPPI (Conselho do Programa de Parcerias e Investimentos) aprovou a desestatiza\u00e7\u00e3o da Autoridade Portu\u00e1ria de Santos S\/A (SPA) e do Porto Organizado de Santos, bem como a abertura do Data Room, com informa\u00e7\u00f5es detalhadas aos interessados no processo, por meio da Resolu\u00e7\u00e3o CPPI 246 de 16 de setembro de 2022.<\/p>\n\n\n\n<p>Vale ressalvar que o que ser\u00e1 privatizado \u00e9 a gest\u00e3o do porto, hoje executada pela SPA (Santos Port Authority), empresa p\u00fablica vinculada ao Minist\u00e9rio da Infraestrutura, antiga Codesp (Companhia Docas de S\u00e3o Paulo). Os terminais localizados no Porto Organizado de Santos, que \u00e9 onde ocorre a movimenta\u00e7\u00e3o de cargas, j\u00e1 s\u00e3o privados.<\/p>\n\n\n\n<p>A desestatiza\u00e7\u00e3o do Porto de Santos tem como objetivo elevar a qualidade e a efici\u00eancia dos servi\u00e7os do maior e principal complexo portu\u00e1rio do Brasil e da Am\u00e9rica Latina, resultando em impactos positivos em diversas cadeias produtivas nacionais. O Complexo Portu\u00e1rio de Santos movimenta mais de 100 milh\u00f5es de toneladas por ano e tem localiza\u00e7\u00e3o pr\u00f3xima ao principal mercado consumidor do pa\u00eds, com acessos por meio rodovi\u00e1rio e ferrovi\u00e1rio \u00e0s principais regi\u00f5es produtivas.<\/p>\n\n\n\n<p>Conceitualmente, desestatizar a gest\u00e3o do Porto de Santos \u00e9 vista com bons olhos pelo setor, pois h\u00e1 a expectativa de que a substitui\u00e7\u00e3o da gest\u00e3o p\u00fablica pela privada confira mais flexibilidade \u00e0 realiza\u00e7\u00e3o de investimentos no Porto, ampliando sua competitividade.<\/p>\n\n\n\n<p>Os pr\u00f3ximos passos para que ocorra a desestatiza\u00e7\u00e3o s\u00e3o a an\u00e1lise da documenta\u00e7\u00e3o pelo TCU (Tribunal de Contas da Uni\u00e3o) e a publica\u00e7\u00e3o do edital do leil\u00e3o pela ANTAQ (Ag\u00eancia Nacional de Transportes Aquavi\u00e1rios), ap\u00f3s o aval da Corte, que pode propor mudan\u00e7as.<\/p>\n\n\n\n<p>Al\u00e9m dos tr\u00e2mites burocr\u00e1ticos naturais e da complexidade inerente ao caso, havia o complicador da (in)defini\u00e7\u00e3o sobre o que seria feito com a \u00e1rea a qual o Minist\u00e9rio da Infraestrutura planeja transformar em terminal para movimenta\u00e7\u00e3o de cont\u00eaineres em Santos, conhecida como STS10. Contudo, recentemente, dois movimentos importantes, do TCU e do Minist\u00e9rio da Infraestrutura, demonstram avan\u00e7o para a possibilidade de que o leil\u00e3o ocorra ainda neste ano. &nbsp;<\/p>\n\n\n\n<p>Em 11 de outubro, o ministro Bruno Dantas, presidente em exerc\u00edcio do TCU e relator do processo de desestatiza\u00e7\u00e3o do Porto de Santos, determinou que a unidade t\u00e9cnica da Corte de Contas encaminhe at\u00e9 6 de novembro o relat\u00f3rio final sobre o projeto. Nele, o ministro aponta a relev\u00e2ncia da mat\u00e9ria e a necessidade de tempestividade na atua\u00e7\u00e3o do tribunal quanto \u00e0 proposta.<\/p>\n\n\n\n<p>J\u00e1 o ministro da Infraestrutura, Marcelo Sampaio, informou no \u00faltimo dia 20 de outubro, durante o evento Brasil Export, que o leil\u00e3o de privatiza\u00e7\u00e3o do Porto de Santos vai contar tamb\u00e9m com o arrendamento de dois terminais, o super terminal STS10, de cont\u00eaineres, e o terminal STS53, de fertilizantes.<\/p>\n\n\n\n<p>O fim do ano se aproxima e, com ele, aumentam as chances de o leil\u00e3o n\u00e3o ocorrer, uma vez que, depende tanto dos tr\u00e2mites burocr\u00e1ticos naturais quanto do fato de que o projeto poder\u00e1 ser impactado pelo resultado da elei\u00e7\u00e3o \u00e0 Presid\u00eancia da Rep\u00fablica.<\/p>\n\n\n\n<p>Caso reeleito o atual mandat\u00e1rio, a expectativa razo\u00e1vel \u00e9 de continuidade do projeto, com o leil\u00e3o de desestatiza\u00e7\u00e3o ocorrendo, mesmo que n\u00e3o seja em 2022. Caso eleito seu opositor, o futuro do projeto \u00e9 incerto, inclusive com a possibilidade de que a discuss\u00e3o quanto a ele se reinicie do zero.<\/p>\n\n\n\n<p>De outro lado, o Porto de Santos \u00e9 ativo que demanda compreens\u00e3o profunda, vis\u00e3o estrat\u00e9gica e de longo prazo. Ainda temos pouqu\u00edssima experi\u00eancia com desestatiza\u00e7\u00e3o de administra\u00e7\u00f5es portu\u00e1rias no Brasil. H\u00e1 o receio de que o projeto, ainda que louv\u00e1vel, n\u00e3o esteja maduro o suficiente para que seja garantia de sucesso e se traduza em mais efici\u00eancia e investimentos. Se assim for, mais tempo para sua avalia\u00e7\u00e3o e ajustes s\u00e3o essenciais.<\/p>\n\n\n\n<p>Mas, o tempo que se conta, agora, \u00e9 o mesmo em quase tudo que envolve o Governo. Estamos \u00e0s v\u00e9speras da conclus\u00e3o do segundo turno das elei\u00e7\u00f5es.<\/p>\n\n\n\n<h6 class=\"wp-block-heading\" id=\"block-aa9ff8cf-f9c2-435f-85ff-56a599c37bc9\"><strong>*La\u00edne Meira \u00e9 s\u00f3cia do Escrit\u00f3rio Barral Parente Pinheiro Advogados. Foi servidora da ANAC (Ag\u00eancia Nacional de Avia\u00e7\u00e3o Civil). Atuou como assessora parlamentar na C\u00e2mara dos Deputados. Foi gerente jur\u00eddica e consultora de associa\u00e7\u00f5es dos setores de transporte e portu\u00e1rio.<\/strong><\/h6>\n\n\n\n<h5 class=\"wp-block-heading\" id=\"block-d67878ff-7627-4f15-b175-8f58269174ff\">O iNFRADebate \u00e9 o espa\u00e7o de artigos da Ag\u00eancia iNFRA com opini\u00f5es de seus atores que n\u00e3o refletem necessariamente o pensamento da Ag\u00eancia iNFRA, sendo de total responsabilidade do autor as informa\u00e7\u00f5es, ju\u00edzos de valor e conceitos descritos no texto.<\/h5>\n","protected":false},"excerpt":{"rendered":"<p>La\u00edne Meira* O CPPI (Conselho do Programa de Parcerias e Investimentos) aprovou a desestatiza\u00e7\u00e3o da Autoridade Portu\u00e1ria de Santos S\/A (SPA) e do Porto Organizado de Santos, bem como a abertura do Data Room, com informa\u00e7\u00f5es detalhadas aos interessados no processo, por meio da Resolu\u00e7\u00e3o CPPI 246 de 16 de setembro de 2022. Vale ressalvar [&hellip;]<\/p>\n","protected":false},"author":1,"featured_media":11589,"comment_status":"closed","ping_status":"closed","sticky":false,"template":"","format":"standard","meta":{"_monsterinsights_skip_tracking":false,"_monsterinsights_sitenote_active":false,"_monsterinsights_sitenote_note":"","_monsterinsights_sitenote_category":0,"footnotes":""},"categories":[1,11],"tags":[86,4918,192,3639,775,260,786,2449,1941,18],"class_list":["post-11588","post","type-post","status-publish","format-standard","has-post-thumbnail","hentry","category-geral","category-infradebate","tag-antaq","tag-autoridade-portuaria-de-santos","tag-desestatizacao","tag-laine-meira","tag-ministerio-da-infraestrutura","tag-porto-de-santos","tag-programa-de-parcerias-de-investimentos","tag-seguranca-juridica","tag-spa","tag-tcu"],"yoast_head":"<!-- This site is optimized with the Yoast SEO Premium plugin v25.4 (Yoast SEO v26.0) - https:\/\/yoast.com\/wordpress\/plugins\/seo\/ -->\n<title>iNFRADebate: Desestatiza\u00e7\u00e3o do Porto de Santos \u2013\u00a0Seguran\u00e7a jur\u00eddica ou o risco de n\u00e3o realiza\u00e7\u00e3o? - Ag\u00eancia iNFRA<\/title>\n<meta name=\"robots\" content=\"index, follow, max-snippet:-1, max-image-preview:large, max-video-preview:-1\" \/>\n<link rel=\"canonical\" href=\"https:\/\/agenciainfra.com\/blog\/infradebate-desestatizacao-do-porto-de-santos-seguranca-juridica-ou-o-risco-de-nao-realizacao\/\" \/>\n<meta property=\"og:locale\" content=\"pt_BR\" \/>\n<meta property=\"og:type\" content=\"article\" \/>\n<meta property=\"og:title\" content=\"iNFRADebate: Desestatiza\u00e7\u00e3o do Porto de Santos \u2013\u00a0Seguran\u00e7a jur\u00eddica ou o risco de n\u00e3o realiza\u00e7\u00e3o?\" \/>\n<meta property=\"og:description\" content=\"La\u00edne Meira* O CPPI (Conselho do Programa de Parcerias e Investimentos) aprovou a desestatiza\u00e7\u00e3o da Autoridade Portu\u00e1ria de Santos S\/A (SPA) e do Porto Organizado de Santos, bem como a abertura do Data Room, com informa\u00e7\u00f5es detalhadas aos interessados no processo, por meio da Resolu\u00e7\u00e3o CPPI 246 de 16 de setembro de 2022. Vale ressalvar [&hellip;]\" \/>\n<meta property=\"og:url\" content=\"https:\/\/agenciainfra.com\/blog\/infradebate-desestatizacao-do-porto-de-santos-seguranca-juridica-ou-o-risco-de-nao-realizacao\/\" \/>\n<meta property=\"og:site_name\" content=\"Ag\u00eancia iNFRA\" \/>\n<meta property=\"article:publisher\" content=\"https:\/\/www.facebook.com\/ageninfra\" \/>\n<meta property=\"article:published_time\" content=\"2022-10-29T14:00:00+00:00\" \/>\n<meta property=\"article:modified_time\" content=\"2022-11-04T13:01:50+00:00\" \/>\n<meta property=\"og:image\" content=\"https:\/\/agenciainfra.com\/blog\/wp-content\/uploads\/2022\/10\/porto-de-santos-foto-spa.png\" \/>\n\t<meta property=\"og:image:width\" content=\"1321\" \/>\n\t<meta property=\"og:image:height\" content=\"675\" \/>\n\t<meta property=\"og:image:type\" content=\"image\/png\" \/>\n<meta name=\"author\" content=\"Ag\u00eancia iNFRA\" \/>\n<meta name=\"twitter:card\" content=\"summary_large_image\" \/>\n<meta name=\"twitter:creator\" content=\"@agencia_infra\" \/>\n<meta name=\"twitter:site\" content=\"@agencia_infra\" \/>\n<meta name=\"twitter:label1\" content=\"Escrito por\" \/>\n\t<meta name=\"twitter:data1\" content=\"Ag\u00eancia iNFRA\" \/>\n\t<meta name=\"twitter:label2\" content=\"Est. tempo de leitura\" \/>\n\t<meta name=\"twitter:data2\" content=\"4 minutos\" \/>\n<script type=\"application\/ld+json\" class=\"yoast-schema-graph\">{\"@context\":\"https:\/\/schema.org\",\"@graph\":[{\"@type\":\"Article\",\"@id\":\"https:\/\/agenciainfra.com\/blog\/infradebate-desestatizacao-do-porto-de-santos-seguranca-juridica-ou-o-risco-de-nao-realizacao\/#article\",\"isPartOf\":{\"@id\":\"https:\/\/agenciainfra.com\/blog\/infradebate-desestatizacao-do-porto-de-santos-seguranca-juridica-ou-o-risco-de-nao-realizacao\/\"},\"author\":{\"name\":\"Ag\u00eancia iNFRA\",\"@id\":\"https:\/\/agenciainfra.com\/blog\/#\/schema\/person\/34af08dff6adea4cb22b06612ba7acfa\"},\"headline\":\"iNFRADebate: Desestatiza\u00e7\u00e3o do Porto de Santos \u2013\u00a0Seguran\u00e7a jur\u00eddica ou o risco de n\u00e3o realiza\u00e7\u00e3o?\",\"datePublished\":\"2022-10-29T14:00:00+00:00\",\"dateModified\":\"2022-11-04T13:01:50+00:00\",\"mainEntityOfPage\":{\"@id\":\"https:\/\/agenciainfra.com\/blog\/infradebate-desestatizacao-do-porto-de-santos-seguranca-juridica-ou-o-risco-de-nao-realizacao\/\"},\"wordCount\":822,\"publisher\":{\"@id\":\"https:\/\/agenciainfra.com\/blog\/#organization\"},\"image\":{\"@id\":\"https:\/\/agenciainfra.com\/blog\/infradebate-desestatizacao-do-porto-de-santos-seguranca-juridica-ou-o-risco-de-nao-realizacao\/#primaryimage\"},\"thumbnailUrl\":\"https:\/\/agenciainfra.com\/blog\/wp-content\/uploads\/2022\/10\/porto-de-santos-foto-spa.png\",\"keywords\":[\"ANTAQ\",\"Autoridade Portu\u00e1ria de Santos\",\"desestatiza\u00e7\u00e3o\",\"La\u00edne Meira\",\"Minist\u00e9rio da Infraestrutura\",\"Porto de Santos\",\"Programa de Parcerias de Investimentos\",\"seguran\u00e7a jur\u00eddica\",\"SPA\",\"TCU\"],\"articleSection\":[\"Geral\",\"iNFRADebate\"],\"inLanguage\":\"pt-BR\",\"copyrightYear\":\"2022\",\"copyrightHolder\":{\"@id\":\"https:\/\/agenciainfra.com\/blog\/#organization\"}},{\"@type\":\"WebPage\",\"@id\":\"https:\/\/agenciainfra.com\/blog\/infradebate-desestatizacao-do-porto-de-santos-seguranca-juridica-ou-o-risco-de-nao-realizacao\/\",\"url\":\"https:\/\/agenciainfra.com\/blog\/infradebate-desestatizacao-do-porto-de-santos-seguranca-juridica-ou-o-risco-de-nao-realizacao\/\",\"name\":\"iNFRADebate: Desestatiza\u00e7\u00e3o do Porto de Santos \u2013\u00a0Seguran\u00e7a jur\u00eddica ou o risco de n\u00e3o realiza\u00e7\u00e3o? - Ag\u00eancia iNFRA\",\"isPartOf\":{\"@id\":\"https:\/\/agenciainfra.com\/blog\/#website\"},\"primaryImageOfPage\":{\"@id\":\"https:\/\/agenciainfra.com\/blog\/infradebate-desestatizacao-do-porto-de-santos-seguranca-juridica-ou-o-risco-de-nao-realizacao\/#primaryimage\"},\"image\":{\"@id\":\"https:\/\/agenciainfra.com\/blog\/infradebate-desestatizacao-do-porto-de-santos-seguranca-juridica-ou-o-risco-de-nao-realizacao\/#primaryimage\"},\"thumbnailUrl\":\"https:\/\/agenciainfra.com\/blog\/wp-content\/uploads\/2022\/10\/porto-de-santos-foto-spa.png\",\"datePublished\":\"2022-10-29T14:00:00+00:00\",\"dateModified\":\"2022-11-04T13:01:50+00:00\",\"breadcrumb\":{\"@id\":\"https:\/\/agenciainfra.com\/blog\/infradebate-desestatizacao-do-porto-de-santos-seguranca-juridica-ou-o-risco-de-nao-realizacao\/#breadcrumb\"},\"inLanguage\":\"pt-BR\",\"potentialAction\":[{\"@type\":\"ReadAction\",\"target\":[\"https:\/\/agenciainfra.com\/blog\/infradebate-desestatizacao-do-porto-de-santos-seguranca-juridica-ou-o-risco-de-nao-realizacao\/\"]}]},{\"@type\":\"ImageObject\",\"inLanguage\":\"pt-BR\",\"@id\":\"https:\/\/agenciainfra.com\/blog\/infradebate-desestatizacao-do-porto-de-santos-seguranca-juridica-ou-o-risco-de-nao-realizacao\/#primaryimage\",\"url\":\"https:\/\/agenciainfra.com\/blog\/wp-content\/uploads\/2022\/10\/porto-de-santos-foto-spa.png\",\"contentUrl\":\"https:\/\/agenciainfra.com\/blog\/wp-content\/uploads\/2022\/10\/porto-de-santos-foto-spa.png\",\"width\":1321,\"height\":675,\"caption\":\"Foto: Autoridade Portu\u00e1ria de Santos\"},{\"@type\":\"BreadcrumbList\",\"@id\":\"https:\/\/agenciainfra.com\/blog\/infradebate-desestatizacao-do-porto-de-santos-seguranca-juridica-ou-o-risco-de-nao-realizacao\/#breadcrumb\",\"itemListElement\":[{\"@type\":\"ListItem\",\"position\":1,\"name\":\"In\u00edcio\",\"item\":\"https:\/\/agenciainfra.com\/blog\/\"},{\"@type\":\"ListItem\",\"position\":2,\"name\":\"iNFRADebate: Desestatiza\u00e7\u00e3o do Porto de Santos \u2013\u00a0Seguran\u00e7a jur\u00eddica ou o risco de n\u00e3o realiza\u00e7\u00e3o?\"}]},{\"@type\":\"WebSite\",\"@id\":\"https:\/\/agenciainfra.com\/blog\/#website\",\"url\":\"https:\/\/agenciainfra.com\/blog\/\",\"name\":\"Ag\u00eancia iNFRA\",\"description\":\"Multiplataforma de informa\u00e7\u00e3o jornal\u00edstica refer\u00eancia na \u00e1rea de infraestrutura no Brasil!\",\"publisher\":{\"@id\":\"https:\/\/agenciainfra.com\/blog\/#organization\"},\"potentialAction\":[{\"@type\":\"SearchAction\",\"target\":{\"@type\":\"EntryPoint\",\"urlTemplate\":\"https:\/\/agenciainfra.com\/blog\/?s={search_term_string}\"},\"query-input\":{\"@type\":\"PropertyValueSpecification\",\"valueRequired\":true,\"valueName\":\"search_term_string\"}}],\"inLanguage\":\"pt-BR\"},{\"@type\":\"Organization\",\"@id\":\"https:\/\/agenciainfra.com\/blog\/#organization\",\"name\":\"Ag\u00eancia iNFRA\",\"url\":\"https:\/\/agenciainfra.com\/blog\/\",\"logo\":{\"@type\":\"ImageObject\",\"inLanguage\":\"pt-BR\",\"@id\":\"https:\/\/agenciainfra.com\/blog\/#\/schema\/logo\/image\/\",\"url\":\"https:\/\/agenciainfra.com\/blog\/wp-content\/uploads\/2023\/09\/iNFRA_5-e1761735885940.png\",\"contentUrl\":\"https:\/\/agenciainfra.com\/blog\/wp-content\/uploads\/2023\/09\/iNFRA_5-e1761735885940.png\",\"width\":1672,\"height\":454,\"caption\":\"Ag\u00eancia iNFRA\"},\"image\":{\"@id\":\"https:\/\/agenciainfra.com\/blog\/#\/schema\/logo\/image\/\"},\"sameAs\":[\"https:\/\/www.facebook.com\/ageninfra\",\"https:\/\/x.com\/agencia_infra\",\"https:\/\/www.linkedin.com\/company\/ag\u00eanciainfra\/\",\"https:\/\/www.instagram.com\/agenciainfra\/\"]},{\"@type\":\"Person\",\"@id\":\"https:\/\/agenciainfra.com\/blog\/#\/schema\/person\/34af08dff6adea4cb22b06612ba7acfa\",\"name\":\"Ag\u00eancia iNFRA\",\"image\":{\"@type\":\"ImageObject\",\"inLanguage\":\"pt-BR\",\"@id\":\"https:\/\/agenciainfra.com\/blog\/#\/schema\/person\/image\/\",\"url\":\"https:\/\/secure.gravatar.com\/avatar\/d189e01678f06d8eb84d4e01f08eb848b3fffe3f8443818d3c356c66892f5be8?s=96&d=mm&r=g\",\"contentUrl\":\"https:\/\/secure.gravatar.com\/avatar\/d189e01678f06d8eb84d4e01f08eb848b3fffe3f8443818d3c356c66892f5be8?s=96&d=mm&r=g\",\"caption\":\"Ag\u00eancia iNFRA\"},\"url\":\"https:\/\/agenciainfra.com\/blog\/author\/admin\/\"}]}<\/script>\n<!-- \/ Yoast SEO Premium plugin. -->","yoast_head_json":{"title":"iNFRADebate: Desestatiza\u00e7\u00e3o do Porto de Santos \u2013\u00a0Seguran\u00e7a jur\u00eddica ou o risco de n\u00e3o realiza\u00e7\u00e3o? - Ag\u00eancia iNFRA","robots":{"index":"index","follow":"follow","max-snippet":"max-snippet:-1","max-image-preview":"max-image-preview:large","max-video-preview":"max-video-preview:-1"},"canonical":"https:\/\/agenciainfra.com\/blog\/infradebate-desestatizacao-do-porto-de-santos-seguranca-juridica-ou-o-risco-de-nao-realizacao\/","og_locale":"pt_BR","og_type":"article","og_title":"iNFRADebate: Desestatiza\u00e7\u00e3o do Porto de Santos \u2013\u00a0Seguran\u00e7a jur\u00eddica ou o risco de n\u00e3o realiza\u00e7\u00e3o?","og_description":"La\u00edne Meira* O CPPI (Conselho do Programa de Parcerias e Investimentos) aprovou a desestatiza\u00e7\u00e3o da Autoridade Portu\u00e1ria de Santos S\/A (SPA) e do Porto Organizado de Santos, bem como a abertura do Data Room, com informa\u00e7\u00f5es detalhadas aos interessados no processo, por meio da Resolu\u00e7\u00e3o CPPI 246 de 16 de setembro de 2022. Vale ressalvar [&hellip;]","og_url":"https:\/\/agenciainfra.com\/blog\/infradebate-desestatizacao-do-porto-de-santos-seguranca-juridica-ou-o-risco-de-nao-realizacao\/","og_site_name":"Ag\u00eancia iNFRA","article_publisher":"https:\/\/www.facebook.com\/ageninfra","article_published_time":"2022-10-29T14:00:00+00:00","article_modified_time":"2022-11-04T13:01:50+00:00","og_image":[{"width":1321,"height":675,"url":"https:\/\/agenciainfra.com\/blog\/wp-content\/uploads\/2022\/10\/porto-de-santos-foto-spa.png","type":"image\/png"}],"author":"Ag\u00eancia iNFRA","twitter_card":"summary_large_image","twitter_creator":"@agencia_infra","twitter_site":"@agencia_infra","twitter_misc":{"Escrito por":"Ag\u00eancia iNFRA","Est. tempo de leitura":"4 minutos"},"schema":{"@context":"https:\/\/schema.org","@graph":[{"@type":"Article","@id":"https:\/\/agenciainfra.com\/blog\/infradebate-desestatizacao-do-porto-de-santos-seguranca-juridica-ou-o-risco-de-nao-realizacao\/#article","isPartOf":{"@id":"https:\/\/agenciainfra.com\/blog\/infradebate-desestatizacao-do-porto-de-santos-seguranca-juridica-ou-o-risco-de-nao-realizacao\/"},"author":{"name":"Ag\u00eancia iNFRA","@id":"https:\/\/agenciainfra.com\/blog\/#\/schema\/person\/34af08dff6adea4cb22b06612ba7acfa"},"headline":"iNFRADebate: Desestatiza\u00e7\u00e3o do Porto de Santos \u2013\u00a0Seguran\u00e7a jur\u00eddica ou o risco de n\u00e3o realiza\u00e7\u00e3o?","datePublished":"2022-10-29T14:00:00+00:00","dateModified":"2022-11-04T13:01:50+00:00","mainEntityOfPage":{"@id":"https:\/\/agenciainfra.com\/blog\/infradebate-desestatizacao-do-porto-de-santos-seguranca-juridica-ou-o-risco-de-nao-realizacao\/"},"wordCount":822,"publisher":{"@id":"https:\/\/agenciainfra.com\/blog\/#organization"},"image":{"@id":"https:\/\/agenciainfra.com\/blog\/infradebate-desestatizacao-do-porto-de-santos-seguranca-juridica-ou-o-risco-de-nao-realizacao\/#primaryimage"},"thumbnailUrl":"https:\/\/agenciainfra.com\/blog\/wp-content\/uploads\/2022\/10\/porto-de-santos-foto-spa.png","keywords":["ANTAQ","Autoridade Portu\u00e1ria de Santos","desestatiza\u00e7\u00e3o","La\u00edne Meira","Minist\u00e9rio da Infraestrutura","Porto de Santos","Programa de Parcerias de Investimentos","seguran\u00e7a jur\u00eddica","SPA","TCU"],"articleSection":["Geral","iNFRADebate"],"inLanguage":"pt-BR","copyrightYear":"2022","copyrightHolder":{"@id":"https:\/\/agenciainfra.com\/blog\/#organization"}},{"@type":"WebPage","@id":"https:\/\/agenciainfra.com\/blog\/infradebate-desestatizacao-do-porto-de-santos-seguranca-juridica-ou-o-risco-de-nao-realizacao\/","url":"https:\/\/agenciainfra.com\/blog\/infradebate-desestatizacao-do-porto-de-santos-seguranca-juridica-ou-o-risco-de-nao-realizacao\/","name":"iNFRADebate: Desestatiza\u00e7\u00e3o do Porto de Santos \u2013\u00a0Seguran\u00e7a jur\u00eddica ou o risco de n\u00e3o realiza\u00e7\u00e3o? - Ag\u00eancia iNFRA","isPartOf":{"@id":"https:\/\/agenciainfra.com\/blog\/#website"},"primaryImageOfPage":{"@id":"https:\/\/agenciainfra.com\/blog\/infradebate-desestatizacao-do-porto-de-santos-seguranca-juridica-ou-o-risco-de-nao-realizacao\/#primaryimage"},"image":{"@id":"https:\/\/agenciainfra.com\/blog\/infradebate-desestatizacao-do-porto-de-santos-seguranca-juridica-ou-o-risco-de-nao-realizacao\/#primaryimage"},"thumbnailUrl":"https:\/\/agenciainfra.com\/blog\/wp-content\/uploads\/2022\/10\/porto-de-santos-foto-spa.png","datePublished":"2022-10-29T14:00:00+00:00","dateModified":"2022-11-04T13:01:50+00:00","breadcrumb":{"@id":"https:\/\/agenciainfra.com\/blog\/infradebate-desestatizacao-do-porto-de-santos-seguranca-juridica-ou-o-risco-de-nao-realizacao\/#breadcrumb"},"inLanguage":"pt-BR","potentialAction":[{"@type":"ReadAction","target":["https:\/\/agenciainfra.com\/blog\/infradebate-desestatizacao-do-porto-de-santos-seguranca-juridica-ou-o-risco-de-nao-realizacao\/"]}]},{"@type":"ImageObject","inLanguage":"pt-BR","@id":"https:\/\/agenciainfra.com\/blog\/infradebate-desestatizacao-do-porto-de-santos-seguranca-juridica-ou-o-risco-de-nao-realizacao\/#primaryimage","url":"https:\/\/agenciainfra.com\/blog\/wp-content\/uploads\/2022\/10\/porto-de-santos-foto-spa.png","contentUrl":"https:\/\/agenciainfra.com\/blog\/wp-content\/uploads\/2022\/10\/porto-de-santos-foto-spa.png","width":1321,"height":675,"caption":"Foto: Autoridade Portu\u00e1ria de Santos"},{"@type":"BreadcrumbList","@id":"https:\/\/agenciainfra.com\/blog\/infradebate-desestatizacao-do-porto-de-santos-seguranca-juridica-ou-o-risco-de-nao-realizacao\/#breadcrumb","itemListElement":[{"@type":"ListItem","position":1,"name":"In\u00edcio","item":"https:\/\/agenciainfra.com\/blog\/"},{"@type":"ListItem","position":2,"name":"iNFRADebate: Desestatiza\u00e7\u00e3o do Porto de Santos \u2013\u00a0Seguran\u00e7a jur\u00eddica ou o risco de n\u00e3o realiza\u00e7\u00e3o?"}]},{"@type":"WebSite","@id":"https:\/\/agenciainfra.com\/blog\/#website","url":"https:\/\/agenciainfra.com\/blog\/","name":"Ag\u00eancia iNFRA","description":"Multiplataforma de informa\u00e7\u00e3o jornal\u00edstica refer\u00eancia na \u00e1rea de infraestrutura no Brasil!","publisher":{"@id":"https:\/\/agenciainfra.com\/blog\/#organization"},"potentialAction":[{"@type":"SearchAction","target":{"@type":"EntryPoint","urlTemplate":"https:\/\/agenciainfra.com\/blog\/?s={search_term_string}"},"query-input":{"@type":"PropertyValueSpecification","valueRequired":true,"valueName":"search_term_string"}}],"inLanguage":"pt-BR"},{"@type":"Organization","@id":"https:\/\/agenciainfra.com\/blog\/#organization","name":"Ag\u00eancia iNFRA","url":"https:\/\/agenciainfra.com\/blog\/","logo":{"@type":"ImageObject","inLanguage":"pt-BR","@id":"https:\/\/agenciainfra.com\/blog\/#\/schema\/logo\/image\/","url":"https:\/\/agenciainfra.com\/blog\/wp-content\/uploads\/2023\/09\/iNFRA_5-e1761735885940.png","contentUrl":"https:\/\/agenciainfra.com\/blog\/wp-content\/uploads\/2023\/09\/iNFRA_5-e1761735885940.png","width":1672,"height":454,"caption":"Ag\u00eancia iNFRA"},"image":{"@id":"https:\/\/agenciainfra.com\/blog\/#\/schema\/logo\/image\/"},"sameAs":["https:\/\/www.facebook.com\/ageninfra","https:\/\/x.com\/agencia_infra","https:\/\/www.linkedin.com\/company\/ag\u00eanciainfra\/","https:\/\/www.instagram.com\/agenciainfra\/"]},{"@type":"Person","@id":"https:\/\/agenciainfra.com\/blog\/#\/schema\/person\/34af08dff6adea4cb22b06612ba7acfa","name":"Ag\u00eancia iNFRA","image":{"@type":"ImageObject","inLanguage":"pt-BR","@id":"https:\/\/agenciainfra.com\/blog\/#\/schema\/person\/image\/","url":"https:\/\/secure.gravatar.com\/avatar\/d189e01678f06d8eb84d4e01f08eb848b3fffe3f8443818d3c356c66892f5be8?s=96&d=mm&r=g","contentUrl":"https:\/\/secure.gravatar.com\/avatar\/d189e01678f06d8eb84d4e01f08eb848b3fffe3f8443818d3c356c66892f5be8?s=96&d=mm&r=g","caption":"Ag\u00eancia iNFRA"},"url":"https:\/\/agenciainfra.com\/blog\/author\/admin\/"}]}},"_links":{"self":[{"href":"https:\/\/agenciainfra.com\/blog\/wp-json\/wp\/v2\/posts\/11588","targetHints":{"allow":["GET"]}}],"collection":[{"href":"https:\/\/agenciainfra.com\/blog\/wp-json\/wp\/v2\/posts"}],"about":[{"href":"https:\/\/agenciainfra.com\/blog\/wp-json\/wp\/v2\/types\/post"}],"author":[{"embeddable":true,"href":"https:\/\/agenciainfra.com\/blog\/wp-json\/wp\/v2\/users\/1"}],"replies":[{"embeddable":true,"href":"https:\/\/agenciainfra.com\/blog\/wp-json\/wp\/v2\/comments?post=11588"}],"version-history":[{"count":0,"href":"https:\/\/agenciainfra.com\/blog\/wp-json\/wp\/v2\/posts\/11588\/revisions"}],"wp:featuredmedia":[{"embeddable":true,"href":"https:\/\/agenciainfra.com\/blog\/wp-json\/wp\/v2\/media\/11589"}],"wp:attachment":[{"href":"https:\/\/agenciainfra.com\/blog\/wp-json\/wp\/v2\/media?parent=11588"}],"wp:term":[{"taxonomy":"category","embeddable":true,"href":"https:\/\/agenciainfra.com\/blog\/wp-json\/wp\/v2\/categories?post=11588"},{"taxonomy":"post_tag","embeddable":true,"href":"https:\/\/agenciainfra.com\/blog\/wp-json\/wp\/v2\/tags?post=11588"}],"curies":[{"name":"wp","href":"https:\/\/api.w.org\/{rel}","templated":true}]}}