{"id":11591,"date":"2022-11-01T09:00:00","date_gmt":"2022-11-01T12:00:00","guid":{"rendered":"https:\/\/www.agenciainfra.com\/blog\/?p=11591"},"modified":"2022-11-04T10:01:10","modified_gmt":"2022-11-04T13:01:10","slug":"antt-deve-apresentar-resolucao-sobre-desapropriacoes-para-ferrovias-em-novembro","status":"publish","type":"post","link":"https:\/\/agenciainfra.com\/blog\/antt-deve-apresentar-resolucao-sobre-desapropriacoes-para-ferrovias-em-novembro\/","title":{"rendered":"ANTT deve apresentar resolu\u00e7\u00e3o sobre desapropria\u00e7\u00f5es para ferrovias em novembro"},"content":{"rendered":"\n<p class=\"has-text-align-right\"><strong>Dimmi Amora, da Ag\u00eancia iNFRA<\/strong><\/p>\n\n\n\n<p>O diretor-geral da ANTT (Ag\u00eancia Nacional de Transportes Terrestres), Rafael Vitale, afirmou que a ag\u00eancia vai cumprir o prazo previsto em decreto para regulamentar o modelo de desapropria\u00e7\u00f5es para os projetos de implementa\u00e7\u00e3o de ferrovias por autoriza\u00e7\u00e3o, que \u00e9 de 30 dias.<br><br>Segundo ele, a proposta ser\u00e1 uma adapta\u00e7\u00e3o das regras que j\u00e1 tratam de desapropria\u00e7\u00e3o nas concess\u00f5es reguladas pela ag\u00eancia e n\u00e3o ser\u00e3o feitos os procedimentos de consulta e audi\u00eancia p\u00fablica sobre o tema.<br><br>As informa\u00e7\u00f5es foram dadas ap\u00f3s a cerim\u00f4nia em que a ag\u00eancia assinou os cinco primeiros contratos de ades\u00e3o para a implementa\u00e7\u00e3o de ferrovias autorizadas dentro da nova lei do setor, a 14.273\/2021, com a presen\u00e7a do ministro da Infraestrutura, Marcelo Sampaio, e realizada na sede da ag\u00eancia na \u00faltima quarta-feira (26).<br><br>As cinco primeiras autoriza\u00e7\u00f5es se juntam \u00e0s 27 que j\u00e1 haviam sido dadas no per\u00edodo da vig\u00eancia da Medida Provis\u00f3ria 1.065, no ano passado. De acordo com o diretor-geral, com as novas, j\u00e1 s\u00e3o 11 mil quil\u00f4metros de novos trilhos autorizados com estimativas de investimentos na faixa dos R$ 150 bilh\u00f5es.<br><br>Outros 75 requerimentos, parte deles feitos no per\u00edodo da MP, parte no atual per\u00edodo, seguem em an\u00e1lise pela ag\u00eancia, que teria uma faixa entre cinco e seis j\u00e1 bastante adiantados para serem aprovados nas pr\u00f3ximas semanas. Os requerimentos ainda n\u00e3o autorizados&nbsp;t\u00eam estimativa de investimentos de mais R$ 150 bilh\u00f5es.<br><br>A prioridade agora, no entanto, \u00e9 ter regras para os processos de desapropria\u00e7\u00e3o. Essa etapa \u00e9 considerada essencial j\u00e1 que dificilmente grandes ferrovias v\u00e3o conseguir implantar o projeto sem que precisem de terras que n\u00e3o as pertencem.<br><br><strong>&#8220;Dar as m\u00e3os&#8221;<\/strong><br>O ministro Marcelo Sampaio afirmou em seu discurso que ser\u00e1 necess\u00e1rio &#8220;dar as m\u00e3os&#8221; para apoiar as autorizat\u00e1rias na viabiliza\u00e7\u00e3o de seus projetos. Ele disse que orientou a ANTT e a Infra S.A. para dar suporte para as empresas que pediram para fazer ferrovias.<br><br>&#8220;Estamos preparando a Infra S.A. para que possa ter uma estrutura para estar dialogando, tirando todo embara\u00e7o que possa ter&#8221;, disse Sampaio, referindo-se \u00e0 burocracia com \u00f3rg\u00e3os ambientais, de patrim\u00f4nio e outros.<br><br>O ministro afirmou, no entanto, que acredita n\u00e3o ser necess\u00e1rio apoio financeiro para que as autoriza\u00e7\u00f5es possam viabilizar seus projetos. Para ele, o mercado privado vai poder dar conta do financiamento a esses projetos. O ministro segue apostando que o setor de celulose vai conseguir viabilizar as primeiras ferrovias.<br><br><strong>Chamamentos<\/strong><br>O diretor-geral da ANTT, Rafael Vitale, afirmou ainda que a regulamenta\u00e7\u00e3o da lei&nbsp;ser\u00e1 por etapas. Uma delas ser\u00e1 a resolu\u00e7\u00e3o sobre chamamento p\u00fablico, o que pode ser feito agora com as regras do Decreto 11.245\/2022. Segundo ele, nesse caso, haver\u00e1 o processo normal de participa\u00e7\u00e3o social. A ideia \u00e9 que isso ocorra em 2023.<br><br>As duas autoriza\u00e7\u00f5es dadas nesta quarta-feira&nbsp;para a Rumo ligam Primavera do Leste (MT) a Ribeir\u00e3o Cascalheira (MT) e Santa Rita do Trivelato (MT) a Sinop (MT). Nesse caso, os novos trechos se ligam \u00e0 extens\u00e3o que a companhia j\u00e1 solicitou no governo estadual para levar a Malha Norte at\u00e9 Lucas do Rio Verde (MT). As commodities agr\u00edcolas s\u00e3o as principais cargas.<br><br>A VLI Multimodal&nbsp;tamb\u00e9m fez dois pedidos: um dos trechos fica entre Correntina (BA) e Arrojol\u00e2ndia (BA), com 83 quil\u00f4metros; e o outro vai de Riach\u00e3o das Neves (BA) at\u00e9 S\u00e3o Desid\u00e9rio (BA), com 141 quil\u00f4metros. As duas \u00e1reas s\u00e3o no oeste da Bahia e se conectam com a Fiol II.<br><br>O quinto requerimento foi feito pela Petrocity Ferrovias. A ferrovia fica entre as cidades de Corumb\u00e1 de Goi\u00e1s (GO) e An\u00e1polis (GO), com 68 quil\u00f4metros. Em&nbsp;An\u00e1polis fica o entroncamento da Ferrovia Norte-Sul com a FCA (Ferrovia Centro-Atl\u00e2ntica).<\/p>\n","protected":false},"excerpt":{"rendered":"<p>Dimmi Amora, da Ag\u00eancia iNFRA O diretor-geral da ANTT (Ag\u00eancia Nacional de Transportes Terrestres), Rafael Vitale, afirmou que a ag\u00eancia vai cumprir o prazo previsto em decreto para regulamentar o modelo de desapropria\u00e7\u00f5es para os projetos de implementa\u00e7\u00e3o de ferrovias por autoriza\u00e7\u00e3o, que \u00e9 de 30 dias. Segundo ele, a proposta ser\u00e1 uma adapta\u00e7\u00e3o das [&hellip;]<\/p>\n","protected":false},"author":1,"featured_media":8961,"comment_status":"closed","ping_status":"closed","sticky":false,"template":"","format":"standard","meta":{"_monsterinsights_skip_tracking":false,"_monsterinsights_sitenote_active":false,"_monsterinsights_sitenote_note":"","_monsterinsights_sitenote_category":0,"footnotes":""},"categories":[1,7],"tags":[19,1350,78,3151,120,2344,32,5548,997,775,4970,4611],"class_list":["post-11591","post","type-post","status-publish","format-standard","has-post-thumbnail","hentry","category-geral","category-infratransporte","tag-antt","tag-autorizacao-ferroviaria","tag-concessoes","tag-desapropriacoes","tag-ferrovias","tag-infra-s-a","tag-investimentos","tag-lei-14-273-2021","tag-marcelo-sampaio","tag-ministerio-da-infraestrutura","tag-mp-1-065","tag-rafael-vitale"],"yoast_head":"<!-- This site is optimized with the Yoast SEO Premium plugin v25.4 (Yoast SEO v26.0) - https:\/\/yoast.com\/wordpress\/plugins\/seo\/ -->\n<title>ANTT deve apresentar resolu\u00e7\u00e3o sobre desapropria\u00e7\u00f5es para ferrovias em novembro - Ag\u00eancia iNFRA<\/title>\n<meta name=\"robots\" content=\"index, follow, max-snippet:-1, max-image-preview:large, max-video-preview:-1\" \/>\n<link rel=\"canonical\" href=\"https:\/\/agenciainfra.com\/blog\/antt-deve-apresentar-resolucao-sobre-desapropriacoes-para-ferrovias-em-novembro\/\" \/>\n<meta property=\"og:locale\" content=\"pt_BR\" \/>\n<meta property=\"og:type\" content=\"article\" \/>\n<meta property=\"og:title\" content=\"ANTT deve apresentar resolu\u00e7\u00e3o sobre desapropria\u00e7\u00f5es para ferrovias em novembro\" \/>\n<meta property=\"og:description\" content=\"Dimmi Amora, da Ag\u00eancia iNFRA O diretor-geral da ANTT (Ag\u00eancia Nacional de Transportes Terrestres), Rafael Vitale, afirmou que a ag\u00eancia vai cumprir o prazo previsto em decreto para regulamentar o modelo de desapropria\u00e7\u00f5es para os projetos de implementa\u00e7\u00e3o de ferrovias por autoriza\u00e7\u00e3o, que \u00e9 de 30 dias. Segundo ele, a proposta ser\u00e1 uma adapta\u00e7\u00e3o das [&hellip;]\" \/>\n<meta property=\"og:url\" content=\"https:\/\/agenciainfra.com\/blog\/antt-deve-apresentar-resolucao-sobre-desapropriacoes-para-ferrovias-em-novembro\/\" \/>\n<meta property=\"og:site_name\" content=\"Ag\u00eancia iNFRA\" \/>\n<meta property=\"article:publisher\" content=\"https:\/\/www.facebook.com\/ageninfra\" \/>\n<meta property=\"article:published_time\" content=\"2022-11-01T12:00:00+00:00\" \/>\n<meta property=\"article:modified_time\" content=\"2022-11-04T13:01:10+00:00\" \/>\n<meta property=\"og:image\" content=\"https:\/\/agenciainfra.com\/blog\/wp-content\/uploads\/2021\/11\/rafael-vitale-foto-leopoldo-silva-agencia-senado.jpeg\" \/>\n\t<meta property=\"og:image:width\" content=\"1280\" \/>\n\t<meta property=\"og:image:height\" content=\"853\" \/>\n\t<meta property=\"og:image:type\" content=\"image\/jpeg\" \/>\n<meta name=\"author\" content=\"Ag\u00eancia iNFRA\" \/>\n<meta name=\"twitter:card\" content=\"summary_large_image\" \/>\n<meta name=\"twitter:creator\" content=\"@agencia_infra\" \/>\n<meta name=\"twitter:site\" content=\"@agencia_infra\" \/>\n<meta name=\"twitter:label1\" content=\"Escrito por\" \/>\n\t<meta name=\"twitter:data1\" content=\"Ag\u00eancia iNFRA\" \/>\n\t<meta name=\"twitter:label2\" content=\"Est. tempo de leitura\" \/>\n\t<meta name=\"twitter:data2\" content=\"3 minutos\" \/>\n<script type=\"application\/ld+json\" class=\"yoast-schema-graph\">{\"@context\":\"https:\/\/schema.org\",\"@graph\":[{\"@type\":\"Article\",\"@id\":\"https:\/\/agenciainfra.com\/blog\/antt-deve-apresentar-resolucao-sobre-desapropriacoes-para-ferrovias-em-novembro\/#article\",\"isPartOf\":{\"@id\":\"https:\/\/agenciainfra.com\/blog\/antt-deve-apresentar-resolucao-sobre-desapropriacoes-para-ferrovias-em-novembro\/\"},\"author\":{\"name\":\"Ag\u00eancia iNFRA\",\"@id\":\"https:\/\/agenciainfra.com\/blog\/#\/schema\/person\/34af08dff6adea4cb22b06612ba7acfa\"},\"headline\":\"ANTT deve apresentar resolu\u00e7\u00e3o sobre desapropria\u00e7\u00f5es para ferrovias em novembro\",\"datePublished\":\"2022-11-01T12:00:00+00:00\",\"dateModified\":\"2022-11-04T13:01:10+00:00\",\"mainEntityOfPage\":{\"@id\":\"https:\/\/agenciainfra.com\/blog\/antt-deve-apresentar-resolucao-sobre-desapropriacoes-para-ferrovias-em-novembro\/\"},\"wordCount\":676,\"publisher\":{\"@id\":\"https:\/\/agenciainfra.com\/blog\/#organization\"},\"image\":{\"@id\":\"https:\/\/agenciainfra.com\/blog\/antt-deve-apresentar-resolucao-sobre-desapropriacoes-para-ferrovias-em-novembro\/#primaryimage\"},\"thumbnailUrl\":\"https:\/\/agenciainfra.com\/blog\/wp-content\/uploads\/2021\/11\/rafael-vitale-foto-leopoldo-silva-agencia-senado.jpeg\",\"keywords\":[\"ANTT\",\"autoriza\u00e7\u00e3o ferrovi\u00e1ria\",\"concess\u00f5es\",\"desapropria\u00e7\u00f5es\",\"Ferrovias\",\"Infra S.A.\",\"Investimentos\",\"Lei 14.273\/2021\",\"Marcelo Sampaio\",\"Minist\u00e9rio da Infraestrutura\",\"MP 1.065\",\"Rafael Vitale\"],\"articleSection\":[\"Geral\",\"iNFRATransporte\"],\"inLanguage\":\"pt-BR\",\"copyrightYear\":\"2022\",\"copyrightHolder\":{\"@id\":\"https:\/\/agenciainfra.com\/blog\/#organization\"}},{\"@type\":\"WebPage\",\"@id\":\"https:\/\/agenciainfra.com\/blog\/antt-deve-apresentar-resolucao-sobre-desapropriacoes-para-ferrovias-em-novembro\/\",\"url\":\"https:\/\/agenciainfra.com\/blog\/antt-deve-apresentar-resolucao-sobre-desapropriacoes-para-ferrovias-em-novembro\/\",\"name\":\"ANTT deve apresentar resolu\u00e7\u00e3o sobre desapropria\u00e7\u00f5es para ferrovias em novembro - Ag\u00eancia iNFRA\",\"isPartOf\":{\"@id\":\"https:\/\/agenciainfra.com\/blog\/#website\"},\"primaryImageOfPage\":{\"@id\":\"https:\/\/agenciainfra.com\/blog\/antt-deve-apresentar-resolucao-sobre-desapropriacoes-para-ferrovias-em-novembro\/#primaryimage\"},\"image\":{\"@id\":\"https:\/\/agenciainfra.com\/blog\/antt-deve-apresentar-resolucao-sobre-desapropriacoes-para-ferrovias-em-novembro\/#primaryimage\"},\"thumbnailUrl\":\"https:\/\/agenciainfra.com\/blog\/wp-content\/uploads\/2021\/11\/rafael-vitale-foto-leopoldo-silva-agencia-senado.jpeg\",\"datePublished\":\"2022-11-01T12:00:00+00:00\",\"dateModified\":\"2022-11-04T13:01:10+00:00\",\"breadcrumb\":{\"@id\":\"https:\/\/agenciainfra.com\/blog\/antt-deve-apresentar-resolucao-sobre-desapropriacoes-para-ferrovias-em-novembro\/#breadcrumb\"},\"inLanguage\":\"pt-BR\",\"potentialAction\":[{\"@type\":\"ReadAction\",\"target\":[\"https:\/\/agenciainfra.com\/blog\/antt-deve-apresentar-resolucao-sobre-desapropriacoes-para-ferrovias-em-novembro\/\"]}]},{\"@type\":\"ImageObject\",\"inLanguage\":\"pt-BR\",\"@id\":\"https:\/\/agenciainfra.com\/blog\/antt-deve-apresentar-resolucao-sobre-desapropriacoes-para-ferrovias-em-novembro\/#primaryimage\",\"url\":\"https:\/\/agenciainfra.com\/blog\/wp-content\/uploads\/2021\/11\/rafael-vitale-foto-leopoldo-silva-agencia-senado.jpeg\",\"contentUrl\":\"https:\/\/agenciainfra.com\/blog\/wp-content\/uploads\/2021\/11\/rafael-vitale-foto-leopoldo-silva-agencia-senado.jpeg\",\"width\":1280,\"height\":853},{\"@type\":\"BreadcrumbList\",\"@id\":\"https:\/\/agenciainfra.com\/blog\/antt-deve-apresentar-resolucao-sobre-desapropriacoes-para-ferrovias-em-novembro\/#breadcrumb\",\"itemListElement\":[{\"@type\":\"ListItem\",\"position\":1,\"name\":\"In\u00edcio\",\"item\":\"https:\/\/agenciainfra.com\/blog\/\"},{\"@type\":\"ListItem\",\"position\":2,\"name\":\"ANTT deve apresentar resolu\u00e7\u00e3o sobre desapropria\u00e7\u00f5es para ferrovias em novembro\"}]},{\"@type\":\"WebSite\",\"@id\":\"https:\/\/agenciainfra.com\/blog\/#website\",\"url\":\"https:\/\/agenciainfra.com\/blog\/\",\"name\":\"Ag\u00eancia iNFRA\",\"description\":\"Multiplataforma de informa\u00e7\u00e3o jornal\u00edstica refer\u00eancia na \u00e1rea de infraestrutura no Brasil!\",\"publisher\":{\"@id\":\"https:\/\/agenciainfra.com\/blog\/#organization\"},\"potentialAction\":[{\"@type\":\"SearchAction\",\"target\":{\"@type\":\"EntryPoint\",\"urlTemplate\":\"https:\/\/agenciainfra.com\/blog\/?s={search_term_string}\"},\"query-input\":{\"@type\":\"PropertyValueSpecification\",\"valueRequired\":true,\"valueName\":\"search_term_string\"}}],\"inLanguage\":\"pt-BR\"},{\"@type\":\"Organization\",\"@id\":\"https:\/\/agenciainfra.com\/blog\/#organization\",\"name\":\"Ag\u00eancia iNFRA\",\"url\":\"https:\/\/agenciainfra.com\/blog\/\",\"logo\":{\"@type\":\"ImageObject\",\"inLanguage\":\"pt-BR\",\"@id\":\"https:\/\/agenciainfra.com\/blog\/#\/schema\/logo\/image\/\",\"url\":\"https:\/\/agenciainfra.com\/blog\/wp-content\/uploads\/2023\/09\/iNFRA_5-e1761735885940.png\",\"contentUrl\":\"https:\/\/agenciainfra.com\/blog\/wp-content\/uploads\/2023\/09\/iNFRA_5-e1761735885940.png\",\"width\":1672,\"height\":454,\"caption\":\"Ag\u00eancia iNFRA\"},\"image\":{\"@id\":\"https:\/\/agenciainfra.com\/blog\/#\/schema\/logo\/image\/\"},\"sameAs\":[\"https:\/\/www.facebook.com\/ageninfra\",\"https:\/\/x.com\/agencia_infra\",\"https:\/\/www.linkedin.com\/company\/ag\u00eanciainfra\/\",\"https:\/\/www.instagram.com\/agenciainfra\/\"]},{\"@type\":\"Person\",\"@id\":\"https:\/\/agenciainfra.com\/blog\/#\/schema\/person\/34af08dff6adea4cb22b06612ba7acfa\",\"name\":\"Ag\u00eancia iNFRA\",\"image\":{\"@type\":\"ImageObject\",\"inLanguage\":\"pt-BR\",\"@id\":\"https:\/\/agenciainfra.com\/blog\/#\/schema\/person\/image\/\",\"url\":\"https:\/\/secure.gravatar.com\/avatar\/d189e01678f06d8eb84d4e01f08eb848b3fffe3f8443818d3c356c66892f5be8?s=96&d=mm&r=g\",\"contentUrl\":\"https:\/\/secure.gravatar.com\/avatar\/d189e01678f06d8eb84d4e01f08eb848b3fffe3f8443818d3c356c66892f5be8?s=96&d=mm&r=g\",\"caption\":\"Ag\u00eancia iNFRA\"},\"url\":\"https:\/\/agenciainfra.com\/blog\/author\/admin\/\"}]}<\/script>\n<!-- \/ Yoast SEO Premium plugin. -->","yoast_head_json":{"title":"ANTT deve apresentar resolu\u00e7\u00e3o sobre desapropria\u00e7\u00f5es para ferrovias em novembro - Ag\u00eancia iNFRA","robots":{"index":"index","follow":"follow","max-snippet":"max-snippet:-1","max-image-preview":"max-image-preview:large","max-video-preview":"max-video-preview:-1"},"canonical":"https:\/\/agenciainfra.com\/blog\/antt-deve-apresentar-resolucao-sobre-desapropriacoes-para-ferrovias-em-novembro\/","og_locale":"pt_BR","og_type":"article","og_title":"ANTT deve apresentar resolu\u00e7\u00e3o sobre desapropria\u00e7\u00f5es para ferrovias em novembro","og_description":"Dimmi Amora, da Ag\u00eancia iNFRA O diretor-geral da ANTT (Ag\u00eancia Nacional de Transportes Terrestres), Rafael Vitale, afirmou que a ag\u00eancia vai cumprir o prazo previsto em decreto para regulamentar o modelo de desapropria\u00e7\u00f5es para os projetos de implementa\u00e7\u00e3o de ferrovias por autoriza\u00e7\u00e3o, que \u00e9 de 30 dias. Segundo ele, a proposta ser\u00e1 uma adapta\u00e7\u00e3o das [&hellip;]","og_url":"https:\/\/agenciainfra.com\/blog\/antt-deve-apresentar-resolucao-sobre-desapropriacoes-para-ferrovias-em-novembro\/","og_site_name":"Ag\u00eancia iNFRA","article_publisher":"https:\/\/www.facebook.com\/ageninfra","article_published_time":"2022-11-01T12:00:00+00:00","article_modified_time":"2022-11-04T13:01:10+00:00","og_image":[{"width":1280,"height":853,"url":"https:\/\/agenciainfra.com\/blog\/wp-content\/uploads\/2021\/11\/rafael-vitale-foto-leopoldo-silva-agencia-senado.jpeg","type":"image\/jpeg"}],"author":"Ag\u00eancia iNFRA","twitter_card":"summary_large_image","twitter_creator":"@agencia_infra","twitter_site":"@agencia_infra","twitter_misc":{"Escrito por":"Ag\u00eancia iNFRA","Est. tempo de leitura":"3 minutos"},"schema":{"@context":"https:\/\/schema.org","@graph":[{"@type":"Article","@id":"https:\/\/agenciainfra.com\/blog\/antt-deve-apresentar-resolucao-sobre-desapropriacoes-para-ferrovias-em-novembro\/#article","isPartOf":{"@id":"https:\/\/agenciainfra.com\/blog\/antt-deve-apresentar-resolucao-sobre-desapropriacoes-para-ferrovias-em-novembro\/"},"author":{"name":"Ag\u00eancia iNFRA","@id":"https:\/\/agenciainfra.com\/blog\/#\/schema\/person\/34af08dff6adea4cb22b06612ba7acfa"},"headline":"ANTT deve apresentar resolu\u00e7\u00e3o sobre desapropria\u00e7\u00f5es para ferrovias em novembro","datePublished":"2022-11-01T12:00:00+00:00","dateModified":"2022-11-04T13:01:10+00:00","mainEntityOfPage":{"@id":"https:\/\/agenciainfra.com\/blog\/antt-deve-apresentar-resolucao-sobre-desapropriacoes-para-ferrovias-em-novembro\/"},"wordCount":676,"publisher":{"@id":"https:\/\/agenciainfra.com\/blog\/#organization"},"image":{"@id":"https:\/\/agenciainfra.com\/blog\/antt-deve-apresentar-resolucao-sobre-desapropriacoes-para-ferrovias-em-novembro\/#primaryimage"},"thumbnailUrl":"https:\/\/agenciainfra.com\/blog\/wp-content\/uploads\/2021\/11\/rafael-vitale-foto-leopoldo-silva-agencia-senado.jpeg","keywords":["ANTT","autoriza\u00e7\u00e3o ferrovi\u00e1ria","concess\u00f5es","desapropria\u00e7\u00f5es","Ferrovias","Infra S.A.","Investimentos","Lei 14.273\/2021","Marcelo Sampaio","Minist\u00e9rio da Infraestrutura","MP 1.065","Rafael Vitale"],"articleSection":["Geral","iNFRATransporte"],"inLanguage":"pt-BR","copyrightYear":"2022","copyrightHolder":{"@id":"https:\/\/agenciainfra.com\/blog\/#organization"}},{"@type":"WebPage","@id":"https:\/\/agenciainfra.com\/blog\/antt-deve-apresentar-resolucao-sobre-desapropriacoes-para-ferrovias-em-novembro\/","url":"https:\/\/agenciainfra.com\/blog\/antt-deve-apresentar-resolucao-sobre-desapropriacoes-para-ferrovias-em-novembro\/","name":"ANTT deve apresentar resolu\u00e7\u00e3o sobre desapropria\u00e7\u00f5es para ferrovias em novembro - Ag\u00eancia iNFRA","isPartOf":{"@id":"https:\/\/agenciainfra.com\/blog\/#website"},"primaryImageOfPage":{"@id":"https:\/\/agenciainfra.com\/blog\/antt-deve-apresentar-resolucao-sobre-desapropriacoes-para-ferrovias-em-novembro\/#primaryimage"},"image":{"@id":"https:\/\/agenciainfra.com\/blog\/antt-deve-apresentar-resolucao-sobre-desapropriacoes-para-ferrovias-em-novembro\/#primaryimage"},"thumbnailUrl":"https:\/\/agenciainfra.com\/blog\/wp-content\/uploads\/2021\/11\/rafael-vitale-foto-leopoldo-silva-agencia-senado.jpeg","datePublished":"2022-11-01T12:00:00+00:00","dateModified":"2022-11-04T13:01:10+00:00","breadcrumb":{"@id":"https:\/\/agenciainfra.com\/blog\/antt-deve-apresentar-resolucao-sobre-desapropriacoes-para-ferrovias-em-novembro\/#breadcrumb"},"inLanguage":"pt-BR","potentialAction":[{"@type":"ReadAction","target":["https:\/\/agenciainfra.com\/blog\/antt-deve-apresentar-resolucao-sobre-desapropriacoes-para-ferrovias-em-novembro\/"]}]},{"@type":"ImageObject","inLanguage":"pt-BR","@id":"https:\/\/agenciainfra.com\/blog\/antt-deve-apresentar-resolucao-sobre-desapropriacoes-para-ferrovias-em-novembro\/#primaryimage","url":"https:\/\/agenciainfra.com\/blog\/wp-content\/uploads\/2021\/11\/rafael-vitale-foto-leopoldo-silva-agencia-senado.jpeg","contentUrl":"https:\/\/agenciainfra.com\/blog\/wp-content\/uploads\/2021\/11\/rafael-vitale-foto-leopoldo-silva-agencia-senado.jpeg","width":1280,"height":853},{"@type":"BreadcrumbList","@id":"https:\/\/agenciainfra.com\/blog\/antt-deve-apresentar-resolucao-sobre-desapropriacoes-para-ferrovias-em-novembro\/#breadcrumb","itemListElement":[{"@type":"ListItem","position":1,"name":"In\u00edcio","item":"https:\/\/agenciainfra.com\/blog\/"},{"@type":"ListItem","position":2,"name":"ANTT deve apresentar resolu\u00e7\u00e3o sobre desapropria\u00e7\u00f5es para ferrovias em novembro"}]},{"@type":"WebSite","@id":"https:\/\/agenciainfra.com\/blog\/#website","url":"https:\/\/agenciainfra.com\/blog\/","name":"Ag\u00eancia iNFRA","description":"Multiplataforma de informa\u00e7\u00e3o jornal\u00edstica refer\u00eancia na \u00e1rea de infraestrutura no Brasil!","publisher":{"@id":"https:\/\/agenciainfra.com\/blog\/#organization"},"potentialAction":[{"@type":"SearchAction","target":{"@type":"EntryPoint","urlTemplate":"https:\/\/agenciainfra.com\/blog\/?s={search_term_string}"},"query-input":{"@type":"PropertyValueSpecification","valueRequired":true,"valueName":"search_term_string"}}],"inLanguage":"pt-BR"},{"@type":"Organization","@id":"https:\/\/agenciainfra.com\/blog\/#organization","name":"Ag\u00eancia iNFRA","url":"https:\/\/agenciainfra.com\/blog\/","logo":{"@type":"ImageObject","inLanguage":"pt-BR","@id":"https:\/\/agenciainfra.com\/blog\/#\/schema\/logo\/image\/","url":"https:\/\/agenciainfra.com\/blog\/wp-content\/uploads\/2023\/09\/iNFRA_5-e1761735885940.png","contentUrl":"https:\/\/agenciainfra.com\/blog\/wp-content\/uploads\/2023\/09\/iNFRA_5-e1761735885940.png","width":1672,"height":454,"caption":"Ag\u00eancia iNFRA"},"image":{"@id":"https:\/\/agenciainfra.com\/blog\/#\/schema\/logo\/image\/"},"sameAs":["https:\/\/www.facebook.com\/ageninfra","https:\/\/x.com\/agencia_infra","https:\/\/www.linkedin.com\/company\/ag\u00eanciainfra\/","https:\/\/www.instagram.com\/agenciainfra\/"]},{"@type":"Person","@id":"https:\/\/agenciainfra.com\/blog\/#\/schema\/person\/34af08dff6adea4cb22b06612ba7acfa","name":"Ag\u00eancia iNFRA","image":{"@type":"ImageObject","inLanguage":"pt-BR","@id":"https:\/\/agenciainfra.com\/blog\/#\/schema\/person\/image\/","url":"https:\/\/secure.gravatar.com\/avatar\/d189e01678f06d8eb84d4e01f08eb848b3fffe3f8443818d3c356c66892f5be8?s=96&d=mm&r=g","contentUrl":"https:\/\/secure.gravatar.com\/avatar\/d189e01678f06d8eb84d4e01f08eb848b3fffe3f8443818d3c356c66892f5be8?s=96&d=mm&r=g","caption":"Ag\u00eancia iNFRA"},"url":"https:\/\/agenciainfra.com\/blog\/author\/admin\/"}]}},"_links":{"self":[{"href":"https:\/\/agenciainfra.com\/blog\/wp-json\/wp\/v2\/posts\/11591","targetHints":{"allow":["GET"]}}],"collection":[{"href":"https:\/\/agenciainfra.com\/blog\/wp-json\/wp\/v2\/posts"}],"about":[{"href":"https:\/\/agenciainfra.com\/blog\/wp-json\/wp\/v2\/types\/post"}],"author":[{"embeddable":true,"href":"https:\/\/agenciainfra.com\/blog\/wp-json\/wp\/v2\/users\/1"}],"replies":[{"embeddable":true,"href":"https:\/\/agenciainfra.com\/blog\/wp-json\/wp\/v2\/comments?post=11591"}],"version-history":[{"count":0,"href":"https:\/\/agenciainfra.com\/blog\/wp-json\/wp\/v2\/posts\/11591\/revisions"}],"wp:featuredmedia":[{"embeddable":true,"href":"https:\/\/agenciainfra.com\/blog\/wp-json\/wp\/v2\/media\/8961"}],"wp:attachment":[{"href":"https:\/\/agenciainfra.com\/blog\/wp-json\/wp\/v2\/media?parent=11591"}],"wp:term":[{"taxonomy":"category","embeddable":true,"href":"https:\/\/agenciainfra.com\/blog\/wp-json\/wp\/v2\/categories?post=11591"},{"taxonomy":"post_tag","embeddable":true,"href":"https:\/\/agenciainfra.com\/blog\/wp-json\/wp\/v2\/tags?post=11591"}],"curies":[{"name":"wp","href":"https:\/\/api.w.org\/{rel}","templated":true}]}}