{"id":11600,"date":"2022-10-31T09:00:00","date_gmt":"2022-10-31T12:00:00","guid":{"rendered":"https:\/\/www.agenciainfra.com\/blog\/?p=11600"},"modified":"2022-11-04T10:01:39","modified_gmt":"2022-11-04T13:01:39","slug":"lula-prega-uniao-e-quer-reuniao-com-governadores-para-discutir-obras-prioritarias-nos-estados","status":"publish","type":"post","link":"https:\/\/agenciainfra.com\/blog\/lula-prega-uniao-e-quer-reuniao-com-governadores-para-discutir-obras-prioritarias-nos-estados\/","title":{"rendered":"Lula prega uni\u00e3o e quer reuni\u00e3o com governadores para discutir obras priorit\u00e1rias nos estados"},"content":{"rendered":"\n<p class=\"has-text-align-right\"><strong>da Ag\u00eancia iNFRA<\/strong><\/p>\n\n\n\n<p>O ex-presidente Luiz In\u00e1cio Lula da Silva (PT) venceu as elei\u00e7\u00f5es deste domingo (30). Com pouco mais de dois milh\u00f5es de votos de vantagem (1,8% a mais de votos v\u00e1lidos) sobre seu advers\u00e1rio, o atual presidente da Rep\u00fablica, Jair Bolsonaro (PL), Lula voltar\u00e1 em janeiro a governar um pa\u00eds dividido.<br><br>Em seu discurso inicial, lido momentos ap\u00f3s a declara\u00e7\u00e3o oficial do TSE (Tribunal Superior Eleitoral) sobre a vit\u00f3ria, o eleito j\u00e1 sinalizou pela pacifica\u00e7\u00e3o do pa\u00eds, dizendo que\u00a0&#8220;n\u00e3o existem dois Brasis&#8221;.\u00a0<br><br>O discurso foi no mesmo sentido de outras autoridades da Rep\u00fablica que rapidamente trataram de reconhecer a vit\u00f3ria do candidato, como o presidente da C\u00e2mara, Arthur Lira (PP-AL), um dos principais aliados do presidente Bolsonaro na campanha. O mesmo caminho do presidente do Senado, Rodrigo Pacheco (PSD-MG).<br><br>Tamb\u00e9m a presidente do STF (Supremo Tribunal Federal), Rosa Weber, discursou. Alexandre de Moraes, que preside o TSE\u00a0fez quest\u00e3o de ressaltar que os eleitos ser\u00e3o &#8220;diplomados&#8221; e &#8220;tomar\u00e3o posse&#8221; no dia 1\u00ba de janeiro. Bolsonaro n\u00e3o falou na noite de domingo (30) e n\u00e3o cumprimentou o advers\u00e1rio.<br><br><strong>Grande demais para ser p\u00e1ria<\/strong><br>Lula tamb\u00e9m recebeu pronto reconhecimento de presidentes de grandes na\u00e7\u00f5es do mundo, como o americano Joe Biden, o franc\u00eas Emmanuel Macron e o argentino Alberto Fern\u00e1ndez. Lula fez quest\u00e3o de ressaltar a volta do Brasil ao cen\u00e1rio mundial em seu discurso.<br><br>&#8220;O Brasil \u00e9 grande demais para ser relegado a este triste papel de p\u00e1ria do mundo&#8221;, disse Lula.<br><br>Sobre o setor de infraestrutura, Lula voltou a prometer que vai se reunir com os governadores e prefeitos para identificar um conjunto de obras priorit\u00e1rias. Citou o programa Minha Casa Minha Vida como forma de tirar pessoas das ruas, mas lembrou que sua prioridade ser\u00e1 acabar com a fome novamente.<br><br>Na \u00e1rea ambiental, Lula afirmou que vai lutar &#8220;pelos desmatamento zero na Amaz\u00f4nia&#8221; e trabalhar\u00e1 pela reindustrializa\u00e7\u00e3o do pa\u00eds, focada nos investimentos em uma &#8220;economia verde&#8221; digital. O discurso est\u00e1\u00a0<a rel=\"noreferrer noopener\" href=\"https:\/\/agenciainfra.us14.list-manage.com\/track\/click?u=d460dd1bcf9ba0ae040e1fc0f&amp;id=2ea910a366&amp;e=c099169394\" target=\"_blank\">neste link<\/a>.<br><br><strong>Prioridade para gerar empregos<\/strong><br>Ao longo da campanha, Lula indicou v\u00e1rias vezes que o setor de infraestrutura ser\u00e1 uma prioridade em seu governo, indicando a \u00e1rea como uma alavanca para a gera\u00e7\u00e3o de empregos. Os principais compromissos foram expressos num folder na semana final da campanha, chamado de\u00a0&#8220;13 Propostas de Lula para a Infraestrutura&#8221;.<br><br>A principal delas \u00e9 um Novo PAC, com investimentos privados, mas que tamb\u00e9m fa\u00e7a a retomada de investimentos p\u00fablicos, cujos baixos valores nos \u00faltimos anos s\u00e3o considerados um fator para o baixo crescimento do pa\u00eds.<br><br>No entanto, esse desafio \u00e9 maior que o setor de infraestrutura em si, visto que o Or\u00e7amento da Uni\u00e3o est\u00e1 praticamente todo controlado por despesas obrigat\u00f3rias e por emendas parlamentares executadas em projetos pulverizados. O presidente eleito prometeu acabar com o teto de gastos, que vem penalizando fortemente o setor de infraestrutura, mas sem ainda apresentar uma proposta de controle fiscal que seja plaus\u00edvel para substitu\u00ed-lo.<br><br><strong>Tarc\u00edsio eleito em S\u00e3o Paulo<\/strong><br>O que se tem de diretriz \u00e9 que a \u00e1rea de infraestrutura ser\u00e1 tratada como priorit\u00e1ria na defini\u00e7\u00e3o da composi\u00e7\u00e3o ministerial. Tamb\u00e9m por um motivo pol\u00edtico: Tarc\u00edsio de Freitas, o ex-ministro da pasta, foi eleito governador de S\u00e3o Paulo, o mais importante do pa\u00eds.<br><br>Ele \u00e9 um dos que naturalmente se colocam para herdar a gigantesca heran\u00e7a do voto\u00a0bolsonarista\u00a0do pleito deste ano, tornando-se um potencial advers\u00e1rio para as elei\u00e7\u00f5es de 2026.<br><br>Em seu primeiro discurso em S\u00e3o Paulo, o ex-ministro tratou de informar que ser\u00e1 necess\u00e1rio respeitar o resultado das urnas e indicou que vai trabalhar em parceria com o governo federal para avan\u00e7ar com as pol\u00edticas p\u00fablicas de diversas \u00e1reas em S\u00e3o Paulo, entre elas a de habita\u00e7\u00e3o.<\/p>\n","protected":false},"excerpt":{"rendered":"<p>da Ag\u00eancia iNFRA O ex-presidente Luiz In\u00e1cio Lula da Silva (PT) venceu as elei\u00e7\u00f5es deste domingo (30). Com pouco mais de dois milh\u00f5es de votos de vantagem (1,8% a mais de votos v\u00e1lidos) sobre seu advers\u00e1rio, o atual presidente da Rep\u00fablica, Jair Bolsonaro (PL), Lula voltar\u00e1 em janeiro a governar um pa\u00eds dividido. Em seu [&hellip;]<\/p>\n","protected":false},"author":1,"featured_media":11601,"comment_status":"closed","ping_status":"closed","sticky":false,"template":"","format":"standard","meta":{"_monsterinsights_skip_tracking":false,"_monsterinsights_sitenote_active":false,"_monsterinsights_sitenote_note":"","_monsterinsights_sitenote_category":0,"footnotes":""},"categories":[1,7],"tags":[5989,3738,3339,581,5991,5635,5988,34,32,4138,580,5990,5992,360,5766,2254,5987,448],"class_list":["post-11600","post","type-post","status-publish","format-standard","has-post-thumbnail","hentry","category-geral","category-infratransporte","tag-alberto-fernandez","tag-alexandre-de-moraes","tag-arthur-lira","tag-bolsonaro","tag-economia-verde","tag-eleicoes-2022","tag-emmanuel-macron","tag-infraestrutura","tag-investimentos","tag-joe-biden","tag-lula","tag-minha-casa-minha-vida","tag-novo-pac","tag-obras","tag-reindustrializacao","tag-rodrigo-pacheco","tag-rosa-weber","tag-tarcisio-de-freitas"],"yoast_head":"<!-- This site is optimized with the Yoast SEO Premium plugin v25.4 (Yoast SEO v26.0) - https:\/\/yoast.com\/wordpress\/plugins\/seo\/ -->\n<title>Lula prega uni\u00e3o e quer reuni\u00e3o com governadores para discutir obras priorit\u00e1rias nos estados - Ag\u00eancia iNFRA<\/title>\n<meta name=\"robots\" content=\"index, follow, max-snippet:-1, max-image-preview:large, max-video-preview:-1\" \/>\n<link rel=\"canonical\" href=\"https:\/\/agenciainfra.com\/blog\/lula-prega-uniao-e-quer-reuniao-com-governadores-para-discutir-obras-prioritarias-nos-estados\/\" \/>\n<meta property=\"og:locale\" content=\"pt_BR\" \/>\n<meta property=\"og:type\" content=\"article\" \/>\n<meta property=\"og:title\" content=\"Lula prega uni\u00e3o e quer reuni\u00e3o com governadores para discutir obras priorit\u00e1rias nos estados\" \/>\n<meta property=\"og:description\" content=\"da Ag\u00eancia iNFRA O ex-presidente Luiz In\u00e1cio Lula da Silva (PT) venceu as elei\u00e7\u00f5es deste domingo (30). Com pouco mais de dois milh\u00f5es de votos de vantagem (1,8% a mais de votos v\u00e1lidos) sobre seu advers\u00e1rio, o atual presidente da Rep\u00fablica, Jair Bolsonaro (PL), Lula voltar\u00e1 em janeiro a governar um pa\u00eds dividido. Em seu [&hellip;]\" \/>\n<meta property=\"og:url\" content=\"https:\/\/agenciainfra.com\/blog\/lula-prega-uniao-e-quer-reuniao-com-governadores-para-discutir-obras-prioritarias-nos-estados\/\" \/>\n<meta property=\"og:site_name\" content=\"Ag\u00eancia iNFRA\" \/>\n<meta property=\"article:publisher\" content=\"https:\/\/www.facebook.com\/ageninfra\" \/>\n<meta property=\"article:published_time\" content=\"2022-10-31T12:00:00+00:00\" \/>\n<meta property=\"article:modified_time\" content=\"2022-11-04T13:01:39+00:00\" \/>\n<meta property=\"og:image\" content=\"https:\/\/agenciainfra.com\/blog\/wp-content\/uploads\/2022\/10\/lula-eleito-2022-foto-ricardo-stuckert-pt.jpeg.png\" \/>\n\t<meta property=\"og:image:width\" content=\"1280\" \/>\n\t<meta property=\"og:image:height\" content=\"854\" \/>\n\t<meta property=\"og:image:type\" content=\"image\/png\" \/>\n<meta name=\"author\" content=\"Ag\u00eancia iNFRA\" \/>\n<meta name=\"twitter:card\" content=\"summary_large_image\" \/>\n<meta name=\"twitter:creator\" content=\"@agencia_infra\" \/>\n<meta name=\"twitter:site\" content=\"@agencia_infra\" \/>\n<meta name=\"twitter:label1\" content=\"Escrito por\" \/>\n\t<meta name=\"twitter:data1\" content=\"Ag\u00eancia iNFRA\" \/>\n\t<meta name=\"twitter:label2\" content=\"Est. tempo de leitura\" \/>\n\t<meta name=\"twitter:data2\" content=\"3 minutos\" \/>\n<script type=\"application\/ld+json\" class=\"yoast-schema-graph\">{\"@context\":\"https:\/\/schema.org\",\"@graph\":[{\"@type\":\"Article\",\"@id\":\"https:\/\/agenciainfra.com\/blog\/lula-prega-uniao-e-quer-reuniao-com-governadores-para-discutir-obras-prioritarias-nos-estados\/#article\",\"isPartOf\":{\"@id\":\"https:\/\/agenciainfra.com\/blog\/lula-prega-uniao-e-quer-reuniao-com-governadores-para-discutir-obras-prioritarias-nos-estados\/\"},\"author\":{\"name\":\"Ag\u00eancia iNFRA\",\"@id\":\"https:\/\/agenciainfra.com\/blog\/#\/schema\/person\/34af08dff6adea4cb22b06612ba7acfa\"},\"headline\":\"Lula prega uni\u00e3o e quer reuni\u00e3o com governadores para discutir obras priorit\u00e1rias nos estados\",\"datePublished\":\"2022-10-31T12:00:00+00:00\",\"dateModified\":\"2022-11-04T13:01:39+00:00\",\"mainEntityOfPage\":{\"@id\":\"https:\/\/agenciainfra.com\/blog\/lula-prega-uniao-e-quer-reuniao-com-governadores-para-discutir-obras-prioritarias-nos-estados\/\"},\"wordCount\":682,\"publisher\":{\"@id\":\"https:\/\/agenciainfra.com\/blog\/#organization\"},\"image\":{\"@id\":\"https:\/\/agenciainfra.com\/blog\/lula-prega-uniao-e-quer-reuniao-com-governadores-para-discutir-obras-prioritarias-nos-estados\/#primaryimage\"},\"thumbnailUrl\":\"https:\/\/agenciainfra.com\/blog\/wp-content\/uploads\/2022\/10\/lula-eleito-2022-foto-ricardo-stuckert-pt.jpeg.png\",\"keywords\":[\"Alberto Fern\u00e1ndez\",\"Alexandre de Moraes\",\"Arthur Lira\",\"Bolsonaro\",\"economia verde\",\"Elei\u00e7\u00f5es 2022\",\"Emmanuel Macron\",\"Infraestrutura\",\"Investimentos\",\"Joe Biden\",\"Lula\",\"Minha Casa Minha Vida\",\"Novo PAC\",\"obras\",\"reindustrializa\u00e7\u00e3o\",\"Rodrigo Pacheco\",\"Rosa Weber\",\"Tarc\u00edsio de Freitas\"],\"articleSection\":[\"Geral\",\"iNFRATransporte\"],\"inLanguage\":\"pt-BR\",\"copyrightYear\":\"2022\",\"copyrightHolder\":{\"@id\":\"https:\/\/agenciainfra.com\/blog\/#organization\"}},{\"@type\":\"WebPage\",\"@id\":\"https:\/\/agenciainfra.com\/blog\/lula-prega-uniao-e-quer-reuniao-com-governadores-para-discutir-obras-prioritarias-nos-estados\/\",\"url\":\"https:\/\/agenciainfra.com\/blog\/lula-prega-uniao-e-quer-reuniao-com-governadores-para-discutir-obras-prioritarias-nos-estados\/\",\"name\":\"Lula prega uni\u00e3o e quer reuni\u00e3o com governadores para discutir obras priorit\u00e1rias nos estados - Ag\u00eancia iNFRA\",\"isPartOf\":{\"@id\":\"https:\/\/agenciainfra.com\/blog\/#website\"},\"primaryImageOfPage\":{\"@id\":\"https:\/\/agenciainfra.com\/blog\/lula-prega-uniao-e-quer-reuniao-com-governadores-para-discutir-obras-prioritarias-nos-estados\/#primaryimage\"},\"image\":{\"@id\":\"https:\/\/agenciainfra.com\/blog\/lula-prega-uniao-e-quer-reuniao-com-governadores-para-discutir-obras-prioritarias-nos-estados\/#primaryimage\"},\"thumbnailUrl\":\"https:\/\/agenciainfra.com\/blog\/wp-content\/uploads\/2022\/10\/lula-eleito-2022-foto-ricardo-stuckert-pt.jpeg.png\",\"datePublished\":\"2022-10-31T12:00:00+00:00\",\"dateModified\":\"2022-11-04T13:01:39+00:00\",\"breadcrumb\":{\"@id\":\"https:\/\/agenciainfra.com\/blog\/lula-prega-uniao-e-quer-reuniao-com-governadores-para-discutir-obras-prioritarias-nos-estados\/#breadcrumb\"},\"inLanguage\":\"pt-BR\",\"potentialAction\":[{\"@type\":\"ReadAction\",\"target\":[\"https:\/\/agenciainfra.com\/blog\/lula-prega-uniao-e-quer-reuniao-com-governadores-para-discutir-obras-prioritarias-nos-estados\/\"]}]},{\"@type\":\"ImageObject\",\"inLanguage\":\"pt-BR\",\"@id\":\"https:\/\/agenciainfra.com\/blog\/lula-prega-uniao-e-quer-reuniao-com-governadores-para-discutir-obras-prioritarias-nos-estados\/#primaryimage\",\"url\":\"https:\/\/agenciainfra.com\/blog\/wp-content\/uploads\/2022\/10\/lula-eleito-2022-foto-ricardo-stuckert-pt.jpeg.png\",\"contentUrl\":\"https:\/\/agenciainfra.com\/blog\/wp-content\/uploads\/2022\/10\/lula-eleito-2022-foto-ricardo-stuckert-pt.jpeg.png\",\"width\":1280,\"height\":854},{\"@type\":\"BreadcrumbList\",\"@id\":\"https:\/\/agenciainfra.com\/blog\/lula-prega-uniao-e-quer-reuniao-com-governadores-para-discutir-obras-prioritarias-nos-estados\/#breadcrumb\",\"itemListElement\":[{\"@type\":\"ListItem\",\"position\":1,\"name\":\"In\u00edcio\",\"item\":\"https:\/\/agenciainfra.com\/blog\/\"},{\"@type\":\"ListItem\",\"position\":2,\"name\":\"Lula prega uni\u00e3o e quer reuni\u00e3o com governadores para discutir obras priorit\u00e1rias nos estados\"}]},{\"@type\":\"WebSite\",\"@id\":\"https:\/\/agenciainfra.com\/blog\/#website\",\"url\":\"https:\/\/agenciainfra.com\/blog\/\",\"name\":\"Ag\u00eancia iNFRA\",\"description\":\"Multiplataforma de informa\u00e7\u00e3o jornal\u00edstica refer\u00eancia na \u00e1rea de infraestrutura no Brasil!\",\"publisher\":{\"@id\":\"https:\/\/agenciainfra.com\/blog\/#organization\"},\"potentialAction\":[{\"@type\":\"SearchAction\",\"target\":{\"@type\":\"EntryPoint\",\"urlTemplate\":\"https:\/\/agenciainfra.com\/blog\/?s={search_term_string}\"},\"query-input\":{\"@type\":\"PropertyValueSpecification\",\"valueRequired\":true,\"valueName\":\"search_term_string\"}}],\"inLanguage\":\"pt-BR\"},{\"@type\":\"Organization\",\"@id\":\"https:\/\/agenciainfra.com\/blog\/#organization\",\"name\":\"Ag\u00eancia iNFRA\",\"url\":\"https:\/\/agenciainfra.com\/blog\/\",\"logo\":{\"@type\":\"ImageObject\",\"inLanguage\":\"pt-BR\",\"@id\":\"https:\/\/agenciainfra.com\/blog\/#\/schema\/logo\/image\/\",\"url\":\"https:\/\/agenciainfra.com\/blog\/wp-content\/uploads\/2023\/09\/iNFRA_5-e1761735885940.png\",\"contentUrl\":\"https:\/\/agenciainfra.com\/blog\/wp-content\/uploads\/2023\/09\/iNFRA_5-e1761735885940.png\",\"width\":1672,\"height\":454,\"caption\":\"Ag\u00eancia iNFRA\"},\"image\":{\"@id\":\"https:\/\/agenciainfra.com\/blog\/#\/schema\/logo\/image\/\"},\"sameAs\":[\"https:\/\/www.facebook.com\/ageninfra\",\"https:\/\/x.com\/agencia_infra\",\"https:\/\/www.linkedin.com\/company\/ag\u00eanciainfra\/\",\"https:\/\/www.instagram.com\/agenciainfra\/\"]},{\"@type\":\"Person\",\"@id\":\"https:\/\/agenciainfra.com\/blog\/#\/schema\/person\/34af08dff6adea4cb22b06612ba7acfa\",\"name\":\"Ag\u00eancia iNFRA\",\"image\":{\"@type\":\"ImageObject\",\"inLanguage\":\"pt-BR\",\"@id\":\"https:\/\/agenciainfra.com\/blog\/#\/schema\/person\/image\/\",\"url\":\"https:\/\/secure.gravatar.com\/avatar\/d189e01678f06d8eb84d4e01f08eb848b3fffe3f8443818d3c356c66892f5be8?s=96&d=mm&r=g\",\"contentUrl\":\"https:\/\/secure.gravatar.com\/avatar\/d189e01678f06d8eb84d4e01f08eb848b3fffe3f8443818d3c356c66892f5be8?s=96&d=mm&r=g\",\"caption\":\"Ag\u00eancia iNFRA\"},\"url\":\"https:\/\/agenciainfra.com\/blog\/author\/admin\/\"}]}<\/script>\n<!-- \/ Yoast SEO Premium plugin. -->","yoast_head_json":{"title":"Lula prega uni\u00e3o e quer reuni\u00e3o com governadores para discutir obras priorit\u00e1rias nos estados - Ag\u00eancia iNFRA","robots":{"index":"index","follow":"follow","max-snippet":"max-snippet:-1","max-image-preview":"max-image-preview:large","max-video-preview":"max-video-preview:-1"},"canonical":"https:\/\/agenciainfra.com\/blog\/lula-prega-uniao-e-quer-reuniao-com-governadores-para-discutir-obras-prioritarias-nos-estados\/","og_locale":"pt_BR","og_type":"article","og_title":"Lula prega uni\u00e3o e quer reuni\u00e3o com governadores para discutir obras priorit\u00e1rias nos estados","og_description":"da Ag\u00eancia iNFRA O ex-presidente Luiz In\u00e1cio Lula da Silva (PT) venceu as elei\u00e7\u00f5es deste domingo (30). Com pouco mais de dois milh\u00f5es de votos de vantagem (1,8% a mais de votos v\u00e1lidos) sobre seu advers\u00e1rio, o atual presidente da Rep\u00fablica, Jair Bolsonaro (PL), Lula voltar\u00e1 em janeiro a governar um pa\u00eds dividido. Em seu [&hellip;]","og_url":"https:\/\/agenciainfra.com\/blog\/lula-prega-uniao-e-quer-reuniao-com-governadores-para-discutir-obras-prioritarias-nos-estados\/","og_site_name":"Ag\u00eancia iNFRA","article_publisher":"https:\/\/www.facebook.com\/ageninfra","article_published_time":"2022-10-31T12:00:00+00:00","article_modified_time":"2022-11-04T13:01:39+00:00","og_image":[{"width":1280,"height":854,"url":"https:\/\/agenciainfra.com\/blog\/wp-content\/uploads\/2022\/10\/lula-eleito-2022-foto-ricardo-stuckert-pt.jpeg.png","type":"image\/png"}],"author":"Ag\u00eancia iNFRA","twitter_card":"summary_large_image","twitter_creator":"@agencia_infra","twitter_site":"@agencia_infra","twitter_misc":{"Escrito por":"Ag\u00eancia iNFRA","Est. tempo de leitura":"3 minutos"},"schema":{"@context":"https:\/\/schema.org","@graph":[{"@type":"Article","@id":"https:\/\/agenciainfra.com\/blog\/lula-prega-uniao-e-quer-reuniao-com-governadores-para-discutir-obras-prioritarias-nos-estados\/#article","isPartOf":{"@id":"https:\/\/agenciainfra.com\/blog\/lula-prega-uniao-e-quer-reuniao-com-governadores-para-discutir-obras-prioritarias-nos-estados\/"},"author":{"name":"Ag\u00eancia iNFRA","@id":"https:\/\/agenciainfra.com\/blog\/#\/schema\/person\/34af08dff6adea4cb22b06612ba7acfa"},"headline":"Lula prega uni\u00e3o e quer reuni\u00e3o com governadores para discutir obras priorit\u00e1rias nos estados","datePublished":"2022-10-31T12:00:00+00:00","dateModified":"2022-11-04T13:01:39+00:00","mainEntityOfPage":{"@id":"https:\/\/agenciainfra.com\/blog\/lula-prega-uniao-e-quer-reuniao-com-governadores-para-discutir-obras-prioritarias-nos-estados\/"},"wordCount":682,"publisher":{"@id":"https:\/\/agenciainfra.com\/blog\/#organization"},"image":{"@id":"https:\/\/agenciainfra.com\/blog\/lula-prega-uniao-e-quer-reuniao-com-governadores-para-discutir-obras-prioritarias-nos-estados\/#primaryimage"},"thumbnailUrl":"https:\/\/agenciainfra.com\/blog\/wp-content\/uploads\/2022\/10\/lula-eleito-2022-foto-ricardo-stuckert-pt.jpeg.png","keywords":["Alberto Fern\u00e1ndez","Alexandre de Moraes","Arthur Lira","Bolsonaro","economia verde","Elei\u00e7\u00f5es 2022","Emmanuel Macron","Infraestrutura","Investimentos","Joe Biden","Lula","Minha Casa Minha Vida","Novo PAC","obras","reindustrializa\u00e7\u00e3o","Rodrigo Pacheco","Rosa Weber","Tarc\u00edsio de Freitas"],"articleSection":["Geral","iNFRATransporte"],"inLanguage":"pt-BR","copyrightYear":"2022","copyrightHolder":{"@id":"https:\/\/agenciainfra.com\/blog\/#organization"}},{"@type":"WebPage","@id":"https:\/\/agenciainfra.com\/blog\/lula-prega-uniao-e-quer-reuniao-com-governadores-para-discutir-obras-prioritarias-nos-estados\/","url":"https:\/\/agenciainfra.com\/blog\/lula-prega-uniao-e-quer-reuniao-com-governadores-para-discutir-obras-prioritarias-nos-estados\/","name":"Lula prega uni\u00e3o e quer reuni\u00e3o com governadores para discutir obras priorit\u00e1rias nos estados - Ag\u00eancia iNFRA","isPartOf":{"@id":"https:\/\/agenciainfra.com\/blog\/#website"},"primaryImageOfPage":{"@id":"https:\/\/agenciainfra.com\/blog\/lula-prega-uniao-e-quer-reuniao-com-governadores-para-discutir-obras-prioritarias-nos-estados\/#primaryimage"},"image":{"@id":"https:\/\/agenciainfra.com\/blog\/lula-prega-uniao-e-quer-reuniao-com-governadores-para-discutir-obras-prioritarias-nos-estados\/#primaryimage"},"thumbnailUrl":"https:\/\/agenciainfra.com\/blog\/wp-content\/uploads\/2022\/10\/lula-eleito-2022-foto-ricardo-stuckert-pt.jpeg.png","datePublished":"2022-10-31T12:00:00+00:00","dateModified":"2022-11-04T13:01:39+00:00","breadcrumb":{"@id":"https:\/\/agenciainfra.com\/blog\/lula-prega-uniao-e-quer-reuniao-com-governadores-para-discutir-obras-prioritarias-nos-estados\/#breadcrumb"},"inLanguage":"pt-BR","potentialAction":[{"@type":"ReadAction","target":["https:\/\/agenciainfra.com\/blog\/lula-prega-uniao-e-quer-reuniao-com-governadores-para-discutir-obras-prioritarias-nos-estados\/"]}]},{"@type":"ImageObject","inLanguage":"pt-BR","@id":"https:\/\/agenciainfra.com\/blog\/lula-prega-uniao-e-quer-reuniao-com-governadores-para-discutir-obras-prioritarias-nos-estados\/#primaryimage","url":"https:\/\/agenciainfra.com\/blog\/wp-content\/uploads\/2022\/10\/lula-eleito-2022-foto-ricardo-stuckert-pt.jpeg.png","contentUrl":"https:\/\/agenciainfra.com\/blog\/wp-content\/uploads\/2022\/10\/lula-eleito-2022-foto-ricardo-stuckert-pt.jpeg.png","width":1280,"height":854},{"@type":"BreadcrumbList","@id":"https:\/\/agenciainfra.com\/blog\/lula-prega-uniao-e-quer-reuniao-com-governadores-para-discutir-obras-prioritarias-nos-estados\/#breadcrumb","itemListElement":[{"@type":"ListItem","position":1,"name":"In\u00edcio","item":"https:\/\/agenciainfra.com\/blog\/"},{"@type":"ListItem","position":2,"name":"Lula prega uni\u00e3o e quer reuni\u00e3o com governadores para discutir obras priorit\u00e1rias nos estados"}]},{"@type":"WebSite","@id":"https:\/\/agenciainfra.com\/blog\/#website","url":"https:\/\/agenciainfra.com\/blog\/","name":"Ag\u00eancia iNFRA","description":"Multiplataforma de informa\u00e7\u00e3o jornal\u00edstica refer\u00eancia na \u00e1rea de infraestrutura no Brasil!","publisher":{"@id":"https:\/\/agenciainfra.com\/blog\/#organization"},"potentialAction":[{"@type":"SearchAction","target":{"@type":"EntryPoint","urlTemplate":"https:\/\/agenciainfra.com\/blog\/?s={search_term_string}"},"query-input":{"@type":"PropertyValueSpecification","valueRequired":true,"valueName":"search_term_string"}}],"inLanguage":"pt-BR"},{"@type":"Organization","@id":"https:\/\/agenciainfra.com\/blog\/#organization","name":"Ag\u00eancia iNFRA","url":"https:\/\/agenciainfra.com\/blog\/","logo":{"@type":"ImageObject","inLanguage":"pt-BR","@id":"https:\/\/agenciainfra.com\/blog\/#\/schema\/logo\/image\/","url":"https:\/\/agenciainfra.com\/blog\/wp-content\/uploads\/2023\/09\/iNFRA_5-e1761735885940.png","contentUrl":"https:\/\/agenciainfra.com\/blog\/wp-content\/uploads\/2023\/09\/iNFRA_5-e1761735885940.png","width":1672,"height":454,"caption":"Ag\u00eancia iNFRA"},"image":{"@id":"https:\/\/agenciainfra.com\/blog\/#\/schema\/logo\/image\/"},"sameAs":["https:\/\/www.facebook.com\/ageninfra","https:\/\/x.com\/agencia_infra","https:\/\/www.linkedin.com\/company\/ag\u00eanciainfra\/","https:\/\/www.instagram.com\/agenciainfra\/"]},{"@type":"Person","@id":"https:\/\/agenciainfra.com\/blog\/#\/schema\/person\/34af08dff6adea4cb22b06612ba7acfa","name":"Ag\u00eancia iNFRA","image":{"@type":"ImageObject","inLanguage":"pt-BR","@id":"https:\/\/agenciainfra.com\/blog\/#\/schema\/person\/image\/","url":"https:\/\/secure.gravatar.com\/avatar\/d189e01678f06d8eb84d4e01f08eb848b3fffe3f8443818d3c356c66892f5be8?s=96&d=mm&r=g","contentUrl":"https:\/\/secure.gravatar.com\/avatar\/d189e01678f06d8eb84d4e01f08eb848b3fffe3f8443818d3c356c66892f5be8?s=96&d=mm&r=g","caption":"Ag\u00eancia iNFRA"},"url":"https:\/\/agenciainfra.com\/blog\/author\/admin\/"}]}},"_links":{"self":[{"href":"https:\/\/agenciainfra.com\/blog\/wp-json\/wp\/v2\/posts\/11600","targetHints":{"allow":["GET"]}}],"collection":[{"href":"https:\/\/agenciainfra.com\/blog\/wp-json\/wp\/v2\/posts"}],"about":[{"href":"https:\/\/agenciainfra.com\/blog\/wp-json\/wp\/v2\/types\/post"}],"author":[{"embeddable":true,"href":"https:\/\/agenciainfra.com\/blog\/wp-json\/wp\/v2\/users\/1"}],"replies":[{"embeddable":true,"href":"https:\/\/agenciainfra.com\/blog\/wp-json\/wp\/v2\/comments?post=11600"}],"version-history":[{"count":0,"href":"https:\/\/agenciainfra.com\/blog\/wp-json\/wp\/v2\/posts\/11600\/revisions"}],"wp:featuredmedia":[{"embeddable":true,"href":"https:\/\/agenciainfra.com\/blog\/wp-json\/wp\/v2\/media\/11601"}],"wp:attachment":[{"href":"https:\/\/agenciainfra.com\/blog\/wp-json\/wp\/v2\/media?parent=11600"}],"wp:term":[{"taxonomy":"category","embeddable":true,"href":"https:\/\/agenciainfra.com\/blog\/wp-json\/wp\/v2\/categories?post=11600"},{"taxonomy":"post_tag","embeddable":true,"href":"https:\/\/agenciainfra.com\/blog\/wp-json\/wp\/v2\/tags?post=11600"}],"curies":[{"name":"wp","href":"https:\/\/api.w.org\/{rel}","templated":true}]}}