{"id":11603,"date":"2022-10-31T11:00:00","date_gmt":"2022-10-31T14:00:00","guid":{"rendered":"https:\/\/www.agenciainfra.com\/blog\/?p=11603"},"modified":"2022-11-04T10:01:21","modified_gmt":"2022-11-04T13:01:21","slug":"infradebate-o-icms-sobre-o-fornecimento-de-combustivel-de-aviacao","status":"publish","type":"post","link":"https:\/\/agenciainfra.com\/blog\/infradebate-o-icms-sobre-o-fornecimento-de-combustivel-de-aviacao\/","title":{"rendered":"iNFRADebate: O ICMS sobre o fornecimento de combust\u00edvel de avia\u00e7\u00e3o"},"content":{"rendered":"\n<p class=\"has-text-align-right\"><strong>Janssen Hiroshi Murayama*, Camila Cristina Magrille Molle** e Mariana Valen\u00e7a Guimar\u00e3es***<\/strong><\/p>\n\n\n\n<p>Comumente, as distribuidoras de combust\u00edveis figuram em dois tipos de opera\u00e7\u00e3o de aliena\u00e7\u00e3o de combust\u00edvel de avia\u00e7\u00e3o: as vendas a revendedores e a venda direta ao consumidor final (nesta hip\u00f3tese, os \u201crevendedores\u201d atuam como prestadores de servi\u00e7o de estocagem e abastecimento).<\/p>\n\n\n\n<p>Diante da complexidade dessa opera\u00e7\u00e3o e do fato de, n\u00e3o raro, ela ser alvo de autua\u00e7\u00f5es fiscais indevidas para a exig\u00eancia do ICMS (Imposto sobre Circula\u00e7\u00e3o de Mercadorias), o presente artigo visa esclarecer a forma e os momentos da incid\u00eancia do referido tributo na cadeia comercial de abastecimento de aeronaves, especialmente nas opera\u00e7\u00f5es realizadas por interm\u00e9dio de \u201crevendedoras\u201d (prestadoras de servi\u00e7os de estocagem e abastecimento).<\/p>\n\n\n\n<p>Tendo em conta as m\u00faltiplas especificidades da avia\u00e7\u00e3o civil, o mercado de combust\u00edvel de avia\u00e7\u00e3o \u00e9 estritamente regulado pelas resolu\u00e7\u00f5es da ANP (Ag\u00eancia Nacional do Petr\u00f3leo, G\u00e1s Natural e Biocombust\u00edveis).<\/p>\n\n\n\n<p>Assim \u00e9 que o abastecimento de aeronaves costuma envolver diversas figuras, com fun\u00e7\u00f5es distintas, destinadas a viabilizar o percurso do combust\u00edvel at\u00e9 o consumidor final (no caso, a companhia a\u00e9rea). S\u00e3o elas: produtores, distribuidores, revendedores e consumidor final, conforme disposto nas Resolu\u00e7\u00f5es ANP 17 e 18\/2006.<\/p>\n\n\n\n<p>No caso das distribuidoras de combust\u00edveis, aplica-se a Resolu\u00e7\u00e3o ANP 17\/2006, a qual estabelece, dentre outras coisas, que elas podem adquirir o combust\u00edvel de produtores, de distribuidores ou no mercado externo<sup>1<\/sup>. Tratando-se de venda, elas podem comercializar o combust\u00edvel de avia\u00e7\u00e3o com outros distribuidores, com revendedores ou, ainda, diretamente com o consumidor final<sup>2<\/sup>.<\/p>\n\n\n\n<p>Conforme incisos II e III do art. 19 da referida resolu\u00e7\u00e3o, s\u00e3o poss\u00edveis duas modalidades de opera\u00e7\u00e3o: na primeira, a distribuidora vende o combust\u00edvel para os revendedores e esses revendem ao consumidor final, ocasi\u00e3o em que ocorrem duas opera\u00e7\u00f5es de venda de mercadoria; na segunda, a distribuidora vende diretamente ao consumidor final, ocasi\u00e3o em que ocorre uma \u00fanica venda de mercadoria.\u00a0<\/p>\n\n\n\n<p>Para que ocorra a venda diretamente ao consumidor final, o art. 19, III, da resolu\u00e7\u00e3o em apre\u00e7o determina que a distribuidora disponha de \u201cinstala\u00e7\u00e3o de tancagem localizada em Parque de Abastecimento de Aeronaves (PAA)\u201d.<\/p>\n\n\n\n<p>Por sua vez, o art. 21 da resolu\u00e7\u00e3o<sup>3<\/sup> autoriza que a venda diretamente ao consumidor final seja feita mediante servi\u00e7os intermediados pelo revendedor autorizado.<\/p>\n\n\n\n<p>Assim, eventualmente, a contrata\u00e7\u00e3o do servi\u00e7o de estocagem e abastecimento do revendedor pode ser necess\u00e1ria, uma vez que, pelas normas da ANP, o distribuidor somente poder\u00e1 efetuar a venda direta ao consumidor final caso tenha uma instala\u00e7\u00e3o de tancagem localizada em um PAA.<\/p>\n\n\n\n<p>Caso a distribuidora de combust\u00edvel n\u00e3o possua um PAA, acaba por eventualmente utilizar as instala\u00e7\u00f5es dos pr\u00f3prios revendedores de combust\u00edveis autorizados, contratando-os especificamente para o servi\u00e7o de estocagem e abastecimento do combust\u00edvel ao consumidor final, conforme autorizado pela Resolu\u00e7\u00e3o ANP 17\/2006.<\/p>\n\n\n\n<p>\u00c9 exatamente sobre esses casos a controv\u00e9rsia envolvendo o setor de combust\u00edveis e as Fazendas P\u00fablicas estaduais e distrital, j\u00e1 que o Fisco exige o ICMS sobre o que entende ter sido uma nova venda em raz\u00e3o da qual deveria ser recolhido o imposto.<\/p>\n\n\n\n<p>Neste sentido, o esclarecimento de como ocorre a venda direta at\u00e9 chegar ao consumidor final, juntamente com as normas institu\u00eddas pela ANP sobre a cadeia de combust\u00edveis, \u00e9 de extrema import\u00e2ncia para demonstrar a ilegalidade da exig\u00eancia do ICMS sobre as opera\u00e7\u00f5es desta natureza.<\/p>\n\n\n\n<p>Isso porque, no caso da venda direta ao consumidor final, ocorre uma \u00fanica transfer\u00eancia de mercadoria, na medida em que a remessa ao \u201crevendedor\u201d (prestador de servi\u00e7os) ocorre apenas para fins da presta\u00e7\u00e3o de servi\u00e7o de estocagem dos combust\u00edveis e abastecimento final das aeronaves \u2013 provid\u00eancia necess\u00e1ria nas localidades onde a distribuidora n\u00e3o possui estabelecimento pr\u00f3prio \u2013, n\u00e3o havendo que se falar em duas vendas.&nbsp;<\/p>\n\n\n\n<p>Em outras palavras, nessa opera\u00e7\u00e3o o \u201crevendedor\u201d autorizado \u00e9 mero prestador de servi\u00e7os, que n\u00e3o participa da opera\u00e7\u00e3o de compra e venda: n\u00e3o h\u00e1, pois, circula\u00e7\u00e3o econ\u00f4mica de mercadoria com intuito lucrativo apta a ensejar a incid\u00eancia do ICMS na remessa do combust\u00edvel pela distribuidora ao \u201crevendedor\u201d (prestador de servi\u00e7os), mas apenas na venda ao consumidor final.<\/p>\n\n\n\n<p>O grande problema \u00e9 que a grande maioria dos regulamentos estaduais do ICMS n\u00e3o permite o registro da venda do combust\u00edvel da distribuidora ao consumidor final quando utilizado o \u201crevendedor\u201d autorizado como intermediador \u2013 apenas para a presta\u00e7\u00e3o dos servi\u00e7os de estocagem e abastecimento das aeronaves \u2013, pois o \u201crevendedor\u201d (prestador de servi\u00e7os) n\u00e3o pode emitir nota fiscal de venda sobre o servi\u00e7o de abastecimento de combust\u00edvel, pelo simples fato de n\u00e3o ter ocorrido qualquer venda nesta etapa da cadeia operacional, mas apenas presta\u00e7\u00e3o de servi\u00e7o.<\/p>\n\n\n\n<p>Assim, ao n\u00e3o observar os fatos e neg\u00f3cios jur\u00eddicos subjacentes ao crit\u00e9rio material da hip\u00f3tese de incid\u00eancia do ICMS acerca da venda de combust\u00edvel de avia\u00e7\u00e3o diretamente ao consumidor nos moldes do art. 19, III, da Resolu\u00e7\u00e3o ANP 17\/2006, o fisco tributa uma venda que na verdade n\u00e3o ocorreu (e nem ocorrer\u00e1), que \u00e9 a remessa do combust\u00edvel da distribuidora para o \u201crevendedor\u201d (prestador de servi\u00e7os).<\/p>\n\n\n\n<p>Desse modo, nas hip\u00f3teses de venda direta do distribuidor ao consumidor final por interm\u00e9dio do \u201crevendedor\u201d (prestador de servi\u00e7os), \u00e9 certo que n\u00e3o ocorrem \u201copera\u00e7\u00f5es subsequentes\u201d aptas a justificar mais de uma incid\u00eancia do ICMS, havendo apenas a opera\u00e7\u00e3o de venda do combust\u00edvel da distribuidora ao consumidor final (companhia a\u00e9rea).<\/p>\n\n\n\n<p>Nota-se que a legalidade dessa modalidade de venda direta ao consumidor final \u00e9 n\u00e3o apenas permitida pelas normas reguladoras do setor de combust\u00edveis (ANP), mas tamb\u00e9m delas decorrente, n\u00e3o havendo, assim, qualquer irregularidade na opera\u00e7\u00e3o.<\/p>\n\n\n\n<p>N\u00e3o obstante, as distribuidoras de combust\u00edveis permanecem sujeitas \u00e0s autua\u00e7\u00f5es, muitas vezes de valores exorbitantes, lavradas pelos Fiscos estaduais e distrital como resultado do n\u00e3o reconhecimento da referida opera\u00e7\u00e3o, a qual \u00e9 permitida pelo \u00f3rg\u00e3o federal competente.<\/p>\n\n\n\n<p>Pende, pois, a profunda adequa\u00e7\u00e3o dos regulamentos do ICMS dos estados e do Distrito Federal para que reflitam a realidade das opera\u00e7\u00f5es efetivamente praticadas pelas distribuidoras de combust\u00edveis neste cen\u00e1rio, a fim de que sua tributa\u00e7\u00e3o se d\u00ea nos limites da hip\u00f3tese de incid\u00eancia do ICMS, prevista constitucionalmente.<\/p>\n\n\n\n<p>Nas hip\u00f3teses em que a distribuidora n\u00e3o disp\u00f5e de PAA nos aeroportos, a venda de combust\u00edveis por ela realizada diretamente ao consumidor final (companhia a\u00e9rea) somente pode ser concretizada por interm\u00e9dio do \u201crevendedor\u201d autorizado (prestador de servi\u00e7os de estocagem e abastecimento).<\/p>\n\n\n\n<p>Contudo, o ato de remessa do combust\u00edvel ao \u201crevendedor\u201d (prestador de servi\u00e7o) n\u00e3o \u00e9 circula\u00e7\u00e3o de mercadoria com intuito de mercancia e, assim, n\u00e3o se sujeita ao ICMS, consistindo apenas em uma etapa obrigat\u00f3ria da \u00fanica aliena\u00e7\u00e3o efetivamente tribut\u00e1vel na referida cadeia comercial, qual seja a venda feita pela distribuidora ao consumidor final.<\/p>\n\n\n\n<p>Espera-se, assim, que as Fazendas estaduais e distrital promovam a adequa\u00e7\u00e3o de suas legisla\u00e7\u00f5es relativas ao ICMS nas opera\u00e7\u00f5es desta natureza, de modo a possibilitar a converg\u00eancia entre a realidade dos atos comerciais praticados e as obriga\u00e7\u00f5es instrumentais demonstrativas da incid\u00eancia do imposto, evitando a autua\u00e7\u00e3o ilegal do contribuinte e trazendo mais seguran\u00e7a jur\u00eddica para todo o setor de distribui\u00e7\u00e3o de combust\u00edveis.<\/p>\n\n\n\n<h6 class=\"wp-block-heading\" id=\"block-aa9ff8cf-f9c2-435f-85ff-56a599c37bc9\">1 &#8220;Art. 17. O distribuidor somente poder\u00e1 adquirir combust\u00edveis de avia\u00e7\u00e3o:<br>I &#8211; <meta charset=\"utf-8\">de produtor nacional ou de importador, autorizado pela ANP;<br><meta charset=\"utf-8\">II &#8211; diretamente no mercado externo, quando se encontrar autorizado para o exerc\u00edcio da atividade de importa\u00e7\u00e3o de combust\u00edveis de avia\u00e7\u00e3o; e<br>III &#8211; de outro distribuidor de combust\u00edveis de avia\u00e7\u00e3o autorizado pela ANP.<br>Par\u00e1grafo \u00fanico. \u00c9 vedada a importa\u00e7\u00e3o de QAV-C.\u201d<\/h6>\n\n\n\n<h6 class=\"wp-block-heading\" id=\"block-aa9ff8cf-f9c2-435f-85ff-56a599c37bc9\">2 <meta charset=\"utf-8\">\u201cArt. 19. Ao distribuir, somente ser\u00e1 permitida a comercializa\u00e7\u00e3o de combust\u00edveis de avia\u00e7\u00e3o com:<br>I &#8211; outro distribuidor de combust\u00edveis de avia\u00e7\u00e3o;<br>II &#8211; revendedor vinculado ou independente que possuir instala\u00e7\u00e3o de tancagem localizada em PAA autorizada pela administra\u00e7\u00e3o aeroportu\u00e1ria local a operar, quando instalada em aer\u00f3dromo p\u00fablico, ou pelo propriet\u00e1rio, quando em aer\u00f3dromo privado; e<br>III &#8211; consumidor, para abastecimento de aeronaves, somente em aer\u00f3dromo em que dispuser de instala\u00e7\u00e3o de tancagem localizada em PAA, e para entrega em instala\u00e7\u00e3o de ponto de abastecimento.\u201d<\/h6>\n\n\n\n<h6 class=\"wp-block-heading\" id=\"block-aa9ff8cf-f9c2-435f-85ff-56a599c37bc9\">3 \u201cArt. 21.O distribuidor somente poder\u00e1 comercializar combust\u00edveis de avia\u00e7\u00e3o em localidades onde puder prestar, diretamente ou atrav\u00e9s de revendedor autorizado, controle de qualidade desses produtos e assist\u00eancia t\u00e9cnica ao consumidor.\u201d<\/h6>\n\n\n\n<h6 class=\"wp-block-heading\" id=\"block-aa9ff8cf-f9c2-435f-85ff-56a599c37bc9\"><strong>*Janssen Hiroshi Murayama \u00e9 s\u00f3cio fundador de Murayama &amp; Affonso Ferreira Advogados. Graduado em Direito e Ci\u00eancias Cont\u00e1beis pela Uerj (Universidade do Estado do Rio de Janeiro), p\u00f3s-graduado em Direito Tribut\u00e1rio, pelo Ibet (Instituto Brasileiro de Estudos Tribut\u00e1rios) e mestre em Direito Tribut\u00e1rio pela Uerj.<\/strong><\/h6>\n\n\n\n<h6 class=\"wp-block-heading\" id=\"block-aa9ff8cf-f9c2-435f-85ff-56a599c37bc9\"><strong>**Camila Cristina Magrille Molle \u00e9 advogada em Murayama &amp; Affonso Ferreira Advogados. Graduada em Direito pela UFRJ (Universidade Federal do Rio de Janeiro). P\u00f3s-graduada em Direito Tribut\u00e1rio pela Universidade C\u00e2ndido Mendes. Extens\u00e3o em Contabilidade Geral e Tribut\u00e1ria pela FGV (Funda\u00e7\u00e3o Getulio Vargas).<\/strong><\/h6>\n\n\n\n<h6 class=\"wp-block-heading\" id=\"block-aa9ff8cf-f9c2-435f-85ff-56a599c37bc9\"><strong>***Mariana Valen\u00e7a Guimar\u00e3es \u00e9 advogada em Murayama &amp; Affonso Ferreira Advogados. Graduada em Direito pelo Ibmec, com LL.M. em Direito Tribut\u00e1rio pela FGV.<\/strong><\/h6>\n\n\n\n<h5 class=\"wp-block-heading\" id=\"block-d67878ff-7627-4f15-b175-8f58269174ff\">O iNFRADebate \u00e9 o espa\u00e7o de artigos da Ag\u00eancia iNFRA com opini\u00f5es de seus atores que n\u00e3o refletem necessariamente o pensamento da Ag\u00eancia iNFRA, sendo de total responsabilidade do autor as informa\u00e7\u00f5es, ju\u00edzos de valor e conceitos descritos no texto.<\/h5>\n","protected":false},"excerpt":{"rendered":"<p>Janssen Hiroshi Murayama*, Camila Cristina Magrille Molle** e Mariana Valen\u00e7a Guimar\u00e3es*** Comumente, as distribuidoras de combust\u00edveis figuram em dois tipos de opera\u00e7\u00e3o de aliena\u00e7\u00e3o de combust\u00edvel de avia\u00e7\u00e3o: as vendas a revendedores e a venda direta ao consumidor final (nesta hip\u00f3tese, os \u201crevendedores\u201d atuam como prestadores de servi\u00e7o de estocagem e abastecimento). Diante da complexidade [&hellip;]<\/p>\n","protected":false},"author":1,"featured_media":11604,"comment_status":"closed","ping_status":"closed","sticky":false,"template":"","format":"standard","meta":{"_monsterinsights_skip_tracking":false,"_monsterinsights_sitenote_active":false,"_monsterinsights_sitenote_note":"","_monsterinsights_sitenote_category":0,"footnotes":""},"categories":[1,11],"tags":[1101,599,5994,314,878,292,1521,5993,5995,2643],"class_list":["post-11603","post","type-post","status-publish","format-standard","has-post-thumbnail","hentry","category-geral","category-infradebate","tag-anp","tag-aviacao-civil","tag-camila-cristina-magrille-molle","tag-combustiveis","tag-combustivel-de-aviacao","tag-distribuidoras","tag-icms","tag-janssen-hiroshi-murayama","tag-mariana-valenca-guimaraes","tag-tributacao"],"yoast_head":"<!-- This site is optimized with the Yoast SEO Premium plugin v25.4 (Yoast SEO v26.0) - https:\/\/yoast.com\/wordpress\/plugins\/seo\/ -->\n<title>iNFRADebate: O ICMS sobre o fornecimento de combust\u00edvel de avia\u00e7\u00e3o - Ag\u00eancia iNFRA<\/title>\n<meta name=\"robots\" content=\"index, follow, max-snippet:-1, max-image-preview:large, max-video-preview:-1\" \/>\n<link rel=\"canonical\" href=\"https:\/\/agenciainfra.com\/blog\/infradebate-o-icms-sobre-o-fornecimento-de-combustivel-de-aviacao\/\" \/>\n<meta property=\"og:locale\" content=\"pt_BR\" \/>\n<meta property=\"og:type\" content=\"article\" \/>\n<meta property=\"og:title\" content=\"iNFRADebate: O ICMS sobre o fornecimento de combust\u00edvel de avia\u00e7\u00e3o\" \/>\n<meta property=\"og:description\" content=\"Janssen Hiroshi Murayama*, Camila Cristina Magrille Molle** e Mariana Valen\u00e7a Guimar\u00e3es*** Comumente, as distribuidoras de combust\u00edveis figuram em dois tipos de opera\u00e7\u00e3o de aliena\u00e7\u00e3o de combust\u00edvel de avia\u00e7\u00e3o: as vendas a revendedores e a venda direta ao consumidor final (nesta hip\u00f3tese, os \u201crevendedores\u201d atuam como prestadores de servi\u00e7o de estocagem e abastecimento). Diante da complexidade [&hellip;]\" \/>\n<meta property=\"og:url\" content=\"https:\/\/agenciainfra.com\/blog\/infradebate-o-icms-sobre-o-fornecimento-de-combustivel-de-aviacao\/\" \/>\n<meta property=\"og:site_name\" content=\"Ag\u00eancia iNFRA\" \/>\n<meta property=\"article:publisher\" content=\"https:\/\/www.facebook.com\/ageninfra\" \/>\n<meta property=\"article:published_time\" content=\"2022-10-31T14:00:00+00:00\" \/>\n<meta property=\"article:modified_time\" content=\"2022-11-04T13:01:21+00:00\" \/>\n<meta property=\"og:image\" content=\"https:\/\/agenciainfra.com\/blog\/wp-content\/uploads\/2022\/10\/janssen-murayama-camila-molle-mariana-guimaraes-foto-divulgacao.png\" \/>\n\t<meta property=\"og:image:width\" content=\"1280\" \/>\n\t<meta property=\"og:image:height\" content=\"805\" \/>\n\t<meta property=\"og:image:type\" content=\"image\/png\" \/>\n<meta name=\"author\" content=\"Ag\u00eancia iNFRA\" \/>\n<meta name=\"twitter:card\" content=\"summary_large_image\" \/>\n<meta name=\"twitter:creator\" content=\"@agencia_infra\" \/>\n<meta name=\"twitter:site\" content=\"@agencia_infra\" \/>\n<meta name=\"twitter:label1\" content=\"Escrito por\" \/>\n\t<meta name=\"twitter:data1\" content=\"Ag\u00eancia iNFRA\" \/>\n\t<meta name=\"twitter:label2\" content=\"Est. tempo de leitura\" \/>\n\t<meta name=\"twitter:data2\" content=\"8 minutos\" \/>\n<script type=\"application\/ld+json\" class=\"yoast-schema-graph\">{\"@context\":\"https:\/\/schema.org\",\"@graph\":[{\"@type\":\"Article\",\"@id\":\"https:\/\/agenciainfra.com\/blog\/infradebate-o-icms-sobre-o-fornecimento-de-combustivel-de-aviacao\/#article\",\"isPartOf\":{\"@id\":\"https:\/\/agenciainfra.com\/blog\/infradebate-o-icms-sobre-o-fornecimento-de-combustivel-de-aviacao\/\"},\"author\":{\"name\":\"Ag\u00eancia iNFRA\",\"@id\":\"https:\/\/agenciainfra.com\/blog\/#\/schema\/person\/34af08dff6adea4cb22b06612ba7acfa\"},\"headline\":\"iNFRADebate: O ICMS sobre o fornecimento de combust\u00edvel de avia\u00e7\u00e3o\",\"datePublished\":\"2022-10-31T14:00:00+00:00\",\"dateModified\":\"2022-11-04T13:01:21+00:00\",\"mainEntityOfPage\":{\"@id\":\"https:\/\/agenciainfra.com\/blog\/infradebate-o-icms-sobre-o-fornecimento-de-combustivel-de-aviacao\/\"},\"wordCount\":1666,\"publisher\":{\"@id\":\"https:\/\/agenciainfra.com\/blog\/#organization\"},\"image\":{\"@id\":\"https:\/\/agenciainfra.com\/blog\/infradebate-o-icms-sobre-o-fornecimento-de-combustivel-de-aviacao\/#primaryimage\"},\"thumbnailUrl\":\"https:\/\/agenciainfra.com\/blog\/wp-content\/uploads\/2022\/10\/janssen-murayama-camila-molle-mariana-guimaraes-foto-divulgacao.png\",\"keywords\":[\"ANP\",\"avia\u00e7\u00e3o civil\",\"Camila Cristina Magrille Molle\",\"combust\u00edveis\",\"combust\u00edvel de avia\u00e7\u00e3o\",\"distribuidoras\",\"ICMS\",\"Janssen Hiroshi Murayama\",\"Mariana Valen\u00e7a Guimar\u00e3es\",\"tributa\u00e7\u00e3o\"],\"articleSection\":[\"Geral\",\"iNFRADebate\"],\"inLanguage\":\"pt-BR\",\"copyrightYear\":\"2022\",\"copyrightHolder\":{\"@id\":\"https:\/\/agenciainfra.com\/blog\/#organization\"}},{\"@type\":\"WebPage\",\"@id\":\"https:\/\/agenciainfra.com\/blog\/infradebate-o-icms-sobre-o-fornecimento-de-combustivel-de-aviacao\/\",\"url\":\"https:\/\/agenciainfra.com\/blog\/infradebate-o-icms-sobre-o-fornecimento-de-combustivel-de-aviacao\/\",\"name\":\"iNFRADebate: O ICMS sobre o fornecimento de combust\u00edvel de avia\u00e7\u00e3o - Ag\u00eancia iNFRA\",\"isPartOf\":{\"@id\":\"https:\/\/agenciainfra.com\/blog\/#website\"},\"primaryImageOfPage\":{\"@id\":\"https:\/\/agenciainfra.com\/blog\/infradebate-o-icms-sobre-o-fornecimento-de-combustivel-de-aviacao\/#primaryimage\"},\"image\":{\"@id\":\"https:\/\/agenciainfra.com\/blog\/infradebate-o-icms-sobre-o-fornecimento-de-combustivel-de-aviacao\/#primaryimage\"},\"thumbnailUrl\":\"https:\/\/agenciainfra.com\/blog\/wp-content\/uploads\/2022\/10\/janssen-murayama-camila-molle-mariana-guimaraes-foto-divulgacao.png\",\"datePublished\":\"2022-10-31T14:00:00+00:00\",\"dateModified\":\"2022-11-04T13:01:21+00:00\",\"breadcrumb\":{\"@id\":\"https:\/\/agenciainfra.com\/blog\/infradebate-o-icms-sobre-o-fornecimento-de-combustivel-de-aviacao\/#breadcrumb\"},\"inLanguage\":\"pt-BR\",\"potentialAction\":[{\"@type\":\"ReadAction\",\"target\":[\"https:\/\/agenciainfra.com\/blog\/infradebate-o-icms-sobre-o-fornecimento-de-combustivel-de-aviacao\/\"]}]},{\"@type\":\"ImageObject\",\"inLanguage\":\"pt-BR\",\"@id\":\"https:\/\/agenciainfra.com\/blog\/infradebate-o-icms-sobre-o-fornecimento-de-combustivel-de-aviacao\/#primaryimage\",\"url\":\"https:\/\/agenciainfra.com\/blog\/wp-content\/uploads\/2022\/10\/janssen-murayama-camila-molle-mariana-guimaraes-foto-divulgacao.png\",\"contentUrl\":\"https:\/\/agenciainfra.com\/blog\/wp-content\/uploads\/2022\/10\/janssen-murayama-camila-molle-mariana-guimaraes-foto-divulgacao.png\",\"width\":1280,\"height\":805},{\"@type\":\"BreadcrumbList\",\"@id\":\"https:\/\/agenciainfra.com\/blog\/infradebate-o-icms-sobre-o-fornecimento-de-combustivel-de-aviacao\/#breadcrumb\",\"itemListElement\":[{\"@type\":\"ListItem\",\"position\":1,\"name\":\"In\u00edcio\",\"item\":\"https:\/\/agenciainfra.com\/blog\/\"},{\"@type\":\"ListItem\",\"position\":2,\"name\":\"iNFRADebate: O ICMS sobre o fornecimento de combust\u00edvel de avia\u00e7\u00e3o\"}]},{\"@type\":\"WebSite\",\"@id\":\"https:\/\/agenciainfra.com\/blog\/#website\",\"url\":\"https:\/\/agenciainfra.com\/blog\/\",\"name\":\"Ag\u00eancia iNFRA\",\"description\":\"Multiplataforma de informa\u00e7\u00e3o jornal\u00edstica refer\u00eancia na \u00e1rea de infraestrutura no Brasil!\",\"publisher\":{\"@id\":\"https:\/\/agenciainfra.com\/blog\/#organization\"},\"potentialAction\":[{\"@type\":\"SearchAction\",\"target\":{\"@type\":\"EntryPoint\",\"urlTemplate\":\"https:\/\/agenciainfra.com\/blog\/?s={search_term_string}\"},\"query-input\":{\"@type\":\"PropertyValueSpecification\",\"valueRequired\":true,\"valueName\":\"search_term_string\"}}],\"inLanguage\":\"pt-BR\"},{\"@type\":\"Organization\",\"@id\":\"https:\/\/agenciainfra.com\/blog\/#organization\",\"name\":\"Ag\u00eancia iNFRA\",\"url\":\"https:\/\/agenciainfra.com\/blog\/\",\"logo\":{\"@type\":\"ImageObject\",\"inLanguage\":\"pt-BR\",\"@id\":\"https:\/\/agenciainfra.com\/blog\/#\/schema\/logo\/image\/\",\"url\":\"https:\/\/agenciainfra.com\/blog\/wp-content\/uploads\/2023\/09\/iNFRA_5-e1761735885940.png\",\"contentUrl\":\"https:\/\/agenciainfra.com\/blog\/wp-content\/uploads\/2023\/09\/iNFRA_5-e1761735885940.png\",\"width\":1672,\"height\":454,\"caption\":\"Ag\u00eancia iNFRA\"},\"image\":{\"@id\":\"https:\/\/agenciainfra.com\/blog\/#\/schema\/logo\/image\/\"},\"sameAs\":[\"https:\/\/www.facebook.com\/ageninfra\",\"https:\/\/x.com\/agencia_infra\",\"https:\/\/www.linkedin.com\/company\/ag\u00eanciainfra\/\",\"https:\/\/www.instagram.com\/agenciainfra\/\"]},{\"@type\":\"Person\",\"@id\":\"https:\/\/agenciainfra.com\/blog\/#\/schema\/person\/34af08dff6adea4cb22b06612ba7acfa\",\"name\":\"Ag\u00eancia iNFRA\",\"image\":{\"@type\":\"ImageObject\",\"inLanguage\":\"pt-BR\",\"@id\":\"https:\/\/agenciainfra.com\/blog\/#\/schema\/person\/image\/\",\"url\":\"https:\/\/secure.gravatar.com\/avatar\/d189e01678f06d8eb84d4e01f08eb848b3fffe3f8443818d3c356c66892f5be8?s=96&d=mm&r=g\",\"contentUrl\":\"https:\/\/secure.gravatar.com\/avatar\/d189e01678f06d8eb84d4e01f08eb848b3fffe3f8443818d3c356c66892f5be8?s=96&d=mm&r=g\",\"caption\":\"Ag\u00eancia iNFRA\"},\"url\":\"https:\/\/agenciainfra.com\/blog\/author\/admin\/\"}]}<\/script>\n<!-- \/ Yoast SEO Premium plugin. -->","yoast_head_json":{"title":"iNFRADebate: O ICMS sobre o fornecimento de combust\u00edvel de avia\u00e7\u00e3o - Ag\u00eancia iNFRA","robots":{"index":"index","follow":"follow","max-snippet":"max-snippet:-1","max-image-preview":"max-image-preview:large","max-video-preview":"max-video-preview:-1"},"canonical":"https:\/\/agenciainfra.com\/blog\/infradebate-o-icms-sobre-o-fornecimento-de-combustivel-de-aviacao\/","og_locale":"pt_BR","og_type":"article","og_title":"iNFRADebate: O ICMS sobre o fornecimento de combust\u00edvel de avia\u00e7\u00e3o","og_description":"Janssen Hiroshi Murayama*, Camila Cristina Magrille Molle** e Mariana Valen\u00e7a Guimar\u00e3es*** Comumente, as distribuidoras de combust\u00edveis figuram em dois tipos de opera\u00e7\u00e3o de aliena\u00e7\u00e3o de combust\u00edvel de avia\u00e7\u00e3o: as vendas a revendedores e a venda direta ao consumidor final (nesta hip\u00f3tese, os \u201crevendedores\u201d atuam como prestadores de servi\u00e7o de estocagem e abastecimento). Diante da complexidade [&hellip;]","og_url":"https:\/\/agenciainfra.com\/blog\/infradebate-o-icms-sobre-o-fornecimento-de-combustivel-de-aviacao\/","og_site_name":"Ag\u00eancia iNFRA","article_publisher":"https:\/\/www.facebook.com\/ageninfra","article_published_time":"2022-10-31T14:00:00+00:00","article_modified_time":"2022-11-04T13:01:21+00:00","og_image":[{"width":1280,"height":805,"url":"https:\/\/agenciainfra.com\/blog\/wp-content\/uploads\/2022\/10\/janssen-murayama-camila-molle-mariana-guimaraes-foto-divulgacao.png","type":"image\/png"}],"author":"Ag\u00eancia iNFRA","twitter_card":"summary_large_image","twitter_creator":"@agencia_infra","twitter_site":"@agencia_infra","twitter_misc":{"Escrito por":"Ag\u00eancia iNFRA","Est. tempo de leitura":"8 minutos"},"schema":{"@context":"https:\/\/schema.org","@graph":[{"@type":"Article","@id":"https:\/\/agenciainfra.com\/blog\/infradebate-o-icms-sobre-o-fornecimento-de-combustivel-de-aviacao\/#article","isPartOf":{"@id":"https:\/\/agenciainfra.com\/blog\/infradebate-o-icms-sobre-o-fornecimento-de-combustivel-de-aviacao\/"},"author":{"name":"Ag\u00eancia iNFRA","@id":"https:\/\/agenciainfra.com\/blog\/#\/schema\/person\/34af08dff6adea4cb22b06612ba7acfa"},"headline":"iNFRADebate: O ICMS sobre o fornecimento de combust\u00edvel de avia\u00e7\u00e3o","datePublished":"2022-10-31T14:00:00+00:00","dateModified":"2022-11-04T13:01:21+00:00","mainEntityOfPage":{"@id":"https:\/\/agenciainfra.com\/blog\/infradebate-o-icms-sobre-o-fornecimento-de-combustivel-de-aviacao\/"},"wordCount":1666,"publisher":{"@id":"https:\/\/agenciainfra.com\/blog\/#organization"},"image":{"@id":"https:\/\/agenciainfra.com\/blog\/infradebate-o-icms-sobre-o-fornecimento-de-combustivel-de-aviacao\/#primaryimage"},"thumbnailUrl":"https:\/\/agenciainfra.com\/blog\/wp-content\/uploads\/2022\/10\/janssen-murayama-camila-molle-mariana-guimaraes-foto-divulgacao.png","keywords":["ANP","avia\u00e7\u00e3o civil","Camila Cristina Magrille Molle","combust\u00edveis","combust\u00edvel de avia\u00e7\u00e3o","distribuidoras","ICMS","Janssen Hiroshi Murayama","Mariana Valen\u00e7a Guimar\u00e3es","tributa\u00e7\u00e3o"],"articleSection":["Geral","iNFRADebate"],"inLanguage":"pt-BR","copyrightYear":"2022","copyrightHolder":{"@id":"https:\/\/agenciainfra.com\/blog\/#organization"}},{"@type":"WebPage","@id":"https:\/\/agenciainfra.com\/blog\/infradebate-o-icms-sobre-o-fornecimento-de-combustivel-de-aviacao\/","url":"https:\/\/agenciainfra.com\/blog\/infradebate-o-icms-sobre-o-fornecimento-de-combustivel-de-aviacao\/","name":"iNFRADebate: O ICMS sobre o fornecimento de combust\u00edvel de avia\u00e7\u00e3o - Ag\u00eancia iNFRA","isPartOf":{"@id":"https:\/\/agenciainfra.com\/blog\/#website"},"primaryImageOfPage":{"@id":"https:\/\/agenciainfra.com\/blog\/infradebate-o-icms-sobre-o-fornecimento-de-combustivel-de-aviacao\/#primaryimage"},"image":{"@id":"https:\/\/agenciainfra.com\/blog\/infradebate-o-icms-sobre-o-fornecimento-de-combustivel-de-aviacao\/#primaryimage"},"thumbnailUrl":"https:\/\/agenciainfra.com\/blog\/wp-content\/uploads\/2022\/10\/janssen-murayama-camila-molle-mariana-guimaraes-foto-divulgacao.png","datePublished":"2022-10-31T14:00:00+00:00","dateModified":"2022-11-04T13:01:21+00:00","breadcrumb":{"@id":"https:\/\/agenciainfra.com\/blog\/infradebate-o-icms-sobre-o-fornecimento-de-combustivel-de-aviacao\/#breadcrumb"},"inLanguage":"pt-BR","potentialAction":[{"@type":"ReadAction","target":["https:\/\/agenciainfra.com\/blog\/infradebate-o-icms-sobre-o-fornecimento-de-combustivel-de-aviacao\/"]}]},{"@type":"ImageObject","inLanguage":"pt-BR","@id":"https:\/\/agenciainfra.com\/blog\/infradebate-o-icms-sobre-o-fornecimento-de-combustivel-de-aviacao\/#primaryimage","url":"https:\/\/agenciainfra.com\/blog\/wp-content\/uploads\/2022\/10\/janssen-murayama-camila-molle-mariana-guimaraes-foto-divulgacao.png","contentUrl":"https:\/\/agenciainfra.com\/blog\/wp-content\/uploads\/2022\/10\/janssen-murayama-camila-molle-mariana-guimaraes-foto-divulgacao.png","width":1280,"height":805},{"@type":"BreadcrumbList","@id":"https:\/\/agenciainfra.com\/blog\/infradebate-o-icms-sobre-o-fornecimento-de-combustivel-de-aviacao\/#breadcrumb","itemListElement":[{"@type":"ListItem","position":1,"name":"In\u00edcio","item":"https:\/\/agenciainfra.com\/blog\/"},{"@type":"ListItem","position":2,"name":"iNFRADebate: O ICMS sobre o fornecimento de combust\u00edvel de avia\u00e7\u00e3o"}]},{"@type":"WebSite","@id":"https:\/\/agenciainfra.com\/blog\/#website","url":"https:\/\/agenciainfra.com\/blog\/","name":"Ag\u00eancia iNFRA","description":"Multiplataforma de informa\u00e7\u00e3o jornal\u00edstica refer\u00eancia na \u00e1rea de infraestrutura no Brasil!","publisher":{"@id":"https:\/\/agenciainfra.com\/blog\/#organization"},"potentialAction":[{"@type":"SearchAction","target":{"@type":"EntryPoint","urlTemplate":"https:\/\/agenciainfra.com\/blog\/?s={search_term_string}"},"query-input":{"@type":"PropertyValueSpecification","valueRequired":true,"valueName":"search_term_string"}}],"inLanguage":"pt-BR"},{"@type":"Organization","@id":"https:\/\/agenciainfra.com\/blog\/#organization","name":"Ag\u00eancia iNFRA","url":"https:\/\/agenciainfra.com\/blog\/","logo":{"@type":"ImageObject","inLanguage":"pt-BR","@id":"https:\/\/agenciainfra.com\/blog\/#\/schema\/logo\/image\/","url":"https:\/\/agenciainfra.com\/blog\/wp-content\/uploads\/2023\/09\/iNFRA_5-e1761735885940.png","contentUrl":"https:\/\/agenciainfra.com\/blog\/wp-content\/uploads\/2023\/09\/iNFRA_5-e1761735885940.png","width":1672,"height":454,"caption":"Ag\u00eancia iNFRA"},"image":{"@id":"https:\/\/agenciainfra.com\/blog\/#\/schema\/logo\/image\/"},"sameAs":["https:\/\/www.facebook.com\/ageninfra","https:\/\/x.com\/agencia_infra","https:\/\/www.linkedin.com\/company\/ag\u00eanciainfra\/","https:\/\/www.instagram.com\/agenciainfra\/"]},{"@type":"Person","@id":"https:\/\/agenciainfra.com\/blog\/#\/schema\/person\/34af08dff6adea4cb22b06612ba7acfa","name":"Ag\u00eancia iNFRA","image":{"@type":"ImageObject","inLanguage":"pt-BR","@id":"https:\/\/agenciainfra.com\/blog\/#\/schema\/person\/image\/","url":"https:\/\/secure.gravatar.com\/avatar\/d189e01678f06d8eb84d4e01f08eb848b3fffe3f8443818d3c356c66892f5be8?s=96&d=mm&r=g","contentUrl":"https:\/\/secure.gravatar.com\/avatar\/d189e01678f06d8eb84d4e01f08eb848b3fffe3f8443818d3c356c66892f5be8?s=96&d=mm&r=g","caption":"Ag\u00eancia iNFRA"},"url":"https:\/\/agenciainfra.com\/blog\/author\/admin\/"}]}},"_links":{"self":[{"href":"https:\/\/agenciainfra.com\/blog\/wp-json\/wp\/v2\/posts\/11603","targetHints":{"allow":["GET"]}}],"collection":[{"href":"https:\/\/agenciainfra.com\/blog\/wp-json\/wp\/v2\/posts"}],"about":[{"href":"https:\/\/agenciainfra.com\/blog\/wp-json\/wp\/v2\/types\/post"}],"author":[{"embeddable":true,"href":"https:\/\/agenciainfra.com\/blog\/wp-json\/wp\/v2\/users\/1"}],"replies":[{"embeddable":true,"href":"https:\/\/agenciainfra.com\/blog\/wp-json\/wp\/v2\/comments?post=11603"}],"version-history":[{"count":0,"href":"https:\/\/agenciainfra.com\/blog\/wp-json\/wp\/v2\/posts\/11603\/revisions"}],"wp:featuredmedia":[{"embeddable":true,"href":"https:\/\/agenciainfra.com\/blog\/wp-json\/wp\/v2\/media\/11604"}],"wp:attachment":[{"href":"https:\/\/agenciainfra.com\/blog\/wp-json\/wp\/v2\/media?parent=11603"}],"wp:term":[{"taxonomy":"category","embeddable":true,"href":"https:\/\/agenciainfra.com\/blog\/wp-json\/wp\/v2\/categories?post=11603"},{"taxonomy":"post_tag","embeddable":true,"href":"https:\/\/agenciainfra.com\/blog\/wp-json\/wp\/v2\/tags?post=11603"}],"curies":[{"name":"wp","href":"https:\/\/api.w.org\/{rel}","templated":true}]}}