{"id":11626,"date":"2022-11-04T09:00:00","date_gmt":"2022-11-04T12:00:00","guid":{"rendered":"https:\/\/www.agenciainfra.com\/blog\/?p=11626"},"modified":"2022-11-04T10:00:05","modified_gmt":"2022-11-04T13:00:05","slug":"problemas-tecnicos-e-politicos-inviabilizam-desestatizacao-do-porto-de-santos-em-2022","status":"publish","type":"post","link":"https:\/\/agenciainfra.com\/blog\/problemas-tecnicos-e-politicos-inviabilizam-desestatizacao-do-porto-de-santos-em-2022\/","title":{"rendered":"Problemas t\u00e9cnicos e pol\u00edticos inviabilizam desestatiza\u00e7\u00e3o do Porto de Santos em 2022"},"content":{"rendered":"\n<p class=\"has-text-align-right\"><strong>Dimmi Amora, da Ag\u00eancia iNFRA<\/strong><\/p>\n\n\n\n<p>A desestatiza\u00e7\u00e3o do Porto de Santos (SP) est\u00e1 na pr\u00e1tica inviabilizada de ocorrer neste ano, avaliam fontes do governo ligadas ao processo. Problemas de ordem t\u00e9cnica e pol\u00edtica praticamente selaram o destino de concluir neste ano o processo que come\u00e7ou h\u00e1 tr\u00eas anos e est\u00e1 desde setembro numa fase crucial, que \u00e9 a aprova\u00e7\u00e3o dos estudos de viabilidade pelo TCU (Tribunal de Contas da Uni\u00e3o).<br><br>Na \u00faltima segunda-feira (31), houve um encontro no tribunal de contas, o di\u00e1logo p\u00fablico, para tratar do tema. A vit\u00f3ria do candidato da oposi\u00e7\u00e3o ao governo, os v\u00e1rios pedidos de mudan\u00e7as que foram feitos por parte de representantes de governos e empresas e a necessidade de avaliar quest\u00f5es sens\u00edveis ao processo ainda pendentes est\u00e3o entre os motivos que essas fontes apresentam.<br><br>O relator do processo, ministro Bruno Dantas, que vai ser o novo presidente do Tribunal, disse que segue trabalhando com a inten\u00e7\u00e3o de encerrar o processo no fim deste m\u00eas e pediu que a secretaria de infraestrutura\u00a0do tribunal apresente seu relat\u00f3rio at\u00e9 o pr\u00f3ximo dia 6, independentemente do novo cen\u00e1rio pol\u00edtico.<br><br>Mas apontou que ainda h\u00e1 necessidade de avaliar quest\u00f5es t\u00e9cnicas que seguem pendentes no processo. E alertou que o processo no tribunal \u00e9 colegiado, o que pode levar a que outros ministros do tribunal possam pedir mais informa\u00e7\u00f5es sobre o processo, ap\u00f3s a conclus\u00e3o do relator.<br><br>Presente ao evento, o ministro da Infraestrutura, Marcelo Sampaio, afirmou que o governo est\u00e1 fazendo todo o esfor\u00e7o para ter o processo aprovado, que vai avaliar os pedidos de mudan\u00e7a e que o processo ser\u00e1 feito &#8220;com responsabilidade e transpar\u00eancia&#8221;.<br><br>O problema pol\u00edtico no processo \u00e9 que \u00e9 conhecida a posi\u00e7\u00e3o do PT contr\u00e1ria \u00e0 desestatiza\u00e7\u00e3o do porto de Santos nas circunst\u00e2ncias atuais. O diagn\u00f3stico \u00e9 que uma concess\u00e3o do maior porto do pa\u00eds num longo prazo, sem que esse modelo de concess\u00e3o portu\u00e1ria tenha sido testado no Brasil e no mundo, \u00e9 arriscado. Considera-se que o processo precisa amadurecer para ser melhor avaliado, al\u00e9m de se cogitar outras solu\u00e7\u00f5es para os investimentos necess\u00e1rios, entre elas parceria com a iniciativa privada para a dragagem.\u00a0<br><br>Sem o apoio de quem vai governar nos pr\u00f3ximos quatro anos, a avalia\u00e7\u00e3o no Minist\u00e9rio da Infraestrutura \u00e9 que seria inadequado seguir com o processo, que, mesmo que tenha seu edital lan\u00e7ado ou at\u00e9 seja licitado no atual governo, ter\u00e1 que ser assinado num governo que n\u00e3o o apoia.\u00a0<br><br><strong>Defesa do projeto<\/strong><br>N\u00e3o houve conversas espec\u00edficas entre o minist\u00e9rio e a campanha do vencedor sobre o tema, mas, se o sinal for esse, a tend\u00eancia \u00e9 que o processo n\u00e3o seja conclu\u00eddo neste ano. Mas a decis\u00e3o vai depender tamb\u00e9m do que disser\u00a0o presidente da Rep\u00fablica, que n\u00e3o tratou ainda sobre o tema com o ministro.<br><br>O atual minist\u00e9rio, no entanto, defende que a concess\u00e3o tem que ser feita, por causa da necessidade de investimentos para ampliar a capacidade do porto, especialmente para receber grandes navios que v\u00e3o come\u00e7ar a ser usados nos pr\u00f3ximos anos, e vai tentar defender a continuidade junto aos representantes do novo governo.\u00a0<br><br>O alerta sobre a necessidade urgente de aumento do calado operacional do porto para receber os novos navios de grande porte que come\u00e7am a chegar a partir de 2023 foi feito pelo presidente do Centronave, que representa as grandes empresas de navega\u00e7\u00e3o, Cl\u00e1udio Loureiro, na audi\u00eancia desta segunda-feira.<br><br><strong>STS10<\/strong><br>Mas ainda que consiga convencer o governo eleito, h\u00e1 problemas de ordem t\u00e9cnica para que o processo esteja pronto para ser licitado neste ano. O principal deles \u00e9 a forma como o governo vai fazer com o novo terminal de cont\u00eaineres do porto, o STS10.<br><br>H\u00e1 duas semanas, o governo encaminhou of\u00edcio informando que esse terminal n\u00e3o seria mais licitado separadamente e vai entrar como \u00e1rea para uma futura negocia\u00e7\u00e3o do concession\u00e1rio. No entanto, as complexas regras para licitar essa \u00e1rea, especialmente na quest\u00e3o concorrencial, precisam estar no contrato com a nova concession\u00e1ria. Para isso, ser\u00e1 preciso uma avalia\u00e7\u00e3o do Cade (Conselho Administrativo de Defesa Econ\u00f4mica), que ainda analisar\u00e1 essa quest\u00e3o.\u00a0<br><br>Al\u00e9m do problema concorrencial, um outro integrante de \u00f3rg\u00e3o do governo que est\u00e1 trabalhando no processo lembrou que o prazo ideal entre o lan\u00e7amento do edital e o leil\u00e3o teria que ser de pelo menos quatro meses e n\u00e3o de pouco mais de 30 dias que o governo daria para fazer o leil\u00e3o em 2022.<br><br><strong>Reclama\u00e7\u00e3o do prefeito<\/strong><br>Isso porque h\u00e1 um pesado encargo de construir um t\u00fanel entre Santos e Guaruj\u00e1 como obriga\u00e7\u00e3o do concession\u00e1rio previsto no contrato. Para faz\u00ea-lo, \u00e9 preciso ter um acordo com um epecista para a realiza\u00e7\u00e3o do projeto. Para ele, em menos de quatro meses \u00e9 quase\u00a0imposs\u00edvel chegar a um termo.<br><br>Representantes de associa\u00e7\u00f5es como a ABTP (Associa\u00e7\u00e3o Brasileira dos Terminais Portu\u00e1rios) e a Anut (Associa\u00e7\u00e3o Nacional dos Usu\u00e1rios do Transporte de Carga) tamb\u00e9m solicitaram altera\u00e7\u00f5es nas propostas apresentadas pelo governo para a concess\u00e3o do porto.<br><br>E, como se n\u00e3o bastasse, o prefeito de Santos, Rog\u00e9rio Santos, tamb\u00e9m reclamou do processo durante a reuni\u00e3o com o TCU. Ele lembrou que a prefeitura foi informada do projeto quando ele praticamente j\u00e1 estava pronto para ser levado \u00e0 audi\u00eancia e pediu mais garantia de que uma outra obra prevista, o chamado T\u00fanel do Maci\u00e7o, ser\u00e1 realizada.<\/p>\n","protected":false},"excerpt":{"rendered":"<p>Dimmi Amora, da Ag\u00eancia iNFRA A desestatiza\u00e7\u00e3o do Porto de Santos (SP) est\u00e1 na pr\u00e1tica inviabilizada de ocorrer neste ano, avaliam fontes do governo ligadas ao processo. Problemas de ordem t\u00e9cnica e pol\u00edtica praticamente selaram o destino de concluir neste ano o processo que come\u00e7ou h\u00e1 tr\u00eas anos e est\u00e1 desde setembro numa fase crucial, [&hellip;]<\/p>\n","protected":false},"author":1,"featured_media":10683,"comment_status":"closed","ping_status":"closed","sticky":false,"template":"","format":"standard","meta":{"_monsterinsights_skip_tracking":false,"_monsterinsights_sitenote_active":false,"_monsterinsights_sitenote_note":"","_monsterinsights_sitenote_category":0,"footnotes":""},"categories":[1,7],"tags":[207,947,396,371,1714,6004,192,997,775,260,6005,4101,18,5535],"class_list":["post-11626","post","type-post","status-publish","format-standard","has-post-thumbnail","hentry","category-geral","category-infratransporte","tag-abtp","tag-anut","tag-bruno-dantas","tag-cade","tag-centronave","tag-claudio-loureiro","tag-desestatizacao","tag-marcelo-sampaio","tag-ministerio-da-infraestrutura","tag-porto-de-santos","tag-rogerio-santos","tag-sts10","tag-tcu","tag-tunel-santos-guaruja"],"yoast_head":"<!-- This site is optimized with the Yoast SEO Premium plugin v25.4 (Yoast SEO v26.0) - https:\/\/yoast.com\/wordpress\/plugins\/seo\/ -->\n<title>Problemas t\u00e9cnicos e pol\u00edticos inviabilizam desestatiza\u00e7\u00e3o do Porto de Santos em 2022 - Ag\u00eancia iNFRA<\/title>\n<meta name=\"robots\" content=\"index, follow, max-snippet:-1, max-image-preview:large, max-video-preview:-1\" \/>\n<link rel=\"canonical\" href=\"https:\/\/agenciainfra.com\/blog\/problemas-tecnicos-e-politicos-inviabilizam-desestatizacao-do-porto-de-santos-em-2022\/\" \/>\n<meta property=\"og:locale\" content=\"pt_BR\" \/>\n<meta property=\"og:type\" content=\"article\" \/>\n<meta property=\"og:title\" content=\"Problemas t\u00e9cnicos e pol\u00edticos inviabilizam desestatiza\u00e7\u00e3o do Porto de Santos em 2022\" \/>\n<meta property=\"og:description\" content=\"Dimmi Amora, da Ag\u00eancia iNFRA A desestatiza\u00e7\u00e3o do Porto de Santos (SP) est\u00e1 na pr\u00e1tica inviabilizada de ocorrer neste ano, avaliam fontes do governo ligadas ao processo. Problemas de ordem t\u00e9cnica e pol\u00edtica praticamente selaram o destino de concluir neste ano o processo que come\u00e7ou h\u00e1 tr\u00eas anos e est\u00e1 desde setembro numa fase crucial, [&hellip;]\" \/>\n<meta property=\"og:url\" content=\"https:\/\/agenciainfra.com\/blog\/problemas-tecnicos-e-politicos-inviabilizam-desestatizacao-do-porto-de-santos-em-2022\/\" \/>\n<meta property=\"og:site_name\" content=\"Ag\u00eancia iNFRA\" \/>\n<meta property=\"article:publisher\" content=\"https:\/\/www.facebook.com\/ageninfra\" \/>\n<meta property=\"article:published_time\" content=\"2022-11-04T12:00:00+00:00\" \/>\n<meta property=\"article:modified_time\" content=\"2022-11-04T13:00:05+00:00\" \/>\n<meta property=\"og:image\" content=\"https:\/\/agenciainfra.com\/blog\/wp-content\/uploads\/2022\/06\/porto-de-santos-navio-foto-codesp.jpg\" \/>\n\t<meta property=\"og:image:width\" content=\"2126\" \/>\n\t<meta property=\"og:image:height\" content=\"1379\" \/>\n\t<meta property=\"og:image:type\" content=\"image\/jpeg\" \/>\n<meta name=\"author\" content=\"Ag\u00eancia iNFRA\" \/>\n<meta name=\"twitter:card\" content=\"summary_large_image\" \/>\n<meta name=\"twitter:creator\" content=\"@agencia_infra\" \/>\n<meta name=\"twitter:site\" content=\"@agencia_infra\" \/>\n<meta name=\"twitter:label1\" content=\"Escrito por\" \/>\n\t<meta name=\"twitter:data1\" content=\"Ag\u00eancia iNFRA\" \/>\n\t<meta name=\"twitter:label2\" content=\"Est. tempo de leitura\" \/>\n\t<meta name=\"twitter:data2\" content=\"5 minutos\" \/>\n<script type=\"application\/ld+json\" class=\"yoast-schema-graph\">{\"@context\":\"https:\/\/schema.org\",\"@graph\":[{\"@type\":\"Article\",\"@id\":\"https:\/\/agenciainfra.com\/blog\/problemas-tecnicos-e-politicos-inviabilizam-desestatizacao-do-porto-de-santos-em-2022\/#article\",\"isPartOf\":{\"@id\":\"https:\/\/agenciainfra.com\/blog\/problemas-tecnicos-e-politicos-inviabilizam-desestatizacao-do-porto-de-santos-em-2022\/\"},\"author\":{\"name\":\"Ag\u00eancia iNFRA\",\"@id\":\"https:\/\/agenciainfra.com\/blog\/#\/schema\/person\/34af08dff6adea4cb22b06612ba7acfa\"},\"headline\":\"Problemas t\u00e9cnicos e pol\u00edticos inviabilizam desestatiza\u00e7\u00e3o do Porto de Santos em 2022\",\"datePublished\":\"2022-11-04T12:00:00+00:00\",\"dateModified\":\"2022-11-04T13:00:05+00:00\",\"mainEntityOfPage\":{\"@id\":\"https:\/\/agenciainfra.com\/blog\/problemas-tecnicos-e-politicos-inviabilizam-desestatizacao-do-porto-de-santos-em-2022\/\"},\"wordCount\":976,\"publisher\":{\"@id\":\"https:\/\/agenciainfra.com\/blog\/#organization\"},\"image\":{\"@id\":\"https:\/\/agenciainfra.com\/blog\/problemas-tecnicos-e-politicos-inviabilizam-desestatizacao-do-porto-de-santos-em-2022\/#primaryimage\"},\"thumbnailUrl\":\"https:\/\/agenciainfra.com\/blog\/wp-content\/uploads\/2022\/06\/porto-de-santos-navio-foto-codesp-e1763488895930.jpg\",\"keywords\":[\"ABTP\",\"ANUT\",\"Bruno Dantas\",\"Cade\",\"Centronave\",\"Cl\u00e1udio Loureiro\",\"desestatiza\u00e7\u00e3o\",\"Marcelo Sampaio\",\"Minist\u00e9rio da Infraestrutura\",\"Porto de Santos\",\"Rog\u00e9rio Santos\",\"STS10\",\"TCU\",\"t\u00fanel Santos-Guaruj\u00e1\"],\"articleSection\":[\"Geral\",\"iNFRATransporte\"],\"inLanguage\":\"pt-BR\",\"copyrightYear\":\"2022\",\"copyrightHolder\":{\"@id\":\"https:\/\/agenciainfra.com\/blog\/#organization\"}},{\"@type\":\"WebPage\",\"@id\":\"https:\/\/agenciainfra.com\/blog\/problemas-tecnicos-e-politicos-inviabilizam-desestatizacao-do-porto-de-santos-em-2022\/\",\"url\":\"https:\/\/agenciainfra.com\/blog\/problemas-tecnicos-e-politicos-inviabilizam-desestatizacao-do-porto-de-santos-em-2022\/\",\"name\":\"Problemas t\u00e9cnicos e pol\u00edticos inviabilizam desestatiza\u00e7\u00e3o do Porto de Santos em 2022 - Ag\u00eancia iNFRA\",\"isPartOf\":{\"@id\":\"https:\/\/agenciainfra.com\/blog\/#website\"},\"primaryImageOfPage\":{\"@id\":\"https:\/\/agenciainfra.com\/blog\/problemas-tecnicos-e-politicos-inviabilizam-desestatizacao-do-porto-de-santos-em-2022\/#primaryimage\"},\"image\":{\"@id\":\"https:\/\/agenciainfra.com\/blog\/problemas-tecnicos-e-politicos-inviabilizam-desestatizacao-do-porto-de-santos-em-2022\/#primaryimage\"},\"thumbnailUrl\":\"https:\/\/agenciainfra.com\/blog\/wp-content\/uploads\/2022\/06\/porto-de-santos-navio-foto-codesp-e1763488895930.jpg\",\"datePublished\":\"2022-11-04T12:00:00+00:00\",\"dateModified\":\"2022-11-04T13:00:05+00:00\",\"breadcrumb\":{\"@id\":\"https:\/\/agenciainfra.com\/blog\/problemas-tecnicos-e-politicos-inviabilizam-desestatizacao-do-porto-de-santos-em-2022\/#breadcrumb\"},\"inLanguage\":\"pt-BR\",\"potentialAction\":[{\"@type\":\"ReadAction\",\"target\":[\"https:\/\/agenciainfra.com\/blog\/problemas-tecnicos-e-politicos-inviabilizam-desestatizacao-do-porto-de-santos-em-2022\/\"]}]},{\"@type\":\"ImageObject\",\"inLanguage\":\"pt-BR\",\"@id\":\"https:\/\/agenciainfra.com\/blog\/problemas-tecnicos-e-politicos-inviabilizam-desestatizacao-do-porto-de-santos-em-2022\/#primaryimage\",\"url\":\"https:\/\/agenciainfra.com\/blog\/wp-content\/uploads\/2022\/06\/porto-de-santos-navio-foto-codesp-e1763488895930.jpg\",\"contentUrl\":\"https:\/\/agenciainfra.com\/blog\/wp-content\/uploads\/2022\/06\/porto-de-santos-navio-foto-codesp-e1763488895930.jpg\",\"width\":1280,\"height\":830,\"caption\":\"Foto: Codesp\"},{\"@type\":\"BreadcrumbList\",\"@id\":\"https:\/\/agenciainfra.com\/blog\/problemas-tecnicos-e-politicos-inviabilizam-desestatizacao-do-porto-de-santos-em-2022\/#breadcrumb\",\"itemListElement\":[{\"@type\":\"ListItem\",\"position\":1,\"name\":\"In\u00edcio\",\"item\":\"https:\/\/agenciainfra.com\/blog\/\"},{\"@type\":\"ListItem\",\"position\":2,\"name\":\"Problemas t\u00e9cnicos e pol\u00edticos inviabilizam desestatiza\u00e7\u00e3o do Porto de Santos em 2022\"}]},{\"@type\":\"WebSite\",\"@id\":\"https:\/\/agenciainfra.com\/blog\/#website\",\"url\":\"https:\/\/agenciainfra.com\/blog\/\",\"name\":\"Ag\u00eancia iNFRA\",\"description\":\"Multiplataforma de informa\u00e7\u00e3o jornal\u00edstica refer\u00eancia na \u00e1rea de infraestrutura no Brasil!\",\"publisher\":{\"@id\":\"https:\/\/agenciainfra.com\/blog\/#organization\"},\"potentialAction\":[{\"@type\":\"SearchAction\",\"target\":{\"@type\":\"EntryPoint\",\"urlTemplate\":\"https:\/\/agenciainfra.com\/blog\/?s={search_term_string}\"},\"query-input\":{\"@type\":\"PropertyValueSpecification\",\"valueRequired\":true,\"valueName\":\"search_term_string\"}}],\"inLanguage\":\"pt-BR\"},{\"@type\":\"Organization\",\"@id\":\"https:\/\/agenciainfra.com\/blog\/#organization\",\"name\":\"Ag\u00eancia iNFRA\",\"url\":\"https:\/\/agenciainfra.com\/blog\/\",\"logo\":{\"@type\":\"ImageObject\",\"inLanguage\":\"pt-BR\",\"@id\":\"https:\/\/agenciainfra.com\/blog\/#\/schema\/logo\/image\/\",\"url\":\"https:\/\/agenciainfra.com\/blog\/wp-content\/uploads\/2023\/09\/iNFRA_5-e1761735885940.png\",\"contentUrl\":\"https:\/\/agenciainfra.com\/blog\/wp-content\/uploads\/2023\/09\/iNFRA_5-e1761735885940.png\",\"width\":1672,\"height\":454,\"caption\":\"Ag\u00eancia iNFRA\"},\"image\":{\"@id\":\"https:\/\/agenciainfra.com\/blog\/#\/schema\/logo\/image\/\"},\"sameAs\":[\"https:\/\/www.facebook.com\/ageninfra\",\"https:\/\/x.com\/agencia_infra\",\"https:\/\/www.linkedin.com\/company\/ag\u00eanciainfra\/\",\"https:\/\/www.instagram.com\/agenciainfra\/\"]},{\"@type\":\"Person\",\"@id\":\"https:\/\/agenciainfra.com\/blog\/#\/schema\/person\/34af08dff6adea4cb22b06612ba7acfa\",\"name\":\"Ag\u00eancia iNFRA\",\"image\":{\"@type\":\"ImageObject\",\"inLanguage\":\"pt-BR\",\"@id\":\"https:\/\/agenciainfra.com\/blog\/#\/schema\/person\/image\/\",\"url\":\"https:\/\/secure.gravatar.com\/avatar\/d189e01678f06d8eb84d4e01f08eb848b3fffe3f8443818d3c356c66892f5be8?s=96&d=mm&r=g\",\"contentUrl\":\"https:\/\/secure.gravatar.com\/avatar\/d189e01678f06d8eb84d4e01f08eb848b3fffe3f8443818d3c356c66892f5be8?s=96&d=mm&r=g\",\"caption\":\"Ag\u00eancia iNFRA\"},\"url\":\"https:\/\/agenciainfra.com\/blog\/author\/admin\/\"}]}<\/script>\n<!-- \/ Yoast SEO Premium plugin. -->","yoast_head_json":{"title":"Problemas t\u00e9cnicos e pol\u00edticos inviabilizam desestatiza\u00e7\u00e3o do Porto de Santos em 2022 - Ag\u00eancia iNFRA","robots":{"index":"index","follow":"follow","max-snippet":"max-snippet:-1","max-image-preview":"max-image-preview:large","max-video-preview":"max-video-preview:-1"},"canonical":"https:\/\/agenciainfra.com\/blog\/problemas-tecnicos-e-politicos-inviabilizam-desestatizacao-do-porto-de-santos-em-2022\/","og_locale":"pt_BR","og_type":"article","og_title":"Problemas t\u00e9cnicos e pol\u00edticos inviabilizam desestatiza\u00e7\u00e3o do Porto de Santos em 2022","og_description":"Dimmi Amora, da Ag\u00eancia iNFRA A desestatiza\u00e7\u00e3o do Porto de Santos (SP) est\u00e1 na pr\u00e1tica inviabilizada de ocorrer neste ano, avaliam fontes do governo ligadas ao processo. Problemas de ordem t\u00e9cnica e pol\u00edtica praticamente selaram o destino de concluir neste ano o processo que come\u00e7ou h\u00e1 tr\u00eas anos e est\u00e1 desde setembro numa fase crucial, [&hellip;]","og_url":"https:\/\/agenciainfra.com\/blog\/problemas-tecnicos-e-politicos-inviabilizam-desestatizacao-do-porto-de-santos-em-2022\/","og_site_name":"Ag\u00eancia iNFRA","article_publisher":"https:\/\/www.facebook.com\/ageninfra","article_published_time":"2022-11-04T12:00:00+00:00","article_modified_time":"2022-11-04T13:00:05+00:00","og_image":[{"width":2126,"height":1379,"url":"https:\/\/agenciainfra.com\/blog\/wp-content\/uploads\/2022\/06\/porto-de-santos-navio-foto-codesp.jpg","type":"image\/jpeg"}],"author":"Ag\u00eancia iNFRA","twitter_card":"summary_large_image","twitter_creator":"@agencia_infra","twitter_site":"@agencia_infra","twitter_misc":{"Escrito por":"Ag\u00eancia iNFRA","Est. tempo de leitura":"5 minutos"},"schema":{"@context":"https:\/\/schema.org","@graph":[{"@type":"Article","@id":"https:\/\/agenciainfra.com\/blog\/problemas-tecnicos-e-politicos-inviabilizam-desestatizacao-do-porto-de-santos-em-2022\/#article","isPartOf":{"@id":"https:\/\/agenciainfra.com\/blog\/problemas-tecnicos-e-politicos-inviabilizam-desestatizacao-do-porto-de-santos-em-2022\/"},"author":{"name":"Ag\u00eancia iNFRA","@id":"https:\/\/agenciainfra.com\/blog\/#\/schema\/person\/34af08dff6adea4cb22b06612ba7acfa"},"headline":"Problemas t\u00e9cnicos e pol\u00edticos inviabilizam desestatiza\u00e7\u00e3o do Porto de Santos em 2022","datePublished":"2022-11-04T12:00:00+00:00","dateModified":"2022-11-04T13:00:05+00:00","mainEntityOfPage":{"@id":"https:\/\/agenciainfra.com\/blog\/problemas-tecnicos-e-politicos-inviabilizam-desestatizacao-do-porto-de-santos-em-2022\/"},"wordCount":976,"publisher":{"@id":"https:\/\/agenciainfra.com\/blog\/#organization"},"image":{"@id":"https:\/\/agenciainfra.com\/blog\/problemas-tecnicos-e-politicos-inviabilizam-desestatizacao-do-porto-de-santos-em-2022\/#primaryimage"},"thumbnailUrl":"https:\/\/agenciainfra.com\/blog\/wp-content\/uploads\/2022\/06\/porto-de-santos-navio-foto-codesp-e1763488895930.jpg","keywords":["ABTP","ANUT","Bruno Dantas","Cade","Centronave","Cl\u00e1udio Loureiro","desestatiza\u00e7\u00e3o","Marcelo Sampaio","Minist\u00e9rio da Infraestrutura","Porto de Santos","Rog\u00e9rio Santos","STS10","TCU","t\u00fanel Santos-Guaruj\u00e1"],"articleSection":["Geral","iNFRATransporte"],"inLanguage":"pt-BR","copyrightYear":"2022","copyrightHolder":{"@id":"https:\/\/agenciainfra.com\/blog\/#organization"}},{"@type":"WebPage","@id":"https:\/\/agenciainfra.com\/blog\/problemas-tecnicos-e-politicos-inviabilizam-desestatizacao-do-porto-de-santos-em-2022\/","url":"https:\/\/agenciainfra.com\/blog\/problemas-tecnicos-e-politicos-inviabilizam-desestatizacao-do-porto-de-santos-em-2022\/","name":"Problemas t\u00e9cnicos e pol\u00edticos inviabilizam desestatiza\u00e7\u00e3o do Porto de Santos em 2022 - Ag\u00eancia iNFRA","isPartOf":{"@id":"https:\/\/agenciainfra.com\/blog\/#website"},"primaryImageOfPage":{"@id":"https:\/\/agenciainfra.com\/blog\/problemas-tecnicos-e-politicos-inviabilizam-desestatizacao-do-porto-de-santos-em-2022\/#primaryimage"},"image":{"@id":"https:\/\/agenciainfra.com\/blog\/problemas-tecnicos-e-politicos-inviabilizam-desestatizacao-do-porto-de-santos-em-2022\/#primaryimage"},"thumbnailUrl":"https:\/\/agenciainfra.com\/blog\/wp-content\/uploads\/2022\/06\/porto-de-santos-navio-foto-codesp-e1763488895930.jpg","datePublished":"2022-11-04T12:00:00+00:00","dateModified":"2022-11-04T13:00:05+00:00","breadcrumb":{"@id":"https:\/\/agenciainfra.com\/blog\/problemas-tecnicos-e-politicos-inviabilizam-desestatizacao-do-porto-de-santos-em-2022\/#breadcrumb"},"inLanguage":"pt-BR","potentialAction":[{"@type":"ReadAction","target":["https:\/\/agenciainfra.com\/blog\/problemas-tecnicos-e-politicos-inviabilizam-desestatizacao-do-porto-de-santos-em-2022\/"]}]},{"@type":"ImageObject","inLanguage":"pt-BR","@id":"https:\/\/agenciainfra.com\/blog\/problemas-tecnicos-e-politicos-inviabilizam-desestatizacao-do-porto-de-santos-em-2022\/#primaryimage","url":"https:\/\/agenciainfra.com\/blog\/wp-content\/uploads\/2022\/06\/porto-de-santos-navio-foto-codesp-e1763488895930.jpg","contentUrl":"https:\/\/agenciainfra.com\/blog\/wp-content\/uploads\/2022\/06\/porto-de-santos-navio-foto-codesp-e1763488895930.jpg","width":1280,"height":830,"caption":"Foto: Codesp"},{"@type":"BreadcrumbList","@id":"https:\/\/agenciainfra.com\/blog\/problemas-tecnicos-e-politicos-inviabilizam-desestatizacao-do-porto-de-santos-em-2022\/#breadcrumb","itemListElement":[{"@type":"ListItem","position":1,"name":"In\u00edcio","item":"https:\/\/agenciainfra.com\/blog\/"},{"@type":"ListItem","position":2,"name":"Problemas t\u00e9cnicos e pol\u00edticos inviabilizam desestatiza\u00e7\u00e3o do Porto de Santos em 2022"}]},{"@type":"WebSite","@id":"https:\/\/agenciainfra.com\/blog\/#website","url":"https:\/\/agenciainfra.com\/blog\/","name":"Ag\u00eancia iNFRA","description":"Multiplataforma de informa\u00e7\u00e3o jornal\u00edstica refer\u00eancia na \u00e1rea de infraestrutura no Brasil!","publisher":{"@id":"https:\/\/agenciainfra.com\/blog\/#organization"},"potentialAction":[{"@type":"SearchAction","target":{"@type":"EntryPoint","urlTemplate":"https:\/\/agenciainfra.com\/blog\/?s={search_term_string}"},"query-input":{"@type":"PropertyValueSpecification","valueRequired":true,"valueName":"search_term_string"}}],"inLanguage":"pt-BR"},{"@type":"Organization","@id":"https:\/\/agenciainfra.com\/blog\/#organization","name":"Ag\u00eancia iNFRA","url":"https:\/\/agenciainfra.com\/blog\/","logo":{"@type":"ImageObject","inLanguage":"pt-BR","@id":"https:\/\/agenciainfra.com\/blog\/#\/schema\/logo\/image\/","url":"https:\/\/agenciainfra.com\/blog\/wp-content\/uploads\/2023\/09\/iNFRA_5-e1761735885940.png","contentUrl":"https:\/\/agenciainfra.com\/blog\/wp-content\/uploads\/2023\/09\/iNFRA_5-e1761735885940.png","width":1672,"height":454,"caption":"Ag\u00eancia iNFRA"},"image":{"@id":"https:\/\/agenciainfra.com\/blog\/#\/schema\/logo\/image\/"},"sameAs":["https:\/\/www.facebook.com\/ageninfra","https:\/\/x.com\/agencia_infra","https:\/\/www.linkedin.com\/company\/ag\u00eanciainfra\/","https:\/\/www.instagram.com\/agenciainfra\/"]},{"@type":"Person","@id":"https:\/\/agenciainfra.com\/blog\/#\/schema\/person\/34af08dff6adea4cb22b06612ba7acfa","name":"Ag\u00eancia iNFRA","image":{"@type":"ImageObject","inLanguage":"pt-BR","@id":"https:\/\/agenciainfra.com\/blog\/#\/schema\/person\/image\/","url":"https:\/\/secure.gravatar.com\/avatar\/d189e01678f06d8eb84d4e01f08eb848b3fffe3f8443818d3c356c66892f5be8?s=96&d=mm&r=g","contentUrl":"https:\/\/secure.gravatar.com\/avatar\/d189e01678f06d8eb84d4e01f08eb848b3fffe3f8443818d3c356c66892f5be8?s=96&d=mm&r=g","caption":"Ag\u00eancia iNFRA"},"url":"https:\/\/agenciainfra.com\/blog\/author\/admin\/"}]}},"_links":{"self":[{"href":"https:\/\/agenciainfra.com\/blog\/wp-json\/wp\/v2\/posts\/11626","targetHints":{"allow":["GET"]}}],"collection":[{"href":"https:\/\/agenciainfra.com\/blog\/wp-json\/wp\/v2\/posts"}],"about":[{"href":"https:\/\/agenciainfra.com\/blog\/wp-json\/wp\/v2\/types\/post"}],"author":[{"embeddable":true,"href":"https:\/\/agenciainfra.com\/blog\/wp-json\/wp\/v2\/users\/1"}],"replies":[{"embeddable":true,"href":"https:\/\/agenciainfra.com\/blog\/wp-json\/wp\/v2\/comments?post=11626"}],"version-history":[{"count":0,"href":"https:\/\/agenciainfra.com\/blog\/wp-json\/wp\/v2\/posts\/11626\/revisions"}],"wp:featuredmedia":[{"embeddable":true,"href":"https:\/\/agenciainfra.com\/blog\/wp-json\/wp\/v2\/media\/10683"}],"wp:attachment":[{"href":"https:\/\/agenciainfra.com\/blog\/wp-json\/wp\/v2\/media?parent=11626"}],"wp:term":[{"taxonomy":"category","embeddable":true,"href":"https:\/\/agenciainfra.com\/blog\/wp-json\/wp\/v2\/categories?post=11626"},{"taxonomy":"post_tag","embeddable":true,"href":"https:\/\/agenciainfra.com\/blog\/wp-json\/wp\/v2\/tags?post=11626"}],"curies":[{"name":"wp","href":"https:\/\/api.w.org\/{rel}","templated":true}]}}