{"id":11642,"date":"2022-11-08T09:00:00","date_gmt":"2022-11-08T12:00:00","guid":{"rendered":"https:\/\/www.agenciainfra.com\/blog\/?p=11642"},"modified":"2022-11-09T15:26:59","modified_gmt":"2022-11-09T18:26:59","slug":"infraestrutura-tenta-correr-para-preencher-vagas-em-agencias-sem-garantia-que-va-conseguir","status":"publish","type":"post","link":"https:\/\/agenciainfra.com\/blog\/infraestrutura-tenta-correr-para-preencher-vagas-em-agencias-sem-garantia-que-va-conseguir\/","title":{"rendered":"Infraestrutura tenta correr para preencher vagas em ag\u00eancias, sem garantia que v\u00e1 conseguir"},"content":{"rendered":"\n<p class=\"has-text-align-right\"><strong>Dimmi Amora, da Ag\u00eancia iNFRA<\/strong><\/p>\n\n\n\n<p>O Minist\u00e9rio da Infraestrutura encaminhou \u00e0 Casa Civil sugest\u00e3o de nomes para preencher vagas em duas ag\u00eancias reguladoras da \u00e1rea de transportes, a ANTAQ (Ag\u00eancia Nacional de Transportes Aquavi\u00e1rios) e a ANTT (Ag\u00eancia Nacional de Transportes Terrestres).<br><br>De acordo com o\u00a0<a rel=\"noreferrer noopener\" href=\"https:\/\/agenciainfra.us14.list-manage.com\/track\/click?u=d460dd1bcf9ba0ae040e1fc0f&amp;id=155ce7a102&amp;e=c099169394\" target=\"_blank\">colunista Lauro Jardim<\/a>, do Globo, os nomes enviados s\u00e3o\u00a0Felipe Fernandes Queiroz e Lucas Asfor Rocha Lima para as vagas na ANTT e\u00a0Caio Cesar Farias Le\u00f4ncio e Alber Furtado de Vasconcelos Neto para as vagas na ANTAQ.\u00a0<br><br>A ANTAQ tem duas vagas abertas ap\u00f3s a aprova\u00e7\u00e3o da medida provis\u00f3ria que ampliou o n\u00famero de diretores de tr\u00eas para cinco. Al\u00e9m das duas novas, a vaga da sa\u00edda do diretor Adalberto Tokarski, o que ocorreu no in\u00edcio deste ano, segue aberta.<br><br>O indicado para a vaga de Tokarski foi o vice-almirante Lima Filho, que, no entanto, ainda n\u00e3o teve seu processo de aprova\u00e7\u00e3o sequer iniciado pelo Senado, apesar de os senadores j\u00e1 terem feito pelo menos duas sess\u00f5es de sabatinas e aprova\u00e7\u00f5es de indicados desde que o nome dele foi para l\u00e1.<br><br><strong>Disputa na ANTAQ<\/strong><br>Segundo apurou a\u00a0<strong>Ag\u00eancia iNFRA<\/strong>, na ANTAQ, as vagas a mais ficaram para serem distribu\u00eddas por indicados do Senado e da C\u00e2mara. Alber, que \u00e9 servidor da ag\u00eancia, est\u00e1 pela cota do Senado e \u00e9 apoiado por nomes do MDB. Ele foi um dos escolhidos para ter uma sindic\u00e2ncia patrimonial na ag\u00eancia, aberta pelo minist\u00e9rio, que acabou n\u00e3o indo para frente.<br><br>Alber disputava a indica\u00e7\u00e3o com a advogada Jacqueline Wendpap, que j\u00e1 trabalhou na ag\u00eancia e\u00a0tenta\u00a0a vaga na diretoria com apoio de mais de 20 associa\u00e7\u00f5es de setor e de um grupo de senadores, tendo \u00e0 frente Lucas Barreto (PSD-AP).\u00a0Jos\u00e9 Renato Filho, outro\u00a0servidor da ag\u00eancia, tamb\u00e9m buscou a indica\u00e7\u00e3o.<br><br>J\u00e1 o advogado Caio tem a indica\u00e7\u00e3o atribu\u00edda ao presidente da C\u00e2mara, Arthur Lira (PP-AL). O nome dele j\u00e1 havia circulado numa tentativa de vaga anterior na ag\u00eancia, mas foi vetado pelo ex-ministro da pasta Tarc\u00edsio de Freitas, por ser parente do Paulo C\u00e9sar Farias, o tesoureiro do ex-presidente Fernando Collor, alegando risco de imagem para a ag\u00eancia.<br><br>Na costura pelas vagas da ANTAQ, o acordo \u00e9 que uma delas ficasse com a Marinha e por isso o vice-almirante foi indicado. Mas, com a demora do Senado em aprovar o nome, o minist\u00e9rio guarda na manga um nome para substitu\u00ed-lo, que \u00e9 o da servidora Mariana Pescatori, ligada ao ministro Sampaio.<br><br><strong>Vaga antecipada na ANTT<\/strong><br>Sampaio tamb\u00e9m \u00e9 o respons\u00e1vel pela indica\u00e7\u00e3o de Felipe Queiroz, seu atual secret\u00e1rio de Transportes Terrestres. Atualmente, a ANTT s\u00f3 tem uma vaga aberta, a que se encerrou com o fim do mandato do diretor F\u00e1bio Rog\u00e9rio. A segunda vaga s\u00f3 vai se abrir em fevereiro de 2023, com o fim do mandato do diretor Davi Barreto.\u00a0<br><br>O favorito para a vaga que j\u00e1 est\u00e1 aberta \u00e9 Lucas Asfor Rocha. Sua indica\u00e7\u00e3o vem do Senado, tamb\u00e9m por v\u00e1rios senadores, incluindo o presidente da Casa.<br><br>O risco de aprovar agora uma vaga para Barreto \u00e9 enorme, visto que somente ser\u00e1 nomeado pelo futuro presidente, ainda que seja aprovado pelos senadores. Mas n\u00e3o h\u00e1 garantia de que essas indica\u00e7\u00f5es, que ainda n\u00e3o chegaram oficialmente ao Senado, ganhem efetividade. As negocia\u00e7\u00f5es entre o governo e os parlamentares vinham sendo feitas com a perspectiva de vit\u00f3ria do presidente do Jair Bolsonaro nas elei\u00e7\u00f5es, o que n\u00e3o ocorreu.<br><br><strong>Jogo mudou<\/strong><br>Com a elei\u00e7\u00e3o de Lula, o jogo mudou. As vagas de ag\u00eancias e outras indica\u00e7\u00f5es que passam pelo Senado devem entrar no pacote de negocia\u00e7\u00f5es que o atual presidente Rodrigo Pacheco (PSD-MG) articula para se manter \u00e0 frente do Senado na pr\u00f3xima legislatura.<\/p>\n","protected":false},"excerpt":{"rendered":"<p>Dimmi Amora, da Ag\u00eancia iNFRA O Minist\u00e9rio da Infraestrutura encaminhou \u00e0 Casa Civil sugest\u00e3o de nomes para preencher vagas em duas ag\u00eancias reguladoras da \u00e1rea de transportes, a ANTAQ (Ag\u00eancia Nacional de Transportes Aquavi\u00e1rios) e a ANTT (Ag\u00eancia Nacional de Transportes Terrestres). De acordo com o\u00a0colunista Lauro Jardim, do Globo, os nomes enviados s\u00e3o\u00a0Felipe Fernandes [&hellip;]<\/p>\n","protected":false},"author":1,"featured_media":11643,"comment_status":"closed","ping_status":"closed","sticky":false,"template":"","format":"standard","meta":{"_monsterinsights_skip_tracking":false,"_monsterinsights_sitenote_active":false,"_monsterinsights_sitenote_note":"","_monsterinsights_sitenote_category":0,"footnotes":""},"categories":[1,7],"tags":[46,6020,86,19,6019,5732,1603,6021,6018,3114,4430,775],"class_list":["post-11642","post","type-post","status-publish","format-standard","has-post-thumbnail","hentry","category-geral","category-infratransporte","tag-agencias-reguladoras","tag-alber-furtado-de-vasconcelos-neto","tag-antaq","tag-antt","tag-caio-cesar-farias-leoncio","tag-felipe-queiroz","tag-jacqueline-wendpap","tag-jose-renato-fialho","tag-lucas-asfor-rocha-lima","tag-lucas-barreto","tag-mariana-pescatori","tag-ministerio-da-infraestrutura"],"yoast_head":"<!-- This site is optimized with the Yoast SEO Premium plugin v25.4 (Yoast SEO v26.0) - https:\/\/yoast.com\/wordpress\/plugins\/seo\/ -->\n<title>Infraestrutura tenta correr para preencher vagas em ag\u00eancias, sem garantia que v\u00e1 conseguir - Ag\u00eancia iNFRA<\/title>\n<meta name=\"robots\" content=\"index, follow, max-snippet:-1, max-image-preview:large, max-video-preview:-1\" \/>\n<link rel=\"canonical\" href=\"https:\/\/agenciainfra.com\/blog\/infraestrutura-tenta-correr-para-preencher-vagas-em-agencias-sem-garantia-que-va-conseguir\/\" \/>\n<meta property=\"og:locale\" content=\"pt_BR\" \/>\n<meta property=\"og:type\" content=\"article\" \/>\n<meta property=\"og:title\" content=\"Infraestrutura tenta correr para preencher vagas em ag\u00eancias, sem garantia que v\u00e1 conseguir\" \/>\n<meta property=\"og:description\" content=\"Dimmi Amora, da Ag\u00eancia iNFRA O Minist\u00e9rio da Infraestrutura encaminhou \u00e0 Casa Civil sugest\u00e3o de nomes para preencher vagas em duas ag\u00eancias reguladoras da \u00e1rea de transportes, a ANTAQ (Ag\u00eancia Nacional de Transportes Aquavi\u00e1rios) e a ANTT (Ag\u00eancia Nacional de Transportes Terrestres). De acordo com o\u00a0colunista Lauro Jardim, do Globo, os nomes enviados s\u00e3o\u00a0Felipe Fernandes [&hellip;]\" \/>\n<meta property=\"og:url\" content=\"https:\/\/agenciainfra.com\/blog\/infraestrutura-tenta-correr-para-preencher-vagas-em-agencias-sem-garantia-que-va-conseguir\/\" \/>\n<meta property=\"og:site_name\" content=\"Ag\u00eancia iNFRA\" \/>\n<meta property=\"article:publisher\" content=\"https:\/\/www.facebook.com\/ageninfra\" \/>\n<meta property=\"article:published_time\" content=\"2022-11-08T12:00:00+00:00\" \/>\n<meta property=\"article:modified_time\" content=\"2022-11-09T18:26:59+00:00\" \/>\n<meta property=\"og:image\" content=\"https:\/\/agenciainfra.com\/blog\/wp-content\/uploads\/2022\/11\/ministerio-da-infraestrutura-foto-ricardo-botelho-minfra.jpeg\" \/>\n\t<meta property=\"og:image:width\" content=\"1280\" \/>\n\t<meta property=\"og:image:height\" content=\"873\" \/>\n\t<meta property=\"og:image:type\" content=\"image\/jpeg\" \/>\n<meta name=\"author\" content=\"Ag\u00eancia iNFRA\" \/>\n<meta name=\"twitter:card\" content=\"summary_large_image\" \/>\n<meta name=\"twitter:creator\" content=\"@agencia_infra\" \/>\n<meta name=\"twitter:site\" content=\"@agencia_infra\" \/>\n<meta name=\"twitter:label1\" content=\"Escrito por\" \/>\n\t<meta name=\"twitter:data1\" content=\"Ag\u00eancia iNFRA\" \/>\n\t<meta name=\"twitter:label2\" content=\"Est. tempo de leitura\" \/>\n\t<meta name=\"twitter:data2\" content=\"3 minutos\" \/>\n<script type=\"application\/ld+json\" class=\"yoast-schema-graph\">{\"@context\":\"https:\/\/schema.org\",\"@graph\":[{\"@type\":\"Article\",\"@id\":\"https:\/\/agenciainfra.com\/blog\/infraestrutura-tenta-correr-para-preencher-vagas-em-agencias-sem-garantia-que-va-conseguir\/#article\",\"isPartOf\":{\"@id\":\"https:\/\/agenciainfra.com\/blog\/infraestrutura-tenta-correr-para-preencher-vagas-em-agencias-sem-garantia-que-va-conseguir\/\"},\"author\":{\"name\":\"Ag\u00eancia iNFRA\",\"@id\":\"https:\/\/agenciainfra.com\/blog\/#\/schema\/person\/34af08dff6adea4cb22b06612ba7acfa\"},\"headline\":\"Infraestrutura tenta correr para preencher vagas em ag\u00eancias, sem garantia que v\u00e1 conseguir\",\"datePublished\":\"2022-11-08T12:00:00+00:00\",\"dateModified\":\"2022-11-09T18:26:59+00:00\",\"mainEntityOfPage\":{\"@id\":\"https:\/\/agenciainfra.com\/blog\/infraestrutura-tenta-correr-para-preencher-vagas-em-agencias-sem-garantia-que-va-conseguir\/\"},\"wordCount\":674,\"publisher\":{\"@id\":\"https:\/\/agenciainfra.com\/blog\/#organization\"},\"image\":{\"@id\":\"https:\/\/agenciainfra.com\/blog\/infraestrutura-tenta-correr-para-preencher-vagas-em-agencias-sem-garantia-que-va-conseguir\/#primaryimage\"},\"thumbnailUrl\":\"https:\/\/agenciainfra.com\/blog\/wp-content\/uploads\/2022\/11\/ministerio-da-infraestrutura-foto-ricardo-botelho-minfra.jpeg\",\"keywords\":[\"Ag\u00eancias Reguladoras\",\"Alber Furtado de Vasconcelos Neto\",\"ANTAQ\",\"ANTT\",\"Caio Cesar Farias Le\u00f4ncio\",\"Felipe Queiroz\",\"Jacqueline Wendpap\",\"Jos\u00e9 Renato Fialho\",\"Lucas Asfor Rocha Lima\",\"Lucas Barreto\",\"Mariana Pescatori\",\"Minist\u00e9rio da Infraestrutura\"],\"articleSection\":[\"Geral\",\"iNFRATransporte\"],\"inLanguage\":\"pt-BR\",\"copyrightYear\":\"2022\",\"copyrightHolder\":{\"@id\":\"https:\/\/agenciainfra.com\/blog\/#organization\"}},{\"@type\":\"WebPage\",\"@id\":\"https:\/\/agenciainfra.com\/blog\/infraestrutura-tenta-correr-para-preencher-vagas-em-agencias-sem-garantia-que-va-conseguir\/\",\"url\":\"https:\/\/agenciainfra.com\/blog\/infraestrutura-tenta-correr-para-preencher-vagas-em-agencias-sem-garantia-que-va-conseguir\/\",\"name\":\"Infraestrutura tenta correr para preencher vagas em ag\u00eancias, sem garantia que v\u00e1 conseguir - Ag\u00eancia iNFRA\",\"isPartOf\":{\"@id\":\"https:\/\/agenciainfra.com\/blog\/#website\"},\"primaryImageOfPage\":{\"@id\":\"https:\/\/agenciainfra.com\/blog\/infraestrutura-tenta-correr-para-preencher-vagas-em-agencias-sem-garantia-que-va-conseguir\/#primaryimage\"},\"image\":{\"@id\":\"https:\/\/agenciainfra.com\/blog\/infraestrutura-tenta-correr-para-preencher-vagas-em-agencias-sem-garantia-que-va-conseguir\/#primaryimage\"},\"thumbnailUrl\":\"https:\/\/agenciainfra.com\/blog\/wp-content\/uploads\/2022\/11\/ministerio-da-infraestrutura-foto-ricardo-botelho-minfra.jpeg\",\"datePublished\":\"2022-11-08T12:00:00+00:00\",\"dateModified\":\"2022-11-09T18:26:59+00:00\",\"breadcrumb\":{\"@id\":\"https:\/\/agenciainfra.com\/blog\/infraestrutura-tenta-correr-para-preencher-vagas-em-agencias-sem-garantia-que-va-conseguir\/#breadcrumb\"},\"inLanguage\":\"pt-BR\",\"potentialAction\":[{\"@type\":\"ReadAction\",\"target\":[\"https:\/\/agenciainfra.com\/blog\/infraestrutura-tenta-correr-para-preencher-vagas-em-agencias-sem-garantia-que-va-conseguir\/\"]}]},{\"@type\":\"ImageObject\",\"inLanguage\":\"pt-BR\",\"@id\":\"https:\/\/agenciainfra.com\/blog\/infraestrutura-tenta-correr-para-preencher-vagas-em-agencias-sem-garantia-que-va-conseguir\/#primaryimage\",\"url\":\"https:\/\/agenciainfra.com\/blog\/wp-content\/uploads\/2022\/11\/ministerio-da-infraestrutura-foto-ricardo-botelho-minfra.jpeg\",\"contentUrl\":\"https:\/\/agenciainfra.com\/blog\/wp-content\/uploads\/2022\/11\/ministerio-da-infraestrutura-foto-ricardo-botelho-minfra.jpeg\",\"width\":1280,\"height\":873},{\"@type\":\"BreadcrumbList\",\"@id\":\"https:\/\/agenciainfra.com\/blog\/infraestrutura-tenta-correr-para-preencher-vagas-em-agencias-sem-garantia-que-va-conseguir\/#breadcrumb\",\"itemListElement\":[{\"@type\":\"ListItem\",\"position\":1,\"name\":\"In\u00edcio\",\"item\":\"https:\/\/agenciainfra.com\/blog\/\"},{\"@type\":\"ListItem\",\"position\":2,\"name\":\"Infraestrutura tenta correr para preencher vagas em ag\u00eancias, sem garantia que v\u00e1 conseguir\"}]},{\"@type\":\"WebSite\",\"@id\":\"https:\/\/agenciainfra.com\/blog\/#website\",\"url\":\"https:\/\/agenciainfra.com\/blog\/\",\"name\":\"Ag\u00eancia iNFRA\",\"description\":\"Multiplataforma de informa\u00e7\u00e3o jornal\u00edstica refer\u00eancia na \u00e1rea de infraestrutura no Brasil!\",\"publisher\":{\"@id\":\"https:\/\/agenciainfra.com\/blog\/#organization\"},\"potentialAction\":[{\"@type\":\"SearchAction\",\"target\":{\"@type\":\"EntryPoint\",\"urlTemplate\":\"https:\/\/agenciainfra.com\/blog\/?s={search_term_string}\"},\"query-input\":{\"@type\":\"PropertyValueSpecification\",\"valueRequired\":true,\"valueName\":\"search_term_string\"}}],\"inLanguage\":\"pt-BR\"},{\"@type\":\"Organization\",\"@id\":\"https:\/\/agenciainfra.com\/blog\/#organization\",\"name\":\"Ag\u00eancia iNFRA\",\"url\":\"https:\/\/agenciainfra.com\/blog\/\",\"logo\":{\"@type\":\"ImageObject\",\"inLanguage\":\"pt-BR\",\"@id\":\"https:\/\/agenciainfra.com\/blog\/#\/schema\/logo\/image\/\",\"url\":\"https:\/\/agenciainfra.com\/blog\/wp-content\/uploads\/2023\/09\/iNFRA_5-e1761735885940.png\",\"contentUrl\":\"https:\/\/agenciainfra.com\/blog\/wp-content\/uploads\/2023\/09\/iNFRA_5-e1761735885940.png\",\"width\":1672,\"height\":454,\"caption\":\"Ag\u00eancia iNFRA\"},\"image\":{\"@id\":\"https:\/\/agenciainfra.com\/blog\/#\/schema\/logo\/image\/\"},\"sameAs\":[\"https:\/\/www.facebook.com\/ageninfra\",\"https:\/\/x.com\/agencia_infra\",\"https:\/\/www.linkedin.com\/company\/ag\u00eanciainfra\/\",\"https:\/\/www.instagram.com\/agenciainfra\/\"]},{\"@type\":\"Person\",\"@id\":\"https:\/\/agenciainfra.com\/blog\/#\/schema\/person\/34af08dff6adea4cb22b06612ba7acfa\",\"name\":\"Ag\u00eancia iNFRA\",\"image\":{\"@type\":\"ImageObject\",\"inLanguage\":\"pt-BR\",\"@id\":\"https:\/\/agenciainfra.com\/blog\/#\/schema\/person\/image\/\",\"url\":\"https:\/\/secure.gravatar.com\/avatar\/d189e01678f06d8eb84d4e01f08eb848b3fffe3f8443818d3c356c66892f5be8?s=96&d=mm&r=g\",\"contentUrl\":\"https:\/\/secure.gravatar.com\/avatar\/d189e01678f06d8eb84d4e01f08eb848b3fffe3f8443818d3c356c66892f5be8?s=96&d=mm&r=g\",\"caption\":\"Ag\u00eancia iNFRA\"},\"url\":\"https:\/\/agenciainfra.com\/blog\/author\/admin\/\"}]}<\/script>\n<!-- \/ Yoast SEO Premium plugin. -->","yoast_head_json":{"title":"Infraestrutura tenta correr para preencher vagas em ag\u00eancias, sem garantia que v\u00e1 conseguir - Ag\u00eancia iNFRA","robots":{"index":"index","follow":"follow","max-snippet":"max-snippet:-1","max-image-preview":"max-image-preview:large","max-video-preview":"max-video-preview:-1"},"canonical":"https:\/\/agenciainfra.com\/blog\/infraestrutura-tenta-correr-para-preencher-vagas-em-agencias-sem-garantia-que-va-conseguir\/","og_locale":"pt_BR","og_type":"article","og_title":"Infraestrutura tenta correr para preencher vagas em ag\u00eancias, sem garantia que v\u00e1 conseguir","og_description":"Dimmi Amora, da Ag\u00eancia iNFRA O Minist\u00e9rio da Infraestrutura encaminhou \u00e0 Casa Civil sugest\u00e3o de nomes para preencher vagas em duas ag\u00eancias reguladoras da \u00e1rea de transportes, a ANTAQ (Ag\u00eancia Nacional de Transportes Aquavi\u00e1rios) e a ANTT (Ag\u00eancia Nacional de Transportes Terrestres). De acordo com o\u00a0colunista Lauro Jardim, do Globo, os nomes enviados s\u00e3o\u00a0Felipe Fernandes [&hellip;]","og_url":"https:\/\/agenciainfra.com\/blog\/infraestrutura-tenta-correr-para-preencher-vagas-em-agencias-sem-garantia-que-va-conseguir\/","og_site_name":"Ag\u00eancia iNFRA","article_publisher":"https:\/\/www.facebook.com\/ageninfra","article_published_time":"2022-11-08T12:00:00+00:00","article_modified_time":"2022-11-09T18:26:59+00:00","og_image":[{"width":1280,"height":873,"url":"https:\/\/agenciainfra.com\/blog\/wp-content\/uploads\/2022\/11\/ministerio-da-infraestrutura-foto-ricardo-botelho-minfra.jpeg","type":"image\/jpeg"}],"author":"Ag\u00eancia iNFRA","twitter_card":"summary_large_image","twitter_creator":"@agencia_infra","twitter_site":"@agencia_infra","twitter_misc":{"Escrito por":"Ag\u00eancia iNFRA","Est. tempo de leitura":"3 minutos"},"schema":{"@context":"https:\/\/schema.org","@graph":[{"@type":"Article","@id":"https:\/\/agenciainfra.com\/blog\/infraestrutura-tenta-correr-para-preencher-vagas-em-agencias-sem-garantia-que-va-conseguir\/#article","isPartOf":{"@id":"https:\/\/agenciainfra.com\/blog\/infraestrutura-tenta-correr-para-preencher-vagas-em-agencias-sem-garantia-que-va-conseguir\/"},"author":{"name":"Ag\u00eancia iNFRA","@id":"https:\/\/agenciainfra.com\/blog\/#\/schema\/person\/34af08dff6adea4cb22b06612ba7acfa"},"headline":"Infraestrutura tenta correr para preencher vagas em ag\u00eancias, sem garantia que v\u00e1 conseguir","datePublished":"2022-11-08T12:00:00+00:00","dateModified":"2022-11-09T18:26:59+00:00","mainEntityOfPage":{"@id":"https:\/\/agenciainfra.com\/blog\/infraestrutura-tenta-correr-para-preencher-vagas-em-agencias-sem-garantia-que-va-conseguir\/"},"wordCount":674,"publisher":{"@id":"https:\/\/agenciainfra.com\/blog\/#organization"},"image":{"@id":"https:\/\/agenciainfra.com\/blog\/infraestrutura-tenta-correr-para-preencher-vagas-em-agencias-sem-garantia-que-va-conseguir\/#primaryimage"},"thumbnailUrl":"https:\/\/agenciainfra.com\/blog\/wp-content\/uploads\/2022\/11\/ministerio-da-infraestrutura-foto-ricardo-botelho-minfra.jpeg","keywords":["Ag\u00eancias Reguladoras","Alber Furtado de Vasconcelos Neto","ANTAQ","ANTT","Caio Cesar Farias Le\u00f4ncio","Felipe Queiroz","Jacqueline Wendpap","Jos\u00e9 Renato Fialho","Lucas Asfor Rocha Lima","Lucas Barreto","Mariana Pescatori","Minist\u00e9rio da Infraestrutura"],"articleSection":["Geral","iNFRATransporte"],"inLanguage":"pt-BR","copyrightYear":"2022","copyrightHolder":{"@id":"https:\/\/agenciainfra.com\/blog\/#organization"}},{"@type":"WebPage","@id":"https:\/\/agenciainfra.com\/blog\/infraestrutura-tenta-correr-para-preencher-vagas-em-agencias-sem-garantia-que-va-conseguir\/","url":"https:\/\/agenciainfra.com\/blog\/infraestrutura-tenta-correr-para-preencher-vagas-em-agencias-sem-garantia-que-va-conseguir\/","name":"Infraestrutura tenta correr para preencher vagas em ag\u00eancias, sem garantia que v\u00e1 conseguir - Ag\u00eancia iNFRA","isPartOf":{"@id":"https:\/\/agenciainfra.com\/blog\/#website"},"primaryImageOfPage":{"@id":"https:\/\/agenciainfra.com\/blog\/infraestrutura-tenta-correr-para-preencher-vagas-em-agencias-sem-garantia-que-va-conseguir\/#primaryimage"},"image":{"@id":"https:\/\/agenciainfra.com\/blog\/infraestrutura-tenta-correr-para-preencher-vagas-em-agencias-sem-garantia-que-va-conseguir\/#primaryimage"},"thumbnailUrl":"https:\/\/agenciainfra.com\/blog\/wp-content\/uploads\/2022\/11\/ministerio-da-infraestrutura-foto-ricardo-botelho-minfra.jpeg","datePublished":"2022-11-08T12:00:00+00:00","dateModified":"2022-11-09T18:26:59+00:00","breadcrumb":{"@id":"https:\/\/agenciainfra.com\/blog\/infraestrutura-tenta-correr-para-preencher-vagas-em-agencias-sem-garantia-que-va-conseguir\/#breadcrumb"},"inLanguage":"pt-BR","potentialAction":[{"@type":"ReadAction","target":["https:\/\/agenciainfra.com\/blog\/infraestrutura-tenta-correr-para-preencher-vagas-em-agencias-sem-garantia-que-va-conseguir\/"]}]},{"@type":"ImageObject","inLanguage":"pt-BR","@id":"https:\/\/agenciainfra.com\/blog\/infraestrutura-tenta-correr-para-preencher-vagas-em-agencias-sem-garantia-que-va-conseguir\/#primaryimage","url":"https:\/\/agenciainfra.com\/blog\/wp-content\/uploads\/2022\/11\/ministerio-da-infraestrutura-foto-ricardo-botelho-minfra.jpeg","contentUrl":"https:\/\/agenciainfra.com\/blog\/wp-content\/uploads\/2022\/11\/ministerio-da-infraestrutura-foto-ricardo-botelho-minfra.jpeg","width":1280,"height":873},{"@type":"BreadcrumbList","@id":"https:\/\/agenciainfra.com\/blog\/infraestrutura-tenta-correr-para-preencher-vagas-em-agencias-sem-garantia-que-va-conseguir\/#breadcrumb","itemListElement":[{"@type":"ListItem","position":1,"name":"In\u00edcio","item":"https:\/\/agenciainfra.com\/blog\/"},{"@type":"ListItem","position":2,"name":"Infraestrutura tenta correr para preencher vagas em ag\u00eancias, sem garantia que v\u00e1 conseguir"}]},{"@type":"WebSite","@id":"https:\/\/agenciainfra.com\/blog\/#website","url":"https:\/\/agenciainfra.com\/blog\/","name":"Ag\u00eancia iNFRA","description":"Multiplataforma de informa\u00e7\u00e3o jornal\u00edstica refer\u00eancia na \u00e1rea de infraestrutura no Brasil!","publisher":{"@id":"https:\/\/agenciainfra.com\/blog\/#organization"},"potentialAction":[{"@type":"SearchAction","target":{"@type":"EntryPoint","urlTemplate":"https:\/\/agenciainfra.com\/blog\/?s={search_term_string}"},"query-input":{"@type":"PropertyValueSpecification","valueRequired":true,"valueName":"search_term_string"}}],"inLanguage":"pt-BR"},{"@type":"Organization","@id":"https:\/\/agenciainfra.com\/blog\/#organization","name":"Ag\u00eancia iNFRA","url":"https:\/\/agenciainfra.com\/blog\/","logo":{"@type":"ImageObject","inLanguage":"pt-BR","@id":"https:\/\/agenciainfra.com\/blog\/#\/schema\/logo\/image\/","url":"https:\/\/agenciainfra.com\/blog\/wp-content\/uploads\/2023\/09\/iNFRA_5-e1761735885940.png","contentUrl":"https:\/\/agenciainfra.com\/blog\/wp-content\/uploads\/2023\/09\/iNFRA_5-e1761735885940.png","width":1672,"height":454,"caption":"Ag\u00eancia iNFRA"},"image":{"@id":"https:\/\/agenciainfra.com\/blog\/#\/schema\/logo\/image\/"},"sameAs":["https:\/\/www.facebook.com\/ageninfra","https:\/\/x.com\/agencia_infra","https:\/\/www.linkedin.com\/company\/ag\u00eanciainfra\/","https:\/\/www.instagram.com\/agenciainfra\/"]},{"@type":"Person","@id":"https:\/\/agenciainfra.com\/blog\/#\/schema\/person\/34af08dff6adea4cb22b06612ba7acfa","name":"Ag\u00eancia iNFRA","image":{"@type":"ImageObject","inLanguage":"pt-BR","@id":"https:\/\/agenciainfra.com\/blog\/#\/schema\/person\/image\/","url":"https:\/\/secure.gravatar.com\/avatar\/d189e01678f06d8eb84d4e01f08eb848b3fffe3f8443818d3c356c66892f5be8?s=96&d=mm&r=g","contentUrl":"https:\/\/secure.gravatar.com\/avatar\/d189e01678f06d8eb84d4e01f08eb848b3fffe3f8443818d3c356c66892f5be8?s=96&d=mm&r=g","caption":"Ag\u00eancia iNFRA"},"url":"https:\/\/agenciainfra.com\/blog\/author\/admin\/"}]}},"_links":{"self":[{"href":"https:\/\/agenciainfra.com\/blog\/wp-json\/wp\/v2\/posts\/11642","targetHints":{"allow":["GET"]}}],"collection":[{"href":"https:\/\/agenciainfra.com\/blog\/wp-json\/wp\/v2\/posts"}],"about":[{"href":"https:\/\/agenciainfra.com\/blog\/wp-json\/wp\/v2\/types\/post"}],"author":[{"embeddable":true,"href":"https:\/\/agenciainfra.com\/blog\/wp-json\/wp\/v2\/users\/1"}],"replies":[{"embeddable":true,"href":"https:\/\/agenciainfra.com\/blog\/wp-json\/wp\/v2\/comments?post=11642"}],"version-history":[{"count":0,"href":"https:\/\/agenciainfra.com\/blog\/wp-json\/wp\/v2\/posts\/11642\/revisions"}],"wp:featuredmedia":[{"embeddable":true,"href":"https:\/\/agenciainfra.com\/blog\/wp-json\/wp\/v2\/media\/11643"}],"wp:attachment":[{"href":"https:\/\/agenciainfra.com\/blog\/wp-json\/wp\/v2\/media?parent=11642"}],"wp:term":[{"taxonomy":"category","embeddable":true,"href":"https:\/\/agenciainfra.com\/blog\/wp-json\/wp\/v2\/categories?post=11642"},{"taxonomy":"post_tag","embeddable":true,"href":"https:\/\/agenciainfra.com\/blog\/wp-json\/wp\/v2\/tags?post=11642"}],"curies":[{"name":"wp","href":"https:\/\/api.w.org\/{rel}","templated":true}]}}