{"id":11668,"date":"2022-11-11T09:00:00","date_gmt":"2022-11-11T12:00:00","guid":{"rendered":"https:\/\/www.agenciainfra.com\/blog\/?p=11668"},"modified":"2022-11-09T15:25:05","modified_gmt":"2022-11-09T18:25:05","slug":"proposta-de-concessao-do-porto-de-santos-quer-aumentar-tarifas-de-terminais-e-reduzir-as-de-navios","status":"publish","type":"post","link":"https:\/\/agenciainfra.com\/blog\/proposta-de-concessao-do-porto-de-santos-quer-aumentar-tarifas-de-terminais-e-reduzir-as-de-navios\/","title":{"rendered":"Proposta de concess\u00e3o do Porto de Santos quer aumentar tarifas de terminais e reduzir as de navios"},"content":{"rendered":"\n<p class=\"has-text-align-right\"><strong>Dimmi Amora, da Ag\u00eancia iNFRA<\/strong><\/p>\n\n\n\n<p>A proposta para a concess\u00e3o do Porto de Santos (SP), alterada pelo governo ap\u00f3s o processo de consulta p\u00fablica, estima redu\u00e7\u00e3o das tarifas que ser\u00e3o cobradas dos navios pelo futuro concession\u00e1rio e aumento das que v\u00e3o ser cobradas pela movimenta\u00e7\u00e3o dos terminais.<br><br>A informa\u00e7\u00e3o consta no relat\u00f3rio do TCU (Tribunal de Contas da Uni\u00e3o) que analisou a proposta de concess\u00e3o do porto encaminhada pelo governo. De acordo com o documento, as tabelas I e II de tarifas portu\u00e1rias teriam redu\u00e7\u00e3o dos pre\u00e7os-teto de 26% e 13%, respectivamente. J\u00e1 a tabela III, teria um aumento desse pre\u00e7o-teto de 8%.<br><br>As regras tarif\u00e1rias previstas para a concess\u00e3o formam um sistema complexo, que imp\u00f5e limites de arrecada\u00e7\u00e3o ao futuro concession\u00e1rio, para evitar que os pre\u00e7os cobrados para o uso do porto disparem. Por isso, considerando a m\u00e9dia das redu\u00e7\u00f5es e aumentos das tr\u00eas tarifas, a estimativa do TCU \u00e9 de que haja uma redu\u00e7\u00e3o dos valores arrecadados com esse item pelo concession\u00e1rio em cerca de 19,2%.<br><br>No entanto, essa redu\u00e7\u00e3o pode n\u00e3o ser sentida pelos usu\u00e1rios dos portos na avalia\u00e7\u00e3o do consultor de log\u00edstica Frederico Bussinger, que vem acompanhando o processo de desestatiza\u00e7\u00e3o do porto desde seu in\u00edcio. Ele explicou que as tabelas I e II s\u00e3o cobradas dos navios.\u00a0A\u00a0primeira pelo uso do canal, que ele compara a um ped\u00e1gio;\u00a0e a segunda para os navios acostarem, o que ele compara a um\u00a0estacionamento.<br><br>Segundo ele, quem paga essa tarifa s\u00e3o os armadores, donos de navios. Mas Bussinger alerta que os pre\u00e7os cobrados pelos armadores para transportar, o chamado frete, \u00e9 estipulado por valores internacionais, com quase nenhuma influ\u00eancia de custos locais. N\u00e3o h\u00e1 garantia, portanto, de que os armadores v\u00e3o repassar esses ganhos aos usu\u00e1rios.<br><br>J\u00e1 no caso da tabela III, a situa\u00e7\u00e3o \u00e9 diferente. Segundo ele, esses valores s\u00e3o pagos pelos terminais ou operadores pelo uso da infraestrutura terrestre do porto. Em geral, esses custos s\u00e3o repassados para os usu\u00e1rios dos portos diretamente, o que tende a aumentar os custos para empresas que se utilizam do porto para transportar.<br><br>&#8220;Esse \u00e9 custo na veia&#8221;, avaliou Bussinger, que foi diretor da estatal do porto e tamb\u00e9m presidiu a Companhia Docas de S\u00e3o Sebasti\u00e3o.<br><br><strong>Conta<\/strong><br>Bussinger avalia que, tecnicamente, essa modelagem faz com que o porto tenha um maior valor porque, em tese, o concession\u00e1rio se beneficiaria de mais navios se utilizando de suas instala\u00e7\u00f5es, o que traz mais carga e maior movimento. Mas, para ele, esse conta poder\u00e1 acabar recaindo sobre os usu\u00e1rios do porto, que t\u00eam pouco poder de barganha para levar as cargas para outros lugares.<br><br><a rel=\"noreferrer noopener\" href=\"https:\/\/agenciainfra.com\/blog\/inclusao-de-tunel-aumenta-risco-e-reduz-em-r-05-bi-outorga-da-concessao-do-porto-de-santos\/\" data-type=\"URL\" data-id=\"https:\/\/agenciainfra.com\/blog\/inclusao-de-tunel-aumenta-risco-e-reduz-em-r-05-bi-outorga-da-concessao-do-porto-de-santos\/\" target=\"_blank\">Reportagem<\/a> da\u00a0<strong>Ag\u00eancia iNFRA<\/strong>\u00a0sobre o relat\u00f3rio mostra que os auditores apontaram diversos problemas para a concess\u00e3o do porto de Santos, especialmente na inclus\u00e3o da constru\u00e7\u00e3o e opera\u00e7\u00e3o de um t\u00fanel entre as cidades de Santos e Guaruj\u00e1, o que ampliou significativamente os riscos da concess\u00e3o.<br><br>Na an\u00e1lise que fez sobre o relat\u00f3rio do TCU, Bussinger avaliou que o documento n\u00e3o fez uma an\u00e1lise aprofundada sobre diversos pontos e ignorou algumas avalia\u00e7\u00f5es, como o estudo de mercado. Nas justificativas, os auditores informam que essas an\u00e1lises n\u00e3o foram empreendidas pela &#8220;celeridade&#8221; pedida pelo relator, o ministro Bruno Dantas. Por sete vezes os auditores justificaram assim algum item que n\u00e3o foi aprofundado.<br><br>&#8220;E h\u00e1 coisas relevantes. Eles justificam dessa forma n\u00e3o terem feito o estudo de mercado&#8221;, exemplificou\u00a0Bussinger.<br><br><strong>Riscos<\/strong><br>A falta de aprofundamento em v\u00e1rias quest\u00f5es e, consequentemente, a avalia\u00e7\u00e3o sobre as consequ\u00eancias do que pode ocorrer com a concess\u00e3o, para Bussinger, deixam o relat\u00f3rio com um aspecto inconclusivo.\u00a0Isso dever\u00e1 fazer com que o relator fique com maior poder para decidir sobre se segue ou n\u00e3o com o processo, na avalia\u00e7\u00e3o do consultor.<br><br>A estimativa do relator era levar o processo ao plen\u00e1rio at\u00e9 o fim deste m\u00eas para ter a chance de o atual governo, se quisesse, ainda publicar o edital e fazer o leil\u00e3o neste ano. Mas essa possibilidade \u00e9 considerada cada vez mais remota, devido ao fato de o PT, partido do candidato eleito, j\u00e1 ter se colocado contr\u00e1rio \u00e0 concess\u00e3o de Santos no momento, o que \u00e9 considerado um processo a\u00e7odado.<br><br>O pr\u00f3prio mercado, de acordo com agentes que pediram para n\u00e3o serem identificados, tem indicado ao governo que n\u00e3o est\u00e1 disposto a entrar num projeto com tamanho risco, especialmente os relacionados \u00e0 constru\u00e7\u00e3o e opera\u00e7\u00e3o do t\u00fanel.<\/p>\n","protected":false},"excerpt":{"rendered":"<p>Dimmi Amora, da Ag\u00eancia iNFRA A proposta para a concess\u00e3o do Porto de Santos (SP), alterada pelo governo ap\u00f3s o processo de consulta p\u00fablica, estima redu\u00e7\u00e3o das tarifas que ser\u00e3o cobradas dos navios pelo futuro concession\u00e1rio e aumento das que v\u00e3o ser cobradas pela movimenta\u00e7\u00e3o dos terminais. A informa\u00e7\u00e3o consta no relat\u00f3rio do TCU (Tribunal [&hellip;]<\/p>\n","protected":false},"author":1,"featured_media":7481,"comment_status":"closed","ping_status":"closed","sticky":false,"template":"","format":"standard","meta":{"_monsterinsights_skip_tracking":false,"_monsterinsights_sitenote_active":false,"_monsterinsights_sitenote_note":"","_monsterinsights_sitenote_category":0,"footnotes":""},"categories":[1,7],"tags":[396,22,192,898,260,18,623,927,5535],"class_list":["post-11668","post","type-post","status-publish","format-standard","has-post-thumbnail","hentry","category-geral","category-infratransporte","tag-bruno-dantas","tag-concessao","tag-desestatizacao","tag-frederico-bussinger","tag-porto-de-santos","tag-tcu","tag-terminais-portuarios","tag-tribunal-de-contas-da-uniao","tag-tunel-santos-guaruja"],"yoast_head":"<!-- This site is optimized with the Yoast SEO Premium plugin v25.4 (Yoast SEO v26.0) - https:\/\/yoast.com\/wordpress\/plugins\/seo\/ -->\n<title>Proposta de concess\u00e3o do Porto de Santos quer aumentar tarifas de terminais e reduzir as de navios - Ag\u00eancia iNFRA<\/title>\n<meta name=\"robots\" content=\"index, follow, max-snippet:-1, max-image-preview:large, max-video-preview:-1\" \/>\n<link rel=\"canonical\" href=\"https:\/\/agenciainfra.com\/blog\/proposta-de-concessao-do-porto-de-santos-quer-aumentar-tarifas-de-terminais-e-reduzir-as-de-navios\/\" \/>\n<meta property=\"og:locale\" content=\"pt_BR\" \/>\n<meta property=\"og:type\" content=\"article\" \/>\n<meta property=\"og:title\" content=\"Proposta de concess\u00e3o do Porto de Santos quer aumentar tarifas de terminais e reduzir as de navios\" \/>\n<meta property=\"og:description\" content=\"Dimmi Amora, da Ag\u00eancia iNFRA A proposta para a concess\u00e3o do Porto de Santos (SP), alterada pelo governo ap\u00f3s o processo de consulta p\u00fablica, estima redu\u00e7\u00e3o das tarifas que ser\u00e3o cobradas dos navios pelo futuro concession\u00e1rio e aumento das que v\u00e3o ser cobradas pela movimenta\u00e7\u00e3o dos terminais. A informa\u00e7\u00e3o consta no relat\u00f3rio do TCU (Tribunal [&hellip;]\" \/>\n<meta property=\"og:url\" content=\"https:\/\/agenciainfra.com\/blog\/proposta-de-concessao-do-porto-de-santos-quer-aumentar-tarifas-de-terminais-e-reduzir-as-de-navios\/\" \/>\n<meta property=\"og:site_name\" content=\"Ag\u00eancia iNFRA\" \/>\n<meta property=\"article:publisher\" content=\"https:\/\/www.facebook.com\/ageninfra\" \/>\n<meta property=\"article:published_time\" content=\"2022-11-11T12:00:00+00:00\" \/>\n<meta property=\"og:image\" content=\"https:\/\/agenciainfra.com\/blog\/wp-content\/uploads\/2021\/06\/porto-de-santos-foto-porto-de-santos.jpeg\" \/>\n\t<meta property=\"og:image:width\" content=\"1280\" \/>\n\t<meta property=\"og:image:height\" content=\"959\" \/>\n\t<meta property=\"og:image:type\" content=\"image\/jpeg\" \/>\n<meta name=\"author\" content=\"Ag\u00eancia iNFRA\" \/>\n<meta name=\"twitter:card\" content=\"summary_large_image\" \/>\n<meta name=\"twitter:creator\" content=\"@agencia_infra\" \/>\n<meta name=\"twitter:site\" content=\"@agencia_infra\" \/>\n<meta name=\"twitter:label1\" content=\"Escrito por\" \/>\n\t<meta name=\"twitter:data1\" content=\"Ag\u00eancia iNFRA\" \/>\n\t<meta name=\"twitter:label2\" content=\"Est. tempo de leitura\" \/>\n\t<meta name=\"twitter:data2\" content=\"4 minutos\" \/>\n<script type=\"application\/ld+json\" class=\"yoast-schema-graph\">{\"@context\":\"https:\/\/schema.org\",\"@graph\":[{\"@type\":\"Article\",\"@id\":\"https:\/\/agenciainfra.com\/blog\/proposta-de-concessao-do-porto-de-santos-quer-aumentar-tarifas-de-terminais-e-reduzir-as-de-navios\/#article\",\"isPartOf\":{\"@id\":\"https:\/\/agenciainfra.com\/blog\/proposta-de-concessao-do-porto-de-santos-quer-aumentar-tarifas-de-terminais-e-reduzir-as-de-navios\/\"},\"author\":{\"name\":\"Ag\u00eancia iNFRA\",\"@id\":\"https:\/\/agenciainfra.com\/blog\/#\/schema\/person\/34af08dff6adea4cb22b06612ba7acfa\"},\"headline\":\"Proposta de concess\u00e3o do Porto de Santos quer aumentar tarifas de terminais e reduzir as de navios\",\"datePublished\":\"2022-11-11T12:00:00+00:00\",\"mainEntityOfPage\":{\"@id\":\"https:\/\/agenciainfra.com\/blog\/proposta-de-concessao-do-porto-de-santos-quer-aumentar-tarifas-de-terminais-e-reduzir-as-de-navios\/\"},\"wordCount\":822,\"publisher\":{\"@id\":\"https:\/\/agenciainfra.com\/blog\/#organization\"},\"image\":{\"@id\":\"https:\/\/agenciainfra.com\/blog\/proposta-de-concessao-do-porto-de-santos-quer-aumentar-tarifas-de-terminais-e-reduzir-as-de-navios\/#primaryimage\"},\"thumbnailUrl\":\"https:\/\/agenciainfra.com\/blog\/wp-content\/uploads\/2021\/06\/porto-de-santos-foto-porto-de-santos-e1763135113767.jpeg\",\"keywords\":[\"Bruno Dantas\",\"Concess\u00e3o\",\"desestatiza\u00e7\u00e3o\",\"Frederico Bussinger\",\"Porto de Santos\",\"TCU\",\"terminais portu\u00e1rios\",\"Tribunal de Contas da Uni\u00e3o\",\"t\u00fanel Santos-Guaruj\u00e1\"],\"articleSection\":[\"Geral\",\"iNFRATransporte\"],\"inLanguage\":\"pt-BR\",\"copyrightYear\":\"2022\",\"copyrightHolder\":{\"@id\":\"https:\/\/agenciainfra.com\/blog\/#organization\"}},{\"@type\":\"WebPage\",\"@id\":\"https:\/\/agenciainfra.com\/blog\/proposta-de-concessao-do-porto-de-santos-quer-aumentar-tarifas-de-terminais-e-reduzir-as-de-navios\/\",\"url\":\"https:\/\/agenciainfra.com\/blog\/proposta-de-concessao-do-porto-de-santos-quer-aumentar-tarifas-de-terminais-e-reduzir-as-de-navios\/\",\"name\":\"Proposta de concess\u00e3o do Porto de Santos quer aumentar tarifas de terminais e reduzir as de navios - Ag\u00eancia iNFRA\",\"isPartOf\":{\"@id\":\"https:\/\/agenciainfra.com\/blog\/#website\"},\"primaryImageOfPage\":{\"@id\":\"https:\/\/agenciainfra.com\/blog\/proposta-de-concessao-do-porto-de-santos-quer-aumentar-tarifas-de-terminais-e-reduzir-as-de-navios\/#primaryimage\"},\"image\":{\"@id\":\"https:\/\/agenciainfra.com\/blog\/proposta-de-concessao-do-porto-de-santos-quer-aumentar-tarifas-de-terminais-e-reduzir-as-de-navios\/#primaryimage\"},\"thumbnailUrl\":\"https:\/\/agenciainfra.com\/blog\/wp-content\/uploads\/2021\/06\/porto-de-santos-foto-porto-de-santos-e1763135113767.jpeg\",\"datePublished\":\"2022-11-11T12:00:00+00:00\",\"breadcrumb\":{\"@id\":\"https:\/\/agenciainfra.com\/blog\/proposta-de-concessao-do-porto-de-santos-quer-aumentar-tarifas-de-terminais-e-reduzir-as-de-navios\/#breadcrumb\"},\"inLanguage\":\"pt-BR\",\"potentialAction\":[{\"@type\":\"ReadAction\",\"target\":[\"https:\/\/agenciainfra.com\/blog\/proposta-de-concessao-do-porto-de-santos-quer-aumentar-tarifas-de-terminais-e-reduzir-as-de-navios\/\"]}]},{\"@type\":\"ImageObject\",\"inLanguage\":\"pt-BR\",\"@id\":\"https:\/\/agenciainfra.com\/blog\/proposta-de-concessao-do-porto-de-santos-quer-aumentar-tarifas-de-terminais-e-reduzir-as-de-navios\/#primaryimage\",\"url\":\"https:\/\/agenciainfra.com\/blog\/wp-content\/uploads\/2021\/06\/porto-de-santos-foto-porto-de-santos-e1763135113767.jpeg\",\"contentUrl\":\"https:\/\/agenciainfra.com\/blog\/wp-content\/uploads\/2021\/06\/porto-de-santos-foto-porto-de-santos-e1763135113767.jpeg\",\"width\":1280,\"height\":787,\"caption\":\"Foto: Autoridade Portu\u00e1ria de Santos\"},{\"@type\":\"BreadcrumbList\",\"@id\":\"https:\/\/agenciainfra.com\/blog\/proposta-de-concessao-do-porto-de-santos-quer-aumentar-tarifas-de-terminais-e-reduzir-as-de-navios\/#breadcrumb\",\"itemListElement\":[{\"@type\":\"ListItem\",\"position\":1,\"name\":\"In\u00edcio\",\"item\":\"https:\/\/agenciainfra.com\/blog\/\"},{\"@type\":\"ListItem\",\"position\":2,\"name\":\"Proposta de concess\u00e3o do Porto de Santos quer aumentar tarifas de terminais e reduzir as de navios\"}]},{\"@type\":\"WebSite\",\"@id\":\"https:\/\/agenciainfra.com\/blog\/#website\",\"url\":\"https:\/\/agenciainfra.com\/blog\/\",\"name\":\"Ag\u00eancia iNFRA\",\"description\":\"Multiplataforma de informa\u00e7\u00e3o jornal\u00edstica refer\u00eancia na \u00e1rea de infraestrutura no Brasil!\",\"publisher\":{\"@id\":\"https:\/\/agenciainfra.com\/blog\/#organization\"},\"potentialAction\":[{\"@type\":\"SearchAction\",\"target\":{\"@type\":\"EntryPoint\",\"urlTemplate\":\"https:\/\/agenciainfra.com\/blog\/?s={search_term_string}\"},\"query-input\":{\"@type\":\"PropertyValueSpecification\",\"valueRequired\":true,\"valueName\":\"search_term_string\"}}],\"inLanguage\":\"pt-BR\"},{\"@type\":\"Organization\",\"@id\":\"https:\/\/agenciainfra.com\/blog\/#organization\",\"name\":\"Ag\u00eancia iNFRA\",\"url\":\"https:\/\/agenciainfra.com\/blog\/\",\"logo\":{\"@type\":\"ImageObject\",\"inLanguage\":\"pt-BR\",\"@id\":\"https:\/\/agenciainfra.com\/blog\/#\/schema\/logo\/image\/\",\"url\":\"https:\/\/agenciainfra.com\/blog\/wp-content\/uploads\/2023\/09\/iNFRA_5-e1761735885940.png\",\"contentUrl\":\"https:\/\/agenciainfra.com\/blog\/wp-content\/uploads\/2023\/09\/iNFRA_5-e1761735885940.png\",\"width\":1672,\"height\":454,\"caption\":\"Ag\u00eancia iNFRA\"},\"image\":{\"@id\":\"https:\/\/agenciainfra.com\/blog\/#\/schema\/logo\/image\/\"},\"sameAs\":[\"https:\/\/www.facebook.com\/ageninfra\",\"https:\/\/x.com\/agencia_infra\",\"https:\/\/www.linkedin.com\/company\/ag\u00eanciainfra\/\",\"https:\/\/www.instagram.com\/agenciainfra\/\"]},{\"@type\":\"Person\",\"@id\":\"https:\/\/agenciainfra.com\/blog\/#\/schema\/person\/34af08dff6adea4cb22b06612ba7acfa\",\"name\":\"Ag\u00eancia iNFRA\",\"image\":{\"@type\":\"ImageObject\",\"inLanguage\":\"pt-BR\",\"@id\":\"https:\/\/agenciainfra.com\/blog\/#\/schema\/person\/image\/\",\"url\":\"https:\/\/secure.gravatar.com\/avatar\/d189e01678f06d8eb84d4e01f08eb848b3fffe3f8443818d3c356c66892f5be8?s=96&d=mm&r=g\",\"contentUrl\":\"https:\/\/secure.gravatar.com\/avatar\/d189e01678f06d8eb84d4e01f08eb848b3fffe3f8443818d3c356c66892f5be8?s=96&d=mm&r=g\",\"caption\":\"Ag\u00eancia iNFRA\"},\"url\":\"https:\/\/agenciainfra.com\/blog\/author\/admin\/\"}]}<\/script>\n<!-- \/ Yoast SEO Premium plugin. -->","yoast_head_json":{"title":"Proposta de concess\u00e3o do Porto de Santos quer aumentar tarifas de terminais e reduzir as de navios - Ag\u00eancia iNFRA","robots":{"index":"index","follow":"follow","max-snippet":"max-snippet:-1","max-image-preview":"max-image-preview:large","max-video-preview":"max-video-preview:-1"},"canonical":"https:\/\/agenciainfra.com\/blog\/proposta-de-concessao-do-porto-de-santos-quer-aumentar-tarifas-de-terminais-e-reduzir-as-de-navios\/","og_locale":"pt_BR","og_type":"article","og_title":"Proposta de concess\u00e3o do Porto de Santos quer aumentar tarifas de terminais e reduzir as de navios","og_description":"Dimmi Amora, da Ag\u00eancia iNFRA A proposta para a concess\u00e3o do Porto de Santos (SP), alterada pelo governo ap\u00f3s o processo de consulta p\u00fablica, estima redu\u00e7\u00e3o das tarifas que ser\u00e3o cobradas dos navios pelo futuro concession\u00e1rio e aumento das que v\u00e3o ser cobradas pela movimenta\u00e7\u00e3o dos terminais. A informa\u00e7\u00e3o consta no relat\u00f3rio do TCU (Tribunal [&hellip;]","og_url":"https:\/\/agenciainfra.com\/blog\/proposta-de-concessao-do-porto-de-santos-quer-aumentar-tarifas-de-terminais-e-reduzir-as-de-navios\/","og_site_name":"Ag\u00eancia iNFRA","article_publisher":"https:\/\/www.facebook.com\/ageninfra","article_published_time":"2022-11-11T12:00:00+00:00","og_image":[{"width":1280,"height":959,"url":"https:\/\/agenciainfra.com\/blog\/wp-content\/uploads\/2021\/06\/porto-de-santos-foto-porto-de-santos.jpeg","type":"image\/jpeg"}],"author":"Ag\u00eancia iNFRA","twitter_card":"summary_large_image","twitter_creator":"@agencia_infra","twitter_site":"@agencia_infra","twitter_misc":{"Escrito por":"Ag\u00eancia iNFRA","Est. tempo de leitura":"4 minutos"},"schema":{"@context":"https:\/\/schema.org","@graph":[{"@type":"Article","@id":"https:\/\/agenciainfra.com\/blog\/proposta-de-concessao-do-porto-de-santos-quer-aumentar-tarifas-de-terminais-e-reduzir-as-de-navios\/#article","isPartOf":{"@id":"https:\/\/agenciainfra.com\/blog\/proposta-de-concessao-do-porto-de-santos-quer-aumentar-tarifas-de-terminais-e-reduzir-as-de-navios\/"},"author":{"name":"Ag\u00eancia iNFRA","@id":"https:\/\/agenciainfra.com\/blog\/#\/schema\/person\/34af08dff6adea4cb22b06612ba7acfa"},"headline":"Proposta de concess\u00e3o do Porto de Santos quer aumentar tarifas de terminais e reduzir as de navios","datePublished":"2022-11-11T12:00:00+00:00","mainEntityOfPage":{"@id":"https:\/\/agenciainfra.com\/blog\/proposta-de-concessao-do-porto-de-santos-quer-aumentar-tarifas-de-terminais-e-reduzir-as-de-navios\/"},"wordCount":822,"publisher":{"@id":"https:\/\/agenciainfra.com\/blog\/#organization"},"image":{"@id":"https:\/\/agenciainfra.com\/blog\/proposta-de-concessao-do-porto-de-santos-quer-aumentar-tarifas-de-terminais-e-reduzir-as-de-navios\/#primaryimage"},"thumbnailUrl":"https:\/\/agenciainfra.com\/blog\/wp-content\/uploads\/2021\/06\/porto-de-santos-foto-porto-de-santos-e1763135113767.jpeg","keywords":["Bruno Dantas","Concess\u00e3o","desestatiza\u00e7\u00e3o","Frederico Bussinger","Porto de Santos","TCU","terminais portu\u00e1rios","Tribunal de Contas da Uni\u00e3o","t\u00fanel Santos-Guaruj\u00e1"],"articleSection":["Geral","iNFRATransporte"],"inLanguage":"pt-BR","copyrightYear":"2022","copyrightHolder":{"@id":"https:\/\/agenciainfra.com\/blog\/#organization"}},{"@type":"WebPage","@id":"https:\/\/agenciainfra.com\/blog\/proposta-de-concessao-do-porto-de-santos-quer-aumentar-tarifas-de-terminais-e-reduzir-as-de-navios\/","url":"https:\/\/agenciainfra.com\/blog\/proposta-de-concessao-do-porto-de-santos-quer-aumentar-tarifas-de-terminais-e-reduzir-as-de-navios\/","name":"Proposta de concess\u00e3o do Porto de Santos quer aumentar tarifas de terminais e reduzir as de navios - Ag\u00eancia iNFRA","isPartOf":{"@id":"https:\/\/agenciainfra.com\/blog\/#website"},"primaryImageOfPage":{"@id":"https:\/\/agenciainfra.com\/blog\/proposta-de-concessao-do-porto-de-santos-quer-aumentar-tarifas-de-terminais-e-reduzir-as-de-navios\/#primaryimage"},"image":{"@id":"https:\/\/agenciainfra.com\/blog\/proposta-de-concessao-do-porto-de-santos-quer-aumentar-tarifas-de-terminais-e-reduzir-as-de-navios\/#primaryimage"},"thumbnailUrl":"https:\/\/agenciainfra.com\/blog\/wp-content\/uploads\/2021\/06\/porto-de-santos-foto-porto-de-santos-e1763135113767.jpeg","datePublished":"2022-11-11T12:00:00+00:00","breadcrumb":{"@id":"https:\/\/agenciainfra.com\/blog\/proposta-de-concessao-do-porto-de-santos-quer-aumentar-tarifas-de-terminais-e-reduzir-as-de-navios\/#breadcrumb"},"inLanguage":"pt-BR","potentialAction":[{"@type":"ReadAction","target":["https:\/\/agenciainfra.com\/blog\/proposta-de-concessao-do-porto-de-santos-quer-aumentar-tarifas-de-terminais-e-reduzir-as-de-navios\/"]}]},{"@type":"ImageObject","inLanguage":"pt-BR","@id":"https:\/\/agenciainfra.com\/blog\/proposta-de-concessao-do-porto-de-santos-quer-aumentar-tarifas-de-terminais-e-reduzir-as-de-navios\/#primaryimage","url":"https:\/\/agenciainfra.com\/blog\/wp-content\/uploads\/2021\/06\/porto-de-santos-foto-porto-de-santos-e1763135113767.jpeg","contentUrl":"https:\/\/agenciainfra.com\/blog\/wp-content\/uploads\/2021\/06\/porto-de-santos-foto-porto-de-santos-e1763135113767.jpeg","width":1280,"height":787,"caption":"Foto: Autoridade Portu\u00e1ria de Santos"},{"@type":"BreadcrumbList","@id":"https:\/\/agenciainfra.com\/blog\/proposta-de-concessao-do-porto-de-santos-quer-aumentar-tarifas-de-terminais-e-reduzir-as-de-navios\/#breadcrumb","itemListElement":[{"@type":"ListItem","position":1,"name":"In\u00edcio","item":"https:\/\/agenciainfra.com\/blog\/"},{"@type":"ListItem","position":2,"name":"Proposta de concess\u00e3o do Porto de Santos quer aumentar tarifas de terminais e reduzir as de navios"}]},{"@type":"WebSite","@id":"https:\/\/agenciainfra.com\/blog\/#website","url":"https:\/\/agenciainfra.com\/blog\/","name":"Ag\u00eancia iNFRA","description":"Multiplataforma de informa\u00e7\u00e3o jornal\u00edstica refer\u00eancia na \u00e1rea de infraestrutura no Brasil!","publisher":{"@id":"https:\/\/agenciainfra.com\/blog\/#organization"},"potentialAction":[{"@type":"SearchAction","target":{"@type":"EntryPoint","urlTemplate":"https:\/\/agenciainfra.com\/blog\/?s={search_term_string}"},"query-input":{"@type":"PropertyValueSpecification","valueRequired":true,"valueName":"search_term_string"}}],"inLanguage":"pt-BR"},{"@type":"Organization","@id":"https:\/\/agenciainfra.com\/blog\/#organization","name":"Ag\u00eancia iNFRA","url":"https:\/\/agenciainfra.com\/blog\/","logo":{"@type":"ImageObject","inLanguage":"pt-BR","@id":"https:\/\/agenciainfra.com\/blog\/#\/schema\/logo\/image\/","url":"https:\/\/agenciainfra.com\/blog\/wp-content\/uploads\/2023\/09\/iNFRA_5-e1761735885940.png","contentUrl":"https:\/\/agenciainfra.com\/blog\/wp-content\/uploads\/2023\/09\/iNFRA_5-e1761735885940.png","width":1672,"height":454,"caption":"Ag\u00eancia iNFRA"},"image":{"@id":"https:\/\/agenciainfra.com\/blog\/#\/schema\/logo\/image\/"},"sameAs":["https:\/\/www.facebook.com\/ageninfra","https:\/\/x.com\/agencia_infra","https:\/\/www.linkedin.com\/company\/ag\u00eanciainfra\/","https:\/\/www.instagram.com\/agenciainfra\/"]},{"@type":"Person","@id":"https:\/\/agenciainfra.com\/blog\/#\/schema\/person\/34af08dff6adea4cb22b06612ba7acfa","name":"Ag\u00eancia iNFRA","image":{"@type":"ImageObject","inLanguage":"pt-BR","@id":"https:\/\/agenciainfra.com\/blog\/#\/schema\/person\/image\/","url":"https:\/\/secure.gravatar.com\/avatar\/d189e01678f06d8eb84d4e01f08eb848b3fffe3f8443818d3c356c66892f5be8?s=96&d=mm&r=g","contentUrl":"https:\/\/secure.gravatar.com\/avatar\/d189e01678f06d8eb84d4e01f08eb848b3fffe3f8443818d3c356c66892f5be8?s=96&d=mm&r=g","caption":"Ag\u00eancia iNFRA"},"url":"https:\/\/agenciainfra.com\/blog\/author\/admin\/"}]}},"_links":{"self":[{"href":"https:\/\/agenciainfra.com\/blog\/wp-json\/wp\/v2\/posts\/11668","targetHints":{"allow":["GET"]}}],"collection":[{"href":"https:\/\/agenciainfra.com\/blog\/wp-json\/wp\/v2\/posts"}],"about":[{"href":"https:\/\/agenciainfra.com\/blog\/wp-json\/wp\/v2\/types\/post"}],"author":[{"embeddable":true,"href":"https:\/\/agenciainfra.com\/blog\/wp-json\/wp\/v2\/users\/1"}],"replies":[{"embeddable":true,"href":"https:\/\/agenciainfra.com\/blog\/wp-json\/wp\/v2\/comments?post=11668"}],"version-history":[{"count":0,"href":"https:\/\/agenciainfra.com\/blog\/wp-json\/wp\/v2\/posts\/11668\/revisions"}],"wp:featuredmedia":[{"embeddable":true,"href":"https:\/\/agenciainfra.com\/blog\/wp-json\/wp\/v2\/media\/7481"}],"wp:attachment":[{"href":"https:\/\/agenciainfra.com\/blog\/wp-json\/wp\/v2\/media?parent=11668"}],"wp:term":[{"taxonomy":"category","embeddable":true,"href":"https:\/\/agenciainfra.com\/blog\/wp-json\/wp\/v2\/categories?post=11668"},{"taxonomy":"post_tag","embeddable":true,"href":"https:\/\/agenciainfra.com\/blog\/wp-json\/wp\/v2\/tags?post=11668"}],"curies":[{"name":"wp","href":"https:\/\/api.w.org\/{rel}","templated":true}]}}