{"id":11695,"date":"2022-11-17T11:00:00","date_gmt":"2022-11-17T14:00:00","guid":{"rendered":"https:\/\/www.agenciainfra.com\/blog\/?p=11695"},"modified":"2022-11-17T11:23:19","modified_gmt":"2022-11-17T14:23:19","slug":"cft-quer-tecnico-industrial-capacitado-para-georreferenciamento-urbano","status":"publish","type":"post","link":"https:\/\/agenciainfra.com\/blog\/cft-quer-tecnico-industrial-capacitado-para-georreferenciamento-urbano\/","title":{"rendered":"CFT quer t\u00e9cnico industrial capacitado para georreferenciamento urbano"},"content":{"rendered":"\n<p><em>Em entrevista \u00e0 Ag\u00eancia Geocracia, Solomar Rockembach, presidente da autarquia, reconhece car\u00eancia de profissionais no mercado.<\/em><\/p>\n\n\n\n<p>O rec\u00e9m-empossado presidente do\u00a0<a href=\"https:\/\/www.cft.org.br\/\">CFT (Conselho Federal dos T\u00e9cnicos Industriais)<\/a>, Solomar Rockembach, afirma que a autarquia est\u00e1 preocupada com a capacita\u00e7\u00e3o e especializa\u00e7\u00e3o dos t\u00e9cnicos industriais, sobretudo ap\u00f3s a norma da ABNT, que, a exemplo do que j\u00e1 acontecia com a \u00e1rea rural, tornou lei o georreferenciamento urbano, com demandas por servi\u00e7o e precis\u00e3o bem maiores. \u201cO est\u00edmulo \u00e0 capacita\u00e7\u00e3o j\u00e1 est\u00e1 sendo constru\u00eddo junto ao Minist\u00e9rio da Educa\u00e7\u00e3o e tamb\u00e9m junto aos t\u00e9cnicos industriais\u201d, afirma Rockembach em entrevista \u00e0 Ag\u00eancia Geocracia, explicando que isso se dar\u00e1 por meio de bolsas de estudo, palestras em encontros setorizados nos ambientes acad\u00eamico e profissional e a\u00e7\u00f5es de comunica\u00e7\u00e3o.<\/p>\n\n\n\n<p>Presidente da Abeti (Associa\u00e7\u00e3o Brasileira dos T\u00e9cnicos Industriais), ex-presidente do Sintec-PR (Sindicato dos T\u00e9cnicos Industriais do Paran\u00e1) e ex-diretor da Fentec (Federa\u00e7\u00e3o Nacional dos T\u00e9cnicos Industriais), Solomar reconhece que existe uma car\u00eancia de t\u00e9cnicos no mercado e que \u00e9 preciso acelerar a forma\u00e7\u00e3o de novos profissionais: \u201cOs t\u00e9cnicos de hoje surgiram na era da industrializa\u00e7\u00e3o do pa\u00eds, per\u00edodo em que alunos do ensino t\u00e9cnico eram requisitados em sala de aula para atuar em empresas. A evolu\u00e7\u00e3o industrial continuou acentuada nos \u00faltimos 40 anos, enquanto o ensino t\u00e9cnico ficou estagnado\u201d, afirma, adiantando que o CFT vai trabalhar junto a parlamentares e governo para resolver o problema.<\/p>\n\n\n\n<p>Acompanhe a entrevista na \u00edntegra.<\/p>\n\n\n\n<p><strong>Nesta sua gest\u00e3o que se inicia, quais ser\u00e3o as metas a serem batidas e como os t\u00e9cnicos de dados, principalmente aqueles voltados \u00e0 geoinforma\u00e7\u00e3o, podem ter o suporte da CFT na expans\u00e3o do mercado de trabalho? Afinal, h\u00e1 redes, cidades e territ\u00f3rios inteligentes a serem geridos, h\u00e1 a intelig\u00eancia artificial e muitas outras oportunidades\u2026<\/strong><\/p>\n\n\n\n<p>As metas do CFT na gest\u00e3o 2022\/2026 est\u00e3o voltadas \u00e0 valoriza\u00e7\u00e3o profissional e prote\u00e7\u00e3o da sociedade. Para atingirmos esses objetivos j\u00e1 iniciamos o processo de incremento na \u00e1rea da comunica\u00e7\u00e3o, cuja mensagem principal coloca o t\u00e9cnico industrial em evid\u00eancia no cen\u00e1rio do desenvolvimento social e econ\u00f4mico da na\u00e7\u00e3o. A profiss\u00e3o t\u00e9cnica industrial est\u00e1 presente nos diferentes setores da economia de pa\u00edses desenvolvidos como Alemanha, Portugal e Estados Unidos. Aqui no Brasil n\u00e3o \u00e9 diferente, com mais de meio milh\u00e3o de t\u00e9cnicos j\u00e1 registrados no Sistema CFT\/CRTs, respons\u00e1veis pela emiss\u00e3o de aproximadamente tr\u00eas milh\u00f5es de TRTs (Termos de Responsabilidade T\u00e9cnica) nos \u00faltimos quatro anos, desde quando essa autarquia foi criada. Por\u00e9m estima-se que mais de tr\u00eas milh\u00f5es de t\u00e9cnicos estejam em atividade no Brasil, desconhecendo ainda a obrigatoriedade do registro nesse conselho de classe, criado com a finalidade de definir as atribui\u00e7\u00f5es, campos de atua\u00e7\u00e3o e prerrogativas profissionais. Por meio da publicidade, o CFT enaltece o exerc\u00edcio legal da profiss\u00e3o como instrumento de valoriza\u00e7\u00e3o da categoria e mostra \u00e0 sociedade que o t\u00e9cnico industrial legalizado tem compet\u00eancia t\u00e9cnica, comprovada experi\u00eancia e \u00e9 fiscalizado na elabora\u00e7\u00e3o de estudos ou na execu\u00e7\u00e3o de projetos e servi\u00e7os.<\/p>\n\n\n\n<p>Em rela\u00e7\u00e3o \u00e0 geoinforma\u00e7\u00e3o, \u00e9 importante destacar que in\u00fameras modalidades t\u00e9cnicas t\u00eam conex\u00e3o com essa \u00e1rea de estudos, indispens\u00e1vel para o desenvolvimento humano, tecnol\u00f3gico e territorial. No \u00e2mbito das compet\u00eancias do CFT, os profissionais que atuam nessa \u00e1rea t\u00eam o amparo desse conselho na emiss\u00e3o das resolu\u00e7\u00f5es que normatizam a profiss\u00e3o, incremento na fiscaliza\u00e7\u00e3o com a finalidade de coibir o exerc\u00edcio ilegal da profiss\u00e3o, al\u00e9m de incentivos para a capacita\u00e7\u00e3o permanente. Em paralelo, o CFT estimula o ensino t\u00e9cnico, inclusive apoiando e premiando projetos cient\u00edficos, assim como ocorreu na programa\u00e7\u00e3o da Semana do T\u00e9cnico Industrial 2022 e na Mostratec 2022, oportunidade em que o CFT e seus respectivos regionais estiveram presentes e oportunizaram a participa\u00e7\u00e3o de estudantes brasileiros em feiras de ci\u00eancia e tecnologia, inclusive nos Estados Unidos.<\/p>\n\n\n\n<p><strong>Existem mais de 672 mil t\u00e9cnicos registrados nos bancos de dados do CFT. Quais s\u00e3o as principais demandas desses profissionais?<\/strong><\/p>\n\n\n\n<p>Importante ressaltar que o CFT n\u00e3o tem as prerrogativas de sindicato. Esse conselho, criado por legisla\u00e7\u00e3o espec\u00edfica, \u00e9 uma autarquia federal que opera como \u00f3rg\u00e3o normativo, exercendo fun\u00e7\u00f5es que, por extens\u00e3o, competem ao Poder Executivo da Uni\u00e3o. Deste modo deve-se observar que o CFT deve atuar em benef\u00edcio da sociedade e a favor de uma categoria. Por\u00e9m, a miss\u00e3o estabelecida pelo nosso planejamento estrat\u00e9gico coloca o CFT como agente da valoriza\u00e7\u00e3o profissional, pautado pelo princ\u00edpio da \u00e9tica e compromisso com a qualidade, seguran\u00e7a e inova\u00e7\u00e3o. Pelo poder emanado e por ser constitu\u00eddo exclusivamente por t\u00e9cnicos industriais na sua diretoria executiva e no colegiado m\u00e1ximo, o CFT tamb\u00e9m atua politicamente em quest\u00f5es que fogem da sua al\u00e7ada de responsabilidade, como, por exemplo, a defesa do piso salarial m\u00ednimo da categoria, a defesa da valoriza\u00e7\u00e3o da p\u00f3s-gradua\u00e7\u00e3o t\u00e9cnica e, principalmente, o reconhecimento por parte de empresas e institui\u00e7\u00f5es p\u00fablicas e privadas sobre o direito do t\u00e9cnico industrial como profissional habilitado para emitir TRTs nas \u00e1reas de atua\u00e7\u00e3o de sua compet\u00eancia, assim como ocorre com engenheiros, arquitetos e outras profiss\u00f5es regulamentadas.<\/p>\n\n\n\n<p><strong>Recentemente, o plen\u00e1rio do CFT aprovou proposta que permite a cada profissional assumir a responsabilidade t\u00e9cnica de at\u00e9 cinco empresas, incluindo a sua pr\u00f3pria pessoa jur\u00eddica. Por que isso \u00e9 importante para os t\u00e9cnicos industriais?<\/strong><\/p>\n\n\n\n<p>\u00c9 muito importante porque amplia as oportunidades de trabalho e valoriza os t\u00e9cnicos industriais. Essa \u00e9 uma demanda reivindicada pela categoria e que foi atendida pelo CFT, beneficiando t\u00e9cnicos industriais que atuam como agentes do desenvolvimento e que, a partir dessa normativa, podem ampliar o n\u00famero de empreendimentos sob a sua responsabilidade t\u00e9cnica.<\/p>\n\n\n\n<p><strong>O CFT tem se mostrado atento ao tema da car\u00eancia de profissionais no mercado, tanto para reposi\u00e7\u00e3o dos que se aposentam quanto para aprimorar os que j\u00e1 est\u00e3o trabalhando. Como acelerar a forma\u00e7\u00e3o de profissionais para suprir essa necessidade nacional com qualidade e legalidade?<\/strong><\/p>\n\n\n\n<p>Estudo recente do Observat\u00f3rio Nacional da Ind\u00fastria Senai\/CNI revela que o Brasil ter\u00e1 que qualificar cerca de 9,6 milh\u00f5es de pessoas em ocupa\u00e7\u00f5es industriais. Em termos quantitativos, isso significa que tr\u00eas a cada quatro trabalhadores precisar\u00e3o passar pela forma\u00e7\u00e3o. Do total de quase 10 milh\u00f5es, 2 milh\u00f5es precisar\u00e3o de forma\u00e7\u00e3o inicial \u2013 para repor inativos e preencher novas vagas \u2013 e 7,6 milh\u00f5es precisar\u00e3o de forma\u00e7\u00e3o continuada. Os dados s\u00e3o alarmantes e precisam ser tratados com seriedade pelos governos, empresas e tamb\u00e9m pelas institui\u00e7\u00f5es ligadas ao ensino t\u00e9cnico. Os t\u00e9cnicos de hoje surgiram na era da industrializa\u00e7\u00e3o do pa\u00eds, per\u00edodo em que alunos do ensino t\u00e9cnico eram requisitados em sala de aula para atuar em empresas. A evolu\u00e7\u00e3o industrial continuou acentuada nos \u00faltimos 40 anos, enquanto o ensino t\u00e9cnico ficou estagnado. Entendo que a forma\u00e7\u00e3o de novos profissionais precisa ser tratada como prioridade pelas autoridades. A nossa diretoria tem esse entendimento e essa mensagem ser\u00e1 levada \u00e0s autoridades por meio da articula\u00e7\u00e3o pol\u00edtica que ser\u00e1 feita com deputados, senadores e com a Presid\u00eancia da Rep\u00fablica.<\/p>\n\n\n\n<p><strong>Conforme determina recente norma da ABNT, o georreferenciamento urbano passa a ser lei, a exemplo do que acontece com a \u00e1rea rural. Como o CFT pretende contribuir para a especializa\u00e7\u00e3o dos t\u00e9cnicos, j\u00e1 que, no caso urbano, a demanda por servi\u00e7os e as exig\u00eancias de precis\u00e3o ser\u00e3o muito maiores?<\/strong><\/p>\n\n\n\n<p>O est\u00edmulo \u00e0 capacita\u00e7\u00e3o j\u00e1 est\u00e1 sendo constru\u00eddo junto ao Minist\u00e9rio da Educa\u00e7\u00e3o e tamb\u00e9m junto aos t\u00e9cnicos industriais. A consci\u00eancia coletiva ser\u00e1 estimulada por meio de a\u00e7\u00f5es efetivas na \u00e1rea da comunica\u00e7\u00e3o, desenvolvimento de projeto social visando implantar a bolsa estudo, al\u00e9m de palestras em encontros setorizados nos ambientes acad\u00eamico e profissional.<\/p>\n\n\n\n<p><meta charset=\"utf-8\"><strong>As opini\u00f5es dos autores n\u00e3o refletem necessariamente o pensamento da Ag\u00eancia iNFRA, sendo de total responsabilidade do autor as informa\u00e7\u00f5es, ju\u00edzos de valor e conceitos descritos no texto.<\/strong><\/p>\n","protected":false},"excerpt":{"rendered":"<p>Em entrevista \u00e0 Ag\u00eancia Geocracia, Solomar Rockembach, presidente da autarquia, reconhece car\u00eancia de profissionais no mercado. O rec\u00e9m-empossado presidente do\u00a0CFT (Conselho Federal dos T\u00e9cnicos Industriais), Solomar Rockembach, afirma que a autarquia est\u00e1 preocupada com a capacita\u00e7\u00e3o e especializa\u00e7\u00e3o dos t\u00e9cnicos industriais, sobretudo ap\u00f3s a norma da ABNT, que, a exemplo do que j\u00e1 acontecia com [&hellip;]<\/p>\n","protected":false},"author":1,"featured_media":11696,"comment_status":"closed","ping_status":"closed","sticky":false,"template":"","format":"standard","meta":{"_monsterinsights_skip_tracking":false,"_monsterinsights_sitenote_active":false,"_monsterinsights_sitenote_note":"","_monsterinsights_sitenote_category":0,"footnotes":""},"categories":[1],"tags":[6062,6065,6060,6063,224,6059,142,5150,6061,6064],"class_list":["post-11695","post","type-post","status-publish","format-standard","has-post-thumbnail","hentry","category-geral","tag-abeti","tag-abnt","tag-agencia-geocracia","tag-associacao-brasileira-dos-tecnicos-industriais","tag-cft","tag-conselho-federal-dos-tecnicos-industriais","tag-geoinformacao","tag-georreferenciamento","tag-solomar-rockembach","tag-tecnico-industrial"],"yoast_head":"<!-- This site is optimized with the Yoast SEO Premium plugin v25.4 (Yoast SEO v26.0) - https:\/\/yoast.com\/wordpress\/plugins\/seo\/ -->\n<title>CFT quer t\u00e9cnico industrial capacitado para georreferenciamento urbano - Ag\u00eancia iNFRA<\/title>\n<meta name=\"robots\" content=\"index, follow, max-snippet:-1, max-image-preview:large, max-video-preview:-1\" \/>\n<link rel=\"canonical\" href=\"https:\/\/agenciainfra.com\/blog\/cft-quer-tecnico-industrial-capacitado-para-georreferenciamento-urbano\/\" \/>\n<meta property=\"og:locale\" content=\"pt_BR\" \/>\n<meta property=\"og:type\" content=\"article\" \/>\n<meta property=\"og:title\" content=\"CFT quer t\u00e9cnico industrial capacitado para georreferenciamento urbano\" \/>\n<meta property=\"og:description\" content=\"Em entrevista \u00e0 Ag\u00eancia Geocracia, Solomar Rockembach, presidente da autarquia, reconhece car\u00eancia de profissionais no mercado. O rec\u00e9m-empossado presidente do\u00a0CFT (Conselho Federal dos T\u00e9cnicos Industriais), Solomar Rockembach, afirma que a autarquia est\u00e1 preocupada com a capacita\u00e7\u00e3o e especializa\u00e7\u00e3o dos t\u00e9cnicos industriais, sobretudo ap\u00f3s a norma da ABNT, que, a exemplo do que j\u00e1 acontecia com [&hellip;]\" \/>\n<meta property=\"og:url\" content=\"https:\/\/agenciainfra.com\/blog\/cft-quer-tecnico-industrial-capacitado-para-georreferenciamento-urbano\/\" \/>\n<meta property=\"og:site_name\" content=\"Ag\u00eancia iNFRA\" \/>\n<meta property=\"article:publisher\" content=\"https:\/\/www.facebook.com\/ageninfra\" \/>\n<meta property=\"article:published_time\" content=\"2022-11-17T14:00:00+00:00\" \/>\n<meta property=\"article:modified_time\" content=\"2022-11-17T14:23:19+00:00\" \/>\n<meta property=\"og:image\" content=\"https:\/\/agenciainfra.com\/blog\/wp-content\/uploads\/2022\/11\/solomar-rockembach-foto-andre-almeida-cft.jpeg\" \/>\n\t<meta property=\"og:image:width\" content=\"1280\" \/>\n\t<meta property=\"og:image:height\" content=\"979\" \/>\n\t<meta property=\"og:image:type\" content=\"image\/jpeg\" \/>\n<meta name=\"author\" content=\"Ag\u00eancia iNFRA\" \/>\n<meta name=\"twitter:card\" content=\"summary_large_image\" \/>\n<meta name=\"twitter:creator\" content=\"@agencia_infra\" \/>\n<meta name=\"twitter:site\" content=\"@agencia_infra\" \/>\n<meta name=\"twitter:label1\" content=\"Escrito por\" \/>\n\t<meta name=\"twitter:data1\" content=\"Ag\u00eancia iNFRA\" \/>\n\t<meta name=\"twitter:label2\" content=\"Est. tempo de leitura\" \/>\n\t<meta name=\"twitter:data2\" content=\"7 minutos\" \/>\n<script type=\"application\/ld+json\" class=\"yoast-schema-graph\">{\"@context\":\"https:\/\/schema.org\",\"@graph\":[{\"@type\":\"Article\",\"@id\":\"https:\/\/agenciainfra.com\/blog\/cft-quer-tecnico-industrial-capacitado-para-georreferenciamento-urbano\/#article\",\"isPartOf\":{\"@id\":\"https:\/\/agenciainfra.com\/blog\/cft-quer-tecnico-industrial-capacitado-para-georreferenciamento-urbano\/\"},\"author\":{\"name\":\"Ag\u00eancia iNFRA\",\"@id\":\"https:\/\/agenciainfra.com\/blog\/#\/schema\/person\/34af08dff6adea4cb22b06612ba7acfa\"},\"headline\":\"CFT quer t\u00e9cnico industrial capacitado para georreferenciamento urbano\",\"datePublished\":\"2022-11-17T14:00:00+00:00\",\"dateModified\":\"2022-11-17T14:23:19+00:00\",\"mainEntityOfPage\":{\"@id\":\"https:\/\/agenciainfra.com\/blog\/cft-quer-tecnico-industrial-capacitado-para-georreferenciamento-urbano\/\"},\"wordCount\":1429,\"publisher\":{\"@id\":\"https:\/\/agenciainfra.com\/blog\/#organization\"},\"image\":{\"@id\":\"https:\/\/agenciainfra.com\/blog\/cft-quer-tecnico-industrial-capacitado-para-georreferenciamento-urbano\/#primaryimage\"},\"thumbnailUrl\":\"https:\/\/agenciainfra.com\/blog\/wp-content\/uploads\/2022\/11\/solomar-rockembach-foto-andre-almeida-cft.jpeg\",\"keywords\":[\"Abeti\",\"ABNT\",\"Ag\u00eancia Geocracia\",\"Associa\u00e7\u00e3o Brasileira dos T\u00e9cnicos Industriais\",\"CFT\",\"Conselho Federal dos T\u00e9cnicos Industriais\",\"geoinforma\u00e7\u00e3o\",\"georreferenciamento\",\"Solomar Rockembach\",\"t\u00e9cnico industrial\"],\"articleSection\":[\"Geral\"],\"inLanguage\":\"pt-BR\",\"copyrightYear\":\"2022\",\"copyrightHolder\":{\"@id\":\"https:\/\/agenciainfra.com\/blog\/#organization\"}},{\"@type\":\"WebPage\",\"@id\":\"https:\/\/agenciainfra.com\/blog\/cft-quer-tecnico-industrial-capacitado-para-georreferenciamento-urbano\/\",\"url\":\"https:\/\/agenciainfra.com\/blog\/cft-quer-tecnico-industrial-capacitado-para-georreferenciamento-urbano\/\",\"name\":\"CFT quer t\u00e9cnico industrial capacitado para georreferenciamento urbano - Ag\u00eancia iNFRA\",\"isPartOf\":{\"@id\":\"https:\/\/agenciainfra.com\/blog\/#website\"},\"primaryImageOfPage\":{\"@id\":\"https:\/\/agenciainfra.com\/blog\/cft-quer-tecnico-industrial-capacitado-para-georreferenciamento-urbano\/#primaryimage\"},\"image\":{\"@id\":\"https:\/\/agenciainfra.com\/blog\/cft-quer-tecnico-industrial-capacitado-para-georreferenciamento-urbano\/#primaryimage\"},\"thumbnailUrl\":\"https:\/\/agenciainfra.com\/blog\/wp-content\/uploads\/2022\/11\/solomar-rockembach-foto-andre-almeida-cft.jpeg\",\"datePublished\":\"2022-11-17T14:00:00+00:00\",\"dateModified\":\"2022-11-17T14:23:19+00:00\",\"breadcrumb\":{\"@id\":\"https:\/\/agenciainfra.com\/blog\/cft-quer-tecnico-industrial-capacitado-para-georreferenciamento-urbano\/#breadcrumb\"},\"inLanguage\":\"pt-BR\",\"potentialAction\":[{\"@type\":\"ReadAction\",\"target\":[\"https:\/\/agenciainfra.com\/blog\/cft-quer-tecnico-industrial-capacitado-para-georreferenciamento-urbano\/\"]}]},{\"@type\":\"ImageObject\",\"inLanguage\":\"pt-BR\",\"@id\":\"https:\/\/agenciainfra.com\/blog\/cft-quer-tecnico-industrial-capacitado-para-georreferenciamento-urbano\/#primaryimage\",\"url\":\"https:\/\/agenciainfra.com\/blog\/wp-content\/uploads\/2022\/11\/solomar-rockembach-foto-andre-almeida-cft.jpeg\",\"contentUrl\":\"https:\/\/agenciainfra.com\/blog\/wp-content\/uploads\/2022\/11\/solomar-rockembach-foto-andre-almeida-cft.jpeg\",\"width\":1280,\"height\":979},{\"@type\":\"BreadcrumbList\",\"@id\":\"https:\/\/agenciainfra.com\/blog\/cft-quer-tecnico-industrial-capacitado-para-georreferenciamento-urbano\/#breadcrumb\",\"itemListElement\":[{\"@type\":\"ListItem\",\"position\":1,\"name\":\"In\u00edcio\",\"item\":\"https:\/\/agenciainfra.com\/blog\/\"},{\"@type\":\"ListItem\",\"position\":2,\"name\":\"CFT quer t\u00e9cnico industrial capacitado para georreferenciamento urbano\"}]},{\"@type\":\"WebSite\",\"@id\":\"https:\/\/agenciainfra.com\/blog\/#website\",\"url\":\"https:\/\/agenciainfra.com\/blog\/\",\"name\":\"Ag\u00eancia iNFRA\",\"description\":\"Multiplataforma de informa\u00e7\u00e3o jornal\u00edstica refer\u00eancia na \u00e1rea de infraestrutura no Brasil!\",\"publisher\":{\"@id\":\"https:\/\/agenciainfra.com\/blog\/#organization\"},\"potentialAction\":[{\"@type\":\"SearchAction\",\"target\":{\"@type\":\"EntryPoint\",\"urlTemplate\":\"https:\/\/agenciainfra.com\/blog\/?s={search_term_string}\"},\"query-input\":{\"@type\":\"PropertyValueSpecification\",\"valueRequired\":true,\"valueName\":\"search_term_string\"}}],\"inLanguage\":\"pt-BR\"},{\"@type\":\"Organization\",\"@id\":\"https:\/\/agenciainfra.com\/blog\/#organization\",\"name\":\"Ag\u00eancia iNFRA\",\"url\":\"https:\/\/agenciainfra.com\/blog\/\",\"logo\":{\"@type\":\"ImageObject\",\"inLanguage\":\"pt-BR\",\"@id\":\"https:\/\/agenciainfra.com\/blog\/#\/schema\/logo\/image\/\",\"url\":\"https:\/\/agenciainfra.com\/blog\/wp-content\/uploads\/2023\/09\/iNFRA_5-e1761735885940.png\",\"contentUrl\":\"https:\/\/agenciainfra.com\/blog\/wp-content\/uploads\/2023\/09\/iNFRA_5-e1761735885940.png\",\"width\":1672,\"height\":454,\"caption\":\"Ag\u00eancia iNFRA\"},\"image\":{\"@id\":\"https:\/\/agenciainfra.com\/blog\/#\/schema\/logo\/image\/\"},\"sameAs\":[\"https:\/\/www.facebook.com\/ageninfra\",\"https:\/\/x.com\/agencia_infra\",\"https:\/\/www.linkedin.com\/company\/ag\u00eanciainfra\/\",\"https:\/\/www.instagram.com\/agenciainfra\/\"]},{\"@type\":\"Person\",\"@id\":\"https:\/\/agenciainfra.com\/blog\/#\/schema\/person\/34af08dff6adea4cb22b06612ba7acfa\",\"name\":\"Ag\u00eancia iNFRA\",\"image\":{\"@type\":\"ImageObject\",\"inLanguage\":\"pt-BR\",\"@id\":\"https:\/\/agenciainfra.com\/blog\/#\/schema\/person\/image\/\",\"url\":\"https:\/\/secure.gravatar.com\/avatar\/d189e01678f06d8eb84d4e01f08eb848b3fffe3f8443818d3c356c66892f5be8?s=96&d=mm&r=g\",\"contentUrl\":\"https:\/\/secure.gravatar.com\/avatar\/d189e01678f06d8eb84d4e01f08eb848b3fffe3f8443818d3c356c66892f5be8?s=96&d=mm&r=g\",\"caption\":\"Ag\u00eancia iNFRA\"},\"url\":\"https:\/\/agenciainfra.com\/blog\/author\/admin\/\"}]}<\/script>\n<!-- \/ Yoast SEO Premium plugin. -->","yoast_head_json":{"title":"CFT quer t\u00e9cnico industrial capacitado para georreferenciamento urbano - Ag\u00eancia iNFRA","robots":{"index":"index","follow":"follow","max-snippet":"max-snippet:-1","max-image-preview":"max-image-preview:large","max-video-preview":"max-video-preview:-1"},"canonical":"https:\/\/agenciainfra.com\/blog\/cft-quer-tecnico-industrial-capacitado-para-georreferenciamento-urbano\/","og_locale":"pt_BR","og_type":"article","og_title":"CFT quer t\u00e9cnico industrial capacitado para georreferenciamento urbano","og_description":"Em entrevista \u00e0 Ag\u00eancia Geocracia, Solomar Rockembach, presidente da autarquia, reconhece car\u00eancia de profissionais no mercado. O rec\u00e9m-empossado presidente do\u00a0CFT (Conselho Federal dos T\u00e9cnicos Industriais), Solomar Rockembach, afirma que a autarquia est\u00e1 preocupada com a capacita\u00e7\u00e3o e especializa\u00e7\u00e3o dos t\u00e9cnicos industriais, sobretudo ap\u00f3s a norma da ABNT, que, a exemplo do que j\u00e1 acontecia com [&hellip;]","og_url":"https:\/\/agenciainfra.com\/blog\/cft-quer-tecnico-industrial-capacitado-para-georreferenciamento-urbano\/","og_site_name":"Ag\u00eancia iNFRA","article_publisher":"https:\/\/www.facebook.com\/ageninfra","article_published_time":"2022-11-17T14:00:00+00:00","article_modified_time":"2022-11-17T14:23:19+00:00","og_image":[{"width":1280,"height":979,"url":"https:\/\/agenciainfra.com\/blog\/wp-content\/uploads\/2022\/11\/solomar-rockembach-foto-andre-almeida-cft.jpeg","type":"image\/jpeg"}],"author":"Ag\u00eancia iNFRA","twitter_card":"summary_large_image","twitter_creator":"@agencia_infra","twitter_site":"@agencia_infra","twitter_misc":{"Escrito por":"Ag\u00eancia iNFRA","Est. tempo de leitura":"7 minutos"},"schema":{"@context":"https:\/\/schema.org","@graph":[{"@type":"Article","@id":"https:\/\/agenciainfra.com\/blog\/cft-quer-tecnico-industrial-capacitado-para-georreferenciamento-urbano\/#article","isPartOf":{"@id":"https:\/\/agenciainfra.com\/blog\/cft-quer-tecnico-industrial-capacitado-para-georreferenciamento-urbano\/"},"author":{"name":"Ag\u00eancia iNFRA","@id":"https:\/\/agenciainfra.com\/blog\/#\/schema\/person\/34af08dff6adea4cb22b06612ba7acfa"},"headline":"CFT quer t\u00e9cnico industrial capacitado para georreferenciamento urbano","datePublished":"2022-11-17T14:00:00+00:00","dateModified":"2022-11-17T14:23:19+00:00","mainEntityOfPage":{"@id":"https:\/\/agenciainfra.com\/blog\/cft-quer-tecnico-industrial-capacitado-para-georreferenciamento-urbano\/"},"wordCount":1429,"publisher":{"@id":"https:\/\/agenciainfra.com\/blog\/#organization"},"image":{"@id":"https:\/\/agenciainfra.com\/blog\/cft-quer-tecnico-industrial-capacitado-para-georreferenciamento-urbano\/#primaryimage"},"thumbnailUrl":"https:\/\/agenciainfra.com\/blog\/wp-content\/uploads\/2022\/11\/solomar-rockembach-foto-andre-almeida-cft.jpeg","keywords":["Abeti","ABNT","Ag\u00eancia Geocracia","Associa\u00e7\u00e3o Brasileira dos T\u00e9cnicos Industriais","CFT","Conselho Federal dos T\u00e9cnicos Industriais","geoinforma\u00e7\u00e3o","georreferenciamento","Solomar Rockembach","t\u00e9cnico industrial"],"articleSection":["Geral"],"inLanguage":"pt-BR","copyrightYear":"2022","copyrightHolder":{"@id":"https:\/\/agenciainfra.com\/blog\/#organization"}},{"@type":"WebPage","@id":"https:\/\/agenciainfra.com\/blog\/cft-quer-tecnico-industrial-capacitado-para-georreferenciamento-urbano\/","url":"https:\/\/agenciainfra.com\/blog\/cft-quer-tecnico-industrial-capacitado-para-georreferenciamento-urbano\/","name":"CFT quer t\u00e9cnico industrial capacitado para georreferenciamento urbano - Ag\u00eancia iNFRA","isPartOf":{"@id":"https:\/\/agenciainfra.com\/blog\/#website"},"primaryImageOfPage":{"@id":"https:\/\/agenciainfra.com\/blog\/cft-quer-tecnico-industrial-capacitado-para-georreferenciamento-urbano\/#primaryimage"},"image":{"@id":"https:\/\/agenciainfra.com\/blog\/cft-quer-tecnico-industrial-capacitado-para-georreferenciamento-urbano\/#primaryimage"},"thumbnailUrl":"https:\/\/agenciainfra.com\/blog\/wp-content\/uploads\/2022\/11\/solomar-rockembach-foto-andre-almeida-cft.jpeg","datePublished":"2022-11-17T14:00:00+00:00","dateModified":"2022-11-17T14:23:19+00:00","breadcrumb":{"@id":"https:\/\/agenciainfra.com\/blog\/cft-quer-tecnico-industrial-capacitado-para-georreferenciamento-urbano\/#breadcrumb"},"inLanguage":"pt-BR","potentialAction":[{"@type":"ReadAction","target":["https:\/\/agenciainfra.com\/blog\/cft-quer-tecnico-industrial-capacitado-para-georreferenciamento-urbano\/"]}]},{"@type":"ImageObject","inLanguage":"pt-BR","@id":"https:\/\/agenciainfra.com\/blog\/cft-quer-tecnico-industrial-capacitado-para-georreferenciamento-urbano\/#primaryimage","url":"https:\/\/agenciainfra.com\/blog\/wp-content\/uploads\/2022\/11\/solomar-rockembach-foto-andre-almeida-cft.jpeg","contentUrl":"https:\/\/agenciainfra.com\/blog\/wp-content\/uploads\/2022\/11\/solomar-rockembach-foto-andre-almeida-cft.jpeg","width":1280,"height":979},{"@type":"BreadcrumbList","@id":"https:\/\/agenciainfra.com\/blog\/cft-quer-tecnico-industrial-capacitado-para-georreferenciamento-urbano\/#breadcrumb","itemListElement":[{"@type":"ListItem","position":1,"name":"In\u00edcio","item":"https:\/\/agenciainfra.com\/blog\/"},{"@type":"ListItem","position":2,"name":"CFT quer t\u00e9cnico industrial capacitado para georreferenciamento urbano"}]},{"@type":"WebSite","@id":"https:\/\/agenciainfra.com\/blog\/#website","url":"https:\/\/agenciainfra.com\/blog\/","name":"Ag\u00eancia iNFRA","description":"Multiplataforma de informa\u00e7\u00e3o jornal\u00edstica refer\u00eancia na \u00e1rea de infraestrutura no Brasil!","publisher":{"@id":"https:\/\/agenciainfra.com\/blog\/#organization"},"potentialAction":[{"@type":"SearchAction","target":{"@type":"EntryPoint","urlTemplate":"https:\/\/agenciainfra.com\/blog\/?s={search_term_string}"},"query-input":{"@type":"PropertyValueSpecification","valueRequired":true,"valueName":"search_term_string"}}],"inLanguage":"pt-BR"},{"@type":"Organization","@id":"https:\/\/agenciainfra.com\/blog\/#organization","name":"Ag\u00eancia iNFRA","url":"https:\/\/agenciainfra.com\/blog\/","logo":{"@type":"ImageObject","inLanguage":"pt-BR","@id":"https:\/\/agenciainfra.com\/blog\/#\/schema\/logo\/image\/","url":"https:\/\/agenciainfra.com\/blog\/wp-content\/uploads\/2023\/09\/iNFRA_5-e1761735885940.png","contentUrl":"https:\/\/agenciainfra.com\/blog\/wp-content\/uploads\/2023\/09\/iNFRA_5-e1761735885940.png","width":1672,"height":454,"caption":"Ag\u00eancia iNFRA"},"image":{"@id":"https:\/\/agenciainfra.com\/blog\/#\/schema\/logo\/image\/"},"sameAs":["https:\/\/www.facebook.com\/ageninfra","https:\/\/x.com\/agencia_infra","https:\/\/www.linkedin.com\/company\/ag\u00eanciainfra\/","https:\/\/www.instagram.com\/agenciainfra\/"]},{"@type":"Person","@id":"https:\/\/agenciainfra.com\/blog\/#\/schema\/person\/34af08dff6adea4cb22b06612ba7acfa","name":"Ag\u00eancia iNFRA","image":{"@type":"ImageObject","inLanguage":"pt-BR","@id":"https:\/\/agenciainfra.com\/blog\/#\/schema\/person\/image\/","url":"https:\/\/secure.gravatar.com\/avatar\/d189e01678f06d8eb84d4e01f08eb848b3fffe3f8443818d3c356c66892f5be8?s=96&d=mm&r=g","contentUrl":"https:\/\/secure.gravatar.com\/avatar\/d189e01678f06d8eb84d4e01f08eb848b3fffe3f8443818d3c356c66892f5be8?s=96&d=mm&r=g","caption":"Ag\u00eancia iNFRA"},"url":"https:\/\/agenciainfra.com\/blog\/author\/admin\/"}]}},"_links":{"self":[{"href":"https:\/\/agenciainfra.com\/blog\/wp-json\/wp\/v2\/posts\/11695","targetHints":{"allow":["GET"]}}],"collection":[{"href":"https:\/\/agenciainfra.com\/blog\/wp-json\/wp\/v2\/posts"}],"about":[{"href":"https:\/\/agenciainfra.com\/blog\/wp-json\/wp\/v2\/types\/post"}],"author":[{"embeddable":true,"href":"https:\/\/agenciainfra.com\/blog\/wp-json\/wp\/v2\/users\/1"}],"replies":[{"embeddable":true,"href":"https:\/\/agenciainfra.com\/blog\/wp-json\/wp\/v2\/comments?post=11695"}],"version-history":[{"count":0,"href":"https:\/\/agenciainfra.com\/blog\/wp-json\/wp\/v2\/posts\/11695\/revisions"}],"wp:featuredmedia":[{"embeddable":true,"href":"https:\/\/agenciainfra.com\/blog\/wp-json\/wp\/v2\/media\/11696"}],"wp:attachment":[{"href":"https:\/\/agenciainfra.com\/blog\/wp-json\/wp\/v2\/media?parent=11695"}],"wp:term":[{"taxonomy":"category","embeddable":true,"href":"https:\/\/agenciainfra.com\/blog\/wp-json\/wp\/v2\/categories?post=11695"},{"taxonomy":"post_tag","embeddable":true,"href":"https:\/\/agenciainfra.com\/blog\/wp-json\/wp\/v2\/tags?post=11695"}],"curies":[{"name":"wp","href":"https:\/\/api.w.org\/{rel}","templated":true}]}}