{"id":11714,"date":"2022-11-21T11:00:00","date_gmt":"2022-11-21T14:00:00","guid":{"rendered":"https:\/\/www.agenciainfra.com\/blog\/?p=11714"},"modified":"2022-11-22T08:10:18","modified_gmt":"2022-11-22T11:10:18","slug":"infradebate-o-futuro-das-ferrovias-no-proximo-governo","status":"publish","type":"post","link":"https:\/\/agenciainfra.com\/blog\/infradebate-o-futuro-das-ferrovias-no-proximo-governo\/","title":{"rendered":"iNFRADebate: O futuro das ferrovias no pr\u00f3ximo governo"},"content":{"rendered":"\n<p class=\"has-text-align-right\"><strong>Jos\u00e9 Manoel Ferreira Gon\u00e7alves*<\/strong>\u00a0<\/p>\n\n\n\n<p>O pa\u00eds acompanha com muito interesse o trabalho da equipe de transi\u00e7\u00e3o que prepara o terreno para o in\u00edcio da gest\u00e3o Lula, em 2023. Uma das sinaliza\u00e7\u00f5es\u00a0vindas de Bras\u00edlia aponta para uma an\u00e1lise mais criteriosa das privatiza\u00e7\u00f5es em\u00a0curso, como a do porto de Santos, que o governo Bolsonaro se apressa em\u00a0concretizar, no apagar das luzes.\u00a0<\/p>\n\n\n\n<p>Outros setores da infraestrutura tamb\u00e9m devem entrar em pauta. \u00c9 o caso das ferrovias, que, nos pr\u00f3ximos anos, ter\u00e3o a chance de verem corrigidas a rota do\u00a0nefasto modelo de autoriza\u00e7\u00f5es, estabelecido desde o governo Temer, e que\u00a0ainda hoje se constitui no padr\u00e3o de atua\u00e7\u00e3o governamental para o setor ferrovi\u00e1rio.\u00a0<\/p>\n\n\n\n<p>Uma consistente pol\u00edtica de desenvolvimento ferrovi\u00e1rio no Brasil precisa: atender de forma soberana a din\u00e2micos setores ligados ao mercado global, tais\u00a0como o agroneg\u00f3cio e a ind\u00fastria; deve ainda ser promotora da integra\u00e7\u00e3o\u00a0nacional a partir do transporte de passageiros; necessita de incentivo para cumprir o papel ambiental que j\u00e1 desempenha em outros pa\u00edses, reduzindo o\u00a0uso de combust\u00edveis f\u00f3sseis; e, finalmente, precisa ser indutora da produ\u00e7\u00e3o\u00a0local de m\u00e1quinas e da expans\u00e3o de projetos e obras de grande vulto.\u00a0<\/p>\n\n\n\n<p>As autoriza\u00e7\u00f5es ferrovi\u00e1rias imitam o modelo fracassado do final do s\u00e9culo XIX e in\u00edcio do s\u00e9culo XX, quando a atua\u00e7\u00e3o nessa seara era totalmente subordinada\u00a0aos interesses estrangeiros. Aquele modelo resultou na fal\u00eancia total do setor\u00a0ap\u00f3s a crise de 1929, for\u00e7ando o governo a encampar todas as ferrovias, como de fato o fez posteriormente, por meio da RFFSA (Rede Ferrovi\u00e1ria Federal S.A.).\u00a0<\/p>\n\n\n\n<p>Com o relativo insucesso da experi\u00eancia da RFFSA, surgiu ao longo dos anos\u00a01990 o modelo das concess\u00f5es ferrovi\u00e1rias, que igualmente n\u00e3o satisfaz aos anseios de uma na\u00e7\u00e3o com vasto territ\u00f3rio e enormes demandas de transporte\u00a0de carga e passageiros.\u00a0<\/p>\n\n\n\n<p>As concess\u00f5es ferrovi\u00e1rias s\u00e3o alternativas esgotadas e desconectadas de qualquer projeto nacional de desenvolvimento e integra\u00e7\u00e3o a partir dos trilhos.\u00a0Tais concess\u00f5es, concentradas nas m\u00e3os de dois grupos empresariais, nunca\u00a0puderam garantir a expans\u00e3o das redes. Ao contr\u00e1rio, houve contra\u00e7\u00e3o e extin\u00e7\u00e3o de trechos ferrovi\u00e1rios concedidos, com anu\u00eancia da ANTT (Ag\u00eancia Nacional de Transportes Terrestres), a partir de contratos em que o\u00a0concession\u00e1rio \u00e9 propriet\u00e1rio de toda a infraestrutura.<\/p>\n\n\n\n<p>Em nossa opini\u00e3o, o modelo a ser resgatado \u00e9 o desenvolvido durante o governo Dilma, que valorizou as chamadas ferrovias \u201copen access\u201d. O conceito gerou\u00a0inclusive frut\u00edferos debates com as empresas que operam como\u00a0concession\u00e1rias.\u00a0<\/p>\n\n\n\n<p>As ferrovias de acesso horizontal permitiriam o surgimento de operadores independentes, que utilizariam trens sobre ferrovias concedidas a particulares\u00a0ou ferrovias p\u00fablicas, inovando com a distin\u00e7\u00e3o entre a propriedade da empresa\u00a0transportadora e a propriedade da infraestrutura.\u00a0<\/p>\n\n\n\n<p>Esse modelo chegou a ser proposto para a opera\u00e7\u00e3o da Ferrovia Norte-Sul, mas\u00a0foi indevidamente abandonado, em raz\u00e3o de press\u00f5es que for\u00e7aram o retrocesso num saud\u00e1vel avan\u00e7o em dire\u00e7\u00e3o ao padr\u00e3o open access. Restou a continua\u00e7\u00e3o\u00a0do modelo de concess\u00e3o tradicional, como o aplicado na pr\u00f3pria Norte-Sul, o\u00a0que apenas refor\u00e7ou monop\u00f3lios atuais, inclusive se estendendo o dom\u00ednio de\u00a0uma \u00fanica empresa para outro importante trecho ferrovi\u00e1rio, a Malha Paulista, inibindo o acesso din\u00e2mico a essa grande infraestrutura.<\/p>\n\n\n\n<p>\u00c9 necess\u00e1rio tamb\u00e9m pensar na amplia\u00e7\u00e3o de organismos de participa\u00e7\u00e3o social\u00a0no setor, por meio da cria\u00e7\u00e3o de conselhos, hoje praticamente paralisados, em virtude da total in\u00e9rcia do governo em instituir \u00f3rg\u00e3os externos de fiscaliza\u00e7\u00e3o\u00a0das concess\u00f5es ferrovi\u00e1rias, a serem formados de forma democr\u00e1tica por usu\u00e1rios e representantes da sociedade civil.<\/p>\n\n\n\n<p>O novo governo ainda nem come\u00e7ou, mas tem a chance de encaminhar\u00a0mudan\u00e7as que finalmente coloquem nossas ferrovias nos trilhos.\u00a0<\/p>\n\n\n\n<h6 class=\"wp-block-heading\" id=\"block-aa9ff8cf-f9c2-435f-85ff-56a599c37bc9\"><strong>*Jos\u00e9 Manoel Ferreira Gon\u00e7alves \u00e9 presidente da FerroFrente, Frente Nacional pela Volta das Ferrovias. Engenheiro e escritor, autor de v\u00e1rias obras sobre ferrovias. \u00c9 p\u00f3s-doutor em sustentabilidade e transportes pela Universidade de Lisboa.<\/strong><\/h6>\n\n\n\n<h5 class=\"wp-block-heading\" id=\"block-d67878ff-7627-4f15-b175-8f58269174ff\">O iNFRADebate \u00e9 o espa\u00e7o de artigos da Ag\u00eancia iNFRA com opini\u00f5es de seus atores que n\u00e3o refletem necessariamente o pensamento da Ag\u00eancia iNFRA, sendo de total responsabilidade do autor as informa\u00e7\u00f5es, ju\u00edzos de valor e conceitos descritos no texto.<\/h5>\n","protected":false},"excerpt":{"rendered":"<p>Jos\u00e9 Manoel Ferreira Gon\u00e7alves*\u00a0 O pa\u00eds acompanha com muito interesse o trabalho da equipe de transi\u00e7\u00e3o que prepara o terreno para o in\u00edcio da gest\u00e3o Lula, em 2023. Uma das sinaliza\u00e7\u00f5es\u00a0vindas de Bras\u00edlia aponta para uma an\u00e1lise mais criteriosa das privatiza\u00e7\u00f5es em\u00a0curso, como a do porto de Santos, que o governo Bolsonaro se apressa em\u00a0concretizar, [&hellip;]<\/p>\n","protected":false},"author":1,"featured_media":11715,"comment_status":"closed","ping_status":"closed","sticky":false,"template":"","format":"standard","meta":{"_monsterinsights_skip_tracking":false,"_monsterinsights_sitenote_active":false,"_monsterinsights_sitenote_note":"","_monsterinsights_sitenote_category":0,"footnotes":""},"categories":[1,11],"tags":[19,4651,78,31,120,34,6079,85,260,418,2137],"class_list":["post-11714","post","type-post","status-publish","format-standard","has-post-thumbnail","hentry","category-geral","category-infradebate","tag-antt","tag-autorizacoes-ferroviarias","tag-concessoes","tag-ferrovia-norte-sul","tag-ferrovias","tag-infraestrutura","tag-jose-manoel-ferreira-goncalves","tag-malha-paulista","tag-porto-de-santos","tag-privatizacoes","tag-rffsa"],"yoast_head":"<!-- This site is optimized with the Yoast SEO Premium plugin v25.4 (Yoast SEO v26.0) - https:\/\/yoast.com\/wordpress\/plugins\/seo\/ -->\n<title>iNFRADebate: O futuro das ferrovias no pr\u00f3ximo governo - Ag\u00eancia iNFRA<\/title>\n<meta name=\"robots\" content=\"index, follow, max-snippet:-1, max-image-preview:large, max-video-preview:-1\" \/>\n<link rel=\"canonical\" href=\"https:\/\/agenciainfra.com\/blog\/infradebate-o-futuro-das-ferrovias-no-proximo-governo\/\" \/>\n<meta property=\"og:locale\" content=\"pt_BR\" \/>\n<meta property=\"og:type\" content=\"article\" \/>\n<meta property=\"og:title\" content=\"iNFRADebate: O futuro das ferrovias no pr\u00f3ximo governo\" \/>\n<meta property=\"og:description\" content=\"Jos\u00e9 Manoel Ferreira Gon\u00e7alves*\u00a0 O pa\u00eds acompanha com muito interesse o trabalho da equipe de transi\u00e7\u00e3o que prepara o terreno para o in\u00edcio da gest\u00e3o Lula, em 2023. Uma das sinaliza\u00e7\u00f5es\u00a0vindas de Bras\u00edlia aponta para uma an\u00e1lise mais criteriosa das privatiza\u00e7\u00f5es em\u00a0curso, como a do porto de Santos, que o governo Bolsonaro se apressa em\u00a0concretizar, [&hellip;]\" \/>\n<meta property=\"og:url\" content=\"https:\/\/agenciainfra.com\/blog\/infradebate-o-futuro-das-ferrovias-no-proximo-governo\/\" \/>\n<meta property=\"og:site_name\" content=\"Ag\u00eancia iNFRA\" \/>\n<meta property=\"article:publisher\" content=\"https:\/\/www.facebook.com\/ageninfra\" \/>\n<meta property=\"article:published_time\" content=\"2022-11-21T14:00:00+00:00\" \/>\n<meta property=\"article:modified_time\" content=\"2022-11-22T11:10:18+00:00\" \/>\n<meta property=\"og:image\" content=\"https:\/\/agenciainfra.com\/blog\/wp-content\/uploads\/2022\/11\/jose-manoel-ferreira-goncalves-foto-redes-sociais.png\" \/>\n\t<meta property=\"og:image:width\" content=\"1280\" \/>\n\t<meta property=\"og:image:height\" content=\"863\" \/>\n\t<meta property=\"og:image:type\" content=\"image\/png\" \/>\n<meta name=\"author\" content=\"Ag\u00eancia iNFRA\" \/>\n<meta name=\"twitter:card\" content=\"summary_large_image\" \/>\n<meta name=\"twitter:creator\" content=\"@agencia_infra\" \/>\n<meta name=\"twitter:site\" content=\"@agencia_infra\" \/>\n<meta name=\"twitter:label1\" content=\"Escrito por\" \/>\n\t<meta name=\"twitter:data1\" content=\"Ag\u00eancia iNFRA\" \/>\n\t<meta name=\"twitter:label2\" content=\"Est. tempo de leitura\" \/>\n\t<meta name=\"twitter:data2\" content=\"4 minutos\" \/>\n<script type=\"application\/ld+json\" class=\"yoast-schema-graph\">{\"@context\":\"https:\/\/schema.org\",\"@graph\":[{\"@type\":\"Article\",\"@id\":\"https:\/\/agenciainfra.com\/blog\/infradebate-o-futuro-das-ferrovias-no-proximo-governo\/#article\",\"isPartOf\":{\"@id\":\"https:\/\/agenciainfra.com\/blog\/infradebate-o-futuro-das-ferrovias-no-proximo-governo\/\"},\"author\":{\"name\":\"Ag\u00eancia iNFRA\",\"@id\":\"https:\/\/agenciainfra.com\/blog\/#\/schema\/person\/34af08dff6adea4cb22b06612ba7acfa\"},\"headline\":\"iNFRADebate: O futuro das ferrovias no pr\u00f3ximo governo\",\"datePublished\":\"2022-11-21T14:00:00+00:00\",\"dateModified\":\"2022-11-22T11:10:18+00:00\",\"mainEntityOfPage\":{\"@id\":\"https:\/\/agenciainfra.com\/blog\/infradebate-o-futuro-das-ferrovias-no-proximo-governo\/\"},\"wordCount\":763,\"publisher\":{\"@id\":\"https:\/\/agenciainfra.com\/blog\/#organization\"},\"image\":{\"@id\":\"https:\/\/agenciainfra.com\/blog\/infradebate-o-futuro-das-ferrovias-no-proximo-governo\/#primaryimage\"},\"thumbnailUrl\":\"https:\/\/agenciainfra.com\/blog\/wp-content\/uploads\/2022\/11\/jose-manoel-ferreira-goncalves-foto-redes-sociais.png\",\"keywords\":[\"ANTT\",\"autoriza\u00e7\u00f5es ferrovi\u00e1rias\",\"concess\u00f5es\",\"Ferrovia Norte-Sul\",\"Ferrovias\",\"Infraestrutura\",\"Jos\u00e9 Manoel Ferreira Gon\u00e7alves\",\"Malha Paulista\",\"Porto de Santos\",\"privatiza\u00e7\u00f5es\",\"RFFSA\"],\"articleSection\":[\"Geral\",\"iNFRADebate\"],\"inLanguage\":\"pt-BR\",\"copyrightYear\":\"2022\",\"copyrightHolder\":{\"@id\":\"https:\/\/agenciainfra.com\/blog\/#organization\"}},{\"@type\":\"WebPage\",\"@id\":\"https:\/\/agenciainfra.com\/blog\/infradebate-o-futuro-das-ferrovias-no-proximo-governo\/\",\"url\":\"https:\/\/agenciainfra.com\/blog\/infradebate-o-futuro-das-ferrovias-no-proximo-governo\/\",\"name\":\"iNFRADebate: O futuro das ferrovias no pr\u00f3ximo governo - Ag\u00eancia iNFRA\",\"isPartOf\":{\"@id\":\"https:\/\/agenciainfra.com\/blog\/#website\"},\"primaryImageOfPage\":{\"@id\":\"https:\/\/agenciainfra.com\/blog\/infradebate-o-futuro-das-ferrovias-no-proximo-governo\/#primaryimage\"},\"image\":{\"@id\":\"https:\/\/agenciainfra.com\/blog\/infradebate-o-futuro-das-ferrovias-no-proximo-governo\/#primaryimage\"},\"thumbnailUrl\":\"https:\/\/agenciainfra.com\/blog\/wp-content\/uploads\/2022\/11\/jose-manoel-ferreira-goncalves-foto-redes-sociais.png\",\"datePublished\":\"2022-11-21T14:00:00+00:00\",\"dateModified\":\"2022-11-22T11:10:18+00:00\",\"breadcrumb\":{\"@id\":\"https:\/\/agenciainfra.com\/blog\/infradebate-o-futuro-das-ferrovias-no-proximo-governo\/#breadcrumb\"},\"inLanguage\":\"pt-BR\",\"potentialAction\":[{\"@type\":\"ReadAction\",\"target\":[\"https:\/\/agenciainfra.com\/blog\/infradebate-o-futuro-das-ferrovias-no-proximo-governo\/\"]}]},{\"@type\":\"ImageObject\",\"inLanguage\":\"pt-BR\",\"@id\":\"https:\/\/agenciainfra.com\/blog\/infradebate-o-futuro-das-ferrovias-no-proximo-governo\/#primaryimage\",\"url\":\"https:\/\/agenciainfra.com\/blog\/wp-content\/uploads\/2022\/11\/jose-manoel-ferreira-goncalves-foto-redes-sociais.png\",\"contentUrl\":\"https:\/\/agenciainfra.com\/blog\/wp-content\/uploads\/2022\/11\/jose-manoel-ferreira-goncalves-foto-redes-sociais.png\",\"width\":1280,\"height\":863},{\"@type\":\"BreadcrumbList\",\"@id\":\"https:\/\/agenciainfra.com\/blog\/infradebate-o-futuro-das-ferrovias-no-proximo-governo\/#breadcrumb\",\"itemListElement\":[{\"@type\":\"ListItem\",\"position\":1,\"name\":\"In\u00edcio\",\"item\":\"https:\/\/agenciainfra.com\/blog\/\"},{\"@type\":\"ListItem\",\"position\":2,\"name\":\"iNFRADebate: O futuro das ferrovias no pr\u00f3ximo governo\"}]},{\"@type\":\"WebSite\",\"@id\":\"https:\/\/agenciainfra.com\/blog\/#website\",\"url\":\"https:\/\/agenciainfra.com\/blog\/\",\"name\":\"Ag\u00eancia iNFRA\",\"description\":\"Multiplataforma de informa\u00e7\u00e3o jornal\u00edstica refer\u00eancia na \u00e1rea de infraestrutura no Brasil!\",\"publisher\":{\"@id\":\"https:\/\/agenciainfra.com\/blog\/#organization\"},\"potentialAction\":[{\"@type\":\"SearchAction\",\"target\":{\"@type\":\"EntryPoint\",\"urlTemplate\":\"https:\/\/agenciainfra.com\/blog\/?s={search_term_string}\"},\"query-input\":{\"@type\":\"PropertyValueSpecification\",\"valueRequired\":true,\"valueName\":\"search_term_string\"}}],\"inLanguage\":\"pt-BR\"},{\"@type\":\"Organization\",\"@id\":\"https:\/\/agenciainfra.com\/blog\/#organization\",\"name\":\"Ag\u00eancia iNFRA\",\"url\":\"https:\/\/agenciainfra.com\/blog\/\",\"logo\":{\"@type\":\"ImageObject\",\"inLanguage\":\"pt-BR\",\"@id\":\"https:\/\/agenciainfra.com\/blog\/#\/schema\/logo\/image\/\",\"url\":\"https:\/\/agenciainfra.com\/blog\/wp-content\/uploads\/2023\/09\/iNFRA_5-e1761735885940.png\",\"contentUrl\":\"https:\/\/agenciainfra.com\/blog\/wp-content\/uploads\/2023\/09\/iNFRA_5-e1761735885940.png\",\"width\":1672,\"height\":454,\"caption\":\"Ag\u00eancia iNFRA\"},\"image\":{\"@id\":\"https:\/\/agenciainfra.com\/blog\/#\/schema\/logo\/image\/\"},\"sameAs\":[\"https:\/\/www.facebook.com\/ageninfra\",\"https:\/\/x.com\/agencia_infra\",\"https:\/\/www.linkedin.com\/company\/ag\u00eanciainfra\/\",\"https:\/\/www.instagram.com\/agenciainfra\/\"]},{\"@type\":\"Person\",\"@id\":\"https:\/\/agenciainfra.com\/blog\/#\/schema\/person\/34af08dff6adea4cb22b06612ba7acfa\",\"name\":\"Ag\u00eancia iNFRA\",\"image\":{\"@type\":\"ImageObject\",\"inLanguage\":\"pt-BR\",\"@id\":\"https:\/\/agenciainfra.com\/blog\/#\/schema\/person\/image\/\",\"url\":\"https:\/\/secure.gravatar.com\/avatar\/d189e01678f06d8eb84d4e01f08eb848b3fffe3f8443818d3c356c66892f5be8?s=96&d=mm&r=g\",\"contentUrl\":\"https:\/\/secure.gravatar.com\/avatar\/d189e01678f06d8eb84d4e01f08eb848b3fffe3f8443818d3c356c66892f5be8?s=96&d=mm&r=g\",\"caption\":\"Ag\u00eancia iNFRA\"},\"url\":\"https:\/\/agenciainfra.com\/blog\/author\/admin\/\"}]}<\/script>\n<!-- \/ Yoast SEO Premium plugin. -->","yoast_head_json":{"title":"iNFRADebate: O futuro das ferrovias no pr\u00f3ximo governo - Ag\u00eancia iNFRA","robots":{"index":"index","follow":"follow","max-snippet":"max-snippet:-1","max-image-preview":"max-image-preview:large","max-video-preview":"max-video-preview:-1"},"canonical":"https:\/\/agenciainfra.com\/blog\/infradebate-o-futuro-das-ferrovias-no-proximo-governo\/","og_locale":"pt_BR","og_type":"article","og_title":"iNFRADebate: O futuro das ferrovias no pr\u00f3ximo governo","og_description":"Jos\u00e9 Manoel Ferreira Gon\u00e7alves*\u00a0 O pa\u00eds acompanha com muito interesse o trabalho da equipe de transi\u00e7\u00e3o que prepara o terreno para o in\u00edcio da gest\u00e3o Lula, em 2023. Uma das sinaliza\u00e7\u00f5es\u00a0vindas de Bras\u00edlia aponta para uma an\u00e1lise mais criteriosa das privatiza\u00e7\u00f5es em\u00a0curso, como a do porto de Santos, que o governo Bolsonaro se apressa em\u00a0concretizar, [&hellip;]","og_url":"https:\/\/agenciainfra.com\/blog\/infradebate-o-futuro-das-ferrovias-no-proximo-governo\/","og_site_name":"Ag\u00eancia iNFRA","article_publisher":"https:\/\/www.facebook.com\/ageninfra","article_published_time":"2022-11-21T14:00:00+00:00","article_modified_time":"2022-11-22T11:10:18+00:00","og_image":[{"width":1280,"height":863,"url":"https:\/\/agenciainfra.com\/blog\/wp-content\/uploads\/2022\/11\/jose-manoel-ferreira-goncalves-foto-redes-sociais.png","type":"image\/png"}],"author":"Ag\u00eancia iNFRA","twitter_card":"summary_large_image","twitter_creator":"@agencia_infra","twitter_site":"@agencia_infra","twitter_misc":{"Escrito por":"Ag\u00eancia iNFRA","Est. tempo de leitura":"4 minutos"},"schema":{"@context":"https:\/\/schema.org","@graph":[{"@type":"Article","@id":"https:\/\/agenciainfra.com\/blog\/infradebate-o-futuro-das-ferrovias-no-proximo-governo\/#article","isPartOf":{"@id":"https:\/\/agenciainfra.com\/blog\/infradebate-o-futuro-das-ferrovias-no-proximo-governo\/"},"author":{"name":"Ag\u00eancia iNFRA","@id":"https:\/\/agenciainfra.com\/blog\/#\/schema\/person\/34af08dff6adea4cb22b06612ba7acfa"},"headline":"iNFRADebate: O futuro das ferrovias no pr\u00f3ximo governo","datePublished":"2022-11-21T14:00:00+00:00","dateModified":"2022-11-22T11:10:18+00:00","mainEntityOfPage":{"@id":"https:\/\/agenciainfra.com\/blog\/infradebate-o-futuro-das-ferrovias-no-proximo-governo\/"},"wordCount":763,"publisher":{"@id":"https:\/\/agenciainfra.com\/blog\/#organization"},"image":{"@id":"https:\/\/agenciainfra.com\/blog\/infradebate-o-futuro-das-ferrovias-no-proximo-governo\/#primaryimage"},"thumbnailUrl":"https:\/\/agenciainfra.com\/blog\/wp-content\/uploads\/2022\/11\/jose-manoel-ferreira-goncalves-foto-redes-sociais.png","keywords":["ANTT","autoriza\u00e7\u00f5es ferrovi\u00e1rias","concess\u00f5es","Ferrovia Norte-Sul","Ferrovias","Infraestrutura","Jos\u00e9 Manoel Ferreira Gon\u00e7alves","Malha Paulista","Porto de Santos","privatiza\u00e7\u00f5es","RFFSA"],"articleSection":["Geral","iNFRADebate"],"inLanguage":"pt-BR","copyrightYear":"2022","copyrightHolder":{"@id":"https:\/\/agenciainfra.com\/blog\/#organization"}},{"@type":"WebPage","@id":"https:\/\/agenciainfra.com\/blog\/infradebate-o-futuro-das-ferrovias-no-proximo-governo\/","url":"https:\/\/agenciainfra.com\/blog\/infradebate-o-futuro-das-ferrovias-no-proximo-governo\/","name":"iNFRADebate: O futuro das ferrovias no pr\u00f3ximo governo - Ag\u00eancia iNFRA","isPartOf":{"@id":"https:\/\/agenciainfra.com\/blog\/#website"},"primaryImageOfPage":{"@id":"https:\/\/agenciainfra.com\/blog\/infradebate-o-futuro-das-ferrovias-no-proximo-governo\/#primaryimage"},"image":{"@id":"https:\/\/agenciainfra.com\/blog\/infradebate-o-futuro-das-ferrovias-no-proximo-governo\/#primaryimage"},"thumbnailUrl":"https:\/\/agenciainfra.com\/blog\/wp-content\/uploads\/2022\/11\/jose-manoel-ferreira-goncalves-foto-redes-sociais.png","datePublished":"2022-11-21T14:00:00+00:00","dateModified":"2022-11-22T11:10:18+00:00","breadcrumb":{"@id":"https:\/\/agenciainfra.com\/blog\/infradebate-o-futuro-das-ferrovias-no-proximo-governo\/#breadcrumb"},"inLanguage":"pt-BR","potentialAction":[{"@type":"ReadAction","target":["https:\/\/agenciainfra.com\/blog\/infradebate-o-futuro-das-ferrovias-no-proximo-governo\/"]}]},{"@type":"ImageObject","inLanguage":"pt-BR","@id":"https:\/\/agenciainfra.com\/blog\/infradebate-o-futuro-das-ferrovias-no-proximo-governo\/#primaryimage","url":"https:\/\/agenciainfra.com\/blog\/wp-content\/uploads\/2022\/11\/jose-manoel-ferreira-goncalves-foto-redes-sociais.png","contentUrl":"https:\/\/agenciainfra.com\/blog\/wp-content\/uploads\/2022\/11\/jose-manoel-ferreira-goncalves-foto-redes-sociais.png","width":1280,"height":863},{"@type":"BreadcrumbList","@id":"https:\/\/agenciainfra.com\/blog\/infradebate-o-futuro-das-ferrovias-no-proximo-governo\/#breadcrumb","itemListElement":[{"@type":"ListItem","position":1,"name":"In\u00edcio","item":"https:\/\/agenciainfra.com\/blog\/"},{"@type":"ListItem","position":2,"name":"iNFRADebate: O futuro das ferrovias no pr\u00f3ximo governo"}]},{"@type":"WebSite","@id":"https:\/\/agenciainfra.com\/blog\/#website","url":"https:\/\/agenciainfra.com\/blog\/","name":"Ag\u00eancia iNFRA","description":"Multiplataforma de informa\u00e7\u00e3o jornal\u00edstica refer\u00eancia na \u00e1rea de infraestrutura no Brasil!","publisher":{"@id":"https:\/\/agenciainfra.com\/blog\/#organization"},"potentialAction":[{"@type":"SearchAction","target":{"@type":"EntryPoint","urlTemplate":"https:\/\/agenciainfra.com\/blog\/?s={search_term_string}"},"query-input":{"@type":"PropertyValueSpecification","valueRequired":true,"valueName":"search_term_string"}}],"inLanguage":"pt-BR"},{"@type":"Organization","@id":"https:\/\/agenciainfra.com\/blog\/#organization","name":"Ag\u00eancia iNFRA","url":"https:\/\/agenciainfra.com\/blog\/","logo":{"@type":"ImageObject","inLanguage":"pt-BR","@id":"https:\/\/agenciainfra.com\/blog\/#\/schema\/logo\/image\/","url":"https:\/\/agenciainfra.com\/blog\/wp-content\/uploads\/2023\/09\/iNFRA_5-e1761735885940.png","contentUrl":"https:\/\/agenciainfra.com\/blog\/wp-content\/uploads\/2023\/09\/iNFRA_5-e1761735885940.png","width":1672,"height":454,"caption":"Ag\u00eancia iNFRA"},"image":{"@id":"https:\/\/agenciainfra.com\/blog\/#\/schema\/logo\/image\/"},"sameAs":["https:\/\/www.facebook.com\/ageninfra","https:\/\/x.com\/agencia_infra","https:\/\/www.linkedin.com\/company\/ag\u00eanciainfra\/","https:\/\/www.instagram.com\/agenciainfra\/"]},{"@type":"Person","@id":"https:\/\/agenciainfra.com\/blog\/#\/schema\/person\/34af08dff6adea4cb22b06612ba7acfa","name":"Ag\u00eancia iNFRA","image":{"@type":"ImageObject","inLanguage":"pt-BR","@id":"https:\/\/agenciainfra.com\/blog\/#\/schema\/person\/image\/","url":"https:\/\/secure.gravatar.com\/avatar\/d189e01678f06d8eb84d4e01f08eb848b3fffe3f8443818d3c356c66892f5be8?s=96&d=mm&r=g","contentUrl":"https:\/\/secure.gravatar.com\/avatar\/d189e01678f06d8eb84d4e01f08eb848b3fffe3f8443818d3c356c66892f5be8?s=96&d=mm&r=g","caption":"Ag\u00eancia iNFRA"},"url":"https:\/\/agenciainfra.com\/blog\/author\/admin\/"}]}},"_links":{"self":[{"href":"https:\/\/agenciainfra.com\/blog\/wp-json\/wp\/v2\/posts\/11714","targetHints":{"allow":["GET"]}}],"collection":[{"href":"https:\/\/agenciainfra.com\/blog\/wp-json\/wp\/v2\/posts"}],"about":[{"href":"https:\/\/agenciainfra.com\/blog\/wp-json\/wp\/v2\/types\/post"}],"author":[{"embeddable":true,"href":"https:\/\/agenciainfra.com\/blog\/wp-json\/wp\/v2\/users\/1"}],"replies":[{"embeddable":true,"href":"https:\/\/agenciainfra.com\/blog\/wp-json\/wp\/v2\/comments?post=11714"}],"version-history":[{"count":0,"href":"https:\/\/agenciainfra.com\/blog\/wp-json\/wp\/v2\/posts\/11714\/revisions"}],"wp:featuredmedia":[{"embeddable":true,"href":"https:\/\/agenciainfra.com\/blog\/wp-json\/wp\/v2\/media\/11715"}],"wp:attachment":[{"href":"https:\/\/agenciainfra.com\/blog\/wp-json\/wp\/v2\/media?parent=11714"}],"wp:term":[{"taxonomy":"category","embeddable":true,"href":"https:\/\/agenciainfra.com\/blog\/wp-json\/wp\/v2\/categories?post=11714"},{"taxonomy":"post_tag","embeddable":true,"href":"https:\/\/agenciainfra.com\/blog\/wp-json\/wp\/v2\/tags?post=11714"}],"curies":[{"name":"wp","href":"https:\/\/api.w.org\/{rel}","templated":true}]}}