{"id":11729,"date":"2022-11-24T09:00:00","date_gmt":"2022-11-24T12:00:00","guid":{"rendered":"https:\/\/www.agenciainfra.com\/blog\/?p=11729"},"modified":"2022-11-23T10:47:54","modified_gmt":"2022-11-23T13:47:54","slug":"oitava-rodada-de-concessao-de-aeroportos-e-ponto-de-interrogacao-para-novo-governo","status":"publish","type":"post","link":"https:\/\/agenciainfra.com\/blog\/oitava-rodada-de-concessao-de-aeroportos-e-ponto-de-interrogacao-para-novo-governo\/","title":{"rendered":"Oitava rodada de concess\u00e3o de aeroportos \u00e9 ponto de interroga\u00e7\u00e3o para novo governo"},"content":{"rendered":"\n<p class=\"has-text-align-right\"><strong>Jenifer Ribeiro e Dimmi Amora, da Ag\u00eancia iNFRA<\/strong><\/p>\n\n\n\n<p>O ex-ministro Maur\u00edcio Muniz, membro do grupo de trabalho da transi\u00e7\u00e3o de infraestrutura, afirmou que a concess\u00e3o dos aeroportos de Santos Dumont e de Gale\u00e3o, ambos no Rio de Janeiro, ainda \u00e9\u00a0um ponto de interroga\u00e7\u00e3o para o governo eleito. A afirma\u00e7\u00e3o foi feita na \u00faltima ter\u00e7a-feira (22), na sa\u00edda da reuni\u00e3o do grupo com a Secretaria de Avia\u00e7\u00e3o Civil, no Minist\u00e9rio da Infraestrutura.<br><br>Muniz declarou que o modelo de concess\u00e3o dos dois aeroportos para o que est\u00e1 sendo chamado de\u00a08\u00aa rodada de concess\u00f5es aeroportu\u00e1rias pode ser reavaliado. Ao ser perguntado se os ativos voltam para a administra\u00e7\u00e3o da Infraero, a estatal de aeroportos, ele disse que ainda n\u00e3o \u00e9 poss\u00edvel saber.<br><br>O objetivo do atual ministro da Infraestrutura, Marcelo Sampaio, era licitar os dois aeroportos no final de 2023, mas o governo j\u00e1 alertou que pode acontecer um atraso nesse cronograma devido ao processo de relicita\u00e7\u00e3o do Aeroporto de Gale\u00e3o.<br><br>O Gale\u00e3o, administrado pela concession\u00e1ria Changi, de Cingapura, est\u00e1 passando pelo processo de devolu\u00e7\u00e3o amig\u00e1vel que come\u00e7ou conturbado, com amea\u00e7as de judicializa\u00e7\u00e3o do processo. Por sua vez, o Santos Dumont sempre foi administrado pela Infraero\u00a0e ser\u00e1 concedido pela primeira vez.<br><br><strong>Projetos avan\u00e7ados<\/strong><br>Al\u00e9m disso, Muniz mencionou ao final da\u00a0reuni\u00e3o que projetos que est\u00e3o mais avan\u00e7ados devem acontecer, mas talvez alguns pontos sejam alterados. Entre eles, o ex-ministro deu como exemplo a relicita\u00e7\u00e3o do Asga (Aeroporto de S\u00e3o Gon\u00e7alo do Amarante), no Rio Grande do Norte.<br><br>Em rela\u00e7\u00e3o ao porto de Santos (SP), Muniz afirmou, na manh\u00e3 de ter\u00e7a-feira, que a oposi\u00e7\u00e3o do novo governo ao modelo de concess\u00e3o apresentado \u00e9 conhecida e que ser\u00e1 preciso um tempo maior para avaliar a continuidade ou n\u00e3o desse processo.<br><br>O relat\u00f3rio, que ser\u00e1 entregue ao governo com recomenda\u00e7\u00f5es para o minist\u00e9rio, ter\u00e1 informa\u00e7\u00f5es detalhadas sobre todos os projetos de concess\u00e3o que est\u00e3o mais avan\u00e7ados com recomenda\u00e7\u00f5es de como cada edital deve prosseguir.<br><br>Por ora, o deputado Paulo Pimenta (PT-RS), que tamb\u00e9m integra o grupo de transi\u00e7\u00e3o, disse que na semana que vem o grupo vai se reunir para tratar dos temas que ainda podem ter decis\u00e3o do atual governo, que, segundo ele, comprometeu-se a n\u00e3o tocar projetos sem acordo com o futuro governo.<br><br><strong>Leil\u00f5es rodovi\u00e1rios<\/strong><br>Na ter\u00e7a-feira pela manh\u00e3, Muniz havia comentado que os processos de concess\u00e3o de rodovia que j\u00e1 est\u00e3o prontos para leil\u00e3o ter\u00e3o uma aten\u00e7\u00e3o especial do grupo e a inten\u00e7\u00e3o \u00e9 &#8220;n\u00e3o paralisar&#8221; os processos.\u00a0<br><br>Ele citou especificamente os lotes de rodovias do Paran\u00e1 e a BR-381\/MG. &#8220;Seria um equ\u00edvoco n\u00e3o dar continuidade&#8221;, disse. Em rela\u00e7\u00e3o \u00e0s concess\u00f5es de rodovias do Paran\u00e1, Muniz informou ainda que o grupo de trabalho discutir\u00e1 a recomenda\u00e7\u00e3o ao novo minist\u00e9rio de se analisar a viabilidade de mudar o crit\u00e9rio do leil\u00e3o para menor tarifa.<br><br>Outro processo que deve seguir e que est\u00e1 com prazo de lan\u00e7amento para dezembro, segundo Muniz, s\u00e3o as consultas p\u00fablicas dos planos setoriais referentes ao PNL (Plano Nacional de Log\u00edstica) 2050.<br><br>O encontro da manh\u00e3 foi com representantes da Secretaria de Fomento, Planejamento e Parcerias e da Infra S.A. Durante a semana foi acordado que as reuni\u00f5es ser\u00e3o somente com representantes do minist\u00e9rio e vinculadas. Reuni\u00f5es com as ag\u00eancias reguladoras ser\u00e3o separadas, provavelmente na pr\u00f3xima semana.<br><br>Os participantes do encontro presencial na sede do minist\u00e9rio descreveram as reuni\u00f5es como cordiais, com disposi\u00e7\u00e3o da atual pasta em passar todas as informa\u00e7\u00f5es e responder aos questionamentos dos integrantes da grupo t\u00e9cnico nomeado pelo novo governo. Hoje haver\u00e1 reuni\u00f5es com os representantes das secretarias de Portos e Transportes Aquavi\u00e1rios e com a de Transportes Terrestres.<br><br>At\u00e9 agora, o maior problema identificado, segundo um dos integrantes da comiss\u00e3o, \u00e9 a falta de recursos no or\u00e7amento de 2023 para as despesas consideradas m\u00ednimas necess\u00e1rias para o setor, o que ter\u00e1 que ser tratado no Congresso ainda neste ano.<\/p>\n","protected":false},"excerpt":{"rendered":"<p>Jenifer Ribeiro e Dimmi Amora, da Ag\u00eancia iNFRA O ex-ministro Maur\u00edcio Muniz, membro do grupo de trabalho da transi\u00e7\u00e3o de infraestrutura, afirmou que a concess\u00e3o dos aeroportos de Santos Dumont e de Gale\u00e3o, ambos no Rio de Janeiro, ainda \u00e9\u00a0um ponto de interroga\u00e7\u00e3o para o governo eleito. A afirma\u00e7\u00e3o foi feita na \u00faltima ter\u00e7a-feira (22), [&hellip;]<\/p>\n","protected":false},"author":1,"featured_media":9959,"comment_status":"closed","ping_status":"closed","sticky":false,"template":"","format":"standard","meta":{"_monsterinsights_skip_tracking":false,"_monsterinsights_sitenote_active":false,"_monsterinsights_sitenote_note":"","_monsterinsights_sitenote_category":0,"footnotes":""},"categories":[1,7],"tags":[3256,107,5321,5491,4226,22,1277,3050,2344,61,997,6043,775,6044,6090,260,1027,3259,743,501],"class_list":["post-11729","post","type-post","status-publish","format-standard","has-post-thumbnail","hentry","category-geral","category-infratransporte","tag-aeroporto-de-sao-goncalo-do-amarante","tag-aeroportos","tag-asga","tag-br-381-mg","tag-changi","tag-concessao","tag-devolucao-amigavel","tag-galeao","tag-infra-s-a","tag-infraero","tag-marcelo-sampaio","tag-mauricio-muniz","tag-ministerio-da-infraestrutura","tag-paulo-pimenta","tag-pnl-2050","tag-porto-de-santos","tag-relicitacao","tag-rodovias-do-parana","tag-santos-dumont","tag-secretaria-de-aviacao-civil"],"yoast_head":"<!-- This site is optimized with the Yoast SEO Premium plugin v25.4 (Yoast SEO v26.0) - https:\/\/yoast.com\/wordpress\/plugins\/seo\/ -->\n<title>Oitava rodada de concess\u00e3o de aeroportos \u00e9 ponto de interroga\u00e7\u00e3o para novo governo - Ag\u00eancia iNFRA<\/title>\n<meta name=\"robots\" content=\"index, follow, max-snippet:-1, max-image-preview:large, max-video-preview:-1\" \/>\n<link rel=\"canonical\" href=\"https:\/\/agenciainfra.com\/blog\/oitava-rodada-de-concessao-de-aeroportos-e-ponto-de-interrogacao-para-novo-governo\/\" \/>\n<meta property=\"og:locale\" content=\"pt_BR\" \/>\n<meta property=\"og:type\" content=\"article\" \/>\n<meta property=\"og:title\" content=\"Oitava rodada de concess\u00e3o de aeroportos \u00e9 ponto de interroga\u00e7\u00e3o para novo governo\" \/>\n<meta property=\"og:description\" content=\"Jenifer Ribeiro e Dimmi Amora, da Ag\u00eancia iNFRA O ex-ministro Maur\u00edcio Muniz, membro do grupo de trabalho da transi\u00e7\u00e3o de infraestrutura, afirmou que a concess\u00e3o dos aeroportos de Santos Dumont e de Gale\u00e3o, ambos no Rio de Janeiro, ainda \u00e9\u00a0um ponto de interroga\u00e7\u00e3o para o governo eleito. A afirma\u00e7\u00e3o foi feita na \u00faltima ter\u00e7a-feira (22), [&hellip;]\" \/>\n<meta property=\"og:url\" content=\"https:\/\/agenciainfra.com\/blog\/oitava-rodada-de-concessao-de-aeroportos-e-ponto-de-interrogacao-para-novo-governo\/\" \/>\n<meta property=\"og:site_name\" content=\"Ag\u00eancia iNFRA\" \/>\n<meta property=\"article:publisher\" content=\"https:\/\/www.facebook.com\/ageninfra\" \/>\n<meta property=\"article:published_time\" content=\"2022-11-24T12:00:00+00:00\" \/>\n<meta property=\"og:image\" content=\"https:\/\/agenciainfra.com\/blog\/wp-content\/uploads\/2022\/04\/aviao-foto-dominio-publico.jpg\" \/>\n\t<meta property=\"og:image:width\" content=\"1920\" \/>\n\t<meta property=\"og:image:height\" content=\"1281\" \/>\n\t<meta property=\"og:image:type\" content=\"image\/jpeg\" \/>\n<meta name=\"author\" content=\"Ag\u00eancia iNFRA\" \/>\n<meta name=\"twitter:card\" content=\"summary_large_image\" \/>\n<meta name=\"twitter:creator\" content=\"@agencia_infra\" \/>\n<meta name=\"twitter:site\" content=\"@agencia_infra\" \/>\n<meta name=\"twitter:label1\" content=\"Escrito por\" \/>\n\t<meta name=\"twitter:data1\" content=\"Ag\u00eancia iNFRA\" \/>\n\t<meta name=\"twitter:label2\" content=\"Est. tempo de leitura\" \/>\n\t<meta name=\"twitter:data2\" content=\"4 minutos\" \/>\n<script type=\"application\/ld+json\" class=\"yoast-schema-graph\">{\"@context\":\"https:\/\/schema.org\",\"@graph\":[{\"@type\":\"Article\",\"@id\":\"https:\/\/agenciainfra.com\/blog\/oitava-rodada-de-concessao-de-aeroportos-e-ponto-de-interrogacao-para-novo-governo\/#article\",\"isPartOf\":{\"@id\":\"https:\/\/agenciainfra.com\/blog\/oitava-rodada-de-concessao-de-aeroportos-e-ponto-de-interrogacao-para-novo-governo\/\"},\"author\":{\"name\":\"Ag\u00eancia iNFRA\",\"@id\":\"https:\/\/agenciainfra.com\/blog\/#\/schema\/person\/34af08dff6adea4cb22b06612ba7acfa\"},\"headline\":\"Oitava rodada de concess\u00e3o de aeroportos \u00e9 ponto de interroga\u00e7\u00e3o para novo governo\",\"datePublished\":\"2022-11-24T12:00:00+00:00\",\"mainEntityOfPage\":{\"@id\":\"https:\/\/agenciainfra.com\/blog\/oitava-rodada-de-concessao-de-aeroportos-e-ponto-de-interrogacao-para-novo-governo\/\"},\"wordCount\":734,\"publisher\":{\"@id\":\"https:\/\/agenciainfra.com\/blog\/#organization\"},\"image\":{\"@id\":\"https:\/\/agenciainfra.com\/blog\/oitava-rodada-de-concessao-de-aeroportos-e-ponto-de-interrogacao-para-novo-governo\/#primaryimage\"},\"thumbnailUrl\":\"https:\/\/agenciainfra.com\/blog\/wp-content\/uploads\/2022\/04\/aviao-foto-dominio-publico.jpg\",\"keywords\":[\"Aeroporto de S\u00e3o Gon\u00e7alo do Amarante\",\"aeroportos\",\"ASGA\",\"BR-381\/MG\",\"Changi\",\"Concess\u00e3o\",\"devolu\u00e7\u00e3o amig\u00e1vel\",\"Gale\u00e3o\",\"Infra S.A.\",\"Infraero\",\"Marcelo Sampaio\",\"Maur\u00edcio Muniz\",\"Minist\u00e9rio da Infraestrutura\",\"Paulo Pimenta\",\"PNL 2050\",\"Porto de Santos\",\"relicita\u00e7\u00e3o\",\"rodovias do Paran\u00e1\",\"Santos Dumont\",\"Secretaria de Avia\u00e7\u00e3o Civil\"],\"articleSection\":[\"Geral\",\"iNFRATransporte\"],\"inLanguage\":\"pt-BR\",\"copyrightYear\":\"2022\",\"copyrightHolder\":{\"@id\":\"https:\/\/agenciainfra.com\/blog\/#organization\"}},{\"@type\":\"WebPage\",\"@id\":\"https:\/\/agenciainfra.com\/blog\/oitava-rodada-de-concessao-de-aeroportos-e-ponto-de-interrogacao-para-novo-governo\/\",\"url\":\"https:\/\/agenciainfra.com\/blog\/oitava-rodada-de-concessao-de-aeroportos-e-ponto-de-interrogacao-para-novo-governo\/\",\"name\":\"Oitava rodada de concess\u00e3o de aeroportos \u00e9 ponto de interroga\u00e7\u00e3o para novo governo - Ag\u00eancia iNFRA\",\"isPartOf\":{\"@id\":\"https:\/\/agenciainfra.com\/blog\/#website\"},\"primaryImageOfPage\":{\"@id\":\"https:\/\/agenciainfra.com\/blog\/oitava-rodada-de-concessao-de-aeroportos-e-ponto-de-interrogacao-para-novo-governo\/#primaryimage\"},\"image\":{\"@id\":\"https:\/\/agenciainfra.com\/blog\/oitava-rodada-de-concessao-de-aeroportos-e-ponto-de-interrogacao-para-novo-governo\/#primaryimage\"},\"thumbnailUrl\":\"https:\/\/agenciainfra.com\/blog\/wp-content\/uploads\/2022\/04\/aviao-foto-dominio-publico.jpg\",\"datePublished\":\"2022-11-24T12:00:00+00:00\",\"breadcrumb\":{\"@id\":\"https:\/\/agenciainfra.com\/blog\/oitava-rodada-de-concessao-de-aeroportos-e-ponto-de-interrogacao-para-novo-governo\/#breadcrumb\"},\"inLanguage\":\"pt-BR\",\"potentialAction\":[{\"@type\":\"ReadAction\",\"target\":[\"https:\/\/agenciainfra.com\/blog\/oitava-rodada-de-concessao-de-aeroportos-e-ponto-de-interrogacao-para-novo-governo\/\"]}]},{\"@type\":\"ImageObject\",\"inLanguage\":\"pt-BR\",\"@id\":\"https:\/\/agenciainfra.com\/blog\/oitava-rodada-de-concessao-de-aeroportos-e-ponto-de-interrogacao-para-novo-governo\/#primaryimage\",\"url\":\"https:\/\/agenciainfra.com\/blog\/wp-content\/uploads\/2022\/04\/aviao-foto-dominio-publico.jpg\",\"contentUrl\":\"https:\/\/agenciainfra.com\/blog\/wp-content\/uploads\/2022\/04\/aviao-foto-dominio-publico.jpg\",\"width\":1920,\"height\":1281,\"caption\":\"Foto: Dom\u00ednio p\u00fablico\"},{\"@type\":\"BreadcrumbList\",\"@id\":\"https:\/\/agenciainfra.com\/blog\/oitava-rodada-de-concessao-de-aeroportos-e-ponto-de-interrogacao-para-novo-governo\/#breadcrumb\",\"itemListElement\":[{\"@type\":\"ListItem\",\"position\":1,\"name\":\"In\u00edcio\",\"item\":\"https:\/\/agenciainfra.com\/blog\/\"},{\"@type\":\"ListItem\",\"position\":2,\"name\":\"Oitava rodada de concess\u00e3o de aeroportos \u00e9 ponto de interroga\u00e7\u00e3o para novo governo\"}]},{\"@type\":\"WebSite\",\"@id\":\"https:\/\/agenciainfra.com\/blog\/#website\",\"url\":\"https:\/\/agenciainfra.com\/blog\/\",\"name\":\"Ag\u00eancia iNFRA\",\"description\":\"Multiplataforma de informa\u00e7\u00e3o jornal\u00edstica refer\u00eancia na \u00e1rea de infraestrutura no Brasil!\",\"publisher\":{\"@id\":\"https:\/\/agenciainfra.com\/blog\/#organization\"},\"potentialAction\":[{\"@type\":\"SearchAction\",\"target\":{\"@type\":\"EntryPoint\",\"urlTemplate\":\"https:\/\/agenciainfra.com\/blog\/?s={search_term_string}\"},\"query-input\":{\"@type\":\"PropertyValueSpecification\",\"valueRequired\":true,\"valueName\":\"search_term_string\"}}],\"inLanguage\":\"pt-BR\"},{\"@type\":\"Organization\",\"@id\":\"https:\/\/agenciainfra.com\/blog\/#organization\",\"name\":\"Ag\u00eancia iNFRA\",\"url\":\"https:\/\/agenciainfra.com\/blog\/\",\"logo\":{\"@type\":\"ImageObject\",\"inLanguage\":\"pt-BR\",\"@id\":\"https:\/\/agenciainfra.com\/blog\/#\/schema\/logo\/image\/\",\"url\":\"https:\/\/agenciainfra.com\/blog\/wp-content\/uploads\/2023\/09\/iNFRA_5-e1761735885940.png\",\"contentUrl\":\"https:\/\/agenciainfra.com\/blog\/wp-content\/uploads\/2023\/09\/iNFRA_5-e1761735885940.png\",\"width\":1672,\"height\":454,\"caption\":\"Ag\u00eancia iNFRA\"},\"image\":{\"@id\":\"https:\/\/agenciainfra.com\/blog\/#\/schema\/logo\/image\/\"},\"sameAs\":[\"https:\/\/www.facebook.com\/ageninfra\",\"https:\/\/x.com\/agencia_infra\",\"https:\/\/www.linkedin.com\/company\/ag\u00eanciainfra\/\",\"https:\/\/www.instagram.com\/agenciainfra\/\"]},{\"@type\":\"Person\",\"@id\":\"https:\/\/agenciainfra.com\/blog\/#\/schema\/person\/34af08dff6adea4cb22b06612ba7acfa\",\"name\":\"Ag\u00eancia iNFRA\",\"image\":{\"@type\":\"ImageObject\",\"inLanguage\":\"pt-BR\",\"@id\":\"https:\/\/agenciainfra.com\/blog\/#\/schema\/person\/image\/\",\"url\":\"https:\/\/secure.gravatar.com\/avatar\/d189e01678f06d8eb84d4e01f08eb848b3fffe3f8443818d3c356c66892f5be8?s=96&d=mm&r=g\",\"contentUrl\":\"https:\/\/secure.gravatar.com\/avatar\/d189e01678f06d8eb84d4e01f08eb848b3fffe3f8443818d3c356c66892f5be8?s=96&d=mm&r=g\",\"caption\":\"Ag\u00eancia iNFRA\"},\"url\":\"https:\/\/agenciainfra.com\/blog\/author\/admin\/\"}]}<\/script>\n<!-- \/ Yoast SEO Premium plugin. -->","yoast_head_json":{"title":"Oitava rodada de concess\u00e3o de aeroportos \u00e9 ponto de interroga\u00e7\u00e3o para novo governo - Ag\u00eancia iNFRA","robots":{"index":"index","follow":"follow","max-snippet":"max-snippet:-1","max-image-preview":"max-image-preview:large","max-video-preview":"max-video-preview:-1"},"canonical":"https:\/\/agenciainfra.com\/blog\/oitava-rodada-de-concessao-de-aeroportos-e-ponto-de-interrogacao-para-novo-governo\/","og_locale":"pt_BR","og_type":"article","og_title":"Oitava rodada de concess\u00e3o de aeroportos \u00e9 ponto de interroga\u00e7\u00e3o para novo governo","og_description":"Jenifer Ribeiro e Dimmi Amora, da Ag\u00eancia iNFRA O ex-ministro Maur\u00edcio Muniz, membro do grupo de trabalho da transi\u00e7\u00e3o de infraestrutura, afirmou que a concess\u00e3o dos aeroportos de Santos Dumont e de Gale\u00e3o, ambos no Rio de Janeiro, ainda \u00e9\u00a0um ponto de interroga\u00e7\u00e3o para o governo eleito. A afirma\u00e7\u00e3o foi feita na \u00faltima ter\u00e7a-feira (22), [&hellip;]","og_url":"https:\/\/agenciainfra.com\/blog\/oitava-rodada-de-concessao-de-aeroportos-e-ponto-de-interrogacao-para-novo-governo\/","og_site_name":"Ag\u00eancia iNFRA","article_publisher":"https:\/\/www.facebook.com\/ageninfra","article_published_time":"2022-11-24T12:00:00+00:00","og_image":[{"width":1920,"height":1281,"url":"https:\/\/agenciainfra.com\/blog\/wp-content\/uploads\/2022\/04\/aviao-foto-dominio-publico.jpg","type":"image\/jpeg"}],"author":"Ag\u00eancia iNFRA","twitter_card":"summary_large_image","twitter_creator":"@agencia_infra","twitter_site":"@agencia_infra","twitter_misc":{"Escrito por":"Ag\u00eancia iNFRA","Est. tempo de leitura":"4 minutos"},"schema":{"@context":"https:\/\/schema.org","@graph":[{"@type":"Article","@id":"https:\/\/agenciainfra.com\/blog\/oitava-rodada-de-concessao-de-aeroportos-e-ponto-de-interrogacao-para-novo-governo\/#article","isPartOf":{"@id":"https:\/\/agenciainfra.com\/blog\/oitava-rodada-de-concessao-de-aeroportos-e-ponto-de-interrogacao-para-novo-governo\/"},"author":{"name":"Ag\u00eancia iNFRA","@id":"https:\/\/agenciainfra.com\/blog\/#\/schema\/person\/34af08dff6adea4cb22b06612ba7acfa"},"headline":"Oitava rodada de concess\u00e3o de aeroportos \u00e9 ponto de interroga\u00e7\u00e3o para novo governo","datePublished":"2022-11-24T12:00:00+00:00","mainEntityOfPage":{"@id":"https:\/\/agenciainfra.com\/blog\/oitava-rodada-de-concessao-de-aeroportos-e-ponto-de-interrogacao-para-novo-governo\/"},"wordCount":734,"publisher":{"@id":"https:\/\/agenciainfra.com\/blog\/#organization"},"image":{"@id":"https:\/\/agenciainfra.com\/blog\/oitava-rodada-de-concessao-de-aeroportos-e-ponto-de-interrogacao-para-novo-governo\/#primaryimage"},"thumbnailUrl":"https:\/\/agenciainfra.com\/blog\/wp-content\/uploads\/2022\/04\/aviao-foto-dominio-publico.jpg","keywords":["Aeroporto de S\u00e3o Gon\u00e7alo do Amarante","aeroportos","ASGA","BR-381\/MG","Changi","Concess\u00e3o","devolu\u00e7\u00e3o amig\u00e1vel","Gale\u00e3o","Infra S.A.","Infraero","Marcelo Sampaio","Maur\u00edcio Muniz","Minist\u00e9rio da Infraestrutura","Paulo Pimenta","PNL 2050","Porto de Santos","relicita\u00e7\u00e3o","rodovias do Paran\u00e1","Santos Dumont","Secretaria de Avia\u00e7\u00e3o Civil"],"articleSection":["Geral","iNFRATransporte"],"inLanguage":"pt-BR","copyrightYear":"2022","copyrightHolder":{"@id":"https:\/\/agenciainfra.com\/blog\/#organization"}},{"@type":"WebPage","@id":"https:\/\/agenciainfra.com\/blog\/oitava-rodada-de-concessao-de-aeroportos-e-ponto-de-interrogacao-para-novo-governo\/","url":"https:\/\/agenciainfra.com\/blog\/oitava-rodada-de-concessao-de-aeroportos-e-ponto-de-interrogacao-para-novo-governo\/","name":"Oitava rodada de concess\u00e3o de aeroportos \u00e9 ponto de interroga\u00e7\u00e3o para novo governo - Ag\u00eancia iNFRA","isPartOf":{"@id":"https:\/\/agenciainfra.com\/blog\/#website"},"primaryImageOfPage":{"@id":"https:\/\/agenciainfra.com\/blog\/oitava-rodada-de-concessao-de-aeroportos-e-ponto-de-interrogacao-para-novo-governo\/#primaryimage"},"image":{"@id":"https:\/\/agenciainfra.com\/blog\/oitava-rodada-de-concessao-de-aeroportos-e-ponto-de-interrogacao-para-novo-governo\/#primaryimage"},"thumbnailUrl":"https:\/\/agenciainfra.com\/blog\/wp-content\/uploads\/2022\/04\/aviao-foto-dominio-publico.jpg","datePublished":"2022-11-24T12:00:00+00:00","breadcrumb":{"@id":"https:\/\/agenciainfra.com\/blog\/oitava-rodada-de-concessao-de-aeroportos-e-ponto-de-interrogacao-para-novo-governo\/#breadcrumb"},"inLanguage":"pt-BR","potentialAction":[{"@type":"ReadAction","target":["https:\/\/agenciainfra.com\/blog\/oitava-rodada-de-concessao-de-aeroportos-e-ponto-de-interrogacao-para-novo-governo\/"]}]},{"@type":"ImageObject","inLanguage":"pt-BR","@id":"https:\/\/agenciainfra.com\/blog\/oitava-rodada-de-concessao-de-aeroportos-e-ponto-de-interrogacao-para-novo-governo\/#primaryimage","url":"https:\/\/agenciainfra.com\/blog\/wp-content\/uploads\/2022\/04\/aviao-foto-dominio-publico.jpg","contentUrl":"https:\/\/agenciainfra.com\/blog\/wp-content\/uploads\/2022\/04\/aviao-foto-dominio-publico.jpg","width":1920,"height":1281,"caption":"Foto: Dom\u00ednio p\u00fablico"},{"@type":"BreadcrumbList","@id":"https:\/\/agenciainfra.com\/blog\/oitava-rodada-de-concessao-de-aeroportos-e-ponto-de-interrogacao-para-novo-governo\/#breadcrumb","itemListElement":[{"@type":"ListItem","position":1,"name":"In\u00edcio","item":"https:\/\/agenciainfra.com\/blog\/"},{"@type":"ListItem","position":2,"name":"Oitava rodada de concess\u00e3o de aeroportos \u00e9 ponto de interroga\u00e7\u00e3o para novo governo"}]},{"@type":"WebSite","@id":"https:\/\/agenciainfra.com\/blog\/#website","url":"https:\/\/agenciainfra.com\/blog\/","name":"Ag\u00eancia iNFRA","description":"Multiplataforma de informa\u00e7\u00e3o jornal\u00edstica refer\u00eancia na \u00e1rea de infraestrutura no Brasil!","publisher":{"@id":"https:\/\/agenciainfra.com\/blog\/#organization"},"potentialAction":[{"@type":"SearchAction","target":{"@type":"EntryPoint","urlTemplate":"https:\/\/agenciainfra.com\/blog\/?s={search_term_string}"},"query-input":{"@type":"PropertyValueSpecification","valueRequired":true,"valueName":"search_term_string"}}],"inLanguage":"pt-BR"},{"@type":"Organization","@id":"https:\/\/agenciainfra.com\/blog\/#organization","name":"Ag\u00eancia iNFRA","url":"https:\/\/agenciainfra.com\/blog\/","logo":{"@type":"ImageObject","inLanguage":"pt-BR","@id":"https:\/\/agenciainfra.com\/blog\/#\/schema\/logo\/image\/","url":"https:\/\/agenciainfra.com\/blog\/wp-content\/uploads\/2023\/09\/iNFRA_5-e1761735885940.png","contentUrl":"https:\/\/agenciainfra.com\/blog\/wp-content\/uploads\/2023\/09\/iNFRA_5-e1761735885940.png","width":1672,"height":454,"caption":"Ag\u00eancia iNFRA"},"image":{"@id":"https:\/\/agenciainfra.com\/blog\/#\/schema\/logo\/image\/"},"sameAs":["https:\/\/www.facebook.com\/ageninfra","https:\/\/x.com\/agencia_infra","https:\/\/www.linkedin.com\/company\/ag\u00eanciainfra\/","https:\/\/www.instagram.com\/agenciainfra\/"]},{"@type":"Person","@id":"https:\/\/agenciainfra.com\/blog\/#\/schema\/person\/34af08dff6adea4cb22b06612ba7acfa","name":"Ag\u00eancia iNFRA","image":{"@type":"ImageObject","inLanguage":"pt-BR","@id":"https:\/\/agenciainfra.com\/blog\/#\/schema\/person\/image\/","url":"https:\/\/secure.gravatar.com\/avatar\/d189e01678f06d8eb84d4e01f08eb848b3fffe3f8443818d3c356c66892f5be8?s=96&d=mm&r=g","contentUrl":"https:\/\/secure.gravatar.com\/avatar\/d189e01678f06d8eb84d4e01f08eb848b3fffe3f8443818d3c356c66892f5be8?s=96&d=mm&r=g","caption":"Ag\u00eancia iNFRA"},"url":"https:\/\/agenciainfra.com\/blog\/author\/admin\/"}]}},"_links":{"self":[{"href":"https:\/\/agenciainfra.com\/blog\/wp-json\/wp\/v2\/posts\/11729","targetHints":{"allow":["GET"]}}],"collection":[{"href":"https:\/\/agenciainfra.com\/blog\/wp-json\/wp\/v2\/posts"}],"about":[{"href":"https:\/\/agenciainfra.com\/blog\/wp-json\/wp\/v2\/types\/post"}],"author":[{"embeddable":true,"href":"https:\/\/agenciainfra.com\/blog\/wp-json\/wp\/v2\/users\/1"}],"replies":[{"embeddable":true,"href":"https:\/\/agenciainfra.com\/blog\/wp-json\/wp\/v2\/comments?post=11729"}],"version-history":[{"count":0,"href":"https:\/\/agenciainfra.com\/blog\/wp-json\/wp\/v2\/posts\/11729\/revisions"}],"wp:featuredmedia":[{"embeddable":true,"href":"https:\/\/agenciainfra.com\/blog\/wp-json\/wp\/v2\/media\/9959"}],"wp:attachment":[{"href":"https:\/\/agenciainfra.com\/blog\/wp-json\/wp\/v2\/media?parent=11729"}],"wp:term":[{"taxonomy":"category","embeddable":true,"href":"https:\/\/agenciainfra.com\/blog\/wp-json\/wp\/v2\/categories?post=11729"},{"taxonomy":"post_tag","embeddable":true,"href":"https:\/\/agenciainfra.com\/blog\/wp-json\/wp\/v2\/tags?post=11729"}],"curies":[{"name":"wp","href":"https:\/\/api.w.org\/{rel}","templated":true}]}}