{"id":11732,"date":"2022-11-25T09:00:00","date_gmt":"2022-11-25T12:00:00","guid":{"rendered":"https:\/\/www.agenciainfra.com\/blog\/?p=11732"},"modified":"2022-11-25T12:16:25","modified_gmt":"2022-11-25T15:16:25","slug":"mesmo-apos-impasse-que-quase-impediu-votacao-nomes-para-diretoria-da-antt-sao-aprovados","status":"publish","type":"post","link":"https:\/\/agenciainfra.com\/blog\/mesmo-apos-impasse-que-quase-impediu-votacao-nomes-para-diretoria-da-antt-sao-aprovados\/","title":{"rendered":"Mesmo ap\u00f3s impasse que quase impediu vota\u00e7\u00e3o, nomes para diretoria da ANTT s\u00e3o aprovados"},"content":{"rendered":"\n<p class=\"has-text-align-right\"><strong>Jenifer Ribeiro, da Ag\u00eancia iNFRA<\/strong><\/p>\n\n\n\n<p>O plen\u00e1rio do Senado aprovou com larga margem os nomes do secret\u00e1rio nacional de Transportes Terrestres, Felipe Queiroz, e do advogado cearense Lucas Asfor Rocha para a diretoria da ANTT (Ag\u00eancia Nacional de Transportes Terrestres), na \u00faltima quarta-feira (23).<br><br>No entanto, antes da decis\u00e3o do plen\u00e1rio, durante a delibera\u00e7\u00e3o da Comiss\u00e3o de Infraestrutura, houve muita d\u00favida quanto \u00e0 aprecia\u00e7\u00e3o desses nomes. O senador Wellington Fagundes (PL-MT), que relatou a mensagem de recomenda\u00e7\u00e3o de Lucas Asfor Rocha para a autarquia,\u00a0n\u00e3o entregou o relat\u00f3rio dentro do prazo regimental.<br><br>O parlamentar apoiou um pedido de vista, feito pela senadora Soraya Thronicke (Uni\u00e3o-MS), alegando que na manh\u00e3 de quarta-feira, em reuni\u00e3o, foi firmado um entendimento, mas reclamou que \u201cesse entendimento foi atropelado. Porque n\u00f3s combinamos que n\u00e3o seriam lidas hoje as duas indica\u00e7\u00f5es\u201d.\u00a0<br><br><strong>Nomea\u00e7\u00f5es pol\u00edticas\u00a0<\/strong><br>Al\u00e9m disso, o senador Wellington exp\u00f4s os acordos feitos para as indica\u00e7\u00f5es. Lucas Asfor Rocha Lima, que deve ocupar a cadeira de Davi Barreto em fevereiro de 2023 (ou seja, s\u00f3 assume no governo Lula), foi uma indica\u00e7\u00e3o do presidente do Senado, Rodrigo Pacheco (PSD-MG); j\u00e1 Felipe Queiroz, que deve ficar no lugar do diretor F\u00e1bio Rog\u00e9rio, \u00e9 um nome ligado ao ministro Marcelo Sampaio e j\u00e1 poder\u00e1 assumir na atual gest\u00e3o.<br><br>Wellington Fagundes declarou que o acordo feito h\u00e1 dois anos foi para que ele abrisse m\u00e3o da nomea\u00e7\u00e3o dele para que o ent\u00e3o ministro da Infraestrutura, Tarc\u00edsio de Freitas, e o presidente do Senado entrassem em \u201centendimento\u201d.\u00a0<br><br>Por\u00e9m, pela fala do senador, ele teria prioridade\u00a0de fazer futuramente a nomea\u00e7\u00e3o de uma pessoa do Mato Grosso para a diretoria da ag\u00eancia, o que n\u00e3o aconteceu e aparentemente causou frustra\u00e7\u00e3o no senador.\u00a0<br><br>\u201cFaz dois anos que houve um entendimento com o governo. O Mato Grosso teria uma diretoria da ANTT. Eis que hoje chegamos \u00e0 surpresa, para mim, que essas indica\u00e7\u00f5es foram feitas sem o cumprimento do entendimento. N\u00e3o \u00e9 nada pessoal. \u00c9 apenas uma quest\u00e3o do entendimento pol\u00edtico que foi feito\u201d, declarou Wellington Fagundes.<br><br>Logo ap\u00f3s essa fala, os senadores tumultuaram a sess\u00e3o, e o presidente da Comiss\u00e3o de Infraestrutura, o senador D\u00e1rio Berger (PSB-SC), determinou a suspens\u00e3o da sess\u00e3o por uma hora e meia para que os l\u00edderes entrassem em entendimento sobre a vota\u00e7\u00e3o ou n\u00e3o dos indicados.<br><br>Na volta, embora os parlamentares tenham decidido pela vota\u00e7\u00e3o, os senadores ficaram surpresos com a atitude de Wellington Fagundes, conforme\u00a0apurou a\u00a0<strong>Ag\u00eancia iNFRA<\/strong>. Segundo apura\u00e7\u00e3o\u00a0da\u00a0<strong>Ag\u00eancia iNFRA<\/strong>, Pacheco tamb\u00e9m ignorou pedidos do vice-presidente eleito, Geraldo Alckmin, para que n\u00e3o fossem votados nomes para as ag\u00eancias.<br><br><strong>Indica\u00e7\u00f5es de Pacheco\u00a0<\/strong><br>O presidente Pacheco tem ganhado for\u00e7a nas indica\u00e7\u00f5es para a ANTT nos \u00faltimos anos. As indica\u00e7\u00f5es do atual diretor-geral, Rafael Vitale, e do diretor Guilherme Sampaio foram encaminhadas pelo senador. Em nota, Pacheco afirmou que as \u201cindica\u00e7\u00f5es foram feitas pelo Governo, por meio do Minist\u00e9rio da Infraestrutura, a partir de crit\u00e9rios pr\u00f3prios\u201d.\u00a0<br><br>Os dois nomes anteriores foram uma tentativa, por parte de Pacheco, de atrasar a aprova\u00e7\u00e3o da regulamenta\u00e7\u00e3o\u00a0do Trip (Transporte Rodovi\u00e1rio Interestadual de Passageiros) na ag\u00eancia, como j\u00e1 mostrado em reportagem da\u00a0<strong>Ag\u00eancia iNFRA<\/strong>. A normativa que estava em discuss\u00e3o na \u00e9poca permitiria uma maior abertura desse\u00a0mercado, especialmente para empresas que tentam entrar no mercado por via de aplicativos.<br><br><strong>Pedido de vista<\/strong><br>Al\u00e9m da confus\u00e3o com o senador Wellington, a senadora Soraya Thronicke\u00a0indicou no in\u00edcio da sess\u00e3o da comiss\u00e3o a inten\u00e7\u00e3o de pedir vista aos projetos de indica\u00e7\u00e3o dos dois nomes da ANTT.<br><br>No entanto, diferente do senador, ela justificou o pedido afirmando que os nomes foram apresentados muito perto da sess\u00e3o e que era necess\u00e1rio mais tempo para que fossem investigadas as rela\u00e7\u00f5es dos sabatinados com as opera\u00e7\u00f5es da Pol\u00edcia Federal contra servidores da ag\u00eancia reguladora.<br><br>Quando ela manifestou a inten\u00e7\u00e3o do pedido de vista, os demais senadores se mostraram contr\u00e1rios ao pedido. Como os nomes das autoridades estavam sendo votados em blocos \u2013 englobando nomes para ANTAQ (Ag\u00eancia Nacional de Transportes Aquavi\u00e1rios), Anatel (Ag\u00eancia Nacional de Telecomunica\u00e7\u00f5es) e ANPD (Autoridade Nacional de Prote\u00e7\u00e3o de Dados) \u2013, caso o pedido de vista fosse levado adiante, ningu\u00e9m seria sabatinado no dia.<br><br>O pedido de vista deveria ser estendido aos dois indicados para a ANTT, por\u00e9m o relat\u00f3rio de Lucas Asfor n\u00e3o foi apresentado dentro do prazo regimental e a vista foi direcionada somente a Felipe Queiroz.<br><br>Depois da pausa, a senadora decidiu retirar o pedido de vista. Para a reportagem, ela afirmou que, em conversa com os parlamentares, descobriu que a vista seria derrubada e preferiu seguir com a sabatina sem a necessidade da vota\u00e7\u00e3o do recurso apresentado pelo senador Alexandre Silveira (PSD-MG), que tinha como objetivo derrubar o pedido feito por ela.<br><br>Com a confus\u00e3o sobre as nomea\u00e7\u00f5es, os indicados para a diretoria da ANTAQ fizeram uma breve apresenta\u00e7\u00e3o cada um e n\u00e3o receberam perguntas dos senadores no momento de suas sabatinas. J\u00e1 os indicados para a ANTT responderam apenas a poucas perguntas, a maioria referente ao Trip, sem que se tratasse de outros temas que est\u00e3o sob o cuidado da ag\u00eancia, como ferrovias, rodovias e transporte de carga. <br><br><strong>Indicados na ANTAQ<\/strong><br>O plen\u00e1rio do Senado tamb\u00e9m aprovou, na noite da \u00faltima quarta-feira (23), os nomes indicados \u00e0 ANTAQ (Ag\u00eancia Nacional de Transportes Aquavi\u00e1rios). Um dos confirmados \u00e9 o almirante da reserva Wilson Pereira de Lima Filho, que foi indicado pelo governo em abril deste ano para a vaga aberta com a sa\u00edda do diretor Adalberto Tokarski em fevereiro.<br><br>Desde ent\u00e3o, o Congresso aprovou um projeto que permitiu a amplia\u00e7\u00e3o de tr\u00eas para cinco vagas na diretoria da ag\u00eancia. Essas novas cadeiras devem ser ocupadas pelo servidor da ANTAQ Alber Vasconcelos \u2013 indicado pelo Senado \u2013 e pelo advogado Caio C\u00e9sar Farias Le\u00f4ncio \u2013 indica\u00e7\u00e3o ligado ao presidente da C\u00e2mara, Arthur Lira (PP-AL).<\/p>\n\n\n\n<p><em><strong>Esclarecimento:<\/strong>\u00a0As opera\u00e7\u00f5es policiais citadas pela senadora Soraya Thronicke, realizadas na ANTT, n\u00e3o t\u00eam qualquer rela\u00e7\u00e3o com os nomes dos indicados que foram aprovados pelo Senado. A pr\u00f3pria senadora registrou o fato durante a sess\u00e3o e informou que as eventuais d\u00favidas que suscitaram seu pedido de vista foram dirimidas ap\u00f3s conversas no intervalo da sess\u00e3o com os indicados.<\/em><\/p>\n\n\n\n<p>(Colaborou: Dimmi Amora)<\/p>\n","protected":false},"excerpt":{"rendered":"<p>Jenifer Ribeiro, da Ag\u00eancia iNFRA O plen\u00e1rio do Senado aprovou com larga margem os nomes do secret\u00e1rio nacional de Transportes Terrestres, Felipe Queiroz, e do advogado cearense Lucas Asfor Rocha para a diretoria da ANTT (Ag\u00eancia Nacional de Transportes Terrestres), na \u00faltima quarta-feira (23). No entanto, antes da decis\u00e3o do plen\u00e1rio, durante a delibera\u00e7\u00e3o da [&hellip;]<\/p>\n","protected":false},"author":1,"featured_media":11733,"comment_status":"closed","ping_status":"closed","sticky":false,"template":"","format":"standard","meta":{"_monsterinsights_skip_tracking":false,"_monsterinsights_sitenote_active":false,"_monsterinsights_sitenote_note":"","_monsterinsights_sitenote_category":0,"footnotes":""},"categories":[1,7],"tags":[6094,6040,86,19,3339,6019,1498,1050,6092,5732,6091,2254,123,3121,448,15,6093],"class_list":["post-11732","post","type-post","status-publish","format-standard","has-post-thumbnail","hentry","category-geral","category-infratransporte","tag-alber-vasconcelos","tag-alexandre-silveira","tag-antaq","tag-antt","tag-arthur-lira","tag-caio-cesar-farias-leoncio","tag-comissao-de-infraestrutura","tag-davi-barreto","tag-fabio-rogerio","tag-felipe-queiroz","tag-lucas-asfor-rocha","tag-rodrigo-pacheco","tag-senado","tag-soraya-thronicke","tag-tarcisio-de-freitas","tag-wellington-fagundes","tag-wilson-pereira-de-lima-filho"],"yoast_head":"<!-- This site is optimized with the Yoast SEO Premium plugin v25.4 (Yoast SEO v26.0) - https:\/\/yoast.com\/wordpress\/plugins\/seo\/ -->\n<title>Mesmo ap\u00f3s impasse que quase impediu vota\u00e7\u00e3o, nomes para diretoria da ANTT s\u00e3o aprovados - Ag\u00eancia iNFRA<\/title>\n<meta name=\"robots\" content=\"index, follow, max-snippet:-1, max-image-preview:large, max-video-preview:-1\" \/>\n<link rel=\"canonical\" href=\"https:\/\/agenciainfra.com\/blog\/mesmo-apos-impasse-que-quase-impediu-votacao-nomes-para-diretoria-da-antt-sao-aprovados\/\" \/>\n<meta property=\"og:locale\" content=\"pt_BR\" \/>\n<meta property=\"og:type\" content=\"article\" \/>\n<meta property=\"og:title\" content=\"Mesmo ap\u00f3s impasse que quase impediu vota\u00e7\u00e3o, nomes para diretoria da ANTT s\u00e3o aprovados\" \/>\n<meta property=\"og:description\" content=\"Jenifer Ribeiro, da Ag\u00eancia iNFRA O plen\u00e1rio do Senado aprovou com larga margem os nomes do secret\u00e1rio nacional de Transportes Terrestres, Felipe Queiroz, e do advogado cearense Lucas Asfor Rocha para a diretoria da ANTT (Ag\u00eancia Nacional de Transportes Terrestres), na \u00faltima quarta-feira (23). No entanto, antes da decis\u00e3o do plen\u00e1rio, durante a delibera\u00e7\u00e3o da [&hellip;]\" \/>\n<meta property=\"og:url\" content=\"https:\/\/agenciainfra.com\/blog\/mesmo-apos-impasse-que-quase-impediu-votacao-nomes-para-diretoria-da-antt-sao-aprovados\/\" \/>\n<meta property=\"og:site_name\" content=\"Ag\u00eancia iNFRA\" \/>\n<meta property=\"article:publisher\" content=\"https:\/\/www.facebook.com\/ageninfra\" \/>\n<meta property=\"article:published_time\" content=\"2022-11-25T12:00:00+00:00\" \/>\n<meta property=\"article:modified_time\" content=\"2022-11-25T15:16:25+00:00\" \/>\n<meta property=\"og:image\" content=\"https:\/\/agenciainfra.com\/blog\/wp-content\/uploads\/2022\/11\/wellington-fagundes-lucas-asfor-rocha-e-felipe-queiroz-foto-roque-de-sa-agencia-senado.jpeg\" \/>\n\t<meta property=\"og:image:width\" content=\"1280\" \/>\n\t<meta property=\"og:image:height\" content=\"853\" \/>\n\t<meta property=\"og:image:type\" content=\"image\/jpeg\" \/>\n<meta name=\"author\" content=\"Ag\u00eancia iNFRA\" \/>\n<meta name=\"twitter:card\" content=\"summary_large_image\" \/>\n<meta name=\"twitter:creator\" content=\"@agencia_infra\" \/>\n<meta name=\"twitter:site\" content=\"@agencia_infra\" \/>\n<meta name=\"twitter:label1\" content=\"Escrito por\" \/>\n\t<meta name=\"twitter:data1\" content=\"Ag\u00eancia iNFRA\" \/>\n\t<meta name=\"twitter:label2\" content=\"Est. tempo de leitura\" \/>\n\t<meta name=\"twitter:data2\" content=\"6 minutos\" \/>\n<script type=\"application\/ld+json\" class=\"yoast-schema-graph\">{\"@context\":\"https:\/\/schema.org\",\"@graph\":[{\"@type\":\"Article\",\"@id\":\"https:\/\/agenciainfra.com\/blog\/mesmo-apos-impasse-que-quase-impediu-votacao-nomes-para-diretoria-da-antt-sao-aprovados\/#article\",\"isPartOf\":{\"@id\":\"https:\/\/agenciainfra.com\/blog\/mesmo-apos-impasse-que-quase-impediu-votacao-nomes-para-diretoria-da-antt-sao-aprovados\/\"},\"author\":{\"name\":\"Ag\u00eancia iNFRA\",\"@id\":\"https:\/\/agenciainfra.com\/blog\/#\/schema\/person\/34af08dff6adea4cb22b06612ba7acfa\"},\"headline\":\"Mesmo ap\u00f3s impasse que quase impediu vota\u00e7\u00e3o, nomes para diretoria da ANTT s\u00e3o aprovados\",\"datePublished\":\"2022-11-25T12:00:00+00:00\",\"dateModified\":\"2022-11-25T15:16:25+00:00\",\"mainEntityOfPage\":{\"@id\":\"https:\/\/agenciainfra.com\/blog\/mesmo-apos-impasse-que-quase-impediu-votacao-nomes-para-diretoria-da-antt-sao-aprovados\/\"},\"wordCount\":1142,\"publisher\":{\"@id\":\"https:\/\/agenciainfra.com\/blog\/#organization\"},\"image\":{\"@id\":\"https:\/\/agenciainfra.com\/blog\/mesmo-apos-impasse-que-quase-impediu-votacao-nomes-para-diretoria-da-antt-sao-aprovados\/#primaryimage\"},\"thumbnailUrl\":\"https:\/\/agenciainfra.com\/blog\/wp-content\/uploads\/2022\/11\/wellington-fagundes-lucas-asfor-rocha-e-felipe-queiroz-foto-roque-de-sa-agencia-senado.jpeg\",\"keywords\":[\"Alber Vasconcelos\",\"Alexandre Silveira\",\"ANTAQ\",\"ANTT\",\"Arthur Lira\",\"Caio Cesar Farias Le\u00f4ncio\",\"Comiss\u00e3o de Infraestrutura\",\"Davi Barreto\",\"F\u00e1bio Rog\u00e9rio\",\"Felipe Queiroz\",\"Lucas Asfor Rocha\",\"Rodrigo Pacheco\",\"senado\",\"Soraya Thronicke\",\"Tarc\u00edsio de Freitas\",\"wellington fagundes\",\"Wilson Pereira de Lima Filho\"],\"articleSection\":[\"Geral\",\"iNFRATransporte\"],\"inLanguage\":\"pt-BR\",\"copyrightYear\":\"2022\",\"copyrightHolder\":{\"@id\":\"https:\/\/agenciainfra.com\/blog\/#organization\"}},{\"@type\":\"WebPage\",\"@id\":\"https:\/\/agenciainfra.com\/blog\/mesmo-apos-impasse-que-quase-impediu-votacao-nomes-para-diretoria-da-antt-sao-aprovados\/\",\"url\":\"https:\/\/agenciainfra.com\/blog\/mesmo-apos-impasse-que-quase-impediu-votacao-nomes-para-diretoria-da-antt-sao-aprovados\/\",\"name\":\"Mesmo ap\u00f3s impasse que quase impediu vota\u00e7\u00e3o, nomes para diretoria da ANTT s\u00e3o aprovados - Ag\u00eancia iNFRA\",\"isPartOf\":{\"@id\":\"https:\/\/agenciainfra.com\/blog\/#website\"},\"primaryImageOfPage\":{\"@id\":\"https:\/\/agenciainfra.com\/blog\/mesmo-apos-impasse-que-quase-impediu-votacao-nomes-para-diretoria-da-antt-sao-aprovados\/#primaryimage\"},\"image\":{\"@id\":\"https:\/\/agenciainfra.com\/blog\/mesmo-apos-impasse-que-quase-impediu-votacao-nomes-para-diretoria-da-antt-sao-aprovados\/#primaryimage\"},\"thumbnailUrl\":\"https:\/\/agenciainfra.com\/blog\/wp-content\/uploads\/2022\/11\/wellington-fagundes-lucas-asfor-rocha-e-felipe-queiroz-foto-roque-de-sa-agencia-senado.jpeg\",\"datePublished\":\"2022-11-25T12:00:00+00:00\",\"dateModified\":\"2022-11-25T15:16:25+00:00\",\"breadcrumb\":{\"@id\":\"https:\/\/agenciainfra.com\/blog\/mesmo-apos-impasse-que-quase-impediu-votacao-nomes-para-diretoria-da-antt-sao-aprovados\/#breadcrumb\"},\"inLanguage\":\"pt-BR\",\"potentialAction\":[{\"@type\":\"ReadAction\",\"target\":[\"https:\/\/agenciainfra.com\/blog\/mesmo-apos-impasse-que-quase-impediu-votacao-nomes-para-diretoria-da-antt-sao-aprovados\/\"]}]},{\"@type\":\"ImageObject\",\"inLanguage\":\"pt-BR\",\"@id\":\"https:\/\/agenciainfra.com\/blog\/mesmo-apos-impasse-que-quase-impediu-votacao-nomes-para-diretoria-da-antt-sao-aprovados\/#primaryimage\",\"url\":\"https:\/\/agenciainfra.com\/blog\/wp-content\/uploads\/2022\/11\/wellington-fagundes-lucas-asfor-rocha-e-felipe-queiroz-foto-roque-de-sa-agencia-senado.jpeg\",\"contentUrl\":\"https:\/\/agenciainfra.com\/blog\/wp-content\/uploads\/2022\/11\/wellington-fagundes-lucas-asfor-rocha-e-felipe-queiroz-foto-roque-de-sa-agencia-senado.jpeg\",\"width\":1280,\"height\":853},{\"@type\":\"BreadcrumbList\",\"@id\":\"https:\/\/agenciainfra.com\/blog\/mesmo-apos-impasse-que-quase-impediu-votacao-nomes-para-diretoria-da-antt-sao-aprovados\/#breadcrumb\",\"itemListElement\":[{\"@type\":\"ListItem\",\"position\":1,\"name\":\"In\u00edcio\",\"item\":\"https:\/\/agenciainfra.com\/blog\/\"},{\"@type\":\"ListItem\",\"position\":2,\"name\":\"Mesmo ap\u00f3s impasse que quase impediu vota\u00e7\u00e3o, nomes para diretoria da ANTT s\u00e3o aprovados\"}]},{\"@type\":\"WebSite\",\"@id\":\"https:\/\/agenciainfra.com\/blog\/#website\",\"url\":\"https:\/\/agenciainfra.com\/blog\/\",\"name\":\"Ag\u00eancia iNFRA\",\"description\":\"Multiplataforma de informa\u00e7\u00e3o jornal\u00edstica refer\u00eancia na \u00e1rea de infraestrutura no Brasil!\",\"publisher\":{\"@id\":\"https:\/\/agenciainfra.com\/blog\/#organization\"},\"potentialAction\":[{\"@type\":\"SearchAction\",\"target\":{\"@type\":\"EntryPoint\",\"urlTemplate\":\"https:\/\/agenciainfra.com\/blog\/?s={search_term_string}\"},\"query-input\":{\"@type\":\"PropertyValueSpecification\",\"valueRequired\":true,\"valueName\":\"search_term_string\"}}],\"inLanguage\":\"pt-BR\"},{\"@type\":\"Organization\",\"@id\":\"https:\/\/agenciainfra.com\/blog\/#organization\",\"name\":\"Ag\u00eancia iNFRA\",\"url\":\"https:\/\/agenciainfra.com\/blog\/\",\"logo\":{\"@type\":\"ImageObject\",\"inLanguage\":\"pt-BR\",\"@id\":\"https:\/\/agenciainfra.com\/blog\/#\/schema\/logo\/image\/\",\"url\":\"https:\/\/agenciainfra.com\/blog\/wp-content\/uploads\/2023\/09\/iNFRA_5-e1761735885940.png\",\"contentUrl\":\"https:\/\/agenciainfra.com\/blog\/wp-content\/uploads\/2023\/09\/iNFRA_5-e1761735885940.png\",\"width\":1672,\"height\":454,\"caption\":\"Ag\u00eancia iNFRA\"},\"image\":{\"@id\":\"https:\/\/agenciainfra.com\/blog\/#\/schema\/logo\/image\/\"},\"sameAs\":[\"https:\/\/www.facebook.com\/ageninfra\",\"https:\/\/x.com\/agencia_infra\",\"https:\/\/www.linkedin.com\/company\/ag\u00eanciainfra\/\",\"https:\/\/www.instagram.com\/agenciainfra\/\"]},{\"@type\":\"Person\",\"@id\":\"https:\/\/agenciainfra.com\/blog\/#\/schema\/person\/34af08dff6adea4cb22b06612ba7acfa\",\"name\":\"Ag\u00eancia iNFRA\",\"image\":{\"@type\":\"ImageObject\",\"inLanguage\":\"pt-BR\",\"@id\":\"https:\/\/agenciainfra.com\/blog\/#\/schema\/person\/image\/\",\"url\":\"https:\/\/secure.gravatar.com\/avatar\/d189e01678f06d8eb84d4e01f08eb848b3fffe3f8443818d3c356c66892f5be8?s=96&d=mm&r=g\",\"contentUrl\":\"https:\/\/secure.gravatar.com\/avatar\/d189e01678f06d8eb84d4e01f08eb848b3fffe3f8443818d3c356c66892f5be8?s=96&d=mm&r=g\",\"caption\":\"Ag\u00eancia iNFRA\"},\"url\":\"https:\/\/agenciainfra.com\/blog\/author\/admin\/\"}]}<\/script>\n<!-- \/ Yoast SEO Premium plugin. -->","yoast_head_json":{"title":"Mesmo ap\u00f3s impasse que quase impediu vota\u00e7\u00e3o, nomes para diretoria da ANTT s\u00e3o aprovados - Ag\u00eancia iNFRA","robots":{"index":"index","follow":"follow","max-snippet":"max-snippet:-1","max-image-preview":"max-image-preview:large","max-video-preview":"max-video-preview:-1"},"canonical":"https:\/\/agenciainfra.com\/blog\/mesmo-apos-impasse-que-quase-impediu-votacao-nomes-para-diretoria-da-antt-sao-aprovados\/","og_locale":"pt_BR","og_type":"article","og_title":"Mesmo ap\u00f3s impasse que quase impediu vota\u00e7\u00e3o, nomes para diretoria da ANTT s\u00e3o aprovados","og_description":"Jenifer Ribeiro, da Ag\u00eancia iNFRA O plen\u00e1rio do Senado aprovou com larga margem os nomes do secret\u00e1rio nacional de Transportes Terrestres, Felipe Queiroz, e do advogado cearense Lucas Asfor Rocha para a diretoria da ANTT (Ag\u00eancia Nacional de Transportes Terrestres), na \u00faltima quarta-feira (23). No entanto, antes da decis\u00e3o do plen\u00e1rio, durante a delibera\u00e7\u00e3o da [&hellip;]","og_url":"https:\/\/agenciainfra.com\/blog\/mesmo-apos-impasse-que-quase-impediu-votacao-nomes-para-diretoria-da-antt-sao-aprovados\/","og_site_name":"Ag\u00eancia iNFRA","article_publisher":"https:\/\/www.facebook.com\/ageninfra","article_published_time":"2022-11-25T12:00:00+00:00","article_modified_time":"2022-11-25T15:16:25+00:00","og_image":[{"width":1280,"height":853,"url":"https:\/\/agenciainfra.com\/blog\/wp-content\/uploads\/2022\/11\/wellington-fagundes-lucas-asfor-rocha-e-felipe-queiroz-foto-roque-de-sa-agencia-senado.jpeg","type":"image\/jpeg"}],"author":"Ag\u00eancia iNFRA","twitter_card":"summary_large_image","twitter_creator":"@agencia_infra","twitter_site":"@agencia_infra","twitter_misc":{"Escrito por":"Ag\u00eancia iNFRA","Est. tempo de leitura":"6 minutos"},"schema":{"@context":"https:\/\/schema.org","@graph":[{"@type":"Article","@id":"https:\/\/agenciainfra.com\/blog\/mesmo-apos-impasse-que-quase-impediu-votacao-nomes-para-diretoria-da-antt-sao-aprovados\/#article","isPartOf":{"@id":"https:\/\/agenciainfra.com\/blog\/mesmo-apos-impasse-que-quase-impediu-votacao-nomes-para-diretoria-da-antt-sao-aprovados\/"},"author":{"name":"Ag\u00eancia iNFRA","@id":"https:\/\/agenciainfra.com\/blog\/#\/schema\/person\/34af08dff6adea4cb22b06612ba7acfa"},"headline":"Mesmo ap\u00f3s impasse que quase impediu vota\u00e7\u00e3o, nomes para diretoria da ANTT s\u00e3o aprovados","datePublished":"2022-11-25T12:00:00+00:00","dateModified":"2022-11-25T15:16:25+00:00","mainEntityOfPage":{"@id":"https:\/\/agenciainfra.com\/blog\/mesmo-apos-impasse-que-quase-impediu-votacao-nomes-para-diretoria-da-antt-sao-aprovados\/"},"wordCount":1142,"publisher":{"@id":"https:\/\/agenciainfra.com\/blog\/#organization"},"image":{"@id":"https:\/\/agenciainfra.com\/blog\/mesmo-apos-impasse-que-quase-impediu-votacao-nomes-para-diretoria-da-antt-sao-aprovados\/#primaryimage"},"thumbnailUrl":"https:\/\/agenciainfra.com\/blog\/wp-content\/uploads\/2022\/11\/wellington-fagundes-lucas-asfor-rocha-e-felipe-queiroz-foto-roque-de-sa-agencia-senado.jpeg","keywords":["Alber Vasconcelos","Alexandre Silveira","ANTAQ","ANTT","Arthur Lira","Caio Cesar Farias Le\u00f4ncio","Comiss\u00e3o de Infraestrutura","Davi Barreto","F\u00e1bio Rog\u00e9rio","Felipe Queiroz","Lucas Asfor Rocha","Rodrigo Pacheco","senado","Soraya Thronicke","Tarc\u00edsio de Freitas","wellington fagundes","Wilson Pereira de Lima Filho"],"articleSection":["Geral","iNFRATransporte"],"inLanguage":"pt-BR","copyrightYear":"2022","copyrightHolder":{"@id":"https:\/\/agenciainfra.com\/blog\/#organization"}},{"@type":"WebPage","@id":"https:\/\/agenciainfra.com\/blog\/mesmo-apos-impasse-que-quase-impediu-votacao-nomes-para-diretoria-da-antt-sao-aprovados\/","url":"https:\/\/agenciainfra.com\/blog\/mesmo-apos-impasse-que-quase-impediu-votacao-nomes-para-diretoria-da-antt-sao-aprovados\/","name":"Mesmo ap\u00f3s impasse que quase impediu vota\u00e7\u00e3o, nomes para diretoria da ANTT s\u00e3o aprovados - Ag\u00eancia iNFRA","isPartOf":{"@id":"https:\/\/agenciainfra.com\/blog\/#website"},"primaryImageOfPage":{"@id":"https:\/\/agenciainfra.com\/blog\/mesmo-apos-impasse-que-quase-impediu-votacao-nomes-para-diretoria-da-antt-sao-aprovados\/#primaryimage"},"image":{"@id":"https:\/\/agenciainfra.com\/blog\/mesmo-apos-impasse-que-quase-impediu-votacao-nomes-para-diretoria-da-antt-sao-aprovados\/#primaryimage"},"thumbnailUrl":"https:\/\/agenciainfra.com\/blog\/wp-content\/uploads\/2022\/11\/wellington-fagundes-lucas-asfor-rocha-e-felipe-queiroz-foto-roque-de-sa-agencia-senado.jpeg","datePublished":"2022-11-25T12:00:00+00:00","dateModified":"2022-11-25T15:16:25+00:00","breadcrumb":{"@id":"https:\/\/agenciainfra.com\/blog\/mesmo-apos-impasse-que-quase-impediu-votacao-nomes-para-diretoria-da-antt-sao-aprovados\/#breadcrumb"},"inLanguage":"pt-BR","potentialAction":[{"@type":"ReadAction","target":["https:\/\/agenciainfra.com\/blog\/mesmo-apos-impasse-que-quase-impediu-votacao-nomes-para-diretoria-da-antt-sao-aprovados\/"]}]},{"@type":"ImageObject","inLanguage":"pt-BR","@id":"https:\/\/agenciainfra.com\/blog\/mesmo-apos-impasse-que-quase-impediu-votacao-nomes-para-diretoria-da-antt-sao-aprovados\/#primaryimage","url":"https:\/\/agenciainfra.com\/blog\/wp-content\/uploads\/2022\/11\/wellington-fagundes-lucas-asfor-rocha-e-felipe-queiroz-foto-roque-de-sa-agencia-senado.jpeg","contentUrl":"https:\/\/agenciainfra.com\/blog\/wp-content\/uploads\/2022\/11\/wellington-fagundes-lucas-asfor-rocha-e-felipe-queiroz-foto-roque-de-sa-agencia-senado.jpeg","width":1280,"height":853},{"@type":"BreadcrumbList","@id":"https:\/\/agenciainfra.com\/blog\/mesmo-apos-impasse-que-quase-impediu-votacao-nomes-para-diretoria-da-antt-sao-aprovados\/#breadcrumb","itemListElement":[{"@type":"ListItem","position":1,"name":"In\u00edcio","item":"https:\/\/agenciainfra.com\/blog\/"},{"@type":"ListItem","position":2,"name":"Mesmo ap\u00f3s impasse que quase impediu vota\u00e7\u00e3o, nomes para diretoria da ANTT s\u00e3o aprovados"}]},{"@type":"WebSite","@id":"https:\/\/agenciainfra.com\/blog\/#website","url":"https:\/\/agenciainfra.com\/blog\/","name":"Ag\u00eancia iNFRA","description":"Multiplataforma de informa\u00e7\u00e3o jornal\u00edstica refer\u00eancia na \u00e1rea de infraestrutura no Brasil!","publisher":{"@id":"https:\/\/agenciainfra.com\/blog\/#organization"},"potentialAction":[{"@type":"SearchAction","target":{"@type":"EntryPoint","urlTemplate":"https:\/\/agenciainfra.com\/blog\/?s={search_term_string}"},"query-input":{"@type":"PropertyValueSpecification","valueRequired":true,"valueName":"search_term_string"}}],"inLanguage":"pt-BR"},{"@type":"Organization","@id":"https:\/\/agenciainfra.com\/blog\/#organization","name":"Ag\u00eancia iNFRA","url":"https:\/\/agenciainfra.com\/blog\/","logo":{"@type":"ImageObject","inLanguage":"pt-BR","@id":"https:\/\/agenciainfra.com\/blog\/#\/schema\/logo\/image\/","url":"https:\/\/agenciainfra.com\/blog\/wp-content\/uploads\/2023\/09\/iNFRA_5-e1761735885940.png","contentUrl":"https:\/\/agenciainfra.com\/blog\/wp-content\/uploads\/2023\/09\/iNFRA_5-e1761735885940.png","width":1672,"height":454,"caption":"Ag\u00eancia iNFRA"},"image":{"@id":"https:\/\/agenciainfra.com\/blog\/#\/schema\/logo\/image\/"},"sameAs":["https:\/\/www.facebook.com\/ageninfra","https:\/\/x.com\/agencia_infra","https:\/\/www.linkedin.com\/company\/ag\u00eanciainfra\/","https:\/\/www.instagram.com\/agenciainfra\/"]},{"@type":"Person","@id":"https:\/\/agenciainfra.com\/blog\/#\/schema\/person\/34af08dff6adea4cb22b06612ba7acfa","name":"Ag\u00eancia iNFRA","image":{"@type":"ImageObject","inLanguage":"pt-BR","@id":"https:\/\/agenciainfra.com\/blog\/#\/schema\/person\/image\/","url":"https:\/\/secure.gravatar.com\/avatar\/d189e01678f06d8eb84d4e01f08eb848b3fffe3f8443818d3c356c66892f5be8?s=96&d=mm&r=g","contentUrl":"https:\/\/secure.gravatar.com\/avatar\/d189e01678f06d8eb84d4e01f08eb848b3fffe3f8443818d3c356c66892f5be8?s=96&d=mm&r=g","caption":"Ag\u00eancia iNFRA"},"url":"https:\/\/agenciainfra.com\/blog\/author\/admin\/"}]}},"_links":{"self":[{"href":"https:\/\/agenciainfra.com\/blog\/wp-json\/wp\/v2\/posts\/11732","targetHints":{"allow":["GET"]}}],"collection":[{"href":"https:\/\/agenciainfra.com\/blog\/wp-json\/wp\/v2\/posts"}],"about":[{"href":"https:\/\/agenciainfra.com\/blog\/wp-json\/wp\/v2\/types\/post"}],"author":[{"embeddable":true,"href":"https:\/\/agenciainfra.com\/blog\/wp-json\/wp\/v2\/users\/1"}],"replies":[{"embeddable":true,"href":"https:\/\/agenciainfra.com\/blog\/wp-json\/wp\/v2\/comments?post=11732"}],"version-history":[{"count":0,"href":"https:\/\/agenciainfra.com\/blog\/wp-json\/wp\/v2\/posts\/11732\/revisions"}],"wp:featuredmedia":[{"embeddable":true,"href":"https:\/\/agenciainfra.com\/blog\/wp-json\/wp\/v2\/media\/11733"}],"wp:attachment":[{"href":"https:\/\/agenciainfra.com\/blog\/wp-json\/wp\/v2\/media?parent=11732"}],"wp:term":[{"taxonomy":"category","embeddable":true,"href":"https:\/\/agenciainfra.com\/blog\/wp-json\/wp\/v2\/categories?post=11732"},{"taxonomy":"post_tag","embeddable":true,"href":"https:\/\/agenciainfra.com\/blog\/wp-json\/wp\/v2\/tags?post=11732"}],"curies":[{"name":"wp","href":"https:\/\/api.w.org\/{rel}","templated":true}]}}