{"id":11754,"date":"2022-12-01T09:00:00","date_gmt":"2022-12-01T12:00:00","guid":{"rendered":"https:\/\/www.agenciainfra.com\/blog\/?p=11754"},"modified":"2022-11-29T10:10:49","modified_gmt":"2022-11-29T13:10:49","slug":"grandes-empresas-de-infraestrutura-unem-se-em-movimento-para-programas-de-longo-prazo-no-setor","status":"publish","type":"post","link":"https:\/\/agenciainfra.com\/blog\/grandes-empresas-de-infraestrutura-unem-se-em-movimento-para-programas-de-longo-prazo-no-setor\/","title":{"rendered":"Grandes empresas de infraestrutura unem-se em movimento para programas de longo prazo no setor"},"content":{"rendered":"\n<p class=\"has-text-align-right\"><strong>Dimmi Amora, da Ag\u00eancia iNFRA<\/strong><\/p>\n\n\n\n<p>Cinco grandes companhias que trabalham com o setor de infraestrutura no pa\u00eds decidiram unir-se no que est\u00e3o chamando de um movimento em prol do setor no pa\u00eds. O Move Infra se inicia formado por empresas listadas na B3, a bolsa de valores de S\u00e3o Paulo: CCR, EcoRodovias, Rumo, Santos Brasil e Ultracargo.<br><br>Nat\u00e1lia Marcassa, ex-secret\u00e1ria de Fomento, Planejamento e Parcerias do Minist\u00e9rio da Infraestrutura na gest\u00e3o do ex-ministro Tarc\u00edsio de Freitas, foi escolhida para ser a CEO da iniciativa, que pretende focar em discuss\u00f5es sobre as necessidades de longo prazo do setor.<br><br>&#8220;O objetivo de ter criado esse movimento \u00e9 para tratar infraestrutura de longo prazo, com impacto no desenvolvimento s\u00f3cio ambiental do Brasil. A gente quer fazer a discuss\u00e3o que n\u00e3o \u00e9 a de vender o almo\u00e7o para comprar o jantar&#8221;, disse Marcassa em entrevista \u00e0&nbsp;<strong>Ag\u00eancia iNFRA<\/strong>. &#8220;A nossa discuss\u00e3o \u00e9 a do longo prazo. Como que a gente atrai mais investimento, como eles s\u00e3o focados em impacto social e ambiental, como que a gente traz seguran\u00e7a jur\u00eddica para proporcionar estabilidade para esses contratos de investimentos.&#8221;<br><br><strong>Evento em Bras\u00edlia<\/strong><br>O Move Infra ser\u00e1 oficialmente lan\u00e7ado com um evento presencial no dia 8 de dezembro, em Bras\u00edlia, que ser\u00e1 promovido pela&nbsp;<strong>Ag\u00eancia iNFRA<\/strong>. Nesse evento, o foco ser\u00e1 dado aos&nbsp;tr\u00eas eixos de trabalho do movimento: atra\u00e7\u00e3o de investimentos, seguran\u00e7a jur\u00eddica e compromisso socioambiental.<br><br>Segundo Marcassa, cada um desses itens ser\u00e1 trabalhado com atua\u00e7\u00e3o do movimento com o objetivo de melhorar o ambiente de neg\u00f3cios no pa\u00eds. No caso da atra\u00e7\u00e3o de investimentos, por exemplo, o foco inicial ficar\u00e1 sobre a reforma tribut\u00e1ria.<br><br>&#8220;Queremos ter um olhar em como ter uma taxa\u00e7\u00e3o inteligente para o investimento&#8221;, disse a CEO, indicando que o movimento tamb\u00e9m vai trabalhar em prol da manuten\u00e7\u00e3o da reforma trabalhista e na amplia\u00e7\u00e3o das fontes de financiamento, citando o PL de Deb\u00eantures de Infraestrutura.<br><br>No caso da seguran\u00e7a jur\u00eddica, o foco ser\u00e1 no fortalecimento das ag\u00eancias reguladoras.<br><br>&#8220;S\u00e3o todos investidores de longo prazo. Como a gente garante seguran\u00e7a jur\u00eddica se a gente n\u00e3o tem ag\u00eancia forte?&#8221;, perguntou Marcassa, que foi diretora da ANTT (Ag\u00eancia Nacional de Transportes Terrestres).<br><br>Na parte legislativa, o foco ficar\u00e1 no projeto de lei do novo marco de concess\u00f5es, que est\u00e1 em discuss\u00e3o no Congresso. Para ela, o pa\u00eds tem uma boa legisla\u00e7\u00e3o do setor e \u00e9 preciso ficar atento a mudan\u00e7as nessa \u00e1rea.&nbsp;<br><br><strong>Infraestruturas resilientes<\/strong><br>Entre os compromissos s\u00f3cio ambientais, Nat\u00e1lia destacou que as cinco empresas j\u00e1 t\u00eam compromissos pr\u00f3prios, mas que n\u00e3o ser\u00e1 poss\u00edvel mais falar sobre infraestruturas sem olhar como elas impactam a sociedade. A discuss\u00e3o da nova lei de licenciamento ambiental no Congresso tamb\u00e9m est\u00e1 entre os temas priorit\u00e1rios.<br><br>Outro tema que ser\u00e1 tratado pelo movimento \u00e9 a cria\u00e7\u00e3o das infraestruturas resilientes, devido \u00e0s mudan\u00e7as clim\u00e1ticas em curso, al\u00e9m do debate sobre o mercado de cr\u00e9ditos de carbono. Nat\u00e1lia Marcassa tamb\u00e9m falou sobre a rela\u00e7\u00e3o do movimento com outras associa\u00e7\u00f5es, lembrando que ele se soma a iniciativas que j\u00e1 existem na rela\u00e7\u00e3o com os poderes p\u00fablicos.<br><br>&#8220;Mas n\u00f3s vamos estar dedicados ao que, \u00e0s vezes, as associa\u00e7\u00f5es mais setoriais acabam perdendo, pelo seu pr\u00f3prio objetivo, que \u00e9 o longo prazo. S\u00e3o temas que a gente n\u00e3o resolve em seis meses, um ano. Mas a gente quer fazer um debate permanente para a gente ir evoluindo&#8221;, afirmou Marcassa.<br><br><strong>Cem mil empregos<\/strong><br>As cinco empresas t\u00eam mais de R$ 68 bilh\u00f5es em ativos no mercado, distribu\u00eddos entre rodovias, ferrovias, aeroportos, terminais portu\u00e1rios e mobilidade urbana. Foram&nbsp;R$ 36 bilh\u00f5es investidos nos \u00faltimos cinco anos no pa\u00eds, com a gera\u00e7\u00e3o de mais de 100 mil empregos.<br><br>A associa\u00e7\u00e3o ser\u00e1 composta por companhias dos setores ligados a infraestrutura de transportes que tenham capital aberto na B3 e sejam&nbsp;integrantes do ISE (\u00cdndice de Sustentabilidade Empresarial) e\/ou do Novo Mercado.<\/p>\n","protected":false},"excerpt":{"rendered":"<p>Dimmi Amora, da Ag\u00eancia iNFRA Cinco grandes companhias que trabalham com o setor de infraestrutura no pa\u00eds decidiram unir-se no que est\u00e3o chamando de um movimento em prol do setor no pa\u00eds. O Move Infra se inicia formado por empresas listadas na B3, a bolsa de valores de S\u00e3o Paulo: CCR, EcoRodovias, Rumo, Santos Brasil [&hellip;]<\/p>\n","protected":false},"author":1,"featured_media":5517,"comment_status":"closed","ping_status":"closed","sticky":false,"template":"","format":"standard","meta":{"_monsterinsights_skip_tracking":false,"_monsterinsights_sitenote_active":false,"_monsterinsights_sitenote_note":"","_monsterinsights_sitenote_category":0,"footnotes":""},"categories":[1,2053],"tags":[46,588,4336,1340,34,6136,32,223,6134,890,1730,80,1898,2449,6135],"class_list":["post-11754","post","type-post","status-publish","format-standard","has-post-thumbnail","hentry","category-geral","category-infraliveventos","tag-agencias-reguladoras","tag-ccr","tag-debentures-de-infraestrutura","tag-ecorodovias","tag-infraestrutura","tag-infraestruturas-resilientes","tag-investimentos","tag-licenciamento-ambiental","tag-move-infra","tag-natalia-marcassa","tag-reforma-tributaria","tag-rumo","tag-santos-brasil","tag-seguranca-juridica","tag-ultracargo"],"yoast_head":"<!-- This site is optimized with the Yoast SEO Premium plugin v25.4 (Yoast SEO v26.0) - https:\/\/yoast.com\/wordpress\/plugins\/seo\/ -->\n<title>Grandes empresas de infraestrutura unem-se em movimento para programas de longo prazo no setor - Ag\u00eancia iNFRA<\/title>\n<meta name=\"robots\" content=\"index, follow, max-snippet:-1, max-image-preview:large, max-video-preview:-1\" \/>\n<link rel=\"canonical\" href=\"https:\/\/agenciainfra.com\/blog\/grandes-empresas-de-infraestrutura-unem-se-em-movimento-para-programas-de-longo-prazo-no-setor\/\" \/>\n<meta property=\"og:locale\" content=\"pt_BR\" \/>\n<meta property=\"og:type\" content=\"article\" \/>\n<meta property=\"og:title\" content=\"Grandes empresas de infraestrutura unem-se em movimento para programas de longo prazo no setor\" \/>\n<meta property=\"og:description\" content=\"Dimmi Amora, da Ag\u00eancia iNFRA Cinco grandes companhias que trabalham com o setor de infraestrutura no pa\u00eds decidiram unir-se no que est\u00e3o chamando de um movimento em prol do setor no pa\u00eds. O Move Infra se inicia formado por empresas listadas na B3, a bolsa de valores de S\u00e3o Paulo: CCR, EcoRodovias, Rumo, Santos Brasil [&hellip;]\" \/>\n<meta property=\"og:url\" content=\"https:\/\/agenciainfra.com\/blog\/grandes-empresas-de-infraestrutura-unem-se-em-movimento-para-programas-de-longo-prazo-no-setor\/\" \/>\n<meta property=\"og:site_name\" content=\"Ag\u00eancia iNFRA\" \/>\n<meta property=\"article:publisher\" content=\"https:\/\/www.facebook.com\/ageninfra\" \/>\n<meta property=\"article:published_time\" content=\"2022-12-01T12:00:00+00:00\" \/>\n<meta property=\"og:image\" content=\"https:\/\/agenciainfra.com\/blog\/wp-content\/uploads\/2020\/07\/rodovia-estrada-foto-dominio-publico.jpg\" \/>\n\t<meta property=\"og:image:width\" content=\"1280\" \/>\n\t<meta property=\"og:image:height\" content=\"714\" \/>\n\t<meta property=\"og:image:type\" content=\"image\/jpeg\" \/>\n<meta name=\"author\" content=\"Ag\u00eancia iNFRA\" \/>\n<meta name=\"twitter:card\" content=\"summary_large_image\" \/>\n<meta name=\"twitter:creator\" content=\"@agencia_infra\" \/>\n<meta name=\"twitter:site\" content=\"@agencia_infra\" \/>\n<meta name=\"twitter:label1\" content=\"Escrito por\" \/>\n\t<meta name=\"twitter:data1\" content=\"Ag\u00eancia iNFRA\" \/>\n\t<meta name=\"twitter:label2\" content=\"Est. tempo de leitura\" \/>\n\t<meta name=\"twitter:data2\" content=\"4 minutos\" \/>\n<script type=\"application\/ld+json\" class=\"yoast-schema-graph\">{\"@context\":\"https:\/\/schema.org\",\"@graph\":[{\"@type\":\"Article\",\"@id\":\"https:\/\/agenciainfra.com\/blog\/grandes-empresas-de-infraestrutura-unem-se-em-movimento-para-programas-de-longo-prazo-no-setor\/#article\",\"isPartOf\":{\"@id\":\"https:\/\/agenciainfra.com\/blog\/grandes-empresas-de-infraestrutura-unem-se-em-movimento-para-programas-de-longo-prazo-no-setor\/\"},\"author\":{\"name\":\"Ag\u00eancia iNFRA\",\"@id\":\"https:\/\/agenciainfra.com\/blog\/#\/schema\/person\/34af08dff6adea4cb22b06612ba7acfa\"},\"headline\":\"Grandes empresas de infraestrutura unem-se em movimento para programas de longo prazo no setor\",\"datePublished\":\"2022-12-01T12:00:00+00:00\",\"mainEntityOfPage\":{\"@id\":\"https:\/\/agenciainfra.com\/blog\/grandes-empresas-de-infraestrutura-unem-se-em-movimento-para-programas-de-longo-prazo-no-setor\/\"},\"wordCount\":727,\"publisher\":{\"@id\":\"https:\/\/agenciainfra.com\/blog\/#organization\"},\"image\":{\"@id\":\"https:\/\/agenciainfra.com\/blog\/grandes-empresas-de-infraestrutura-unem-se-em-movimento-para-programas-de-longo-prazo-no-setor\/#primaryimage\"},\"thumbnailUrl\":\"https:\/\/agenciainfra.com\/blog\/wp-content\/uploads\/2020\/07\/rodovia-estrada-foto-dominio-publico.jpg\",\"keywords\":[\"Ag\u00eancias Reguladoras\",\"CCR\",\"deb\u00eantures de infraestrutura\",\"EcoRodovias\",\"Infraestrutura\",\"infraestruturas resilientes\",\"Investimentos\",\"Licenciamento ambiental\",\"Move Infra\",\"Nat\u00e1lia Marcassa\",\"reforma tribut\u00e1ria\",\"Rumo\",\"Santos Brasil\",\"seguran\u00e7a jur\u00eddica\",\"Ultracargo\"],\"articleSection\":[\"Geral\",\"iNFRALive e Eventos\"],\"inLanguage\":\"pt-BR\",\"copyrightYear\":\"2022\",\"copyrightHolder\":{\"@id\":\"https:\/\/agenciainfra.com\/blog\/#organization\"}},{\"@type\":\"WebPage\",\"@id\":\"https:\/\/agenciainfra.com\/blog\/grandes-empresas-de-infraestrutura-unem-se-em-movimento-para-programas-de-longo-prazo-no-setor\/\",\"url\":\"https:\/\/agenciainfra.com\/blog\/grandes-empresas-de-infraestrutura-unem-se-em-movimento-para-programas-de-longo-prazo-no-setor\/\",\"name\":\"Grandes empresas de infraestrutura unem-se em movimento para programas de longo prazo no setor - Ag\u00eancia iNFRA\",\"isPartOf\":{\"@id\":\"https:\/\/agenciainfra.com\/blog\/#website\"},\"primaryImageOfPage\":{\"@id\":\"https:\/\/agenciainfra.com\/blog\/grandes-empresas-de-infraestrutura-unem-se-em-movimento-para-programas-de-longo-prazo-no-setor\/#primaryimage\"},\"image\":{\"@id\":\"https:\/\/agenciainfra.com\/blog\/grandes-empresas-de-infraestrutura-unem-se-em-movimento-para-programas-de-longo-prazo-no-setor\/#primaryimage\"},\"thumbnailUrl\":\"https:\/\/agenciainfra.com\/blog\/wp-content\/uploads\/2020\/07\/rodovia-estrada-foto-dominio-publico.jpg\",\"datePublished\":\"2022-12-01T12:00:00+00:00\",\"breadcrumb\":{\"@id\":\"https:\/\/agenciainfra.com\/blog\/grandes-empresas-de-infraestrutura-unem-se-em-movimento-para-programas-de-longo-prazo-no-setor\/#breadcrumb\"},\"inLanguage\":\"pt-BR\",\"potentialAction\":[{\"@type\":\"ReadAction\",\"target\":[\"https:\/\/agenciainfra.com\/blog\/grandes-empresas-de-infraestrutura-unem-se-em-movimento-para-programas-de-longo-prazo-no-setor\/\"]}]},{\"@type\":\"ImageObject\",\"inLanguage\":\"pt-BR\",\"@id\":\"https:\/\/agenciainfra.com\/blog\/grandes-empresas-de-infraestrutura-unem-se-em-movimento-para-programas-de-longo-prazo-no-setor\/#primaryimage\",\"url\":\"https:\/\/agenciainfra.com\/blog\/wp-content\/uploads\/2020\/07\/rodovia-estrada-foto-dominio-publico.jpg\",\"contentUrl\":\"https:\/\/agenciainfra.com\/blog\/wp-content\/uploads\/2020\/07\/rodovia-estrada-foto-dominio-publico.jpg\",\"width\":1280,\"height\":714,\"caption\":\"Foto: Dom\u00ednio P\u00fablico\"},{\"@type\":\"BreadcrumbList\",\"@id\":\"https:\/\/agenciainfra.com\/blog\/grandes-empresas-de-infraestrutura-unem-se-em-movimento-para-programas-de-longo-prazo-no-setor\/#breadcrumb\",\"itemListElement\":[{\"@type\":\"ListItem\",\"position\":1,\"name\":\"In\u00edcio\",\"item\":\"https:\/\/agenciainfra.com\/blog\/\"},{\"@type\":\"ListItem\",\"position\":2,\"name\":\"Grandes empresas de infraestrutura unem-se em movimento para programas de longo prazo no setor\"}]},{\"@type\":\"WebSite\",\"@id\":\"https:\/\/agenciainfra.com\/blog\/#website\",\"url\":\"https:\/\/agenciainfra.com\/blog\/\",\"name\":\"Ag\u00eancia iNFRA\",\"description\":\"Multiplataforma de informa\u00e7\u00e3o jornal\u00edstica refer\u00eancia na \u00e1rea de infraestrutura no Brasil!\",\"publisher\":{\"@id\":\"https:\/\/agenciainfra.com\/blog\/#organization\"},\"potentialAction\":[{\"@type\":\"SearchAction\",\"target\":{\"@type\":\"EntryPoint\",\"urlTemplate\":\"https:\/\/agenciainfra.com\/blog\/?s={search_term_string}\"},\"query-input\":{\"@type\":\"PropertyValueSpecification\",\"valueRequired\":true,\"valueName\":\"search_term_string\"}}],\"inLanguage\":\"pt-BR\"},{\"@type\":\"Organization\",\"@id\":\"https:\/\/agenciainfra.com\/blog\/#organization\",\"name\":\"Ag\u00eancia iNFRA\",\"url\":\"https:\/\/agenciainfra.com\/blog\/\",\"logo\":{\"@type\":\"ImageObject\",\"inLanguage\":\"pt-BR\",\"@id\":\"https:\/\/agenciainfra.com\/blog\/#\/schema\/logo\/image\/\",\"url\":\"https:\/\/agenciainfra.com\/blog\/wp-content\/uploads\/2023\/09\/iNFRA_5-e1761735885940.png\",\"contentUrl\":\"https:\/\/agenciainfra.com\/blog\/wp-content\/uploads\/2023\/09\/iNFRA_5-e1761735885940.png\",\"width\":1672,\"height\":454,\"caption\":\"Ag\u00eancia iNFRA\"},\"image\":{\"@id\":\"https:\/\/agenciainfra.com\/blog\/#\/schema\/logo\/image\/\"},\"sameAs\":[\"https:\/\/www.facebook.com\/ageninfra\",\"https:\/\/x.com\/agencia_infra\",\"https:\/\/www.linkedin.com\/company\/ag\u00eanciainfra\/\",\"https:\/\/www.instagram.com\/agenciainfra\/\"]},{\"@type\":\"Person\",\"@id\":\"https:\/\/agenciainfra.com\/blog\/#\/schema\/person\/34af08dff6adea4cb22b06612ba7acfa\",\"name\":\"Ag\u00eancia iNFRA\",\"image\":{\"@type\":\"ImageObject\",\"inLanguage\":\"pt-BR\",\"@id\":\"https:\/\/agenciainfra.com\/blog\/#\/schema\/person\/image\/\",\"url\":\"https:\/\/secure.gravatar.com\/avatar\/d189e01678f06d8eb84d4e01f08eb848b3fffe3f8443818d3c356c66892f5be8?s=96&d=mm&r=g\",\"contentUrl\":\"https:\/\/secure.gravatar.com\/avatar\/d189e01678f06d8eb84d4e01f08eb848b3fffe3f8443818d3c356c66892f5be8?s=96&d=mm&r=g\",\"caption\":\"Ag\u00eancia iNFRA\"},\"url\":\"https:\/\/agenciainfra.com\/blog\/author\/admin\/\"}]}<\/script>\n<!-- \/ Yoast SEO Premium plugin. -->","yoast_head_json":{"title":"Grandes empresas de infraestrutura unem-se em movimento para programas de longo prazo no setor - Ag\u00eancia iNFRA","robots":{"index":"index","follow":"follow","max-snippet":"max-snippet:-1","max-image-preview":"max-image-preview:large","max-video-preview":"max-video-preview:-1"},"canonical":"https:\/\/agenciainfra.com\/blog\/grandes-empresas-de-infraestrutura-unem-se-em-movimento-para-programas-de-longo-prazo-no-setor\/","og_locale":"pt_BR","og_type":"article","og_title":"Grandes empresas de infraestrutura unem-se em movimento para programas de longo prazo no setor","og_description":"Dimmi Amora, da Ag\u00eancia iNFRA Cinco grandes companhias que trabalham com o setor de infraestrutura no pa\u00eds decidiram unir-se no que est\u00e3o chamando de um movimento em prol do setor no pa\u00eds. O Move Infra se inicia formado por empresas listadas na B3, a bolsa de valores de S\u00e3o Paulo: CCR, EcoRodovias, Rumo, Santos Brasil [&hellip;]","og_url":"https:\/\/agenciainfra.com\/blog\/grandes-empresas-de-infraestrutura-unem-se-em-movimento-para-programas-de-longo-prazo-no-setor\/","og_site_name":"Ag\u00eancia iNFRA","article_publisher":"https:\/\/www.facebook.com\/ageninfra","article_published_time":"2022-12-01T12:00:00+00:00","og_image":[{"width":1280,"height":714,"url":"https:\/\/agenciainfra.com\/blog\/wp-content\/uploads\/2020\/07\/rodovia-estrada-foto-dominio-publico.jpg","type":"image\/jpeg"}],"author":"Ag\u00eancia iNFRA","twitter_card":"summary_large_image","twitter_creator":"@agencia_infra","twitter_site":"@agencia_infra","twitter_misc":{"Escrito por":"Ag\u00eancia iNFRA","Est. tempo de leitura":"4 minutos"},"schema":{"@context":"https:\/\/schema.org","@graph":[{"@type":"Article","@id":"https:\/\/agenciainfra.com\/blog\/grandes-empresas-de-infraestrutura-unem-se-em-movimento-para-programas-de-longo-prazo-no-setor\/#article","isPartOf":{"@id":"https:\/\/agenciainfra.com\/blog\/grandes-empresas-de-infraestrutura-unem-se-em-movimento-para-programas-de-longo-prazo-no-setor\/"},"author":{"name":"Ag\u00eancia iNFRA","@id":"https:\/\/agenciainfra.com\/blog\/#\/schema\/person\/34af08dff6adea4cb22b06612ba7acfa"},"headline":"Grandes empresas de infraestrutura unem-se em movimento para programas de longo prazo no setor","datePublished":"2022-12-01T12:00:00+00:00","mainEntityOfPage":{"@id":"https:\/\/agenciainfra.com\/blog\/grandes-empresas-de-infraestrutura-unem-se-em-movimento-para-programas-de-longo-prazo-no-setor\/"},"wordCount":727,"publisher":{"@id":"https:\/\/agenciainfra.com\/blog\/#organization"},"image":{"@id":"https:\/\/agenciainfra.com\/blog\/grandes-empresas-de-infraestrutura-unem-se-em-movimento-para-programas-de-longo-prazo-no-setor\/#primaryimage"},"thumbnailUrl":"https:\/\/agenciainfra.com\/blog\/wp-content\/uploads\/2020\/07\/rodovia-estrada-foto-dominio-publico.jpg","keywords":["Ag\u00eancias Reguladoras","CCR","deb\u00eantures de infraestrutura","EcoRodovias","Infraestrutura","infraestruturas resilientes","Investimentos","Licenciamento ambiental","Move Infra","Nat\u00e1lia Marcassa","reforma tribut\u00e1ria","Rumo","Santos Brasil","seguran\u00e7a jur\u00eddica","Ultracargo"],"articleSection":["Geral","iNFRALive e Eventos"],"inLanguage":"pt-BR","copyrightYear":"2022","copyrightHolder":{"@id":"https:\/\/agenciainfra.com\/blog\/#organization"}},{"@type":"WebPage","@id":"https:\/\/agenciainfra.com\/blog\/grandes-empresas-de-infraestrutura-unem-se-em-movimento-para-programas-de-longo-prazo-no-setor\/","url":"https:\/\/agenciainfra.com\/blog\/grandes-empresas-de-infraestrutura-unem-se-em-movimento-para-programas-de-longo-prazo-no-setor\/","name":"Grandes empresas de infraestrutura unem-se em movimento para programas de longo prazo no setor - Ag\u00eancia iNFRA","isPartOf":{"@id":"https:\/\/agenciainfra.com\/blog\/#website"},"primaryImageOfPage":{"@id":"https:\/\/agenciainfra.com\/blog\/grandes-empresas-de-infraestrutura-unem-se-em-movimento-para-programas-de-longo-prazo-no-setor\/#primaryimage"},"image":{"@id":"https:\/\/agenciainfra.com\/blog\/grandes-empresas-de-infraestrutura-unem-se-em-movimento-para-programas-de-longo-prazo-no-setor\/#primaryimage"},"thumbnailUrl":"https:\/\/agenciainfra.com\/blog\/wp-content\/uploads\/2020\/07\/rodovia-estrada-foto-dominio-publico.jpg","datePublished":"2022-12-01T12:00:00+00:00","breadcrumb":{"@id":"https:\/\/agenciainfra.com\/blog\/grandes-empresas-de-infraestrutura-unem-se-em-movimento-para-programas-de-longo-prazo-no-setor\/#breadcrumb"},"inLanguage":"pt-BR","potentialAction":[{"@type":"ReadAction","target":["https:\/\/agenciainfra.com\/blog\/grandes-empresas-de-infraestrutura-unem-se-em-movimento-para-programas-de-longo-prazo-no-setor\/"]}]},{"@type":"ImageObject","inLanguage":"pt-BR","@id":"https:\/\/agenciainfra.com\/blog\/grandes-empresas-de-infraestrutura-unem-se-em-movimento-para-programas-de-longo-prazo-no-setor\/#primaryimage","url":"https:\/\/agenciainfra.com\/blog\/wp-content\/uploads\/2020\/07\/rodovia-estrada-foto-dominio-publico.jpg","contentUrl":"https:\/\/agenciainfra.com\/blog\/wp-content\/uploads\/2020\/07\/rodovia-estrada-foto-dominio-publico.jpg","width":1280,"height":714,"caption":"Foto: Dom\u00ednio P\u00fablico"},{"@type":"BreadcrumbList","@id":"https:\/\/agenciainfra.com\/blog\/grandes-empresas-de-infraestrutura-unem-se-em-movimento-para-programas-de-longo-prazo-no-setor\/#breadcrumb","itemListElement":[{"@type":"ListItem","position":1,"name":"In\u00edcio","item":"https:\/\/agenciainfra.com\/blog\/"},{"@type":"ListItem","position":2,"name":"Grandes empresas de infraestrutura unem-se em movimento para programas de longo prazo no setor"}]},{"@type":"WebSite","@id":"https:\/\/agenciainfra.com\/blog\/#website","url":"https:\/\/agenciainfra.com\/blog\/","name":"Ag\u00eancia iNFRA","description":"Multiplataforma de informa\u00e7\u00e3o jornal\u00edstica refer\u00eancia na \u00e1rea de infraestrutura no Brasil!","publisher":{"@id":"https:\/\/agenciainfra.com\/blog\/#organization"},"potentialAction":[{"@type":"SearchAction","target":{"@type":"EntryPoint","urlTemplate":"https:\/\/agenciainfra.com\/blog\/?s={search_term_string}"},"query-input":{"@type":"PropertyValueSpecification","valueRequired":true,"valueName":"search_term_string"}}],"inLanguage":"pt-BR"},{"@type":"Organization","@id":"https:\/\/agenciainfra.com\/blog\/#organization","name":"Ag\u00eancia iNFRA","url":"https:\/\/agenciainfra.com\/blog\/","logo":{"@type":"ImageObject","inLanguage":"pt-BR","@id":"https:\/\/agenciainfra.com\/blog\/#\/schema\/logo\/image\/","url":"https:\/\/agenciainfra.com\/blog\/wp-content\/uploads\/2023\/09\/iNFRA_5-e1761735885940.png","contentUrl":"https:\/\/agenciainfra.com\/blog\/wp-content\/uploads\/2023\/09\/iNFRA_5-e1761735885940.png","width":1672,"height":454,"caption":"Ag\u00eancia iNFRA"},"image":{"@id":"https:\/\/agenciainfra.com\/blog\/#\/schema\/logo\/image\/"},"sameAs":["https:\/\/www.facebook.com\/ageninfra","https:\/\/x.com\/agencia_infra","https:\/\/www.linkedin.com\/company\/ag\u00eanciainfra\/","https:\/\/www.instagram.com\/agenciainfra\/"]},{"@type":"Person","@id":"https:\/\/agenciainfra.com\/blog\/#\/schema\/person\/34af08dff6adea4cb22b06612ba7acfa","name":"Ag\u00eancia iNFRA","image":{"@type":"ImageObject","inLanguage":"pt-BR","@id":"https:\/\/agenciainfra.com\/blog\/#\/schema\/person\/image\/","url":"https:\/\/secure.gravatar.com\/avatar\/d189e01678f06d8eb84d4e01f08eb848b3fffe3f8443818d3c356c66892f5be8?s=96&d=mm&r=g","contentUrl":"https:\/\/secure.gravatar.com\/avatar\/d189e01678f06d8eb84d4e01f08eb848b3fffe3f8443818d3c356c66892f5be8?s=96&d=mm&r=g","caption":"Ag\u00eancia iNFRA"},"url":"https:\/\/agenciainfra.com\/blog\/author\/admin\/"}]}},"_links":{"self":[{"href":"https:\/\/agenciainfra.com\/blog\/wp-json\/wp\/v2\/posts\/11754","targetHints":{"allow":["GET"]}}],"collection":[{"href":"https:\/\/agenciainfra.com\/blog\/wp-json\/wp\/v2\/posts"}],"about":[{"href":"https:\/\/agenciainfra.com\/blog\/wp-json\/wp\/v2\/types\/post"}],"author":[{"embeddable":true,"href":"https:\/\/agenciainfra.com\/blog\/wp-json\/wp\/v2\/users\/1"}],"replies":[{"embeddable":true,"href":"https:\/\/agenciainfra.com\/blog\/wp-json\/wp\/v2\/comments?post=11754"}],"version-history":[{"count":0,"href":"https:\/\/agenciainfra.com\/blog\/wp-json\/wp\/v2\/posts\/11754\/revisions"}],"wp:featuredmedia":[{"embeddable":true,"href":"https:\/\/agenciainfra.com\/blog\/wp-json\/wp\/v2\/media\/5517"}],"wp:attachment":[{"href":"https:\/\/agenciainfra.com\/blog\/wp-json\/wp\/v2\/media?parent=11754"}],"wp:term":[{"taxonomy":"category","embeddable":true,"href":"https:\/\/agenciainfra.com\/blog\/wp-json\/wp\/v2\/categories?post=11754"},{"taxonomy":"post_tag","embeddable":true,"href":"https:\/\/agenciainfra.com\/blog\/wp-json\/wp\/v2\/tags?post=11754"}],"curies":[{"name":"wp","href":"https:\/\/api.w.org\/{rel}","templated":true}]}}