{"id":11808,"date":"2022-12-08T10:00:00","date_gmt":"2022-12-08T13:00:00","guid":{"rendered":"https:\/\/www.agenciainfra.com\/blog\/?p=11808"},"modified":"2022-12-08T08:31:03","modified_gmt":"2022-12-08T11:31:03","slug":"valoracao-do-impacto-da-gd-solar-pelo-cnpe-deve-ficar-para-o-proximo-governo","status":"publish","type":"post","link":"https:\/\/agenciainfra.com\/blog\/valoracao-do-impacto-da-gd-solar-pelo-cnpe-deve-ficar-para-o-proximo-governo\/","title":{"rendered":"Valora\u00e7\u00e3o do impacto da GD solar pelo CNPE deve ficar para o pr\u00f3ximo governo"},"content":{"rendered":"\n<p class=\"has-text-align-right\"><strong>Roberto Rockmann*<\/strong><\/p>\n\n\n\n<p>\u00a0O CNPE (Conselho Nacional de Pol\u00edtica Energ\u00e9tica) n\u00e3o dever\u00e1 discutir na reuni\u00e3o de hoje (8) a quest\u00e3o da valora\u00e7\u00e3o dos atributos da GD (gera\u00e7\u00e3o distribu\u00edda) solar, disseram fontes, o que far\u00e1 o assunto ficar\u00a0para o pr\u00f3ximo governo, que assume em janeiro. No centro da pauta desta quinta-feira\u00a0est\u00e1 a pol\u00edtica do RenovaBio, que estabelece metas nacionais anuais de descarboniza\u00e7\u00e3o para o setor de combust\u00edveis.<br><br>A decis\u00e3o do CNPE tem sido aguardada desde a san\u00e7\u00e3o em janeiro da Lei 14.300, que instituiu o marco regulat\u00f3rio da gera\u00e7\u00e3o distribu\u00edda solar. Na legisla\u00e7\u00e3o, estabeleceu-se que o CNPE teria seis meses para estabelecer as diretrizes para valora\u00e7\u00e3o dos custos e dos benef\u00edcios da microgera\u00e7\u00e3o e minigera\u00e7\u00e3o distribu\u00edda, enquanto a ANEEL (Ag\u00eancia Nacional de Energia El\u00e9trica) teria 18 meses para os c\u00e1lculos. Na reuni\u00e3o extraordin\u00e1ria de novembro do CNPE, o assunto estava na pauta, mas foi retirado.<br><br>Em junho, com o prazo fixado pela lei j\u00e1 esgotado, o governo federal lan\u00e7ou a Consulta P\u00fablica 129, para recolher contribui\u00e7\u00f5es de agentes interessados que serviriam para a base da decis\u00e3o do CNPE. A decis\u00e3o ser\u00e1 um fator relevante da velocidade de crescimento da fonte nos pr\u00f3ximos anos por poder reduzir subs\u00eddios e elevar custos de implementa\u00e7\u00e3o.<br><br>Em reuni\u00e3o com executivos do setor solar, no in\u00edcio de sua gest\u00e3o, a equipe do ministro Adolfo Sachsida deu indica\u00e7\u00f5es de que a decis\u00e3o do CNPE devolveria parte dos ganhos obtidos pelo setor no Congresso com subs\u00eddios \u00e0 fonte. Por isso, a decis\u00e3o de deixar para 2023 \u00e9 celebrada. Empres\u00e1rios j\u00e1 se reuniram com parlamentares pr\u00f3ximos ao PT (Partido dos Trabalhadores) para mostrar o crescimento do segmento e o potencial.<br><br>A valora\u00e7\u00e3o a ser decidida pelo CNPE deve reabrir no setor el\u00e9trico o que alguns consultores chamam de \u201cguerra dos atributos\u201d. No fundo, a discuss\u00e3o se centra sobre os benef\u00edcios e os custos das fontes. No caso da gera\u00e7\u00e3o solar, o fato de ser uma fonte descentralizada e renov\u00e1vel \u00e9 somado de um lado da equa\u00e7\u00e3o, enquanto do outro somam-se necessidades de refor\u00e7os de redes de transmiss\u00e3o e distribui\u00e7\u00e3o. Somar todas as partes \u00e9 o desafio.<br><br>Hoje, em Bras\u00edlia, a ANEEL (Ag\u00eancia Nacional de Energia El\u00e9trica) realiza audi\u00eancia p\u00fablica sobre a CP (Consulta P\u00fablica) 51, que regula a Lei 14.300, que estabelecia que a ag\u00eancia teria 18 meses para os c\u00e1lculos da valora\u00e7\u00e3o dos atributos.<\/p>\n\n\n\n<h6 class=\"wp-block-heading\" id=\"block-f323f59b-51bf-4eed-b17b-3c7d3b917007\">*Roberto Rockmann <strong>\u00e9 escritor e jornalista. Coautor do livro \u201cCurto-Circuito, quando o Brasil quase ficou \u00e0s escuras\u201d e produtor do podcast quinzenal \u201cGiro Energia\u201d sobre o setor el\u00e9trico. Organizou em 2018 o livro de 20 anos do mercado livre de energia el\u00e9trica, editado pela CCEE (C\u00e2mara de Comercializa\u00e7\u00e3o de Energia El\u00e9trica), al\u00e9m de v\u00e1rios outros livros e trabalhos premiados<\/strong>.<\/h6>\n\n\n\n<p><strong>As opini\u00f5es dos autores n\u00e3o refletem necessariamente o pensamento da Ag\u00eancia iNFRA, sendo de total responsabilidade do autor as informa\u00e7\u00f5es, ju\u00edzos de valor e conceitos descritos no texto<\/strong>. <\/p>\n","protected":false},"excerpt":{"rendered":"<p>Roberto Rockmann* \u00a0O CNPE (Conselho Nacional de Pol\u00edtica Energ\u00e9tica) n\u00e3o dever\u00e1 discutir na reuni\u00e3o de hoje (8) a quest\u00e3o da valora\u00e7\u00e3o dos atributos da GD (gera\u00e7\u00e3o distribu\u00edda) solar, disseram fontes, o que far\u00e1 o assunto ficar\u00a0para o pr\u00f3ximo governo, que assume em janeiro. No centro da pauta desta quinta-feira\u00a0est\u00e1 a pol\u00edtica do RenovaBio, que estabelece [&hellip;]<\/p>\n","protected":false},"author":1,"featured_media":4310,"comment_status":"closed","ping_status":"closed","sticky":false,"template":"","format":"standard","meta":{"_monsterinsights_skip_tracking":false,"_monsterinsights_sitenote_active":false,"_monsterinsights_sitenote_note":"","_monsterinsights_sitenote_category":0,"footnotes":""},"categories":[1],"tags":[5391,53,3004,314,3361,5034,6009,96,5341,5202],"class_list":["post-11808","post","type-post","status-publish","format-standard","has-post-thumbnail","hentry","category-geral","tag-adolfo-sachsida","tag-aneel","tag-cnpe","tag-combustiveis","tag-descarbonizacao","tag-geracao-distribuida-solar","tag-lei-14-300","tag-ministerio-de-minas-e-energia","tag-pt","tag-renovabio"],"yoast_head":"<!-- This site is optimized with the Yoast SEO Premium plugin v25.4 (Yoast SEO v26.0) - https:\/\/yoast.com\/wordpress\/plugins\/seo\/ -->\n<title>Valora\u00e7\u00e3o do impacto da GD solar pelo CNPE deve ficar para o pr\u00f3ximo governo - Ag\u00eancia iNFRA<\/title>\n<meta name=\"robots\" content=\"index, follow, max-snippet:-1, max-image-preview:large, max-video-preview:-1\" \/>\n<link rel=\"canonical\" href=\"https:\/\/agenciainfra.com\/blog\/valoracao-do-impacto-da-gd-solar-pelo-cnpe-deve-ficar-para-o-proximo-governo\/\" \/>\n<meta property=\"og:locale\" content=\"pt_BR\" \/>\n<meta property=\"og:type\" content=\"article\" \/>\n<meta property=\"og:title\" content=\"Valora\u00e7\u00e3o do impacto da GD solar pelo CNPE deve ficar para o pr\u00f3ximo governo\" \/>\n<meta property=\"og:description\" content=\"Roberto Rockmann* \u00a0O CNPE (Conselho Nacional de Pol\u00edtica Energ\u00e9tica) n\u00e3o dever\u00e1 discutir na reuni\u00e3o de hoje (8) a quest\u00e3o da valora\u00e7\u00e3o dos atributos da GD (gera\u00e7\u00e3o distribu\u00edda) solar, disseram fontes, o que far\u00e1 o assunto ficar\u00a0para o pr\u00f3ximo governo, que assume em janeiro. No centro da pauta desta quinta-feira\u00a0est\u00e1 a pol\u00edtica do RenovaBio, que estabelece [&hellip;]\" \/>\n<meta property=\"og:url\" content=\"https:\/\/agenciainfra.com\/blog\/valoracao-do-impacto-da-gd-solar-pelo-cnpe-deve-ficar-para-o-proximo-governo\/\" \/>\n<meta property=\"og:site_name\" content=\"Ag\u00eancia iNFRA\" \/>\n<meta property=\"article:publisher\" content=\"https:\/\/www.facebook.com\/ageninfra\" \/>\n<meta property=\"article:published_time\" content=\"2022-12-08T13:00:00+00:00\" \/>\n<meta property=\"og:image\" content=\"https:\/\/agenciainfra.com\/blog\/wp-content\/uploads\/2020\/01\/painel-solar-foto-dominio-publico.jpg\" \/>\n\t<meta property=\"og:image:width\" content=\"1200\" \/>\n\t<meta property=\"og:image:height\" content=\"799\" \/>\n\t<meta property=\"og:image:type\" content=\"image\/jpeg\" \/>\n<meta name=\"author\" content=\"Ag\u00eancia iNFRA\" \/>\n<meta name=\"twitter:card\" content=\"summary_large_image\" \/>\n<meta name=\"twitter:creator\" content=\"@agencia_infra\" \/>\n<meta name=\"twitter:site\" content=\"@agencia_infra\" \/>\n<meta name=\"twitter:label1\" content=\"Escrito por\" \/>\n\t<meta name=\"twitter:data1\" content=\"Ag\u00eancia iNFRA\" \/>\n\t<meta name=\"twitter:label2\" content=\"Est. tempo de leitura\" \/>\n\t<meta name=\"twitter:data2\" content=\"3 minutos\" \/>\n<script type=\"application\/ld+json\" class=\"yoast-schema-graph\">{\"@context\":\"https:\/\/schema.org\",\"@graph\":[{\"@type\":\"Article\",\"@id\":\"https:\/\/agenciainfra.com\/blog\/valoracao-do-impacto-da-gd-solar-pelo-cnpe-deve-ficar-para-o-proximo-governo\/#article\",\"isPartOf\":{\"@id\":\"https:\/\/agenciainfra.com\/blog\/valoracao-do-impacto-da-gd-solar-pelo-cnpe-deve-ficar-para-o-proximo-governo\/\"},\"author\":{\"name\":\"Ag\u00eancia iNFRA\",\"@id\":\"https:\/\/agenciainfra.com\/blog\/#\/schema\/person\/34af08dff6adea4cb22b06612ba7acfa\"},\"headline\":\"Valora\u00e7\u00e3o do impacto da GD solar pelo CNPE deve ficar para o pr\u00f3ximo governo\",\"datePublished\":\"2022-12-08T13:00:00+00:00\",\"mainEntityOfPage\":{\"@id\":\"https:\/\/agenciainfra.com\/blog\/valoracao-do-impacto-da-gd-solar-pelo-cnpe-deve-ficar-para-o-proximo-governo\/\"},\"wordCount\":551,\"publisher\":{\"@id\":\"https:\/\/agenciainfra.com\/blog\/#organization\"},\"image\":{\"@id\":\"https:\/\/agenciainfra.com\/blog\/valoracao-do-impacto-da-gd-solar-pelo-cnpe-deve-ficar-para-o-proximo-governo\/#primaryimage\"},\"thumbnailUrl\":\"https:\/\/agenciainfra.com\/blog\/wp-content\/uploads\/2020\/01\/painel-solar-foto-dominio-publico.jpg\",\"keywords\":[\"Adolfo Sachsida\",\"ANEEL\",\"CNPE\",\"combust\u00edveis\",\"Descarboniza\u00e7\u00e3o\",\"gera\u00e7\u00e3o distribu\u00edda solar\",\"Lei 14.300\",\"Minist\u00e9rio de Minas e Energia\",\"PT\",\"RenovaBio\"],\"articleSection\":[\"Geral\"],\"inLanguage\":\"pt-BR\",\"copyrightYear\":\"2022\",\"copyrightHolder\":{\"@id\":\"https:\/\/agenciainfra.com\/blog\/#organization\"}},{\"@type\":\"WebPage\",\"@id\":\"https:\/\/agenciainfra.com\/blog\/valoracao-do-impacto-da-gd-solar-pelo-cnpe-deve-ficar-para-o-proximo-governo\/\",\"url\":\"https:\/\/agenciainfra.com\/blog\/valoracao-do-impacto-da-gd-solar-pelo-cnpe-deve-ficar-para-o-proximo-governo\/\",\"name\":\"Valora\u00e7\u00e3o do impacto da GD solar pelo CNPE deve ficar para o pr\u00f3ximo governo - Ag\u00eancia iNFRA\",\"isPartOf\":{\"@id\":\"https:\/\/agenciainfra.com\/blog\/#website\"},\"primaryImageOfPage\":{\"@id\":\"https:\/\/agenciainfra.com\/blog\/valoracao-do-impacto-da-gd-solar-pelo-cnpe-deve-ficar-para-o-proximo-governo\/#primaryimage\"},\"image\":{\"@id\":\"https:\/\/agenciainfra.com\/blog\/valoracao-do-impacto-da-gd-solar-pelo-cnpe-deve-ficar-para-o-proximo-governo\/#primaryimage\"},\"thumbnailUrl\":\"https:\/\/agenciainfra.com\/blog\/wp-content\/uploads\/2020\/01\/painel-solar-foto-dominio-publico.jpg\",\"datePublished\":\"2022-12-08T13:00:00+00:00\",\"breadcrumb\":{\"@id\":\"https:\/\/agenciainfra.com\/blog\/valoracao-do-impacto-da-gd-solar-pelo-cnpe-deve-ficar-para-o-proximo-governo\/#breadcrumb\"},\"inLanguage\":\"pt-BR\",\"potentialAction\":[{\"@type\":\"ReadAction\",\"target\":[\"https:\/\/agenciainfra.com\/blog\/valoracao-do-impacto-da-gd-solar-pelo-cnpe-deve-ficar-para-o-proximo-governo\/\"]}]},{\"@type\":\"ImageObject\",\"inLanguage\":\"pt-BR\",\"@id\":\"https:\/\/agenciainfra.com\/blog\/valoracao-do-impacto-da-gd-solar-pelo-cnpe-deve-ficar-para-o-proximo-governo\/#primaryimage\",\"url\":\"https:\/\/agenciainfra.com\/blog\/wp-content\/uploads\/2020\/01\/painel-solar-foto-dominio-publico.jpg\",\"contentUrl\":\"https:\/\/agenciainfra.com\/blog\/wp-content\/uploads\/2020\/01\/painel-solar-foto-dominio-publico.jpg\",\"width\":1200,\"height\":799},{\"@type\":\"BreadcrumbList\",\"@id\":\"https:\/\/agenciainfra.com\/blog\/valoracao-do-impacto-da-gd-solar-pelo-cnpe-deve-ficar-para-o-proximo-governo\/#breadcrumb\",\"itemListElement\":[{\"@type\":\"ListItem\",\"position\":1,\"name\":\"In\u00edcio\",\"item\":\"https:\/\/agenciainfra.com\/blog\/\"},{\"@type\":\"ListItem\",\"position\":2,\"name\":\"Valora\u00e7\u00e3o do impacto da GD solar pelo CNPE deve ficar para o pr\u00f3ximo governo\"}]},{\"@type\":\"WebSite\",\"@id\":\"https:\/\/agenciainfra.com\/blog\/#website\",\"url\":\"https:\/\/agenciainfra.com\/blog\/\",\"name\":\"Ag\u00eancia iNFRA\",\"description\":\"Multiplataforma de informa\u00e7\u00e3o jornal\u00edstica refer\u00eancia na \u00e1rea de infraestrutura no Brasil!\",\"publisher\":{\"@id\":\"https:\/\/agenciainfra.com\/blog\/#organization\"},\"potentialAction\":[{\"@type\":\"SearchAction\",\"target\":{\"@type\":\"EntryPoint\",\"urlTemplate\":\"https:\/\/agenciainfra.com\/blog\/?s={search_term_string}\"},\"query-input\":{\"@type\":\"PropertyValueSpecification\",\"valueRequired\":true,\"valueName\":\"search_term_string\"}}],\"inLanguage\":\"pt-BR\"},{\"@type\":\"Organization\",\"@id\":\"https:\/\/agenciainfra.com\/blog\/#organization\",\"name\":\"Ag\u00eancia iNFRA\",\"url\":\"https:\/\/agenciainfra.com\/blog\/\",\"logo\":{\"@type\":\"ImageObject\",\"inLanguage\":\"pt-BR\",\"@id\":\"https:\/\/agenciainfra.com\/blog\/#\/schema\/logo\/image\/\",\"url\":\"https:\/\/agenciainfra.com\/blog\/wp-content\/uploads\/2023\/09\/iNFRA_5-e1761735885940.png\",\"contentUrl\":\"https:\/\/agenciainfra.com\/blog\/wp-content\/uploads\/2023\/09\/iNFRA_5-e1761735885940.png\",\"width\":1672,\"height\":454,\"caption\":\"Ag\u00eancia iNFRA\"},\"image\":{\"@id\":\"https:\/\/agenciainfra.com\/blog\/#\/schema\/logo\/image\/\"},\"sameAs\":[\"https:\/\/www.facebook.com\/ageninfra\",\"https:\/\/x.com\/agencia_infra\",\"https:\/\/www.linkedin.com\/company\/ag\u00eanciainfra\/\",\"https:\/\/www.instagram.com\/agenciainfra\/\"]},{\"@type\":\"Person\",\"@id\":\"https:\/\/agenciainfra.com\/blog\/#\/schema\/person\/34af08dff6adea4cb22b06612ba7acfa\",\"name\":\"Ag\u00eancia iNFRA\",\"image\":{\"@type\":\"ImageObject\",\"inLanguage\":\"pt-BR\",\"@id\":\"https:\/\/agenciainfra.com\/blog\/#\/schema\/person\/image\/\",\"url\":\"https:\/\/secure.gravatar.com\/avatar\/d189e01678f06d8eb84d4e01f08eb848b3fffe3f8443818d3c356c66892f5be8?s=96&d=mm&r=g\",\"contentUrl\":\"https:\/\/secure.gravatar.com\/avatar\/d189e01678f06d8eb84d4e01f08eb848b3fffe3f8443818d3c356c66892f5be8?s=96&d=mm&r=g\",\"caption\":\"Ag\u00eancia iNFRA\"},\"url\":\"https:\/\/agenciainfra.com\/blog\/author\/admin\/\"}]}<\/script>\n<!-- \/ Yoast SEO Premium plugin. -->","yoast_head_json":{"title":"Valora\u00e7\u00e3o do impacto da GD solar pelo CNPE deve ficar para o pr\u00f3ximo governo - Ag\u00eancia iNFRA","robots":{"index":"index","follow":"follow","max-snippet":"max-snippet:-1","max-image-preview":"max-image-preview:large","max-video-preview":"max-video-preview:-1"},"canonical":"https:\/\/agenciainfra.com\/blog\/valoracao-do-impacto-da-gd-solar-pelo-cnpe-deve-ficar-para-o-proximo-governo\/","og_locale":"pt_BR","og_type":"article","og_title":"Valora\u00e7\u00e3o do impacto da GD solar pelo CNPE deve ficar para o pr\u00f3ximo governo","og_description":"Roberto Rockmann* \u00a0O CNPE (Conselho Nacional de Pol\u00edtica Energ\u00e9tica) n\u00e3o dever\u00e1 discutir na reuni\u00e3o de hoje (8) a quest\u00e3o da valora\u00e7\u00e3o dos atributos da GD (gera\u00e7\u00e3o distribu\u00edda) solar, disseram fontes, o que far\u00e1 o assunto ficar\u00a0para o pr\u00f3ximo governo, que assume em janeiro. No centro da pauta desta quinta-feira\u00a0est\u00e1 a pol\u00edtica do RenovaBio, que estabelece [&hellip;]","og_url":"https:\/\/agenciainfra.com\/blog\/valoracao-do-impacto-da-gd-solar-pelo-cnpe-deve-ficar-para-o-proximo-governo\/","og_site_name":"Ag\u00eancia iNFRA","article_publisher":"https:\/\/www.facebook.com\/ageninfra","article_published_time":"2022-12-08T13:00:00+00:00","og_image":[{"width":1200,"height":799,"url":"https:\/\/agenciainfra.com\/blog\/wp-content\/uploads\/2020\/01\/painel-solar-foto-dominio-publico.jpg","type":"image\/jpeg"}],"author":"Ag\u00eancia iNFRA","twitter_card":"summary_large_image","twitter_creator":"@agencia_infra","twitter_site":"@agencia_infra","twitter_misc":{"Escrito por":"Ag\u00eancia iNFRA","Est. tempo de leitura":"3 minutos"},"schema":{"@context":"https:\/\/schema.org","@graph":[{"@type":"Article","@id":"https:\/\/agenciainfra.com\/blog\/valoracao-do-impacto-da-gd-solar-pelo-cnpe-deve-ficar-para-o-proximo-governo\/#article","isPartOf":{"@id":"https:\/\/agenciainfra.com\/blog\/valoracao-do-impacto-da-gd-solar-pelo-cnpe-deve-ficar-para-o-proximo-governo\/"},"author":{"name":"Ag\u00eancia iNFRA","@id":"https:\/\/agenciainfra.com\/blog\/#\/schema\/person\/34af08dff6adea4cb22b06612ba7acfa"},"headline":"Valora\u00e7\u00e3o do impacto da GD solar pelo CNPE deve ficar para o pr\u00f3ximo governo","datePublished":"2022-12-08T13:00:00+00:00","mainEntityOfPage":{"@id":"https:\/\/agenciainfra.com\/blog\/valoracao-do-impacto-da-gd-solar-pelo-cnpe-deve-ficar-para-o-proximo-governo\/"},"wordCount":551,"publisher":{"@id":"https:\/\/agenciainfra.com\/blog\/#organization"},"image":{"@id":"https:\/\/agenciainfra.com\/blog\/valoracao-do-impacto-da-gd-solar-pelo-cnpe-deve-ficar-para-o-proximo-governo\/#primaryimage"},"thumbnailUrl":"https:\/\/agenciainfra.com\/blog\/wp-content\/uploads\/2020\/01\/painel-solar-foto-dominio-publico.jpg","keywords":["Adolfo Sachsida","ANEEL","CNPE","combust\u00edveis","Descarboniza\u00e7\u00e3o","gera\u00e7\u00e3o distribu\u00edda solar","Lei 14.300","Minist\u00e9rio de Minas e Energia","PT","RenovaBio"],"articleSection":["Geral"],"inLanguage":"pt-BR","copyrightYear":"2022","copyrightHolder":{"@id":"https:\/\/agenciainfra.com\/blog\/#organization"}},{"@type":"WebPage","@id":"https:\/\/agenciainfra.com\/blog\/valoracao-do-impacto-da-gd-solar-pelo-cnpe-deve-ficar-para-o-proximo-governo\/","url":"https:\/\/agenciainfra.com\/blog\/valoracao-do-impacto-da-gd-solar-pelo-cnpe-deve-ficar-para-o-proximo-governo\/","name":"Valora\u00e7\u00e3o do impacto da GD solar pelo CNPE deve ficar para o pr\u00f3ximo governo - Ag\u00eancia iNFRA","isPartOf":{"@id":"https:\/\/agenciainfra.com\/blog\/#website"},"primaryImageOfPage":{"@id":"https:\/\/agenciainfra.com\/blog\/valoracao-do-impacto-da-gd-solar-pelo-cnpe-deve-ficar-para-o-proximo-governo\/#primaryimage"},"image":{"@id":"https:\/\/agenciainfra.com\/blog\/valoracao-do-impacto-da-gd-solar-pelo-cnpe-deve-ficar-para-o-proximo-governo\/#primaryimage"},"thumbnailUrl":"https:\/\/agenciainfra.com\/blog\/wp-content\/uploads\/2020\/01\/painel-solar-foto-dominio-publico.jpg","datePublished":"2022-12-08T13:00:00+00:00","breadcrumb":{"@id":"https:\/\/agenciainfra.com\/blog\/valoracao-do-impacto-da-gd-solar-pelo-cnpe-deve-ficar-para-o-proximo-governo\/#breadcrumb"},"inLanguage":"pt-BR","potentialAction":[{"@type":"ReadAction","target":["https:\/\/agenciainfra.com\/blog\/valoracao-do-impacto-da-gd-solar-pelo-cnpe-deve-ficar-para-o-proximo-governo\/"]}]},{"@type":"ImageObject","inLanguage":"pt-BR","@id":"https:\/\/agenciainfra.com\/blog\/valoracao-do-impacto-da-gd-solar-pelo-cnpe-deve-ficar-para-o-proximo-governo\/#primaryimage","url":"https:\/\/agenciainfra.com\/blog\/wp-content\/uploads\/2020\/01\/painel-solar-foto-dominio-publico.jpg","contentUrl":"https:\/\/agenciainfra.com\/blog\/wp-content\/uploads\/2020\/01\/painel-solar-foto-dominio-publico.jpg","width":1200,"height":799},{"@type":"BreadcrumbList","@id":"https:\/\/agenciainfra.com\/blog\/valoracao-do-impacto-da-gd-solar-pelo-cnpe-deve-ficar-para-o-proximo-governo\/#breadcrumb","itemListElement":[{"@type":"ListItem","position":1,"name":"In\u00edcio","item":"https:\/\/agenciainfra.com\/blog\/"},{"@type":"ListItem","position":2,"name":"Valora\u00e7\u00e3o do impacto da GD solar pelo CNPE deve ficar para o pr\u00f3ximo governo"}]},{"@type":"WebSite","@id":"https:\/\/agenciainfra.com\/blog\/#website","url":"https:\/\/agenciainfra.com\/blog\/","name":"Ag\u00eancia iNFRA","description":"Multiplataforma de informa\u00e7\u00e3o jornal\u00edstica refer\u00eancia na \u00e1rea de infraestrutura no Brasil!","publisher":{"@id":"https:\/\/agenciainfra.com\/blog\/#organization"},"potentialAction":[{"@type":"SearchAction","target":{"@type":"EntryPoint","urlTemplate":"https:\/\/agenciainfra.com\/blog\/?s={search_term_string}"},"query-input":{"@type":"PropertyValueSpecification","valueRequired":true,"valueName":"search_term_string"}}],"inLanguage":"pt-BR"},{"@type":"Organization","@id":"https:\/\/agenciainfra.com\/blog\/#organization","name":"Ag\u00eancia iNFRA","url":"https:\/\/agenciainfra.com\/blog\/","logo":{"@type":"ImageObject","inLanguage":"pt-BR","@id":"https:\/\/agenciainfra.com\/blog\/#\/schema\/logo\/image\/","url":"https:\/\/agenciainfra.com\/blog\/wp-content\/uploads\/2023\/09\/iNFRA_5-e1761735885940.png","contentUrl":"https:\/\/agenciainfra.com\/blog\/wp-content\/uploads\/2023\/09\/iNFRA_5-e1761735885940.png","width":1672,"height":454,"caption":"Ag\u00eancia iNFRA"},"image":{"@id":"https:\/\/agenciainfra.com\/blog\/#\/schema\/logo\/image\/"},"sameAs":["https:\/\/www.facebook.com\/ageninfra","https:\/\/x.com\/agencia_infra","https:\/\/www.linkedin.com\/company\/ag\u00eanciainfra\/","https:\/\/www.instagram.com\/agenciainfra\/"]},{"@type":"Person","@id":"https:\/\/agenciainfra.com\/blog\/#\/schema\/person\/34af08dff6adea4cb22b06612ba7acfa","name":"Ag\u00eancia iNFRA","image":{"@type":"ImageObject","inLanguage":"pt-BR","@id":"https:\/\/agenciainfra.com\/blog\/#\/schema\/person\/image\/","url":"https:\/\/secure.gravatar.com\/avatar\/d189e01678f06d8eb84d4e01f08eb848b3fffe3f8443818d3c356c66892f5be8?s=96&d=mm&r=g","contentUrl":"https:\/\/secure.gravatar.com\/avatar\/d189e01678f06d8eb84d4e01f08eb848b3fffe3f8443818d3c356c66892f5be8?s=96&d=mm&r=g","caption":"Ag\u00eancia iNFRA"},"url":"https:\/\/agenciainfra.com\/blog\/author\/admin\/"}]}},"_links":{"self":[{"href":"https:\/\/agenciainfra.com\/blog\/wp-json\/wp\/v2\/posts\/11808","targetHints":{"allow":["GET"]}}],"collection":[{"href":"https:\/\/agenciainfra.com\/blog\/wp-json\/wp\/v2\/posts"}],"about":[{"href":"https:\/\/agenciainfra.com\/blog\/wp-json\/wp\/v2\/types\/post"}],"author":[{"embeddable":true,"href":"https:\/\/agenciainfra.com\/blog\/wp-json\/wp\/v2\/users\/1"}],"replies":[{"embeddable":true,"href":"https:\/\/agenciainfra.com\/blog\/wp-json\/wp\/v2\/comments?post=11808"}],"version-history":[{"count":0,"href":"https:\/\/agenciainfra.com\/blog\/wp-json\/wp\/v2\/posts\/11808\/revisions"}],"wp:featuredmedia":[{"embeddable":true,"href":"https:\/\/agenciainfra.com\/blog\/wp-json\/wp\/v2\/media\/4310"}],"wp:attachment":[{"href":"https:\/\/agenciainfra.com\/blog\/wp-json\/wp\/v2\/media?parent=11808"}],"wp:term":[{"taxonomy":"category","embeddable":true,"href":"https:\/\/agenciainfra.com\/blog\/wp-json\/wp\/v2\/categories?post=11808"},{"taxonomy":"post_tag","embeddable":true,"href":"https:\/\/agenciainfra.com\/blog\/wp-json\/wp\/v2\/tags?post=11808"}],"curies":[{"name":"wp","href":"https:\/\/api.w.org\/{rel}","templated":true}]}}