{"id":11810,"date":"2022-12-10T09:00:00","date_gmt":"2022-12-10T12:00:00","guid":{"rendered":"https:\/\/www.agenciainfra.com\/blog\/?p=11810"},"modified":"2022-12-08T08:29:40","modified_gmt":"2022-12-08T11:29:40","slug":"infraestrutura-vai-ter-centro-de-monitoramento-e-articulacao-em-novo-governo","status":"publish","type":"post","link":"https:\/\/agenciainfra.com\/blog\/infraestrutura-vai-ter-centro-de-monitoramento-e-articulacao-em-novo-governo\/","title":{"rendered":"Infraestrutura vai ter centro de monitoramento e articula\u00e7\u00e3o em novo governo"},"content":{"rendered":"\n<p class=\"has-text-align-right\"><strong>Dimmi Amora, da Ag\u00eancia iNFRA<\/strong><\/p>\n\n\n\n<p>A ex-ministra do Planejamento Miriam Belchior indicou que a \u00e1rea de infraestrutura vai ser uma das tr\u00eas para as quais o futuro governo pretende criar uma esp\u00e9cie de centro de monitoramento e articula\u00e7\u00e3o. As outras seriam as \u00e1reas de combate \u00e0 fome e transi\u00e7\u00e3o ecol\u00f3gica.<br><br>A informa\u00e7\u00e3o foi dada por ela em entrevista na \u00faltima quarta-feira (7) ap\u00f3s sua participa\u00e7\u00e3o no 95\u00ba Enic (Encontro Nacional da Constru\u00e7\u00e3o), realizado pela CBIC (C\u00e2mara Brasileira da Ind\u00fastria da Constru\u00e7\u00e3o), em Bras\u00edlia, onde ela declarou que a \u00e1rea de infraestrutura s\u00f3 estar\u00e1 atr\u00e1s em prioridade do presidente eleito Lula em rela\u00e7\u00e3o ao combate \u00e0 fome.<br><br>Ao responder o questionamento sobre para onde iriam o PPI (Programa de Parcerias de Investimentos) e como seria retomado o PAC (Programa de Acelera\u00e7\u00e3o do Crescimento), a ex-ministra fez o desenho sobre esse futuro centro de governo para o setor, indicando que ele ser\u00e1 necess\u00e1rio para que seja feito um &#8220;forte monitoramento&#8221; sobre as pastas e tamb\u00e9m exista uma articula\u00e7\u00e3o entre elas para que as &#8220;promessas sejam cumpridas&#8221;.<br><br>No entanto, a ex-ministra disse que isso vai depender dos nomes que o futuro presidente escolher para os cargos. Segundo ela, isso pode at\u00e9 mesmo fazer com que essa centralidade seja levada para algum minist\u00e9rio e nem fique em alguma pasta ligada \u00e0 presid\u00eancia, como a Casa Civil.<br><br>Ela citou o caso dela no governo, quando geria o PAC no segundo governo Lula e levou o programa para o Minist\u00e9rio do Planejamento, onde ela foi nomeada no primeiro governo da presidente Dilma Rousseff.<br><br>Esse desenho refor\u00e7a a tend\u00eancia de que os minist\u00e9rios setoriais ligados ao setor, como Infraestrutura, Cidades, Desenvolvimento Regional, Minas e Energia, Telecomunica\u00e7\u00f5es, fiquem sob o comando de partidos aliados, o que ajudaria na forma\u00e7\u00e3o de uma base no Congresso para sustentar o presidente.<br><br>E o comando desses \u00f3rg\u00e3os transversais poderiam ser dados a pessoas de confian\u00e7a do presidente ou do PT. Nessa configura\u00e7\u00e3o, a pr\u00f3pria ex-ministra Miriam tem sido cogitada para gerir esse centro de governo para a Infraestrutura.<br><br>Para o Minist\u00e9rio da Infraestrutura, o nome do senador Alexandre Silveira (PSD-MG) continua circulando entre as principais apostas, mas o seu pr\u00f3prio partido tem outros indicados para outras \u00e1reas&nbsp;e para o pr\u00f3prio minist\u00e9rio. Portanto, a confirma\u00e7\u00e3o vai depender da configura\u00e7\u00e3o que o futuro presidente dar\u00e1 para formar o governo. Al\u00e9m disso, outros partidos, como MDB e PSB, tamb\u00e9m se oferecem para o cargo. E n\u00e3o estaria descartada a divis\u00e3o da pasta em duas.<br><br><strong>Graves problemas or\u00e7ament\u00e1rios<\/strong><br>Durante sua fala no evento, a ex-ministra fez um diagn\u00f3stico sobre os graves problemas or\u00e7ament\u00e1rios que o setor enfrenta e tamb\u00e9m indicou que a pol\u00edtica de priorizar apenas investimentos privados realizada nos \u00faltimos anos n\u00e3o funcionou, visto que esses ca\u00edram em rela\u00e7\u00e3o ao per\u00edodo de governo do PT at\u00e9 2016 e, tamb\u00e9m, houve menos desembolsos do BNDES para o setor.<br><br>Ela defendeu um mix de investimentos p\u00fablicos e privados, indicando que deseja que os contratos privados tenham solu\u00e7\u00f5es que possam reequilibr\u00e1-los para a retomada urgente das obras. Miriam, no entanto, alertou que as concess\u00f5es t\u00eam limite dentro da realidade econ\u00f4mica e, citando especificamente o setor de rodovias, indicou que esse j\u00e1 est\u00e1 pr\u00f3ximo e ser\u00e1 dif\u00edcil avan\u00e7ar com concess\u00f5es comuns, indicando o uso de PPPs (parcerias p\u00fablico-privadas) para o setor.<br><br><strong>2023, ano emergencial<\/strong><br>Segundo a ex-ministra, o plano do futuro governo ter\u00e1 um primeiro ano considerado emergencial e os seguintes para pensar em investimentos mais estrat\u00e9gicos.&nbsp;<br><br>&#8220;Nossa l\u00f3gica de estrutura\u00e7\u00e3o desse plano de investimento tem um primeiro ano que a gente est\u00e1 chamando de emergencial e os outros tr\u00eas que estamos chamando de pensar em investimentos mais estrat\u00e9gicos&#8221;, disse a ex-ministra.&nbsp;<br><br>A retomada das obras \u00e9 o motivo considerado essencial para a emerg\u00eancia.<br><br>&#8220;Precisamos retomar as obras paradas e dar mais ritmo para aquelas que est\u00e3o em ritmo lento. Nas concess\u00f5es, precisamos acelerar os processos de revis\u00e3o e reequil\u00edbrio para que os investimentos rodem mais rapidamente. A l\u00f3gica de 2023 \u00e9 acelerar o que j\u00e1 existe.&#8221;<br><br><strong>&#8220;Rid\u00edculo&#8221;<\/strong><br>O baixo or\u00e7amento previsto para o DNIT (Departamento Nacional de Infraestrutura de Transportes), de apenas R$ 2,8 bilh\u00f5es para conserva\u00e7\u00e3o de estradas em 2023, foi motivo de cr\u00edticas por parte da ex-ministra e do representante da CBIC na mesa. Ricardo Portela, do Sicepot do Rio Grande do Sul, disse que o atual or\u00e7amento do DNIT n\u00e3o \u00e9 suficiente sequer para fazer os contratos de P.A.T.O. (modelo de conserva\u00e7\u00e3o de rodovias mais simples).<br><br>&#8220;O or\u00e7amento do DNIT \u00e9 rid\u00edculo&#8221;, criticou Portela, dizendo que o or\u00e7amento do \u00f3rg\u00e3o deveria ser de pelo menos R$ 35 bilh\u00f5es.<br><br><strong>R$ 10 bi no MCMV<\/strong><br>Miriam tamb\u00e9m afirmou que outra prioridade ser\u00e1 a retomada do Minha Casa Minha Vida faixa 1, que d\u00e1 subs\u00eddios para a compra de im\u00f3veis para a popula\u00e7\u00e3o de baixa renda. Ela citou que h\u00e1 150 mil unidades paradas ou com baixo ritmo de obras.<br><br>No mesmo dia, o Grupo T\u00e9cnico de Cidades divulgou que s\u00e3o 100 mil unidades do programa paradas. No mesmo evento, o vice-presidente eleito, Geraldo Alckmin, garantiu que, se a PEC da Transi\u00e7\u00e3o for aprovada no modelo que saiu do Senado na quarta-feira (7), haver\u00e1 pelo menos R$ 10 bilh\u00f5es para a retomada do Minha Casa Minha Vida em 2023.<br><br>Segundo o vice, a expectativa era de que fossem R$ 15 bilh\u00f5es para o programa, mas como houve um corte no valor que o Congresso est\u00e1 permitindo de gastos fora do teto constitucional em 2023, a proposta que vai ser encaminhada ao relator do or\u00e7amento, senador Marcelo Castro (MDB-PI),&nbsp;ser\u00e1 tamb\u00e9m menor.<br><br><strong>Acordado sobre legislado<\/strong><br>Al\u00e9m de anunciar a retomada do programa (que teria apenas R$ 32 milh\u00f5es pela proposta original do or\u00e7amento feita pelo atual governo) para os integrantes da associa\u00e7\u00e3o, que ao longo dos anos de funcionamento do Minha Casa Minha Vida foi a principal parceira nessa iniciativa, Alckmin tamb\u00e9m defendeu que o governo vai ter responsabilidade fiscal.<br><br>Segundo ele, mesmo com a amplia\u00e7\u00e3o dos gastos em 2023, a estimativa \u00e9 que em percentual do PIB ele seja exatamente igual ao ano de 2022. Al\u00e9m disso, o vice-presidente garantiu que n\u00e3o ser\u00e1 mudada a parte da lei trabalhista que garante que o acordado vale sobre o legislado.<\/p>\n","protected":false},"excerpt":{"rendered":"<p>Dimmi Amora, da Ag\u00eancia iNFRA A ex-ministra do Planejamento Miriam Belchior indicou que a \u00e1rea de infraestrutura vai ser uma das tr\u00eas para as quais o futuro governo pretende criar uma esp\u00e9cie de centro de monitoramento e articula\u00e7\u00e3o. As outras seriam as \u00e1reas de combate \u00e0 fome e transi\u00e7\u00e3o ecol\u00f3gica. A informa\u00e7\u00e3o foi dada por [&hellip;]<\/p>\n","protected":false},"author":1,"featured_media":11811,"comment_status":"closed","ping_status":"closed","sticky":false,"template":"","format":"standard","meta":{"_monsterinsights_skip_tracking":false,"_monsterinsights_sitenote_active":false,"_monsterinsights_sitenote_note":"","_monsterinsights_sitenote_category":0,"footnotes":""},"categories":[1,7],"tags":[582,6040,130,328,266,34,580,6166,775,6042,36,406,3190,6165],"class_list":["post-11810","post","type-post","status-publish","format-standard","has-post-thumbnail","hentry","category-geral","category-infratransporte","tag-alckmin","tag-alexandre-silveira","tag-cbic","tag-dnit","tag-enic","tag-infraestrutura","tag-lula","tag-minhas-casa-minha-vida","tag-ministerio-da-infraestrutura","tag-miriam-belchior","tag-ppi","tag-ppps","tag-programa-de-aceleracao-do-crescimento","tag-ricardo-portela"],"yoast_head":"<!-- This site is optimized with the Yoast SEO Premium plugin v25.4 (Yoast SEO v26.0) - https:\/\/yoast.com\/wordpress\/plugins\/seo\/ -->\n<title>Infraestrutura vai ter centro de monitoramento e articula\u00e7\u00e3o em novo governo - Ag\u00eancia iNFRA<\/title>\n<meta name=\"robots\" content=\"index, follow, max-snippet:-1, max-image-preview:large, max-video-preview:-1\" \/>\n<link rel=\"canonical\" href=\"https:\/\/agenciainfra.com\/blog\/infraestrutura-vai-ter-centro-de-monitoramento-e-articulacao-em-novo-governo\/\" \/>\n<meta property=\"og:locale\" content=\"pt_BR\" \/>\n<meta property=\"og:type\" content=\"article\" \/>\n<meta property=\"og:title\" content=\"Infraestrutura vai ter centro de monitoramento e articula\u00e7\u00e3o em novo governo\" \/>\n<meta property=\"og:description\" content=\"Dimmi Amora, da Ag\u00eancia iNFRA A ex-ministra do Planejamento Miriam Belchior indicou que a \u00e1rea de infraestrutura vai ser uma das tr\u00eas para as quais o futuro governo pretende criar uma esp\u00e9cie de centro de monitoramento e articula\u00e7\u00e3o. As outras seriam as \u00e1reas de combate \u00e0 fome e transi\u00e7\u00e3o ecol\u00f3gica. A informa\u00e7\u00e3o foi dada por [&hellip;]\" \/>\n<meta property=\"og:url\" content=\"https:\/\/agenciainfra.com\/blog\/infraestrutura-vai-ter-centro-de-monitoramento-e-articulacao-em-novo-governo\/\" \/>\n<meta property=\"og:site_name\" content=\"Ag\u00eancia iNFRA\" \/>\n<meta property=\"article:publisher\" content=\"https:\/\/www.facebook.com\/ageninfra\" \/>\n<meta property=\"article:published_time\" content=\"2022-12-10T12:00:00+00:00\" \/>\n<meta property=\"og:image\" content=\"https:\/\/agenciainfra.com\/blog\/wp-content\/uploads\/2022\/12\/miriam-belchior-foto-valter-campanato-agencia-brasil.jpeg\" \/>\n\t<meta property=\"og:image:width\" content=\"1280\" \/>\n\t<meta property=\"og:image:height\" content=\"852\" \/>\n\t<meta property=\"og:image:type\" content=\"image\/jpeg\" \/>\n<meta name=\"author\" content=\"Ag\u00eancia iNFRA\" \/>\n<meta name=\"twitter:card\" content=\"summary_large_image\" \/>\n<meta name=\"twitter:creator\" content=\"@agencia_infra\" \/>\n<meta name=\"twitter:site\" content=\"@agencia_infra\" \/>\n<meta name=\"twitter:label1\" content=\"Escrito por\" \/>\n\t<meta name=\"twitter:data1\" content=\"Ag\u00eancia iNFRA\" \/>\n\t<meta name=\"twitter:label2\" content=\"Est. tempo de leitura\" \/>\n\t<meta name=\"twitter:data2\" content=\"6 minutos\" \/>\n<script type=\"application\/ld+json\" class=\"yoast-schema-graph\">{\"@context\":\"https:\/\/schema.org\",\"@graph\":[{\"@type\":\"Article\",\"@id\":\"https:\/\/agenciainfra.com\/blog\/infraestrutura-vai-ter-centro-de-monitoramento-e-articulacao-em-novo-governo\/#article\",\"isPartOf\":{\"@id\":\"https:\/\/agenciainfra.com\/blog\/infraestrutura-vai-ter-centro-de-monitoramento-e-articulacao-em-novo-governo\/\"},\"author\":{\"name\":\"Ag\u00eancia iNFRA\",\"@id\":\"https:\/\/agenciainfra.com\/blog\/#\/schema\/person\/34af08dff6adea4cb22b06612ba7acfa\"},\"headline\":\"Infraestrutura vai ter centro de monitoramento e articula\u00e7\u00e3o em novo governo\",\"datePublished\":\"2022-12-10T12:00:00+00:00\",\"mainEntityOfPage\":{\"@id\":\"https:\/\/agenciainfra.com\/blog\/infraestrutura-vai-ter-centro-de-monitoramento-e-articulacao-em-novo-governo\/\"},\"wordCount\":1120,\"publisher\":{\"@id\":\"https:\/\/agenciainfra.com\/blog\/#organization\"},\"image\":{\"@id\":\"https:\/\/agenciainfra.com\/blog\/infraestrutura-vai-ter-centro-de-monitoramento-e-articulacao-em-novo-governo\/#primaryimage\"},\"thumbnailUrl\":\"https:\/\/agenciainfra.com\/blog\/wp-content\/uploads\/2022\/12\/miriam-belchior-foto-valter-campanato-agencia-brasil.jpeg\",\"keywords\":[\"Alckmin\",\"Alexandre Silveira\",\"CBIC\",\"DNIT\",\"Enic\",\"Infraestrutura\",\"Lula\",\"Minhas Casa Minha Vida\",\"Minist\u00e9rio da Infraestrutura\",\"Miriam Belchior\",\"PPI\",\"PPPs\",\"Programa de Acelera\u00e7\u00e3o do Crescimento\",\"Ricardo Portela\"],\"articleSection\":[\"Geral\",\"iNFRATransporte\"],\"inLanguage\":\"pt-BR\",\"copyrightYear\":\"2022\",\"copyrightHolder\":{\"@id\":\"https:\/\/agenciainfra.com\/blog\/#organization\"}},{\"@type\":\"WebPage\",\"@id\":\"https:\/\/agenciainfra.com\/blog\/infraestrutura-vai-ter-centro-de-monitoramento-e-articulacao-em-novo-governo\/\",\"url\":\"https:\/\/agenciainfra.com\/blog\/infraestrutura-vai-ter-centro-de-monitoramento-e-articulacao-em-novo-governo\/\",\"name\":\"Infraestrutura vai ter centro de monitoramento e articula\u00e7\u00e3o em novo governo - Ag\u00eancia iNFRA\",\"isPartOf\":{\"@id\":\"https:\/\/agenciainfra.com\/blog\/#website\"},\"primaryImageOfPage\":{\"@id\":\"https:\/\/agenciainfra.com\/blog\/infraestrutura-vai-ter-centro-de-monitoramento-e-articulacao-em-novo-governo\/#primaryimage\"},\"image\":{\"@id\":\"https:\/\/agenciainfra.com\/blog\/infraestrutura-vai-ter-centro-de-monitoramento-e-articulacao-em-novo-governo\/#primaryimage\"},\"thumbnailUrl\":\"https:\/\/agenciainfra.com\/blog\/wp-content\/uploads\/2022\/12\/miriam-belchior-foto-valter-campanato-agencia-brasil.jpeg\",\"datePublished\":\"2022-12-10T12:00:00+00:00\",\"breadcrumb\":{\"@id\":\"https:\/\/agenciainfra.com\/blog\/infraestrutura-vai-ter-centro-de-monitoramento-e-articulacao-em-novo-governo\/#breadcrumb\"},\"inLanguage\":\"pt-BR\",\"potentialAction\":[{\"@type\":\"ReadAction\",\"target\":[\"https:\/\/agenciainfra.com\/blog\/infraestrutura-vai-ter-centro-de-monitoramento-e-articulacao-em-novo-governo\/\"]}]},{\"@type\":\"ImageObject\",\"inLanguage\":\"pt-BR\",\"@id\":\"https:\/\/agenciainfra.com\/blog\/infraestrutura-vai-ter-centro-de-monitoramento-e-articulacao-em-novo-governo\/#primaryimage\",\"url\":\"https:\/\/agenciainfra.com\/blog\/wp-content\/uploads\/2022\/12\/miriam-belchior-foto-valter-campanato-agencia-brasil.jpeg\",\"contentUrl\":\"https:\/\/agenciainfra.com\/blog\/wp-content\/uploads\/2022\/12\/miriam-belchior-foto-valter-campanato-agencia-brasil.jpeg\",\"width\":1280,\"height\":852},{\"@type\":\"BreadcrumbList\",\"@id\":\"https:\/\/agenciainfra.com\/blog\/infraestrutura-vai-ter-centro-de-monitoramento-e-articulacao-em-novo-governo\/#breadcrumb\",\"itemListElement\":[{\"@type\":\"ListItem\",\"position\":1,\"name\":\"In\u00edcio\",\"item\":\"https:\/\/agenciainfra.com\/blog\/\"},{\"@type\":\"ListItem\",\"position\":2,\"name\":\"Infraestrutura vai ter centro de monitoramento e articula\u00e7\u00e3o em novo governo\"}]},{\"@type\":\"WebSite\",\"@id\":\"https:\/\/agenciainfra.com\/blog\/#website\",\"url\":\"https:\/\/agenciainfra.com\/blog\/\",\"name\":\"Ag\u00eancia iNFRA\",\"description\":\"Multiplataforma de informa\u00e7\u00e3o jornal\u00edstica refer\u00eancia na \u00e1rea de infraestrutura no Brasil!\",\"publisher\":{\"@id\":\"https:\/\/agenciainfra.com\/blog\/#organization\"},\"potentialAction\":[{\"@type\":\"SearchAction\",\"target\":{\"@type\":\"EntryPoint\",\"urlTemplate\":\"https:\/\/agenciainfra.com\/blog\/?s={search_term_string}\"},\"query-input\":{\"@type\":\"PropertyValueSpecification\",\"valueRequired\":true,\"valueName\":\"search_term_string\"}}],\"inLanguage\":\"pt-BR\"},{\"@type\":\"Organization\",\"@id\":\"https:\/\/agenciainfra.com\/blog\/#organization\",\"name\":\"Ag\u00eancia iNFRA\",\"url\":\"https:\/\/agenciainfra.com\/blog\/\",\"logo\":{\"@type\":\"ImageObject\",\"inLanguage\":\"pt-BR\",\"@id\":\"https:\/\/agenciainfra.com\/blog\/#\/schema\/logo\/image\/\",\"url\":\"https:\/\/agenciainfra.com\/blog\/wp-content\/uploads\/2023\/09\/iNFRA_5-e1761735885940.png\",\"contentUrl\":\"https:\/\/agenciainfra.com\/blog\/wp-content\/uploads\/2023\/09\/iNFRA_5-e1761735885940.png\",\"width\":1672,\"height\":454,\"caption\":\"Ag\u00eancia iNFRA\"},\"image\":{\"@id\":\"https:\/\/agenciainfra.com\/blog\/#\/schema\/logo\/image\/\"},\"sameAs\":[\"https:\/\/www.facebook.com\/ageninfra\",\"https:\/\/x.com\/agencia_infra\",\"https:\/\/www.linkedin.com\/company\/ag\u00eanciainfra\/\",\"https:\/\/www.instagram.com\/agenciainfra\/\"]},{\"@type\":\"Person\",\"@id\":\"https:\/\/agenciainfra.com\/blog\/#\/schema\/person\/34af08dff6adea4cb22b06612ba7acfa\",\"name\":\"Ag\u00eancia iNFRA\",\"image\":{\"@type\":\"ImageObject\",\"inLanguage\":\"pt-BR\",\"@id\":\"https:\/\/agenciainfra.com\/blog\/#\/schema\/person\/image\/\",\"url\":\"https:\/\/secure.gravatar.com\/avatar\/d189e01678f06d8eb84d4e01f08eb848b3fffe3f8443818d3c356c66892f5be8?s=96&d=mm&r=g\",\"contentUrl\":\"https:\/\/secure.gravatar.com\/avatar\/d189e01678f06d8eb84d4e01f08eb848b3fffe3f8443818d3c356c66892f5be8?s=96&d=mm&r=g\",\"caption\":\"Ag\u00eancia iNFRA\"},\"url\":\"https:\/\/agenciainfra.com\/blog\/author\/admin\/\"}]}<\/script>\n<!-- \/ Yoast SEO Premium plugin. -->","yoast_head_json":{"title":"Infraestrutura vai ter centro de monitoramento e articula\u00e7\u00e3o em novo governo - Ag\u00eancia iNFRA","robots":{"index":"index","follow":"follow","max-snippet":"max-snippet:-1","max-image-preview":"max-image-preview:large","max-video-preview":"max-video-preview:-1"},"canonical":"https:\/\/agenciainfra.com\/blog\/infraestrutura-vai-ter-centro-de-monitoramento-e-articulacao-em-novo-governo\/","og_locale":"pt_BR","og_type":"article","og_title":"Infraestrutura vai ter centro de monitoramento e articula\u00e7\u00e3o em novo governo","og_description":"Dimmi Amora, da Ag\u00eancia iNFRA A ex-ministra do Planejamento Miriam Belchior indicou que a \u00e1rea de infraestrutura vai ser uma das tr\u00eas para as quais o futuro governo pretende criar uma esp\u00e9cie de centro de monitoramento e articula\u00e7\u00e3o. As outras seriam as \u00e1reas de combate \u00e0 fome e transi\u00e7\u00e3o ecol\u00f3gica. A informa\u00e7\u00e3o foi dada por [&hellip;]","og_url":"https:\/\/agenciainfra.com\/blog\/infraestrutura-vai-ter-centro-de-monitoramento-e-articulacao-em-novo-governo\/","og_site_name":"Ag\u00eancia iNFRA","article_publisher":"https:\/\/www.facebook.com\/ageninfra","article_published_time":"2022-12-10T12:00:00+00:00","og_image":[{"width":1280,"height":852,"url":"https:\/\/agenciainfra.com\/blog\/wp-content\/uploads\/2022\/12\/miriam-belchior-foto-valter-campanato-agencia-brasil.jpeg","type":"image\/jpeg"}],"author":"Ag\u00eancia iNFRA","twitter_card":"summary_large_image","twitter_creator":"@agencia_infra","twitter_site":"@agencia_infra","twitter_misc":{"Escrito por":"Ag\u00eancia iNFRA","Est. tempo de leitura":"6 minutos"},"schema":{"@context":"https:\/\/schema.org","@graph":[{"@type":"Article","@id":"https:\/\/agenciainfra.com\/blog\/infraestrutura-vai-ter-centro-de-monitoramento-e-articulacao-em-novo-governo\/#article","isPartOf":{"@id":"https:\/\/agenciainfra.com\/blog\/infraestrutura-vai-ter-centro-de-monitoramento-e-articulacao-em-novo-governo\/"},"author":{"name":"Ag\u00eancia iNFRA","@id":"https:\/\/agenciainfra.com\/blog\/#\/schema\/person\/34af08dff6adea4cb22b06612ba7acfa"},"headline":"Infraestrutura vai ter centro de monitoramento e articula\u00e7\u00e3o em novo governo","datePublished":"2022-12-10T12:00:00+00:00","mainEntityOfPage":{"@id":"https:\/\/agenciainfra.com\/blog\/infraestrutura-vai-ter-centro-de-monitoramento-e-articulacao-em-novo-governo\/"},"wordCount":1120,"publisher":{"@id":"https:\/\/agenciainfra.com\/blog\/#organization"},"image":{"@id":"https:\/\/agenciainfra.com\/blog\/infraestrutura-vai-ter-centro-de-monitoramento-e-articulacao-em-novo-governo\/#primaryimage"},"thumbnailUrl":"https:\/\/agenciainfra.com\/blog\/wp-content\/uploads\/2022\/12\/miriam-belchior-foto-valter-campanato-agencia-brasil.jpeg","keywords":["Alckmin","Alexandre Silveira","CBIC","DNIT","Enic","Infraestrutura","Lula","Minhas Casa Minha Vida","Minist\u00e9rio da Infraestrutura","Miriam Belchior","PPI","PPPs","Programa de Acelera\u00e7\u00e3o do Crescimento","Ricardo Portela"],"articleSection":["Geral","iNFRATransporte"],"inLanguage":"pt-BR","copyrightYear":"2022","copyrightHolder":{"@id":"https:\/\/agenciainfra.com\/blog\/#organization"}},{"@type":"WebPage","@id":"https:\/\/agenciainfra.com\/blog\/infraestrutura-vai-ter-centro-de-monitoramento-e-articulacao-em-novo-governo\/","url":"https:\/\/agenciainfra.com\/blog\/infraestrutura-vai-ter-centro-de-monitoramento-e-articulacao-em-novo-governo\/","name":"Infraestrutura vai ter centro de monitoramento e articula\u00e7\u00e3o em novo governo - Ag\u00eancia iNFRA","isPartOf":{"@id":"https:\/\/agenciainfra.com\/blog\/#website"},"primaryImageOfPage":{"@id":"https:\/\/agenciainfra.com\/blog\/infraestrutura-vai-ter-centro-de-monitoramento-e-articulacao-em-novo-governo\/#primaryimage"},"image":{"@id":"https:\/\/agenciainfra.com\/blog\/infraestrutura-vai-ter-centro-de-monitoramento-e-articulacao-em-novo-governo\/#primaryimage"},"thumbnailUrl":"https:\/\/agenciainfra.com\/blog\/wp-content\/uploads\/2022\/12\/miriam-belchior-foto-valter-campanato-agencia-brasil.jpeg","datePublished":"2022-12-10T12:00:00+00:00","breadcrumb":{"@id":"https:\/\/agenciainfra.com\/blog\/infraestrutura-vai-ter-centro-de-monitoramento-e-articulacao-em-novo-governo\/#breadcrumb"},"inLanguage":"pt-BR","potentialAction":[{"@type":"ReadAction","target":["https:\/\/agenciainfra.com\/blog\/infraestrutura-vai-ter-centro-de-monitoramento-e-articulacao-em-novo-governo\/"]}]},{"@type":"ImageObject","inLanguage":"pt-BR","@id":"https:\/\/agenciainfra.com\/blog\/infraestrutura-vai-ter-centro-de-monitoramento-e-articulacao-em-novo-governo\/#primaryimage","url":"https:\/\/agenciainfra.com\/blog\/wp-content\/uploads\/2022\/12\/miriam-belchior-foto-valter-campanato-agencia-brasil.jpeg","contentUrl":"https:\/\/agenciainfra.com\/blog\/wp-content\/uploads\/2022\/12\/miriam-belchior-foto-valter-campanato-agencia-brasil.jpeg","width":1280,"height":852},{"@type":"BreadcrumbList","@id":"https:\/\/agenciainfra.com\/blog\/infraestrutura-vai-ter-centro-de-monitoramento-e-articulacao-em-novo-governo\/#breadcrumb","itemListElement":[{"@type":"ListItem","position":1,"name":"In\u00edcio","item":"https:\/\/agenciainfra.com\/blog\/"},{"@type":"ListItem","position":2,"name":"Infraestrutura vai ter centro de monitoramento e articula\u00e7\u00e3o em novo governo"}]},{"@type":"WebSite","@id":"https:\/\/agenciainfra.com\/blog\/#website","url":"https:\/\/agenciainfra.com\/blog\/","name":"Ag\u00eancia iNFRA","description":"Multiplataforma de informa\u00e7\u00e3o jornal\u00edstica refer\u00eancia na \u00e1rea de infraestrutura no Brasil!","publisher":{"@id":"https:\/\/agenciainfra.com\/blog\/#organization"},"potentialAction":[{"@type":"SearchAction","target":{"@type":"EntryPoint","urlTemplate":"https:\/\/agenciainfra.com\/blog\/?s={search_term_string}"},"query-input":{"@type":"PropertyValueSpecification","valueRequired":true,"valueName":"search_term_string"}}],"inLanguage":"pt-BR"},{"@type":"Organization","@id":"https:\/\/agenciainfra.com\/blog\/#organization","name":"Ag\u00eancia iNFRA","url":"https:\/\/agenciainfra.com\/blog\/","logo":{"@type":"ImageObject","inLanguage":"pt-BR","@id":"https:\/\/agenciainfra.com\/blog\/#\/schema\/logo\/image\/","url":"https:\/\/agenciainfra.com\/blog\/wp-content\/uploads\/2023\/09\/iNFRA_5-e1761735885940.png","contentUrl":"https:\/\/agenciainfra.com\/blog\/wp-content\/uploads\/2023\/09\/iNFRA_5-e1761735885940.png","width":1672,"height":454,"caption":"Ag\u00eancia iNFRA"},"image":{"@id":"https:\/\/agenciainfra.com\/blog\/#\/schema\/logo\/image\/"},"sameAs":["https:\/\/www.facebook.com\/ageninfra","https:\/\/x.com\/agencia_infra","https:\/\/www.linkedin.com\/company\/ag\u00eanciainfra\/","https:\/\/www.instagram.com\/agenciainfra\/"]},{"@type":"Person","@id":"https:\/\/agenciainfra.com\/blog\/#\/schema\/person\/34af08dff6adea4cb22b06612ba7acfa","name":"Ag\u00eancia iNFRA","image":{"@type":"ImageObject","inLanguage":"pt-BR","@id":"https:\/\/agenciainfra.com\/blog\/#\/schema\/person\/image\/","url":"https:\/\/secure.gravatar.com\/avatar\/d189e01678f06d8eb84d4e01f08eb848b3fffe3f8443818d3c356c66892f5be8?s=96&d=mm&r=g","contentUrl":"https:\/\/secure.gravatar.com\/avatar\/d189e01678f06d8eb84d4e01f08eb848b3fffe3f8443818d3c356c66892f5be8?s=96&d=mm&r=g","caption":"Ag\u00eancia iNFRA"},"url":"https:\/\/agenciainfra.com\/blog\/author\/admin\/"}]}},"_links":{"self":[{"href":"https:\/\/agenciainfra.com\/blog\/wp-json\/wp\/v2\/posts\/11810","targetHints":{"allow":["GET"]}}],"collection":[{"href":"https:\/\/agenciainfra.com\/blog\/wp-json\/wp\/v2\/posts"}],"about":[{"href":"https:\/\/agenciainfra.com\/blog\/wp-json\/wp\/v2\/types\/post"}],"author":[{"embeddable":true,"href":"https:\/\/agenciainfra.com\/blog\/wp-json\/wp\/v2\/users\/1"}],"replies":[{"embeddable":true,"href":"https:\/\/agenciainfra.com\/blog\/wp-json\/wp\/v2\/comments?post=11810"}],"version-history":[{"count":0,"href":"https:\/\/agenciainfra.com\/blog\/wp-json\/wp\/v2\/posts\/11810\/revisions"}],"wp:featuredmedia":[{"embeddable":true,"href":"https:\/\/agenciainfra.com\/blog\/wp-json\/wp\/v2\/media\/11811"}],"wp:attachment":[{"href":"https:\/\/agenciainfra.com\/blog\/wp-json\/wp\/v2\/media?parent=11810"}],"wp:term":[{"taxonomy":"category","embeddable":true,"href":"https:\/\/agenciainfra.com\/blog\/wp-json\/wp\/v2\/categories?post=11810"},{"taxonomy":"post_tag","embeddable":true,"href":"https:\/\/agenciainfra.com\/blog\/wp-json\/wp\/v2\/tags?post=11810"}],"curies":[{"name":"wp","href":"https:\/\/api.w.org\/{rel}","templated":true}]}}