{"id":11829,"date":"2022-12-12T08:03:55","date_gmt":"2022-12-12T11:03:55","guid":{"rendered":"https:\/\/www.agenciainfra.com\/blog\/?p=11829"},"modified":"2022-12-12T08:03:59","modified_gmt":"2022-12-12T11:03:59","slug":"o-mdb-tem-que-estar-pronto-para-os-desafios-que-sejam-colocados-diz-helder-barbalho","status":"publish","type":"post","link":"https:\/\/agenciainfra.com\/blog\/o-mdb-tem-que-estar-pronto-para-os-desafios-que-sejam-colocados-diz-helder-barbalho\/","title":{"rendered":"&#8220;O MDB tem que estar pronto para os desafios que sejam colocados&#8221;, diz Helder Barbalho"},"content":{"rendered":"\n<p class=\"has-text-align-right\"><strong>da Ag\u00eancia iNFRA<\/strong><\/p>\n\n\n\n<p>O governador reeleito do Par\u00e1, Helder Barbalho (MDB), esteve \u00e0 frente da Secretaria de Portos no governo da presidente Dilma Rousseff (PT), quando ela ainda tinha status de minist\u00e9rio, entre 2015 e 2016.<\/p>\n\n\n\n<p>O nome dele tem sido citado como um dos que desejam que o setor volte a ter esse status, separado do atual Minist\u00e9rio da Infraestrutura, com um indicado do MDB novamente. Mas ele nega que tenha feito a indica\u00e7\u00e3o de qualquer nome para compor o futuro governo.<\/p>\n\n\n\n<p>&#8220;Entendo que o presidente eleito deve ter o seu calend\u00e1rio, a sua formata\u00e7\u00e3o daquilo que ele pensa sobre os quadros de colaboradores que ele deva constituir. Mas, em momento algum, tratou-se de cargo ou o MDB sugeriu nomes ou interesse em determinada \u00e1rea&#8221;, disse Helder nesta entrevista \u00e0\u00a0<strong>Ag\u00eancia iNFRA<\/strong>\u00a0no fim da semana passada.<\/p>\n\n\n\n<p>No entanto, o governador, que tamb\u00e9m foi ministro da Integra\u00e7\u00e3o Nacional no governo Michel Temer (MDB), diz que a \u00e1rea de Portos precisa ter preocupa\u00e7\u00f5es do futuro governo e cobrou a retomada de investimentos em seu estado, segundo ele, praticamente paralisados pela atual gest\u00e3o.\u00a0 \u00a0<\/p>\n\n\n\n<p>&#8220;Na BR-155, parte da estrada acabou porque n\u00e3o tem manuten\u00e7\u00e3o. O passivo \u00e9 enorme. O DNIT (Departamento Nacional de Infraestrutura de Transportes) hoje tem or\u00e7amento semelhante de 10 a 15 anos atr\u00e1s&#8221;, cobrou H\u00e9lder, deixando claro que o partido pode ajudar no setor.<\/p>\n\n\n\n<p>&#8220;O MDB tem que estar pronto para os desafios que sejam colocados e as miss\u00f5es que sejam a ele concedidas&#8221;, disse. Os principais trechos da entrevista seguem abaixo.<\/p>\n\n\n\n<p><strong>Ag\u00eancia iNFRA &#8211; H\u00e1 informa\u00e7\u00f5es de que o MDB desejaria voltar ao Minist\u00e9rio da Infraestrutura, especialmente para a \u00e1rea de portos. Houve indica\u00e7\u00e3o do partido para essa \u00e1rea?<\/strong><br><strong>Helder Barbalho<\/strong>\u00a0&#8211; N\u00e3o h\u00e1 qualquer indica\u00e7\u00e3o de minha parte para qualquer parte do governo. O presidente sinalizou formalmente para que o MDB seja um parceiro estrat\u00e9gico e central do governo. O MDB correspondeu a isto, sinalizando estar \u00e0 disposi\u00e7\u00e3o, entendendo o momento que o pa\u00eds est\u00e1 vivendo, a necessidade que se tem desse governo dar certo, sob pena de n\u00f3s assistirmos, seja o fortalecimento daqueles que defendem atos antidemocr\u00e1ticos, seja o acirramento ideol\u00f3gico no Brasil.<\/p>\n\n\n\n<p>O presidente Lula demonstrou preocupa\u00e7\u00e3o com a forma\u00e7\u00e3o da base congressual, o desejo que pud\u00e9ssemos constituir blocos nas duas casas. Isso tudo tem avan\u00e7ado. Inclusive o resultado da vota\u00e7\u00e3o no Senado \u00e9 uma demonstra\u00e7\u00e3o clara. \u00c9 um gesto de um campo pol\u00edtico para que o governo possa ter condi\u00e7\u00f5es claras de iniciar.<\/p>\n\n\n\n<p><strong>Mas como isso pode ser feito?<\/strong><br>Entendo que o presidente deve ter o seu calend\u00e1rio, a sua formata\u00e7\u00e3o daquilo que ele pensa sobre os quadros de colaboradores que ele deva constituir. Mas, em momento algum, se tratou de cargo ou o MDB sugeriu nomes ou interesse em determinada \u00e1rea. Essa bola est\u00e1 com o presidente, que vai, obviamente, dentro do conceito do seu governo, avaliar qual vai ser a configura\u00e7\u00e3o.<\/p>\n\n\n\n<p>O que n\u00f3s tratamos foi o MDB aceitar o convite formalizado pelo presidente de colaborar com o governo e que pud\u00e9ssemos nessa constru\u00e7\u00e3o, inclusive no Congresso, formar blocos que possam permitir inclusive ao MDB e aos demais, participa\u00e7\u00e3o em espa\u00e7os importantes no Congresso.<\/p>\n\n\n\n<p><strong>A \u00e1rea da infraestrutura\u00a0agradaria ao partido? Ter uma voz nessa \u00e1rea?<\/strong><br>N\u00f3s desejamos que o governo possa restabelecer um grande plano de investimentos para o Brasil. Seja a continuidade das a\u00e7\u00f5es que envolvam o capital privado, com a estrat\u00e9gia de concess\u00f5es, seja atrav\u00e9s de investimentos diretos em que o Minist\u00e9rio da Infraestrutura ou dos Transportes, n\u00e3o sei como ele vai reconfigurar isso, voltem a ter uma agenda em que n\u00e3o apenas garanta a manuten\u00e7\u00e3o dos modais, mas acima de tudo investimentos para que o Brasil tenha condi\u00e7\u00f5es de escoamento de sua produ\u00e7\u00e3o. Obras que est\u00e3o h\u00e1 tanto tempo aguardadas possam sair do papel. Ao longo desses \u00faltimos tr\u00eas anos e 11 meses o que se viu foi o completo esvaziamento or\u00e7ament\u00e1rio do DNIT, por exemplo. O \u00f3rg\u00e3o nem sequer teve condi\u00e7\u00f5es, pelo menos no Par\u00e1, de dar manuten\u00e7\u00e3o. Quanto mais viabilizar projetos que estavam na carteira do estado.<\/p>\n\n\n\n<p><strong>O que aconteceu?<\/strong><br>Posso citar aqui. Em quatro anos, o presidente Bolsonaro ter\u00e1 realizado no estado do Par\u00e1 40 quil\u00f4metros da BR-163 e 12 quil\u00f4metros da BR-230. Esse \u00e9 o total de obra de asfalto em quatro anos de governo no Par\u00e1. Como compara\u00e7\u00e3o, o governo do Par\u00e1 pavimentou, com recursos do estado, 1,5 mil quil\u00f4metros no mesmo per\u00edodo. Sem contar obras paralisadas, como a BR-308, n\u00e3o executadas, como a conclus\u00e3o da Transamaz\u00f4nica entre Medicil\u00e2ndia e Placas.<\/p>\n\n\n\n<p><strong>Mas a BR-163 no Par\u00e1 foi divulgada como pavimentada&#8230;<\/strong><br>N\u00e3o \u00e9 verdade. Ela foi pavimentada at\u00e9 Itaituba, no porto de Miritituba. Diga-se de passagem, de quase 800 quil\u00f4metros, o Bolsonaro fez 40. Disse que pavimentou, mas fez 40 dos 800. \u00c9 a nossa Transposi\u00e7\u00e3o. Falta pavimentar de Itaituba at\u00e9 Rur\u00f3polis. A BR-308, que estava contratada, foi paralisada neste governo. Ela liga o Par\u00e1 ao Maranh\u00e3o. A duplica\u00e7\u00e3o da Bel\u00e9m-Bras\u00edlia entre Castanhal e Santa Maria, onde tem muitos acidentes, n\u00e3o saiu do papel. A 422 tamb\u00e9m n\u00e3o saiu do papel.<\/p>\n\n\n\n<p>O Pedral do Louren\u00e7o, que garante a navegabilidade hidrovi\u00e1ria no Rio Tocantins, tamb\u00e9m n\u00e3o saiu do papel. O contrato foi assinado no governo do presidente Temer, eu assinei com o [ent\u00e3o]\u00a0ministro [dos Transportes] Maur\u00edcio Quintella em 2016. At\u00e9 hoje n\u00e3o foi feito. S\u00f3 para lembrar, os 40 quil\u00f4metros da BR-163 tamb\u00e9m foram feitos num contrato assinado pelo Quintella junto comigo, quando \u00e9ramos ministros. \u00c9 uma quantidade enorme de obras [n\u00e3o feitas]. Na BR-155, parte da estrada acabou porque n\u00e3o tem manuten\u00e7\u00e3o. O passivo \u00e9 enorme. O DNIT hoje tem or\u00e7amento semelhante de 10 a 15 anos atr\u00e1s.<\/p>\n\n\n\n<p><strong>O senhor tamb\u00e9m citou o Pedral do Louren\u00e7o. Como ficam os outros modos de transporte no estado?<\/strong><br>O que se espera\u00a0\u00e9 que haja uma retomada da agenda de investimentos do governo. E n\u00e3o podemos s\u00f3 pensar em estradas. \u00c9 fundamental, e queria destacar, a quest\u00e3o das hidrovias. \u00c9 uma oportunidade log\u00edstica de um pa\u00eds privilegiado pela navegabilidade de seus rios. \u00c9 fundamental poder estabelecer o modal hidrovi\u00e1rio de maneira estrat\u00e9gica, para reduzir o custo log\u00edstico do pa\u00eds. O arco norte \u00e9 fundamental nisso.<br><br>Na quest\u00e3o portu\u00e1ria, o atual governo fez uma agenda de desestatiza\u00e7\u00e3o.\u00a0E isso precisa o novo governo apresentar a sua opini\u00e3o sobre o que vai fazer. Se vai continuar com o porto de Santos privatizado, se haver\u00e1 estadualiza\u00e7\u00e3o de companhias docas, se vai colocar ao mercado. Isso precisa ser claro. \u00c9 fundamental estimular os investimentos privados nas \u00e1reas que comp\u00f5em os clusters log\u00edsticos do estado e do Brasil. O investimento em cabotagem \u00e9 outro ponto fundamental que o pa\u00eds precisa cada vez mais estimular.<br><br>Temos que tamb\u00e9m reativar a pauta dos aeroportos regionais que ficaram sobrestados. Na \u00e9poca do [Eliseu] Padilha na SAC [Secretaria de Avia\u00e7\u00e3o Civil], lan\u00e7ou-se um conjunto enorme de aeroportos regionais a partir do fundo de avia\u00e7\u00e3o e isso praticamente n\u00e3o saiu do papel. No Par\u00e1, o governo se comprometia a fazer um aeroporto regional para cada regi\u00e3o do estado. E s\u00f3 se fez a reforma do aeroporto de Santar\u00e9m e de Marab\u00e1. Maraj\u00f3, Breves, Itaituba, Reden\u00e7\u00e3o, Paragominas n\u00e3o ocorreram.<br><br>S\u00e3o v\u00e1rias agendas que eu tor\u00e7o para que o novo governo possa restabelecer, porque isso significa n\u00e3o s\u00f3 inje\u00e7\u00e3o na economia. E o governo precisa dizer qual chamamento o governo far\u00e1 para a iniciativa privada, para que n\u00e3o fique a cargo apenas do investimento p\u00fablico, e com isso possamos ofertar para a sociedade uma melhor infraestrutura, que seja sustent\u00e1vel. N\u00e3o podemos abrir m\u00e3o disso. Que sejam investimentos sustent\u00e1veis, vinculadas aos ODS [Objetivos de Desenvolvimento Sustent\u00e1vel], especialmente na Amaz\u00f4nia. Destaco as pautas ferrovi\u00e1rias que t\u00eam que ser discutidas com essa configura\u00e7\u00e3o, a agenda da Ferrogr\u00e3o.\u00a0Estamos avan\u00e7ando com a Ferrovia do Par\u00e1.<\/p>\n\n\n\n<p><strong>O senhor citou v\u00e1rios momentos em que o MDB colaborou com a \u00e1rea de infraestrutura ao longo dos anos. O MDB vai poder ajudar, no minist\u00e9rio ou n\u00e3o, nesse projeto?<\/strong><br>O MDB tem que colaborar com o governo. Temos que fazer todo o poss\u00edvel para que o governo d\u00ea certo. N\u00e3o temos o direito, neste momento, sob pena de o Brasil viver um conflito e uma divis\u00e3o ainda mais intensa. Temos que torcer para dar certo. Precisamos virar a p\u00e1gina dessa instabilidade que estamos vivendo.\u00a0<\/p>\n\n\n\n<p>Em que fun\u00e7\u00e3o o MDB vai colaborar, o presidente, com sua sensibilidade, deve avaliar. A partir da\u00ed, consultar os partidos, a partir das sugest\u00f5es, que ele entenda. Acho que o MDB n\u00e3o deve condicionar ao presidente uma fun\u00e7\u00e3o.<\/p>\n\n\n\n<p>Deve deixar ele com sua sensibilidade e sua responsabilidade e a vis\u00e3o transversal do governo para montar a melhor equipe poss\u00edvel. E o MDB tem que estar pronto para os desafios que sejam colocados e as miss\u00f5es que sejam a ele concedidas.<\/p>\n","protected":false},"excerpt":{"rendered":"<p>da Ag\u00eancia iNFRA O governador reeleito do Par\u00e1, Helder Barbalho (MDB), esteve \u00e0 frente da Secretaria de Portos no governo da presidente Dilma Rousseff (PT), quando ela ainda tinha status de minist\u00e9rio, entre 2015 e 2016. O nome dele tem sido citado como um dos que desejam que o setor volte a ter esse status, [&hellip;]<\/p>\n","protected":false},"author":1,"featured_media":3798,"comment_status":"closed","ping_status":"closed","sticky":false,"template":"","format":"standard","meta":{"_monsterinsights_skip_tracking":false,"_monsterinsights_sitenote_active":false,"_monsterinsights_sitenote_note":"","_monsterinsights_sitenote_category":0,"footnotes":""},"categories":[1,7],"tags":[239,6173,6174,407,78,192,328,158,1322,32,44,775,688,1501,721,6172],"class_list":["post-11829","post","type-post","status-publish","format-standard","has-post-thumbnail","hentry","category-geral","category-infratransporte","tag-br-163","tag-br-230","tag-br-308","tag-cabotagem","tag-concessoes","tag-desestatizacao","tag-dnit","tag-ferrograo","tag-helder-barbalho","tag-investimentos","tag-mdb","tag-ministerio-da-infraestrutura","tag-para","tag-pedral-do-lourenco","tag-secretaria-de-portos","tag-transamazonica"],"yoast_head":"<!-- This site is optimized with the Yoast SEO Premium plugin v25.4 (Yoast SEO v26.0) - https:\/\/yoast.com\/wordpress\/plugins\/seo\/ -->\n<title>&quot;O MDB tem que estar pronto para os desafios que sejam colocados&quot;, diz Helder Barbalho - Ag\u00eancia iNFRA<\/title>\n<meta name=\"robots\" content=\"index, follow, max-snippet:-1, max-image-preview:large, max-video-preview:-1\" \/>\n<link rel=\"canonical\" href=\"https:\/\/agenciainfra.com\/blog\/o-mdb-tem-que-estar-pronto-para-os-desafios-que-sejam-colocados-diz-helder-barbalho\/\" \/>\n<meta property=\"og:locale\" content=\"pt_BR\" \/>\n<meta property=\"og:type\" content=\"article\" \/>\n<meta property=\"og:title\" content=\"&quot;O MDB tem que estar pronto para os desafios que sejam colocados&quot;, diz Helder Barbalho\" \/>\n<meta property=\"og:description\" content=\"da Ag\u00eancia iNFRA O governador reeleito do Par\u00e1, Helder Barbalho (MDB), esteve \u00e0 frente da Secretaria de Portos no governo da presidente Dilma Rousseff (PT), quando ela ainda tinha status de minist\u00e9rio, entre 2015 e 2016. O nome dele tem sido citado como um dos que desejam que o setor volte a ter esse status, [&hellip;]\" \/>\n<meta property=\"og:url\" content=\"https:\/\/agenciainfra.com\/blog\/o-mdb-tem-que-estar-pronto-para-os-desafios-que-sejam-colocados-diz-helder-barbalho\/\" \/>\n<meta property=\"og:site_name\" content=\"Ag\u00eancia iNFRA\" \/>\n<meta property=\"article:publisher\" content=\"https:\/\/www.facebook.com\/ageninfra\" \/>\n<meta property=\"article:published_time\" content=\"2022-12-12T11:03:55+00:00\" \/>\n<meta property=\"article:modified_time\" content=\"2022-12-12T11:03:59+00:00\" \/>\n<meta property=\"og:image\" content=\"https:\/\/agenciainfra.com\/blog\/wp-content\/uploads\/2019\/09\/helder-barbalho-foto-edilson-rodrigues-agencia-senado.jpg\" \/>\n\t<meta property=\"og:image:width\" content=\"1280\" \/>\n\t<meta property=\"og:image:height\" content=\"852\" \/>\n\t<meta property=\"og:image:type\" content=\"image\/jpeg\" \/>\n<meta name=\"author\" content=\"Ag\u00eancia iNFRA\" \/>\n<meta name=\"twitter:card\" content=\"summary_large_image\" \/>\n<meta name=\"twitter:creator\" content=\"@agencia_infra\" \/>\n<meta name=\"twitter:site\" content=\"@agencia_infra\" \/>\n<meta name=\"twitter:label1\" content=\"Escrito por\" \/>\n\t<meta name=\"twitter:data1\" content=\"Ag\u00eancia iNFRA\" \/>\n\t<meta name=\"twitter:label2\" content=\"Est. tempo de leitura\" \/>\n\t<meta name=\"twitter:data2\" content=\"8 minutos\" \/>\n<script type=\"application\/ld+json\" class=\"yoast-schema-graph\">{\"@context\":\"https:\/\/schema.org\",\"@graph\":[{\"@type\":\"Article\",\"@id\":\"https:\/\/agenciainfra.com\/blog\/o-mdb-tem-que-estar-pronto-para-os-desafios-que-sejam-colocados-diz-helder-barbalho\/#article\",\"isPartOf\":{\"@id\":\"https:\/\/agenciainfra.com\/blog\/o-mdb-tem-que-estar-pronto-para-os-desafios-que-sejam-colocados-diz-helder-barbalho\/\"},\"author\":{\"name\":\"Ag\u00eancia iNFRA\",\"@id\":\"https:\/\/agenciainfra.com\/blog\/#\/schema\/person\/34af08dff6adea4cb22b06612ba7acfa\"},\"headline\":\"&#8220;O MDB tem que estar pronto para os desafios que sejam colocados&#8221;, diz Helder Barbalho\",\"datePublished\":\"2022-12-12T11:03:55+00:00\",\"dateModified\":\"2022-12-12T11:03:59+00:00\",\"mainEntityOfPage\":{\"@id\":\"https:\/\/agenciainfra.com\/blog\/o-mdb-tem-que-estar-pronto-para-os-desafios-que-sejam-colocados-diz-helder-barbalho\/\"},\"wordCount\":1584,\"publisher\":{\"@id\":\"https:\/\/agenciainfra.com\/blog\/#organization\"},\"image\":{\"@id\":\"https:\/\/agenciainfra.com\/blog\/o-mdb-tem-que-estar-pronto-para-os-desafios-que-sejam-colocados-diz-helder-barbalho\/#primaryimage\"},\"thumbnailUrl\":\"https:\/\/agenciainfra.com\/blog\/wp-content\/uploads\/2019\/09\/helder-barbalho-foto-edilson-rodrigues-agencia-senado.jpg\",\"keywords\":[\"BR-163\",\"BR-230\",\"BR-308\",\"cabotagem\",\"concess\u00f5es\",\"desestatiza\u00e7\u00e3o\",\"DNIT\",\"Ferrogr\u00e3o\",\"Helder Barbalho\",\"Investimentos\",\"MDB\",\"Minist\u00e9rio da Infraestrutura\",\"Par\u00e1\",\"Pedral do Louren\u00e7o\",\"secretaria de portos\",\"Transamaz\u00f4nica\"],\"articleSection\":[\"Geral\",\"iNFRATransporte\"],\"inLanguage\":\"pt-BR\",\"copyrightYear\":\"2022\",\"copyrightHolder\":{\"@id\":\"https:\/\/agenciainfra.com\/blog\/#organization\"}},{\"@type\":\"WebPage\",\"@id\":\"https:\/\/agenciainfra.com\/blog\/o-mdb-tem-que-estar-pronto-para-os-desafios-que-sejam-colocados-diz-helder-barbalho\/\",\"url\":\"https:\/\/agenciainfra.com\/blog\/o-mdb-tem-que-estar-pronto-para-os-desafios-que-sejam-colocados-diz-helder-barbalho\/\",\"name\":\"\\\"O MDB tem que estar pronto para os desafios que sejam colocados\\\", diz Helder Barbalho - Ag\u00eancia iNFRA\",\"isPartOf\":{\"@id\":\"https:\/\/agenciainfra.com\/blog\/#website\"},\"primaryImageOfPage\":{\"@id\":\"https:\/\/agenciainfra.com\/blog\/o-mdb-tem-que-estar-pronto-para-os-desafios-que-sejam-colocados-diz-helder-barbalho\/#primaryimage\"},\"image\":{\"@id\":\"https:\/\/agenciainfra.com\/blog\/o-mdb-tem-que-estar-pronto-para-os-desafios-que-sejam-colocados-diz-helder-barbalho\/#primaryimage\"},\"thumbnailUrl\":\"https:\/\/agenciainfra.com\/blog\/wp-content\/uploads\/2019\/09\/helder-barbalho-foto-edilson-rodrigues-agencia-senado.jpg\",\"datePublished\":\"2022-12-12T11:03:55+00:00\",\"dateModified\":\"2022-12-12T11:03:59+00:00\",\"breadcrumb\":{\"@id\":\"https:\/\/agenciainfra.com\/blog\/o-mdb-tem-que-estar-pronto-para-os-desafios-que-sejam-colocados-diz-helder-barbalho\/#breadcrumb\"},\"inLanguage\":\"pt-BR\",\"potentialAction\":[{\"@type\":\"ReadAction\",\"target\":[\"https:\/\/agenciainfra.com\/blog\/o-mdb-tem-que-estar-pronto-para-os-desafios-que-sejam-colocados-diz-helder-barbalho\/\"]}]},{\"@type\":\"ImageObject\",\"inLanguage\":\"pt-BR\",\"@id\":\"https:\/\/agenciainfra.com\/blog\/o-mdb-tem-que-estar-pronto-para-os-desafios-que-sejam-colocados-diz-helder-barbalho\/#primaryimage\",\"url\":\"https:\/\/agenciainfra.com\/blog\/wp-content\/uploads\/2019\/09\/helder-barbalho-foto-edilson-rodrigues-agencia-senado.jpg\",\"contentUrl\":\"https:\/\/agenciainfra.com\/blog\/wp-content\/uploads\/2019\/09\/helder-barbalho-foto-edilson-rodrigues-agencia-senado.jpg\",\"width\":1280,\"height\":852},{\"@type\":\"BreadcrumbList\",\"@id\":\"https:\/\/agenciainfra.com\/blog\/o-mdb-tem-que-estar-pronto-para-os-desafios-que-sejam-colocados-diz-helder-barbalho\/#breadcrumb\",\"itemListElement\":[{\"@type\":\"ListItem\",\"position\":1,\"name\":\"In\u00edcio\",\"item\":\"https:\/\/agenciainfra.com\/blog\/\"},{\"@type\":\"ListItem\",\"position\":2,\"name\":\"&#8220;O MDB tem que estar pronto para os desafios que sejam colocados&#8221;, diz Helder Barbalho\"}]},{\"@type\":\"WebSite\",\"@id\":\"https:\/\/agenciainfra.com\/blog\/#website\",\"url\":\"https:\/\/agenciainfra.com\/blog\/\",\"name\":\"Ag\u00eancia iNFRA\",\"description\":\"Multiplataforma de informa\u00e7\u00e3o jornal\u00edstica refer\u00eancia na \u00e1rea de infraestrutura no Brasil!\",\"publisher\":{\"@id\":\"https:\/\/agenciainfra.com\/blog\/#organization\"},\"potentialAction\":[{\"@type\":\"SearchAction\",\"target\":{\"@type\":\"EntryPoint\",\"urlTemplate\":\"https:\/\/agenciainfra.com\/blog\/?s={search_term_string}\"},\"query-input\":{\"@type\":\"PropertyValueSpecification\",\"valueRequired\":true,\"valueName\":\"search_term_string\"}}],\"inLanguage\":\"pt-BR\"},{\"@type\":\"Organization\",\"@id\":\"https:\/\/agenciainfra.com\/blog\/#organization\",\"name\":\"Ag\u00eancia iNFRA\",\"url\":\"https:\/\/agenciainfra.com\/blog\/\",\"logo\":{\"@type\":\"ImageObject\",\"inLanguage\":\"pt-BR\",\"@id\":\"https:\/\/agenciainfra.com\/blog\/#\/schema\/logo\/image\/\",\"url\":\"https:\/\/agenciainfra.com\/blog\/wp-content\/uploads\/2023\/09\/iNFRA_5-e1761735885940.png\",\"contentUrl\":\"https:\/\/agenciainfra.com\/blog\/wp-content\/uploads\/2023\/09\/iNFRA_5-e1761735885940.png\",\"width\":1672,\"height\":454,\"caption\":\"Ag\u00eancia iNFRA\"},\"image\":{\"@id\":\"https:\/\/agenciainfra.com\/blog\/#\/schema\/logo\/image\/\"},\"sameAs\":[\"https:\/\/www.facebook.com\/ageninfra\",\"https:\/\/x.com\/agencia_infra\",\"https:\/\/www.linkedin.com\/company\/ag\u00eanciainfra\/\",\"https:\/\/www.instagram.com\/agenciainfra\/\"]},{\"@type\":\"Person\",\"@id\":\"https:\/\/agenciainfra.com\/blog\/#\/schema\/person\/34af08dff6adea4cb22b06612ba7acfa\",\"name\":\"Ag\u00eancia iNFRA\",\"image\":{\"@type\":\"ImageObject\",\"inLanguage\":\"pt-BR\",\"@id\":\"https:\/\/agenciainfra.com\/blog\/#\/schema\/person\/image\/\",\"url\":\"https:\/\/secure.gravatar.com\/avatar\/d189e01678f06d8eb84d4e01f08eb848b3fffe3f8443818d3c356c66892f5be8?s=96&d=mm&r=g\",\"contentUrl\":\"https:\/\/secure.gravatar.com\/avatar\/d189e01678f06d8eb84d4e01f08eb848b3fffe3f8443818d3c356c66892f5be8?s=96&d=mm&r=g\",\"caption\":\"Ag\u00eancia iNFRA\"},\"url\":\"https:\/\/agenciainfra.com\/blog\/author\/admin\/\"}]}<\/script>\n<!-- \/ Yoast SEO Premium plugin. -->","yoast_head_json":{"title":"\"O MDB tem que estar pronto para os desafios que sejam colocados\", diz Helder Barbalho - Ag\u00eancia iNFRA","robots":{"index":"index","follow":"follow","max-snippet":"max-snippet:-1","max-image-preview":"max-image-preview:large","max-video-preview":"max-video-preview:-1"},"canonical":"https:\/\/agenciainfra.com\/blog\/o-mdb-tem-que-estar-pronto-para-os-desafios-que-sejam-colocados-diz-helder-barbalho\/","og_locale":"pt_BR","og_type":"article","og_title":"\"O MDB tem que estar pronto para os desafios que sejam colocados\", diz Helder Barbalho","og_description":"da Ag\u00eancia iNFRA O governador reeleito do Par\u00e1, Helder Barbalho (MDB), esteve \u00e0 frente da Secretaria de Portos no governo da presidente Dilma Rousseff (PT), quando ela ainda tinha status de minist\u00e9rio, entre 2015 e 2016. O nome dele tem sido citado como um dos que desejam que o setor volte a ter esse status, [&hellip;]","og_url":"https:\/\/agenciainfra.com\/blog\/o-mdb-tem-que-estar-pronto-para-os-desafios-que-sejam-colocados-diz-helder-barbalho\/","og_site_name":"Ag\u00eancia iNFRA","article_publisher":"https:\/\/www.facebook.com\/ageninfra","article_published_time":"2022-12-12T11:03:55+00:00","article_modified_time":"2022-12-12T11:03:59+00:00","og_image":[{"width":1280,"height":852,"url":"https:\/\/agenciainfra.com\/blog\/wp-content\/uploads\/2019\/09\/helder-barbalho-foto-edilson-rodrigues-agencia-senado.jpg","type":"image\/jpeg"}],"author":"Ag\u00eancia iNFRA","twitter_card":"summary_large_image","twitter_creator":"@agencia_infra","twitter_site":"@agencia_infra","twitter_misc":{"Escrito por":"Ag\u00eancia iNFRA","Est. tempo de leitura":"8 minutos"},"schema":{"@context":"https:\/\/schema.org","@graph":[{"@type":"Article","@id":"https:\/\/agenciainfra.com\/blog\/o-mdb-tem-que-estar-pronto-para-os-desafios-que-sejam-colocados-diz-helder-barbalho\/#article","isPartOf":{"@id":"https:\/\/agenciainfra.com\/blog\/o-mdb-tem-que-estar-pronto-para-os-desafios-que-sejam-colocados-diz-helder-barbalho\/"},"author":{"name":"Ag\u00eancia iNFRA","@id":"https:\/\/agenciainfra.com\/blog\/#\/schema\/person\/34af08dff6adea4cb22b06612ba7acfa"},"headline":"&#8220;O MDB tem que estar pronto para os desafios que sejam colocados&#8221;, diz Helder Barbalho","datePublished":"2022-12-12T11:03:55+00:00","dateModified":"2022-12-12T11:03:59+00:00","mainEntityOfPage":{"@id":"https:\/\/agenciainfra.com\/blog\/o-mdb-tem-que-estar-pronto-para-os-desafios-que-sejam-colocados-diz-helder-barbalho\/"},"wordCount":1584,"publisher":{"@id":"https:\/\/agenciainfra.com\/blog\/#organization"},"image":{"@id":"https:\/\/agenciainfra.com\/blog\/o-mdb-tem-que-estar-pronto-para-os-desafios-que-sejam-colocados-diz-helder-barbalho\/#primaryimage"},"thumbnailUrl":"https:\/\/agenciainfra.com\/blog\/wp-content\/uploads\/2019\/09\/helder-barbalho-foto-edilson-rodrigues-agencia-senado.jpg","keywords":["BR-163","BR-230","BR-308","cabotagem","concess\u00f5es","desestatiza\u00e7\u00e3o","DNIT","Ferrogr\u00e3o","Helder Barbalho","Investimentos","MDB","Minist\u00e9rio da Infraestrutura","Par\u00e1","Pedral do Louren\u00e7o","secretaria de portos","Transamaz\u00f4nica"],"articleSection":["Geral","iNFRATransporte"],"inLanguage":"pt-BR","copyrightYear":"2022","copyrightHolder":{"@id":"https:\/\/agenciainfra.com\/blog\/#organization"}},{"@type":"WebPage","@id":"https:\/\/agenciainfra.com\/blog\/o-mdb-tem-que-estar-pronto-para-os-desafios-que-sejam-colocados-diz-helder-barbalho\/","url":"https:\/\/agenciainfra.com\/blog\/o-mdb-tem-que-estar-pronto-para-os-desafios-que-sejam-colocados-diz-helder-barbalho\/","name":"\"O MDB tem que estar pronto para os desafios que sejam colocados\", diz Helder Barbalho - Ag\u00eancia iNFRA","isPartOf":{"@id":"https:\/\/agenciainfra.com\/blog\/#website"},"primaryImageOfPage":{"@id":"https:\/\/agenciainfra.com\/blog\/o-mdb-tem-que-estar-pronto-para-os-desafios-que-sejam-colocados-diz-helder-barbalho\/#primaryimage"},"image":{"@id":"https:\/\/agenciainfra.com\/blog\/o-mdb-tem-que-estar-pronto-para-os-desafios-que-sejam-colocados-diz-helder-barbalho\/#primaryimage"},"thumbnailUrl":"https:\/\/agenciainfra.com\/blog\/wp-content\/uploads\/2019\/09\/helder-barbalho-foto-edilson-rodrigues-agencia-senado.jpg","datePublished":"2022-12-12T11:03:55+00:00","dateModified":"2022-12-12T11:03:59+00:00","breadcrumb":{"@id":"https:\/\/agenciainfra.com\/blog\/o-mdb-tem-que-estar-pronto-para-os-desafios-que-sejam-colocados-diz-helder-barbalho\/#breadcrumb"},"inLanguage":"pt-BR","potentialAction":[{"@type":"ReadAction","target":["https:\/\/agenciainfra.com\/blog\/o-mdb-tem-que-estar-pronto-para-os-desafios-que-sejam-colocados-diz-helder-barbalho\/"]}]},{"@type":"ImageObject","inLanguage":"pt-BR","@id":"https:\/\/agenciainfra.com\/blog\/o-mdb-tem-que-estar-pronto-para-os-desafios-que-sejam-colocados-diz-helder-barbalho\/#primaryimage","url":"https:\/\/agenciainfra.com\/blog\/wp-content\/uploads\/2019\/09\/helder-barbalho-foto-edilson-rodrigues-agencia-senado.jpg","contentUrl":"https:\/\/agenciainfra.com\/blog\/wp-content\/uploads\/2019\/09\/helder-barbalho-foto-edilson-rodrigues-agencia-senado.jpg","width":1280,"height":852},{"@type":"BreadcrumbList","@id":"https:\/\/agenciainfra.com\/blog\/o-mdb-tem-que-estar-pronto-para-os-desafios-que-sejam-colocados-diz-helder-barbalho\/#breadcrumb","itemListElement":[{"@type":"ListItem","position":1,"name":"In\u00edcio","item":"https:\/\/agenciainfra.com\/blog\/"},{"@type":"ListItem","position":2,"name":"&#8220;O MDB tem que estar pronto para os desafios que sejam colocados&#8221;, diz Helder Barbalho"}]},{"@type":"WebSite","@id":"https:\/\/agenciainfra.com\/blog\/#website","url":"https:\/\/agenciainfra.com\/blog\/","name":"Ag\u00eancia iNFRA","description":"Multiplataforma de informa\u00e7\u00e3o jornal\u00edstica refer\u00eancia na \u00e1rea de infraestrutura no Brasil!","publisher":{"@id":"https:\/\/agenciainfra.com\/blog\/#organization"},"potentialAction":[{"@type":"SearchAction","target":{"@type":"EntryPoint","urlTemplate":"https:\/\/agenciainfra.com\/blog\/?s={search_term_string}"},"query-input":{"@type":"PropertyValueSpecification","valueRequired":true,"valueName":"search_term_string"}}],"inLanguage":"pt-BR"},{"@type":"Organization","@id":"https:\/\/agenciainfra.com\/blog\/#organization","name":"Ag\u00eancia iNFRA","url":"https:\/\/agenciainfra.com\/blog\/","logo":{"@type":"ImageObject","inLanguage":"pt-BR","@id":"https:\/\/agenciainfra.com\/blog\/#\/schema\/logo\/image\/","url":"https:\/\/agenciainfra.com\/blog\/wp-content\/uploads\/2023\/09\/iNFRA_5-e1761735885940.png","contentUrl":"https:\/\/agenciainfra.com\/blog\/wp-content\/uploads\/2023\/09\/iNFRA_5-e1761735885940.png","width":1672,"height":454,"caption":"Ag\u00eancia iNFRA"},"image":{"@id":"https:\/\/agenciainfra.com\/blog\/#\/schema\/logo\/image\/"},"sameAs":["https:\/\/www.facebook.com\/ageninfra","https:\/\/x.com\/agencia_infra","https:\/\/www.linkedin.com\/company\/ag\u00eanciainfra\/","https:\/\/www.instagram.com\/agenciainfra\/"]},{"@type":"Person","@id":"https:\/\/agenciainfra.com\/blog\/#\/schema\/person\/34af08dff6adea4cb22b06612ba7acfa","name":"Ag\u00eancia iNFRA","image":{"@type":"ImageObject","inLanguage":"pt-BR","@id":"https:\/\/agenciainfra.com\/blog\/#\/schema\/person\/image\/","url":"https:\/\/secure.gravatar.com\/avatar\/d189e01678f06d8eb84d4e01f08eb848b3fffe3f8443818d3c356c66892f5be8?s=96&d=mm&r=g","contentUrl":"https:\/\/secure.gravatar.com\/avatar\/d189e01678f06d8eb84d4e01f08eb848b3fffe3f8443818d3c356c66892f5be8?s=96&d=mm&r=g","caption":"Ag\u00eancia iNFRA"},"url":"https:\/\/agenciainfra.com\/blog\/author\/admin\/"}]}},"_links":{"self":[{"href":"https:\/\/agenciainfra.com\/blog\/wp-json\/wp\/v2\/posts\/11829","targetHints":{"allow":["GET"]}}],"collection":[{"href":"https:\/\/agenciainfra.com\/blog\/wp-json\/wp\/v2\/posts"}],"about":[{"href":"https:\/\/agenciainfra.com\/blog\/wp-json\/wp\/v2\/types\/post"}],"author":[{"embeddable":true,"href":"https:\/\/agenciainfra.com\/blog\/wp-json\/wp\/v2\/users\/1"}],"replies":[{"embeddable":true,"href":"https:\/\/agenciainfra.com\/blog\/wp-json\/wp\/v2\/comments?post=11829"}],"version-history":[{"count":0,"href":"https:\/\/agenciainfra.com\/blog\/wp-json\/wp\/v2\/posts\/11829\/revisions"}],"wp:featuredmedia":[{"embeddable":true,"href":"https:\/\/agenciainfra.com\/blog\/wp-json\/wp\/v2\/media\/3798"}],"wp:attachment":[{"href":"https:\/\/agenciainfra.com\/blog\/wp-json\/wp\/v2\/media?parent=11829"}],"wp:term":[{"taxonomy":"category","embeddable":true,"href":"https:\/\/agenciainfra.com\/blog\/wp-json\/wp\/v2\/categories?post=11829"},{"taxonomy":"post_tag","embeddable":true,"href":"https:\/\/agenciainfra.com\/blog\/wp-json\/wp\/v2\/tags?post=11829"}],"curies":[{"name":"wp","href":"https:\/\/api.w.org\/{rel}","templated":true}]}}