{"id":11836,"date":"2022-12-12T14:00:00","date_gmt":"2022-12-12T17:00:00","guid":{"rendered":"https:\/\/www.agenciainfra.com\/blog\/?p=11836"},"modified":"2022-12-12T10:47:50","modified_gmt":"2022-12-12T13:47:50","slug":"moveinfra-conciliacao-e-continuidade-para-uma-agenda-de-infraestrutura-nacional","status":"publish","type":"post","link":"https:\/\/agenciainfra.com\/blog\/moveinfra-conciliacao-e-continuidade-para-uma-agenda-de-infraestrutura-nacional\/","title":{"rendered":"MoveInfra: Concilia\u00e7\u00e3o e continuidade para uma agenda de infraestrutura nacional"},"content":{"rendered":"\n<p class=\"has-text-align-right\"><strong>da Ag\u00eancia iNFRA<\/strong><\/p>\n\n\n\n<p>O evento de lan\u00e7amento do MoveInfra, iniciativa de cinco grandes companhias de infraestrutura, com projetos em diferentes setores, de se juntarem num movimento em prol da melhoria do ambiente de neg\u00f3cios no Brasil, tornou-se um momento \u00fanico para mostrar o amadurecimento do pa\u00eds em rela\u00e7\u00e3o ao tema.<\/p>\n\n\n\n<p>Representantes de grupos pol\u00edticos antag\u00f4nicos e institui\u00e7\u00f5es de Estado com atribui\u00e7\u00f5es conflituosas estiveram num mesmo palco para indicar que concilia\u00e7\u00e3o e continuidade s\u00e3o as palavras que marcam o momento do setor, diante da mudan\u00e7a da gest\u00e3o governamental.<\/p>\n\n\n\n<p>Falas de representantes dos poderes p\u00fablicos e do setor privado ao longo do dia de conversas, realizadas no Centro Cultural do Brasil 21, em Bras\u00edlia (DF), na \u00faltima quinta-feira (8), apontaram para um futuro promissor para o setor, dado pelo ac\u00famulo de experi\u00eancias e o sentido de urg\u00eancia e n\u00e3o rompimento dos processos que est\u00e3o em andamento.<\/p>\n\n\n\n<p>Os temas tratados pelos convidados dos cinco pain\u00e9is realizados foram no sentido sempre de buscar ajustes e aprimoramentos necess\u00e1rios para que o setor privado possa atuar em parceria com o poder p\u00fablico na constru\u00e7\u00e3o de solu\u00e7\u00f5es para a amplia\u00e7\u00e3o dos investimentos, sem qualquer indicativo de retrocesso quanto a esse ponto.<\/p>\n\n\n\n<p>Os CEOs das empresas que constituem o movimento empresarial \u2013 CCR Rodovias, EcoRodovias, Rumo, Santos Brasil e Ultracargo \u2013 foram claros em apontar que os desafios ainda s\u00e3o enormes para se alcan\u00e7ar a seguran\u00e7a jur\u00eddica necess\u00e1ria para atrair ainda mais investimentos para o pa\u00eds, o que ficou claro no manifesto que assinaram na abertura dos trabalhos do MoveInfra.<\/p>\n\n\n\n<p>Como se obter uma estabilidade que torne seguros os investimentos, sem perder de vista as necessidades de o pa\u00eds garantir que isso ser\u00e1 feito com respeito socioambiental, permeou as falas dos especialistas altamente qualificados que conduziram as conversas, que podem ser vistas no canal da&nbsp;<strong>Ag\u00eancia iNFRA&nbsp;<\/strong>no YouTube, dispon\u00edvel&nbsp;<a href=\"https:\/\/agenciainfra.us14.list-manage.com\/track\/click?u=d460dd1bcf9ba0ae040e1fc0f&amp;id=b5422b0404&amp;e=c099169394\" target=\"_blank\" rel=\"noreferrer noopener\">neste link<\/a>.<\/p>\n","protected":false},"excerpt":{"rendered":"<p>da Ag\u00eancia iNFRA O evento de lan\u00e7amento do MoveInfra, iniciativa de cinco grandes companhias de infraestrutura, com projetos em diferentes setores, de se juntarem num movimento em prol da melhoria do ambiente de neg\u00f3cios no Brasil, tornou-se um momento \u00fanico para mostrar o amadurecimento do pa\u00eds em rela\u00e7\u00e3o ao tema. Representantes de grupos pol\u00edticos antag\u00f4nicos [&hellip;]<\/p>\n","protected":false},"author":1,"featured_media":11838,"comment_status":"closed","ping_status":"closed","sticky":false,"template":"","format":"standard","meta":{"_monsterinsights_skip_tracking":false,"_monsterinsights_sitenote_active":false,"_monsterinsights_sitenote_note":"","_monsterinsights_sitenote_category":0,"footnotes":""},"categories":[1,2053],"tags":[6178,1340,34,6141,80,1898,6135],"class_list":["post-11836","post","type-post","status-publish","format-standard","has-post-thumbnail","hentry","category-geral","category-infraliveventos","tag-ccr-rodovias","tag-ecorodovias","tag-infraestrutura","tag-moveinfra","tag-rumo","tag-santos-brasil","tag-ultracargo"],"yoast_head":"<!-- This site is optimized with the Yoast SEO Premium plugin v25.4 (Yoast SEO v26.0) - https:\/\/yoast.com\/wordpress\/plugins\/seo\/ -->\n<title>MoveInfra: Concilia\u00e7\u00e3o e continuidade para uma agenda de infraestrutura nacional - Ag\u00eancia iNFRA<\/title>\n<meta name=\"robots\" content=\"index, follow, max-snippet:-1, max-image-preview:large, max-video-preview:-1\" \/>\n<link rel=\"canonical\" href=\"https:\/\/agenciainfra.com\/blog\/moveinfra-conciliacao-e-continuidade-para-uma-agenda-de-infraestrutura-nacional\/\" \/>\n<meta property=\"og:locale\" content=\"pt_BR\" \/>\n<meta property=\"og:type\" content=\"article\" \/>\n<meta property=\"og:title\" content=\"MoveInfra: Concilia\u00e7\u00e3o e continuidade para uma agenda de infraestrutura nacional\" \/>\n<meta property=\"og:description\" content=\"da Ag\u00eancia iNFRA O evento de lan\u00e7amento do MoveInfra, iniciativa de cinco grandes companhias de infraestrutura, com projetos em diferentes setores, de se juntarem num movimento em prol da melhoria do ambiente de neg\u00f3cios no Brasil, tornou-se um momento \u00fanico para mostrar o amadurecimento do pa\u00eds em rela\u00e7\u00e3o ao tema. Representantes de grupos pol\u00edticos antag\u00f4nicos [&hellip;]\" \/>\n<meta property=\"og:url\" content=\"https:\/\/agenciainfra.com\/blog\/moveinfra-conciliacao-e-continuidade-para-uma-agenda-de-infraestrutura-nacional\/\" \/>\n<meta property=\"og:site_name\" content=\"Ag\u00eancia iNFRA\" \/>\n<meta property=\"article:publisher\" content=\"https:\/\/www.facebook.com\/ageninfra\" \/>\n<meta property=\"article:published_time\" content=\"2022-12-12T17:00:00+00:00\" \/>\n<meta property=\"og:image\" content=\"https:\/\/agenciainfra.com\/blog\/wp-content\/uploads\/2022\/12\/move-infra-natalia-marcassa-foto-percio-campos-agencia-infra.jpeg\" \/>\n\t<meta property=\"og:image:width\" content=\"1280\" \/>\n\t<meta property=\"og:image:height\" content=\"853\" \/>\n\t<meta property=\"og:image:type\" content=\"image\/jpeg\" \/>\n<meta name=\"author\" content=\"Ag\u00eancia iNFRA\" \/>\n<meta name=\"twitter:card\" content=\"summary_large_image\" \/>\n<meta name=\"twitter:creator\" content=\"@agencia_infra\" \/>\n<meta name=\"twitter:site\" content=\"@agencia_infra\" \/>\n<meta name=\"twitter:label1\" content=\"Escrito por\" \/>\n\t<meta name=\"twitter:data1\" content=\"Ag\u00eancia iNFRA\" \/>\n\t<meta name=\"twitter:label2\" content=\"Est. tempo de leitura\" \/>\n\t<meta name=\"twitter:data2\" content=\"2 minutos\" \/>\n<script type=\"application\/ld+json\" class=\"yoast-schema-graph\">{\"@context\":\"https:\/\/schema.org\",\"@graph\":[{\"@type\":\"Article\",\"@id\":\"https:\/\/agenciainfra.com\/blog\/moveinfra-conciliacao-e-continuidade-para-uma-agenda-de-infraestrutura-nacional\/#article\",\"isPartOf\":{\"@id\":\"https:\/\/agenciainfra.com\/blog\/moveinfra-conciliacao-e-continuidade-para-uma-agenda-de-infraestrutura-nacional\/\"},\"author\":{\"name\":\"Ag\u00eancia iNFRA\",\"@id\":\"https:\/\/agenciainfra.com\/blog\/#\/schema\/person\/34af08dff6adea4cb22b06612ba7acfa\"},\"headline\":\"MoveInfra: Concilia\u00e7\u00e3o e continuidade para uma agenda de infraestrutura nacional\",\"datePublished\":\"2022-12-12T17:00:00+00:00\",\"mainEntityOfPage\":{\"@id\":\"https:\/\/agenciainfra.com\/blog\/moveinfra-conciliacao-e-continuidade-para-uma-agenda-de-infraestrutura-nacional\/\"},\"wordCount\":349,\"publisher\":{\"@id\":\"https:\/\/agenciainfra.com\/blog\/#organization\"},\"image\":{\"@id\":\"https:\/\/agenciainfra.com\/blog\/moveinfra-conciliacao-e-continuidade-para-uma-agenda-de-infraestrutura-nacional\/#primaryimage\"},\"thumbnailUrl\":\"https:\/\/agenciainfra.com\/blog\/wp-content\/uploads\/2022\/12\/move-infra-natalia-marcassa-foto-percio-campos-agencia-infra.jpeg\",\"keywords\":[\"CCR Rodovias\",\"EcoRodovias\",\"Infraestrutura\",\"MoveInfra\",\"Rumo\",\"Santos Brasil\",\"Ultracargo\"],\"articleSection\":[\"Geral\",\"iNFRALive e Eventos\"],\"inLanguage\":\"pt-BR\",\"copyrightYear\":\"2022\",\"copyrightHolder\":{\"@id\":\"https:\/\/agenciainfra.com\/blog\/#organization\"}},{\"@type\":\"WebPage\",\"@id\":\"https:\/\/agenciainfra.com\/blog\/moveinfra-conciliacao-e-continuidade-para-uma-agenda-de-infraestrutura-nacional\/\",\"url\":\"https:\/\/agenciainfra.com\/blog\/moveinfra-conciliacao-e-continuidade-para-uma-agenda-de-infraestrutura-nacional\/\",\"name\":\"MoveInfra: Concilia\u00e7\u00e3o e continuidade para uma agenda de infraestrutura nacional - Ag\u00eancia iNFRA\",\"isPartOf\":{\"@id\":\"https:\/\/agenciainfra.com\/blog\/#website\"},\"primaryImageOfPage\":{\"@id\":\"https:\/\/agenciainfra.com\/blog\/moveinfra-conciliacao-e-continuidade-para-uma-agenda-de-infraestrutura-nacional\/#primaryimage\"},\"image\":{\"@id\":\"https:\/\/agenciainfra.com\/blog\/moveinfra-conciliacao-e-continuidade-para-uma-agenda-de-infraestrutura-nacional\/#primaryimage\"},\"thumbnailUrl\":\"https:\/\/agenciainfra.com\/blog\/wp-content\/uploads\/2022\/12\/move-infra-natalia-marcassa-foto-percio-campos-agencia-infra.jpeg\",\"datePublished\":\"2022-12-12T17:00:00+00:00\",\"breadcrumb\":{\"@id\":\"https:\/\/agenciainfra.com\/blog\/moveinfra-conciliacao-e-continuidade-para-uma-agenda-de-infraestrutura-nacional\/#breadcrumb\"},\"inLanguage\":\"pt-BR\",\"potentialAction\":[{\"@type\":\"ReadAction\",\"target\":[\"https:\/\/agenciainfra.com\/blog\/moveinfra-conciliacao-e-continuidade-para-uma-agenda-de-infraestrutura-nacional\/\"]}]},{\"@type\":\"ImageObject\",\"inLanguage\":\"pt-BR\",\"@id\":\"https:\/\/agenciainfra.com\/blog\/moveinfra-conciliacao-e-continuidade-para-uma-agenda-de-infraestrutura-nacional\/#primaryimage\",\"url\":\"https:\/\/agenciainfra.com\/blog\/wp-content\/uploads\/2022\/12\/move-infra-natalia-marcassa-foto-percio-campos-agencia-infra.jpeg\",\"contentUrl\":\"https:\/\/agenciainfra.com\/blog\/wp-content\/uploads\/2022\/12\/move-infra-natalia-marcassa-foto-percio-campos-agencia-infra.jpeg\",\"width\":1280,\"height\":853},{\"@type\":\"BreadcrumbList\",\"@id\":\"https:\/\/agenciainfra.com\/blog\/moveinfra-conciliacao-e-continuidade-para-uma-agenda-de-infraestrutura-nacional\/#breadcrumb\",\"itemListElement\":[{\"@type\":\"ListItem\",\"position\":1,\"name\":\"In\u00edcio\",\"item\":\"https:\/\/agenciainfra.com\/blog\/\"},{\"@type\":\"ListItem\",\"position\":2,\"name\":\"MoveInfra: Concilia\u00e7\u00e3o e continuidade para uma agenda de infraestrutura nacional\"}]},{\"@type\":\"WebSite\",\"@id\":\"https:\/\/agenciainfra.com\/blog\/#website\",\"url\":\"https:\/\/agenciainfra.com\/blog\/\",\"name\":\"Ag\u00eancia iNFRA\",\"description\":\"Multiplataforma de informa\u00e7\u00e3o jornal\u00edstica refer\u00eancia na \u00e1rea de infraestrutura no Brasil!\",\"publisher\":{\"@id\":\"https:\/\/agenciainfra.com\/blog\/#organization\"},\"potentialAction\":[{\"@type\":\"SearchAction\",\"target\":{\"@type\":\"EntryPoint\",\"urlTemplate\":\"https:\/\/agenciainfra.com\/blog\/?s={search_term_string}\"},\"query-input\":{\"@type\":\"PropertyValueSpecification\",\"valueRequired\":true,\"valueName\":\"search_term_string\"}}],\"inLanguage\":\"pt-BR\"},{\"@type\":\"Organization\",\"@id\":\"https:\/\/agenciainfra.com\/blog\/#organization\",\"name\":\"Ag\u00eancia iNFRA\",\"url\":\"https:\/\/agenciainfra.com\/blog\/\",\"logo\":{\"@type\":\"ImageObject\",\"inLanguage\":\"pt-BR\",\"@id\":\"https:\/\/agenciainfra.com\/blog\/#\/schema\/logo\/image\/\",\"url\":\"https:\/\/agenciainfra.com\/blog\/wp-content\/uploads\/2023\/09\/iNFRA_5-e1761735885940.png\",\"contentUrl\":\"https:\/\/agenciainfra.com\/blog\/wp-content\/uploads\/2023\/09\/iNFRA_5-e1761735885940.png\",\"width\":1672,\"height\":454,\"caption\":\"Ag\u00eancia iNFRA\"},\"image\":{\"@id\":\"https:\/\/agenciainfra.com\/blog\/#\/schema\/logo\/image\/\"},\"sameAs\":[\"https:\/\/www.facebook.com\/ageninfra\",\"https:\/\/x.com\/agencia_infra\",\"https:\/\/www.linkedin.com\/company\/ag\u00eanciainfra\/\",\"https:\/\/www.instagram.com\/agenciainfra\/\"]},{\"@type\":\"Person\",\"@id\":\"https:\/\/agenciainfra.com\/blog\/#\/schema\/person\/34af08dff6adea4cb22b06612ba7acfa\",\"name\":\"Ag\u00eancia iNFRA\",\"image\":{\"@type\":\"ImageObject\",\"inLanguage\":\"pt-BR\",\"@id\":\"https:\/\/agenciainfra.com\/blog\/#\/schema\/person\/image\/\",\"url\":\"https:\/\/secure.gravatar.com\/avatar\/d189e01678f06d8eb84d4e01f08eb848b3fffe3f8443818d3c356c66892f5be8?s=96&d=mm&r=g\",\"contentUrl\":\"https:\/\/secure.gravatar.com\/avatar\/d189e01678f06d8eb84d4e01f08eb848b3fffe3f8443818d3c356c66892f5be8?s=96&d=mm&r=g\",\"caption\":\"Ag\u00eancia iNFRA\"},\"url\":\"https:\/\/agenciainfra.com\/blog\/author\/admin\/\"}]}<\/script>\n<!-- \/ Yoast SEO Premium plugin. -->","yoast_head_json":{"title":"MoveInfra: Concilia\u00e7\u00e3o e continuidade para uma agenda de infraestrutura nacional - Ag\u00eancia iNFRA","robots":{"index":"index","follow":"follow","max-snippet":"max-snippet:-1","max-image-preview":"max-image-preview:large","max-video-preview":"max-video-preview:-1"},"canonical":"https:\/\/agenciainfra.com\/blog\/moveinfra-conciliacao-e-continuidade-para-uma-agenda-de-infraestrutura-nacional\/","og_locale":"pt_BR","og_type":"article","og_title":"MoveInfra: Concilia\u00e7\u00e3o e continuidade para uma agenda de infraestrutura nacional","og_description":"da Ag\u00eancia iNFRA O evento de lan\u00e7amento do MoveInfra, iniciativa de cinco grandes companhias de infraestrutura, com projetos em diferentes setores, de se juntarem num movimento em prol da melhoria do ambiente de neg\u00f3cios no Brasil, tornou-se um momento \u00fanico para mostrar o amadurecimento do pa\u00eds em rela\u00e7\u00e3o ao tema. Representantes de grupos pol\u00edticos antag\u00f4nicos [&hellip;]","og_url":"https:\/\/agenciainfra.com\/blog\/moveinfra-conciliacao-e-continuidade-para-uma-agenda-de-infraestrutura-nacional\/","og_site_name":"Ag\u00eancia iNFRA","article_publisher":"https:\/\/www.facebook.com\/ageninfra","article_published_time":"2022-12-12T17:00:00+00:00","og_image":[{"width":1280,"height":853,"url":"https:\/\/agenciainfra.com\/blog\/wp-content\/uploads\/2022\/12\/move-infra-natalia-marcassa-foto-percio-campos-agencia-infra.jpeg","type":"image\/jpeg"}],"author":"Ag\u00eancia iNFRA","twitter_card":"summary_large_image","twitter_creator":"@agencia_infra","twitter_site":"@agencia_infra","twitter_misc":{"Escrito por":"Ag\u00eancia iNFRA","Est. tempo de leitura":"2 minutos"},"schema":{"@context":"https:\/\/schema.org","@graph":[{"@type":"Article","@id":"https:\/\/agenciainfra.com\/blog\/moveinfra-conciliacao-e-continuidade-para-uma-agenda-de-infraestrutura-nacional\/#article","isPartOf":{"@id":"https:\/\/agenciainfra.com\/blog\/moveinfra-conciliacao-e-continuidade-para-uma-agenda-de-infraestrutura-nacional\/"},"author":{"name":"Ag\u00eancia iNFRA","@id":"https:\/\/agenciainfra.com\/blog\/#\/schema\/person\/34af08dff6adea4cb22b06612ba7acfa"},"headline":"MoveInfra: Concilia\u00e7\u00e3o e continuidade para uma agenda de infraestrutura nacional","datePublished":"2022-12-12T17:00:00+00:00","mainEntityOfPage":{"@id":"https:\/\/agenciainfra.com\/blog\/moveinfra-conciliacao-e-continuidade-para-uma-agenda-de-infraestrutura-nacional\/"},"wordCount":349,"publisher":{"@id":"https:\/\/agenciainfra.com\/blog\/#organization"},"image":{"@id":"https:\/\/agenciainfra.com\/blog\/moveinfra-conciliacao-e-continuidade-para-uma-agenda-de-infraestrutura-nacional\/#primaryimage"},"thumbnailUrl":"https:\/\/agenciainfra.com\/blog\/wp-content\/uploads\/2022\/12\/move-infra-natalia-marcassa-foto-percio-campos-agencia-infra.jpeg","keywords":["CCR Rodovias","EcoRodovias","Infraestrutura","MoveInfra","Rumo","Santos Brasil","Ultracargo"],"articleSection":["Geral","iNFRALive e Eventos"],"inLanguage":"pt-BR","copyrightYear":"2022","copyrightHolder":{"@id":"https:\/\/agenciainfra.com\/blog\/#organization"}},{"@type":"WebPage","@id":"https:\/\/agenciainfra.com\/blog\/moveinfra-conciliacao-e-continuidade-para-uma-agenda-de-infraestrutura-nacional\/","url":"https:\/\/agenciainfra.com\/blog\/moveinfra-conciliacao-e-continuidade-para-uma-agenda-de-infraestrutura-nacional\/","name":"MoveInfra: Concilia\u00e7\u00e3o e continuidade para uma agenda de infraestrutura nacional - Ag\u00eancia iNFRA","isPartOf":{"@id":"https:\/\/agenciainfra.com\/blog\/#website"},"primaryImageOfPage":{"@id":"https:\/\/agenciainfra.com\/blog\/moveinfra-conciliacao-e-continuidade-para-uma-agenda-de-infraestrutura-nacional\/#primaryimage"},"image":{"@id":"https:\/\/agenciainfra.com\/blog\/moveinfra-conciliacao-e-continuidade-para-uma-agenda-de-infraestrutura-nacional\/#primaryimage"},"thumbnailUrl":"https:\/\/agenciainfra.com\/blog\/wp-content\/uploads\/2022\/12\/move-infra-natalia-marcassa-foto-percio-campos-agencia-infra.jpeg","datePublished":"2022-12-12T17:00:00+00:00","breadcrumb":{"@id":"https:\/\/agenciainfra.com\/blog\/moveinfra-conciliacao-e-continuidade-para-uma-agenda-de-infraestrutura-nacional\/#breadcrumb"},"inLanguage":"pt-BR","potentialAction":[{"@type":"ReadAction","target":["https:\/\/agenciainfra.com\/blog\/moveinfra-conciliacao-e-continuidade-para-uma-agenda-de-infraestrutura-nacional\/"]}]},{"@type":"ImageObject","inLanguage":"pt-BR","@id":"https:\/\/agenciainfra.com\/blog\/moveinfra-conciliacao-e-continuidade-para-uma-agenda-de-infraestrutura-nacional\/#primaryimage","url":"https:\/\/agenciainfra.com\/blog\/wp-content\/uploads\/2022\/12\/move-infra-natalia-marcassa-foto-percio-campos-agencia-infra.jpeg","contentUrl":"https:\/\/agenciainfra.com\/blog\/wp-content\/uploads\/2022\/12\/move-infra-natalia-marcassa-foto-percio-campos-agencia-infra.jpeg","width":1280,"height":853},{"@type":"BreadcrumbList","@id":"https:\/\/agenciainfra.com\/blog\/moveinfra-conciliacao-e-continuidade-para-uma-agenda-de-infraestrutura-nacional\/#breadcrumb","itemListElement":[{"@type":"ListItem","position":1,"name":"In\u00edcio","item":"https:\/\/agenciainfra.com\/blog\/"},{"@type":"ListItem","position":2,"name":"MoveInfra: Concilia\u00e7\u00e3o e continuidade para uma agenda de infraestrutura nacional"}]},{"@type":"WebSite","@id":"https:\/\/agenciainfra.com\/blog\/#website","url":"https:\/\/agenciainfra.com\/blog\/","name":"Ag\u00eancia iNFRA","description":"Multiplataforma de informa\u00e7\u00e3o jornal\u00edstica refer\u00eancia na \u00e1rea de infraestrutura no Brasil!","publisher":{"@id":"https:\/\/agenciainfra.com\/blog\/#organization"},"potentialAction":[{"@type":"SearchAction","target":{"@type":"EntryPoint","urlTemplate":"https:\/\/agenciainfra.com\/blog\/?s={search_term_string}"},"query-input":{"@type":"PropertyValueSpecification","valueRequired":true,"valueName":"search_term_string"}}],"inLanguage":"pt-BR"},{"@type":"Organization","@id":"https:\/\/agenciainfra.com\/blog\/#organization","name":"Ag\u00eancia iNFRA","url":"https:\/\/agenciainfra.com\/blog\/","logo":{"@type":"ImageObject","inLanguage":"pt-BR","@id":"https:\/\/agenciainfra.com\/blog\/#\/schema\/logo\/image\/","url":"https:\/\/agenciainfra.com\/blog\/wp-content\/uploads\/2023\/09\/iNFRA_5-e1761735885940.png","contentUrl":"https:\/\/agenciainfra.com\/blog\/wp-content\/uploads\/2023\/09\/iNFRA_5-e1761735885940.png","width":1672,"height":454,"caption":"Ag\u00eancia iNFRA"},"image":{"@id":"https:\/\/agenciainfra.com\/blog\/#\/schema\/logo\/image\/"},"sameAs":["https:\/\/www.facebook.com\/ageninfra","https:\/\/x.com\/agencia_infra","https:\/\/www.linkedin.com\/company\/ag\u00eanciainfra\/","https:\/\/www.instagram.com\/agenciainfra\/"]},{"@type":"Person","@id":"https:\/\/agenciainfra.com\/blog\/#\/schema\/person\/34af08dff6adea4cb22b06612ba7acfa","name":"Ag\u00eancia iNFRA","image":{"@type":"ImageObject","inLanguage":"pt-BR","@id":"https:\/\/agenciainfra.com\/blog\/#\/schema\/person\/image\/","url":"https:\/\/secure.gravatar.com\/avatar\/d189e01678f06d8eb84d4e01f08eb848b3fffe3f8443818d3c356c66892f5be8?s=96&d=mm&r=g","contentUrl":"https:\/\/secure.gravatar.com\/avatar\/d189e01678f06d8eb84d4e01f08eb848b3fffe3f8443818d3c356c66892f5be8?s=96&d=mm&r=g","caption":"Ag\u00eancia iNFRA"},"url":"https:\/\/agenciainfra.com\/blog\/author\/admin\/"}]}},"_links":{"self":[{"href":"https:\/\/agenciainfra.com\/blog\/wp-json\/wp\/v2\/posts\/11836","targetHints":{"allow":["GET"]}}],"collection":[{"href":"https:\/\/agenciainfra.com\/blog\/wp-json\/wp\/v2\/posts"}],"about":[{"href":"https:\/\/agenciainfra.com\/blog\/wp-json\/wp\/v2\/types\/post"}],"author":[{"embeddable":true,"href":"https:\/\/agenciainfra.com\/blog\/wp-json\/wp\/v2\/users\/1"}],"replies":[{"embeddable":true,"href":"https:\/\/agenciainfra.com\/blog\/wp-json\/wp\/v2\/comments?post=11836"}],"version-history":[{"count":0,"href":"https:\/\/agenciainfra.com\/blog\/wp-json\/wp\/v2\/posts\/11836\/revisions"}],"wp:featuredmedia":[{"embeddable":true,"href":"https:\/\/agenciainfra.com\/blog\/wp-json\/wp\/v2\/media\/11838"}],"wp:attachment":[{"href":"https:\/\/agenciainfra.com\/blog\/wp-json\/wp\/v2\/media?parent=11836"}],"wp:term":[{"taxonomy":"category","embeddable":true,"href":"https:\/\/agenciainfra.com\/blog\/wp-json\/wp\/v2\/categories?post=11836"},{"taxonomy":"post_tag","embeddable":true,"href":"https:\/\/agenciainfra.com\/blog\/wp-json\/wp\/v2\/tags?post=11836"}],"curies":[{"name":"wp","href":"https:\/\/api.w.org\/{rel}","templated":true}]}}