{"id":11848,"date":"2022-12-13T10:00:00","date_gmt":"2022-12-13T13:00:00","guid":{"rendered":"https:\/\/www.agenciainfra.com\/blog\/?p=11848"},"modified":"2022-12-13T09:59:21","modified_gmt":"2022-12-13T12:59:21","slug":"reservatorios-cheios-e-sobreoferta-devem-derrubar-os-precos-no-mercado-livre-em-2023-dizem-especialistas","status":"publish","type":"post","link":"https:\/\/agenciainfra.com\/blog\/reservatorios-cheios-e-sobreoferta-devem-derrubar-os-precos-no-mercado-livre-em-2023-dizem-especialistas\/","title":{"rendered":"Reservat\u00f3rios cheios e sobreoferta devem derrubar os pre\u00e7os no mercado livre em 2023, dizem especialistas"},"content":{"rendered":"\n<p class=\"has-text-align-right\"><strong>Roberto Rockmann*<\/strong><\/p>\n\n\n\n<p>Com previs\u00f5es do ONS (Operador Nacional do Sistema El\u00e9trico) de que a energia armazenada nos reservat\u00f3rios encerre o ano com patamares superiores a 50%, melhor n\u00edvel dos \u00faltimos onze anos, e chuvas acima da m\u00e9dia nesses dias que antecedem o ver\u00e3o, bancos e gestoras come\u00e7am a reduzir ainda mais os pre\u00e7os de 2023 do PLD (Pre\u00e7o de Liquida\u00e7\u00e3o de Diferen\u00e7as), refer\u00eancia do mercado livre. Cota\u00e7\u00f5es mais baixas pressionam a gera\u00e7\u00e3o de caixa das geradoras e poder\u00e3o ter impacto sobre seu n\u00edvel de endividamento.<br><br><strong>PLD abaixo de R$ 100 em 23<\/strong><br>Em relat\u00f3rio, analistas do Bradesco BBI apontaram existir um excesso de oferta equivalente a 10%-12% da demanda at\u00e9 2027 e que as proje\u00e7\u00f5es do pre\u00e7o da eletricidade para 2023 ca\u00edram de R$ 140 o MWh para cerca de R$ 100\/MWh. Tamb\u00e9m enxergam sinais de fraqueza nos pre\u00e7os para 2024. H\u00e1 consultorias que estimam n\u00fameros ainda mais baixos, com um PLD de R$ 70 o MWh no primeiro semestre e encerrando 2023 abaixo de R$ 90 o MWh.<br><br>\u201cO leil\u00e3o A-1 de energia existente, realizado no in\u00edcio de dezembro, terminou com pre\u00e7o m\u00e9dio de venda de R$ 99,8\/ MWh, ante o pre\u00e7o inicial de R$ 140\/ MWh, o que representou um des\u00e1gio de 28,72%. Isso \u00e9 um bom teste, ainda mais que o leil\u00e3o de energia regulada sempre opera com valores mais altos\u201d, diz um executivo. J\u00e1 para o Leil\u00e3o de Energia Existente A-2, o pre\u00e7o m\u00e9dio ficou em R$ R$ 131,95\/MWh, alcan\u00e7ando des\u00e1gio de 12,03%.<br><br>Muitos bancos e gestoras ainda trabalham com valores acima de R$ 120 o MW em 2023 e de R$ 150 o MWh nos pr\u00f3ximos anos. \u201cAinda tem uma parte com planilha a R$ 150 o MW em contratos de cinco anos\u201d, diz um gestor. Poder\u00e3o ter de reavaliar sob o cen\u00e1rio atual e incertezas que poder\u00e3o ter impacto. Isso coincide com o fato de que a Eletrobras\u00a0a partir do pr\u00f3ximo ano ter\u00e1 parte de sua energia liberada para venda no mercado livre.<br><br><strong>Maior volume de \u00e1gua em 11 anos<\/strong><br>Esse cen\u00e1rio de hidrel\u00e9tricas com reservat\u00f3rios no n\u00edvel mais elevado em 11 anos e sobreoferta ainda poder\u00e1 ser alterado por duas vari\u00e1veis. Uma cujo desfecho ser\u00e1 conhecido em breve: o andamento do PL (Projeto de Lei) 2.703\/2022, que pode ser aprovado no Senado nesta quarta-feira (14) e pode elevar o ritmo de crescimento da GD (gera\u00e7\u00e3o distribu\u00edda) solar, que, a depender da decis\u00e3o, poder\u00e1 chegar a 25 GW em 2023, com efeitos incertos sobre o portf\u00f3lio das distribuidoras e sobreoferta.<br><br>Outra vari\u00e1vel relevante \u00e9 a tentativa do novo governo de mudar a Lei 14.182, que autorizou a capitaliza\u00e7\u00e3o da Eletrobras, mas contratou 8 GW de t\u00e9rmicas. O gabinete de transi\u00e7\u00e3o j\u00e1 deu sinais de que quer evitar a contrata\u00e7\u00e3o dessas t\u00e9rmicas.<br><br>Em paralelo, podem ganhar for\u00e7a as press\u00f5es para o desenvolvimento do mercado de flexibilidade, que poderia render receita extra para empresas que ter\u00e3o pre\u00e7os mais baixos de venda de energia. Na sexta-feira, o governo lan\u00e7ou a CP (Consulta P\u00fablica) 145\/2022, cujo objetivo \u00e9 ampliar discuss\u00f5es sobre servi\u00e7os ancilares.<br><br>Poder\u00e1 ser o impulsionador do desenvolvimento do mercado de flexibilidade. Hoje hidrel\u00e9tricas e t\u00e9rmicas podem oferecer controle de tens\u00e3o e atendimento ao hor\u00e1rio de ponta, servi\u00e7os ainda n\u00e3o precificados.<\/p>\n\n\n\n<h6 class=\"wp-block-heading\" id=\"block-f323f59b-51bf-4eed-b17b-3c7d3b917007\">*Roberto Rockmann <strong>\u00e9 escritor e jornalista. Coautor do livro \u201cCurto-Circuito, quando o Brasil quase ficou \u00e0s escuras\u201d e produtor do podcast quinzenal \u201cGiro Energia\u201d sobre o setor el\u00e9trico. Organizou em 2018 o livro de 20 anos do mercado livre de energia el\u00e9trica, editado pela CCEE (C\u00e2mara de Comercializa\u00e7\u00e3o de Energia El\u00e9trica), al\u00e9m de v\u00e1rios outros livros e trabalhos premiados<\/strong>.<\/h6>\n\n\n\n<p><strong>As opini\u00f5es dos autores n\u00e3o refletem necessariamente o pensamento da Ag\u00eancia iNFRA, sendo de total responsabilidade do autor as informa\u00e7\u00f5es, ju\u00edzos de valor e conceitos descritos no texto<\/strong>. <\/p>\n","protected":false},"excerpt":{"rendered":"<p>Roberto Rockmann* Com previs\u00f5es do ONS (Operador Nacional do Sistema El\u00e9trico) de que a energia armazenada nos reservat\u00f3rios encerre o ano com patamares superiores a 50%, melhor n\u00edvel dos \u00faltimos onze anos, e chuvas acima da m\u00e9dia nesses dias que antecedem o ver\u00e3o, bancos e gestoras come\u00e7am a reduzir ainda mais os pre\u00e7os de 2023 [&hellip;]<\/p>\n","protected":false},"author":1,"featured_media":7459,"comment_status":"closed","ping_status":"closed","sticky":false,"template":"","format":"standard","meta":{"_monsterinsights_skip_tracking":false,"_monsterinsights_sitenote_active":false,"_monsterinsights_sitenote_note":"","_monsterinsights_sitenote_category":0,"footnotes":""},"categories":[1],"tags":[850,635,6181,924,216,6180,1169,631],"class_list":["post-11848","post","type-post","status-publish","format-standard","has-post-thumbnail","hentry","category-geral","tag-geracao-distribuida","tag-hidreletricas","tag-lei-14-182","tag-mercado-livre-de-energia","tag-ons","tag-pl-2-703","tag-pld","tag-termicas"],"yoast_head":"<!-- This site is optimized with the Yoast SEO Premium plugin v25.4 (Yoast SEO v26.0) - https:\/\/yoast.com\/wordpress\/plugins\/seo\/ -->\n<title>Reservat\u00f3rios cheios e sobreoferta devem derrubar os pre\u00e7os no mercado livre em 2023, dizem especialistas - Ag\u00eancia iNFRA<\/title>\n<meta name=\"robots\" content=\"index, follow, max-snippet:-1, max-image-preview:large, max-video-preview:-1\" \/>\n<link rel=\"canonical\" href=\"https:\/\/agenciainfra.com\/blog\/reservatorios-cheios-e-sobreoferta-devem-derrubar-os-precos-no-mercado-livre-em-2023-dizem-especialistas\/\" \/>\n<meta property=\"og:locale\" content=\"pt_BR\" \/>\n<meta property=\"og:type\" content=\"article\" \/>\n<meta property=\"og:title\" content=\"Reservat\u00f3rios cheios e sobreoferta devem derrubar os pre\u00e7os no mercado livre em 2023, dizem especialistas\" \/>\n<meta property=\"og:description\" content=\"Roberto Rockmann* Com previs\u00f5es do ONS (Operador Nacional do Sistema El\u00e9trico) de que a energia armazenada nos reservat\u00f3rios encerre o ano com patamares superiores a 50%, melhor n\u00edvel dos \u00faltimos onze anos, e chuvas acima da m\u00e9dia nesses dias que antecedem o ver\u00e3o, bancos e gestoras come\u00e7am a reduzir ainda mais os pre\u00e7os de 2023 [&hellip;]\" \/>\n<meta property=\"og:url\" content=\"https:\/\/agenciainfra.com\/blog\/reservatorios-cheios-e-sobreoferta-devem-derrubar-os-precos-no-mercado-livre-em-2023-dizem-especialistas\/\" \/>\n<meta property=\"og:site_name\" content=\"Ag\u00eancia iNFRA\" \/>\n<meta property=\"article:publisher\" content=\"https:\/\/www.facebook.com\/ageninfra\" \/>\n<meta property=\"article:published_time\" content=\"2022-12-13T13:00:00+00:00\" \/>\n<meta property=\"og:image\" content=\"https:\/\/agenciainfra.com\/blog\/wp-content\/uploads\/2021\/06\/hidreletrica-foto-cope-divulgacao.png\" \/>\n\t<meta property=\"og:image:width\" content=\"1280\" \/>\n\t<meta property=\"og:image:height\" content=\"957\" \/>\n\t<meta property=\"og:image:type\" content=\"image\/png\" \/>\n<meta name=\"author\" content=\"Ag\u00eancia iNFRA\" \/>\n<meta name=\"twitter:card\" content=\"summary_large_image\" \/>\n<meta name=\"twitter:creator\" content=\"@agencia_infra\" \/>\n<meta name=\"twitter:site\" content=\"@agencia_infra\" \/>\n<meta name=\"twitter:label1\" content=\"Escrito por\" \/>\n\t<meta name=\"twitter:data1\" content=\"Ag\u00eancia iNFRA\" \/>\n\t<meta name=\"twitter:label2\" content=\"Est. tempo de leitura\" \/>\n\t<meta name=\"twitter:data2\" content=\"3 minutos\" \/>\n<script type=\"application\/ld+json\" class=\"yoast-schema-graph\">{\"@context\":\"https:\/\/schema.org\",\"@graph\":[{\"@type\":\"Article\",\"@id\":\"https:\/\/agenciainfra.com\/blog\/reservatorios-cheios-e-sobreoferta-devem-derrubar-os-precos-no-mercado-livre-em-2023-dizem-especialistas\/#article\",\"isPartOf\":{\"@id\":\"https:\/\/agenciainfra.com\/blog\/reservatorios-cheios-e-sobreoferta-devem-derrubar-os-precos-no-mercado-livre-em-2023-dizem-especialistas\/\"},\"author\":{\"name\":\"Ag\u00eancia iNFRA\",\"@id\":\"https:\/\/agenciainfra.com\/blog\/#\/schema\/person\/34af08dff6adea4cb22b06612ba7acfa\"},\"headline\":\"Reservat\u00f3rios cheios e sobreoferta devem derrubar os pre\u00e7os no mercado livre em 2023, dizem especialistas\",\"datePublished\":\"2022-12-13T13:00:00+00:00\",\"mainEntityOfPage\":{\"@id\":\"https:\/\/agenciainfra.com\/blog\/reservatorios-cheios-e-sobreoferta-devem-derrubar-os-precos-no-mercado-livre-em-2023-dizem-especialistas\/\"},\"wordCount\":685,\"publisher\":{\"@id\":\"https:\/\/agenciainfra.com\/blog\/#organization\"},\"image\":{\"@id\":\"https:\/\/agenciainfra.com\/blog\/reservatorios-cheios-e-sobreoferta-devem-derrubar-os-precos-no-mercado-livre-em-2023-dizem-especialistas\/#primaryimage\"},\"thumbnailUrl\":\"https:\/\/agenciainfra.com\/blog\/wp-content\/uploads\/2021\/06\/hidreletrica-foto-cope-divulgacao-e1750264164468.png\",\"keywords\":[\"gera\u00e7\u00e3o distribu\u00edda\",\"Hidrel\u00e9tricas\",\"Lei 14.182\",\"mercado livre de energia\",\"ONS\",\"PL 2.703\",\"PLD\",\"t\u00e9rmicas\"],\"articleSection\":[\"Geral\"],\"inLanguage\":\"pt-BR\",\"copyrightYear\":\"2022\",\"copyrightHolder\":{\"@id\":\"https:\/\/agenciainfra.com\/blog\/#organization\"}},{\"@type\":\"WebPage\",\"@id\":\"https:\/\/agenciainfra.com\/blog\/reservatorios-cheios-e-sobreoferta-devem-derrubar-os-precos-no-mercado-livre-em-2023-dizem-especialistas\/\",\"url\":\"https:\/\/agenciainfra.com\/blog\/reservatorios-cheios-e-sobreoferta-devem-derrubar-os-precos-no-mercado-livre-em-2023-dizem-especialistas\/\",\"name\":\"Reservat\u00f3rios cheios e sobreoferta devem derrubar os pre\u00e7os no mercado livre em 2023, dizem especialistas - Ag\u00eancia iNFRA\",\"isPartOf\":{\"@id\":\"https:\/\/agenciainfra.com\/blog\/#website\"},\"primaryImageOfPage\":{\"@id\":\"https:\/\/agenciainfra.com\/blog\/reservatorios-cheios-e-sobreoferta-devem-derrubar-os-precos-no-mercado-livre-em-2023-dizem-especialistas\/#primaryimage\"},\"image\":{\"@id\":\"https:\/\/agenciainfra.com\/blog\/reservatorios-cheios-e-sobreoferta-devem-derrubar-os-precos-no-mercado-livre-em-2023-dizem-especialistas\/#primaryimage\"},\"thumbnailUrl\":\"https:\/\/agenciainfra.com\/blog\/wp-content\/uploads\/2021\/06\/hidreletrica-foto-cope-divulgacao-e1750264164468.png\",\"datePublished\":\"2022-12-13T13:00:00+00:00\",\"breadcrumb\":{\"@id\":\"https:\/\/agenciainfra.com\/blog\/reservatorios-cheios-e-sobreoferta-devem-derrubar-os-precos-no-mercado-livre-em-2023-dizem-especialistas\/#breadcrumb\"},\"inLanguage\":\"pt-BR\",\"potentialAction\":[{\"@type\":\"ReadAction\",\"target\":[\"https:\/\/agenciainfra.com\/blog\/reservatorios-cheios-e-sobreoferta-devem-derrubar-os-precos-no-mercado-livre-em-2023-dizem-especialistas\/\"]}]},{\"@type\":\"ImageObject\",\"inLanguage\":\"pt-BR\",\"@id\":\"https:\/\/agenciainfra.com\/blog\/reservatorios-cheios-e-sobreoferta-devem-derrubar-os-precos-no-mercado-livre-em-2023-dizem-especialistas\/#primaryimage\",\"url\":\"https:\/\/agenciainfra.com\/blog\/wp-content\/uploads\/2021\/06\/hidreletrica-foto-cope-divulgacao-e1750264164468.png\",\"contentUrl\":\"https:\/\/agenciainfra.com\/blog\/wp-content\/uploads\/2021\/06\/hidreletrica-foto-cope-divulgacao-e1750264164468.png\",\"width\":1280,\"height\":768,\"caption\":\"Foto: Cope\/Divulga\u00e7\u00e3o\"},{\"@type\":\"BreadcrumbList\",\"@id\":\"https:\/\/agenciainfra.com\/blog\/reservatorios-cheios-e-sobreoferta-devem-derrubar-os-precos-no-mercado-livre-em-2023-dizem-especialistas\/#breadcrumb\",\"itemListElement\":[{\"@type\":\"ListItem\",\"position\":1,\"name\":\"In\u00edcio\",\"item\":\"https:\/\/agenciainfra.com\/blog\/\"},{\"@type\":\"ListItem\",\"position\":2,\"name\":\"Reservat\u00f3rios cheios e sobreoferta devem derrubar os pre\u00e7os no mercado livre em 2023, dizem especialistas\"}]},{\"@type\":\"WebSite\",\"@id\":\"https:\/\/agenciainfra.com\/blog\/#website\",\"url\":\"https:\/\/agenciainfra.com\/blog\/\",\"name\":\"Ag\u00eancia iNFRA\",\"description\":\"Multiplataforma de informa\u00e7\u00e3o jornal\u00edstica refer\u00eancia na \u00e1rea de infraestrutura no Brasil!\",\"publisher\":{\"@id\":\"https:\/\/agenciainfra.com\/blog\/#organization\"},\"potentialAction\":[{\"@type\":\"SearchAction\",\"target\":{\"@type\":\"EntryPoint\",\"urlTemplate\":\"https:\/\/agenciainfra.com\/blog\/?s={search_term_string}\"},\"query-input\":{\"@type\":\"PropertyValueSpecification\",\"valueRequired\":true,\"valueName\":\"search_term_string\"}}],\"inLanguage\":\"pt-BR\"},{\"@type\":\"Organization\",\"@id\":\"https:\/\/agenciainfra.com\/blog\/#organization\",\"name\":\"Ag\u00eancia iNFRA\",\"url\":\"https:\/\/agenciainfra.com\/blog\/\",\"logo\":{\"@type\":\"ImageObject\",\"inLanguage\":\"pt-BR\",\"@id\":\"https:\/\/agenciainfra.com\/blog\/#\/schema\/logo\/image\/\",\"url\":\"https:\/\/agenciainfra.com\/blog\/wp-content\/uploads\/2023\/09\/iNFRA_5-e1761735885940.png\",\"contentUrl\":\"https:\/\/agenciainfra.com\/blog\/wp-content\/uploads\/2023\/09\/iNFRA_5-e1761735885940.png\",\"width\":1672,\"height\":454,\"caption\":\"Ag\u00eancia iNFRA\"},\"image\":{\"@id\":\"https:\/\/agenciainfra.com\/blog\/#\/schema\/logo\/image\/\"},\"sameAs\":[\"https:\/\/www.facebook.com\/ageninfra\",\"https:\/\/x.com\/agencia_infra\",\"https:\/\/www.linkedin.com\/company\/ag\u00eanciainfra\/\",\"https:\/\/www.instagram.com\/agenciainfra\/\"]},{\"@type\":\"Person\",\"@id\":\"https:\/\/agenciainfra.com\/blog\/#\/schema\/person\/34af08dff6adea4cb22b06612ba7acfa\",\"name\":\"Ag\u00eancia iNFRA\",\"image\":{\"@type\":\"ImageObject\",\"inLanguage\":\"pt-BR\",\"@id\":\"https:\/\/agenciainfra.com\/blog\/#\/schema\/person\/image\/\",\"url\":\"https:\/\/secure.gravatar.com\/avatar\/d189e01678f06d8eb84d4e01f08eb848b3fffe3f8443818d3c356c66892f5be8?s=96&d=mm&r=g\",\"contentUrl\":\"https:\/\/secure.gravatar.com\/avatar\/d189e01678f06d8eb84d4e01f08eb848b3fffe3f8443818d3c356c66892f5be8?s=96&d=mm&r=g\",\"caption\":\"Ag\u00eancia iNFRA\"},\"url\":\"https:\/\/agenciainfra.com\/blog\/author\/admin\/\"}]}<\/script>\n<!-- \/ Yoast SEO Premium plugin. -->","yoast_head_json":{"title":"Reservat\u00f3rios cheios e sobreoferta devem derrubar os pre\u00e7os no mercado livre em 2023, dizem especialistas - Ag\u00eancia iNFRA","robots":{"index":"index","follow":"follow","max-snippet":"max-snippet:-1","max-image-preview":"max-image-preview:large","max-video-preview":"max-video-preview:-1"},"canonical":"https:\/\/agenciainfra.com\/blog\/reservatorios-cheios-e-sobreoferta-devem-derrubar-os-precos-no-mercado-livre-em-2023-dizem-especialistas\/","og_locale":"pt_BR","og_type":"article","og_title":"Reservat\u00f3rios cheios e sobreoferta devem derrubar os pre\u00e7os no mercado livre em 2023, dizem especialistas","og_description":"Roberto Rockmann* Com previs\u00f5es do ONS (Operador Nacional do Sistema El\u00e9trico) de que a energia armazenada nos reservat\u00f3rios encerre o ano com patamares superiores a 50%, melhor n\u00edvel dos \u00faltimos onze anos, e chuvas acima da m\u00e9dia nesses dias que antecedem o ver\u00e3o, bancos e gestoras come\u00e7am a reduzir ainda mais os pre\u00e7os de 2023 [&hellip;]","og_url":"https:\/\/agenciainfra.com\/blog\/reservatorios-cheios-e-sobreoferta-devem-derrubar-os-precos-no-mercado-livre-em-2023-dizem-especialistas\/","og_site_name":"Ag\u00eancia iNFRA","article_publisher":"https:\/\/www.facebook.com\/ageninfra","article_published_time":"2022-12-13T13:00:00+00:00","og_image":[{"width":1280,"height":957,"url":"https:\/\/agenciainfra.com\/blog\/wp-content\/uploads\/2021\/06\/hidreletrica-foto-cope-divulgacao.png","type":"image\/png"}],"author":"Ag\u00eancia iNFRA","twitter_card":"summary_large_image","twitter_creator":"@agencia_infra","twitter_site":"@agencia_infra","twitter_misc":{"Escrito por":"Ag\u00eancia iNFRA","Est. tempo de leitura":"3 minutos"},"schema":{"@context":"https:\/\/schema.org","@graph":[{"@type":"Article","@id":"https:\/\/agenciainfra.com\/blog\/reservatorios-cheios-e-sobreoferta-devem-derrubar-os-precos-no-mercado-livre-em-2023-dizem-especialistas\/#article","isPartOf":{"@id":"https:\/\/agenciainfra.com\/blog\/reservatorios-cheios-e-sobreoferta-devem-derrubar-os-precos-no-mercado-livre-em-2023-dizem-especialistas\/"},"author":{"name":"Ag\u00eancia iNFRA","@id":"https:\/\/agenciainfra.com\/blog\/#\/schema\/person\/34af08dff6adea4cb22b06612ba7acfa"},"headline":"Reservat\u00f3rios cheios e sobreoferta devem derrubar os pre\u00e7os no mercado livre em 2023, dizem especialistas","datePublished":"2022-12-13T13:00:00+00:00","mainEntityOfPage":{"@id":"https:\/\/agenciainfra.com\/blog\/reservatorios-cheios-e-sobreoferta-devem-derrubar-os-precos-no-mercado-livre-em-2023-dizem-especialistas\/"},"wordCount":685,"publisher":{"@id":"https:\/\/agenciainfra.com\/blog\/#organization"},"image":{"@id":"https:\/\/agenciainfra.com\/blog\/reservatorios-cheios-e-sobreoferta-devem-derrubar-os-precos-no-mercado-livre-em-2023-dizem-especialistas\/#primaryimage"},"thumbnailUrl":"https:\/\/agenciainfra.com\/blog\/wp-content\/uploads\/2021\/06\/hidreletrica-foto-cope-divulgacao-e1750264164468.png","keywords":["gera\u00e7\u00e3o distribu\u00edda","Hidrel\u00e9tricas","Lei 14.182","mercado livre de energia","ONS","PL 2.703","PLD","t\u00e9rmicas"],"articleSection":["Geral"],"inLanguage":"pt-BR","copyrightYear":"2022","copyrightHolder":{"@id":"https:\/\/agenciainfra.com\/blog\/#organization"}},{"@type":"WebPage","@id":"https:\/\/agenciainfra.com\/blog\/reservatorios-cheios-e-sobreoferta-devem-derrubar-os-precos-no-mercado-livre-em-2023-dizem-especialistas\/","url":"https:\/\/agenciainfra.com\/blog\/reservatorios-cheios-e-sobreoferta-devem-derrubar-os-precos-no-mercado-livre-em-2023-dizem-especialistas\/","name":"Reservat\u00f3rios cheios e sobreoferta devem derrubar os pre\u00e7os no mercado livre em 2023, dizem especialistas - Ag\u00eancia iNFRA","isPartOf":{"@id":"https:\/\/agenciainfra.com\/blog\/#website"},"primaryImageOfPage":{"@id":"https:\/\/agenciainfra.com\/blog\/reservatorios-cheios-e-sobreoferta-devem-derrubar-os-precos-no-mercado-livre-em-2023-dizem-especialistas\/#primaryimage"},"image":{"@id":"https:\/\/agenciainfra.com\/blog\/reservatorios-cheios-e-sobreoferta-devem-derrubar-os-precos-no-mercado-livre-em-2023-dizem-especialistas\/#primaryimage"},"thumbnailUrl":"https:\/\/agenciainfra.com\/blog\/wp-content\/uploads\/2021\/06\/hidreletrica-foto-cope-divulgacao-e1750264164468.png","datePublished":"2022-12-13T13:00:00+00:00","breadcrumb":{"@id":"https:\/\/agenciainfra.com\/blog\/reservatorios-cheios-e-sobreoferta-devem-derrubar-os-precos-no-mercado-livre-em-2023-dizem-especialistas\/#breadcrumb"},"inLanguage":"pt-BR","potentialAction":[{"@type":"ReadAction","target":["https:\/\/agenciainfra.com\/blog\/reservatorios-cheios-e-sobreoferta-devem-derrubar-os-precos-no-mercado-livre-em-2023-dizem-especialistas\/"]}]},{"@type":"ImageObject","inLanguage":"pt-BR","@id":"https:\/\/agenciainfra.com\/blog\/reservatorios-cheios-e-sobreoferta-devem-derrubar-os-precos-no-mercado-livre-em-2023-dizem-especialistas\/#primaryimage","url":"https:\/\/agenciainfra.com\/blog\/wp-content\/uploads\/2021\/06\/hidreletrica-foto-cope-divulgacao-e1750264164468.png","contentUrl":"https:\/\/agenciainfra.com\/blog\/wp-content\/uploads\/2021\/06\/hidreletrica-foto-cope-divulgacao-e1750264164468.png","width":1280,"height":768,"caption":"Foto: Cope\/Divulga\u00e7\u00e3o"},{"@type":"BreadcrumbList","@id":"https:\/\/agenciainfra.com\/blog\/reservatorios-cheios-e-sobreoferta-devem-derrubar-os-precos-no-mercado-livre-em-2023-dizem-especialistas\/#breadcrumb","itemListElement":[{"@type":"ListItem","position":1,"name":"In\u00edcio","item":"https:\/\/agenciainfra.com\/blog\/"},{"@type":"ListItem","position":2,"name":"Reservat\u00f3rios cheios e sobreoferta devem derrubar os pre\u00e7os no mercado livre em 2023, dizem especialistas"}]},{"@type":"WebSite","@id":"https:\/\/agenciainfra.com\/blog\/#website","url":"https:\/\/agenciainfra.com\/blog\/","name":"Ag\u00eancia iNFRA","description":"Multiplataforma de informa\u00e7\u00e3o jornal\u00edstica refer\u00eancia na \u00e1rea de infraestrutura no Brasil!","publisher":{"@id":"https:\/\/agenciainfra.com\/blog\/#organization"},"potentialAction":[{"@type":"SearchAction","target":{"@type":"EntryPoint","urlTemplate":"https:\/\/agenciainfra.com\/blog\/?s={search_term_string}"},"query-input":{"@type":"PropertyValueSpecification","valueRequired":true,"valueName":"search_term_string"}}],"inLanguage":"pt-BR"},{"@type":"Organization","@id":"https:\/\/agenciainfra.com\/blog\/#organization","name":"Ag\u00eancia iNFRA","url":"https:\/\/agenciainfra.com\/blog\/","logo":{"@type":"ImageObject","inLanguage":"pt-BR","@id":"https:\/\/agenciainfra.com\/blog\/#\/schema\/logo\/image\/","url":"https:\/\/agenciainfra.com\/blog\/wp-content\/uploads\/2023\/09\/iNFRA_5-e1761735885940.png","contentUrl":"https:\/\/agenciainfra.com\/blog\/wp-content\/uploads\/2023\/09\/iNFRA_5-e1761735885940.png","width":1672,"height":454,"caption":"Ag\u00eancia iNFRA"},"image":{"@id":"https:\/\/agenciainfra.com\/blog\/#\/schema\/logo\/image\/"},"sameAs":["https:\/\/www.facebook.com\/ageninfra","https:\/\/x.com\/agencia_infra","https:\/\/www.linkedin.com\/company\/ag\u00eanciainfra\/","https:\/\/www.instagram.com\/agenciainfra\/"]},{"@type":"Person","@id":"https:\/\/agenciainfra.com\/blog\/#\/schema\/person\/34af08dff6adea4cb22b06612ba7acfa","name":"Ag\u00eancia iNFRA","image":{"@type":"ImageObject","inLanguage":"pt-BR","@id":"https:\/\/agenciainfra.com\/blog\/#\/schema\/person\/image\/","url":"https:\/\/secure.gravatar.com\/avatar\/d189e01678f06d8eb84d4e01f08eb848b3fffe3f8443818d3c356c66892f5be8?s=96&d=mm&r=g","contentUrl":"https:\/\/secure.gravatar.com\/avatar\/d189e01678f06d8eb84d4e01f08eb848b3fffe3f8443818d3c356c66892f5be8?s=96&d=mm&r=g","caption":"Ag\u00eancia iNFRA"},"url":"https:\/\/agenciainfra.com\/blog\/author\/admin\/"}]}},"_links":{"self":[{"href":"https:\/\/agenciainfra.com\/blog\/wp-json\/wp\/v2\/posts\/11848","targetHints":{"allow":["GET"]}}],"collection":[{"href":"https:\/\/agenciainfra.com\/blog\/wp-json\/wp\/v2\/posts"}],"about":[{"href":"https:\/\/agenciainfra.com\/blog\/wp-json\/wp\/v2\/types\/post"}],"author":[{"embeddable":true,"href":"https:\/\/agenciainfra.com\/blog\/wp-json\/wp\/v2\/users\/1"}],"replies":[{"embeddable":true,"href":"https:\/\/agenciainfra.com\/blog\/wp-json\/wp\/v2\/comments?post=11848"}],"version-history":[{"count":0,"href":"https:\/\/agenciainfra.com\/blog\/wp-json\/wp\/v2\/posts\/11848\/revisions"}],"wp:featuredmedia":[{"embeddable":true,"href":"https:\/\/agenciainfra.com\/blog\/wp-json\/wp\/v2\/media\/7459"}],"wp:attachment":[{"href":"https:\/\/agenciainfra.com\/blog\/wp-json\/wp\/v2\/media?parent=11848"}],"wp:term":[{"taxonomy":"category","embeddable":true,"href":"https:\/\/agenciainfra.com\/blog\/wp-json\/wp\/v2\/categories?post=11848"},{"taxonomy":"post_tag","embeddable":true,"href":"https:\/\/agenciainfra.com\/blog\/wp-json\/wp\/v2\/tags?post=11848"}],"curies":[{"name":"wp","href":"https:\/\/api.w.org\/{rel}","templated":true}]}}