{"id":11853,"date":"2022-12-14T10:00:00","date_gmt":"2022-12-14T13:00:00","guid":{"rendered":"https:\/\/www.agenciainfra.com\/blog\/?p=11853"},"modified":"2022-12-14T09:39:45","modified_gmt":"2022-12-14T12:39:45","slug":"politica-de-precos-de-combustiveis-entendendo-o-dilema","status":"publish","type":"post","link":"https:\/\/agenciainfra.com\/blog\/politica-de-precos-de-combustiveis-entendendo-o-dilema\/","title":{"rendered":"Pol\u00edtica de pre\u00e7os de combust\u00edveis: entendendo o dilema"},"content":{"rendered":"\n<p class=\"has-text-align-right\"><strong>Marcelo Ara\u00fajo*<\/strong><\/p>\n\n\n\n<p>Nos recentes meses, e em especial nestas semanas, muito tem se discutido se e como intervir na forma\u00e7\u00e3o de pre\u00e7os de combust\u00edveis. Compreensivelmente, a tenta\u00e7\u00e3o de interferir nos pre\u00e7os via Petrobras parece ser um ponto em comum em diferentes governos.<\/p>\n\n\n\n<p>A quest\u00e3o que se imp\u00f5e \u00e9 se o papel do Estado em momentos de grande volatilidade nos pre\u00e7os essenciais n\u00e3o deveria ser o de mitigar seus impactos, em vez de tentar controlar o incontrol\u00e1vel. Insiste-se em tratar o tema como um problema, como se poss\u00edvel fosse encontrar uma solu\u00e7\u00e3o plaus\u00edvel e aceit\u00e1vel em benef\u00edcio de todos. Mas ser\u00e1 que n\u00e3o estamos mesmo diante de um dilema? Se nada for feito, em ciclos de alta os pre\u00e7os sobem, pressionam a infla\u00e7\u00e3o, o que impacta o crescimento econ\u00f4mico. Por outro lado, toda e qualquer a\u00e7\u00e3o poss\u00edvel sempre vem acompanhada dos inevit\u00e1veis custos fiscais, que terminam por pressionar os juros ou depreciar o c\u00e2mbio, gerando infla\u00e7\u00e3o e, da mesma forma, impactando o crescimento econ\u00f4mico.<\/p>\n\n\n\n<p>Infla\u00e7\u00e3o e crescimento econ\u00f4mico s\u00e3o, por certo, temas politicamente muito sens\u00edveis pelo enorme impacto na vida das pessoas. Vivemos por d\u00e9cadas na cren\u00e7a do monop\u00f3lio e do controle de pre\u00e7os e, s\u00f3 para lembrarmos, nunca conseguimos controlar a infla\u00e7\u00e3o com interven\u00e7\u00e3o nos pre\u00e7os. At\u00e9 que em 1997, com a promulga\u00e7\u00e3o da Lei do Petr\u00f3leo n\u00b0 9.478, houve a flexibiliza\u00e7\u00e3o de setor em toda a cadeia produtiva: explora\u00e7\u00e3o, produ\u00e7\u00e3o, refino, transporte e com\u00e9rcio exterior. Seguiu-se um cont\u00ednuo processo de liberaliza\u00e7\u00e3o dos pre\u00e7os nas refinarias, nos postos revendedores, nos fretes e na mudan\u00e7a de tratamento do capital privado na ind\u00fastria petrol\u00edfera.<\/p>\n\n\n\n<p>Com a entrada em funcionamento desses poderosos mecanismos de mercado, o setor se modernizou e investiu fortemente. Naquele ano de 1997, coincidentemente, o Brasil celebrava a quebra da marca de 1 milh\u00e3o de barris\/dia (bpd) produzidos, mas era ainda importador. Em 2022, deveremos chegar a 3 milh\u00f5es de bpd e\u00a0atingir 5 milh\u00f5es nos pr\u00f3ximos anos, tornando-nos, provavelmente, o 5\u00ba maior exportador de petr\u00f3leo do mundo. Um sucesso estrondoso, com enorme riqueza criada para toda a sociedade.\u00a0<\/p>\n\n\n\n<p>N\u00e3o \u00e9 por outra raz\u00e3o que os agentes econ\u00f4micos sentem calafrios ao ouvir ideias sobre controle de pre\u00e7os. A simples conjectura j\u00e1 causou de antem\u00e3o um forte impacto no pre\u00e7o das a\u00e7\u00f5es da Petrobras e solu\u00e7os no mercado financeiro.\u00a0O pre\u00e7o dos combust\u00edveis tem mais componentes do que o pre\u00e7o do petr\u00f3leo, a grande maioria deles interna, como a taxa de c\u00e2mbio, o custo do refino, os custos log\u00edsticos, de distribui\u00e7\u00e3o e revenda por todo o pa\u00eds, os biocombust\u00edveis \u2013 estes por sua vez impactados por outras <em>commodities <\/em>como o \u00f3leo de soja no caso do biodiesel ou do a\u00e7\u00facar no caso etanol \u2013 e, por fim, o elevado valor e complexidade dos impostos. Mesmo na remota hip\u00f3tese de ser poss\u00edvel prever a volatilidade de todas essas vari\u00e1veis, certamente, controlar o pre\u00e7o na refinaria n\u00e3o ir\u00e1 resolver a equa\u00e7\u00e3o como pretendido.<\/p>\n\n\n\n<figure class=\"wp-block-image size-large\"><img fetchpriority=\"high\" decoding=\"async\" width=\"1024\" height=\"576\" src=\"https:\/\/agenciainfra.com\/blog\/wp-content\/uploads\/2022\/12\/arte-artigo-marcelo-araujo-1024x576.jpg\" alt=\"\" class=\"wp-image-11871\" srcset=\"https:\/\/agenciainfra.com\/blog\/wp-content\/uploads\/2022\/12\/arte-artigo-marcelo-araujo-1024x576.jpg 1024w, https:\/\/agenciainfra.com\/blog\/wp-content\/uploads\/2022\/12\/arte-artigo-marcelo-araujo-300x169.jpg 300w, https:\/\/agenciainfra.com\/blog\/wp-content\/uploads\/2022\/12\/arte-artigo-marcelo-araujo-768x432.jpg 768w, https:\/\/agenciainfra.com\/blog\/wp-content\/uploads\/2022\/12\/arte-artigo-marcelo-araujo-1536x864.jpg 1536w, https:\/\/agenciainfra.com\/blog\/wp-content\/uploads\/2022\/12\/arte-artigo-marcelo-araujo-1140x641.jpg 1140w, https:\/\/agenciainfra.com\/blog\/wp-content\/uploads\/2022\/12\/arte-artigo-marcelo-araujo-720x405.jpg 720w, https:\/\/agenciainfra.com\/blog\/wp-content\/uploads\/2022\/12\/arte-artigo-marcelo-araujo.jpg 1920w\" sizes=\"(max-width: 1024px) 100vw, 1024px\" \/><\/figure>\n\n\n\n<p>O tema n\u00e3o tem nada de novo e nenhuma das op\u00e7\u00f5es em discuss\u00e3o pode ser vista como inovadora. A maioria j\u00e1 foi tentada, sem sucesso. N\u00e3o vai longe o tempo em que a manuten\u00e7\u00e3o de pre\u00e7os artificialmente baixos na refinaria causou enorme preju\u00edzo n\u00e3o s\u00f3 \u00e0 Petrobras, mas \u00e0 toda a ind\u00fastria de combust\u00edveis e, em especial, a de biocombust\u00edveis como o etanol, que depende de pre\u00e7os competitivos com a gasolina. Multas milion\u00e1rias, processos internacionais, a\u00e7\u00f5es de repara\u00e7\u00e3o em curso at\u00e9 hoje na Justi\u00e7a e baixo investimento foram consequ\u00eancias das distor\u00e7\u00f5es criadas naquele momento e sentidas at\u00e9 os dias atuais.<\/p>\n\n\n\n<p>O problema tamb\u00e9m n\u00e3o \u00e9 s\u00f3 do Brasil. Mecanismos de absor\u00e7\u00e3o de volatilidade de pre\u00e7os de combust\u00edveis j\u00e1 foram tentados em mais de 40 pa\u00edses. Hoje temos dificuldade, em nossa pesquisa, em encontrar um ainda em opera\u00e7\u00e3o e todos definharam pela mesma raz\u00e3o: \u00e9 sempre f\u00e1cil reduzir as al\u00edquotas ou sacar de fundos quando os pre\u00e7os sobem, mas, ao contr\u00e1rio, \u00e9 gigantesca a dificuldade pol\u00edtica de se recompor os fundos ou elevar as taxas, pois isso significaria n\u00e3o deixar que os pre\u00e7os caiam na velocidade do mercado. Al\u00e9m disso, o que fazer quando os pre\u00e7os continuam a subir e os recursos dos fundos j\u00e1 se esgotaram ou as tarifas foram zeradas? A nossa Cide (Contribui\u00e7\u00e3o de Interven\u00e7\u00e3o no Dom\u00ednio Econ\u00f4mico), que existe at\u00e9 hoje, \u00e9 um \u00f3timo exemplo das limita\u00e7\u00f5es desses instrumentos.<\/p>\n\n\n\n<p>Mas a complexidade do tema n\u00e3o pode nos impedir de enxergar um caminho estruturante, pois ele existe: a constru\u00e7\u00e3o de um verdadeiro mercado livre de combust\u00edveis no Brasil. Mesmo sendo um dos maiores mercados de combust\u00edveis do mundo, hoje n\u00e3o conseguimos ter pre\u00e7os de refer\u00eancia local com liquidez di\u00e1ria, onde os agentes possam negociar livremente entre si, for\u00e7ando a competi\u00e7\u00e3o e efici\u00eancia em todo o sistema. Tal mercado para operar precisaria de algumas condi\u00e7\u00f5es fundamentais: multiplicidade de produtores, importadores, compradores e operadores financeiros, liberdade de contrata\u00e7\u00e3o f\u00edsica e financeira entre os agentes, simplifica\u00e7\u00e3o tribut\u00e1ria, previsibilidade regulat\u00f3ria e, finalmente, infraestrutura f\u00edsica para forma\u00e7\u00e3o de estoques, que dar\u00e1 liquidez ao sistema.<\/p>\n\n\n\n<p>A boa not\u00edcia \u00e9 que estamos indo nessa dire\u00e7\u00e3o: a Lei 13.874\/2019, entre outros pontos positivos, define os limites e os procedimentos para o Estado intervir no regramento dos mercados; o Termo de Compromisso de Cessa\u00e7\u00e3o assinado com o Cade (Conselho Administrativo de Defesa Econ\u00f4mica) para desinvestimento parcial do refino e log\u00edstica da Petrobras, reduzindo enfim o monop\u00f3lio de fato ainda existente; ou ainda, a Lei 192\/2022, que trouxe uma grande simplifica\u00e7\u00e3o tribut\u00e1ria, com um al\u00edquota \u00fanica e fixa por volume em todo o pa\u00eds, reduzindo a volatilidade e a sonega\u00e7\u00e3o.<\/p>\n\n\n\n<p>S\u00e3o todos poderosos avan\u00e7os para a atra\u00e7\u00e3o de investimentos e a forma\u00e7\u00e3o de um mercado brasileiro de combust\u00edveis que, se bem sucedido, vai nos permitir evoluir do atual modelo baseado no PPI (pre\u00e7o de paridade de importa\u00e7\u00e3o), que tanto se critica, para um verdadeiro pre\u00e7o de mercado brasileiro, levando em conta nossa realidade e os nossos custos. N\u00e3o \u00e9 \u00e0 toa que h\u00e1 consenso no G20 e faz parte das recomenda\u00e7\u00f5es da OCDE (Organiza\u00e7\u00e3o para a Coopera\u00e7\u00e3o e Desenvolvimento Econ\u00f4mico) o n\u00e3o controle ou subs\u00eddios aos pre\u00e7os de combust\u00edveis f\u00f3sseis.<\/p>\n\n\n\n<p>Um mercado eficiente vai resolver a volatilidade? N\u00e3o totalmente, \u00e9 claro. <em>Commodities<\/em> s\u00e3o, por defini\u00e7\u00e3o, c\u00edclicas e vol\u00e1teis. Teremos muito mais efici\u00eancia em todo o sistema, reduzindo estruturalmente os pre\u00e7os e maior capacidade para absorver volatilidades, mas, em casos extremos como o vivido recentemente pelo impacto da triste guerra na Ucr\u00e2nia, os pre\u00e7os ainda subiriam, e a\u00e7\u00f5es bem planejadas de pol\u00edticas p\u00fablicas para proteger as pessoas e setores mais afetados far\u00e3o toda a diferen\u00e7a.<\/p>\n\n\n\n<p>Podemos ficar tentando uma solu\u00e7\u00e3o improv\u00e1vel para controlar o incontrol\u00e1vel ou podemos entender o dilema e gerenci\u00e1-lo com efic\u00e1cia em prol da sociedade e do crescimento. A escolha \u00e9 nossa.<\/p>\n\n\n\n<h6 class=\"wp-block-heading\" id=\"block-f323f59b-51bf-4eed-b17b-3c7d3b917007\">*Marcelo Ara\u00fajo \u00e9 diretor-executivo corporativo e de Participa\u00e7\u00f5es do Grupo Ultra e presidente do conselho de administra\u00e7\u00e3o da Associa\u00e7\u00e3o Brasileira de Downstream do IBP (Instituto Brasileiro de Petr\u00f3leo e G\u00e1s).<\/h6>\n\n\n\n<h5 class=\"wp-block-heading\" id=\"block-5ef42db3-2ed1-4178-8ab5-7a7f312ba102\">As opini\u00f5es dos autores n\u00e3o refletem necessariamente o pensamento da Ag\u00eancia iNFRA, sendo de total responsabilidade do autor as informa\u00e7\u00f5es, ju\u00edzos de valor e conceitos descritos no texto.<\/h5>\n","protected":false},"excerpt":{"rendered":"<p>Marcelo Ara\u00fajo* Nos recentes meses, e em especial nestas semanas, muito tem se discutido se e como intervir na forma\u00e7\u00e3o de pre\u00e7os de combust\u00edveis. Compreensivelmente, a tenta\u00e7\u00e3o de interferir nos pre\u00e7os via Petrobras parece ser um ponto em comum em diferentes governos. A quest\u00e3o que se imp\u00f5e \u00e9 se o papel do Estado em momentos [&hellip;]<\/p>\n","protected":false},"author":1,"featured_media":11854,"comment_status":"closed","ping_status":"closed","sticky":false,"template":"","format":"standard","meta":{"_monsterinsights_skip_tracking":false,"_monsterinsights_sitenote_active":false,"_monsterinsights_sitenote_note":"","_monsterinsights_sitenote_category":0,"footnotes":""},"categories":[1],"tags":[2474,371,314,6185,2447,6186,3703,143,213,3369,36],"class_list":["post-11853","post","type-post","status-publish","format-standard","has-post-thumbnail","hentry","category-geral","tag-biocombustiveis","tag-cade","tag-combustiveis","tag-industria-petrolifera","tag-lei-13-874-2019","tag-lei-192-2022","tag-lei-do-petroleo","tag-petrobras","tag-petroleo","tag-politica-de-precos","tag-ppi"],"yoast_head":"<!-- This site is optimized with the Yoast SEO Premium plugin v25.4 (Yoast SEO v26.0) - https:\/\/yoast.com\/wordpress\/plugins\/seo\/ -->\n<title>Pol\u00edtica de pre\u00e7os de combust\u00edveis: entendendo o dilema - Ag\u00eancia iNFRA<\/title>\n<meta name=\"robots\" content=\"index, follow, max-snippet:-1, max-image-preview:large, max-video-preview:-1\" \/>\n<link rel=\"canonical\" href=\"https:\/\/agenciainfra.com\/blog\/politica-de-precos-de-combustiveis-entendendo-o-dilema\/\" \/>\n<meta property=\"og:locale\" content=\"pt_BR\" \/>\n<meta property=\"og:type\" content=\"article\" \/>\n<meta property=\"og:title\" content=\"Pol\u00edtica de pre\u00e7os de combust\u00edveis: entendendo o dilema\" \/>\n<meta property=\"og:description\" content=\"Marcelo Ara\u00fajo* Nos recentes meses, e em especial nestas semanas, muito tem se discutido se e como intervir na forma\u00e7\u00e3o de pre\u00e7os de combust\u00edveis. Compreensivelmente, a tenta\u00e7\u00e3o de interferir nos pre\u00e7os via Petrobras parece ser um ponto em comum em diferentes governos. A quest\u00e3o que se imp\u00f5e \u00e9 se o papel do Estado em momentos [&hellip;]\" \/>\n<meta property=\"og:url\" content=\"https:\/\/agenciainfra.com\/blog\/politica-de-precos-de-combustiveis-entendendo-o-dilema\/\" \/>\n<meta property=\"og:site_name\" content=\"Ag\u00eancia iNFRA\" \/>\n<meta property=\"article:publisher\" content=\"https:\/\/www.facebook.com\/ageninfra\" \/>\n<meta property=\"article:published_time\" content=\"2022-12-14T13:00:00+00:00\" \/>\n<meta property=\"og:image\" content=\"https:\/\/agenciainfra.com\/blog\/wp-content\/uploads\/2022\/12\/posto-de-gasolina-combustivel-foto-dominio-publico.jpeg\" \/>\n\t<meta property=\"og:image:width\" content=\"1280\" \/>\n\t<meta property=\"og:image:height\" content=\"850\" \/>\n\t<meta property=\"og:image:type\" content=\"image\/jpeg\" \/>\n<meta name=\"author\" content=\"Ag\u00eancia iNFRA\" \/>\n<meta name=\"twitter:card\" content=\"summary_large_image\" \/>\n<meta name=\"twitter:creator\" content=\"@agencia_infra\" \/>\n<meta name=\"twitter:site\" content=\"@agencia_infra\" \/>\n<meta name=\"twitter:label1\" content=\"Escrito por\" \/>\n\t<meta name=\"twitter:data1\" content=\"Ag\u00eancia iNFRA\" \/>\n\t<meta name=\"twitter:label2\" content=\"Est. tempo de leitura\" \/>\n\t<meta name=\"twitter:data2\" content=\"7 minutos\" \/>\n<script type=\"application\/ld+json\" class=\"yoast-schema-graph\">{\"@context\":\"https:\/\/schema.org\",\"@graph\":[{\"@type\":\"Article\",\"@id\":\"https:\/\/agenciainfra.com\/blog\/politica-de-precos-de-combustiveis-entendendo-o-dilema\/#article\",\"isPartOf\":{\"@id\":\"https:\/\/agenciainfra.com\/blog\/politica-de-precos-de-combustiveis-entendendo-o-dilema\/\"},\"author\":{\"name\":\"Ag\u00eancia iNFRA\",\"@id\":\"https:\/\/agenciainfra.com\/blog\/#\/schema\/person\/34af08dff6adea4cb22b06612ba7acfa\"},\"headline\":\"Pol\u00edtica de pre\u00e7os de combust\u00edveis: entendendo o dilema\",\"datePublished\":\"2022-12-14T13:00:00+00:00\",\"mainEntityOfPage\":{\"@id\":\"https:\/\/agenciainfra.com\/blog\/politica-de-precos-de-combustiveis-entendendo-o-dilema\/\"},\"wordCount\":1345,\"publisher\":{\"@id\":\"https:\/\/agenciainfra.com\/blog\/#organization\"},\"image\":{\"@id\":\"https:\/\/agenciainfra.com\/blog\/politica-de-precos-de-combustiveis-entendendo-o-dilema\/#primaryimage\"},\"thumbnailUrl\":\"https:\/\/agenciainfra.com\/blog\/wp-content\/uploads\/2022\/12\/posto-de-gasolina-combustivel-foto-dominio-publico.jpeg\",\"keywords\":[\"biocombust\u00edveis\",\"Cade\",\"combust\u00edveis\",\"ind\u00fastria petrol\u00edfera\",\"Lei 13.874\/2019\",\"Lei 192\/2022\",\"Lei do Petr\u00f3leo\",\"Petrobras\",\"petr\u00f3leo\",\"pol\u00edtica de pre\u00e7os\",\"PPI\"],\"articleSection\":[\"Geral\"],\"inLanguage\":\"pt-BR\",\"copyrightYear\":\"2022\",\"copyrightHolder\":{\"@id\":\"https:\/\/agenciainfra.com\/blog\/#organization\"}},{\"@type\":\"WebPage\",\"@id\":\"https:\/\/agenciainfra.com\/blog\/politica-de-precos-de-combustiveis-entendendo-o-dilema\/\",\"url\":\"https:\/\/agenciainfra.com\/blog\/politica-de-precos-de-combustiveis-entendendo-o-dilema\/\",\"name\":\"Pol\u00edtica de pre\u00e7os de combust\u00edveis: entendendo o dilema - Ag\u00eancia iNFRA\",\"isPartOf\":{\"@id\":\"https:\/\/agenciainfra.com\/blog\/#website\"},\"primaryImageOfPage\":{\"@id\":\"https:\/\/agenciainfra.com\/blog\/politica-de-precos-de-combustiveis-entendendo-o-dilema\/#primaryimage\"},\"image\":{\"@id\":\"https:\/\/agenciainfra.com\/blog\/politica-de-precos-de-combustiveis-entendendo-o-dilema\/#primaryimage\"},\"thumbnailUrl\":\"https:\/\/agenciainfra.com\/blog\/wp-content\/uploads\/2022\/12\/posto-de-gasolina-combustivel-foto-dominio-publico.jpeg\",\"datePublished\":\"2022-12-14T13:00:00+00:00\",\"breadcrumb\":{\"@id\":\"https:\/\/agenciainfra.com\/blog\/politica-de-precos-de-combustiveis-entendendo-o-dilema\/#breadcrumb\"},\"inLanguage\":\"pt-BR\",\"potentialAction\":[{\"@type\":\"ReadAction\",\"target\":[\"https:\/\/agenciainfra.com\/blog\/politica-de-precos-de-combustiveis-entendendo-o-dilema\/\"]}]},{\"@type\":\"ImageObject\",\"inLanguage\":\"pt-BR\",\"@id\":\"https:\/\/agenciainfra.com\/blog\/politica-de-precos-de-combustiveis-entendendo-o-dilema\/#primaryimage\",\"url\":\"https:\/\/agenciainfra.com\/blog\/wp-content\/uploads\/2022\/12\/posto-de-gasolina-combustivel-foto-dominio-publico.jpeg\",\"contentUrl\":\"https:\/\/agenciainfra.com\/blog\/wp-content\/uploads\/2022\/12\/posto-de-gasolina-combustivel-foto-dominio-publico.jpeg\",\"width\":1280,\"height\":850,\"caption\":\"Foto: Dom\u00ednio P\u00fablico\"},{\"@type\":\"BreadcrumbList\",\"@id\":\"https:\/\/agenciainfra.com\/blog\/politica-de-precos-de-combustiveis-entendendo-o-dilema\/#breadcrumb\",\"itemListElement\":[{\"@type\":\"ListItem\",\"position\":1,\"name\":\"In\u00edcio\",\"item\":\"https:\/\/agenciainfra.com\/blog\/\"},{\"@type\":\"ListItem\",\"position\":2,\"name\":\"Pol\u00edtica de pre\u00e7os de combust\u00edveis: entendendo o dilema\"}]},{\"@type\":\"WebSite\",\"@id\":\"https:\/\/agenciainfra.com\/blog\/#website\",\"url\":\"https:\/\/agenciainfra.com\/blog\/\",\"name\":\"Ag\u00eancia iNFRA\",\"description\":\"Multiplataforma de informa\u00e7\u00e3o jornal\u00edstica refer\u00eancia na \u00e1rea de infraestrutura no Brasil!\",\"publisher\":{\"@id\":\"https:\/\/agenciainfra.com\/blog\/#organization\"},\"potentialAction\":[{\"@type\":\"SearchAction\",\"target\":{\"@type\":\"EntryPoint\",\"urlTemplate\":\"https:\/\/agenciainfra.com\/blog\/?s={search_term_string}\"},\"query-input\":{\"@type\":\"PropertyValueSpecification\",\"valueRequired\":true,\"valueName\":\"search_term_string\"}}],\"inLanguage\":\"pt-BR\"},{\"@type\":\"Organization\",\"@id\":\"https:\/\/agenciainfra.com\/blog\/#organization\",\"name\":\"Ag\u00eancia iNFRA\",\"url\":\"https:\/\/agenciainfra.com\/blog\/\",\"logo\":{\"@type\":\"ImageObject\",\"inLanguage\":\"pt-BR\",\"@id\":\"https:\/\/agenciainfra.com\/blog\/#\/schema\/logo\/image\/\",\"url\":\"https:\/\/agenciainfra.com\/blog\/wp-content\/uploads\/2023\/09\/iNFRA_5-e1761735885940.png\",\"contentUrl\":\"https:\/\/agenciainfra.com\/blog\/wp-content\/uploads\/2023\/09\/iNFRA_5-e1761735885940.png\",\"width\":1672,\"height\":454,\"caption\":\"Ag\u00eancia iNFRA\"},\"image\":{\"@id\":\"https:\/\/agenciainfra.com\/blog\/#\/schema\/logo\/image\/\"},\"sameAs\":[\"https:\/\/www.facebook.com\/ageninfra\",\"https:\/\/x.com\/agencia_infra\",\"https:\/\/www.linkedin.com\/company\/ag\u00eanciainfra\/\",\"https:\/\/www.instagram.com\/agenciainfra\/\"]},{\"@type\":\"Person\",\"@id\":\"https:\/\/agenciainfra.com\/blog\/#\/schema\/person\/34af08dff6adea4cb22b06612ba7acfa\",\"name\":\"Ag\u00eancia iNFRA\",\"image\":{\"@type\":\"ImageObject\",\"inLanguage\":\"pt-BR\",\"@id\":\"https:\/\/agenciainfra.com\/blog\/#\/schema\/person\/image\/\",\"url\":\"https:\/\/secure.gravatar.com\/avatar\/d189e01678f06d8eb84d4e01f08eb848b3fffe3f8443818d3c356c66892f5be8?s=96&d=mm&r=g\",\"contentUrl\":\"https:\/\/secure.gravatar.com\/avatar\/d189e01678f06d8eb84d4e01f08eb848b3fffe3f8443818d3c356c66892f5be8?s=96&d=mm&r=g\",\"caption\":\"Ag\u00eancia iNFRA\"},\"url\":\"https:\/\/agenciainfra.com\/blog\/author\/admin\/\"}]}<\/script>\n<!-- \/ Yoast SEO Premium plugin. -->","yoast_head_json":{"title":"Pol\u00edtica de pre\u00e7os de combust\u00edveis: entendendo o dilema - Ag\u00eancia iNFRA","robots":{"index":"index","follow":"follow","max-snippet":"max-snippet:-1","max-image-preview":"max-image-preview:large","max-video-preview":"max-video-preview:-1"},"canonical":"https:\/\/agenciainfra.com\/blog\/politica-de-precos-de-combustiveis-entendendo-o-dilema\/","og_locale":"pt_BR","og_type":"article","og_title":"Pol\u00edtica de pre\u00e7os de combust\u00edveis: entendendo o dilema","og_description":"Marcelo Ara\u00fajo* Nos recentes meses, e em especial nestas semanas, muito tem se discutido se e como intervir na forma\u00e7\u00e3o de pre\u00e7os de combust\u00edveis. Compreensivelmente, a tenta\u00e7\u00e3o de interferir nos pre\u00e7os via Petrobras parece ser um ponto em comum em diferentes governos. A quest\u00e3o que se imp\u00f5e \u00e9 se o papel do Estado em momentos [&hellip;]","og_url":"https:\/\/agenciainfra.com\/blog\/politica-de-precos-de-combustiveis-entendendo-o-dilema\/","og_site_name":"Ag\u00eancia iNFRA","article_publisher":"https:\/\/www.facebook.com\/ageninfra","article_published_time":"2022-12-14T13:00:00+00:00","og_image":[{"width":1280,"height":850,"url":"https:\/\/agenciainfra.com\/blog\/wp-content\/uploads\/2022\/12\/posto-de-gasolina-combustivel-foto-dominio-publico.jpeg","type":"image\/jpeg"}],"author":"Ag\u00eancia iNFRA","twitter_card":"summary_large_image","twitter_creator":"@agencia_infra","twitter_site":"@agencia_infra","twitter_misc":{"Escrito por":"Ag\u00eancia iNFRA","Est. tempo de leitura":"7 minutos"},"schema":{"@context":"https:\/\/schema.org","@graph":[{"@type":"Article","@id":"https:\/\/agenciainfra.com\/blog\/politica-de-precos-de-combustiveis-entendendo-o-dilema\/#article","isPartOf":{"@id":"https:\/\/agenciainfra.com\/blog\/politica-de-precos-de-combustiveis-entendendo-o-dilema\/"},"author":{"name":"Ag\u00eancia iNFRA","@id":"https:\/\/agenciainfra.com\/blog\/#\/schema\/person\/34af08dff6adea4cb22b06612ba7acfa"},"headline":"Pol\u00edtica de pre\u00e7os de combust\u00edveis: entendendo o dilema","datePublished":"2022-12-14T13:00:00+00:00","mainEntityOfPage":{"@id":"https:\/\/agenciainfra.com\/blog\/politica-de-precos-de-combustiveis-entendendo-o-dilema\/"},"wordCount":1345,"publisher":{"@id":"https:\/\/agenciainfra.com\/blog\/#organization"},"image":{"@id":"https:\/\/agenciainfra.com\/blog\/politica-de-precos-de-combustiveis-entendendo-o-dilema\/#primaryimage"},"thumbnailUrl":"https:\/\/agenciainfra.com\/blog\/wp-content\/uploads\/2022\/12\/posto-de-gasolina-combustivel-foto-dominio-publico.jpeg","keywords":["biocombust\u00edveis","Cade","combust\u00edveis","ind\u00fastria petrol\u00edfera","Lei 13.874\/2019","Lei 192\/2022","Lei do Petr\u00f3leo","Petrobras","petr\u00f3leo","pol\u00edtica de pre\u00e7os","PPI"],"articleSection":["Geral"],"inLanguage":"pt-BR","copyrightYear":"2022","copyrightHolder":{"@id":"https:\/\/agenciainfra.com\/blog\/#organization"}},{"@type":"WebPage","@id":"https:\/\/agenciainfra.com\/blog\/politica-de-precos-de-combustiveis-entendendo-o-dilema\/","url":"https:\/\/agenciainfra.com\/blog\/politica-de-precos-de-combustiveis-entendendo-o-dilema\/","name":"Pol\u00edtica de pre\u00e7os de combust\u00edveis: entendendo o dilema - Ag\u00eancia iNFRA","isPartOf":{"@id":"https:\/\/agenciainfra.com\/blog\/#website"},"primaryImageOfPage":{"@id":"https:\/\/agenciainfra.com\/blog\/politica-de-precos-de-combustiveis-entendendo-o-dilema\/#primaryimage"},"image":{"@id":"https:\/\/agenciainfra.com\/blog\/politica-de-precos-de-combustiveis-entendendo-o-dilema\/#primaryimage"},"thumbnailUrl":"https:\/\/agenciainfra.com\/blog\/wp-content\/uploads\/2022\/12\/posto-de-gasolina-combustivel-foto-dominio-publico.jpeg","datePublished":"2022-12-14T13:00:00+00:00","breadcrumb":{"@id":"https:\/\/agenciainfra.com\/blog\/politica-de-precos-de-combustiveis-entendendo-o-dilema\/#breadcrumb"},"inLanguage":"pt-BR","potentialAction":[{"@type":"ReadAction","target":["https:\/\/agenciainfra.com\/blog\/politica-de-precos-de-combustiveis-entendendo-o-dilema\/"]}]},{"@type":"ImageObject","inLanguage":"pt-BR","@id":"https:\/\/agenciainfra.com\/blog\/politica-de-precos-de-combustiveis-entendendo-o-dilema\/#primaryimage","url":"https:\/\/agenciainfra.com\/blog\/wp-content\/uploads\/2022\/12\/posto-de-gasolina-combustivel-foto-dominio-publico.jpeg","contentUrl":"https:\/\/agenciainfra.com\/blog\/wp-content\/uploads\/2022\/12\/posto-de-gasolina-combustivel-foto-dominio-publico.jpeg","width":1280,"height":850,"caption":"Foto: Dom\u00ednio P\u00fablico"},{"@type":"BreadcrumbList","@id":"https:\/\/agenciainfra.com\/blog\/politica-de-precos-de-combustiveis-entendendo-o-dilema\/#breadcrumb","itemListElement":[{"@type":"ListItem","position":1,"name":"In\u00edcio","item":"https:\/\/agenciainfra.com\/blog\/"},{"@type":"ListItem","position":2,"name":"Pol\u00edtica de pre\u00e7os de combust\u00edveis: entendendo o dilema"}]},{"@type":"WebSite","@id":"https:\/\/agenciainfra.com\/blog\/#website","url":"https:\/\/agenciainfra.com\/blog\/","name":"Ag\u00eancia iNFRA","description":"Multiplataforma de informa\u00e7\u00e3o jornal\u00edstica refer\u00eancia na \u00e1rea de infraestrutura no Brasil!","publisher":{"@id":"https:\/\/agenciainfra.com\/blog\/#organization"},"potentialAction":[{"@type":"SearchAction","target":{"@type":"EntryPoint","urlTemplate":"https:\/\/agenciainfra.com\/blog\/?s={search_term_string}"},"query-input":{"@type":"PropertyValueSpecification","valueRequired":true,"valueName":"search_term_string"}}],"inLanguage":"pt-BR"},{"@type":"Organization","@id":"https:\/\/agenciainfra.com\/blog\/#organization","name":"Ag\u00eancia iNFRA","url":"https:\/\/agenciainfra.com\/blog\/","logo":{"@type":"ImageObject","inLanguage":"pt-BR","@id":"https:\/\/agenciainfra.com\/blog\/#\/schema\/logo\/image\/","url":"https:\/\/agenciainfra.com\/blog\/wp-content\/uploads\/2023\/09\/iNFRA_5-e1761735885940.png","contentUrl":"https:\/\/agenciainfra.com\/blog\/wp-content\/uploads\/2023\/09\/iNFRA_5-e1761735885940.png","width":1672,"height":454,"caption":"Ag\u00eancia iNFRA"},"image":{"@id":"https:\/\/agenciainfra.com\/blog\/#\/schema\/logo\/image\/"},"sameAs":["https:\/\/www.facebook.com\/ageninfra","https:\/\/x.com\/agencia_infra","https:\/\/www.linkedin.com\/company\/ag\u00eanciainfra\/","https:\/\/www.instagram.com\/agenciainfra\/"]},{"@type":"Person","@id":"https:\/\/agenciainfra.com\/blog\/#\/schema\/person\/34af08dff6adea4cb22b06612ba7acfa","name":"Ag\u00eancia iNFRA","image":{"@type":"ImageObject","inLanguage":"pt-BR","@id":"https:\/\/agenciainfra.com\/blog\/#\/schema\/person\/image\/","url":"https:\/\/secure.gravatar.com\/avatar\/d189e01678f06d8eb84d4e01f08eb848b3fffe3f8443818d3c356c66892f5be8?s=96&d=mm&r=g","contentUrl":"https:\/\/secure.gravatar.com\/avatar\/d189e01678f06d8eb84d4e01f08eb848b3fffe3f8443818d3c356c66892f5be8?s=96&d=mm&r=g","caption":"Ag\u00eancia iNFRA"},"url":"https:\/\/agenciainfra.com\/blog\/author\/admin\/"}]}},"_links":{"self":[{"href":"https:\/\/agenciainfra.com\/blog\/wp-json\/wp\/v2\/posts\/11853","targetHints":{"allow":["GET"]}}],"collection":[{"href":"https:\/\/agenciainfra.com\/blog\/wp-json\/wp\/v2\/posts"}],"about":[{"href":"https:\/\/agenciainfra.com\/blog\/wp-json\/wp\/v2\/types\/post"}],"author":[{"embeddable":true,"href":"https:\/\/agenciainfra.com\/blog\/wp-json\/wp\/v2\/users\/1"}],"replies":[{"embeddable":true,"href":"https:\/\/agenciainfra.com\/blog\/wp-json\/wp\/v2\/comments?post=11853"}],"version-history":[{"count":0,"href":"https:\/\/agenciainfra.com\/blog\/wp-json\/wp\/v2\/posts\/11853\/revisions"}],"wp:featuredmedia":[{"embeddable":true,"href":"https:\/\/agenciainfra.com\/blog\/wp-json\/wp\/v2\/media\/11854"}],"wp:attachment":[{"href":"https:\/\/agenciainfra.com\/blog\/wp-json\/wp\/v2\/media?parent=11853"}],"wp:term":[{"taxonomy":"category","embeddable":true,"href":"https:\/\/agenciainfra.com\/blog\/wp-json\/wp\/v2\/categories?post=11853"},{"taxonomy":"post_tag","embeddable":true,"href":"https:\/\/agenciainfra.com\/blog\/wp-json\/wp\/v2\/tags?post=11853"}],"curies":[{"name":"wp","href":"https:\/\/api.w.org\/{rel}","templated":true}]}}