{"id":11858,"date":"2022-12-13T14:00:00","date_gmt":"2022-12-13T17:00:00","guid":{"rendered":"https:\/\/www.agenciainfra.com\/blog\/?p=11858"},"modified":"2022-12-13T11:50:14","modified_gmt":"2022-12-13T14:50:14","slug":"moveinfra-uniao-com-a-alianca-pela-infraestrutura","status":"publish","type":"post","link":"https:\/\/agenciainfra.com\/blog\/moveinfra-uniao-com-a-alianca-pela-infraestrutura\/","title":{"rendered":"MoveInfra: Uni\u00e3o com a Alian\u00e7a pela Infraestrutura"},"content":{"rendered":"\n<p class=\"has-text-align-right\"><strong>da Ag\u00eancia iNFRA<\/strong><\/p>\n\n\n\n<p>No painel &#8220;Alian\u00e7a pela Infraestrutura: Perspectivas Setoriais&#8221;, durante o evento de lan\u00e7amento do MoveInfra, na \u00faltima quinta-feira (8), os participantes debateram os principais gargalos do setor de transportes e solu\u00e7\u00f5es para fomentar os modais, sempre alinhados \u00e0 intelig\u00eancia e converg\u00eancia de pautas.<\/p>\n\n\n\n<p><meta charset=\"utf-8\">A MoveInfra \u00e9 uma iniciativa de cinco grandes companhias de infraestrutura \u2013\u00a0CCR Rodovias, EcoRodovias, Rumo, Santos Brasil e Ultracargo \u2013, com projetos em diferentes setores, de se juntarem num movimento em prol da melhoria do ambiente de neg\u00f3cios no Brasil.<\/p>\n\n\n\n<p>A Alian\u00e7a pela Infraestrutura re\u00fane Melhores Rodovias do Brasil &#8211; ABCR (Associa\u00e7\u00e3o Brasileira das Concession\u00e1rias de Rodovias), ANTF (Associa\u00e7\u00e3o Nacional dos Transportadores Ferrovi\u00e1rios), ABTP (Associa\u00e7\u00e3o Brasileira dos Terminais Portu\u00e1rios) e ABR (Aeroportos do Brasil).<\/p>\n\n\n\n<p>Marco Aur\u00e9lio Barcelos, presidente da ABCR, explicou o que \u00e9 a Alian\u00e7a &#8220;\u00c9 um acordo de coopera\u00e7\u00e3o t\u00e9cnica entre as entidades [para]&nbsp;intercambiar informa\u00e7\u00f5es e de ter uma pauta comum&#8221;, declarou.<\/p>\n\n\n\n<p>Entre os temas que o pool vem tratando, est\u00e3o a seguran\u00e7a jur\u00eddica e a previsibilidade. &#8220;\u00c9 isso que desejamos de nossos reguladores&#8221;, disse Marco. Para ele, \u00e9 importante que os projetos rodovi\u00e1rios em andamento sejam continuados, como pol\u00edtica de estado e n\u00e3o com vi\u00e9s ideol\u00f3gico. &#8220;\u00c9 preciso avan\u00e7ar nas medidas necess\u00e1rias para que possamos gerar empregos no mais curto tempo poss\u00edvel&#8221;, declarou.<\/p>\n\n\n\n<p>As mudan\u00e7as implementadas no setor ferrovi\u00e1rio foram lembradas pelo diretor-executivo da ANTF, Fernando Paes. &#8220;Nunca se falou tanto em ferrovia. O modal ferrovi\u00e1rio, hoje, \u00e9 uma pol\u00edtica de Estado&#8221;, declarou. Com otimismo, Paes destacou as boas perspectivas do setor para o pr\u00f3ximo ano, apostando na manuten\u00e7\u00e3o dessa pol\u00edtica,\u00a0que envolve o programa de renova\u00e7\u00f5es antecipadas.\u00a0<\/p>\n\n\n\n<p>Como exemplo, Paes lembrou da renova\u00e7\u00e3o antecipada da Malha Paulista, que nos pr\u00f3ximos 30 anos investir\u00e1&nbsp;R$ 6 bilh\u00f5es em obras, trilhos, vag\u00f5es e locomotivas. Ele tamb\u00e9m lembrou da renova\u00e7\u00e3o das concess\u00f5es das ferrovias da Vale e da MRS.&nbsp;<\/p>\n\n\n\n<p>Para Jesualdo Silva, presidente da ABTP, apesar dos avan\u00e7os, os portos brasileiros ainda necessitam de melhorias, principalmente em rela\u00e7\u00e3o \u00e0 administra\u00e7\u00e3o. &#8220;O Brasil passa pelos portos. O agro escoa 100% da sua produ\u00e7\u00e3o em navios. Necessitamos de a\u00e7\u00f5es transversais, mas temos que observar, tamb\u00e9m, as peculiaridades de cada modal&#8221;, \u200b\u200bdeclarou.<\/p>\n\n\n\n<p>A queda do setor aerovi\u00e1rio por conta da pandemia foi destacada pelo presidente da ABR, F\u00e1bio Rog\u00e9rio Carvalho. Apesar da recupera\u00e7\u00e3o, o executivo lembra do gap que foi perdido em dois anos, aliado aos altos custos de insumo.<\/p>\n\n\n\n<p>&#8220;O Brasil precisa voltar a voar. Nosso modal encurta o tempo entre as dist\u00e2ncias, e, por meio da converg\u00eancia de pautas, vamos fazer com que nosso segmento seja uma op\u00e7\u00e3o vi\u00e1vel aos brasileiros. Nossos aeroportos est\u00e3o prontos&#8221;, declarou F\u00e1bio.<\/p>\n","protected":false},"excerpt":{"rendered":"<p>da Ag\u00eancia iNFRA No painel &#8220;Alian\u00e7a pela Infraestrutura: Perspectivas Setoriais&#8221;, durante o evento de lan\u00e7amento do MoveInfra, na \u00faltima quinta-feira (8), os participantes debateram os principais gargalos do setor de transportes e solu\u00e7\u00f5es para fomentar os modais, sempre alinhados \u00e0 intelig\u00eancia e converg\u00eancia de pautas. A MoveInfra \u00e9 uma iniciativa de cinco grandes companhias de [&hellip;]<\/p>\n","protected":false},"author":1,"featured_media":11859,"comment_status":"closed","ping_status":"closed","sticky":false,"template":"","format":"standard","meta":{"_monsterinsights_skip_tracking":false,"_monsterinsights_sitenote_active":false,"_monsterinsights_sitenote_note":"","_monsterinsights_sitenote_category":0,"footnotes":""},"categories":[1,2053],"tags":[613,207,3815,59,6178,1340,1370,2048,3506,1986,6141,80,1898,6135],"class_list":["post-11858","post","type-post","status-publish","format-standard","has-post-thumbnail","hentry","category-geral","category-infraliveventos","tag-abcr","tag-abtp","tag-alianca-pela-infraestrutura","tag-antf","tag-ccr-rodovias","tag-ecorodovias","tag-fabio-rogerio-carvalho","tag-fernando-paes","tag-jesualdo-silva","tag-marco-aurelio-barcelos","tag-moveinfra","tag-rumo","tag-santos-brasil","tag-ultracargo"],"yoast_head":"<!-- This site is optimized with the Yoast SEO Premium plugin v25.4 (Yoast SEO v26.0) - https:\/\/yoast.com\/wordpress\/plugins\/seo\/ -->\n<title>MoveInfra: Uni\u00e3o com a Alian\u00e7a pela Infraestrutura - Ag\u00eancia iNFRA<\/title>\n<meta name=\"robots\" content=\"index, follow, max-snippet:-1, max-image-preview:large, max-video-preview:-1\" \/>\n<link rel=\"canonical\" href=\"https:\/\/agenciainfra.com\/blog\/moveinfra-uniao-com-a-alianca-pela-infraestrutura\/\" \/>\n<meta property=\"og:locale\" content=\"pt_BR\" \/>\n<meta property=\"og:type\" content=\"article\" \/>\n<meta property=\"og:title\" content=\"MoveInfra: Uni\u00e3o com a Alian\u00e7a pela Infraestrutura\" \/>\n<meta property=\"og:description\" content=\"da Ag\u00eancia iNFRA No painel &#8220;Alian\u00e7a pela Infraestrutura: Perspectivas Setoriais&#8221;, durante o evento de lan\u00e7amento do MoveInfra, na \u00faltima quinta-feira (8), os participantes debateram os principais gargalos do setor de transportes e solu\u00e7\u00f5es para fomentar os modais, sempre alinhados \u00e0 intelig\u00eancia e converg\u00eancia de pautas. A MoveInfra \u00e9 uma iniciativa de cinco grandes companhias de [&hellip;]\" \/>\n<meta property=\"og:url\" content=\"https:\/\/agenciainfra.com\/blog\/moveinfra-uniao-com-a-alianca-pela-infraestrutura\/\" \/>\n<meta property=\"og:site_name\" content=\"Ag\u00eancia iNFRA\" \/>\n<meta property=\"article:publisher\" content=\"https:\/\/www.facebook.com\/ageninfra\" \/>\n<meta property=\"article:published_time\" content=\"2022-12-13T17:00:00+00:00\" \/>\n<meta property=\"og:image\" content=\"https:\/\/agenciainfra.com\/blog\/wp-content\/uploads\/2022\/12\/fabio-rogerio-carvalho-jesualdo-silva-fernando-paes-marco-aurelio-barcelos-natalia-marcassa-foto-percio-campos-agencia-infra.jpeg\" \/>\n\t<meta property=\"og:image:width\" content=\"1280\" \/>\n\t<meta property=\"og:image:height\" content=\"853\" \/>\n\t<meta property=\"og:image:type\" content=\"image\/jpeg\" \/>\n<meta name=\"author\" content=\"Ag\u00eancia iNFRA\" \/>\n<meta name=\"twitter:card\" content=\"summary_large_image\" \/>\n<meta name=\"twitter:creator\" content=\"@agencia_infra\" \/>\n<meta name=\"twitter:site\" content=\"@agencia_infra\" \/>\n<meta name=\"twitter:label1\" content=\"Escrito por\" \/>\n\t<meta name=\"twitter:data1\" content=\"Ag\u00eancia iNFRA\" \/>\n\t<meta name=\"twitter:label2\" content=\"Est. tempo de leitura\" \/>\n\t<meta name=\"twitter:data2\" content=\"2 minutos\" \/>\n<script type=\"application\/ld+json\" class=\"yoast-schema-graph\">{\"@context\":\"https:\/\/schema.org\",\"@graph\":[{\"@type\":\"Article\",\"@id\":\"https:\/\/agenciainfra.com\/blog\/moveinfra-uniao-com-a-alianca-pela-infraestrutura\/#article\",\"isPartOf\":{\"@id\":\"https:\/\/agenciainfra.com\/blog\/moveinfra-uniao-com-a-alianca-pela-infraestrutura\/\"},\"author\":{\"name\":\"Ag\u00eancia iNFRA\",\"@id\":\"https:\/\/agenciainfra.com\/blog\/#\/schema\/person\/34af08dff6adea4cb22b06612ba7acfa\"},\"headline\":\"MoveInfra: Uni\u00e3o com a Alian\u00e7a pela Infraestrutura\",\"datePublished\":\"2022-12-13T17:00:00+00:00\",\"mainEntityOfPage\":{\"@id\":\"https:\/\/agenciainfra.com\/blog\/moveinfra-uniao-com-a-alianca-pela-infraestrutura\/\"},\"wordCount\":493,\"publisher\":{\"@id\":\"https:\/\/agenciainfra.com\/blog\/#organization\"},\"image\":{\"@id\":\"https:\/\/agenciainfra.com\/blog\/moveinfra-uniao-com-a-alianca-pela-infraestrutura\/#primaryimage\"},\"thumbnailUrl\":\"https:\/\/agenciainfra.com\/blog\/wp-content\/uploads\/2022\/12\/fabio-rogerio-carvalho-jesualdo-silva-fernando-paes-marco-aurelio-barcelos-natalia-marcassa-foto-percio-campos-agencia-infra.jpeg\",\"keywords\":[\"abcr\",\"ABTP\",\"Alian\u00e7a pela Infraestrutura\",\"ANTF\",\"CCR Rodovias\",\"EcoRodovias\",\"F\u00e1bio Rog\u00e9rio Carvalho\",\"Fernando Paes\",\"Jesualdo Silva\",\"Marco Aur\u00e9lio Barcelos\",\"MoveInfra\",\"Rumo\",\"Santos Brasil\",\"Ultracargo\"],\"articleSection\":[\"Geral\",\"iNFRALive e Eventos\"],\"inLanguage\":\"pt-BR\",\"copyrightYear\":\"2022\",\"copyrightHolder\":{\"@id\":\"https:\/\/agenciainfra.com\/blog\/#organization\"}},{\"@type\":\"WebPage\",\"@id\":\"https:\/\/agenciainfra.com\/blog\/moveinfra-uniao-com-a-alianca-pela-infraestrutura\/\",\"url\":\"https:\/\/agenciainfra.com\/blog\/moveinfra-uniao-com-a-alianca-pela-infraestrutura\/\",\"name\":\"MoveInfra: Uni\u00e3o com a Alian\u00e7a pela Infraestrutura - Ag\u00eancia iNFRA\",\"isPartOf\":{\"@id\":\"https:\/\/agenciainfra.com\/blog\/#website\"},\"primaryImageOfPage\":{\"@id\":\"https:\/\/agenciainfra.com\/blog\/moveinfra-uniao-com-a-alianca-pela-infraestrutura\/#primaryimage\"},\"image\":{\"@id\":\"https:\/\/agenciainfra.com\/blog\/moveinfra-uniao-com-a-alianca-pela-infraestrutura\/#primaryimage\"},\"thumbnailUrl\":\"https:\/\/agenciainfra.com\/blog\/wp-content\/uploads\/2022\/12\/fabio-rogerio-carvalho-jesualdo-silva-fernando-paes-marco-aurelio-barcelos-natalia-marcassa-foto-percio-campos-agencia-infra.jpeg\",\"datePublished\":\"2022-12-13T17:00:00+00:00\",\"breadcrumb\":{\"@id\":\"https:\/\/agenciainfra.com\/blog\/moveinfra-uniao-com-a-alianca-pela-infraestrutura\/#breadcrumb\"},\"inLanguage\":\"pt-BR\",\"potentialAction\":[{\"@type\":\"ReadAction\",\"target\":[\"https:\/\/agenciainfra.com\/blog\/moveinfra-uniao-com-a-alianca-pela-infraestrutura\/\"]}]},{\"@type\":\"ImageObject\",\"inLanguage\":\"pt-BR\",\"@id\":\"https:\/\/agenciainfra.com\/blog\/moveinfra-uniao-com-a-alianca-pela-infraestrutura\/#primaryimage\",\"url\":\"https:\/\/agenciainfra.com\/blog\/wp-content\/uploads\/2022\/12\/fabio-rogerio-carvalho-jesualdo-silva-fernando-paes-marco-aurelio-barcelos-natalia-marcassa-foto-percio-campos-agencia-infra.jpeg\",\"contentUrl\":\"https:\/\/agenciainfra.com\/blog\/wp-content\/uploads\/2022\/12\/fabio-rogerio-carvalho-jesualdo-silva-fernando-paes-marco-aurelio-barcelos-natalia-marcassa-foto-percio-campos-agencia-infra.jpeg\",\"width\":1280,\"height\":853},{\"@type\":\"BreadcrumbList\",\"@id\":\"https:\/\/agenciainfra.com\/blog\/moveinfra-uniao-com-a-alianca-pela-infraestrutura\/#breadcrumb\",\"itemListElement\":[{\"@type\":\"ListItem\",\"position\":1,\"name\":\"In\u00edcio\",\"item\":\"https:\/\/agenciainfra.com\/blog\/\"},{\"@type\":\"ListItem\",\"position\":2,\"name\":\"MoveInfra: Uni\u00e3o com a Alian\u00e7a pela Infraestrutura\"}]},{\"@type\":\"WebSite\",\"@id\":\"https:\/\/agenciainfra.com\/blog\/#website\",\"url\":\"https:\/\/agenciainfra.com\/blog\/\",\"name\":\"Ag\u00eancia iNFRA\",\"description\":\"Multiplataforma de informa\u00e7\u00e3o jornal\u00edstica refer\u00eancia na \u00e1rea de infraestrutura no Brasil!\",\"publisher\":{\"@id\":\"https:\/\/agenciainfra.com\/blog\/#organization\"},\"potentialAction\":[{\"@type\":\"SearchAction\",\"target\":{\"@type\":\"EntryPoint\",\"urlTemplate\":\"https:\/\/agenciainfra.com\/blog\/?s={search_term_string}\"},\"query-input\":{\"@type\":\"PropertyValueSpecification\",\"valueRequired\":true,\"valueName\":\"search_term_string\"}}],\"inLanguage\":\"pt-BR\"},{\"@type\":\"Organization\",\"@id\":\"https:\/\/agenciainfra.com\/blog\/#organization\",\"name\":\"Ag\u00eancia iNFRA\",\"url\":\"https:\/\/agenciainfra.com\/blog\/\",\"logo\":{\"@type\":\"ImageObject\",\"inLanguage\":\"pt-BR\",\"@id\":\"https:\/\/agenciainfra.com\/blog\/#\/schema\/logo\/image\/\",\"url\":\"https:\/\/agenciainfra.com\/blog\/wp-content\/uploads\/2023\/09\/iNFRA_5-e1761735885940.png\",\"contentUrl\":\"https:\/\/agenciainfra.com\/blog\/wp-content\/uploads\/2023\/09\/iNFRA_5-e1761735885940.png\",\"width\":1672,\"height\":454,\"caption\":\"Ag\u00eancia iNFRA\"},\"image\":{\"@id\":\"https:\/\/agenciainfra.com\/blog\/#\/schema\/logo\/image\/\"},\"sameAs\":[\"https:\/\/www.facebook.com\/ageninfra\",\"https:\/\/x.com\/agencia_infra\",\"https:\/\/www.linkedin.com\/company\/ag\u00eanciainfra\/\",\"https:\/\/www.instagram.com\/agenciainfra\/\"]},{\"@type\":\"Person\",\"@id\":\"https:\/\/agenciainfra.com\/blog\/#\/schema\/person\/34af08dff6adea4cb22b06612ba7acfa\",\"name\":\"Ag\u00eancia iNFRA\",\"image\":{\"@type\":\"ImageObject\",\"inLanguage\":\"pt-BR\",\"@id\":\"https:\/\/agenciainfra.com\/blog\/#\/schema\/person\/image\/\",\"url\":\"https:\/\/secure.gravatar.com\/avatar\/d189e01678f06d8eb84d4e01f08eb848b3fffe3f8443818d3c356c66892f5be8?s=96&d=mm&r=g\",\"contentUrl\":\"https:\/\/secure.gravatar.com\/avatar\/d189e01678f06d8eb84d4e01f08eb848b3fffe3f8443818d3c356c66892f5be8?s=96&d=mm&r=g\",\"caption\":\"Ag\u00eancia iNFRA\"},\"url\":\"https:\/\/agenciainfra.com\/blog\/author\/admin\/\"}]}<\/script>\n<!-- \/ Yoast SEO Premium plugin. -->","yoast_head_json":{"title":"MoveInfra: Uni\u00e3o com a Alian\u00e7a pela Infraestrutura - Ag\u00eancia iNFRA","robots":{"index":"index","follow":"follow","max-snippet":"max-snippet:-1","max-image-preview":"max-image-preview:large","max-video-preview":"max-video-preview:-1"},"canonical":"https:\/\/agenciainfra.com\/blog\/moveinfra-uniao-com-a-alianca-pela-infraestrutura\/","og_locale":"pt_BR","og_type":"article","og_title":"MoveInfra: Uni\u00e3o com a Alian\u00e7a pela Infraestrutura","og_description":"da Ag\u00eancia iNFRA No painel &#8220;Alian\u00e7a pela Infraestrutura: Perspectivas Setoriais&#8221;, durante o evento de lan\u00e7amento do MoveInfra, na \u00faltima quinta-feira (8), os participantes debateram os principais gargalos do setor de transportes e solu\u00e7\u00f5es para fomentar os modais, sempre alinhados \u00e0 intelig\u00eancia e converg\u00eancia de pautas. A MoveInfra \u00e9 uma iniciativa de cinco grandes companhias de [&hellip;]","og_url":"https:\/\/agenciainfra.com\/blog\/moveinfra-uniao-com-a-alianca-pela-infraestrutura\/","og_site_name":"Ag\u00eancia iNFRA","article_publisher":"https:\/\/www.facebook.com\/ageninfra","article_published_time":"2022-12-13T17:00:00+00:00","og_image":[{"width":1280,"height":853,"url":"https:\/\/agenciainfra.com\/blog\/wp-content\/uploads\/2022\/12\/fabio-rogerio-carvalho-jesualdo-silva-fernando-paes-marco-aurelio-barcelos-natalia-marcassa-foto-percio-campos-agencia-infra.jpeg","type":"image\/jpeg"}],"author":"Ag\u00eancia iNFRA","twitter_card":"summary_large_image","twitter_creator":"@agencia_infra","twitter_site":"@agencia_infra","twitter_misc":{"Escrito por":"Ag\u00eancia iNFRA","Est. tempo de leitura":"2 minutos"},"schema":{"@context":"https:\/\/schema.org","@graph":[{"@type":"Article","@id":"https:\/\/agenciainfra.com\/blog\/moveinfra-uniao-com-a-alianca-pela-infraestrutura\/#article","isPartOf":{"@id":"https:\/\/agenciainfra.com\/blog\/moveinfra-uniao-com-a-alianca-pela-infraestrutura\/"},"author":{"name":"Ag\u00eancia iNFRA","@id":"https:\/\/agenciainfra.com\/blog\/#\/schema\/person\/34af08dff6adea4cb22b06612ba7acfa"},"headline":"MoveInfra: Uni\u00e3o com a Alian\u00e7a pela Infraestrutura","datePublished":"2022-12-13T17:00:00+00:00","mainEntityOfPage":{"@id":"https:\/\/agenciainfra.com\/blog\/moveinfra-uniao-com-a-alianca-pela-infraestrutura\/"},"wordCount":493,"publisher":{"@id":"https:\/\/agenciainfra.com\/blog\/#organization"},"image":{"@id":"https:\/\/agenciainfra.com\/blog\/moveinfra-uniao-com-a-alianca-pela-infraestrutura\/#primaryimage"},"thumbnailUrl":"https:\/\/agenciainfra.com\/blog\/wp-content\/uploads\/2022\/12\/fabio-rogerio-carvalho-jesualdo-silva-fernando-paes-marco-aurelio-barcelos-natalia-marcassa-foto-percio-campos-agencia-infra.jpeg","keywords":["abcr","ABTP","Alian\u00e7a pela Infraestrutura","ANTF","CCR Rodovias","EcoRodovias","F\u00e1bio Rog\u00e9rio Carvalho","Fernando Paes","Jesualdo Silva","Marco Aur\u00e9lio Barcelos","MoveInfra","Rumo","Santos Brasil","Ultracargo"],"articleSection":["Geral","iNFRALive e Eventos"],"inLanguage":"pt-BR","copyrightYear":"2022","copyrightHolder":{"@id":"https:\/\/agenciainfra.com\/blog\/#organization"}},{"@type":"WebPage","@id":"https:\/\/agenciainfra.com\/blog\/moveinfra-uniao-com-a-alianca-pela-infraestrutura\/","url":"https:\/\/agenciainfra.com\/blog\/moveinfra-uniao-com-a-alianca-pela-infraestrutura\/","name":"MoveInfra: Uni\u00e3o com a Alian\u00e7a pela Infraestrutura - Ag\u00eancia iNFRA","isPartOf":{"@id":"https:\/\/agenciainfra.com\/blog\/#website"},"primaryImageOfPage":{"@id":"https:\/\/agenciainfra.com\/blog\/moveinfra-uniao-com-a-alianca-pela-infraestrutura\/#primaryimage"},"image":{"@id":"https:\/\/agenciainfra.com\/blog\/moveinfra-uniao-com-a-alianca-pela-infraestrutura\/#primaryimage"},"thumbnailUrl":"https:\/\/agenciainfra.com\/blog\/wp-content\/uploads\/2022\/12\/fabio-rogerio-carvalho-jesualdo-silva-fernando-paes-marco-aurelio-barcelos-natalia-marcassa-foto-percio-campos-agencia-infra.jpeg","datePublished":"2022-12-13T17:00:00+00:00","breadcrumb":{"@id":"https:\/\/agenciainfra.com\/blog\/moveinfra-uniao-com-a-alianca-pela-infraestrutura\/#breadcrumb"},"inLanguage":"pt-BR","potentialAction":[{"@type":"ReadAction","target":["https:\/\/agenciainfra.com\/blog\/moveinfra-uniao-com-a-alianca-pela-infraestrutura\/"]}]},{"@type":"ImageObject","inLanguage":"pt-BR","@id":"https:\/\/agenciainfra.com\/blog\/moveinfra-uniao-com-a-alianca-pela-infraestrutura\/#primaryimage","url":"https:\/\/agenciainfra.com\/blog\/wp-content\/uploads\/2022\/12\/fabio-rogerio-carvalho-jesualdo-silva-fernando-paes-marco-aurelio-barcelos-natalia-marcassa-foto-percio-campos-agencia-infra.jpeg","contentUrl":"https:\/\/agenciainfra.com\/blog\/wp-content\/uploads\/2022\/12\/fabio-rogerio-carvalho-jesualdo-silva-fernando-paes-marco-aurelio-barcelos-natalia-marcassa-foto-percio-campos-agencia-infra.jpeg","width":1280,"height":853},{"@type":"BreadcrumbList","@id":"https:\/\/agenciainfra.com\/blog\/moveinfra-uniao-com-a-alianca-pela-infraestrutura\/#breadcrumb","itemListElement":[{"@type":"ListItem","position":1,"name":"In\u00edcio","item":"https:\/\/agenciainfra.com\/blog\/"},{"@type":"ListItem","position":2,"name":"MoveInfra: Uni\u00e3o com a Alian\u00e7a pela Infraestrutura"}]},{"@type":"WebSite","@id":"https:\/\/agenciainfra.com\/blog\/#website","url":"https:\/\/agenciainfra.com\/blog\/","name":"Ag\u00eancia iNFRA","description":"Multiplataforma de informa\u00e7\u00e3o jornal\u00edstica refer\u00eancia na \u00e1rea de infraestrutura no Brasil!","publisher":{"@id":"https:\/\/agenciainfra.com\/blog\/#organization"},"potentialAction":[{"@type":"SearchAction","target":{"@type":"EntryPoint","urlTemplate":"https:\/\/agenciainfra.com\/blog\/?s={search_term_string}"},"query-input":{"@type":"PropertyValueSpecification","valueRequired":true,"valueName":"search_term_string"}}],"inLanguage":"pt-BR"},{"@type":"Organization","@id":"https:\/\/agenciainfra.com\/blog\/#organization","name":"Ag\u00eancia iNFRA","url":"https:\/\/agenciainfra.com\/blog\/","logo":{"@type":"ImageObject","inLanguage":"pt-BR","@id":"https:\/\/agenciainfra.com\/blog\/#\/schema\/logo\/image\/","url":"https:\/\/agenciainfra.com\/blog\/wp-content\/uploads\/2023\/09\/iNFRA_5-e1761735885940.png","contentUrl":"https:\/\/agenciainfra.com\/blog\/wp-content\/uploads\/2023\/09\/iNFRA_5-e1761735885940.png","width":1672,"height":454,"caption":"Ag\u00eancia iNFRA"},"image":{"@id":"https:\/\/agenciainfra.com\/blog\/#\/schema\/logo\/image\/"},"sameAs":["https:\/\/www.facebook.com\/ageninfra","https:\/\/x.com\/agencia_infra","https:\/\/www.linkedin.com\/company\/ag\u00eanciainfra\/","https:\/\/www.instagram.com\/agenciainfra\/"]},{"@type":"Person","@id":"https:\/\/agenciainfra.com\/blog\/#\/schema\/person\/34af08dff6adea4cb22b06612ba7acfa","name":"Ag\u00eancia iNFRA","image":{"@type":"ImageObject","inLanguage":"pt-BR","@id":"https:\/\/agenciainfra.com\/blog\/#\/schema\/person\/image\/","url":"https:\/\/secure.gravatar.com\/avatar\/d189e01678f06d8eb84d4e01f08eb848b3fffe3f8443818d3c356c66892f5be8?s=96&d=mm&r=g","contentUrl":"https:\/\/secure.gravatar.com\/avatar\/d189e01678f06d8eb84d4e01f08eb848b3fffe3f8443818d3c356c66892f5be8?s=96&d=mm&r=g","caption":"Ag\u00eancia iNFRA"},"url":"https:\/\/agenciainfra.com\/blog\/author\/admin\/"}]}},"_links":{"self":[{"href":"https:\/\/agenciainfra.com\/blog\/wp-json\/wp\/v2\/posts\/11858","targetHints":{"allow":["GET"]}}],"collection":[{"href":"https:\/\/agenciainfra.com\/blog\/wp-json\/wp\/v2\/posts"}],"about":[{"href":"https:\/\/agenciainfra.com\/blog\/wp-json\/wp\/v2\/types\/post"}],"author":[{"embeddable":true,"href":"https:\/\/agenciainfra.com\/blog\/wp-json\/wp\/v2\/users\/1"}],"replies":[{"embeddable":true,"href":"https:\/\/agenciainfra.com\/blog\/wp-json\/wp\/v2\/comments?post=11858"}],"version-history":[{"count":0,"href":"https:\/\/agenciainfra.com\/blog\/wp-json\/wp\/v2\/posts\/11858\/revisions"}],"wp:featuredmedia":[{"embeddable":true,"href":"https:\/\/agenciainfra.com\/blog\/wp-json\/wp\/v2\/media\/11859"}],"wp:attachment":[{"href":"https:\/\/agenciainfra.com\/blog\/wp-json\/wp\/v2\/media?parent=11858"}],"wp:term":[{"taxonomy":"category","embeddable":true,"href":"https:\/\/agenciainfra.com\/blog\/wp-json\/wp\/v2\/categories?post=11858"},{"taxonomy":"post_tag","embeddable":true,"href":"https:\/\/agenciainfra.com\/blog\/wp-json\/wp\/v2\/tags?post=11858"}],"curies":[{"name":"wp","href":"https:\/\/api.w.org\/{rel}","templated":true}]}}